{"id":119732,"date":"2022-03-09T18:17:20","date_gmt":"2022-03-09T17:17:20","guid":{"rendered":"https:\/\/radioljubuski.ba\/?p=119732"},"modified":"2022-03-09T18:17:21","modified_gmt":"2022-03-09T17:17:21","slug":"clanovi-predsjednistva-bih-i-covic-narednog-tjedna-na-zasjedanju-afet-a","status":"publish","type":"post","link":"https:\/\/radioljubuski.ba\/index.php\/2022\/03\/09\/clanovi-predsjednistva-bih-i-covic-narednog-tjedna-na-zasjedanju-afet-a\/","title":{"rendered":"\u010clanovi Predsjedni\u0161tva BiH i \u010covi\u0107 narednog tjedna na zasjedanju AFET-a"},"content":{"rendered":"\n<p>Predsjedavaju\u0107i i \u010dlanovi Predsjedni\u0161tva Bosne i Hercegovine trebali bi u utorak, 15. o\u017eujka, prisustvovati sastanku Odbora za vanjske poslove Europskog parlamenta (AFET).<\/p>\n\n\n\n<p>Kako je predvi\u0111eno zvani\u010dnom agendom tog dvodnevnog sastanka, dio \u0107e biti posve\u0107en stanju u Bosni i Hercegovini, a na jednoj od sesija sudjeluju predsjedavaju\u0107i Predsjedni\u0161tva BiH \u017deljko Kom\u0161i\u0107 te \u010dlanovi \u0160efik D\u017eaferovi\u0107 i Milorad Dodik, iako jo\u0161 uvijek o tome nema slu\u017ebene potvrde iz Predsjedni\u0161tva BiH.<\/p>\n\n\n\n<p>Istoj sesiji trebao bi prisustvovati i lider Hrvatske demokratske zajednice (HDZ) i predsjedavaju\u0107i Doma naroda Parlamentarne skup\u0161tine Bosne i Hercegovine Dragan \u010covi\u0107.<\/p>\n\n\n\n<p>Dan prije, u ponedjeljak, 14. o\u017eujka, kada po\u010dinje sjednica, o situaciji u BiH \u010dlanovi odbora razgovarat \u0107e sa \u0161efom Delegacije Europske unije u BiH i specijalnim predstavnikom EU u BiH Johannom Sattlerom te s visokim predstavnikom me\u0111unarodne zajednice u BiH Christianom Schmidtom.<\/p>\n\n\n\n<p>Odborom za vanjske poslove Evropskog parlamenta predsjedava David McAllister koji je naglasio da u kontekstu sve brojnijih izazova, ali i prilika s kojima se suo\u010davaju izvan Europske unije, 79 \u010dlanova odbora doprinosi definiranju zajedni\u010dke vanjske i sigurnosne politike EU-a.<\/p>\n\n\n\n<p>Ovo tijelo prati provedbu te politike i nadzire potro\u0161nju sredstava Europske unije namijenjenih za vanjsko djelovanje u svijetu te nastoji osigurati da se sporazumima izme\u0111u EU-a i tre\u0107ih zemalja garantiraju demokratija, vladavina prava i ljudska prava.<\/p>\n\n\n\n<p>Na ju\u010dera\u0161njoj plenarnoj sjednici u Europskom parlamentu tako\u0111er se raspravljao o situaciji u BiH, a tijekom rasprave naglasak je stavljen na uvo\u0111enje sankcija protiv Dodika.<\/p>\n\n\n\n<p>Ve\u0107ina europskih parlamentaraca izrazila je podr\u0161ku za ubrzano \u010dlanstvo BiH u Europskoj uniji, a evropski komesar za pro\u0161irenje Oliver Varhelyi kazao je da od BiH o\u010dekuje reforme i ispunjenje 14 prioriteta iz Mi\u0161ljenja Euopske komisije o \u010dlanstvu u EU, dodaju\u0107i da je to jedino \u0161to mo\u017ee pribli\u017eiti BiH Europskoj uniji.<\/p>\n\n\n\n<p>Mnogi parlamentarci govorili su o Miloradu Dodiku i njegovom negativnom uticaju na trenutnu politi\u010dku situaciju te naglasili da rastu tenzije izme\u0111u Federacije BiH i Republike Srpske, a bilo i onih koji su kazali da je o\u010digledno da Dodik sura\u0111uje s Moskvom da bi destabilizirao BiH.<\/p>\n\n\n\n<p>Europska unija do sada nije uspjela da postigne konsenzus da uvede sankcije politi\u010darima u entitetu Republika Srpska koji kr\u0161e Dejtonski sporazum i ugro\u017eavaju funkcioniranje dr\u017eavnih institucija BiH.<\/p>\n\n\n\n<p>S druge strane, Sjedinjene Ameri\u010dke Dr\u017eave su 5. prosinca donijele pro\u0161irenu listu sankcija za djela korupcije, kojima je obuhva\u0107en i Milorad Dodik, \u010dlan Predsjedni\u0161tva BiH i lider Stranke nezavisnih socijaldemokrata (SNSD).<\/p>\n\n\n\n<p>Izvor:pogled.ba<\/p>\n","protected":false},"excerpt":{"rendered":"<p>Predsjedavaju\u0107i i \u010dlanovi Predsjedni\u0161tva Bosne i Hercegovine trebali bi u utorak, 15. o\u017eujka, prisustvovati sastanku Odbora za vanjske poslove Europskog parlamenta (AFET). Kako je predvi\u0111eno zvani\u010dnom agendom tog dvodnevnog sastanka, dio \u0107e biti posve\u0107en stanju u Bosni i Hercegovini, a na jednoj od sesija sudjeluju predsjedavaju\u0107i Predsjedni\u0161tva BiH \u017deljko Kom\u0161i\u0107 te \u010dlanovi \u0160efik D\u017eaferovi\u0107 i [&hellip;]<\/p>\n","protected":false},"author":2,"featured_media":119733,"comment_status":"closed","ping_status":"closed","sticky":false,"template":"","format":"standard","meta":{"h5ap_radio_sources":[],"footnotes":""},"categories":[1],"tags":[],"class_list":["post-119732","post","type-post","status-publish","format-standard","has-post-thumbnail","hentry","category-bihiregija"],"yoast_head":"<!-- This site is optimized with the Yoast SEO plugin v27.5 - https:\/\/yoast.com\/product\/yoast-seo-wordpress\/ -->\n<title>\u010clanovi Predsjedni\u0161tva BiH i \u010covi\u0107 narednog tjedna na zasjedanju AFET-a - RADIO LJUBU\u0160KI<\/title>\n<meta name=\"robots\" content=\"index, follow, max-snippet:-1, max-image-preview:large, max-video-preview:-1\" \/>\n<link rel=\"canonical\" href=\"https:\/\/radioljubuski.ba\/index.php\/2022\/03\/09\/clanovi-predsjednistva-bih-i-covic-narednog-tjedna-na-zasjedanju-afet-a\/\" \/>\n<meta property=\"og:locale\" content=\"hr_HR\" \/>\n<meta property=\"og:type\" content=\"article\" \/>\n<meta property=\"og:title\" content=\"\u010clanovi Predsjedni\u0161tva BiH i \u010covi\u0107 narednog tjedna na zasjedanju AFET-a - RADIO LJUBU\u0160KI\" \/>\n<meta property=\"og:description\" content=\"Predsjedavaju\u0107i i \u010dlanovi Predsjedni\u0161tva Bosne i Hercegovine trebali bi u utorak, 15. o\u017eujka, prisustvovati sastanku Odbora za vanjske poslove Europskog parlamenta (AFET). Kako je predvi\u0111eno zvani\u010dnom agendom tog dvodnevnog sastanka, dio \u0107e biti posve\u0107en stanju u Bosni i Hercegovini, a na jednoj od sesija sudjeluju predsjedavaju\u0107i Predsjedni\u0161tva BiH \u017deljko Kom\u0161i\u0107 te \u010dlanovi \u0160efik D\u017eaferovi\u0107 i [&hellip;]\" \/>\n<meta property=\"og:url\" content=\"https:\/\/radioljubuski.ba\/index.php\/2022\/03\/09\/clanovi-predsjednistva-bih-i-covic-narednog-tjedna-na-zasjedanju-afet-a\/\" \/>\n<meta property=\"og:site_name\" content=\"RADIO LJUBU\u0160KI\" \/>\n<meta property=\"article:publisher\" content=\"https:\/\/www.facebook.com\/Radiio-Ljubuski-1490835324566332\" \/>\n<meta property=\"article:published_time\" content=\"2022-03-09T17:17:20+00:00\" \/>\n<meta property=\"article:modified_time\" content=\"2022-03-09T17:17:21+00:00\" \/>\n<meta property=\"og:image\" content=\"https:\/\/radioljubuski.ba\/wp-content\/uploads\/2022\/03\/2-2022-03-09-15-23-33-l_b13ae3325434e46831207782661c16ab.jpg\" \/>\n\t<meta property=\"og:image:width\" content=\"1000\" \/>\n\t<meta property=\"og:image:height\" content=\"625\" \/>\n\t<meta property=\"og:image:type\" content=\"image\/jpeg\" \/>\n<meta name=\"author\" content=\"Radio Ljubu\u0161ki\" \/>\n<meta name=\"twitter:card\" content=\"summary_large_image\" \/>\n<meta name=\"twitter:creator\" content=\"@radioljubuski\" \/>\n<meta name=\"twitter:site\" content=\"@radioljubuski\" \/>\n<meta name=\"twitter:label1\" content=\"Napisao\/la\" \/>\n\t<meta name=\"twitter:data1\" content=\"Radio Ljubu\u0161ki\" \/>\n\t<meta name=\"twitter:label2\" content=\"Procijenjeno vrijeme \u010ditanja\" \/>\n\t<meta name=\"twitter:data2\" content=\"2 minute\" \/>\n<script type=\"application\/ld+json\" class=\"yoast-schema-graph\">{\"@context\":\"https:\\\/\\\/schema.org\",\"@graph\":[{\"@type\":\"Article\",\"@id\":\"https:\\\/\\\/radioljubuski.ba\\\/index.php\\\/2022\\\/03\\\/09\\\/clanovi-predsjednistva-bih-i-covic-narednog-tjedna-na-zasjedanju-afet-a\\\/#article\",\"isPartOf\":{\"@id\":\"https:\\\/\\\/radioljubuski.ba\\\/index.php\\\/2022\\\/03\\\/09\\\/clanovi-predsjednistva-bih-i-covic-narednog-tjedna-na-zasjedanju-afet-a\\\/\"},\"author\":{\"name\":\"Radio Ljubu\u0161ki\",\"@id\":\"https:\\\/\\\/radioljubuski.ba\\\/#\\\/schema\\\/person\\\/19fc700381a780f69665d7956c469e3b\"},\"headline\":\"\u010clanovi Predsjedni\u0161tva BiH i \u010covi\u0107 narednog tjedna na zasjedanju AFET-a\",\"datePublished\":\"2022-03-09T17:17:20+00:00\",\"dateModified\":\"2022-03-09T17:17:21+00:00\",\"mainEntityOfPage\":{\"@id\":\"https:\\\/\\\/radioljubuski.ba\\\/index.php\\\/2022\\\/03\\\/09\\\/clanovi-predsjednistva-bih-i-covic-narednog-tjedna-na-zasjedanju-afet-a\\\/\"},\"wordCount\":441,\"publisher\":{\"@id\":\"https:\\\/\\\/radioljubuski.ba\\\/#organization\"},\"image\":{\"@id\":\"https:\\\/\\\/radioljubuski.ba\\\/index.php\\\/2022\\\/03\\\/09\\\/clanovi-predsjednistva-bih-i-covic-narednog-tjedna-na-zasjedanju-afet-a\\\/#primaryimage\"},\"thumbnailUrl\":\"https:\\\/\\\/radioljubuski.ba\\\/wp-content\\\/uploads\\\/2022\\\/03\\\/2-2022-03-09-15-23-33-l_b13ae3325434e46831207782661c16ab.jpg\",\"articleSection\":[\"BIH i regija\"],\"inLanguage\":\"hr\"},{\"@type\":\"WebPage\",\"@id\":\"https:\\\/\\\/radioljubuski.ba\\\/index.php\\\/2022\\\/03\\\/09\\\/clanovi-predsjednistva-bih-i-covic-narednog-tjedna-na-zasjedanju-afet-a\\\/\",\"url\":\"https:\\\/\\\/radioljubuski.ba\\\/index.php\\\/2022\\\/03\\\/09\\\/clanovi-predsjednistva-bih-i-covic-narednog-tjedna-na-zasjedanju-afet-a\\\/\",\"name\":\"\u010clanovi Predsjedni\u0161tva BiH i \u010covi\u0107 narednog tjedna na zasjedanju AFET-a - RADIO LJUBU\u0160KI\",\"isPartOf\":{\"@id\":\"https:\\\/\\\/radioljubuski.ba\\\/#website\"},\"primaryImageOfPage\":{\"@id\":\"https:\\\/\\\/radioljubuski.ba\\\/index.php\\\/2022\\\/03\\\/09\\\/clanovi-predsjednistva-bih-i-covic-narednog-tjedna-na-zasjedanju-afet-a\\\/#primaryimage\"},\"image\":{\"@id\":\"https:\\\/\\\/radioljubuski.ba\\\/index.php\\\/2022\\\/03\\\/09\\\/clanovi-predsjednistva-bih-i-covic-narednog-tjedna-na-zasjedanju-afet-a\\\/#primaryimage\"},\"thumbnailUrl\":\"https:\\\/\\\/radioljubuski.ba\\\/wp-content\\\/uploads\\\/2022\\\/03\\\/2-2022-03-09-15-23-33-l_b13ae3325434e46831207782661c16ab.jpg\",\"datePublished\":\"2022-03-09T17:17:20+00:00\",\"dateModified\":\"2022-03-09T17:17:21+00:00\",\"breadcrumb\":{\"@id\":\"https:\\\/\\\/radioljubuski.ba\\\/index.php\\\/2022\\\/03\\\/09\\\/clanovi-predsjednistva-bih-i-covic-narednog-tjedna-na-zasjedanju-afet-a\\\/#breadcrumb\"},\"inLanguage\":\"hr\",\"potentialAction\":[{\"@type\":\"ReadAction\",\"target\":[\"https:\\\/\\\/radioljubuski.ba\\\/index.php\\\/2022\\\/03\\\/09\\\/clanovi-predsjednistva-bih-i-covic-narednog-tjedna-na-zasjedanju-afet-a\\\/\"]}]},{\"@type\":\"ImageObject\",\"inLanguage\":\"hr\",\"@id\":\"https:\\\/\\\/radioljubuski.ba\\\/index.php\\\/2022\\\/03\\\/09\\\/clanovi-predsjednistva-bih-i-covic-narednog-tjedna-na-zasjedanju-afet-a\\\/#primaryimage\",\"url\":\"https:\\\/\\\/radioljubuski.ba\\\/wp-content\\\/uploads\\\/2022\\\/03\\\/2-2022-03-09-15-23-33-l_b13ae3325434e46831207782661c16ab.jpg\",\"contentUrl\":\"https:\\\/\\\/radioljubuski.ba\\\/wp-content\\\/uploads\\\/2022\\\/03\\\/2-2022-03-09-15-23-33-l_b13ae3325434e46831207782661c16ab.jpg\",\"width\":1000,\"height\":625},{\"@type\":\"BreadcrumbList\",\"@id\":\"https:\\\/\\\/radioljubuski.ba\\\/index.php\\\/2022\\\/03\\\/09\\\/clanovi-predsjednistva-bih-i-covic-narednog-tjedna-na-zasjedanju-afet-a\\\/#breadcrumb\",\"itemListElement\":[{\"@type\":\"ListItem\",\"position\":1,\"name\":\"Po\u010detna stranica\",\"item\":\"https:\\\/\\\/radioljubuski.ba\\\/\"},{\"@type\":\"ListItem\",\"position\":2,\"name\":\"\u010clanovi Predsjedni\u0161tva BiH i \u010covi\u0107 narednog tjedna na zasjedanju AFET-a\"}]},{\"@type\":\"WebSite\",\"@id\":\"https:\\\/\\\/radioljubuski.ba\\\/#website\",\"url\":\"https:\\\/\\\/radioljubuski.ba\\\/\",\"name\":\"Radio Ljubu\u0161ki\",\"description\":\"Sun\u010dana frekvencija Hercegovine\",\"publisher\":{\"@id\":\"https:\\\/\\\/radioljubuski.ba\\\/#organization\"},\"potentialAction\":[{\"@type\":\"SearchAction\",\"target\":{\"@type\":\"EntryPoint\",\"urlTemplate\":\"https:\\\/\\\/radioljubuski.ba\\\/?s={search_term_string}\"},\"query-input\":{\"@type\":\"PropertyValueSpecification\",\"valueRequired\":true,\"valueName\":\"search_term_string\"}}],\"inLanguage\":\"hr\"},{\"@type\":\"Organization\",\"@id\":\"https:\\\/\\\/radioljubuski.ba\\\/#organization\",\"name\":\"Radio Ljubu\u0161ki\",\"url\":\"https:\\\/\\\/radioljubuski.ba\\\/\",\"logo\":{\"@type\":\"ImageObject\",\"inLanguage\":\"hr\",\"@id\":\"https:\\\/\\\/radioljubuski.ba\\\/#\\\/schema\\\/logo\\\/image\\\/\",\"url\":\"https:\\\/\\\/radioljubuski.ba\\\/wp-content\\\/uploads\\\/2021\\\/02\\\/cropped-Radio_Ljubuski_logo1.jpg\",\"contentUrl\":\"https:\\\/\\\/radioljubuski.ba\\\/wp-content\\\/uploads\\\/2021\\\/02\\\/cropped-Radio_Ljubuski_logo1.jpg\",\"width\":512,\"height\":512,\"caption\":\"Radio Ljubu\u0161ki\"},\"image\":{\"@id\":\"https:\\\/\\\/radioljubuski.ba\\\/#\\\/schema\\\/logo\\\/image\\\/\"},\"sameAs\":[\"https:\\\/\\\/www.facebook.com\\\/Radiio-Ljubuski-1490835324566332\",\"https:\\\/\\\/x.com\\\/radioljubuski\",\"https:\\\/\\\/hr.linkedin.com\\\/company\\\/radio-ljubuski\",\"https:\\\/\\\/www.youtube.com\\\/channel\\\/UCHYaeO_n0Db3tjNGudGpXyw\"]},{\"@type\":\"Person\",\"@id\":\"https:\\\/\\\/radioljubuski.ba\\\/#\\\/schema\\\/person\\\/19fc700381a780f69665d7956c469e3b\",\"name\":\"Radio Ljubu\u0161ki\"}]}<\/script>\n<!-- \/ Yoast SEO plugin. -->","yoast_head_json":{"title":"\u010clanovi Predsjedni\u0161tva BiH i \u010covi\u0107 narednog tjedna na zasjedanju AFET-a - RADIO LJUBU\u0160KI","robots":{"index":"index","follow":"follow","max-snippet":"max-snippet:-1","max-image-preview":"max-image-preview:large","max-video-preview":"max-video-preview:-1"},"canonical":"https:\/\/radioljubuski.ba\/index.php\/2022\/03\/09\/clanovi-predsjednistva-bih-i-covic-narednog-tjedna-na-zasjedanju-afet-a\/","og_locale":"hr_HR","og_type":"article","og_title":"\u010clanovi Predsjedni\u0161tva BiH i \u010covi\u0107 narednog tjedna na zasjedanju AFET-a - RADIO LJUBU\u0160KI","og_description":"Predsjedavaju\u0107i i \u010dlanovi Predsjedni\u0161tva Bosne i Hercegovine trebali bi u utorak, 15. o\u017eujka, prisustvovati sastanku Odbora za vanjske poslove Europskog parlamenta (AFET). Kako je predvi\u0111eno zvani\u010dnom agendom tog dvodnevnog sastanka, dio \u0107e biti posve\u0107en stanju u Bosni i Hercegovini, a na jednoj od sesija sudjeluju predsjedavaju\u0107i Predsjedni\u0161tva BiH \u017deljko Kom\u0161i\u0107 te \u010dlanovi \u0160efik D\u017eaferovi\u0107 i [&hellip;]","og_url":"https:\/\/radioljubuski.ba\/index.php\/2022\/03\/09\/clanovi-predsjednistva-bih-i-covic-narednog-tjedna-na-zasjedanju-afet-a\/","og_site_name":"RADIO LJUBU\u0160KI","article_publisher":"https:\/\/www.facebook.com\/Radiio-Ljubuski-1490835324566332","article_published_time":"2022-03-09T17:17:20+00:00","article_modified_time":"2022-03-09T17:17:21+00:00","og_image":[{"width":1000,"height":625,"url":"https:\/\/radioljubuski.ba\/wp-content\/uploads\/2022\/03\/2-2022-03-09-15-23-33-l_b13ae3325434e46831207782661c16ab.jpg","type":"image\/jpeg"}],"author":"Radio Ljubu\u0161ki","twitter_card":"summary_large_image","twitter_creator":"@radioljubuski","twitter_site":"@radioljubuski","twitter_misc":{"Napisao\/la":"Radio Ljubu\u0161ki","Procijenjeno vrijeme \u010ditanja":"2 minute"},"schema":{"@context":"https:\/\/schema.org","@graph":[{"@type":"Article","@id":"https:\/\/radioljubuski.ba\/index.php\/2022\/03\/09\/clanovi-predsjednistva-bih-i-covic-narednog-tjedna-na-zasjedanju-afet-a\/#article","isPartOf":{"@id":"https:\/\/radioljubuski.ba\/index.php\/2022\/03\/09\/clanovi-predsjednistva-bih-i-covic-narednog-tjedna-na-zasjedanju-afet-a\/"},"author":{"name":"Radio Ljubu\u0161ki","@id":"https:\/\/radioljubuski.ba\/#\/schema\/person\/19fc700381a780f69665d7956c469e3b"},"headline":"\u010clanovi Predsjedni\u0161tva BiH i \u010covi\u0107 narednog tjedna na zasjedanju AFET-a","datePublished":"2022-03-09T17:17:20+00:00","dateModified":"2022-03-09T17:17:21+00:00","mainEntityOfPage":{"@id":"https:\/\/radioljubuski.ba\/index.php\/2022\/03\/09\/clanovi-predsjednistva-bih-i-covic-narednog-tjedna-na-zasjedanju-afet-a\/"},"wordCount":441,"publisher":{"@id":"https:\/\/radioljubuski.ba\/#organization"},"image":{"@id":"https:\/\/radioljubuski.ba\/index.php\/2022\/03\/09\/clanovi-predsjednistva-bih-i-covic-narednog-tjedna-na-zasjedanju-afet-a\/#primaryimage"},"thumbnailUrl":"https:\/\/radioljubuski.ba\/wp-content\/uploads\/2022\/03\/2-2022-03-09-15-23-33-l_b13ae3325434e46831207782661c16ab.jpg","articleSection":["BIH i regija"],"inLanguage":"hr"},{"@type":"WebPage","@id":"https:\/\/radioljubuski.ba\/index.php\/2022\/03\/09\/clanovi-predsjednistva-bih-i-covic-narednog-tjedna-na-zasjedanju-afet-a\/","url":"https:\/\/radioljubuski.ba\/index.php\/2022\/03\/09\/clanovi-predsjednistva-bih-i-covic-narednog-tjedna-na-zasjedanju-afet-a\/","name":"\u010clanovi Predsjedni\u0161tva BiH i \u010covi\u0107 narednog tjedna na zasjedanju AFET-a - RADIO LJUBU\u0160KI","isPartOf":{"@id":"https:\/\/radioljubuski.ba\/#website"},"primaryImageOfPage":{"@id":"https:\/\/radioljubuski.ba\/index.php\/2022\/03\/09\/clanovi-predsjednistva-bih-i-covic-narednog-tjedna-na-zasjedanju-afet-a\/#primaryimage"},"image":{"@id":"https:\/\/radioljubuski.ba\/index.php\/2022\/03\/09\/clanovi-predsjednistva-bih-i-covic-narednog-tjedna-na-zasjedanju-afet-a\/#primaryimage"},"thumbnailUrl":"https:\/\/radioljubuski.ba\/wp-content\/uploads\/2022\/03\/2-2022-03-09-15-23-33-l_b13ae3325434e46831207782661c16ab.jpg","datePublished":"2022-03-09T17:17:20+00:00","dateModified":"2022-03-09T17:17:21+00:00","breadcrumb":{"@id":"https:\/\/radioljubuski.ba\/index.php\/2022\/03\/09\/clanovi-predsjednistva-bih-i-covic-narednog-tjedna-na-zasjedanju-afet-a\/#breadcrumb"},"inLanguage":"hr","potentialAction":[{"@type":"ReadAction","target":["https:\/\/radioljubuski.ba\/index.php\/2022\/03\/09\/clanovi-predsjednistva-bih-i-covic-narednog-tjedna-na-zasjedanju-afet-a\/"]}]},{"@type":"ImageObject","inLanguage":"hr","@id":"https:\/\/radioljubuski.ba\/index.php\/2022\/03\/09\/clanovi-predsjednistva-bih-i-covic-narednog-tjedna-na-zasjedanju-afet-a\/#primaryimage","url":"https:\/\/radioljubuski.ba\/wp-content\/uploads\/2022\/03\/2-2022-03-09-15-23-33-l_b13ae3325434e46831207782661c16ab.jpg","contentUrl":"https:\/\/radioljubuski.ba\/wp-content\/uploads\/2022\/03\/2-2022-03-09-15-23-33-l_b13ae3325434e46831207782661c16ab.jpg","width":1000,"height":625},{"@type":"BreadcrumbList","@id":"https:\/\/radioljubuski.ba\/index.php\/2022\/03\/09\/clanovi-predsjednistva-bih-i-covic-narednog-tjedna-na-zasjedanju-afet-a\/#breadcrumb","itemListElement":[{"@type":"ListItem","position":1,"name":"Po\u010detna stranica","item":"https:\/\/radioljubuski.ba\/"},{"@type":"ListItem","position":2,"name":"\u010clanovi Predsjedni\u0161tva BiH i \u010covi\u0107 narednog tjedna na zasjedanju AFET-a"}]},{"@type":"WebSite","@id":"https:\/\/radioljubuski.ba\/#website","url":"https:\/\/radioljubuski.ba\/","name":"Radio Ljubu\u0161ki","description":"Sun\u010dana frekvencija Hercegovine","publisher":{"@id":"https:\/\/radioljubuski.ba\/#organization"},"potentialAction":[{"@type":"SearchAction","target":{"@type":"EntryPoint","urlTemplate":"https:\/\/radioljubuski.ba\/?s={search_term_string}"},"query-input":{"@type":"PropertyValueSpecification","valueRequired":true,"valueName":"search_term_string"}}],"inLanguage":"hr"},{"@type":"Organization","@id":"https:\/\/radioljubuski.ba\/#organization","name":"Radio Ljubu\u0161ki","url":"https:\/\/radioljubuski.ba\/","logo":{"@type":"ImageObject","inLanguage":"hr","@id":"https:\/\/radioljubuski.ba\/#\/schema\/logo\/image\/","url":"https:\/\/radioljubuski.ba\/wp-content\/uploads\/2021\/02\/cropped-Radio_Ljubuski_logo1.jpg","contentUrl":"https:\/\/radioljubuski.ba\/wp-content\/uploads\/2021\/02\/cropped-Radio_Ljubuski_logo1.jpg","width":512,"height":512,"caption":"Radio Ljubu\u0161ki"},"image":{"@id":"https:\/\/radioljubuski.ba\/#\/schema\/logo\/image\/"},"sameAs":["https:\/\/www.facebook.com\/Radiio-Ljubuski-1490835324566332","https:\/\/x.com\/radioljubuski","https:\/\/hr.linkedin.com\/company\/radio-ljubuski","https:\/\/www.youtube.com\/channel\/UCHYaeO_n0Db3tjNGudGpXyw"]},{"@type":"Person","@id":"https:\/\/radioljubuski.ba\/#\/schema\/person\/19fc700381a780f69665d7956c469e3b","name":"Radio Ljubu\u0161ki"}]}},"_links":{"self":[{"href":"https:\/\/radioljubuski.ba\/index.php\/wp-json\/wp\/v2\/posts\/119732","targetHints":{"allow":["GET"]}}],"collection":[{"href":"https:\/\/radioljubuski.ba\/index.php\/wp-json\/wp\/v2\/posts"}],"about":[{"href":"https:\/\/radioljubuski.ba\/index.php\/wp-json\/wp\/v2\/types\/post"}],"author":[{"embeddable":true,"href":"https:\/\/radioljubuski.ba\/index.php\/wp-json\/wp\/v2\/users\/2"}],"replies":[{"embeddable":true,"href":"https:\/\/radioljubuski.ba\/index.php\/wp-json\/wp\/v2\/comments?post=119732"}],"version-history":[{"count":1,"href":"https:\/\/radioljubuski.ba\/index.php\/wp-json\/wp\/v2\/posts\/119732\/revisions"}],"predecessor-version":[{"id":119734,"href":"https:\/\/radioljubuski.ba\/index.php\/wp-json\/wp\/v2\/posts\/119732\/revisions\/119734"}],"wp:featuredmedia":[{"embeddable":true,"href":"https:\/\/radioljubuski.ba\/index.php\/wp-json\/wp\/v2\/media\/119733"}],"wp:attachment":[{"href":"https:\/\/radioljubuski.ba\/index.php\/wp-json\/wp\/v2\/media?parent=119732"}],"wp:term":[{"taxonomy":"category","embeddable":true,"href":"https:\/\/radioljubuski.ba\/index.php\/wp-json\/wp\/v2\/categories?post=119732"},{"taxonomy":"post_tag","embeddable":true,"href":"https:\/\/radioljubuski.ba\/index.php\/wp-json\/wp\/v2\/tags?post=119732"}],"curies":[{"name":"wp","href":"https:\/\/api.w.org\/{rel}","templated":true}]}}