{"id":119736,"date":"2022-03-09T18:51:07","date_gmt":"2022-03-09T17:51:07","guid":{"rendered":"https:\/\/radioljubuski.ba\/?p=119736"},"modified":"2022-03-09T18:52:15","modified_gmt":"2022-03-09T17:52:15","slug":"ovo-je-razlog-zasto-u-drzavnim-institucijama-nema-grijanja-svada-celnika-sluzbe-za-zajednicke-poslove-blokirala-cijeli-postupak","status":"publish","type":"post","link":"https:\/\/radioljubuski.ba\/index.php\/2022\/03\/09\/ovo-je-razlog-zasto-u-drzavnim-institucijama-nema-grijanja-svada-celnika-sluzbe-za-zajednicke-poslove-blokirala-cijeli-postupak\/","title":{"rendered":"Ovo je razlog za\u0161to u dr\u017eavnim institucijama nema grijanja: Sva\u0111a \u010delnika Slu\u017ebe za zajedni\u010dke poslove blokirala cijeli postupak"},"content":{"rendered":"\n<p>Sve dr\u017eavne institucije ostale su ju\u010der bez grijanja.<\/p>\n\n\n\n<p>Prema dopisu koji je objavio &#8220;Avaz&#8221; po\u010detkom tjedna, Slu\u017eba za zajedni\u010dke poslove BiH obavijestila je jo\u0161 4. o\u017eujka sve institucije smje\u0161tene u objektu Parlamentarne skup\u0161tine o prestanku rada sistema grijanja.<\/p>\n\n\n\n<p><strong>Odr\u017eali sastanak<\/strong><br>To se odnosi i na Vije\u0107e ministara i sva ministarstva. Bez grijanja ostaju i brojne slu\u017ebe i agencije.&nbsp;<\/p>\n\n\n\n<p>Naime, u dopisu se navodi da je odabrani ponu\u0111a\u010d za nabavku goriva za grijanje, koji je ponudio najpovoljniju cijenu, radi porasta nabavne cijene energenata na tr\u017ei\u0161tu, na kraju odustao od isporuke lo\u017e ulja.<\/p>\n\n\n\n<p>Me\u0111utim, dopis Slu\u017ebe za zajedni\u010dke poslove BiH koji je ju\u010der upu\u0107en Vije\u0107u ministara i Tajni\u0161tvu Vije\u0107a ministara otkriva \u0161ta je stvarni razlog za\u0161to je blokiran cijeli postupak odabira ponu\u0111a\u010da oko imenovanja \u010dlanova Komisije za javne nabavke, koja bi odlu\u010divala i o nabavci lo\u017e ulja.<\/p>\n\n\n\n<p>U dopisu je, koji je Vije\u0107u ministara poslao direktor Slu\u017ebe za zajedni\u010dke poslove BiH Dragan \u0160oji\u0107, navedeno je da je njegov zamjenik Dragan Slipac predlo\u017eio Jugoslava Julari\u0107a, aktuelnog \u0161efa Odsjeka za provo\u0111enje postupaka javnih nabavki za predsjednika Komisije.&nbsp;<\/p>\n\n\n\n<figure class=\"wp-block-image\"><img decoding=\"async\" src=\"https:\/\/storage.pogled.ba\/images\/df1b\/df39\/223567\/original\/2-2022-03-09-15-37-48-w873-(4).jpg\" alt=\"2-2022-03-09-15-37-48-w873-(4).jpg\"\/><\/figure>\n\n\n\n<p>Foto:Avaz<\/p>\n\n\n\n<p>Ali, kako je pojasnio, naknadno je utvr\u0111eno da je ovaj prijedlog suprotan Pravilniku o uspostavljaju i radu Komisije za javne nabavke, zbog \u010dega je tra\u017eeno drugo ime.<\/p>\n\n\n\n<p><strong>Nisu ga podr\u017eali<\/strong><br>\u0160oji\u0107 obavje\u0161tava Vije\u0107e ministara da je Slipac i pored toga bio apsolutno isklju\u010div i ultimativno naglasio da predsjednik Komisije mora biti Julari\u0107. No, kako njegov prijedlog nije podr\u017eao, osim \u0160oji\u0107a kao direktora i drugi zamjenik Selim Babi\u0107, on je demonstrativno napustio Kolegij i poru\u010dio da do daljnjeg ne\u0107e u\u010destvovati u radu.<\/p>\n\n\n\n<p>&nbsp; &#8211; Slu\u017eba za zajedni\u010dke poslove polako postaje talac odnosa prema poslu Slipca i Julari\u0107a \u0161to je posljedica ovakvog odnosa prema poslu trenuta situacija s lo\u017e uljem &#8211; navodi u dopisu \u0160oji\u0107, pi\u0161e&nbsp;<a href=\"https:\/\/avaz.ba\/vijesti\/bih\/724320\/ovo-je-razlog-zasto-u-drzavnim-institucijama-nema-grijanja-svada-celnika-sluzbe-za-zajednicke-poslove-blokirala-cijeli-postupak\">Avaz<\/a>.<\/p>\n\n\n\n<p>Izvor:avaz.ba<\/p>\n","protected":false},"excerpt":{"rendered":"<p>Sve dr\u017eavne institucije ostale su ju\u010der bez grijanja. Prema dopisu koji je objavio &#8220;Avaz&#8221; po\u010detkom tjedna, Slu\u017eba za zajedni\u010dke poslove BiH obavijestila je jo\u0161 4. o\u017eujka sve institucije smje\u0161tene u objektu Parlamentarne skup\u0161tine o prestanku rada sistema grijanja. Odr\u017eali sastanakTo se odnosi i na Vije\u0107e ministara i sva ministarstva. Bez grijanja ostaju i brojne slu\u017ebe [&hellip;]<\/p>\n","protected":false},"author":2,"featured_media":119737,"comment_status":"closed","ping_status":"closed","sticky":false,"template":"","format":"standard","meta":{"h5ap_radio_sources":[],"footnotes":""},"categories":[1],"tags":[],"class_list":["post-119736","post","type-post","status-publish","format-standard","has-post-thumbnail","hentry","category-bihiregija"],"yoast_head":"<!-- This site is optimized with the Yoast SEO plugin v27.5 - https:\/\/yoast.com\/product\/yoast-seo-wordpress\/ -->\n<title>Ovo je razlog za\u0161to u dr\u017eavnim institucijama nema grijanja: Sva\u0111a \u010delnika Slu\u017ebe za zajedni\u010dke poslove blokirala cijeli postupak - RADIO LJUBU\u0160KI<\/title>\n<meta name=\"robots\" content=\"index, follow, max-snippet:-1, max-image-preview:large, max-video-preview:-1\" \/>\n<link rel=\"canonical\" href=\"https:\/\/radioljubuski.ba\/index.php\/2022\/03\/09\/ovo-je-razlog-zasto-u-drzavnim-institucijama-nema-grijanja-svada-celnika-sluzbe-za-zajednicke-poslove-blokirala-cijeli-postupak\/\" \/>\n<meta property=\"og:locale\" content=\"hr_HR\" \/>\n<meta property=\"og:type\" content=\"article\" \/>\n<meta property=\"og:title\" content=\"Ovo je razlog za\u0161to u dr\u017eavnim institucijama nema grijanja: Sva\u0111a \u010delnika Slu\u017ebe za zajedni\u010dke poslove blokirala cijeli postupak - RADIO LJUBU\u0160KI\" \/>\n<meta property=\"og:description\" content=\"Sve dr\u017eavne institucije ostale su ju\u010der bez grijanja. Prema dopisu koji je objavio &#8220;Avaz&#8221; po\u010detkom tjedna, Slu\u017eba za zajedni\u010dke poslove BiH obavijestila je jo\u0161 4. o\u017eujka sve institucije smje\u0161tene u objektu Parlamentarne skup\u0161tine o prestanku rada sistema grijanja. Odr\u017eali sastanakTo se odnosi i na Vije\u0107e ministara i sva ministarstva. Bez grijanja ostaju i brojne slu\u017ebe [&hellip;]\" \/>\n<meta property=\"og:url\" content=\"https:\/\/radioljubuski.ba\/index.php\/2022\/03\/09\/ovo-je-razlog-zasto-u-drzavnim-institucijama-nema-grijanja-svada-celnika-sluzbe-za-zajednicke-poslove-blokirala-cijeli-postupak\/\" \/>\n<meta property=\"og:site_name\" content=\"RADIO LJUBU\u0160KI\" \/>\n<meta property=\"article:publisher\" content=\"https:\/\/www.facebook.com\/Radiio-Ljubuski-1490835324566332\" \/>\n<meta property=\"article:published_time\" content=\"2022-03-09T17:51:07+00:00\" \/>\n<meta property=\"article:modified_time\" content=\"2022-03-09T17:52:15+00:00\" \/>\n<meta property=\"og:image\" content=\"https:\/\/radioljubuski.ba\/wp-content\/uploads\/2022\/03\/2-2022-03-09-15-39-44-dopis.jpg\" \/>\n\t<meta property=\"og:image:width\" content=\"1000\" \/>\n\t<meta property=\"og:image:height\" content=\"625\" \/>\n\t<meta property=\"og:image:type\" content=\"image\/jpeg\" \/>\n<meta name=\"author\" content=\"Radio Ljubu\u0161ki\" \/>\n<meta name=\"twitter:card\" content=\"summary_large_image\" \/>\n<meta name=\"twitter:creator\" content=\"@radioljubuski\" \/>\n<meta name=\"twitter:site\" content=\"@radioljubuski\" \/>\n<meta name=\"twitter:label1\" content=\"Napisao\/la\" \/>\n\t<meta name=\"twitter:data1\" content=\"Radio Ljubu\u0161ki\" \/>\n\t<meta name=\"twitter:label2\" content=\"Procijenjeno vrijeme \u010ditanja\" \/>\n\t<meta name=\"twitter:data2\" content=\"2 minute\" \/>\n<script type=\"application\/ld+json\" class=\"yoast-schema-graph\">{\"@context\":\"https:\\\/\\\/schema.org\",\"@graph\":[{\"@type\":\"Article\",\"@id\":\"https:\\\/\\\/radioljubuski.ba\\\/index.php\\\/2022\\\/03\\\/09\\\/ovo-je-razlog-zasto-u-drzavnim-institucijama-nema-grijanja-svada-celnika-sluzbe-za-zajednicke-poslove-blokirala-cijeli-postupak\\\/#article\",\"isPartOf\":{\"@id\":\"https:\\\/\\\/radioljubuski.ba\\\/index.php\\\/2022\\\/03\\\/09\\\/ovo-je-razlog-zasto-u-drzavnim-institucijama-nema-grijanja-svada-celnika-sluzbe-za-zajednicke-poslove-blokirala-cijeli-postupak\\\/\"},\"author\":{\"name\":\"Radio Ljubu\u0161ki\",\"@id\":\"https:\\\/\\\/radioljubuski.ba\\\/#\\\/schema\\\/person\\\/19fc700381a780f69665d7956c469e3b\"},\"headline\":\"Ovo je razlog za\u0161to u dr\u017eavnim institucijama nema grijanja: Sva\u0111a \u010delnika Slu\u017ebe za zajedni\u010dke poslove blokirala cijeli postupak\",\"datePublished\":\"2022-03-09T17:51:07+00:00\",\"dateModified\":\"2022-03-09T17:52:15+00:00\",\"mainEntityOfPage\":{\"@id\":\"https:\\\/\\\/radioljubuski.ba\\\/index.php\\\/2022\\\/03\\\/09\\\/ovo-je-razlog-zasto-u-drzavnim-institucijama-nema-grijanja-svada-celnika-sluzbe-za-zajednicke-poslove-blokirala-cijeli-postupak\\\/\"},\"wordCount\":365,\"publisher\":{\"@id\":\"https:\\\/\\\/radioljubuski.ba\\\/#organization\"},\"image\":{\"@id\":\"https:\\\/\\\/radioljubuski.ba\\\/index.php\\\/2022\\\/03\\\/09\\\/ovo-je-razlog-zasto-u-drzavnim-institucijama-nema-grijanja-svada-celnika-sluzbe-za-zajednicke-poslove-blokirala-cijeli-postupak\\\/#primaryimage\"},\"thumbnailUrl\":\"https:\\\/\\\/radioljubuski.ba\\\/wp-content\\\/uploads\\\/2022\\\/03\\\/2-2022-03-09-15-39-44-dopis.jpg\",\"articleSection\":[\"BIH i regija\"],\"inLanguage\":\"hr\"},{\"@type\":\"WebPage\",\"@id\":\"https:\\\/\\\/radioljubuski.ba\\\/index.php\\\/2022\\\/03\\\/09\\\/ovo-je-razlog-zasto-u-drzavnim-institucijama-nema-grijanja-svada-celnika-sluzbe-za-zajednicke-poslove-blokirala-cijeli-postupak\\\/\",\"url\":\"https:\\\/\\\/radioljubuski.ba\\\/index.php\\\/2022\\\/03\\\/09\\\/ovo-je-razlog-zasto-u-drzavnim-institucijama-nema-grijanja-svada-celnika-sluzbe-za-zajednicke-poslove-blokirala-cijeli-postupak\\\/\",\"name\":\"Ovo je razlog za\u0161to u dr\u017eavnim institucijama nema grijanja: Sva\u0111a \u010delnika Slu\u017ebe za zajedni\u010dke poslove blokirala cijeli postupak - RADIO LJUBU\u0160KI\",\"isPartOf\":{\"@id\":\"https:\\\/\\\/radioljubuski.ba\\\/#website\"},\"primaryImageOfPage\":{\"@id\":\"https:\\\/\\\/radioljubuski.ba\\\/index.php\\\/2022\\\/03\\\/09\\\/ovo-je-razlog-zasto-u-drzavnim-institucijama-nema-grijanja-svada-celnika-sluzbe-za-zajednicke-poslove-blokirala-cijeli-postupak\\\/#primaryimage\"},\"image\":{\"@id\":\"https:\\\/\\\/radioljubuski.ba\\\/index.php\\\/2022\\\/03\\\/09\\\/ovo-je-razlog-zasto-u-drzavnim-institucijama-nema-grijanja-svada-celnika-sluzbe-za-zajednicke-poslove-blokirala-cijeli-postupak\\\/#primaryimage\"},\"thumbnailUrl\":\"https:\\\/\\\/radioljubuski.ba\\\/wp-content\\\/uploads\\\/2022\\\/03\\\/2-2022-03-09-15-39-44-dopis.jpg\",\"datePublished\":\"2022-03-09T17:51:07+00:00\",\"dateModified\":\"2022-03-09T17:52:15+00:00\",\"breadcrumb\":{\"@id\":\"https:\\\/\\\/radioljubuski.ba\\\/index.php\\\/2022\\\/03\\\/09\\\/ovo-je-razlog-zasto-u-drzavnim-institucijama-nema-grijanja-svada-celnika-sluzbe-za-zajednicke-poslove-blokirala-cijeli-postupak\\\/#breadcrumb\"},\"inLanguage\":\"hr\",\"potentialAction\":[{\"@type\":\"ReadAction\",\"target\":[\"https:\\\/\\\/radioljubuski.ba\\\/index.php\\\/2022\\\/03\\\/09\\\/ovo-je-razlog-zasto-u-drzavnim-institucijama-nema-grijanja-svada-celnika-sluzbe-za-zajednicke-poslove-blokirala-cijeli-postupak\\\/\"]}]},{\"@type\":\"ImageObject\",\"inLanguage\":\"hr\",\"@id\":\"https:\\\/\\\/radioljubuski.ba\\\/index.php\\\/2022\\\/03\\\/09\\\/ovo-je-razlog-zasto-u-drzavnim-institucijama-nema-grijanja-svada-celnika-sluzbe-za-zajednicke-poslove-blokirala-cijeli-postupak\\\/#primaryimage\",\"url\":\"https:\\\/\\\/radioljubuski.ba\\\/wp-content\\\/uploads\\\/2022\\\/03\\\/2-2022-03-09-15-39-44-dopis.jpg\",\"contentUrl\":\"https:\\\/\\\/radioljubuski.ba\\\/wp-content\\\/uploads\\\/2022\\\/03\\\/2-2022-03-09-15-39-44-dopis.jpg\",\"width\":1000,\"height\":625},{\"@type\":\"BreadcrumbList\",\"@id\":\"https:\\\/\\\/radioljubuski.ba\\\/index.php\\\/2022\\\/03\\\/09\\\/ovo-je-razlog-zasto-u-drzavnim-institucijama-nema-grijanja-svada-celnika-sluzbe-za-zajednicke-poslove-blokirala-cijeli-postupak\\\/#breadcrumb\",\"itemListElement\":[{\"@type\":\"ListItem\",\"position\":1,\"name\":\"Po\u010detna stranica\",\"item\":\"https:\\\/\\\/radioljubuski.ba\\\/\"},{\"@type\":\"ListItem\",\"position\":2,\"name\":\"Ovo je razlog za\u0161to u dr\u017eavnim institucijama nema grijanja: Sva\u0111a \u010delnika Slu\u017ebe za zajedni\u010dke poslove blokirala cijeli postupak\"}]},{\"@type\":\"WebSite\",\"@id\":\"https:\\\/\\\/radioljubuski.ba\\\/#website\",\"url\":\"https:\\\/\\\/radioljubuski.ba\\\/\",\"name\":\"Radio Ljubu\u0161ki\",\"description\":\"Sun\u010dana frekvencija Hercegovine\",\"publisher\":{\"@id\":\"https:\\\/\\\/radioljubuski.ba\\\/#organization\"},\"potentialAction\":[{\"@type\":\"SearchAction\",\"target\":{\"@type\":\"EntryPoint\",\"urlTemplate\":\"https:\\\/\\\/radioljubuski.ba\\\/?s={search_term_string}\"},\"query-input\":{\"@type\":\"PropertyValueSpecification\",\"valueRequired\":true,\"valueName\":\"search_term_string\"}}],\"inLanguage\":\"hr\"},{\"@type\":\"Organization\",\"@id\":\"https:\\\/\\\/radioljubuski.ba\\\/#organization\",\"name\":\"Radio Ljubu\u0161ki\",\"url\":\"https:\\\/\\\/radioljubuski.ba\\\/\",\"logo\":{\"@type\":\"ImageObject\",\"inLanguage\":\"hr\",\"@id\":\"https:\\\/\\\/radioljubuski.ba\\\/#\\\/schema\\\/logo\\\/image\\\/\",\"url\":\"https:\\\/\\\/radioljubuski.ba\\\/wp-content\\\/uploads\\\/2021\\\/02\\\/cropped-Radio_Ljubuski_logo1.jpg\",\"contentUrl\":\"https:\\\/\\\/radioljubuski.ba\\\/wp-content\\\/uploads\\\/2021\\\/02\\\/cropped-Radio_Ljubuski_logo1.jpg\",\"width\":512,\"height\":512,\"caption\":\"Radio Ljubu\u0161ki\"},\"image\":{\"@id\":\"https:\\\/\\\/radioljubuski.ba\\\/#\\\/schema\\\/logo\\\/image\\\/\"},\"sameAs\":[\"https:\\\/\\\/www.facebook.com\\\/Radiio-Ljubuski-1490835324566332\",\"https:\\\/\\\/x.com\\\/radioljubuski\",\"https:\\\/\\\/hr.linkedin.com\\\/company\\\/radio-ljubuski\",\"https:\\\/\\\/www.youtube.com\\\/channel\\\/UCHYaeO_n0Db3tjNGudGpXyw\"]},{\"@type\":\"Person\",\"@id\":\"https:\\\/\\\/radioljubuski.ba\\\/#\\\/schema\\\/person\\\/19fc700381a780f69665d7956c469e3b\",\"name\":\"Radio Ljubu\u0161ki\"}]}<\/script>\n<!-- \/ Yoast SEO plugin. -->","yoast_head_json":{"title":"Ovo je razlog za\u0161to u dr\u017eavnim institucijama nema grijanja: Sva\u0111a \u010delnika Slu\u017ebe za zajedni\u010dke poslove blokirala cijeli postupak - RADIO LJUBU\u0160KI","robots":{"index":"index","follow":"follow","max-snippet":"max-snippet:-1","max-image-preview":"max-image-preview:large","max-video-preview":"max-video-preview:-1"},"canonical":"https:\/\/radioljubuski.ba\/index.php\/2022\/03\/09\/ovo-je-razlog-zasto-u-drzavnim-institucijama-nema-grijanja-svada-celnika-sluzbe-za-zajednicke-poslove-blokirala-cijeli-postupak\/","og_locale":"hr_HR","og_type":"article","og_title":"Ovo je razlog za\u0161to u dr\u017eavnim institucijama nema grijanja: Sva\u0111a \u010delnika Slu\u017ebe za zajedni\u010dke poslove blokirala cijeli postupak - RADIO LJUBU\u0160KI","og_description":"Sve dr\u017eavne institucije ostale su ju\u010der bez grijanja. Prema dopisu koji je objavio &#8220;Avaz&#8221; po\u010detkom tjedna, Slu\u017eba za zajedni\u010dke poslove BiH obavijestila je jo\u0161 4. o\u017eujka sve institucije smje\u0161tene u objektu Parlamentarne skup\u0161tine o prestanku rada sistema grijanja. Odr\u017eali sastanakTo se odnosi i na Vije\u0107e ministara i sva ministarstva. Bez grijanja ostaju i brojne slu\u017ebe [&hellip;]","og_url":"https:\/\/radioljubuski.ba\/index.php\/2022\/03\/09\/ovo-je-razlog-zasto-u-drzavnim-institucijama-nema-grijanja-svada-celnika-sluzbe-za-zajednicke-poslove-blokirala-cijeli-postupak\/","og_site_name":"RADIO LJUBU\u0160KI","article_publisher":"https:\/\/www.facebook.com\/Radiio-Ljubuski-1490835324566332","article_published_time":"2022-03-09T17:51:07+00:00","article_modified_time":"2022-03-09T17:52:15+00:00","og_image":[{"width":1000,"height":625,"url":"https:\/\/radioljubuski.ba\/wp-content\/uploads\/2022\/03\/2-2022-03-09-15-39-44-dopis.jpg","type":"image\/jpeg"}],"author":"Radio Ljubu\u0161ki","twitter_card":"summary_large_image","twitter_creator":"@radioljubuski","twitter_site":"@radioljubuski","twitter_misc":{"Napisao\/la":"Radio Ljubu\u0161ki","Procijenjeno vrijeme \u010ditanja":"2 minute"},"schema":{"@context":"https:\/\/schema.org","@graph":[{"@type":"Article","@id":"https:\/\/radioljubuski.ba\/index.php\/2022\/03\/09\/ovo-je-razlog-zasto-u-drzavnim-institucijama-nema-grijanja-svada-celnika-sluzbe-za-zajednicke-poslove-blokirala-cijeli-postupak\/#article","isPartOf":{"@id":"https:\/\/radioljubuski.ba\/index.php\/2022\/03\/09\/ovo-je-razlog-zasto-u-drzavnim-institucijama-nema-grijanja-svada-celnika-sluzbe-za-zajednicke-poslove-blokirala-cijeli-postupak\/"},"author":{"name":"Radio Ljubu\u0161ki","@id":"https:\/\/radioljubuski.ba\/#\/schema\/person\/19fc700381a780f69665d7956c469e3b"},"headline":"Ovo je razlog za\u0161to u dr\u017eavnim institucijama nema grijanja: Sva\u0111a \u010delnika Slu\u017ebe za zajedni\u010dke poslove blokirala cijeli postupak","datePublished":"2022-03-09T17:51:07+00:00","dateModified":"2022-03-09T17:52:15+00:00","mainEntityOfPage":{"@id":"https:\/\/radioljubuski.ba\/index.php\/2022\/03\/09\/ovo-je-razlog-zasto-u-drzavnim-institucijama-nema-grijanja-svada-celnika-sluzbe-za-zajednicke-poslove-blokirala-cijeli-postupak\/"},"wordCount":365,"publisher":{"@id":"https:\/\/radioljubuski.ba\/#organization"},"image":{"@id":"https:\/\/radioljubuski.ba\/index.php\/2022\/03\/09\/ovo-je-razlog-zasto-u-drzavnim-institucijama-nema-grijanja-svada-celnika-sluzbe-za-zajednicke-poslove-blokirala-cijeli-postupak\/#primaryimage"},"thumbnailUrl":"https:\/\/radioljubuski.ba\/wp-content\/uploads\/2022\/03\/2-2022-03-09-15-39-44-dopis.jpg","articleSection":["BIH i regija"],"inLanguage":"hr"},{"@type":"WebPage","@id":"https:\/\/radioljubuski.ba\/index.php\/2022\/03\/09\/ovo-je-razlog-zasto-u-drzavnim-institucijama-nema-grijanja-svada-celnika-sluzbe-za-zajednicke-poslove-blokirala-cijeli-postupak\/","url":"https:\/\/radioljubuski.ba\/index.php\/2022\/03\/09\/ovo-je-razlog-zasto-u-drzavnim-institucijama-nema-grijanja-svada-celnika-sluzbe-za-zajednicke-poslove-blokirala-cijeli-postupak\/","name":"Ovo je razlog za\u0161to u dr\u017eavnim institucijama nema grijanja: Sva\u0111a \u010delnika Slu\u017ebe za zajedni\u010dke poslove blokirala cijeli postupak - RADIO LJUBU\u0160KI","isPartOf":{"@id":"https:\/\/radioljubuski.ba\/#website"},"primaryImageOfPage":{"@id":"https:\/\/radioljubuski.ba\/index.php\/2022\/03\/09\/ovo-je-razlog-zasto-u-drzavnim-institucijama-nema-grijanja-svada-celnika-sluzbe-za-zajednicke-poslove-blokirala-cijeli-postupak\/#primaryimage"},"image":{"@id":"https:\/\/radioljubuski.ba\/index.php\/2022\/03\/09\/ovo-je-razlog-zasto-u-drzavnim-institucijama-nema-grijanja-svada-celnika-sluzbe-za-zajednicke-poslove-blokirala-cijeli-postupak\/#primaryimage"},"thumbnailUrl":"https:\/\/radioljubuski.ba\/wp-content\/uploads\/2022\/03\/2-2022-03-09-15-39-44-dopis.jpg","datePublished":"2022-03-09T17:51:07+00:00","dateModified":"2022-03-09T17:52:15+00:00","breadcrumb":{"@id":"https:\/\/radioljubuski.ba\/index.php\/2022\/03\/09\/ovo-je-razlog-zasto-u-drzavnim-institucijama-nema-grijanja-svada-celnika-sluzbe-za-zajednicke-poslove-blokirala-cijeli-postupak\/#breadcrumb"},"inLanguage":"hr","potentialAction":[{"@type":"ReadAction","target":["https:\/\/radioljubuski.ba\/index.php\/2022\/03\/09\/ovo-je-razlog-zasto-u-drzavnim-institucijama-nema-grijanja-svada-celnika-sluzbe-za-zajednicke-poslove-blokirala-cijeli-postupak\/"]}]},{"@type":"ImageObject","inLanguage":"hr","@id":"https:\/\/radioljubuski.ba\/index.php\/2022\/03\/09\/ovo-je-razlog-zasto-u-drzavnim-institucijama-nema-grijanja-svada-celnika-sluzbe-za-zajednicke-poslove-blokirala-cijeli-postupak\/#primaryimage","url":"https:\/\/radioljubuski.ba\/wp-content\/uploads\/2022\/03\/2-2022-03-09-15-39-44-dopis.jpg","contentUrl":"https:\/\/radioljubuski.ba\/wp-content\/uploads\/2022\/03\/2-2022-03-09-15-39-44-dopis.jpg","width":1000,"height":625},{"@type":"BreadcrumbList","@id":"https:\/\/radioljubuski.ba\/index.php\/2022\/03\/09\/ovo-je-razlog-zasto-u-drzavnim-institucijama-nema-grijanja-svada-celnika-sluzbe-za-zajednicke-poslove-blokirala-cijeli-postupak\/#breadcrumb","itemListElement":[{"@type":"ListItem","position":1,"name":"Po\u010detna stranica","item":"https:\/\/radioljubuski.ba\/"},{"@type":"ListItem","position":2,"name":"Ovo je razlog za\u0161to u dr\u017eavnim institucijama nema grijanja: Sva\u0111a \u010delnika Slu\u017ebe za zajedni\u010dke poslove blokirala cijeli postupak"}]},{"@type":"WebSite","@id":"https:\/\/radioljubuski.ba\/#website","url":"https:\/\/radioljubuski.ba\/","name":"Radio Ljubu\u0161ki","description":"Sun\u010dana frekvencija Hercegovine","publisher":{"@id":"https:\/\/radioljubuski.ba\/#organization"},"potentialAction":[{"@type":"SearchAction","target":{"@type":"EntryPoint","urlTemplate":"https:\/\/radioljubuski.ba\/?s={search_term_string}"},"query-input":{"@type":"PropertyValueSpecification","valueRequired":true,"valueName":"search_term_string"}}],"inLanguage":"hr"},{"@type":"Organization","@id":"https:\/\/radioljubuski.ba\/#organization","name":"Radio Ljubu\u0161ki","url":"https:\/\/radioljubuski.ba\/","logo":{"@type":"ImageObject","inLanguage":"hr","@id":"https:\/\/radioljubuski.ba\/#\/schema\/logo\/image\/","url":"https:\/\/radioljubuski.ba\/wp-content\/uploads\/2021\/02\/cropped-Radio_Ljubuski_logo1.jpg","contentUrl":"https:\/\/radioljubuski.ba\/wp-content\/uploads\/2021\/02\/cropped-Radio_Ljubuski_logo1.jpg","width":512,"height":512,"caption":"Radio Ljubu\u0161ki"},"image":{"@id":"https:\/\/radioljubuski.ba\/#\/schema\/logo\/image\/"},"sameAs":["https:\/\/www.facebook.com\/Radiio-Ljubuski-1490835324566332","https:\/\/x.com\/radioljubuski","https:\/\/hr.linkedin.com\/company\/radio-ljubuski","https:\/\/www.youtube.com\/channel\/UCHYaeO_n0Db3tjNGudGpXyw"]},{"@type":"Person","@id":"https:\/\/radioljubuski.ba\/#\/schema\/person\/19fc700381a780f69665d7956c469e3b","name":"Radio Ljubu\u0161ki"}]}},"_links":{"self":[{"href":"https:\/\/radioljubuski.ba\/index.php\/wp-json\/wp\/v2\/posts\/119736","targetHints":{"allow":["GET"]}}],"collection":[{"href":"https:\/\/radioljubuski.ba\/index.php\/wp-json\/wp\/v2\/posts"}],"about":[{"href":"https:\/\/radioljubuski.ba\/index.php\/wp-json\/wp\/v2\/types\/post"}],"author":[{"embeddable":true,"href":"https:\/\/radioljubuski.ba\/index.php\/wp-json\/wp\/v2\/users\/2"}],"replies":[{"embeddable":true,"href":"https:\/\/radioljubuski.ba\/index.php\/wp-json\/wp\/v2\/comments?post=119736"}],"version-history":[{"count":2,"href":"https:\/\/radioljubuski.ba\/index.php\/wp-json\/wp\/v2\/posts\/119736\/revisions"}],"predecessor-version":[{"id":119742,"href":"https:\/\/radioljubuski.ba\/index.php\/wp-json\/wp\/v2\/posts\/119736\/revisions\/119742"}],"wp:featuredmedia":[{"embeddable":true,"href":"https:\/\/radioljubuski.ba\/index.php\/wp-json\/wp\/v2\/media\/119737"}],"wp:attachment":[{"href":"https:\/\/radioljubuski.ba\/index.php\/wp-json\/wp\/v2\/media?parent=119736"}],"wp:term":[{"taxonomy":"category","embeddable":true,"href":"https:\/\/radioljubuski.ba\/index.php\/wp-json\/wp\/v2\/categories?post=119736"},{"taxonomy":"post_tag","embeddable":true,"href":"https:\/\/radioljubuski.ba\/index.php\/wp-json\/wp\/v2\/tags?post=119736"}],"curies":[{"name":"wp","href":"https:\/\/api.w.org\/{rel}","templated":true}]}}