{"id":119745,"date":"2022-03-09T18:54:28","date_gmt":"2022-03-09T17:54:28","guid":{"rendered":"https:\/\/radioljubuski.ba\/?p=119745"},"modified":"2022-03-09T18:54:29","modified_gmt":"2022-03-09T17:54:29","slug":"hrvatska-pocetkom-tjedna-vjerojatno-ublazavanje-mjera","status":"publish","type":"post","link":"https:\/\/radioljubuski.ba\/index.php\/2022\/03\/09\/hrvatska-pocetkom-tjedna-vjerojatno-ublazavanje-mjera\/","title":{"rendered":"Hrvatska: Po\u010detkom tjedna vjerojatno ubla\u017eavanje mjera"},"content":{"rendered":"\n<p>Potpredsjednik Vlade Davor Bo\u017einovi\u0107 u srijedu je izjavio da \u0107e Nacionalni sto\u017eer Civilne za\u0161tite&nbsp;po\u010detkom idu\u0107eg tjedna vjerojatno dodatno ubla\u017eiti neke epidemiolo\u0161ke mjere koje se odnose na ograni\u010davanje okupljanja i obavljanje pojedinih gospodarskih aktivnosti.<\/p>\n\n\n\n<p>Unato\u010d dana\u0161njem minimalnom porastu novozara\u017eenih, u zadnjih nekoliko&nbsp;tjedana vidljiv je znatan pad oboljelih, hospitaliziranih i preminulih od covida-19, \u010dime se&nbsp;omogu\u0107ava povratak redovnoj dinamici rada, istaknuo je Bo\u017einovi\u0107 na sjednici Vlade.<\/p>\n\n\n\n<p>Postignuti stupanj imunosti stanovni\u0161tva, ste\u010den preboljenjem i cijepljenjem, u kombinaciji s vi\u0161etjednim trendom pada broja oboljelih, hospitaliziranih i preminulih, omogu\u0107ava Sto\u017eeru da razmatra daljnje ubla\u017eavanje uvedenih nu\u017enih epidemiolo\u0161kih mjera.<\/p>\n\n\n\n<p>Iako su najva\u017enije odluke Sto\u017eera koje se odnose na ograni\u010davanje okupljanja, prelaske&nbsp;dr\u017eavne granice, organizaciju rada trgovina i&nbsp;javnoga prijevoza, te obavezno kori\u0161tenje maski za lice na snazi do kraja o\u017eujka, realno je, ka\u017ee Bo\u017einovi\u0107, da \u0107e se ve\u0107 idu\u0107eg tjedna neke od tih mjera ubla\u017eiti.<\/p>\n\n\n\n<p>Sto\u017eer \u0107e razmotriti sve pristigle prijedloge i po\u010detkom tjedna&nbsp;vjerojatno dodatno ubla\u017eiti neke mjere koje se odnose na ograni\u010davanje okupljanja i gospodarske aktivnosti.<\/p>\n\n\n\n<p>Bo\u017einovi\u0107 je istaknuo i da u ovom trenutku nema saznanja&nbsp;da je izbjegli\u010dki val zna\u010dajnije utjecao na pogor\u0161anje epidemiolo\u0161ke situacije.<\/p>\n\n\n\n<p>Provodi se&nbsp;obavezno testiranje izbjeglica u prihvatnim smje\u0161tajima,&nbsp;a u slu\u010daju oboljenja predvi\u0111en je adekvatan smje\u0161taj, dodao je potpredsjednik Vlade.<\/p>\n\n\n\n<p><strong>Bero\u0161: Barem jednom dozom cijepljeno 70,6 posto; 249 zdravstvenih usluga ukrajinskim izbjeglicama, troje hospitalizirano<\/strong><\/p>\n\n\n\n<p>Ministar zdravstva Vili Bero\u0161&nbsp;izvijestio je&nbsp;da je u&nbsp;Hrvatskoj danas zabilje\u017eeno 2588 novih slu\u010dajeva covida-19&nbsp;potvr\u0111enih PCR testom te&nbsp;662 pozitivne osobe na&nbsp;brzom&nbsp;antigenskom&nbsp;testiranju, \u0161to je&nbsp;u odnosu na prethodni tjedan pove\u0107anje od 0,21 posto.<\/p>\n\n\n\n<p>Bolnice postupno smanjuju covid-kapacitete, \u0161to daje ve\u0107i prostor za pru\u017eanje sveobuhvatnije skrbi te za prevenciju i o\u010duvanje zdravlja, posebno&nbsp;onkolo\u0161kih bolesnika, gra\u0111ana s mentalnim poreme\u0107ajima te post-covid sindromom.<\/p>\n\n\n\n<p>S obzirom na rezultate najnovijeg popisa stanovni\u0161tva, najmanje jednom dozom cjepiva protiv covida cijepljeno je do sada 70,6 posto odraslog stanovni\u0161tva, izvijestio je ministar.<\/p>\n\n\n\n<p>Iako epidemija pokazuje silazni trend, Bero\u0161 je poru\u010dio da je covid-19 i dalje je prisutan te se ne staje s cijepljenjem gra\u0111ana.&nbsp;Od&nbsp;danas&nbsp;po\u010dinje i cijepljenje novim proteinskim cjepivom protiv covida, proizvo\u0111a\u010da Novavaxa, a namijenjeno je starijima od 18 godina.<\/p>\n\n\n\n<p>Izvijestio je i da je od 25. velja\u010de&nbsp;ukrajinskim izbjeglicama&nbsp;u Hrvatskoj&nbsp;pru\u017eeno ukupno 249 zdravstvenih usluga,&nbsp;a&nbsp;troje ih je&nbsp;hospitalizirano.<\/p>\n\n\n\n<p>Hitna medicinska slu\u017eba ukupno je imala 14 intervencija vezanih za pru\u017eanje hitne skrbi izbjeglicama iz Ukrajine.<\/p>\n\n\n\n<p>Na brzom testiranju&nbsp;na covid, petero je izbjeglih Ukrajinaca bilo pozitivno.<\/p>\n\n\n\n<p>Izbjeglom ukrajinskom stanovni\u0161tvu omogu\u0107eno je i cijepljenje protiv covida, a djeci&nbsp;uobi\u010dajena cjepiva protiv ospica, zau\u0161njaka i rubeole te poliomijelitisa.<\/p>\n\n\n\n<p>Bero\u0161 je istaknuo da&nbsp;se upravo u Ukrajini doga\u0111a velika epidemija ospica i rubeole zbog slabijeg cijepljenja protiv tih bolesti.<\/p>\n\n\n\n<p>Izvor:pogled.ba<\/p>\n","protected":false},"excerpt":{"rendered":"<p>Potpredsjednik Vlade Davor Bo\u017einovi\u0107 u srijedu je izjavio da \u0107e Nacionalni sto\u017eer Civilne za\u0161tite&nbsp;po\u010detkom idu\u0107eg tjedna vjerojatno dodatno ubla\u017eiti neke epidemiolo\u0161ke mjere koje se odnose na ograni\u010davanje okupljanja i obavljanje pojedinih gospodarskih aktivnosti. Unato\u010d dana\u0161njem minimalnom porastu novozara\u017eenih, u zadnjih nekoliko&nbsp;tjedana vidljiv je znatan pad oboljelih, hospitaliziranih i preminulih od covida-19, \u010dime se&nbsp;omogu\u0107ava povratak redovnoj [&hellip;]<\/p>\n","protected":false},"author":2,"featured_media":58022,"comment_status":"closed","ping_status":"closed","sticky":false,"template":"","format":"standard","meta":{"h5ap_radio_sources":[],"footnotes":""},"categories":[1],"tags":[],"class_list":["post-119745","post","type-post","status-publish","format-standard","has-post-thumbnail","hentry","category-bihiregija"],"yoast_head":"<!-- This site is optimized with the Yoast SEO plugin v27.5 - https:\/\/yoast.com\/product\/yoast-seo-wordpress\/ -->\n<title>Hrvatska: Po\u010detkom tjedna vjerojatno ubla\u017eavanje mjera - RADIO LJUBU\u0160KI<\/title>\n<meta name=\"robots\" content=\"index, follow, max-snippet:-1, max-image-preview:large, max-video-preview:-1\" \/>\n<link rel=\"canonical\" href=\"https:\/\/radioljubuski.ba\/index.php\/2022\/03\/09\/hrvatska-pocetkom-tjedna-vjerojatno-ublazavanje-mjera\/\" \/>\n<meta property=\"og:locale\" content=\"hr_HR\" \/>\n<meta property=\"og:type\" content=\"article\" \/>\n<meta property=\"og:title\" content=\"Hrvatska: Po\u010detkom tjedna vjerojatno ubla\u017eavanje mjera - RADIO LJUBU\u0160KI\" \/>\n<meta property=\"og:description\" content=\"Potpredsjednik Vlade Davor Bo\u017einovi\u0107 u srijedu je izjavio da \u0107e Nacionalni sto\u017eer Civilne za\u0161tite&nbsp;po\u010detkom idu\u0107eg tjedna vjerojatno dodatno ubla\u017eiti neke epidemiolo\u0161ke mjere koje se odnose na ograni\u010davanje okupljanja i obavljanje pojedinih gospodarskih aktivnosti. Unato\u010d dana\u0161njem minimalnom porastu novozara\u017eenih, u zadnjih nekoliko&nbsp;tjedana vidljiv je znatan pad oboljelih, hospitaliziranih i preminulih od covida-19, \u010dime se&nbsp;omogu\u0107ava povratak redovnoj [&hellip;]\" \/>\n<meta property=\"og:url\" content=\"https:\/\/radioljubuski.ba\/index.php\/2022\/03\/09\/hrvatska-pocetkom-tjedna-vjerojatno-ublazavanje-mjera\/\" \/>\n<meta property=\"og:site_name\" content=\"RADIO LJUBU\u0160KI\" \/>\n<meta property=\"article:publisher\" content=\"https:\/\/www.facebook.com\/Radiio-Ljubuski-1490835324566332\" \/>\n<meta property=\"article:published_time\" content=\"2022-03-09T17:54:28+00:00\" \/>\n<meta property=\"article:modified_time\" content=\"2022-03-09T17:54:29+00:00\" \/>\n<meta property=\"og:image\" content=\"https:\/\/radioljubuski.ba\/wp-content\/uploads\/2021\/08\/PJxptEmR_bozinovic.jpg\" \/>\n\t<meta property=\"og:image:width\" content=\"1000\" \/>\n\t<meta property=\"og:image:height\" content=\"625\" \/>\n\t<meta property=\"og:image:type\" content=\"image\/jpeg\" \/>\n<meta name=\"author\" content=\"Radio Ljubu\u0161ki\" \/>\n<meta name=\"twitter:card\" content=\"summary_large_image\" \/>\n<meta name=\"twitter:creator\" content=\"@radioljubuski\" \/>\n<meta name=\"twitter:site\" content=\"@radioljubuski\" \/>\n<meta name=\"twitter:label1\" content=\"Napisao\/la\" \/>\n\t<meta name=\"twitter:data1\" content=\"Radio Ljubu\u0161ki\" \/>\n\t<meta name=\"twitter:label2\" content=\"Procijenjeno vrijeme \u010ditanja\" \/>\n\t<meta name=\"twitter:data2\" content=\"2 minute\" \/>\n<script type=\"application\/ld+json\" class=\"yoast-schema-graph\">{\"@context\":\"https:\\\/\\\/schema.org\",\"@graph\":[{\"@type\":\"Article\",\"@id\":\"https:\\\/\\\/radioljubuski.ba\\\/index.php\\\/2022\\\/03\\\/09\\\/hrvatska-pocetkom-tjedna-vjerojatno-ublazavanje-mjera\\\/#article\",\"isPartOf\":{\"@id\":\"https:\\\/\\\/radioljubuski.ba\\\/index.php\\\/2022\\\/03\\\/09\\\/hrvatska-pocetkom-tjedna-vjerojatno-ublazavanje-mjera\\\/\"},\"author\":{\"name\":\"Radio Ljubu\u0161ki\",\"@id\":\"https:\\\/\\\/radioljubuski.ba\\\/#\\\/schema\\\/person\\\/19fc700381a780f69665d7956c469e3b\"},\"headline\":\"Hrvatska: Po\u010detkom tjedna vjerojatno ubla\u017eavanje mjera\",\"datePublished\":\"2022-03-09T17:54:28+00:00\",\"dateModified\":\"2022-03-09T17:54:29+00:00\",\"mainEntityOfPage\":{\"@id\":\"https:\\\/\\\/radioljubuski.ba\\\/index.php\\\/2022\\\/03\\\/09\\\/hrvatska-pocetkom-tjedna-vjerojatno-ublazavanje-mjera\\\/\"},\"wordCount\":539,\"publisher\":{\"@id\":\"https:\\\/\\\/radioljubuski.ba\\\/#organization\"},\"image\":{\"@id\":\"https:\\\/\\\/radioljubuski.ba\\\/index.php\\\/2022\\\/03\\\/09\\\/hrvatska-pocetkom-tjedna-vjerojatno-ublazavanje-mjera\\\/#primaryimage\"},\"thumbnailUrl\":\"https:\\\/\\\/radioljubuski.ba\\\/wp-content\\\/uploads\\\/2021\\\/08\\\/PJxptEmR_bozinovic.jpg\",\"articleSection\":[\"BIH i regija\"],\"inLanguage\":\"hr\"},{\"@type\":\"WebPage\",\"@id\":\"https:\\\/\\\/radioljubuski.ba\\\/index.php\\\/2022\\\/03\\\/09\\\/hrvatska-pocetkom-tjedna-vjerojatno-ublazavanje-mjera\\\/\",\"url\":\"https:\\\/\\\/radioljubuski.ba\\\/index.php\\\/2022\\\/03\\\/09\\\/hrvatska-pocetkom-tjedna-vjerojatno-ublazavanje-mjera\\\/\",\"name\":\"Hrvatska: Po\u010detkom tjedna vjerojatno ubla\u017eavanje mjera - RADIO LJUBU\u0160KI\",\"isPartOf\":{\"@id\":\"https:\\\/\\\/radioljubuski.ba\\\/#website\"},\"primaryImageOfPage\":{\"@id\":\"https:\\\/\\\/radioljubuski.ba\\\/index.php\\\/2022\\\/03\\\/09\\\/hrvatska-pocetkom-tjedna-vjerojatno-ublazavanje-mjera\\\/#primaryimage\"},\"image\":{\"@id\":\"https:\\\/\\\/radioljubuski.ba\\\/index.php\\\/2022\\\/03\\\/09\\\/hrvatska-pocetkom-tjedna-vjerojatno-ublazavanje-mjera\\\/#primaryimage\"},\"thumbnailUrl\":\"https:\\\/\\\/radioljubuski.ba\\\/wp-content\\\/uploads\\\/2021\\\/08\\\/PJxptEmR_bozinovic.jpg\",\"datePublished\":\"2022-03-09T17:54:28+00:00\",\"dateModified\":\"2022-03-09T17:54:29+00:00\",\"breadcrumb\":{\"@id\":\"https:\\\/\\\/radioljubuski.ba\\\/index.php\\\/2022\\\/03\\\/09\\\/hrvatska-pocetkom-tjedna-vjerojatno-ublazavanje-mjera\\\/#breadcrumb\"},\"inLanguage\":\"hr\",\"potentialAction\":[{\"@type\":\"ReadAction\",\"target\":[\"https:\\\/\\\/radioljubuski.ba\\\/index.php\\\/2022\\\/03\\\/09\\\/hrvatska-pocetkom-tjedna-vjerojatno-ublazavanje-mjera\\\/\"]}]},{\"@type\":\"ImageObject\",\"inLanguage\":\"hr\",\"@id\":\"https:\\\/\\\/radioljubuski.ba\\\/index.php\\\/2022\\\/03\\\/09\\\/hrvatska-pocetkom-tjedna-vjerojatno-ublazavanje-mjera\\\/#primaryimage\",\"url\":\"https:\\\/\\\/radioljubuski.ba\\\/wp-content\\\/uploads\\\/2021\\\/08\\\/PJxptEmR_bozinovic.jpg\",\"contentUrl\":\"https:\\\/\\\/radioljubuski.ba\\\/wp-content\\\/uploads\\\/2021\\\/08\\\/PJxptEmR_bozinovic.jpg\",\"width\":1000,\"height\":625},{\"@type\":\"BreadcrumbList\",\"@id\":\"https:\\\/\\\/radioljubuski.ba\\\/index.php\\\/2022\\\/03\\\/09\\\/hrvatska-pocetkom-tjedna-vjerojatno-ublazavanje-mjera\\\/#breadcrumb\",\"itemListElement\":[{\"@type\":\"ListItem\",\"position\":1,\"name\":\"Po\u010detna stranica\",\"item\":\"https:\\\/\\\/radioljubuski.ba\\\/\"},{\"@type\":\"ListItem\",\"position\":2,\"name\":\"Hrvatska: Po\u010detkom tjedna vjerojatno ubla\u017eavanje mjera\"}]},{\"@type\":\"WebSite\",\"@id\":\"https:\\\/\\\/radioljubuski.ba\\\/#website\",\"url\":\"https:\\\/\\\/radioljubuski.ba\\\/\",\"name\":\"Radio Ljubu\u0161ki\",\"description\":\"Sun\u010dana frekvencija Hercegovine\",\"publisher\":{\"@id\":\"https:\\\/\\\/radioljubuski.ba\\\/#organization\"},\"potentialAction\":[{\"@type\":\"SearchAction\",\"target\":{\"@type\":\"EntryPoint\",\"urlTemplate\":\"https:\\\/\\\/radioljubuski.ba\\\/?s={search_term_string}\"},\"query-input\":{\"@type\":\"PropertyValueSpecification\",\"valueRequired\":true,\"valueName\":\"search_term_string\"}}],\"inLanguage\":\"hr\"},{\"@type\":\"Organization\",\"@id\":\"https:\\\/\\\/radioljubuski.ba\\\/#organization\",\"name\":\"Radio Ljubu\u0161ki\",\"url\":\"https:\\\/\\\/radioljubuski.ba\\\/\",\"logo\":{\"@type\":\"ImageObject\",\"inLanguage\":\"hr\",\"@id\":\"https:\\\/\\\/radioljubuski.ba\\\/#\\\/schema\\\/logo\\\/image\\\/\",\"url\":\"https:\\\/\\\/radioljubuski.ba\\\/wp-content\\\/uploads\\\/2021\\\/02\\\/cropped-Radio_Ljubuski_logo1.jpg\",\"contentUrl\":\"https:\\\/\\\/radioljubuski.ba\\\/wp-content\\\/uploads\\\/2021\\\/02\\\/cropped-Radio_Ljubuski_logo1.jpg\",\"width\":512,\"height\":512,\"caption\":\"Radio Ljubu\u0161ki\"},\"image\":{\"@id\":\"https:\\\/\\\/radioljubuski.ba\\\/#\\\/schema\\\/logo\\\/image\\\/\"},\"sameAs\":[\"https:\\\/\\\/www.facebook.com\\\/Radiio-Ljubuski-1490835324566332\",\"https:\\\/\\\/x.com\\\/radioljubuski\",\"https:\\\/\\\/hr.linkedin.com\\\/company\\\/radio-ljubuski\",\"https:\\\/\\\/www.youtube.com\\\/channel\\\/UCHYaeO_n0Db3tjNGudGpXyw\"]},{\"@type\":\"Person\",\"@id\":\"https:\\\/\\\/radioljubuski.ba\\\/#\\\/schema\\\/person\\\/19fc700381a780f69665d7956c469e3b\",\"name\":\"Radio Ljubu\u0161ki\"}]}<\/script>\n<!-- \/ Yoast SEO plugin. -->","yoast_head_json":{"title":"Hrvatska: Po\u010detkom tjedna vjerojatno ubla\u017eavanje mjera - RADIO LJUBU\u0160KI","robots":{"index":"index","follow":"follow","max-snippet":"max-snippet:-1","max-image-preview":"max-image-preview:large","max-video-preview":"max-video-preview:-1"},"canonical":"https:\/\/radioljubuski.ba\/index.php\/2022\/03\/09\/hrvatska-pocetkom-tjedna-vjerojatno-ublazavanje-mjera\/","og_locale":"hr_HR","og_type":"article","og_title":"Hrvatska: Po\u010detkom tjedna vjerojatno ubla\u017eavanje mjera - RADIO LJUBU\u0160KI","og_description":"Potpredsjednik Vlade Davor Bo\u017einovi\u0107 u srijedu je izjavio da \u0107e Nacionalni sto\u017eer Civilne za\u0161tite&nbsp;po\u010detkom idu\u0107eg tjedna vjerojatno dodatno ubla\u017eiti neke epidemiolo\u0161ke mjere koje se odnose na ograni\u010davanje okupljanja i obavljanje pojedinih gospodarskih aktivnosti. Unato\u010d dana\u0161njem minimalnom porastu novozara\u017eenih, u zadnjih nekoliko&nbsp;tjedana vidljiv je znatan pad oboljelih, hospitaliziranih i preminulih od covida-19, \u010dime se&nbsp;omogu\u0107ava povratak redovnoj [&hellip;]","og_url":"https:\/\/radioljubuski.ba\/index.php\/2022\/03\/09\/hrvatska-pocetkom-tjedna-vjerojatno-ublazavanje-mjera\/","og_site_name":"RADIO LJUBU\u0160KI","article_publisher":"https:\/\/www.facebook.com\/Radiio-Ljubuski-1490835324566332","article_published_time":"2022-03-09T17:54:28+00:00","article_modified_time":"2022-03-09T17:54:29+00:00","og_image":[{"width":1000,"height":625,"url":"https:\/\/radioljubuski.ba\/wp-content\/uploads\/2021\/08\/PJxptEmR_bozinovic.jpg","type":"image\/jpeg"}],"author":"Radio Ljubu\u0161ki","twitter_card":"summary_large_image","twitter_creator":"@radioljubuski","twitter_site":"@radioljubuski","twitter_misc":{"Napisao\/la":"Radio Ljubu\u0161ki","Procijenjeno vrijeme \u010ditanja":"2 minute"},"schema":{"@context":"https:\/\/schema.org","@graph":[{"@type":"Article","@id":"https:\/\/radioljubuski.ba\/index.php\/2022\/03\/09\/hrvatska-pocetkom-tjedna-vjerojatno-ublazavanje-mjera\/#article","isPartOf":{"@id":"https:\/\/radioljubuski.ba\/index.php\/2022\/03\/09\/hrvatska-pocetkom-tjedna-vjerojatno-ublazavanje-mjera\/"},"author":{"name":"Radio Ljubu\u0161ki","@id":"https:\/\/radioljubuski.ba\/#\/schema\/person\/19fc700381a780f69665d7956c469e3b"},"headline":"Hrvatska: Po\u010detkom tjedna vjerojatno ubla\u017eavanje mjera","datePublished":"2022-03-09T17:54:28+00:00","dateModified":"2022-03-09T17:54:29+00:00","mainEntityOfPage":{"@id":"https:\/\/radioljubuski.ba\/index.php\/2022\/03\/09\/hrvatska-pocetkom-tjedna-vjerojatno-ublazavanje-mjera\/"},"wordCount":539,"publisher":{"@id":"https:\/\/radioljubuski.ba\/#organization"},"image":{"@id":"https:\/\/radioljubuski.ba\/index.php\/2022\/03\/09\/hrvatska-pocetkom-tjedna-vjerojatno-ublazavanje-mjera\/#primaryimage"},"thumbnailUrl":"https:\/\/radioljubuski.ba\/wp-content\/uploads\/2021\/08\/PJxptEmR_bozinovic.jpg","articleSection":["BIH i regija"],"inLanguage":"hr"},{"@type":"WebPage","@id":"https:\/\/radioljubuski.ba\/index.php\/2022\/03\/09\/hrvatska-pocetkom-tjedna-vjerojatno-ublazavanje-mjera\/","url":"https:\/\/radioljubuski.ba\/index.php\/2022\/03\/09\/hrvatska-pocetkom-tjedna-vjerojatno-ublazavanje-mjera\/","name":"Hrvatska: Po\u010detkom tjedna vjerojatno ubla\u017eavanje mjera - RADIO LJUBU\u0160KI","isPartOf":{"@id":"https:\/\/radioljubuski.ba\/#website"},"primaryImageOfPage":{"@id":"https:\/\/radioljubuski.ba\/index.php\/2022\/03\/09\/hrvatska-pocetkom-tjedna-vjerojatno-ublazavanje-mjera\/#primaryimage"},"image":{"@id":"https:\/\/radioljubuski.ba\/index.php\/2022\/03\/09\/hrvatska-pocetkom-tjedna-vjerojatno-ublazavanje-mjera\/#primaryimage"},"thumbnailUrl":"https:\/\/radioljubuski.ba\/wp-content\/uploads\/2021\/08\/PJxptEmR_bozinovic.jpg","datePublished":"2022-03-09T17:54:28+00:00","dateModified":"2022-03-09T17:54:29+00:00","breadcrumb":{"@id":"https:\/\/radioljubuski.ba\/index.php\/2022\/03\/09\/hrvatska-pocetkom-tjedna-vjerojatno-ublazavanje-mjera\/#breadcrumb"},"inLanguage":"hr","potentialAction":[{"@type":"ReadAction","target":["https:\/\/radioljubuski.ba\/index.php\/2022\/03\/09\/hrvatska-pocetkom-tjedna-vjerojatno-ublazavanje-mjera\/"]}]},{"@type":"ImageObject","inLanguage":"hr","@id":"https:\/\/radioljubuski.ba\/index.php\/2022\/03\/09\/hrvatska-pocetkom-tjedna-vjerojatno-ublazavanje-mjera\/#primaryimage","url":"https:\/\/radioljubuski.ba\/wp-content\/uploads\/2021\/08\/PJxptEmR_bozinovic.jpg","contentUrl":"https:\/\/radioljubuski.ba\/wp-content\/uploads\/2021\/08\/PJxptEmR_bozinovic.jpg","width":1000,"height":625},{"@type":"BreadcrumbList","@id":"https:\/\/radioljubuski.ba\/index.php\/2022\/03\/09\/hrvatska-pocetkom-tjedna-vjerojatno-ublazavanje-mjera\/#breadcrumb","itemListElement":[{"@type":"ListItem","position":1,"name":"Po\u010detna stranica","item":"https:\/\/radioljubuski.ba\/"},{"@type":"ListItem","position":2,"name":"Hrvatska: Po\u010detkom tjedna vjerojatno ubla\u017eavanje mjera"}]},{"@type":"WebSite","@id":"https:\/\/radioljubuski.ba\/#website","url":"https:\/\/radioljubuski.ba\/","name":"Radio Ljubu\u0161ki","description":"Sun\u010dana frekvencija Hercegovine","publisher":{"@id":"https:\/\/radioljubuski.ba\/#organization"},"potentialAction":[{"@type":"SearchAction","target":{"@type":"EntryPoint","urlTemplate":"https:\/\/radioljubuski.ba\/?s={search_term_string}"},"query-input":{"@type":"PropertyValueSpecification","valueRequired":true,"valueName":"search_term_string"}}],"inLanguage":"hr"},{"@type":"Organization","@id":"https:\/\/radioljubuski.ba\/#organization","name":"Radio Ljubu\u0161ki","url":"https:\/\/radioljubuski.ba\/","logo":{"@type":"ImageObject","inLanguage":"hr","@id":"https:\/\/radioljubuski.ba\/#\/schema\/logo\/image\/","url":"https:\/\/radioljubuski.ba\/wp-content\/uploads\/2021\/02\/cropped-Radio_Ljubuski_logo1.jpg","contentUrl":"https:\/\/radioljubuski.ba\/wp-content\/uploads\/2021\/02\/cropped-Radio_Ljubuski_logo1.jpg","width":512,"height":512,"caption":"Radio Ljubu\u0161ki"},"image":{"@id":"https:\/\/radioljubuski.ba\/#\/schema\/logo\/image\/"},"sameAs":["https:\/\/www.facebook.com\/Radiio-Ljubuski-1490835324566332","https:\/\/x.com\/radioljubuski","https:\/\/hr.linkedin.com\/company\/radio-ljubuski","https:\/\/www.youtube.com\/channel\/UCHYaeO_n0Db3tjNGudGpXyw"]},{"@type":"Person","@id":"https:\/\/radioljubuski.ba\/#\/schema\/person\/19fc700381a780f69665d7956c469e3b","name":"Radio Ljubu\u0161ki"}]}},"_links":{"self":[{"href":"https:\/\/radioljubuski.ba\/index.php\/wp-json\/wp\/v2\/posts\/119745","targetHints":{"allow":["GET"]}}],"collection":[{"href":"https:\/\/radioljubuski.ba\/index.php\/wp-json\/wp\/v2\/posts"}],"about":[{"href":"https:\/\/radioljubuski.ba\/index.php\/wp-json\/wp\/v2\/types\/post"}],"author":[{"embeddable":true,"href":"https:\/\/radioljubuski.ba\/index.php\/wp-json\/wp\/v2\/users\/2"}],"replies":[{"embeddable":true,"href":"https:\/\/radioljubuski.ba\/index.php\/wp-json\/wp\/v2\/comments?post=119745"}],"version-history":[{"count":1,"href":"https:\/\/radioljubuski.ba\/index.php\/wp-json\/wp\/v2\/posts\/119745\/revisions"}],"predecessor-version":[{"id":119746,"href":"https:\/\/radioljubuski.ba\/index.php\/wp-json\/wp\/v2\/posts\/119745\/revisions\/119746"}],"wp:featuredmedia":[{"embeddable":true,"href":"https:\/\/radioljubuski.ba\/index.php\/wp-json\/wp\/v2\/media\/58022"}],"wp:attachment":[{"href":"https:\/\/radioljubuski.ba\/index.php\/wp-json\/wp\/v2\/media?parent=119745"}],"wp:term":[{"taxonomy":"category","embeddable":true,"href":"https:\/\/radioljubuski.ba\/index.php\/wp-json\/wp\/v2\/categories?post=119745"},{"taxonomy":"post_tag","embeddable":true,"href":"https:\/\/radioljubuski.ba\/index.php\/wp-json\/wp\/v2\/tags?post=119745"}],"curies":[{"name":"wp","href":"https:\/\/api.w.org\/{rel}","templated":true}]}}