{"id":119750,"date":"2022-03-09T18:56:09","date_gmt":"2022-03-09T17:56:09","guid":{"rendered":"https:\/\/radioljubuski.ba\/?p=119750"},"modified":"2022-03-09T18:56:10","modified_gmt":"2022-03-09T17:56:10","slug":"boskovic-proracun-fbih-trebao-bi-se-razmatrati-28-ozujka-na-sjednici-zastupnickog-doma-pfbih","status":"publish","type":"post","link":"https:\/\/radioljubuski.ba\/index.php\/2022\/03\/09\/boskovic-proracun-fbih-trebao-bi-se-razmatrati-28-ozujka-na-sjednici-zastupnickog-doma-pfbih\/","title":{"rendered":"Bo\u0161kovi\u0107: Prora\u010dun FBiH trebao bi se razmatrati 28. o\u017eujka na sjednici Zastupni\u010dkog doma PFBiH"},"content":{"rendered":"\n<p>Potpredsjedavaju\u0107i Zastupni\u010dkog doma Parlamenta Federacije BiH Mladen Bo\u0161kovi\u0107 izjavio je da bi se Prijedlog ovogodi\u0161njeg prora\u010duna Federacije BiH trebao razmatrati 28. o\u017eujka na sjednici tog doma.<\/p>\n\n\n\n<p>&#8211; Prema dogovoru jutros na Kolegiju doma planirano je da se najkasnije 28. o\u017eujka odr\u017ei redovita sjednica Zastupni\u010dkog doma na kojoj \u0107e se razmatrati tri akta &#8211; Prijedlog prora\u010duna FBiH za 2022. godinu, Prijedlog zakona o izvr\u0161enju prora\u010duna za 2022. godinu, te Prijedlog zakona o izmjenama i dopunama Zakona o prora\u010dunima u FBiH &#8211; rekao je Bo\u0161kovi\u0107. Dodao je da je planirana dvodnevna sjednica kako bi se prvo raspravljalo o prora\u010dunu, a drugi dan bilo izvr\u0161eno glasovanje. Trenutno je na snazi Odluka o prijevremenom financiranju koja isti\u010de 31. o\u017eujka, te je prora\u010dun potrebno donijeti do tog datuma.<\/p>\n\n\n\n<p>Vlada Fedracije BiH je utvrdila i u parlamentarnu proceduru uputila Prijedlog prora\u010duna FBiH za 2022. godinu u iznosu od skoro 5,6 milijardi KM, koji je ve\u0107i za dva posto, odnosno za 116,4 milijuna KM od prora\u010duna za pro\u0161lu godinu. Da bi prora\u010dun postao operativan potrebno je da ga usvoji i Dom naroda Parlamenta Federacije BiH, koji \u0107e odr\u017eati sjednicu nakon \u0161to bud\u017eet bude razmatran u Zastupni\u010dkom domu.<\/p>\n\n\n\n<p>Izvor:pogled.ba<\/p>\n","protected":false},"excerpt":{"rendered":"<p>Potpredsjedavaju\u0107i Zastupni\u010dkog doma Parlamenta Federacije BiH Mladen Bo\u0161kovi\u0107 izjavio je da bi se Prijedlog ovogodi\u0161njeg prora\u010duna Federacije BiH trebao razmatrati 28. o\u017eujka na sjednici tog doma. &#8211; Prema dogovoru jutros na Kolegiju doma planirano je da se najkasnije 28. o\u017eujka odr\u017ei redovita sjednica Zastupni\u010dkog doma na kojoj \u0107e se razmatrati tri akta &#8211; Prijedlog prora\u010duna [&hellip;]<\/p>\n","protected":false},"author":2,"featured_media":119751,"comment_status":"closed","ping_status":"closed","sticky":false,"template":"","format":"standard","meta":{"h5ap_radio_sources":[],"footnotes":""},"categories":[1],"tags":[],"class_list":["post-119750","post","type-post","status-publish","format-standard","has-post-thumbnail","hentry","category-bihiregija"],"yoast_head":"<!-- This site is optimized with the Yoast SEO plugin v27.5 - https:\/\/yoast.com\/product\/yoast-seo-wordpress\/ -->\n<title>Bo\u0161kovi\u0107: Prora\u010dun FBiH trebao bi se razmatrati 28. o\u017eujka na sjednici Zastupni\u010dkog doma PFBiH - RADIO LJUBU\u0160KI<\/title>\n<meta name=\"robots\" content=\"index, follow, max-snippet:-1, max-image-preview:large, max-video-preview:-1\" \/>\n<link rel=\"canonical\" href=\"https:\/\/radioljubuski.ba\/index.php\/2022\/03\/09\/boskovic-proracun-fbih-trebao-bi-se-razmatrati-28-ozujka-na-sjednici-zastupnickog-doma-pfbih\/\" \/>\n<meta property=\"og:locale\" content=\"hr_HR\" \/>\n<meta property=\"og:type\" content=\"article\" \/>\n<meta property=\"og:title\" content=\"Bo\u0161kovi\u0107: Prora\u010dun FBiH trebao bi se razmatrati 28. o\u017eujka na sjednici Zastupni\u010dkog doma PFBiH - RADIO LJUBU\u0160KI\" \/>\n<meta property=\"og:description\" content=\"Potpredsjedavaju\u0107i Zastupni\u010dkog doma Parlamenta Federacije BiH Mladen Bo\u0161kovi\u0107 izjavio je da bi se Prijedlog ovogodi\u0161njeg prora\u010duna Federacije BiH trebao razmatrati 28. o\u017eujka na sjednici tog doma. &#8211; Prema dogovoru jutros na Kolegiju doma planirano je da se najkasnije 28. o\u017eujka odr\u017ei redovita sjednica Zastupni\u010dkog doma na kojoj \u0107e se razmatrati tri akta &#8211; Prijedlog prora\u010duna [&hellip;]\" \/>\n<meta property=\"og:url\" content=\"https:\/\/radioljubuski.ba\/index.php\/2022\/03\/09\/boskovic-proracun-fbih-trebao-bi-se-razmatrati-28-ozujka-na-sjednici-zastupnickog-doma-pfbih\/\" \/>\n<meta property=\"og:site_name\" content=\"RADIO LJUBU\u0160KI\" \/>\n<meta property=\"article:publisher\" content=\"https:\/\/www.facebook.com\/Radiio-Ljubuski-1490835324566332\" \/>\n<meta property=\"article:published_time\" content=\"2022-03-09T17:56:09+00:00\" \/>\n<meta property=\"article:modified_time\" content=\"2022-03-09T17:56:10+00:00\" \/>\n<meta property=\"og:image\" content=\"https:\/\/radioljubuski.ba\/wp-content\/uploads\/2022\/03\/2-2022-03-09-16-28-48-220309_predstavnicki_dom_sjednica_pocetal_96554.jpg\" \/>\n\t<meta property=\"og:image:width\" content=\"1000\" \/>\n\t<meta property=\"og:image:height\" content=\"625\" \/>\n\t<meta property=\"og:image:type\" content=\"image\/jpeg\" \/>\n<meta name=\"author\" content=\"Radio Ljubu\u0161ki\" \/>\n<meta name=\"twitter:card\" content=\"summary_large_image\" \/>\n<meta name=\"twitter:creator\" content=\"@radioljubuski\" \/>\n<meta name=\"twitter:site\" content=\"@radioljubuski\" \/>\n<meta name=\"twitter:label1\" content=\"Napisao\/la\" \/>\n\t<meta name=\"twitter:data1\" content=\"Radio Ljubu\u0161ki\" \/>\n\t<meta name=\"twitter:label2\" content=\"Procijenjeno vrijeme \u010ditanja\" \/>\n\t<meta name=\"twitter:data2\" content=\"1 minuta\" \/>\n<script type=\"application\/ld+json\" class=\"yoast-schema-graph\">{\"@context\":\"https:\\\/\\\/schema.org\",\"@graph\":[{\"@type\":\"Article\",\"@id\":\"https:\\\/\\\/radioljubuski.ba\\\/index.php\\\/2022\\\/03\\\/09\\\/boskovic-proracun-fbih-trebao-bi-se-razmatrati-28-ozujka-na-sjednici-zastupnickog-doma-pfbih\\\/#article\",\"isPartOf\":{\"@id\":\"https:\\\/\\\/radioljubuski.ba\\\/index.php\\\/2022\\\/03\\\/09\\\/boskovic-proracun-fbih-trebao-bi-se-razmatrati-28-ozujka-na-sjednici-zastupnickog-doma-pfbih\\\/\"},\"author\":{\"name\":\"Radio Ljubu\u0161ki\",\"@id\":\"https:\\\/\\\/radioljubuski.ba\\\/#\\\/schema\\\/person\\\/19fc700381a780f69665d7956c469e3b\"},\"headline\":\"Bo\u0161kovi\u0107: Prora\u010dun FBiH trebao bi se razmatrati 28. o\u017eujka na sjednici Zastupni\u010dkog doma PFBiH\",\"datePublished\":\"2022-03-09T17:56:09+00:00\",\"dateModified\":\"2022-03-09T17:56:10+00:00\",\"mainEntityOfPage\":{\"@id\":\"https:\\\/\\\/radioljubuski.ba\\\/index.php\\\/2022\\\/03\\\/09\\\/boskovic-proracun-fbih-trebao-bi-se-razmatrati-28-ozujka-na-sjednici-zastupnickog-doma-pfbih\\\/\"},\"wordCount\":229,\"publisher\":{\"@id\":\"https:\\\/\\\/radioljubuski.ba\\\/#organization\"},\"image\":{\"@id\":\"https:\\\/\\\/radioljubuski.ba\\\/index.php\\\/2022\\\/03\\\/09\\\/boskovic-proracun-fbih-trebao-bi-se-razmatrati-28-ozujka-na-sjednici-zastupnickog-doma-pfbih\\\/#primaryimage\"},\"thumbnailUrl\":\"https:\\\/\\\/radioljubuski.ba\\\/wp-content\\\/uploads\\\/2022\\\/03\\\/2-2022-03-09-16-28-48-220309_predstavnicki_dom_sjednica_pocetal_96554.jpg\",\"articleSection\":[\"BIH i regija\"],\"inLanguage\":\"hr\"},{\"@type\":\"WebPage\",\"@id\":\"https:\\\/\\\/radioljubuski.ba\\\/index.php\\\/2022\\\/03\\\/09\\\/boskovic-proracun-fbih-trebao-bi-se-razmatrati-28-ozujka-na-sjednici-zastupnickog-doma-pfbih\\\/\",\"url\":\"https:\\\/\\\/radioljubuski.ba\\\/index.php\\\/2022\\\/03\\\/09\\\/boskovic-proracun-fbih-trebao-bi-se-razmatrati-28-ozujka-na-sjednici-zastupnickog-doma-pfbih\\\/\",\"name\":\"Bo\u0161kovi\u0107: Prora\u010dun FBiH trebao bi se razmatrati 28. o\u017eujka na sjednici Zastupni\u010dkog doma PFBiH - RADIO LJUBU\u0160KI\",\"isPartOf\":{\"@id\":\"https:\\\/\\\/radioljubuski.ba\\\/#website\"},\"primaryImageOfPage\":{\"@id\":\"https:\\\/\\\/radioljubuski.ba\\\/index.php\\\/2022\\\/03\\\/09\\\/boskovic-proracun-fbih-trebao-bi-se-razmatrati-28-ozujka-na-sjednici-zastupnickog-doma-pfbih\\\/#primaryimage\"},\"image\":{\"@id\":\"https:\\\/\\\/radioljubuski.ba\\\/index.php\\\/2022\\\/03\\\/09\\\/boskovic-proracun-fbih-trebao-bi-se-razmatrati-28-ozujka-na-sjednici-zastupnickog-doma-pfbih\\\/#primaryimage\"},\"thumbnailUrl\":\"https:\\\/\\\/radioljubuski.ba\\\/wp-content\\\/uploads\\\/2022\\\/03\\\/2-2022-03-09-16-28-48-220309_predstavnicki_dom_sjednica_pocetal_96554.jpg\",\"datePublished\":\"2022-03-09T17:56:09+00:00\",\"dateModified\":\"2022-03-09T17:56:10+00:00\",\"breadcrumb\":{\"@id\":\"https:\\\/\\\/radioljubuski.ba\\\/index.php\\\/2022\\\/03\\\/09\\\/boskovic-proracun-fbih-trebao-bi-se-razmatrati-28-ozujka-na-sjednici-zastupnickog-doma-pfbih\\\/#breadcrumb\"},\"inLanguage\":\"hr\",\"potentialAction\":[{\"@type\":\"ReadAction\",\"target\":[\"https:\\\/\\\/radioljubuski.ba\\\/index.php\\\/2022\\\/03\\\/09\\\/boskovic-proracun-fbih-trebao-bi-se-razmatrati-28-ozujka-na-sjednici-zastupnickog-doma-pfbih\\\/\"]}]},{\"@type\":\"ImageObject\",\"inLanguage\":\"hr\",\"@id\":\"https:\\\/\\\/radioljubuski.ba\\\/index.php\\\/2022\\\/03\\\/09\\\/boskovic-proracun-fbih-trebao-bi-se-razmatrati-28-ozujka-na-sjednici-zastupnickog-doma-pfbih\\\/#primaryimage\",\"url\":\"https:\\\/\\\/radioljubuski.ba\\\/wp-content\\\/uploads\\\/2022\\\/03\\\/2-2022-03-09-16-28-48-220309_predstavnicki_dom_sjednica_pocetal_96554.jpg\",\"contentUrl\":\"https:\\\/\\\/radioljubuski.ba\\\/wp-content\\\/uploads\\\/2022\\\/03\\\/2-2022-03-09-16-28-48-220309_predstavnicki_dom_sjednica_pocetal_96554.jpg\",\"width\":1000,\"height\":625},{\"@type\":\"BreadcrumbList\",\"@id\":\"https:\\\/\\\/radioljubuski.ba\\\/index.php\\\/2022\\\/03\\\/09\\\/boskovic-proracun-fbih-trebao-bi-se-razmatrati-28-ozujka-na-sjednici-zastupnickog-doma-pfbih\\\/#breadcrumb\",\"itemListElement\":[{\"@type\":\"ListItem\",\"position\":1,\"name\":\"Po\u010detna stranica\",\"item\":\"https:\\\/\\\/radioljubuski.ba\\\/\"},{\"@type\":\"ListItem\",\"position\":2,\"name\":\"Bo\u0161kovi\u0107: Prora\u010dun FBiH trebao bi se razmatrati 28. o\u017eujka na sjednici Zastupni\u010dkog doma PFBiH\"}]},{\"@type\":\"WebSite\",\"@id\":\"https:\\\/\\\/radioljubuski.ba\\\/#website\",\"url\":\"https:\\\/\\\/radioljubuski.ba\\\/\",\"name\":\"Radio Ljubu\u0161ki\",\"description\":\"Sun\u010dana frekvencija Hercegovine\",\"publisher\":{\"@id\":\"https:\\\/\\\/radioljubuski.ba\\\/#organization\"},\"potentialAction\":[{\"@type\":\"SearchAction\",\"target\":{\"@type\":\"EntryPoint\",\"urlTemplate\":\"https:\\\/\\\/radioljubuski.ba\\\/?s={search_term_string}\"},\"query-input\":{\"@type\":\"PropertyValueSpecification\",\"valueRequired\":true,\"valueName\":\"search_term_string\"}}],\"inLanguage\":\"hr\"},{\"@type\":\"Organization\",\"@id\":\"https:\\\/\\\/radioljubuski.ba\\\/#organization\",\"name\":\"Radio Ljubu\u0161ki\",\"url\":\"https:\\\/\\\/radioljubuski.ba\\\/\",\"logo\":{\"@type\":\"ImageObject\",\"inLanguage\":\"hr\",\"@id\":\"https:\\\/\\\/radioljubuski.ba\\\/#\\\/schema\\\/logo\\\/image\\\/\",\"url\":\"https:\\\/\\\/radioljubuski.ba\\\/wp-content\\\/uploads\\\/2021\\\/02\\\/cropped-Radio_Ljubuski_logo1.jpg\",\"contentUrl\":\"https:\\\/\\\/radioljubuski.ba\\\/wp-content\\\/uploads\\\/2021\\\/02\\\/cropped-Radio_Ljubuski_logo1.jpg\",\"width\":512,\"height\":512,\"caption\":\"Radio Ljubu\u0161ki\"},\"image\":{\"@id\":\"https:\\\/\\\/radioljubuski.ba\\\/#\\\/schema\\\/logo\\\/image\\\/\"},\"sameAs\":[\"https:\\\/\\\/www.facebook.com\\\/Radiio-Ljubuski-1490835324566332\",\"https:\\\/\\\/x.com\\\/radioljubuski\",\"https:\\\/\\\/hr.linkedin.com\\\/company\\\/radio-ljubuski\",\"https:\\\/\\\/www.youtube.com\\\/channel\\\/UCHYaeO_n0Db3tjNGudGpXyw\"]},{\"@type\":\"Person\",\"@id\":\"https:\\\/\\\/radioljubuski.ba\\\/#\\\/schema\\\/person\\\/19fc700381a780f69665d7956c469e3b\",\"name\":\"Radio Ljubu\u0161ki\"}]}<\/script>\n<!-- \/ Yoast SEO plugin. -->","yoast_head_json":{"title":"Bo\u0161kovi\u0107: Prora\u010dun FBiH trebao bi se razmatrati 28. o\u017eujka na sjednici Zastupni\u010dkog doma PFBiH - RADIO LJUBU\u0160KI","robots":{"index":"index","follow":"follow","max-snippet":"max-snippet:-1","max-image-preview":"max-image-preview:large","max-video-preview":"max-video-preview:-1"},"canonical":"https:\/\/radioljubuski.ba\/index.php\/2022\/03\/09\/boskovic-proracun-fbih-trebao-bi-se-razmatrati-28-ozujka-na-sjednici-zastupnickog-doma-pfbih\/","og_locale":"hr_HR","og_type":"article","og_title":"Bo\u0161kovi\u0107: Prora\u010dun FBiH trebao bi se razmatrati 28. o\u017eujka na sjednici Zastupni\u010dkog doma PFBiH - RADIO LJUBU\u0160KI","og_description":"Potpredsjedavaju\u0107i Zastupni\u010dkog doma Parlamenta Federacije BiH Mladen Bo\u0161kovi\u0107 izjavio je da bi se Prijedlog ovogodi\u0161njeg prora\u010duna Federacije BiH trebao razmatrati 28. o\u017eujka na sjednici tog doma. &#8211; Prema dogovoru jutros na Kolegiju doma planirano je da se najkasnije 28. o\u017eujka odr\u017ei redovita sjednica Zastupni\u010dkog doma na kojoj \u0107e se razmatrati tri akta &#8211; Prijedlog prora\u010duna [&hellip;]","og_url":"https:\/\/radioljubuski.ba\/index.php\/2022\/03\/09\/boskovic-proracun-fbih-trebao-bi-se-razmatrati-28-ozujka-na-sjednici-zastupnickog-doma-pfbih\/","og_site_name":"RADIO LJUBU\u0160KI","article_publisher":"https:\/\/www.facebook.com\/Radiio-Ljubuski-1490835324566332","article_published_time":"2022-03-09T17:56:09+00:00","article_modified_time":"2022-03-09T17:56:10+00:00","og_image":[{"width":1000,"height":625,"url":"https:\/\/radioljubuski.ba\/wp-content\/uploads\/2022\/03\/2-2022-03-09-16-28-48-220309_predstavnicki_dom_sjednica_pocetal_96554.jpg","type":"image\/jpeg"}],"author":"Radio Ljubu\u0161ki","twitter_card":"summary_large_image","twitter_creator":"@radioljubuski","twitter_site":"@radioljubuski","twitter_misc":{"Napisao\/la":"Radio Ljubu\u0161ki","Procijenjeno vrijeme \u010ditanja":"1 minuta"},"schema":{"@context":"https:\/\/schema.org","@graph":[{"@type":"Article","@id":"https:\/\/radioljubuski.ba\/index.php\/2022\/03\/09\/boskovic-proracun-fbih-trebao-bi-se-razmatrati-28-ozujka-na-sjednici-zastupnickog-doma-pfbih\/#article","isPartOf":{"@id":"https:\/\/radioljubuski.ba\/index.php\/2022\/03\/09\/boskovic-proracun-fbih-trebao-bi-se-razmatrati-28-ozujka-na-sjednici-zastupnickog-doma-pfbih\/"},"author":{"name":"Radio Ljubu\u0161ki","@id":"https:\/\/radioljubuski.ba\/#\/schema\/person\/19fc700381a780f69665d7956c469e3b"},"headline":"Bo\u0161kovi\u0107: Prora\u010dun FBiH trebao bi se razmatrati 28. o\u017eujka na sjednici Zastupni\u010dkog doma PFBiH","datePublished":"2022-03-09T17:56:09+00:00","dateModified":"2022-03-09T17:56:10+00:00","mainEntityOfPage":{"@id":"https:\/\/radioljubuski.ba\/index.php\/2022\/03\/09\/boskovic-proracun-fbih-trebao-bi-se-razmatrati-28-ozujka-na-sjednici-zastupnickog-doma-pfbih\/"},"wordCount":229,"publisher":{"@id":"https:\/\/radioljubuski.ba\/#organization"},"image":{"@id":"https:\/\/radioljubuski.ba\/index.php\/2022\/03\/09\/boskovic-proracun-fbih-trebao-bi-se-razmatrati-28-ozujka-na-sjednici-zastupnickog-doma-pfbih\/#primaryimage"},"thumbnailUrl":"https:\/\/radioljubuski.ba\/wp-content\/uploads\/2022\/03\/2-2022-03-09-16-28-48-220309_predstavnicki_dom_sjednica_pocetal_96554.jpg","articleSection":["BIH i regija"],"inLanguage":"hr"},{"@type":"WebPage","@id":"https:\/\/radioljubuski.ba\/index.php\/2022\/03\/09\/boskovic-proracun-fbih-trebao-bi-se-razmatrati-28-ozujka-na-sjednici-zastupnickog-doma-pfbih\/","url":"https:\/\/radioljubuski.ba\/index.php\/2022\/03\/09\/boskovic-proracun-fbih-trebao-bi-se-razmatrati-28-ozujka-na-sjednici-zastupnickog-doma-pfbih\/","name":"Bo\u0161kovi\u0107: Prora\u010dun FBiH trebao bi se razmatrati 28. o\u017eujka na sjednici Zastupni\u010dkog doma PFBiH - RADIO LJUBU\u0160KI","isPartOf":{"@id":"https:\/\/radioljubuski.ba\/#website"},"primaryImageOfPage":{"@id":"https:\/\/radioljubuski.ba\/index.php\/2022\/03\/09\/boskovic-proracun-fbih-trebao-bi-se-razmatrati-28-ozujka-na-sjednici-zastupnickog-doma-pfbih\/#primaryimage"},"image":{"@id":"https:\/\/radioljubuski.ba\/index.php\/2022\/03\/09\/boskovic-proracun-fbih-trebao-bi-se-razmatrati-28-ozujka-na-sjednici-zastupnickog-doma-pfbih\/#primaryimage"},"thumbnailUrl":"https:\/\/radioljubuski.ba\/wp-content\/uploads\/2022\/03\/2-2022-03-09-16-28-48-220309_predstavnicki_dom_sjednica_pocetal_96554.jpg","datePublished":"2022-03-09T17:56:09+00:00","dateModified":"2022-03-09T17:56:10+00:00","breadcrumb":{"@id":"https:\/\/radioljubuski.ba\/index.php\/2022\/03\/09\/boskovic-proracun-fbih-trebao-bi-se-razmatrati-28-ozujka-na-sjednici-zastupnickog-doma-pfbih\/#breadcrumb"},"inLanguage":"hr","potentialAction":[{"@type":"ReadAction","target":["https:\/\/radioljubuski.ba\/index.php\/2022\/03\/09\/boskovic-proracun-fbih-trebao-bi-se-razmatrati-28-ozujka-na-sjednici-zastupnickog-doma-pfbih\/"]}]},{"@type":"ImageObject","inLanguage":"hr","@id":"https:\/\/radioljubuski.ba\/index.php\/2022\/03\/09\/boskovic-proracun-fbih-trebao-bi-se-razmatrati-28-ozujka-na-sjednici-zastupnickog-doma-pfbih\/#primaryimage","url":"https:\/\/radioljubuski.ba\/wp-content\/uploads\/2022\/03\/2-2022-03-09-16-28-48-220309_predstavnicki_dom_sjednica_pocetal_96554.jpg","contentUrl":"https:\/\/radioljubuski.ba\/wp-content\/uploads\/2022\/03\/2-2022-03-09-16-28-48-220309_predstavnicki_dom_sjednica_pocetal_96554.jpg","width":1000,"height":625},{"@type":"BreadcrumbList","@id":"https:\/\/radioljubuski.ba\/index.php\/2022\/03\/09\/boskovic-proracun-fbih-trebao-bi-se-razmatrati-28-ozujka-na-sjednici-zastupnickog-doma-pfbih\/#breadcrumb","itemListElement":[{"@type":"ListItem","position":1,"name":"Po\u010detna stranica","item":"https:\/\/radioljubuski.ba\/"},{"@type":"ListItem","position":2,"name":"Bo\u0161kovi\u0107: Prora\u010dun FBiH trebao bi se razmatrati 28. o\u017eujka na sjednici Zastupni\u010dkog doma PFBiH"}]},{"@type":"WebSite","@id":"https:\/\/radioljubuski.ba\/#website","url":"https:\/\/radioljubuski.ba\/","name":"Radio Ljubu\u0161ki","description":"Sun\u010dana frekvencija Hercegovine","publisher":{"@id":"https:\/\/radioljubuski.ba\/#organization"},"potentialAction":[{"@type":"SearchAction","target":{"@type":"EntryPoint","urlTemplate":"https:\/\/radioljubuski.ba\/?s={search_term_string}"},"query-input":{"@type":"PropertyValueSpecification","valueRequired":true,"valueName":"search_term_string"}}],"inLanguage":"hr"},{"@type":"Organization","@id":"https:\/\/radioljubuski.ba\/#organization","name":"Radio Ljubu\u0161ki","url":"https:\/\/radioljubuski.ba\/","logo":{"@type":"ImageObject","inLanguage":"hr","@id":"https:\/\/radioljubuski.ba\/#\/schema\/logo\/image\/","url":"https:\/\/radioljubuski.ba\/wp-content\/uploads\/2021\/02\/cropped-Radio_Ljubuski_logo1.jpg","contentUrl":"https:\/\/radioljubuski.ba\/wp-content\/uploads\/2021\/02\/cropped-Radio_Ljubuski_logo1.jpg","width":512,"height":512,"caption":"Radio Ljubu\u0161ki"},"image":{"@id":"https:\/\/radioljubuski.ba\/#\/schema\/logo\/image\/"},"sameAs":["https:\/\/www.facebook.com\/Radiio-Ljubuski-1490835324566332","https:\/\/x.com\/radioljubuski","https:\/\/hr.linkedin.com\/company\/radio-ljubuski","https:\/\/www.youtube.com\/channel\/UCHYaeO_n0Db3tjNGudGpXyw"]},{"@type":"Person","@id":"https:\/\/radioljubuski.ba\/#\/schema\/person\/19fc700381a780f69665d7956c469e3b","name":"Radio Ljubu\u0161ki"}]}},"_links":{"self":[{"href":"https:\/\/radioljubuski.ba\/index.php\/wp-json\/wp\/v2\/posts\/119750","targetHints":{"allow":["GET"]}}],"collection":[{"href":"https:\/\/radioljubuski.ba\/index.php\/wp-json\/wp\/v2\/posts"}],"about":[{"href":"https:\/\/radioljubuski.ba\/index.php\/wp-json\/wp\/v2\/types\/post"}],"author":[{"embeddable":true,"href":"https:\/\/radioljubuski.ba\/index.php\/wp-json\/wp\/v2\/users\/2"}],"replies":[{"embeddable":true,"href":"https:\/\/radioljubuski.ba\/index.php\/wp-json\/wp\/v2\/comments?post=119750"}],"version-history":[{"count":1,"href":"https:\/\/radioljubuski.ba\/index.php\/wp-json\/wp\/v2\/posts\/119750\/revisions"}],"predecessor-version":[{"id":119752,"href":"https:\/\/radioljubuski.ba\/index.php\/wp-json\/wp\/v2\/posts\/119750\/revisions\/119752"}],"wp:featuredmedia":[{"embeddable":true,"href":"https:\/\/radioljubuski.ba\/index.php\/wp-json\/wp\/v2\/media\/119751"}],"wp:attachment":[{"href":"https:\/\/radioljubuski.ba\/index.php\/wp-json\/wp\/v2\/media?parent=119750"}],"wp:term":[{"taxonomy":"category","embeddable":true,"href":"https:\/\/radioljubuski.ba\/index.php\/wp-json\/wp\/v2\/categories?post=119750"},{"taxonomy":"post_tag","embeddable":true,"href":"https:\/\/radioljubuski.ba\/index.php\/wp-json\/wp\/v2\/tags?post=119750"}],"curies":[{"name":"wp","href":"https:\/\/api.w.org\/{rel}","templated":true}]}}