{"id":119781,"date":"2022-03-10T10:36:09","date_gmt":"2022-03-10T09:36:09","guid":{"rendered":"https:\/\/radioljubuski.ba\/?p=119781"},"modified":"2022-03-10T10:36:10","modified_gmt":"2022-03-10T09:36:10","slug":"hoce-li-pad-eura-u-odnosu-na-dolar-imati-negativan-utjecaj-na-bih-i-konvertibilnu-marku","status":"publish","type":"post","link":"https:\/\/radioljubuski.ba\/index.php\/2022\/03\/10\/hoce-li-pad-eura-u-odnosu-na-dolar-imati-negativan-utjecaj-na-bih-i-konvertibilnu-marku\/","title":{"rendered":"Ho\u0107e li pad eura u odnosu na dolar imati negativan utjecaj na BiH i konvertibilnu marku?"},"content":{"rendered":"\n<p>Ruski napad na Ukrajinu je unio nemir u svjetsku ekonomiju. Od kraja velja\u010de svjedo\u010dimo brojnim nestabilnostima cijena, ali i valuta.<\/p>\n\n\n\n<p>Euro je po\u010detkom ovog tjedna imao rekordan pad u posljednja 22 mjeseca u odnosu na dolar, a s obzirom na to da je konvertibilna marka povezana s eurom, postavlja se pitanje kako \u0107e sve utjecati na nas.<\/p>\n\n\n\n<p>Ono \u0161to se de\u0161ava na istoku Europe \u0107e nas na neki na\u010din sigurno pogoditi, kao i ostatak svijeta. Nakon \u0161to su se u sukob uklju\u010dile evropske i ameri\u010dke sankcije, postalo je jasno da \u0107e svjetsko tr\u017ei\u0161te pretrpjeti promjene.<\/p>\n\n\n\n<p>U narednom periodu je realno o\u010dekivati poskupljenje hrane s obzirom na to da su Rusija i Ukrajina zna\u010dajni izvoznici. Me\u0111utim, problemi su za energiju i valute ve\u0107 sada realnost.<\/p>\n\n\n\n<p>U ponedjeljak je euro dosegao najni\u017eu vrijednost u odnosu na dolar u posljednja 22 mjeseca, ali je jutros ponovo porastao. Bez obzira na taj rast, i dalje je na mnogo ni\u017eem nivou od prije po\u010detka izbijanja rata. S obzirom na to da je konvertibilna marka koju koristimo u BiH povezana s eurom te se zajedno s njim i kre\u0107e na tr\u017ei\u0161tu, slabljenje eura u odnosu na dolar bi moglo imati i neke implikacije na nas, prenosi Klix.<\/p>\n\n\n\n<p>Ekonomski stru\u010dnjaci nagla\u0161avaju da stanovni\u0161tvo ne treba biti zabrinuto za konvertibilnu marku, jer je valutni sustav koji imamo u BiH jedno od najboljih rje\u0161enja.<\/p>\n\n\n\n<p>&#8220;Vrijednost eura u odnosu na dolar ne\u0107e imati implikacije prema konvertibilnoj marki&#8221;, potvrdio nam je to Damir Be\u0107irovi\u0107.<\/p>\n\n\n\n<p>Kako poja\u0161njava, odnos eura i KM je uvijek fiksan, zbog toga pad eura u odnosu na dolar nema utjecaja na KM, ali taj pad ima implikacije na odnos konvertibilne marke na dolar. Isti\u010de da, ukoliko do\u0111e do daljnjeg pada eura, neke stvari u BiH bi ipak mogle poskupjeti.<\/p>\n\n\n\n<p>&#8220;Poskupjet \u0107e sve \u0161to se uvozi iz SAD-a. Dolar je vezan za naftu, samim tim \u0107e porasti cijene transporta robe&#8221;, isti\u010de on.<\/p>\n\n\n\n<p>Sre\u0107a za BiH je ta \u0161to ne uvozi mnogo robe iz Amerike pa konkretno pad eura u odnosu na dolar ne mo\u017ee u znatnoj mjeri utjecati na nas, no svi problemi koji pogode Evropu ne\u0107e zaobi\u0107i ni Balkan.<\/p>\n\n\n\n<p>Izvor:klix.ba<\/p>\n","protected":false},"excerpt":{"rendered":"<p>Ruski napad na Ukrajinu je unio nemir u svjetsku ekonomiju. Od kraja velja\u010de svjedo\u010dimo brojnim nestabilnostima cijena, ali i valuta. Euro je po\u010detkom ovog tjedna imao rekordan pad u posljednja 22 mjeseca u odnosu na dolar, a s obzirom na to da je konvertibilna marka povezana s eurom, postavlja se pitanje kako \u0107e sve utjecati [&hellip;]<\/p>\n","protected":false},"author":2,"featured_media":62338,"comment_status":"closed","ping_status":"closed","sticky":false,"template":"","format":"standard","meta":{"h5ap_radio_sources":[],"footnotes":""},"categories":[1],"tags":[],"class_list":["post-119781","post","type-post","status-publish","format-standard","has-post-thumbnail","hentry","category-bihiregija"],"yoast_head":"<!-- This site is optimized with the Yoast SEO plugin v27.5 - https:\/\/yoast.com\/product\/yoast-seo-wordpress\/ -->\n<title>Ho\u0107e li pad eura u odnosu na dolar imati negativan utjecaj na BiH i konvertibilnu marku? - RADIO LJUBU\u0160KI<\/title>\n<meta name=\"robots\" content=\"index, follow, max-snippet:-1, max-image-preview:large, max-video-preview:-1\" \/>\n<link rel=\"canonical\" href=\"https:\/\/radioljubuski.ba\/index.php\/2022\/03\/10\/hoce-li-pad-eura-u-odnosu-na-dolar-imati-negativan-utjecaj-na-bih-i-konvertibilnu-marku\/\" \/>\n<meta property=\"og:locale\" content=\"hr_HR\" \/>\n<meta property=\"og:type\" content=\"article\" \/>\n<meta property=\"og:title\" content=\"Ho\u0107e li pad eura u odnosu na dolar imati negativan utjecaj na BiH i konvertibilnu marku? - RADIO LJUBU\u0160KI\" \/>\n<meta property=\"og:description\" content=\"Ruski napad na Ukrajinu je unio nemir u svjetsku ekonomiju. Od kraja velja\u010de svjedo\u010dimo brojnim nestabilnostima cijena, ali i valuta. Euro je po\u010detkom ovog tjedna imao rekordan pad u posljednja 22 mjeseca u odnosu na dolar, a s obzirom na to da je konvertibilna marka povezana s eurom, postavlja se pitanje kako \u0107e sve utjecati [&hellip;]\" \/>\n<meta property=\"og:url\" content=\"https:\/\/radioljubuski.ba\/index.php\/2022\/03\/10\/hoce-li-pad-eura-u-odnosu-na-dolar-imati-negativan-utjecaj-na-bih-i-konvertibilnu-marku\/\" \/>\n<meta property=\"og:site_name\" content=\"RADIO LJUBU\u0160KI\" \/>\n<meta property=\"article:publisher\" content=\"https:\/\/www.facebook.com\/Radiio-Ljubuski-1490835324566332\" \/>\n<meta property=\"article:published_time\" content=\"2022-03-10T09:36:09+00:00\" \/>\n<meta property=\"article:modified_time\" content=\"2022-03-10T09:36:10+00:00\" \/>\n<meta property=\"og:image\" content=\"https:\/\/radioljubuski.ba\/wp-content\/uploads\/2021\/09\/rFyATqOp_novac_marke_ilustracija_RSA.jpg\" \/>\n\t<meta property=\"og:image:width\" content=\"1000\" \/>\n\t<meta property=\"og:image:height\" content=\"625\" \/>\n\t<meta property=\"og:image:type\" content=\"image\/jpeg\" \/>\n<meta name=\"author\" content=\"Radio Ljubu\u0161ki\" \/>\n<meta name=\"twitter:card\" content=\"summary_large_image\" \/>\n<meta name=\"twitter:creator\" content=\"@radioljubuski\" \/>\n<meta name=\"twitter:site\" content=\"@radioljubuski\" \/>\n<meta name=\"twitter:label1\" content=\"Napisao\/la\" \/>\n\t<meta name=\"twitter:data1\" content=\"Radio Ljubu\u0161ki\" \/>\n\t<meta name=\"twitter:label2\" content=\"Procijenjeno vrijeme \u010ditanja\" \/>\n\t<meta name=\"twitter:data2\" content=\"2 minute\" \/>\n<script type=\"application\/ld+json\" class=\"yoast-schema-graph\">{\"@context\":\"https:\\\/\\\/schema.org\",\"@graph\":[{\"@type\":\"Article\",\"@id\":\"https:\\\/\\\/radioljubuski.ba\\\/index.php\\\/2022\\\/03\\\/10\\\/hoce-li-pad-eura-u-odnosu-na-dolar-imati-negativan-utjecaj-na-bih-i-konvertibilnu-marku\\\/#article\",\"isPartOf\":{\"@id\":\"https:\\\/\\\/radioljubuski.ba\\\/index.php\\\/2022\\\/03\\\/10\\\/hoce-li-pad-eura-u-odnosu-na-dolar-imati-negativan-utjecaj-na-bih-i-konvertibilnu-marku\\\/\"},\"author\":{\"name\":\"Radio Ljubu\u0161ki\",\"@id\":\"https:\\\/\\\/radioljubuski.ba\\\/#\\\/schema\\\/person\\\/19fc700381a780f69665d7956c469e3b\"},\"headline\":\"Ho\u0107e li pad eura u odnosu na dolar imati negativan utjecaj na BiH i konvertibilnu marku?\",\"datePublished\":\"2022-03-10T09:36:09+00:00\",\"dateModified\":\"2022-03-10T09:36:10+00:00\",\"mainEntityOfPage\":{\"@id\":\"https:\\\/\\\/radioljubuski.ba\\\/index.php\\\/2022\\\/03\\\/10\\\/hoce-li-pad-eura-u-odnosu-na-dolar-imati-negativan-utjecaj-na-bih-i-konvertibilnu-marku\\\/\"},\"wordCount\":401,\"publisher\":{\"@id\":\"https:\\\/\\\/radioljubuski.ba\\\/#organization\"},\"image\":{\"@id\":\"https:\\\/\\\/radioljubuski.ba\\\/index.php\\\/2022\\\/03\\\/10\\\/hoce-li-pad-eura-u-odnosu-na-dolar-imati-negativan-utjecaj-na-bih-i-konvertibilnu-marku\\\/#primaryimage\"},\"thumbnailUrl\":\"https:\\\/\\\/radioljubuski.ba\\\/wp-content\\\/uploads\\\/2021\\\/09\\\/rFyATqOp_novac_marke_ilustracija_RSA.jpg\",\"articleSection\":[\"BIH i regija\"],\"inLanguage\":\"hr\"},{\"@type\":\"WebPage\",\"@id\":\"https:\\\/\\\/radioljubuski.ba\\\/index.php\\\/2022\\\/03\\\/10\\\/hoce-li-pad-eura-u-odnosu-na-dolar-imati-negativan-utjecaj-na-bih-i-konvertibilnu-marku\\\/\",\"url\":\"https:\\\/\\\/radioljubuski.ba\\\/index.php\\\/2022\\\/03\\\/10\\\/hoce-li-pad-eura-u-odnosu-na-dolar-imati-negativan-utjecaj-na-bih-i-konvertibilnu-marku\\\/\",\"name\":\"Ho\u0107e li pad eura u odnosu na dolar imati negativan utjecaj na BiH i konvertibilnu marku? - RADIO LJUBU\u0160KI\",\"isPartOf\":{\"@id\":\"https:\\\/\\\/radioljubuski.ba\\\/#website\"},\"primaryImageOfPage\":{\"@id\":\"https:\\\/\\\/radioljubuski.ba\\\/index.php\\\/2022\\\/03\\\/10\\\/hoce-li-pad-eura-u-odnosu-na-dolar-imati-negativan-utjecaj-na-bih-i-konvertibilnu-marku\\\/#primaryimage\"},\"image\":{\"@id\":\"https:\\\/\\\/radioljubuski.ba\\\/index.php\\\/2022\\\/03\\\/10\\\/hoce-li-pad-eura-u-odnosu-na-dolar-imati-negativan-utjecaj-na-bih-i-konvertibilnu-marku\\\/#primaryimage\"},\"thumbnailUrl\":\"https:\\\/\\\/radioljubuski.ba\\\/wp-content\\\/uploads\\\/2021\\\/09\\\/rFyATqOp_novac_marke_ilustracija_RSA.jpg\",\"datePublished\":\"2022-03-10T09:36:09+00:00\",\"dateModified\":\"2022-03-10T09:36:10+00:00\",\"breadcrumb\":{\"@id\":\"https:\\\/\\\/radioljubuski.ba\\\/index.php\\\/2022\\\/03\\\/10\\\/hoce-li-pad-eura-u-odnosu-na-dolar-imati-negativan-utjecaj-na-bih-i-konvertibilnu-marku\\\/#breadcrumb\"},\"inLanguage\":\"hr\",\"potentialAction\":[{\"@type\":\"ReadAction\",\"target\":[\"https:\\\/\\\/radioljubuski.ba\\\/index.php\\\/2022\\\/03\\\/10\\\/hoce-li-pad-eura-u-odnosu-na-dolar-imati-negativan-utjecaj-na-bih-i-konvertibilnu-marku\\\/\"]}]},{\"@type\":\"ImageObject\",\"inLanguage\":\"hr\",\"@id\":\"https:\\\/\\\/radioljubuski.ba\\\/index.php\\\/2022\\\/03\\\/10\\\/hoce-li-pad-eura-u-odnosu-na-dolar-imati-negativan-utjecaj-na-bih-i-konvertibilnu-marku\\\/#primaryimage\",\"url\":\"https:\\\/\\\/radioljubuski.ba\\\/wp-content\\\/uploads\\\/2021\\\/09\\\/rFyATqOp_novac_marke_ilustracija_RSA.jpg\",\"contentUrl\":\"https:\\\/\\\/radioljubuski.ba\\\/wp-content\\\/uploads\\\/2021\\\/09\\\/rFyATqOp_novac_marke_ilustracija_RSA.jpg\",\"width\":1000,\"height\":625},{\"@type\":\"BreadcrumbList\",\"@id\":\"https:\\\/\\\/radioljubuski.ba\\\/index.php\\\/2022\\\/03\\\/10\\\/hoce-li-pad-eura-u-odnosu-na-dolar-imati-negativan-utjecaj-na-bih-i-konvertibilnu-marku\\\/#breadcrumb\",\"itemListElement\":[{\"@type\":\"ListItem\",\"position\":1,\"name\":\"Po\u010detna stranica\",\"item\":\"https:\\\/\\\/radioljubuski.ba\\\/\"},{\"@type\":\"ListItem\",\"position\":2,\"name\":\"Ho\u0107e li pad eura u odnosu na dolar imati negativan utjecaj na BiH i konvertibilnu marku?\"}]},{\"@type\":\"WebSite\",\"@id\":\"https:\\\/\\\/radioljubuski.ba\\\/#website\",\"url\":\"https:\\\/\\\/radioljubuski.ba\\\/\",\"name\":\"Radio Ljubu\u0161ki\",\"description\":\"Sun\u010dana frekvencija Hercegovine\",\"publisher\":{\"@id\":\"https:\\\/\\\/radioljubuski.ba\\\/#organization\"},\"potentialAction\":[{\"@type\":\"SearchAction\",\"target\":{\"@type\":\"EntryPoint\",\"urlTemplate\":\"https:\\\/\\\/radioljubuski.ba\\\/?s={search_term_string}\"},\"query-input\":{\"@type\":\"PropertyValueSpecification\",\"valueRequired\":true,\"valueName\":\"search_term_string\"}}],\"inLanguage\":\"hr\"},{\"@type\":\"Organization\",\"@id\":\"https:\\\/\\\/radioljubuski.ba\\\/#organization\",\"name\":\"Radio Ljubu\u0161ki\",\"url\":\"https:\\\/\\\/radioljubuski.ba\\\/\",\"logo\":{\"@type\":\"ImageObject\",\"inLanguage\":\"hr\",\"@id\":\"https:\\\/\\\/radioljubuski.ba\\\/#\\\/schema\\\/logo\\\/image\\\/\",\"url\":\"https:\\\/\\\/radioljubuski.ba\\\/wp-content\\\/uploads\\\/2021\\\/02\\\/cropped-Radio_Ljubuski_logo1.jpg\",\"contentUrl\":\"https:\\\/\\\/radioljubuski.ba\\\/wp-content\\\/uploads\\\/2021\\\/02\\\/cropped-Radio_Ljubuski_logo1.jpg\",\"width\":512,\"height\":512,\"caption\":\"Radio Ljubu\u0161ki\"},\"image\":{\"@id\":\"https:\\\/\\\/radioljubuski.ba\\\/#\\\/schema\\\/logo\\\/image\\\/\"},\"sameAs\":[\"https:\\\/\\\/www.facebook.com\\\/Radiio-Ljubuski-1490835324566332\",\"https:\\\/\\\/x.com\\\/radioljubuski\",\"https:\\\/\\\/hr.linkedin.com\\\/company\\\/radio-ljubuski\",\"https:\\\/\\\/www.youtube.com\\\/channel\\\/UCHYaeO_n0Db3tjNGudGpXyw\"]},{\"@type\":\"Person\",\"@id\":\"https:\\\/\\\/radioljubuski.ba\\\/#\\\/schema\\\/person\\\/19fc700381a780f69665d7956c469e3b\",\"name\":\"Radio Ljubu\u0161ki\"}]}<\/script>\n<!-- \/ Yoast SEO plugin. -->","yoast_head_json":{"title":"Ho\u0107e li pad eura u odnosu na dolar imati negativan utjecaj na BiH i konvertibilnu marku? - RADIO LJUBU\u0160KI","robots":{"index":"index","follow":"follow","max-snippet":"max-snippet:-1","max-image-preview":"max-image-preview:large","max-video-preview":"max-video-preview:-1"},"canonical":"https:\/\/radioljubuski.ba\/index.php\/2022\/03\/10\/hoce-li-pad-eura-u-odnosu-na-dolar-imati-negativan-utjecaj-na-bih-i-konvertibilnu-marku\/","og_locale":"hr_HR","og_type":"article","og_title":"Ho\u0107e li pad eura u odnosu na dolar imati negativan utjecaj na BiH i konvertibilnu marku? - RADIO LJUBU\u0160KI","og_description":"Ruski napad na Ukrajinu je unio nemir u svjetsku ekonomiju. Od kraja velja\u010de svjedo\u010dimo brojnim nestabilnostima cijena, ali i valuta. Euro je po\u010detkom ovog tjedna imao rekordan pad u posljednja 22 mjeseca u odnosu na dolar, a s obzirom na to da je konvertibilna marka povezana s eurom, postavlja se pitanje kako \u0107e sve utjecati [&hellip;]","og_url":"https:\/\/radioljubuski.ba\/index.php\/2022\/03\/10\/hoce-li-pad-eura-u-odnosu-na-dolar-imati-negativan-utjecaj-na-bih-i-konvertibilnu-marku\/","og_site_name":"RADIO LJUBU\u0160KI","article_publisher":"https:\/\/www.facebook.com\/Radiio-Ljubuski-1490835324566332","article_published_time":"2022-03-10T09:36:09+00:00","article_modified_time":"2022-03-10T09:36:10+00:00","og_image":[{"width":1000,"height":625,"url":"https:\/\/radioljubuski.ba\/wp-content\/uploads\/2021\/09\/rFyATqOp_novac_marke_ilustracija_RSA.jpg","type":"image\/jpeg"}],"author":"Radio Ljubu\u0161ki","twitter_card":"summary_large_image","twitter_creator":"@radioljubuski","twitter_site":"@radioljubuski","twitter_misc":{"Napisao\/la":"Radio Ljubu\u0161ki","Procijenjeno vrijeme \u010ditanja":"2 minute"},"schema":{"@context":"https:\/\/schema.org","@graph":[{"@type":"Article","@id":"https:\/\/radioljubuski.ba\/index.php\/2022\/03\/10\/hoce-li-pad-eura-u-odnosu-na-dolar-imati-negativan-utjecaj-na-bih-i-konvertibilnu-marku\/#article","isPartOf":{"@id":"https:\/\/radioljubuski.ba\/index.php\/2022\/03\/10\/hoce-li-pad-eura-u-odnosu-na-dolar-imati-negativan-utjecaj-na-bih-i-konvertibilnu-marku\/"},"author":{"name":"Radio Ljubu\u0161ki","@id":"https:\/\/radioljubuski.ba\/#\/schema\/person\/19fc700381a780f69665d7956c469e3b"},"headline":"Ho\u0107e li pad eura u odnosu na dolar imati negativan utjecaj na BiH i konvertibilnu marku?","datePublished":"2022-03-10T09:36:09+00:00","dateModified":"2022-03-10T09:36:10+00:00","mainEntityOfPage":{"@id":"https:\/\/radioljubuski.ba\/index.php\/2022\/03\/10\/hoce-li-pad-eura-u-odnosu-na-dolar-imati-negativan-utjecaj-na-bih-i-konvertibilnu-marku\/"},"wordCount":401,"publisher":{"@id":"https:\/\/radioljubuski.ba\/#organization"},"image":{"@id":"https:\/\/radioljubuski.ba\/index.php\/2022\/03\/10\/hoce-li-pad-eura-u-odnosu-na-dolar-imati-negativan-utjecaj-na-bih-i-konvertibilnu-marku\/#primaryimage"},"thumbnailUrl":"https:\/\/radioljubuski.ba\/wp-content\/uploads\/2021\/09\/rFyATqOp_novac_marke_ilustracija_RSA.jpg","articleSection":["BIH i regija"],"inLanguage":"hr"},{"@type":"WebPage","@id":"https:\/\/radioljubuski.ba\/index.php\/2022\/03\/10\/hoce-li-pad-eura-u-odnosu-na-dolar-imati-negativan-utjecaj-na-bih-i-konvertibilnu-marku\/","url":"https:\/\/radioljubuski.ba\/index.php\/2022\/03\/10\/hoce-li-pad-eura-u-odnosu-na-dolar-imati-negativan-utjecaj-na-bih-i-konvertibilnu-marku\/","name":"Ho\u0107e li pad eura u odnosu na dolar imati negativan utjecaj na BiH i konvertibilnu marku? - RADIO LJUBU\u0160KI","isPartOf":{"@id":"https:\/\/radioljubuski.ba\/#website"},"primaryImageOfPage":{"@id":"https:\/\/radioljubuski.ba\/index.php\/2022\/03\/10\/hoce-li-pad-eura-u-odnosu-na-dolar-imati-negativan-utjecaj-na-bih-i-konvertibilnu-marku\/#primaryimage"},"image":{"@id":"https:\/\/radioljubuski.ba\/index.php\/2022\/03\/10\/hoce-li-pad-eura-u-odnosu-na-dolar-imati-negativan-utjecaj-na-bih-i-konvertibilnu-marku\/#primaryimage"},"thumbnailUrl":"https:\/\/radioljubuski.ba\/wp-content\/uploads\/2021\/09\/rFyATqOp_novac_marke_ilustracija_RSA.jpg","datePublished":"2022-03-10T09:36:09+00:00","dateModified":"2022-03-10T09:36:10+00:00","breadcrumb":{"@id":"https:\/\/radioljubuski.ba\/index.php\/2022\/03\/10\/hoce-li-pad-eura-u-odnosu-na-dolar-imati-negativan-utjecaj-na-bih-i-konvertibilnu-marku\/#breadcrumb"},"inLanguage":"hr","potentialAction":[{"@type":"ReadAction","target":["https:\/\/radioljubuski.ba\/index.php\/2022\/03\/10\/hoce-li-pad-eura-u-odnosu-na-dolar-imati-negativan-utjecaj-na-bih-i-konvertibilnu-marku\/"]}]},{"@type":"ImageObject","inLanguage":"hr","@id":"https:\/\/radioljubuski.ba\/index.php\/2022\/03\/10\/hoce-li-pad-eura-u-odnosu-na-dolar-imati-negativan-utjecaj-na-bih-i-konvertibilnu-marku\/#primaryimage","url":"https:\/\/radioljubuski.ba\/wp-content\/uploads\/2021\/09\/rFyATqOp_novac_marke_ilustracija_RSA.jpg","contentUrl":"https:\/\/radioljubuski.ba\/wp-content\/uploads\/2021\/09\/rFyATqOp_novac_marke_ilustracija_RSA.jpg","width":1000,"height":625},{"@type":"BreadcrumbList","@id":"https:\/\/radioljubuski.ba\/index.php\/2022\/03\/10\/hoce-li-pad-eura-u-odnosu-na-dolar-imati-negativan-utjecaj-na-bih-i-konvertibilnu-marku\/#breadcrumb","itemListElement":[{"@type":"ListItem","position":1,"name":"Po\u010detna stranica","item":"https:\/\/radioljubuski.ba\/"},{"@type":"ListItem","position":2,"name":"Ho\u0107e li pad eura u odnosu na dolar imati negativan utjecaj na BiH i konvertibilnu marku?"}]},{"@type":"WebSite","@id":"https:\/\/radioljubuski.ba\/#website","url":"https:\/\/radioljubuski.ba\/","name":"Radio Ljubu\u0161ki","description":"Sun\u010dana frekvencija Hercegovine","publisher":{"@id":"https:\/\/radioljubuski.ba\/#organization"},"potentialAction":[{"@type":"SearchAction","target":{"@type":"EntryPoint","urlTemplate":"https:\/\/radioljubuski.ba\/?s={search_term_string}"},"query-input":{"@type":"PropertyValueSpecification","valueRequired":true,"valueName":"search_term_string"}}],"inLanguage":"hr"},{"@type":"Organization","@id":"https:\/\/radioljubuski.ba\/#organization","name":"Radio Ljubu\u0161ki","url":"https:\/\/radioljubuski.ba\/","logo":{"@type":"ImageObject","inLanguage":"hr","@id":"https:\/\/radioljubuski.ba\/#\/schema\/logo\/image\/","url":"https:\/\/radioljubuski.ba\/wp-content\/uploads\/2021\/02\/cropped-Radio_Ljubuski_logo1.jpg","contentUrl":"https:\/\/radioljubuski.ba\/wp-content\/uploads\/2021\/02\/cropped-Radio_Ljubuski_logo1.jpg","width":512,"height":512,"caption":"Radio Ljubu\u0161ki"},"image":{"@id":"https:\/\/radioljubuski.ba\/#\/schema\/logo\/image\/"},"sameAs":["https:\/\/www.facebook.com\/Radiio-Ljubuski-1490835324566332","https:\/\/x.com\/radioljubuski","https:\/\/hr.linkedin.com\/company\/radio-ljubuski","https:\/\/www.youtube.com\/channel\/UCHYaeO_n0Db3tjNGudGpXyw"]},{"@type":"Person","@id":"https:\/\/radioljubuski.ba\/#\/schema\/person\/19fc700381a780f69665d7956c469e3b","name":"Radio Ljubu\u0161ki"}]}},"_links":{"self":[{"href":"https:\/\/radioljubuski.ba\/index.php\/wp-json\/wp\/v2\/posts\/119781","targetHints":{"allow":["GET"]}}],"collection":[{"href":"https:\/\/radioljubuski.ba\/index.php\/wp-json\/wp\/v2\/posts"}],"about":[{"href":"https:\/\/radioljubuski.ba\/index.php\/wp-json\/wp\/v2\/types\/post"}],"author":[{"embeddable":true,"href":"https:\/\/radioljubuski.ba\/index.php\/wp-json\/wp\/v2\/users\/2"}],"replies":[{"embeddable":true,"href":"https:\/\/radioljubuski.ba\/index.php\/wp-json\/wp\/v2\/comments?post=119781"}],"version-history":[{"count":1,"href":"https:\/\/radioljubuski.ba\/index.php\/wp-json\/wp\/v2\/posts\/119781\/revisions"}],"predecessor-version":[{"id":119782,"href":"https:\/\/radioljubuski.ba\/index.php\/wp-json\/wp\/v2\/posts\/119781\/revisions\/119782"}],"wp:featuredmedia":[{"embeddable":true,"href":"https:\/\/radioljubuski.ba\/index.php\/wp-json\/wp\/v2\/media\/62338"}],"wp:attachment":[{"href":"https:\/\/radioljubuski.ba\/index.php\/wp-json\/wp\/v2\/media?parent=119781"}],"wp:term":[{"taxonomy":"category","embeddable":true,"href":"https:\/\/radioljubuski.ba\/index.php\/wp-json\/wp\/v2\/categories?post=119781"},{"taxonomy":"post_tag","embeddable":true,"href":"https:\/\/radioljubuski.ba\/index.php\/wp-json\/wp\/v2\/tags?post=119781"}],"curies":[{"name":"wp","href":"https:\/\/api.w.org\/{rel}","templated":true}]}}