{"id":119798,"date":"2022-03-10T10:55:41","date_gmt":"2022-03-10T09:55:41","guid":{"rendered":"https:\/\/radioljubuski.ba\/?p=119798"},"modified":"2022-03-10T10:55:42","modified_gmt":"2022-03-10T09:55:42","slug":"zastupnicki-dom-parlamenta-fbih-najostrije-osudio-rusku-agresiju-na-ukrajinu","status":"publish","type":"post","link":"https:\/\/radioljubuski.ba\/index.php\/2022\/03\/10\/zastupnicki-dom-parlamenta-fbih-najostrije-osudio-rusku-agresiju-na-ukrajinu\/","title":{"rendered":"Zastupni\u010dki dom Parlamenta FBiH najo\u0161trije osudio rusku agresiju na Ukrajinu"},"content":{"rendered":"\n<p><strong>Zastupni\u010dki dom Parlamenta Federacije Bosne i Hercegovine na ju\u010dera\u0161njoj sjednici u Sarajevu je najo\u0161trije osudio vojnu agresiju Ruske Federacije na Ukrajinu kao suverenu i neovisnu dr\u017eavu.<\/strong><\/p>\n\n\n\n<p>Izjavom kojom je, na prijedlog Kolegija Doma, osu\u0111ena ova agresija, Zastupni\u010dki dom obrazla\u017ee da invaziju Ruske Federacije smatra nelegalnom i neopravdanom te izravnim udarom na me\u0111unarodno pravo i demokratsko dru\u0161tvo u cijelosti.<\/p>\n\n\n\n<p>Zastupni\u010dki dom podsje\u0107a da su zabrinjavaju\u0107i prizori ratnih uni\u0161tavanja i patnji podsjetnik na va\u017enost mira i stabilnosti u jugoisto\u010dnoj Europi gdje se jo\u0161 zacjeljuju rane od ratnih razaranja iz proteklog stolje\u0107a.<\/p>\n\n\n\n<p>Mir i stabilnost Bosne i Hercegovine i cijele regije, osobito u ovim trenucima, moraju biti potpuno za\u0161ti\u0107eni od svih ugro\u017eavanja, naveo je tako\u0111er u ovoj izjavi Zastupni\u010dki dom te izrazio punu podr\u0161ku dr\u017eavnim institucijama BiH kad je rije\u010d o uskla\u0111ivanju vanjske i sigurnosne politike s vanjskom i sigurnosnom politikom Europske unije u odnosu na vojnu rusku agresiju na Ukrajinu.<\/p>\n\n\n\n<p>Zastupni\u010dki dom je tako\u0111er zadu\u017eio Federalnu vladu da pru\u017ei pomo\u0107 izbjeglicama iz Ukrajine ako se odlu\u010de ostati u Federaciji BiH bje\u017ee\u0107i od rata u njihovoj zemlji.<\/p>\n\n\n\n<p>\/HMS\/<\/p>\n","protected":false},"excerpt":{"rendered":"<p>Zastupni\u010dki dom Parlamenta Federacije Bosne i Hercegovine na ju\u010dera\u0161njoj sjednici u Sarajevu je najo\u0161trije osudio vojnu agresiju Ruske Federacije na Ukrajinu kao suverenu i neovisnu dr\u017eavu. Izjavom kojom je, na prijedlog Kolegija Doma, osu\u0111ena ova agresija, Zastupni\u010dki dom obrazla\u017ee da invaziju Ruske Federacije smatra nelegalnom i neopravdanom te izravnim udarom na me\u0111unarodno pravo i demokratsko [&hellip;]<\/p>\n","protected":false},"author":2,"featured_media":119799,"comment_status":"closed","ping_status":"closed","sticky":false,"template":"","format":"standard","meta":{"h5ap_radio_sources":[],"footnotes":""},"categories":[1],"tags":[],"class_list":["post-119798","post","type-post","status-publish","format-standard","has-post-thumbnail","hentry","category-bihiregija"],"yoast_head":"<!-- This site is optimized with the Yoast SEO plugin v27.5 - https:\/\/yoast.com\/product\/yoast-seo-wordpress\/ -->\n<title>Zastupni\u010dki dom Parlamenta FBiH najo\u0161trije osudio rusku agresiju na Ukrajinu - RADIO LJUBU\u0160KI<\/title>\n<meta name=\"robots\" content=\"index, follow, max-snippet:-1, max-image-preview:large, max-video-preview:-1\" \/>\n<link rel=\"canonical\" href=\"https:\/\/radioljubuski.ba\/index.php\/2022\/03\/10\/zastupnicki-dom-parlamenta-fbih-najostrije-osudio-rusku-agresiju-na-ukrajinu\/\" \/>\n<meta property=\"og:locale\" content=\"hr_HR\" \/>\n<meta property=\"og:type\" content=\"article\" \/>\n<meta property=\"og:title\" content=\"Zastupni\u010dki dom Parlamenta FBiH najo\u0161trije osudio rusku agresiju na Ukrajinu - RADIO LJUBU\u0160KI\" \/>\n<meta property=\"og:description\" content=\"Zastupni\u010dki dom Parlamenta Federacije Bosne i Hercegovine na ju\u010dera\u0161njoj sjednici u Sarajevu je najo\u0161trije osudio vojnu agresiju Ruske Federacije na Ukrajinu kao suverenu i neovisnu dr\u017eavu. Izjavom kojom je, na prijedlog Kolegija Doma, osu\u0111ena ova agresija, Zastupni\u010dki dom obrazla\u017ee da invaziju Ruske Federacije smatra nelegalnom i neopravdanom te izravnim udarom na me\u0111unarodno pravo i demokratsko [&hellip;]\" \/>\n<meta property=\"og:url\" content=\"https:\/\/radioljubuski.ba\/index.php\/2022\/03\/10\/zastupnicki-dom-parlamenta-fbih-najostrije-osudio-rusku-agresiju-na-ukrajinu\/\" \/>\n<meta property=\"og:site_name\" content=\"RADIO LJUBU\u0160KI\" \/>\n<meta property=\"article:publisher\" content=\"https:\/\/www.facebook.com\/Radiio-Ljubuski-1490835324566332\" \/>\n<meta property=\"article:published_time\" content=\"2022-03-10T09:55:41+00:00\" \/>\n<meta property=\"article:modified_time\" content=\"2022-03-10T09:55:42+00:00\" \/>\n<meta property=\"og:image\" content=\"https:\/\/radioljubuski.ba\/wp-content\/uploads\/2022\/03\/l_08e4d63bcfde1dc12365984068bc39c9-1.jpg\" \/>\n\t<meta property=\"og:image:width\" content=\"1024\" \/>\n\t<meta property=\"og:image:height\" content=\"683\" \/>\n\t<meta property=\"og:image:type\" content=\"image\/jpeg\" \/>\n<meta name=\"author\" content=\"Radio Ljubu\u0161ki\" \/>\n<meta name=\"twitter:card\" content=\"summary_large_image\" \/>\n<meta name=\"twitter:creator\" content=\"@radioljubuski\" \/>\n<meta name=\"twitter:site\" content=\"@radioljubuski\" \/>\n<meta name=\"twitter:label1\" content=\"Napisao\/la\" \/>\n\t<meta name=\"twitter:data1\" content=\"Radio Ljubu\u0161ki\" \/>\n\t<meta name=\"twitter:label2\" content=\"Procijenjeno vrijeme \u010ditanja\" \/>\n\t<meta name=\"twitter:data2\" content=\"1 minuta\" \/>\n<script type=\"application\/ld+json\" class=\"yoast-schema-graph\">{\"@context\":\"https:\\\/\\\/schema.org\",\"@graph\":[{\"@type\":\"Article\",\"@id\":\"https:\\\/\\\/radioljubuski.ba\\\/index.php\\\/2022\\\/03\\\/10\\\/zastupnicki-dom-parlamenta-fbih-najostrije-osudio-rusku-agresiju-na-ukrajinu\\\/#article\",\"isPartOf\":{\"@id\":\"https:\\\/\\\/radioljubuski.ba\\\/index.php\\\/2022\\\/03\\\/10\\\/zastupnicki-dom-parlamenta-fbih-najostrije-osudio-rusku-agresiju-na-ukrajinu\\\/\"},\"author\":{\"name\":\"Radio Ljubu\u0161ki\",\"@id\":\"https:\\\/\\\/radioljubuski.ba\\\/#\\\/schema\\\/person\\\/19fc700381a780f69665d7956c469e3b\"},\"headline\":\"Zastupni\u010dki dom Parlamenta FBiH najo\u0161trije osudio rusku agresiju na Ukrajinu\",\"datePublished\":\"2022-03-10T09:55:41+00:00\",\"dateModified\":\"2022-03-10T09:55:42+00:00\",\"mainEntityOfPage\":{\"@id\":\"https:\\\/\\\/radioljubuski.ba\\\/index.php\\\/2022\\\/03\\\/10\\\/zastupnicki-dom-parlamenta-fbih-najostrije-osudio-rusku-agresiju-na-ukrajinu\\\/\"},\"wordCount\":219,\"publisher\":{\"@id\":\"https:\\\/\\\/radioljubuski.ba\\\/#organization\"},\"image\":{\"@id\":\"https:\\\/\\\/radioljubuski.ba\\\/index.php\\\/2022\\\/03\\\/10\\\/zastupnicki-dom-parlamenta-fbih-najostrije-osudio-rusku-agresiju-na-ukrajinu\\\/#primaryimage\"},\"thumbnailUrl\":\"https:\\\/\\\/radioljubuski.ba\\\/wp-content\\\/uploads\\\/2022\\\/03\\\/l_08e4d63bcfde1dc12365984068bc39c9-1.jpg\",\"articleSection\":[\"BIH i regija\"],\"inLanguage\":\"hr\"},{\"@type\":\"WebPage\",\"@id\":\"https:\\\/\\\/radioljubuski.ba\\\/index.php\\\/2022\\\/03\\\/10\\\/zastupnicki-dom-parlamenta-fbih-najostrije-osudio-rusku-agresiju-na-ukrajinu\\\/\",\"url\":\"https:\\\/\\\/radioljubuski.ba\\\/index.php\\\/2022\\\/03\\\/10\\\/zastupnicki-dom-parlamenta-fbih-najostrije-osudio-rusku-agresiju-na-ukrajinu\\\/\",\"name\":\"Zastupni\u010dki dom Parlamenta FBiH najo\u0161trije osudio rusku agresiju na Ukrajinu - RADIO LJUBU\u0160KI\",\"isPartOf\":{\"@id\":\"https:\\\/\\\/radioljubuski.ba\\\/#website\"},\"primaryImageOfPage\":{\"@id\":\"https:\\\/\\\/radioljubuski.ba\\\/index.php\\\/2022\\\/03\\\/10\\\/zastupnicki-dom-parlamenta-fbih-najostrije-osudio-rusku-agresiju-na-ukrajinu\\\/#primaryimage\"},\"image\":{\"@id\":\"https:\\\/\\\/radioljubuski.ba\\\/index.php\\\/2022\\\/03\\\/10\\\/zastupnicki-dom-parlamenta-fbih-najostrije-osudio-rusku-agresiju-na-ukrajinu\\\/#primaryimage\"},\"thumbnailUrl\":\"https:\\\/\\\/radioljubuski.ba\\\/wp-content\\\/uploads\\\/2022\\\/03\\\/l_08e4d63bcfde1dc12365984068bc39c9-1.jpg\",\"datePublished\":\"2022-03-10T09:55:41+00:00\",\"dateModified\":\"2022-03-10T09:55:42+00:00\",\"breadcrumb\":{\"@id\":\"https:\\\/\\\/radioljubuski.ba\\\/index.php\\\/2022\\\/03\\\/10\\\/zastupnicki-dom-parlamenta-fbih-najostrije-osudio-rusku-agresiju-na-ukrajinu\\\/#breadcrumb\"},\"inLanguage\":\"hr\",\"potentialAction\":[{\"@type\":\"ReadAction\",\"target\":[\"https:\\\/\\\/radioljubuski.ba\\\/index.php\\\/2022\\\/03\\\/10\\\/zastupnicki-dom-parlamenta-fbih-najostrije-osudio-rusku-agresiju-na-ukrajinu\\\/\"]}]},{\"@type\":\"ImageObject\",\"inLanguage\":\"hr\",\"@id\":\"https:\\\/\\\/radioljubuski.ba\\\/index.php\\\/2022\\\/03\\\/10\\\/zastupnicki-dom-parlamenta-fbih-najostrije-osudio-rusku-agresiju-na-ukrajinu\\\/#primaryimage\",\"url\":\"https:\\\/\\\/radioljubuski.ba\\\/wp-content\\\/uploads\\\/2022\\\/03\\\/l_08e4d63bcfde1dc12365984068bc39c9-1.jpg\",\"contentUrl\":\"https:\\\/\\\/radioljubuski.ba\\\/wp-content\\\/uploads\\\/2022\\\/03\\\/l_08e4d63bcfde1dc12365984068bc39c9-1.jpg\",\"width\":1024,\"height\":683},{\"@type\":\"BreadcrumbList\",\"@id\":\"https:\\\/\\\/radioljubuski.ba\\\/index.php\\\/2022\\\/03\\\/10\\\/zastupnicki-dom-parlamenta-fbih-najostrije-osudio-rusku-agresiju-na-ukrajinu\\\/#breadcrumb\",\"itemListElement\":[{\"@type\":\"ListItem\",\"position\":1,\"name\":\"Po\u010detna stranica\",\"item\":\"https:\\\/\\\/radioljubuski.ba\\\/\"},{\"@type\":\"ListItem\",\"position\":2,\"name\":\"Zastupni\u010dki dom Parlamenta FBiH najo\u0161trije osudio rusku agresiju na Ukrajinu\"}]},{\"@type\":\"WebSite\",\"@id\":\"https:\\\/\\\/radioljubuski.ba\\\/#website\",\"url\":\"https:\\\/\\\/radioljubuski.ba\\\/\",\"name\":\"Radio Ljubu\u0161ki\",\"description\":\"Sun\u010dana frekvencija Hercegovine\",\"publisher\":{\"@id\":\"https:\\\/\\\/radioljubuski.ba\\\/#organization\"},\"potentialAction\":[{\"@type\":\"SearchAction\",\"target\":{\"@type\":\"EntryPoint\",\"urlTemplate\":\"https:\\\/\\\/radioljubuski.ba\\\/?s={search_term_string}\"},\"query-input\":{\"@type\":\"PropertyValueSpecification\",\"valueRequired\":true,\"valueName\":\"search_term_string\"}}],\"inLanguage\":\"hr\"},{\"@type\":\"Organization\",\"@id\":\"https:\\\/\\\/radioljubuski.ba\\\/#organization\",\"name\":\"Radio Ljubu\u0161ki\",\"url\":\"https:\\\/\\\/radioljubuski.ba\\\/\",\"logo\":{\"@type\":\"ImageObject\",\"inLanguage\":\"hr\",\"@id\":\"https:\\\/\\\/radioljubuski.ba\\\/#\\\/schema\\\/logo\\\/image\\\/\",\"url\":\"https:\\\/\\\/radioljubuski.ba\\\/wp-content\\\/uploads\\\/2021\\\/02\\\/cropped-Radio_Ljubuski_logo1.jpg\",\"contentUrl\":\"https:\\\/\\\/radioljubuski.ba\\\/wp-content\\\/uploads\\\/2021\\\/02\\\/cropped-Radio_Ljubuski_logo1.jpg\",\"width\":512,\"height\":512,\"caption\":\"Radio Ljubu\u0161ki\"},\"image\":{\"@id\":\"https:\\\/\\\/radioljubuski.ba\\\/#\\\/schema\\\/logo\\\/image\\\/\"},\"sameAs\":[\"https:\\\/\\\/www.facebook.com\\\/Radiio-Ljubuski-1490835324566332\",\"https:\\\/\\\/x.com\\\/radioljubuski\",\"https:\\\/\\\/hr.linkedin.com\\\/company\\\/radio-ljubuski\",\"https:\\\/\\\/www.youtube.com\\\/channel\\\/UCHYaeO_n0Db3tjNGudGpXyw\"]},{\"@type\":\"Person\",\"@id\":\"https:\\\/\\\/radioljubuski.ba\\\/#\\\/schema\\\/person\\\/19fc700381a780f69665d7956c469e3b\",\"name\":\"Radio Ljubu\u0161ki\"}]}<\/script>\n<!-- \/ Yoast SEO plugin. -->","yoast_head_json":{"title":"Zastupni\u010dki dom Parlamenta FBiH najo\u0161trije osudio rusku agresiju na Ukrajinu - RADIO LJUBU\u0160KI","robots":{"index":"index","follow":"follow","max-snippet":"max-snippet:-1","max-image-preview":"max-image-preview:large","max-video-preview":"max-video-preview:-1"},"canonical":"https:\/\/radioljubuski.ba\/index.php\/2022\/03\/10\/zastupnicki-dom-parlamenta-fbih-najostrije-osudio-rusku-agresiju-na-ukrajinu\/","og_locale":"hr_HR","og_type":"article","og_title":"Zastupni\u010dki dom Parlamenta FBiH najo\u0161trije osudio rusku agresiju na Ukrajinu - RADIO LJUBU\u0160KI","og_description":"Zastupni\u010dki dom Parlamenta Federacije Bosne i Hercegovine na ju\u010dera\u0161njoj sjednici u Sarajevu je najo\u0161trije osudio vojnu agresiju Ruske Federacije na Ukrajinu kao suverenu i neovisnu dr\u017eavu. Izjavom kojom je, na prijedlog Kolegija Doma, osu\u0111ena ova agresija, Zastupni\u010dki dom obrazla\u017ee da invaziju Ruske Federacije smatra nelegalnom i neopravdanom te izravnim udarom na me\u0111unarodno pravo i demokratsko [&hellip;]","og_url":"https:\/\/radioljubuski.ba\/index.php\/2022\/03\/10\/zastupnicki-dom-parlamenta-fbih-najostrije-osudio-rusku-agresiju-na-ukrajinu\/","og_site_name":"RADIO LJUBU\u0160KI","article_publisher":"https:\/\/www.facebook.com\/Radiio-Ljubuski-1490835324566332","article_published_time":"2022-03-10T09:55:41+00:00","article_modified_time":"2022-03-10T09:55:42+00:00","og_image":[{"width":1024,"height":683,"url":"https:\/\/radioljubuski.ba\/wp-content\/uploads\/2022\/03\/l_08e4d63bcfde1dc12365984068bc39c9-1.jpg","type":"image\/jpeg"}],"author":"Radio Ljubu\u0161ki","twitter_card":"summary_large_image","twitter_creator":"@radioljubuski","twitter_site":"@radioljubuski","twitter_misc":{"Napisao\/la":"Radio Ljubu\u0161ki","Procijenjeno vrijeme \u010ditanja":"1 minuta"},"schema":{"@context":"https:\/\/schema.org","@graph":[{"@type":"Article","@id":"https:\/\/radioljubuski.ba\/index.php\/2022\/03\/10\/zastupnicki-dom-parlamenta-fbih-najostrije-osudio-rusku-agresiju-na-ukrajinu\/#article","isPartOf":{"@id":"https:\/\/radioljubuski.ba\/index.php\/2022\/03\/10\/zastupnicki-dom-parlamenta-fbih-najostrije-osudio-rusku-agresiju-na-ukrajinu\/"},"author":{"name":"Radio Ljubu\u0161ki","@id":"https:\/\/radioljubuski.ba\/#\/schema\/person\/19fc700381a780f69665d7956c469e3b"},"headline":"Zastupni\u010dki dom Parlamenta FBiH najo\u0161trije osudio rusku agresiju na Ukrajinu","datePublished":"2022-03-10T09:55:41+00:00","dateModified":"2022-03-10T09:55:42+00:00","mainEntityOfPage":{"@id":"https:\/\/radioljubuski.ba\/index.php\/2022\/03\/10\/zastupnicki-dom-parlamenta-fbih-najostrije-osudio-rusku-agresiju-na-ukrajinu\/"},"wordCount":219,"publisher":{"@id":"https:\/\/radioljubuski.ba\/#organization"},"image":{"@id":"https:\/\/radioljubuski.ba\/index.php\/2022\/03\/10\/zastupnicki-dom-parlamenta-fbih-najostrije-osudio-rusku-agresiju-na-ukrajinu\/#primaryimage"},"thumbnailUrl":"https:\/\/radioljubuski.ba\/wp-content\/uploads\/2022\/03\/l_08e4d63bcfde1dc12365984068bc39c9-1.jpg","articleSection":["BIH i regija"],"inLanguage":"hr"},{"@type":"WebPage","@id":"https:\/\/radioljubuski.ba\/index.php\/2022\/03\/10\/zastupnicki-dom-parlamenta-fbih-najostrije-osudio-rusku-agresiju-na-ukrajinu\/","url":"https:\/\/radioljubuski.ba\/index.php\/2022\/03\/10\/zastupnicki-dom-parlamenta-fbih-najostrije-osudio-rusku-agresiju-na-ukrajinu\/","name":"Zastupni\u010dki dom Parlamenta FBiH najo\u0161trije osudio rusku agresiju na Ukrajinu - RADIO LJUBU\u0160KI","isPartOf":{"@id":"https:\/\/radioljubuski.ba\/#website"},"primaryImageOfPage":{"@id":"https:\/\/radioljubuski.ba\/index.php\/2022\/03\/10\/zastupnicki-dom-parlamenta-fbih-najostrije-osudio-rusku-agresiju-na-ukrajinu\/#primaryimage"},"image":{"@id":"https:\/\/radioljubuski.ba\/index.php\/2022\/03\/10\/zastupnicki-dom-parlamenta-fbih-najostrije-osudio-rusku-agresiju-na-ukrajinu\/#primaryimage"},"thumbnailUrl":"https:\/\/radioljubuski.ba\/wp-content\/uploads\/2022\/03\/l_08e4d63bcfde1dc12365984068bc39c9-1.jpg","datePublished":"2022-03-10T09:55:41+00:00","dateModified":"2022-03-10T09:55:42+00:00","breadcrumb":{"@id":"https:\/\/radioljubuski.ba\/index.php\/2022\/03\/10\/zastupnicki-dom-parlamenta-fbih-najostrije-osudio-rusku-agresiju-na-ukrajinu\/#breadcrumb"},"inLanguage":"hr","potentialAction":[{"@type":"ReadAction","target":["https:\/\/radioljubuski.ba\/index.php\/2022\/03\/10\/zastupnicki-dom-parlamenta-fbih-najostrije-osudio-rusku-agresiju-na-ukrajinu\/"]}]},{"@type":"ImageObject","inLanguage":"hr","@id":"https:\/\/radioljubuski.ba\/index.php\/2022\/03\/10\/zastupnicki-dom-parlamenta-fbih-najostrije-osudio-rusku-agresiju-na-ukrajinu\/#primaryimage","url":"https:\/\/radioljubuski.ba\/wp-content\/uploads\/2022\/03\/l_08e4d63bcfde1dc12365984068bc39c9-1.jpg","contentUrl":"https:\/\/radioljubuski.ba\/wp-content\/uploads\/2022\/03\/l_08e4d63bcfde1dc12365984068bc39c9-1.jpg","width":1024,"height":683},{"@type":"BreadcrumbList","@id":"https:\/\/radioljubuski.ba\/index.php\/2022\/03\/10\/zastupnicki-dom-parlamenta-fbih-najostrije-osudio-rusku-agresiju-na-ukrajinu\/#breadcrumb","itemListElement":[{"@type":"ListItem","position":1,"name":"Po\u010detna stranica","item":"https:\/\/radioljubuski.ba\/"},{"@type":"ListItem","position":2,"name":"Zastupni\u010dki dom Parlamenta FBiH najo\u0161trije osudio rusku agresiju na Ukrajinu"}]},{"@type":"WebSite","@id":"https:\/\/radioljubuski.ba\/#website","url":"https:\/\/radioljubuski.ba\/","name":"Radio Ljubu\u0161ki","description":"Sun\u010dana frekvencija Hercegovine","publisher":{"@id":"https:\/\/radioljubuski.ba\/#organization"},"potentialAction":[{"@type":"SearchAction","target":{"@type":"EntryPoint","urlTemplate":"https:\/\/radioljubuski.ba\/?s={search_term_string}"},"query-input":{"@type":"PropertyValueSpecification","valueRequired":true,"valueName":"search_term_string"}}],"inLanguage":"hr"},{"@type":"Organization","@id":"https:\/\/radioljubuski.ba\/#organization","name":"Radio Ljubu\u0161ki","url":"https:\/\/radioljubuski.ba\/","logo":{"@type":"ImageObject","inLanguage":"hr","@id":"https:\/\/radioljubuski.ba\/#\/schema\/logo\/image\/","url":"https:\/\/radioljubuski.ba\/wp-content\/uploads\/2021\/02\/cropped-Radio_Ljubuski_logo1.jpg","contentUrl":"https:\/\/radioljubuski.ba\/wp-content\/uploads\/2021\/02\/cropped-Radio_Ljubuski_logo1.jpg","width":512,"height":512,"caption":"Radio Ljubu\u0161ki"},"image":{"@id":"https:\/\/radioljubuski.ba\/#\/schema\/logo\/image\/"},"sameAs":["https:\/\/www.facebook.com\/Radiio-Ljubuski-1490835324566332","https:\/\/x.com\/radioljubuski","https:\/\/hr.linkedin.com\/company\/radio-ljubuski","https:\/\/www.youtube.com\/channel\/UCHYaeO_n0Db3tjNGudGpXyw"]},{"@type":"Person","@id":"https:\/\/radioljubuski.ba\/#\/schema\/person\/19fc700381a780f69665d7956c469e3b","name":"Radio Ljubu\u0161ki"}]}},"_links":{"self":[{"href":"https:\/\/radioljubuski.ba\/index.php\/wp-json\/wp\/v2\/posts\/119798","targetHints":{"allow":["GET"]}}],"collection":[{"href":"https:\/\/radioljubuski.ba\/index.php\/wp-json\/wp\/v2\/posts"}],"about":[{"href":"https:\/\/radioljubuski.ba\/index.php\/wp-json\/wp\/v2\/types\/post"}],"author":[{"embeddable":true,"href":"https:\/\/radioljubuski.ba\/index.php\/wp-json\/wp\/v2\/users\/2"}],"replies":[{"embeddable":true,"href":"https:\/\/radioljubuski.ba\/index.php\/wp-json\/wp\/v2\/comments?post=119798"}],"version-history":[{"count":1,"href":"https:\/\/radioljubuski.ba\/index.php\/wp-json\/wp\/v2\/posts\/119798\/revisions"}],"predecessor-version":[{"id":119800,"href":"https:\/\/radioljubuski.ba\/index.php\/wp-json\/wp\/v2\/posts\/119798\/revisions\/119800"}],"wp:featuredmedia":[{"embeddable":true,"href":"https:\/\/radioljubuski.ba\/index.php\/wp-json\/wp\/v2\/media\/119799"}],"wp:attachment":[{"href":"https:\/\/radioljubuski.ba\/index.php\/wp-json\/wp\/v2\/media?parent=119798"}],"wp:term":[{"taxonomy":"category","embeddable":true,"href":"https:\/\/radioljubuski.ba\/index.php\/wp-json\/wp\/v2\/categories?post=119798"},{"taxonomy":"post_tag","embeddable":true,"href":"https:\/\/radioljubuski.ba\/index.php\/wp-json\/wp\/v2\/tags?post=119798"}],"curies":[{"name":"wp","href":"https:\/\/api.w.org\/{rel}","templated":true}]}}