{"id":119801,"date":"2022-03-10T10:56:48","date_gmt":"2022-03-10T09:56:48","guid":{"rendered":"https:\/\/radioljubuski.ba\/?p=119801"},"modified":"2022-03-10T10:56:49","modified_gmt":"2022-03-10T09:56:49","slug":"covic-dogovoreno-da-oba-doma-parlamenta-bih-upute-jasan-zahtjev-eu-za-ubrzano-pristupanje-uniji","status":"publish","type":"post","link":"https:\/\/radioljubuski.ba\/index.php\/2022\/03\/10\/covic-dogovoreno-da-oba-doma-parlamenta-bih-upute-jasan-zahtjev-eu-za-ubrzano-pristupanje-uniji\/","title":{"rendered":"\u010covi\u0107: Dogovoreno da oba doma Parlamenta BiH upute jasan zahtjev EU za ubrzano pristupanje Uniji"},"content":{"rendered":"\n<p><strong>Na sjednici Zajedni\u010dkog kolegija oba doma Parlamentarne skup\u0161tine Bosne i Hercegovine zauzeli smo jedinstven stav da preko Zastupni\u010dkog i Doma naroda uputimo Europskoj uniji svoje jasne \u017eelje, zahtjev za dobivanje kandidacijskog statusa, odnosno ubrzano pristupanje Uniji, izjavio je za Fenu predsjedatelj Doma naroda PS BiH, Dragan \u010covi\u0107.<\/strong><\/p>\n\n\n\n<p>Vjeruje kako \u0107e takvi stavovi Parlamentarne skup\u0161tine BiH biti usvojeni i odaslani Europskom parlamentu i Europskoj komisiji.<\/p>\n\n\n\n<p>-Jasno je zbog \u010dega to radimo, ali \u017eelimo da to ne bude personalno, pojedina\u010dno, ve\u0107 institucionalno kroz najvi\u0161e zakonodavno tijelo BiH. Ne \u017eelimo da bilo tko na toj temi kupi politi\u010dke poene i da nitko nema prostora za \u0161pekuliranje kada je u pitanju na\u0161 europski put, dodaje \u010covi\u0107.<\/p>\n\n\n\n<p>On je potvrdio da \u0107e sudjelovati na sjednici Vanjskopoliti\u010dkog odbora Europskog parlamenta 15. o\u017eujka u Bruxellesu, gdje \u0107e se tako\u0111er raspravljati o BiH.<\/p>\n\n\n\n<p>-Vjerujem da \u0107emo i tu imati sadr\u017eajne poruke oko sigurnosnih i politi\u010dkih prilika u BiH, ali i Izbornog zakona, stvaranju preduvjeta za jednu dugoro\u010dniju stabilnost i funkcioniranje institucija BiH, kazao je \u010covi\u0107.<\/p>\n\n\n\n<p>Po njegovim rije\u010dima, na dana\u0161njoj sjednici Zajedni\u010dkog kolegija zatra\u017eeno je od Vije\u0107a ministara BiH da pokrene ubrzane procedure kako bi \u0161to prije bio usvojen Globalni fiskalni okvir i dr\u017eavni prora\u010dun za ovu godinu, te zakon o izvr\u0161enju prora\u010duna. \u010covi\u0107 o\u010dekuje da ovi dokumenti vrlo brzo budu u parlamentarnoj proceduri.<\/p>\n\n\n\n<p>-Na ovaj na\u010din iskazujemo sna\u017enu opredijeljenost da odgovorimo na ekonomske i socijalne izazove koji stoje pred nama i koji \u0107e se s globalne razine sigurno transferirati i u BiH. Mi smo posebno izlo\u017eeni jer kod nas mnoge institucije ne funkcioniraju, poru\u010duje \u010covi\u0107.<\/p>\n\n\n\n<p>U kontekstu za\u0161tite gra\u0111ana od socijalnog udara \u010covi\u0107 ka\u017ee da treba otvoriti i pitanje PDV-a i tro\u0161arina, ali na na\u010din da se to ne zloupotrijebi, ve\u0107 da se doista osjeti na maloprodajnim cijenama. Zbog svega \u0161to se doga\u0111a na globalnoj razini za o\u010dekivati je, ka\u017ee, rast inflacije i tro\u0161kova \u017eivota i zato je potrebno imati odgovaraju\u0107e mjere na svim razinama vlasti.<\/p>\n\n\n\n<p>O\u010dekuje da svi politi\u010dki subjekti u BiH poka\u017eu maksimalnu odgovornost u narednom razdoblju.<\/p>\n\n\n\n<p>-Primarno je da mi kao politi\u010dari svoj jezik i djelovanje prilagodimo aktualnom politi\u010dkom trenutku u zemlji i svijetu. Moramo se suzdr\u017eati od te\u0161kih tema, izjava, prozivanja. To je na\u010din da sami preuzmemo odgovornost za stabilnost u BiH. Ja mogu u svoje i uime svih kolega iz HNS-a re\u0107i da \u0107emo dati maksimalan doprinos kako ne bismo imali bilo kakav sigurnosni izazov u BiH. Mislim da nam u tome na\u010delno poma\u017eu i prijatelji iz me\u0111unarodne zajednice. Nikome normalnom u politici nije do bilo kakvog izazivanja sukoba. Rje\u0161enje je u povratku u institucije, u dono\u0161enju odluka u ime svih na\u0161ih \u017eitelja. Zajedni\u010dkim djelovanjem mo\u017eemo odagnati strahove svih onih koji u BiH danas sa strahom prate ono \u0161to se doga\u0111a u Ukrajini, poru\u010dio je predsjedatelj Doma naroda PSBiH Dragan \u010covi\u0107.<\/p>\n\n\n\n<p>\/HMS\/<\/p>\n","protected":false},"excerpt":{"rendered":"<p>Na sjednici Zajedni\u010dkog kolegija oba doma Parlamentarne skup\u0161tine Bosne i Hercegovine zauzeli smo jedinstven stav da preko Zastupni\u010dkog i Doma naroda uputimo Europskoj uniji svoje jasne \u017eelje, zahtjev za dobivanje kandidacijskog statusa, odnosno ubrzano pristupanje Uniji, izjavio je za Fenu predsjedatelj Doma naroda PS BiH, Dragan \u010covi\u0107. Vjeruje kako \u0107e takvi stavovi Parlamentarne skup\u0161tine BiH [&hellip;]<\/p>\n","protected":false},"author":2,"featured_media":114992,"comment_status":"closed","ping_status":"closed","sticky":false,"template":"","format":"standard","meta":{"h5ap_radio_sources":[],"footnotes":""},"categories":[1],"tags":[],"class_list":["post-119801","post","type-post","status-publish","format-standard","has-post-thumbnail","hentry","category-bihiregija"],"yoast_head":"<!-- This site is optimized with the Yoast SEO plugin v27.5 - https:\/\/yoast.com\/product\/yoast-seo-wordpress\/ -->\n<title>\u010covi\u0107: Dogovoreno da oba doma Parlamenta BiH upute jasan zahtjev EU za ubrzano pristupanje Uniji - RADIO LJUBU\u0160KI<\/title>\n<meta name=\"robots\" content=\"index, follow, max-snippet:-1, max-image-preview:large, max-video-preview:-1\" \/>\n<link rel=\"canonical\" href=\"https:\/\/radioljubuski.ba\/index.php\/2022\/03\/10\/covic-dogovoreno-da-oba-doma-parlamenta-bih-upute-jasan-zahtjev-eu-za-ubrzano-pristupanje-uniji\/\" \/>\n<meta property=\"og:locale\" content=\"hr_HR\" \/>\n<meta property=\"og:type\" content=\"article\" \/>\n<meta property=\"og:title\" content=\"\u010covi\u0107: Dogovoreno da oba doma Parlamenta BiH upute jasan zahtjev EU za ubrzano pristupanje Uniji - RADIO LJUBU\u0160KI\" \/>\n<meta property=\"og:description\" content=\"Na sjednici Zajedni\u010dkog kolegija oba doma Parlamentarne skup\u0161tine Bosne i Hercegovine zauzeli smo jedinstven stav da preko Zastupni\u010dkog i Doma naroda uputimo Europskoj uniji svoje jasne \u017eelje, zahtjev za dobivanje kandidacijskog statusa, odnosno ubrzano pristupanje Uniji, izjavio je za Fenu predsjedatelj Doma naroda PS BiH, Dragan \u010covi\u0107. Vjeruje kako \u0107e takvi stavovi Parlamentarne skup\u0161tine BiH [&hellip;]\" \/>\n<meta property=\"og:url\" content=\"https:\/\/radioljubuski.ba\/index.php\/2022\/03\/10\/covic-dogovoreno-da-oba-doma-parlamenta-bih-upute-jasan-zahtjev-eu-za-ubrzano-pristupanje-uniji\/\" \/>\n<meta property=\"og:site_name\" content=\"RADIO LJUBU\u0160KI\" \/>\n<meta property=\"article:publisher\" content=\"https:\/\/www.facebook.com\/Radiio-Ljubuski-1490835324566332\" \/>\n<meta property=\"article:published_time\" content=\"2022-03-10T09:56:48+00:00\" \/>\n<meta property=\"article:modified_time\" content=\"2022-03-10T09:56:49+00:00\" \/>\n<meta property=\"og:image\" content=\"https:\/\/radioljubuski.ba\/wp-content\/uploads\/2022\/02\/mo-tvd2-intervju-covic-mmikulic-frame-2081-20220219172734.png\" \/>\n\t<meta property=\"og:image:width\" content=\"1920\" \/>\n\t<meta property=\"og:image:height\" content=\"1080\" \/>\n\t<meta property=\"og:image:type\" content=\"image\/png\" \/>\n<meta name=\"author\" content=\"Radio Ljubu\u0161ki\" \/>\n<meta name=\"twitter:card\" content=\"summary_large_image\" \/>\n<meta name=\"twitter:creator\" content=\"@radioljubuski\" \/>\n<meta name=\"twitter:site\" content=\"@radioljubuski\" \/>\n<meta name=\"twitter:label1\" content=\"Napisao\/la\" \/>\n\t<meta name=\"twitter:data1\" content=\"Radio Ljubu\u0161ki\" \/>\n\t<meta name=\"twitter:label2\" content=\"Procijenjeno vrijeme \u010ditanja\" \/>\n\t<meta name=\"twitter:data2\" content=\"3 minute\" \/>\n<script type=\"application\/ld+json\" class=\"yoast-schema-graph\">{\"@context\":\"https:\\\/\\\/schema.org\",\"@graph\":[{\"@type\":\"Article\",\"@id\":\"https:\\\/\\\/radioljubuski.ba\\\/index.php\\\/2022\\\/03\\\/10\\\/covic-dogovoreno-da-oba-doma-parlamenta-bih-upute-jasan-zahtjev-eu-za-ubrzano-pristupanje-uniji\\\/#article\",\"isPartOf\":{\"@id\":\"https:\\\/\\\/radioljubuski.ba\\\/index.php\\\/2022\\\/03\\\/10\\\/covic-dogovoreno-da-oba-doma-parlamenta-bih-upute-jasan-zahtjev-eu-za-ubrzano-pristupanje-uniji\\\/\"},\"author\":{\"name\":\"Radio Ljubu\u0161ki\",\"@id\":\"https:\\\/\\\/radioljubuski.ba\\\/#\\\/schema\\\/person\\\/19fc700381a780f69665d7956c469e3b\"},\"headline\":\"\u010covi\u0107: Dogovoreno da oba doma Parlamenta BiH upute jasan zahtjev EU za ubrzano pristupanje Uniji\",\"datePublished\":\"2022-03-10T09:56:48+00:00\",\"dateModified\":\"2022-03-10T09:56:49+00:00\",\"mainEntityOfPage\":{\"@id\":\"https:\\\/\\\/radioljubuski.ba\\\/index.php\\\/2022\\\/03\\\/10\\\/covic-dogovoreno-da-oba-doma-parlamenta-bih-upute-jasan-zahtjev-eu-za-ubrzano-pristupanje-uniji\\\/\"},\"wordCount\":530,\"publisher\":{\"@id\":\"https:\\\/\\\/radioljubuski.ba\\\/#organization\"},\"image\":{\"@id\":\"https:\\\/\\\/radioljubuski.ba\\\/index.php\\\/2022\\\/03\\\/10\\\/covic-dogovoreno-da-oba-doma-parlamenta-bih-upute-jasan-zahtjev-eu-za-ubrzano-pristupanje-uniji\\\/#primaryimage\"},\"thumbnailUrl\":\"https:\\\/\\\/radioljubuski.ba\\\/wp-content\\\/uploads\\\/2022\\\/02\\\/mo-tvd2-intervju-covic-mmikulic-frame-2081-20220219172734.png\",\"articleSection\":[\"BIH i regija\"],\"inLanguage\":\"hr\"},{\"@type\":\"WebPage\",\"@id\":\"https:\\\/\\\/radioljubuski.ba\\\/index.php\\\/2022\\\/03\\\/10\\\/covic-dogovoreno-da-oba-doma-parlamenta-bih-upute-jasan-zahtjev-eu-za-ubrzano-pristupanje-uniji\\\/\",\"url\":\"https:\\\/\\\/radioljubuski.ba\\\/index.php\\\/2022\\\/03\\\/10\\\/covic-dogovoreno-da-oba-doma-parlamenta-bih-upute-jasan-zahtjev-eu-za-ubrzano-pristupanje-uniji\\\/\",\"name\":\"\u010covi\u0107: Dogovoreno da oba doma Parlamenta BiH upute jasan zahtjev EU za ubrzano pristupanje Uniji - RADIO LJUBU\u0160KI\",\"isPartOf\":{\"@id\":\"https:\\\/\\\/radioljubuski.ba\\\/#website\"},\"primaryImageOfPage\":{\"@id\":\"https:\\\/\\\/radioljubuski.ba\\\/index.php\\\/2022\\\/03\\\/10\\\/covic-dogovoreno-da-oba-doma-parlamenta-bih-upute-jasan-zahtjev-eu-za-ubrzano-pristupanje-uniji\\\/#primaryimage\"},\"image\":{\"@id\":\"https:\\\/\\\/radioljubuski.ba\\\/index.php\\\/2022\\\/03\\\/10\\\/covic-dogovoreno-da-oba-doma-parlamenta-bih-upute-jasan-zahtjev-eu-za-ubrzano-pristupanje-uniji\\\/#primaryimage\"},\"thumbnailUrl\":\"https:\\\/\\\/radioljubuski.ba\\\/wp-content\\\/uploads\\\/2022\\\/02\\\/mo-tvd2-intervju-covic-mmikulic-frame-2081-20220219172734.png\",\"datePublished\":\"2022-03-10T09:56:48+00:00\",\"dateModified\":\"2022-03-10T09:56:49+00:00\",\"breadcrumb\":{\"@id\":\"https:\\\/\\\/radioljubuski.ba\\\/index.php\\\/2022\\\/03\\\/10\\\/covic-dogovoreno-da-oba-doma-parlamenta-bih-upute-jasan-zahtjev-eu-za-ubrzano-pristupanje-uniji\\\/#breadcrumb\"},\"inLanguage\":\"hr\",\"potentialAction\":[{\"@type\":\"ReadAction\",\"target\":[\"https:\\\/\\\/radioljubuski.ba\\\/index.php\\\/2022\\\/03\\\/10\\\/covic-dogovoreno-da-oba-doma-parlamenta-bih-upute-jasan-zahtjev-eu-za-ubrzano-pristupanje-uniji\\\/\"]}]},{\"@type\":\"ImageObject\",\"inLanguage\":\"hr\",\"@id\":\"https:\\\/\\\/radioljubuski.ba\\\/index.php\\\/2022\\\/03\\\/10\\\/covic-dogovoreno-da-oba-doma-parlamenta-bih-upute-jasan-zahtjev-eu-za-ubrzano-pristupanje-uniji\\\/#primaryimage\",\"url\":\"https:\\\/\\\/radioljubuski.ba\\\/wp-content\\\/uploads\\\/2022\\\/02\\\/mo-tvd2-intervju-covic-mmikulic-frame-2081-20220219172734.png\",\"contentUrl\":\"https:\\\/\\\/radioljubuski.ba\\\/wp-content\\\/uploads\\\/2022\\\/02\\\/mo-tvd2-intervju-covic-mmikulic-frame-2081-20220219172734.png\",\"width\":1920,\"height\":1080},{\"@type\":\"BreadcrumbList\",\"@id\":\"https:\\\/\\\/radioljubuski.ba\\\/index.php\\\/2022\\\/03\\\/10\\\/covic-dogovoreno-da-oba-doma-parlamenta-bih-upute-jasan-zahtjev-eu-za-ubrzano-pristupanje-uniji\\\/#breadcrumb\",\"itemListElement\":[{\"@type\":\"ListItem\",\"position\":1,\"name\":\"Po\u010detna stranica\",\"item\":\"https:\\\/\\\/radioljubuski.ba\\\/\"},{\"@type\":\"ListItem\",\"position\":2,\"name\":\"\u010covi\u0107: Dogovoreno da oba doma Parlamenta BiH upute jasan zahtjev EU za ubrzano pristupanje Uniji\"}]},{\"@type\":\"WebSite\",\"@id\":\"https:\\\/\\\/radioljubuski.ba\\\/#website\",\"url\":\"https:\\\/\\\/radioljubuski.ba\\\/\",\"name\":\"Radio Ljubu\u0161ki\",\"description\":\"Sun\u010dana frekvencija Hercegovine\",\"publisher\":{\"@id\":\"https:\\\/\\\/radioljubuski.ba\\\/#organization\"},\"potentialAction\":[{\"@type\":\"SearchAction\",\"target\":{\"@type\":\"EntryPoint\",\"urlTemplate\":\"https:\\\/\\\/radioljubuski.ba\\\/?s={search_term_string}\"},\"query-input\":{\"@type\":\"PropertyValueSpecification\",\"valueRequired\":true,\"valueName\":\"search_term_string\"}}],\"inLanguage\":\"hr\"},{\"@type\":\"Organization\",\"@id\":\"https:\\\/\\\/radioljubuski.ba\\\/#organization\",\"name\":\"Radio Ljubu\u0161ki\",\"url\":\"https:\\\/\\\/radioljubuski.ba\\\/\",\"logo\":{\"@type\":\"ImageObject\",\"inLanguage\":\"hr\",\"@id\":\"https:\\\/\\\/radioljubuski.ba\\\/#\\\/schema\\\/logo\\\/image\\\/\",\"url\":\"https:\\\/\\\/radioljubuski.ba\\\/wp-content\\\/uploads\\\/2021\\\/02\\\/cropped-Radio_Ljubuski_logo1.jpg\",\"contentUrl\":\"https:\\\/\\\/radioljubuski.ba\\\/wp-content\\\/uploads\\\/2021\\\/02\\\/cropped-Radio_Ljubuski_logo1.jpg\",\"width\":512,\"height\":512,\"caption\":\"Radio Ljubu\u0161ki\"},\"image\":{\"@id\":\"https:\\\/\\\/radioljubuski.ba\\\/#\\\/schema\\\/logo\\\/image\\\/\"},\"sameAs\":[\"https:\\\/\\\/www.facebook.com\\\/Radiio-Ljubuski-1490835324566332\",\"https:\\\/\\\/x.com\\\/radioljubuski\",\"https:\\\/\\\/hr.linkedin.com\\\/company\\\/radio-ljubuski\",\"https:\\\/\\\/www.youtube.com\\\/channel\\\/UCHYaeO_n0Db3tjNGudGpXyw\"]},{\"@type\":\"Person\",\"@id\":\"https:\\\/\\\/radioljubuski.ba\\\/#\\\/schema\\\/person\\\/19fc700381a780f69665d7956c469e3b\",\"name\":\"Radio Ljubu\u0161ki\"}]}<\/script>\n<!-- \/ Yoast SEO plugin. -->","yoast_head_json":{"title":"\u010covi\u0107: Dogovoreno da oba doma Parlamenta BiH upute jasan zahtjev EU za ubrzano pristupanje Uniji - RADIO LJUBU\u0160KI","robots":{"index":"index","follow":"follow","max-snippet":"max-snippet:-1","max-image-preview":"max-image-preview:large","max-video-preview":"max-video-preview:-1"},"canonical":"https:\/\/radioljubuski.ba\/index.php\/2022\/03\/10\/covic-dogovoreno-da-oba-doma-parlamenta-bih-upute-jasan-zahtjev-eu-za-ubrzano-pristupanje-uniji\/","og_locale":"hr_HR","og_type":"article","og_title":"\u010covi\u0107: Dogovoreno da oba doma Parlamenta BiH upute jasan zahtjev EU za ubrzano pristupanje Uniji - RADIO LJUBU\u0160KI","og_description":"Na sjednici Zajedni\u010dkog kolegija oba doma Parlamentarne skup\u0161tine Bosne i Hercegovine zauzeli smo jedinstven stav da preko Zastupni\u010dkog i Doma naroda uputimo Europskoj uniji svoje jasne \u017eelje, zahtjev za dobivanje kandidacijskog statusa, odnosno ubrzano pristupanje Uniji, izjavio je za Fenu predsjedatelj Doma naroda PS BiH, Dragan \u010covi\u0107. Vjeruje kako \u0107e takvi stavovi Parlamentarne skup\u0161tine BiH [&hellip;]","og_url":"https:\/\/radioljubuski.ba\/index.php\/2022\/03\/10\/covic-dogovoreno-da-oba-doma-parlamenta-bih-upute-jasan-zahtjev-eu-za-ubrzano-pristupanje-uniji\/","og_site_name":"RADIO LJUBU\u0160KI","article_publisher":"https:\/\/www.facebook.com\/Radiio-Ljubuski-1490835324566332","article_published_time":"2022-03-10T09:56:48+00:00","article_modified_time":"2022-03-10T09:56:49+00:00","og_image":[{"width":1920,"height":1080,"url":"https:\/\/radioljubuski.ba\/wp-content\/uploads\/2022\/02\/mo-tvd2-intervju-covic-mmikulic-frame-2081-20220219172734.png","type":"image\/png"}],"author":"Radio Ljubu\u0161ki","twitter_card":"summary_large_image","twitter_creator":"@radioljubuski","twitter_site":"@radioljubuski","twitter_misc":{"Napisao\/la":"Radio Ljubu\u0161ki","Procijenjeno vrijeme \u010ditanja":"3 minute"},"schema":{"@context":"https:\/\/schema.org","@graph":[{"@type":"Article","@id":"https:\/\/radioljubuski.ba\/index.php\/2022\/03\/10\/covic-dogovoreno-da-oba-doma-parlamenta-bih-upute-jasan-zahtjev-eu-za-ubrzano-pristupanje-uniji\/#article","isPartOf":{"@id":"https:\/\/radioljubuski.ba\/index.php\/2022\/03\/10\/covic-dogovoreno-da-oba-doma-parlamenta-bih-upute-jasan-zahtjev-eu-za-ubrzano-pristupanje-uniji\/"},"author":{"name":"Radio Ljubu\u0161ki","@id":"https:\/\/radioljubuski.ba\/#\/schema\/person\/19fc700381a780f69665d7956c469e3b"},"headline":"\u010covi\u0107: Dogovoreno da oba doma Parlamenta BiH upute jasan zahtjev EU za ubrzano pristupanje Uniji","datePublished":"2022-03-10T09:56:48+00:00","dateModified":"2022-03-10T09:56:49+00:00","mainEntityOfPage":{"@id":"https:\/\/radioljubuski.ba\/index.php\/2022\/03\/10\/covic-dogovoreno-da-oba-doma-parlamenta-bih-upute-jasan-zahtjev-eu-za-ubrzano-pristupanje-uniji\/"},"wordCount":530,"publisher":{"@id":"https:\/\/radioljubuski.ba\/#organization"},"image":{"@id":"https:\/\/radioljubuski.ba\/index.php\/2022\/03\/10\/covic-dogovoreno-da-oba-doma-parlamenta-bih-upute-jasan-zahtjev-eu-za-ubrzano-pristupanje-uniji\/#primaryimage"},"thumbnailUrl":"https:\/\/radioljubuski.ba\/wp-content\/uploads\/2022\/02\/mo-tvd2-intervju-covic-mmikulic-frame-2081-20220219172734.png","articleSection":["BIH i regija"],"inLanguage":"hr"},{"@type":"WebPage","@id":"https:\/\/radioljubuski.ba\/index.php\/2022\/03\/10\/covic-dogovoreno-da-oba-doma-parlamenta-bih-upute-jasan-zahtjev-eu-za-ubrzano-pristupanje-uniji\/","url":"https:\/\/radioljubuski.ba\/index.php\/2022\/03\/10\/covic-dogovoreno-da-oba-doma-parlamenta-bih-upute-jasan-zahtjev-eu-za-ubrzano-pristupanje-uniji\/","name":"\u010covi\u0107: Dogovoreno da oba doma Parlamenta BiH upute jasan zahtjev EU za ubrzano pristupanje Uniji - RADIO LJUBU\u0160KI","isPartOf":{"@id":"https:\/\/radioljubuski.ba\/#website"},"primaryImageOfPage":{"@id":"https:\/\/radioljubuski.ba\/index.php\/2022\/03\/10\/covic-dogovoreno-da-oba-doma-parlamenta-bih-upute-jasan-zahtjev-eu-za-ubrzano-pristupanje-uniji\/#primaryimage"},"image":{"@id":"https:\/\/radioljubuski.ba\/index.php\/2022\/03\/10\/covic-dogovoreno-da-oba-doma-parlamenta-bih-upute-jasan-zahtjev-eu-za-ubrzano-pristupanje-uniji\/#primaryimage"},"thumbnailUrl":"https:\/\/radioljubuski.ba\/wp-content\/uploads\/2022\/02\/mo-tvd2-intervju-covic-mmikulic-frame-2081-20220219172734.png","datePublished":"2022-03-10T09:56:48+00:00","dateModified":"2022-03-10T09:56:49+00:00","breadcrumb":{"@id":"https:\/\/radioljubuski.ba\/index.php\/2022\/03\/10\/covic-dogovoreno-da-oba-doma-parlamenta-bih-upute-jasan-zahtjev-eu-za-ubrzano-pristupanje-uniji\/#breadcrumb"},"inLanguage":"hr","potentialAction":[{"@type":"ReadAction","target":["https:\/\/radioljubuski.ba\/index.php\/2022\/03\/10\/covic-dogovoreno-da-oba-doma-parlamenta-bih-upute-jasan-zahtjev-eu-za-ubrzano-pristupanje-uniji\/"]}]},{"@type":"ImageObject","inLanguage":"hr","@id":"https:\/\/radioljubuski.ba\/index.php\/2022\/03\/10\/covic-dogovoreno-da-oba-doma-parlamenta-bih-upute-jasan-zahtjev-eu-za-ubrzano-pristupanje-uniji\/#primaryimage","url":"https:\/\/radioljubuski.ba\/wp-content\/uploads\/2022\/02\/mo-tvd2-intervju-covic-mmikulic-frame-2081-20220219172734.png","contentUrl":"https:\/\/radioljubuski.ba\/wp-content\/uploads\/2022\/02\/mo-tvd2-intervju-covic-mmikulic-frame-2081-20220219172734.png","width":1920,"height":1080},{"@type":"BreadcrumbList","@id":"https:\/\/radioljubuski.ba\/index.php\/2022\/03\/10\/covic-dogovoreno-da-oba-doma-parlamenta-bih-upute-jasan-zahtjev-eu-za-ubrzano-pristupanje-uniji\/#breadcrumb","itemListElement":[{"@type":"ListItem","position":1,"name":"Po\u010detna stranica","item":"https:\/\/radioljubuski.ba\/"},{"@type":"ListItem","position":2,"name":"\u010covi\u0107: Dogovoreno da oba doma Parlamenta BiH upute jasan zahtjev EU za ubrzano pristupanje Uniji"}]},{"@type":"WebSite","@id":"https:\/\/radioljubuski.ba\/#website","url":"https:\/\/radioljubuski.ba\/","name":"Radio Ljubu\u0161ki","description":"Sun\u010dana frekvencija Hercegovine","publisher":{"@id":"https:\/\/radioljubuski.ba\/#organization"},"potentialAction":[{"@type":"SearchAction","target":{"@type":"EntryPoint","urlTemplate":"https:\/\/radioljubuski.ba\/?s={search_term_string}"},"query-input":{"@type":"PropertyValueSpecification","valueRequired":true,"valueName":"search_term_string"}}],"inLanguage":"hr"},{"@type":"Organization","@id":"https:\/\/radioljubuski.ba\/#organization","name":"Radio Ljubu\u0161ki","url":"https:\/\/radioljubuski.ba\/","logo":{"@type":"ImageObject","inLanguage":"hr","@id":"https:\/\/radioljubuski.ba\/#\/schema\/logo\/image\/","url":"https:\/\/radioljubuski.ba\/wp-content\/uploads\/2021\/02\/cropped-Radio_Ljubuski_logo1.jpg","contentUrl":"https:\/\/radioljubuski.ba\/wp-content\/uploads\/2021\/02\/cropped-Radio_Ljubuski_logo1.jpg","width":512,"height":512,"caption":"Radio Ljubu\u0161ki"},"image":{"@id":"https:\/\/radioljubuski.ba\/#\/schema\/logo\/image\/"},"sameAs":["https:\/\/www.facebook.com\/Radiio-Ljubuski-1490835324566332","https:\/\/x.com\/radioljubuski","https:\/\/hr.linkedin.com\/company\/radio-ljubuski","https:\/\/www.youtube.com\/channel\/UCHYaeO_n0Db3tjNGudGpXyw"]},{"@type":"Person","@id":"https:\/\/radioljubuski.ba\/#\/schema\/person\/19fc700381a780f69665d7956c469e3b","name":"Radio Ljubu\u0161ki"}]}},"_links":{"self":[{"href":"https:\/\/radioljubuski.ba\/index.php\/wp-json\/wp\/v2\/posts\/119801","targetHints":{"allow":["GET"]}}],"collection":[{"href":"https:\/\/radioljubuski.ba\/index.php\/wp-json\/wp\/v2\/posts"}],"about":[{"href":"https:\/\/radioljubuski.ba\/index.php\/wp-json\/wp\/v2\/types\/post"}],"author":[{"embeddable":true,"href":"https:\/\/radioljubuski.ba\/index.php\/wp-json\/wp\/v2\/users\/2"}],"replies":[{"embeddable":true,"href":"https:\/\/radioljubuski.ba\/index.php\/wp-json\/wp\/v2\/comments?post=119801"}],"version-history":[{"count":1,"href":"https:\/\/radioljubuski.ba\/index.php\/wp-json\/wp\/v2\/posts\/119801\/revisions"}],"predecessor-version":[{"id":119802,"href":"https:\/\/radioljubuski.ba\/index.php\/wp-json\/wp\/v2\/posts\/119801\/revisions\/119802"}],"wp:featuredmedia":[{"embeddable":true,"href":"https:\/\/radioljubuski.ba\/index.php\/wp-json\/wp\/v2\/media\/114992"}],"wp:attachment":[{"href":"https:\/\/radioljubuski.ba\/index.php\/wp-json\/wp\/v2\/media?parent=119801"}],"wp:term":[{"taxonomy":"category","embeddable":true,"href":"https:\/\/radioljubuski.ba\/index.php\/wp-json\/wp\/v2\/categories?post=119801"},{"taxonomy":"post_tag","embeddable":true,"href":"https:\/\/radioljubuski.ba\/index.php\/wp-json\/wp\/v2\/tags?post=119801"}],"curies":[{"name":"wp","href":"https:\/\/api.w.org\/{rel}","templated":true}]}}