{"id":119803,"date":"2022-03-10T10:57:49","date_gmt":"2022-03-10T09:57:49","guid":{"rendered":"https:\/\/radioljubuski.ba\/?p=119803"},"modified":"2022-03-10T10:57:50","modified_gmt":"2022-03-10T09:57:50","slug":"severina-tako-mi-alije-sirotanovica-nisu-mi-dozvolili-da-nastupim-u-bojama-ukrajine-i-bih-u-brckom","status":"publish","type":"post","link":"https:\/\/radioljubuski.ba\/index.php\/2022\/03\/10\/severina-tako-mi-alije-sirotanovica-nisu-mi-dozvolili-da-nastupim-u-bojama-ukrajine-i-bih-u-brckom\/","title":{"rendered":"Severina: Tako mi Alije Sirotanovi\u0107a, nisu mi dozvolili da nastupim u bojama Ukrajine i BiH u Br\u010dkom"},"content":{"rendered":"\n<p><strong>Popularna hrvatska pjeva\u010dica Severina nastupila je ju\u010der u Br\u010dkom na Trgu mladih i pred publiku iza\u0161la u trenirci \u0161to je izazvalo niz reakcija, a danas je ona pojasnila zbog \u010dega je nastupila u toj odje\u0107i.<\/strong><\/p>\n\n\n\n<p>Za koncert u Br\u010dkom ona i njena ekipa imali su pripremljene trenerke u plavoj i \u017eutoj boji kao simbol podr\u0161ke Ukrajini a kako je sama rekla ujedno i bojama BiH, me\u0111utim organizatori joj nisu dozvolili da nastupi u toj odje\u0107i \u0161to je i sama potvrdila, prenosi N1.<\/p>\n\n\n\n<p>\u201cKona\u010dno jednom mogu potvrditi da su neke glasine o meni to\u010dne. Tako mi Alije Sirotanovi\u0107a, priznajem da sam u Br\u010dkom nastupala u trenirci neutralnih boja (i po nekima uvrijedila publiku), a razlog tome je upravo to da ne uvrijedim odje\u0107om dio publike. Po mi\u0161ljenju lokalnih politi\u010dara distrikta. Dakle, cijelom bendu dala sam ba\u0161 za nastup u Br\u010dkom sa\u0161iti trenirke u bojama BiH i ukrajinske zastave. Politi\u010dka vrhu\u0161ka distrikta toliko se prepala da je pritom zaboravila da je i zastava njihove dr\u017eave istih boja kao i napadnute Ukrajine.<\/p>\n\n\n\n<p>Pa je bilo BIH \u2013 ne BIH. I zavr\u0161ilo je ne bih! I jedino \u0161to sam imala za presvu\u0107i bila je putna trenirka. Da je sve \u0161to vam ka\u017eem to\u010dno, potvr\u0111uje prilo\u017eena fotografija iz \u0161atora.<\/p>\n\n\n\n<p>U svakom slu\u010daju, isprika publici\u2026 Slava Ukraini! \u017divjela nam i Bosna i Hercegovina i svi ljudi dobre volje u njoj.\u201d objavila je Severina na svojoj slu\u017ebenoj Facebook stranici.<\/p>\n\n\n\n<p>Severina je na Trgu mladih nastupila povodom 22. godi\u0161njice distrikta Br\u010dko u organizaciji Vlade Br\u010dko distrikta.<\/p>\n\n\n\n<p>\/HMS\/<\/p>\n","protected":false},"excerpt":{"rendered":"<p>Popularna hrvatska pjeva\u010dica Severina nastupila je ju\u010der u Br\u010dkom na Trgu mladih i pred publiku iza\u0161la u trenirci \u0161to je izazvalo niz reakcija, a danas je ona pojasnila zbog \u010dega je nastupila u toj odje\u0107i. Za koncert u Br\u010dkom ona i njena ekipa imali su pripremljene trenerke u plavoj i \u017eutoj boji kao simbol podr\u0161ke [&hellip;]<\/p>\n","protected":false},"author":2,"featured_media":119804,"comment_status":"closed","ping_status":"closed","sticky":false,"template":"","format":"standard","meta":{"h5ap_radio_sources":[],"footnotes":""},"categories":[1],"tags":[],"class_list":["post-119803","post","type-post","status-publish","format-standard","has-post-thumbnail","hentry","category-bihiregija"],"yoast_head":"<!-- This site is optimized with the Yoast SEO plugin v27.5 - https:\/\/yoast.com\/product\/yoast-seo-wordpress\/ -->\n<title>Severina: Tako mi Alije Sirotanovi\u0107a, nisu mi dozvolili da nastupim u bojama Ukrajine i BiH u Br\u010dkom - RADIO LJUBU\u0160KI<\/title>\n<meta name=\"robots\" content=\"index, follow, max-snippet:-1, max-image-preview:large, max-video-preview:-1\" \/>\n<link rel=\"canonical\" href=\"https:\/\/radioljubuski.ba\/index.php\/2022\/03\/10\/severina-tako-mi-alije-sirotanovica-nisu-mi-dozvolili-da-nastupim-u-bojama-ukrajine-i-bih-u-brckom\/\" \/>\n<meta property=\"og:locale\" content=\"hr_HR\" \/>\n<meta property=\"og:type\" content=\"article\" \/>\n<meta property=\"og:title\" content=\"Severina: Tako mi Alije Sirotanovi\u0107a, nisu mi dozvolili da nastupim u bojama Ukrajine i BiH u Br\u010dkom - RADIO LJUBU\u0160KI\" \/>\n<meta property=\"og:description\" content=\"Popularna hrvatska pjeva\u010dica Severina nastupila je ju\u010der u Br\u010dkom na Trgu mladih i pred publiku iza\u0161la u trenirci \u0161to je izazvalo niz reakcija, a danas je ona pojasnila zbog \u010dega je nastupila u toj odje\u0107i. Za koncert u Br\u010dkom ona i njena ekipa imali su pripremljene trenerke u plavoj i \u017eutoj boji kao simbol podr\u0161ke [&hellip;]\" \/>\n<meta property=\"og:url\" content=\"https:\/\/radioljubuski.ba\/index.php\/2022\/03\/10\/severina-tako-mi-alije-sirotanovica-nisu-mi-dozvolili-da-nastupim-u-bojama-ukrajine-i-bih-u-brckom\/\" \/>\n<meta property=\"og:site_name\" content=\"RADIO LJUBU\u0160KI\" \/>\n<meta property=\"article:publisher\" content=\"https:\/\/www.facebook.com\/Radiio-Ljubuski-1490835324566332\" \/>\n<meta property=\"article:published_time\" content=\"2022-03-10T09:57:49+00:00\" \/>\n<meta property=\"article:modified_time\" content=\"2022-03-10T09:57:50+00:00\" \/>\n<meta property=\"og:image\" content=\"https:\/\/radioljubuski.ba\/wp-content\/uploads\/2022\/03\/severina-ukrajina.png\" \/>\n\t<meta property=\"og:image:width\" content=\"800\" \/>\n\t<meta property=\"og:image:height\" content=\"550\" \/>\n\t<meta property=\"og:image:type\" content=\"image\/png\" \/>\n<meta name=\"author\" content=\"Radio Ljubu\u0161ki\" \/>\n<meta name=\"twitter:card\" content=\"summary_large_image\" \/>\n<meta name=\"twitter:creator\" content=\"@radioljubuski\" \/>\n<meta name=\"twitter:site\" content=\"@radioljubuski\" \/>\n<meta name=\"twitter:label1\" content=\"Napisao\/la\" \/>\n\t<meta name=\"twitter:data1\" content=\"Radio Ljubu\u0161ki\" \/>\n\t<meta name=\"twitter:label2\" content=\"Procijenjeno vrijeme \u010ditanja\" \/>\n\t<meta name=\"twitter:data2\" content=\"2 minute\" \/>\n<script type=\"application\/ld+json\" class=\"yoast-schema-graph\">{\"@context\":\"https:\\\/\\\/schema.org\",\"@graph\":[{\"@type\":\"Article\",\"@id\":\"https:\\\/\\\/radioljubuski.ba\\\/index.php\\\/2022\\\/03\\\/10\\\/severina-tako-mi-alije-sirotanovica-nisu-mi-dozvolili-da-nastupim-u-bojama-ukrajine-i-bih-u-brckom\\\/#article\",\"isPartOf\":{\"@id\":\"https:\\\/\\\/radioljubuski.ba\\\/index.php\\\/2022\\\/03\\\/10\\\/severina-tako-mi-alije-sirotanovica-nisu-mi-dozvolili-da-nastupim-u-bojama-ukrajine-i-bih-u-brckom\\\/\"},\"author\":{\"name\":\"Radio Ljubu\u0161ki\",\"@id\":\"https:\\\/\\\/radioljubuski.ba\\\/#\\\/schema\\\/person\\\/19fc700381a780f69665d7956c469e3b\"},\"headline\":\"Severina: Tako mi Alije Sirotanovi\u0107a, nisu mi dozvolili da nastupim u bojama Ukrajine i BiH u Br\u010dkom\",\"datePublished\":\"2022-03-10T09:57:49+00:00\",\"dateModified\":\"2022-03-10T09:57:50+00:00\",\"mainEntityOfPage\":{\"@id\":\"https:\\\/\\\/radioljubuski.ba\\\/index.php\\\/2022\\\/03\\\/10\\\/severina-tako-mi-alije-sirotanovica-nisu-mi-dozvolili-da-nastupim-u-bojama-ukrajine-i-bih-u-brckom\\\/\"},\"wordCount\":298,\"publisher\":{\"@id\":\"https:\\\/\\\/radioljubuski.ba\\\/#organization\"},\"image\":{\"@id\":\"https:\\\/\\\/radioljubuski.ba\\\/index.php\\\/2022\\\/03\\\/10\\\/severina-tako-mi-alije-sirotanovica-nisu-mi-dozvolili-da-nastupim-u-bojama-ukrajine-i-bih-u-brckom\\\/#primaryimage\"},\"thumbnailUrl\":\"https:\\\/\\\/radioljubuski.ba\\\/wp-content\\\/uploads\\\/2022\\\/03\\\/severina-ukrajina.png\",\"articleSection\":[\"BIH i regija\"],\"inLanguage\":\"hr\"},{\"@type\":\"WebPage\",\"@id\":\"https:\\\/\\\/radioljubuski.ba\\\/index.php\\\/2022\\\/03\\\/10\\\/severina-tako-mi-alije-sirotanovica-nisu-mi-dozvolili-da-nastupim-u-bojama-ukrajine-i-bih-u-brckom\\\/\",\"url\":\"https:\\\/\\\/radioljubuski.ba\\\/index.php\\\/2022\\\/03\\\/10\\\/severina-tako-mi-alije-sirotanovica-nisu-mi-dozvolili-da-nastupim-u-bojama-ukrajine-i-bih-u-brckom\\\/\",\"name\":\"Severina: Tako mi Alije Sirotanovi\u0107a, nisu mi dozvolili da nastupim u bojama Ukrajine i BiH u Br\u010dkom - RADIO LJUBU\u0160KI\",\"isPartOf\":{\"@id\":\"https:\\\/\\\/radioljubuski.ba\\\/#website\"},\"primaryImageOfPage\":{\"@id\":\"https:\\\/\\\/radioljubuski.ba\\\/index.php\\\/2022\\\/03\\\/10\\\/severina-tako-mi-alije-sirotanovica-nisu-mi-dozvolili-da-nastupim-u-bojama-ukrajine-i-bih-u-brckom\\\/#primaryimage\"},\"image\":{\"@id\":\"https:\\\/\\\/radioljubuski.ba\\\/index.php\\\/2022\\\/03\\\/10\\\/severina-tako-mi-alije-sirotanovica-nisu-mi-dozvolili-da-nastupim-u-bojama-ukrajine-i-bih-u-brckom\\\/#primaryimage\"},\"thumbnailUrl\":\"https:\\\/\\\/radioljubuski.ba\\\/wp-content\\\/uploads\\\/2022\\\/03\\\/severina-ukrajina.png\",\"datePublished\":\"2022-03-10T09:57:49+00:00\",\"dateModified\":\"2022-03-10T09:57:50+00:00\",\"breadcrumb\":{\"@id\":\"https:\\\/\\\/radioljubuski.ba\\\/index.php\\\/2022\\\/03\\\/10\\\/severina-tako-mi-alije-sirotanovica-nisu-mi-dozvolili-da-nastupim-u-bojama-ukrajine-i-bih-u-brckom\\\/#breadcrumb\"},\"inLanguage\":\"hr\",\"potentialAction\":[{\"@type\":\"ReadAction\",\"target\":[\"https:\\\/\\\/radioljubuski.ba\\\/index.php\\\/2022\\\/03\\\/10\\\/severina-tako-mi-alije-sirotanovica-nisu-mi-dozvolili-da-nastupim-u-bojama-ukrajine-i-bih-u-brckom\\\/\"]}]},{\"@type\":\"ImageObject\",\"inLanguage\":\"hr\",\"@id\":\"https:\\\/\\\/radioljubuski.ba\\\/index.php\\\/2022\\\/03\\\/10\\\/severina-tako-mi-alije-sirotanovica-nisu-mi-dozvolili-da-nastupim-u-bojama-ukrajine-i-bih-u-brckom\\\/#primaryimage\",\"url\":\"https:\\\/\\\/radioljubuski.ba\\\/wp-content\\\/uploads\\\/2022\\\/03\\\/severina-ukrajina.png\",\"contentUrl\":\"https:\\\/\\\/radioljubuski.ba\\\/wp-content\\\/uploads\\\/2022\\\/03\\\/severina-ukrajina.png\",\"width\":800,\"height\":550},{\"@type\":\"BreadcrumbList\",\"@id\":\"https:\\\/\\\/radioljubuski.ba\\\/index.php\\\/2022\\\/03\\\/10\\\/severina-tako-mi-alije-sirotanovica-nisu-mi-dozvolili-da-nastupim-u-bojama-ukrajine-i-bih-u-brckom\\\/#breadcrumb\",\"itemListElement\":[{\"@type\":\"ListItem\",\"position\":1,\"name\":\"Po\u010detna stranica\",\"item\":\"https:\\\/\\\/radioljubuski.ba\\\/\"},{\"@type\":\"ListItem\",\"position\":2,\"name\":\"Severina: Tako mi Alije Sirotanovi\u0107a, nisu mi dozvolili da nastupim u bojama Ukrajine i BiH u Br\u010dkom\"}]},{\"@type\":\"WebSite\",\"@id\":\"https:\\\/\\\/radioljubuski.ba\\\/#website\",\"url\":\"https:\\\/\\\/radioljubuski.ba\\\/\",\"name\":\"Radio Ljubu\u0161ki\",\"description\":\"Sun\u010dana frekvencija Hercegovine\",\"publisher\":{\"@id\":\"https:\\\/\\\/radioljubuski.ba\\\/#organization\"},\"potentialAction\":[{\"@type\":\"SearchAction\",\"target\":{\"@type\":\"EntryPoint\",\"urlTemplate\":\"https:\\\/\\\/radioljubuski.ba\\\/?s={search_term_string}\"},\"query-input\":{\"@type\":\"PropertyValueSpecification\",\"valueRequired\":true,\"valueName\":\"search_term_string\"}}],\"inLanguage\":\"hr\"},{\"@type\":\"Organization\",\"@id\":\"https:\\\/\\\/radioljubuski.ba\\\/#organization\",\"name\":\"Radio Ljubu\u0161ki\",\"url\":\"https:\\\/\\\/radioljubuski.ba\\\/\",\"logo\":{\"@type\":\"ImageObject\",\"inLanguage\":\"hr\",\"@id\":\"https:\\\/\\\/radioljubuski.ba\\\/#\\\/schema\\\/logo\\\/image\\\/\",\"url\":\"https:\\\/\\\/radioljubuski.ba\\\/wp-content\\\/uploads\\\/2021\\\/02\\\/cropped-Radio_Ljubuski_logo1.jpg\",\"contentUrl\":\"https:\\\/\\\/radioljubuski.ba\\\/wp-content\\\/uploads\\\/2021\\\/02\\\/cropped-Radio_Ljubuski_logo1.jpg\",\"width\":512,\"height\":512,\"caption\":\"Radio Ljubu\u0161ki\"},\"image\":{\"@id\":\"https:\\\/\\\/radioljubuski.ba\\\/#\\\/schema\\\/logo\\\/image\\\/\"},\"sameAs\":[\"https:\\\/\\\/www.facebook.com\\\/Radiio-Ljubuski-1490835324566332\",\"https:\\\/\\\/x.com\\\/radioljubuski\",\"https:\\\/\\\/hr.linkedin.com\\\/company\\\/radio-ljubuski\",\"https:\\\/\\\/www.youtube.com\\\/channel\\\/UCHYaeO_n0Db3tjNGudGpXyw\"]},{\"@type\":\"Person\",\"@id\":\"https:\\\/\\\/radioljubuski.ba\\\/#\\\/schema\\\/person\\\/19fc700381a780f69665d7956c469e3b\",\"name\":\"Radio Ljubu\u0161ki\"}]}<\/script>\n<!-- \/ Yoast SEO plugin. -->","yoast_head_json":{"title":"Severina: Tako mi Alije Sirotanovi\u0107a, nisu mi dozvolili da nastupim u bojama Ukrajine i BiH u Br\u010dkom - RADIO LJUBU\u0160KI","robots":{"index":"index","follow":"follow","max-snippet":"max-snippet:-1","max-image-preview":"max-image-preview:large","max-video-preview":"max-video-preview:-1"},"canonical":"https:\/\/radioljubuski.ba\/index.php\/2022\/03\/10\/severina-tako-mi-alije-sirotanovica-nisu-mi-dozvolili-da-nastupim-u-bojama-ukrajine-i-bih-u-brckom\/","og_locale":"hr_HR","og_type":"article","og_title":"Severina: Tako mi Alije Sirotanovi\u0107a, nisu mi dozvolili da nastupim u bojama Ukrajine i BiH u Br\u010dkom - RADIO LJUBU\u0160KI","og_description":"Popularna hrvatska pjeva\u010dica Severina nastupila je ju\u010der u Br\u010dkom na Trgu mladih i pred publiku iza\u0161la u trenirci \u0161to je izazvalo niz reakcija, a danas je ona pojasnila zbog \u010dega je nastupila u toj odje\u0107i. Za koncert u Br\u010dkom ona i njena ekipa imali su pripremljene trenerke u plavoj i \u017eutoj boji kao simbol podr\u0161ke [&hellip;]","og_url":"https:\/\/radioljubuski.ba\/index.php\/2022\/03\/10\/severina-tako-mi-alije-sirotanovica-nisu-mi-dozvolili-da-nastupim-u-bojama-ukrajine-i-bih-u-brckom\/","og_site_name":"RADIO LJUBU\u0160KI","article_publisher":"https:\/\/www.facebook.com\/Radiio-Ljubuski-1490835324566332","article_published_time":"2022-03-10T09:57:49+00:00","article_modified_time":"2022-03-10T09:57:50+00:00","og_image":[{"width":800,"height":550,"url":"https:\/\/radioljubuski.ba\/wp-content\/uploads\/2022\/03\/severina-ukrajina.png","type":"image\/png"}],"author":"Radio Ljubu\u0161ki","twitter_card":"summary_large_image","twitter_creator":"@radioljubuski","twitter_site":"@radioljubuski","twitter_misc":{"Napisao\/la":"Radio Ljubu\u0161ki","Procijenjeno vrijeme \u010ditanja":"2 minute"},"schema":{"@context":"https:\/\/schema.org","@graph":[{"@type":"Article","@id":"https:\/\/radioljubuski.ba\/index.php\/2022\/03\/10\/severina-tako-mi-alije-sirotanovica-nisu-mi-dozvolili-da-nastupim-u-bojama-ukrajine-i-bih-u-brckom\/#article","isPartOf":{"@id":"https:\/\/radioljubuski.ba\/index.php\/2022\/03\/10\/severina-tako-mi-alije-sirotanovica-nisu-mi-dozvolili-da-nastupim-u-bojama-ukrajine-i-bih-u-brckom\/"},"author":{"name":"Radio Ljubu\u0161ki","@id":"https:\/\/radioljubuski.ba\/#\/schema\/person\/19fc700381a780f69665d7956c469e3b"},"headline":"Severina: Tako mi Alije Sirotanovi\u0107a, nisu mi dozvolili da nastupim u bojama Ukrajine i BiH u Br\u010dkom","datePublished":"2022-03-10T09:57:49+00:00","dateModified":"2022-03-10T09:57:50+00:00","mainEntityOfPage":{"@id":"https:\/\/radioljubuski.ba\/index.php\/2022\/03\/10\/severina-tako-mi-alije-sirotanovica-nisu-mi-dozvolili-da-nastupim-u-bojama-ukrajine-i-bih-u-brckom\/"},"wordCount":298,"publisher":{"@id":"https:\/\/radioljubuski.ba\/#organization"},"image":{"@id":"https:\/\/radioljubuski.ba\/index.php\/2022\/03\/10\/severina-tako-mi-alije-sirotanovica-nisu-mi-dozvolili-da-nastupim-u-bojama-ukrajine-i-bih-u-brckom\/#primaryimage"},"thumbnailUrl":"https:\/\/radioljubuski.ba\/wp-content\/uploads\/2022\/03\/severina-ukrajina.png","articleSection":["BIH i regija"],"inLanguage":"hr"},{"@type":"WebPage","@id":"https:\/\/radioljubuski.ba\/index.php\/2022\/03\/10\/severina-tako-mi-alije-sirotanovica-nisu-mi-dozvolili-da-nastupim-u-bojama-ukrajine-i-bih-u-brckom\/","url":"https:\/\/radioljubuski.ba\/index.php\/2022\/03\/10\/severina-tako-mi-alije-sirotanovica-nisu-mi-dozvolili-da-nastupim-u-bojama-ukrajine-i-bih-u-brckom\/","name":"Severina: Tako mi Alije Sirotanovi\u0107a, nisu mi dozvolili da nastupim u bojama Ukrajine i BiH u Br\u010dkom - RADIO LJUBU\u0160KI","isPartOf":{"@id":"https:\/\/radioljubuski.ba\/#website"},"primaryImageOfPage":{"@id":"https:\/\/radioljubuski.ba\/index.php\/2022\/03\/10\/severina-tako-mi-alije-sirotanovica-nisu-mi-dozvolili-da-nastupim-u-bojama-ukrajine-i-bih-u-brckom\/#primaryimage"},"image":{"@id":"https:\/\/radioljubuski.ba\/index.php\/2022\/03\/10\/severina-tako-mi-alije-sirotanovica-nisu-mi-dozvolili-da-nastupim-u-bojama-ukrajine-i-bih-u-brckom\/#primaryimage"},"thumbnailUrl":"https:\/\/radioljubuski.ba\/wp-content\/uploads\/2022\/03\/severina-ukrajina.png","datePublished":"2022-03-10T09:57:49+00:00","dateModified":"2022-03-10T09:57:50+00:00","breadcrumb":{"@id":"https:\/\/radioljubuski.ba\/index.php\/2022\/03\/10\/severina-tako-mi-alije-sirotanovica-nisu-mi-dozvolili-da-nastupim-u-bojama-ukrajine-i-bih-u-brckom\/#breadcrumb"},"inLanguage":"hr","potentialAction":[{"@type":"ReadAction","target":["https:\/\/radioljubuski.ba\/index.php\/2022\/03\/10\/severina-tako-mi-alije-sirotanovica-nisu-mi-dozvolili-da-nastupim-u-bojama-ukrajine-i-bih-u-brckom\/"]}]},{"@type":"ImageObject","inLanguage":"hr","@id":"https:\/\/radioljubuski.ba\/index.php\/2022\/03\/10\/severina-tako-mi-alije-sirotanovica-nisu-mi-dozvolili-da-nastupim-u-bojama-ukrajine-i-bih-u-brckom\/#primaryimage","url":"https:\/\/radioljubuski.ba\/wp-content\/uploads\/2022\/03\/severina-ukrajina.png","contentUrl":"https:\/\/radioljubuski.ba\/wp-content\/uploads\/2022\/03\/severina-ukrajina.png","width":800,"height":550},{"@type":"BreadcrumbList","@id":"https:\/\/radioljubuski.ba\/index.php\/2022\/03\/10\/severina-tako-mi-alije-sirotanovica-nisu-mi-dozvolili-da-nastupim-u-bojama-ukrajine-i-bih-u-brckom\/#breadcrumb","itemListElement":[{"@type":"ListItem","position":1,"name":"Po\u010detna stranica","item":"https:\/\/radioljubuski.ba\/"},{"@type":"ListItem","position":2,"name":"Severina: Tako mi Alije Sirotanovi\u0107a, nisu mi dozvolili da nastupim u bojama Ukrajine i BiH u Br\u010dkom"}]},{"@type":"WebSite","@id":"https:\/\/radioljubuski.ba\/#website","url":"https:\/\/radioljubuski.ba\/","name":"Radio Ljubu\u0161ki","description":"Sun\u010dana frekvencija Hercegovine","publisher":{"@id":"https:\/\/radioljubuski.ba\/#organization"},"potentialAction":[{"@type":"SearchAction","target":{"@type":"EntryPoint","urlTemplate":"https:\/\/radioljubuski.ba\/?s={search_term_string}"},"query-input":{"@type":"PropertyValueSpecification","valueRequired":true,"valueName":"search_term_string"}}],"inLanguage":"hr"},{"@type":"Organization","@id":"https:\/\/radioljubuski.ba\/#organization","name":"Radio Ljubu\u0161ki","url":"https:\/\/radioljubuski.ba\/","logo":{"@type":"ImageObject","inLanguage":"hr","@id":"https:\/\/radioljubuski.ba\/#\/schema\/logo\/image\/","url":"https:\/\/radioljubuski.ba\/wp-content\/uploads\/2021\/02\/cropped-Radio_Ljubuski_logo1.jpg","contentUrl":"https:\/\/radioljubuski.ba\/wp-content\/uploads\/2021\/02\/cropped-Radio_Ljubuski_logo1.jpg","width":512,"height":512,"caption":"Radio Ljubu\u0161ki"},"image":{"@id":"https:\/\/radioljubuski.ba\/#\/schema\/logo\/image\/"},"sameAs":["https:\/\/www.facebook.com\/Radiio-Ljubuski-1490835324566332","https:\/\/x.com\/radioljubuski","https:\/\/hr.linkedin.com\/company\/radio-ljubuski","https:\/\/www.youtube.com\/channel\/UCHYaeO_n0Db3tjNGudGpXyw"]},{"@type":"Person","@id":"https:\/\/radioljubuski.ba\/#\/schema\/person\/19fc700381a780f69665d7956c469e3b","name":"Radio Ljubu\u0161ki"}]}},"_links":{"self":[{"href":"https:\/\/radioljubuski.ba\/index.php\/wp-json\/wp\/v2\/posts\/119803","targetHints":{"allow":["GET"]}}],"collection":[{"href":"https:\/\/radioljubuski.ba\/index.php\/wp-json\/wp\/v2\/posts"}],"about":[{"href":"https:\/\/radioljubuski.ba\/index.php\/wp-json\/wp\/v2\/types\/post"}],"author":[{"embeddable":true,"href":"https:\/\/radioljubuski.ba\/index.php\/wp-json\/wp\/v2\/users\/2"}],"replies":[{"embeddable":true,"href":"https:\/\/radioljubuski.ba\/index.php\/wp-json\/wp\/v2\/comments?post=119803"}],"version-history":[{"count":1,"href":"https:\/\/radioljubuski.ba\/index.php\/wp-json\/wp\/v2\/posts\/119803\/revisions"}],"predecessor-version":[{"id":119805,"href":"https:\/\/radioljubuski.ba\/index.php\/wp-json\/wp\/v2\/posts\/119803\/revisions\/119805"}],"wp:featuredmedia":[{"embeddable":true,"href":"https:\/\/radioljubuski.ba\/index.php\/wp-json\/wp\/v2\/media\/119804"}],"wp:attachment":[{"href":"https:\/\/radioljubuski.ba\/index.php\/wp-json\/wp\/v2\/media?parent=119803"}],"wp:term":[{"taxonomy":"category","embeddable":true,"href":"https:\/\/radioljubuski.ba\/index.php\/wp-json\/wp\/v2\/categories?post=119803"},{"taxonomy":"post_tag","embeddable":true,"href":"https:\/\/radioljubuski.ba\/index.php\/wp-json\/wp\/v2\/tags?post=119803"}],"curies":[{"name":"wp","href":"https:\/\/api.w.org\/{rel}","templated":true}]}}