{"id":119806,"date":"2022-03-10T11:14:07","date_gmt":"2022-03-10T10:14:07","guid":{"rendered":"https:\/\/radioljubuski.ba\/?p=119806"},"modified":"2022-03-10T11:14:09","modified_gmt":"2022-03-10T10:14:09","slug":"evo-kako-su-misetic-i-pepic-argumentirano-pobili-teze-i-bez-teksta-ostavili-komsicevog-savjetnika-albina-zuhrica","status":"publish","type":"post","link":"https:\/\/radioljubuski.ba\/index.php\/2022\/03\/10\/evo-kako-su-misetic-i-pepic-argumentirano-pobili-teze-i-bez-teksta-ostavili-komsicevog-savjetnika-albina-zuhrica\/","title":{"rendered":"Evo kako su Mi\u0161eti\u0107 i Pepi\u0107 argumentirano pobili teze i bez teksta ostavili Kom\u0161i\u0107evog savjetnika Albina Zuhri\u0107a"},"content":{"rendered":"\n<p><strong>Politolog Ivan Pepi\u0107 i odvjetnik Luka Mi\u0161eti\u0107 sino\u0107 su na Twitteru, u raspravi o demokratskom legitimitetu i Ustavu BiH, argumentima pobili i bez teksta ostavili Albina Zuhri\u0107a, savjetnika drugog bo\u0161nja\u010dkog \u010dlana Predsjedni\u0161tva BiH \u017deljka Kom\u0161i\u0107a za vanjsku politiku, pi\u0161e Hrvatski Medijski Servis.<\/strong><\/p>\n\n\n\n<p>U prethodnoj raspravi o ruskoj agresiji na Ukrajinu te na\u010dinu kako se ona percipira kod Hrvata u BiH, korisnik Twittera koji se krije pod pseudonimom @111adnan119, referiraju\u0107i se na predsjednika HDZ-a BiH i HNS-a Dragana \u010covi\u0107a, napisao je da Hrvati u Bosni i Hercegovini nemaju \u201cvo\u0111u\u201d kao ni druge etni\u010dke skupine. (narode u BiH naziva etni\u010dkim skupinama).<\/p>\n\n\n\n<p>\u201eMi nismo indijanska plemena i BIH nije pretkolonijalna Amerika\u201c, napisao je izvjesni Adnan na Twitteru.<\/p>\n\n\n\n<blockquote class=\"twitter-tweet\"><p lang=\"en\" dir=\"ltr\">Croats in Bosnia and Herzegovina do not have a &quot;leader&quot; and neither do other ethnic groups.<br>We are not Indian tribes and BIH is not pre-colonial America.<\/p>&mdash; 111Adnan (@111adnan1119) <a href=\"https:\/\/twitter.com\/111adnan1119\/status\/1501304126155673610?ref_src=twsrc%5Etfw\">March 8, 2022<\/a><\/blockquote> <script async src=\"https:\/\/platform.twitter.com\/widgets.js\" charset=\"utf-8\"><\/script> \n\n\n\n<p>Na ovu tvrdnju reagirao je poznati ameri\u010dki odvjetnik hrvatskih korijena, Luka Mi\u0161eti\u0107, koji je napisao da Hrvati imaju vo\u0111u.<\/p>\n\n\n\n<p>-Hrvati su suverena nacija unutar Bosne i Hercegovine, \u0161to je priznato Washingtonskim sporazumom, navodi Mi\u0161eti\u0107.<\/p>\n\n\n\n<p>Na zajedljivi upit spomenutog Adnana o tome kada su odr\u017eani izbori za plemenskog poglavicu (bh.) Hrvata, Mi\u0161eti\u0107 odgovara da se to dogodilo na istom mjestu gdje je izabran Kre\u0161imir Zubak koji je potpisao Washingtonski sporazum kojim je osnovana dana\u0161nja Federacija.<\/p>\n\n\n\n<p>Nakon jo\u0161 nekoliko me\u0111usobnih odgovora u spomenutim tweetovima, izvjesni Adnan pi\u0161e da se mogu postavljati pitanja a da na njih ne odgovara ili se pak mo\u017ee i\u0107i u sr\u017e problema.<\/p>\n\n\n\n<p>Adnan postavlja pitanje i je li i za\u0161to je Dragan \u010covi\u0107 lider Hrvata? Pita i koje je onda izbore\/pojedina\u010dne borbe\/nasljedno pravo ili koje god druge plemenske procese koristio a da bi temeljem njih bio izabran za \u201epoglavicu.\u201c<\/p>\n\n\n\n<p>Ovaj spin Mi\u0161eti\u0107 opovrgava s dva argumenta.<\/p>\n\n\n\n<p>\u201eLider je bh. Hrvata jer (1) ga je tako izabrao Hrvatski narodni sabor i (2) dobio je najvi\u0161e hrvatskih glasova na posljednjim dr\u017eavnim izborima za hrvatskog \u010dlana Predsjedni\u0161tva. I nijedna ozbiljna osoba u me\u0111unarodnoj zajednici to ne osporava\u201c, napisao je Mi\u0161eti\u0107.<\/p>\n\n\n\n<p>Na Mi\u0161eti\u0107evu argumentaciju Adnan odgovara da je Hrvatski narodni sabor samo nevladina organizacija te da je \u010covi\u0107 izgubio izbore zato \u0161to se nije kandidirao za vo\u0111u hrvatskog plemena, ve\u0107 za predsjednika dr\u017eave.<\/p>\n\n\n\n<p>Na ovu upadicu Mi\u0161eti\u0107 reagira s dva povezana tweeta.<\/p>\n\n\n\n<p>\u201eHrvati sami biraju svog vo\u0111u. Martin Luther King Jr tako\u0111er nije izabran ni na jednu du\u017enost, ali nije bilo spora da je bio vo\u0111a afroameri\u010dke zajednice u SAD-u. Ne postoji pravilo da \u010delnici nacionalne\/etni\u010dke skupine moraju pobijediti na dr\u017eavnim izborima.\u201c<\/p>\n\n\n\n<blockquote class=\"twitter-tweet\"><p lang=\"en\" dir=\"ltr\">1\/Croats get to pick their own leader. Martin Luther King Jr also wasn&#39;t elected to any office, but there was no dispute that he was the leader of the African American community in the U.S. There is no rule that a national\/ethnic group&#39;s leaders must win state elections.<\/p>&mdash; Luka Misetic (@MiseticLaw) <a href=\"https:\/\/twitter.com\/MiseticLaw\/status\/1501317101939740680?ref_src=twsrc%5Etfw\">March 8, 2022<\/a><\/blockquote> <script async src=\"https:\/\/platform.twitter.com\/widgets.js\" charset=\"utf-8\"><\/script> \n\n\n\n<p>Njegov drugi tweet privukao je pozornost, a temeljem njega u raspravu su se uklju\u010dili i Zuhri\u0107 i Pepi\u0107. <\/p>\n\n\n\n<p>\u201eA izbore je izgubio samo zato \u0161to su Bo\u0161njaci glasali za Kom\u0161i\u0107a. No, nema spora da je \u010covi\u0107 dobio najvi\u0161e hrvatskih glasova za hrvatskog \u010dlana Predsjedni\u0161tva. On dakle ima i demokratski legitimitet\u201c, napisao je Mi\u0161eti\u0107.<\/p>\n\n\n\n<blockquote class=\"twitter-tweet\"><p lang=\"en\" dir=\"ltr\">2\/ And he lost the election only because Bosniaks voted for Komsic. But there is no dispute &#8211; zero &#8211; that Covic received the most Croat votes for Croat member of the Presidency. He therefore also has democratic legitimacy.<\/p>&mdash; Luka Misetic (@MiseticLaw) <a href=\"https:\/\/twitter.com\/MiseticLaw\/status\/1501317315211579394?ref_src=twsrc%5Etfw\">March 8, 2022<\/a><\/blockquote> <script async src=\"https:\/\/platform.twitter.com\/widgets.js\" charset=\"utf-8\"><\/script> \n\n\n\n<p>Na ovaj Mi\u0161eti\u0107ev tweet reagirao je Kom\u0161i\u0107ev savjetnik za vanjsku politiku, Albin Zuhri\u0107 (ina\u010de biv\u0161i glavni tajnik Na\u0161e stranke) koji je Mi\u0161eti\u0107a optu\u017eio za izmi\u0161ljanje pojma \u201edemokratski legitimitet\u201c u nedostatku drugih argumenata.<\/p>\n\n\n\n<p>\u201c\u0160to uradi\u0161 kad kontinuirano gubi\u0161 na demokratskim izborima i narod te ne\u0107e? Izmisli\u0161 termin \u201cdemokratski legitimitet\u201d. Stvarno ste pateti\u010dni, ali vam ipak \u017eelim jo\u0161 jedne uspje\u0161ne izbore, i novi demokratski legitiman mandat u Predsjedni\u0161tvu\u201c, napisao je Zuhri\u0107.<\/p>\n\n\n\n<blockquote class=\"twitter-tweet\"><p lang=\"und\" dir=\"ltr\">Sta uradis kad kontinuirano gubis na demokratskim izborima i narod te nece? Izmislis termin \u201cdemokratski legitimitet\u201d. Stvarno ste pateticni, ali vam ipak zelim jos jedne uspjesne izbore, i novi demokratski legitiman mandat u Predsjednistvu. <a href=\"https:\/\/t.co\/OECOSUf0W8\">https:\/\/t.co\/OECOSUf0W8<\/a><\/p>&mdash; Albin Zuhric (@ZuhricAlbin) <a href=\"https:\/\/twitter.com\/ZuhricAlbin\/status\/1501324916372688898?ref_src=twsrc%5Etfw\">March 8, 2022<\/a><\/blockquote> <script async src=\"https:\/\/platform.twitter.com\/widgets.js\" charset=\"utf-8\"><\/script> \n\n\n\n<p>Zuhri\u0107u je Mi\u0161eti\u0107 odgovorio na sljede\u0107i na\u010din:<\/p>\n\n\n\n<p>\u201cHvala vam. Isto \u017eelim Hrvatima BiH. Uz dodatnu nadu da na sljede\u0107im izborima Hrvatima ne\u0107e biti ukradeno pravo na svog legitimnog predstavnika u Predsjedni\u0161tvu, kao na pro\u0161lim izborima. Nadajmo se da \u0107e ameri\u010dka inicijativa za izmjenu izbornog zakona ispraviti tu nepravdu\u201d<\/p>\n\n\n\n<p>Na opasku korisnice Twittera koja se krije pod pseudonimom @Amerikaknka1 da u Predsjedni\u0161tvu BiH ve\u0107 sjede \u010dlanovi koji su izabrani legitimnim putem, Mi\u0161eti\u0107 odgovara da \u017deljko Kom\u0161i\u0107 nema legitimitet predstavljati Hrvate u BiH.<\/p>\n\n\n\n<p>\u201cKom\u0161i\u0107 nema legitimitet da predstavlja Hrvate u BiH. Po \u010dlanku 5(2)(b) Ustava, du\u017ean je ocijeniti i staviti veto na odluku Predsjedni\u0161tva ako je ona protivna vitalnom nacionalnom interesu Hrvata u Federaciji. On nema demokratski legitimitet da donese takve odluke.\u201d<\/p>\n\n\n\n<blockquote class=\"twitter-tweet\"><p lang=\"und\" dir=\"ltr\">Sta uradis kad kontinuirano gubis na demokratskim izborima i narod te nece? Izmislis termin \u201cdemokratski legitimitet\u201d. Stvarno ste pateticni, ali vam ipak zelim jos jedne uspjesne izbore, i novi demokratski legitiman mandat u Predsjednistvu. <a href=\"https:\/\/t.co\/OECOSUf0W8\">https:\/\/t.co\/OECOSUf0W8<\/a><\/p>&mdash; Albin Zuhric (@ZuhricAlbin) <a href=\"https:\/\/twitter.com\/ZuhricAlbin\/status\/1501324916372688898?ref_src=twsrc%5Etfw\">March 8, 2022<\/a><\/blockquote> <script async src=\"https:\/\/platform.twitter.com\/widgets.js\" charset=\"utf-8\"><\/script> \n\n\n\n<p>Izvrsno je na prethodnu Zuhri\u0107evu tvrdnju o demokratskom legitimitetu poentirao politolog Ivan Pepi\u0107 koji je napisao da je koncept legitimnog politi\u010dkog predstavljanja definiran presudom Ustavnog suda BiH U 23\/14 (predmet Ljubi\u0107) te prilo\u017eio i fotografiju dijela obrazlo\u017eenja presude.<\/p>\n\n\n\n<p>\u201cNitko nije \u2018izmislio\u2019 taj termin. Ustavni sud BiH donio je odluku u predmetu U 23\/14 u kojoj je definirao koncept legitimnog politi\u010dkog predstavljanja. O\u010dekuje se od Kom\u0161i\u0107evih savjetnika da se dr\u017ee odluka Ustavnog suda BiH koji tuma\u010di Ustav BiH. Ni vi\u0161e ni manje\u201d, napisao je Pepi\u0107.<\/p>\n\n\n\n<p>U prilo\u017eenoj fotografiji iz obrazlo\u017eenja presude U 23\/14 stoji sljede\u0107e:<\/p>\n\n\n\n<p>\u201cUstavni sud podsje\u0107a da dr\u017eave u\u017eivaju \u0161iroko polje procjene u uspostavljanju i reguliranju izbornog sustava koji \u0107e primjenjivati. Postoje razli\u010diti na\u010dini organiziranja i provo\u0111enja izbora, a ova razli\u010ditost uvjetovana je, izme\u0111u ostalog, i politi\u010dkim razvojem zemlje. Zbog toga, zakonodavstvo koje regulira izbore mora biti sagledano u svjetlu politi\u010dkog razvoja zemlje koja je u pitanju. Nadalje, Ustavni sud podsje\u0107a da se prema op\u0107em na\u010delu demokracije pravo na demokratsko odlu\u010divanje ostvaruje legitimnim politi\u010dkim predstavljanjem koje mora biti zasnovano na demokratskom izboru onih koje predstavlja i \u010dije interese zastupa. U tom smislu veza izme\u0111u onih koje predstavlja i njihovih politi\u010dkih predstavnika na svim administrativno-politi\u010dkim razinama je ta koja omogu\u0107ava legitimitet predstavnicima zajednice. Dakle, samo legitimitet predstavljanja stvara osnovu za stvarno sudjelovanje i odlu\u010divanje\u201d, stoji u obrazlo\u017eenju presude Ljubi\u0107 a koje je Prilo\u017eio Pepi\u0107 kao argument u raspravi.<\/p>\n\n\n\n<blockquote class=\"twitter-tweet\"><p lang=\"und\" dir=\"ltr\">Nitko nije &quot;izmislio&quot; taj termin. Ustavni sud BiH donio je odluku u predmetu U 23\/14 u kojoj je definirao koncept legitimnog politi\u010dkog predstavljanja. O\u010dekuje se od Kom\u0161i\u0107evih savjetnika da se dr\u017ee odluka Ustavnog suda BiH koji tuma\u010di Ustav BiH. Ni vi\u0161e ni manje. <a href=\"https:\/\/t.co\/H5MglOhVdU\">pic.twitter.com\/H5MglOhVdU<\/a><\/p>&mdash; Ivan Pepic (@Ivan_Pepic) <a href=\"https:\/\/twitter.com\/Ivan_Pepic\/status\/1501444769196789761?ref_src=twsrc%5Etfw\">March 9, 2022<\/a><\/blockquote> <script async src=\"https:\/\/platform.twitter.com\/widgets.js\" charset=\"utf-8\"><\/script> \n\n\n\n<p>Zuhri\u0107 navodi da je Pepi\u0107ev argument \u201cnakaradan i nespojiv s EU standardima.\u201d<\/p>\n\n\n\n<p>\u201cLegitimno predstavljanje koje citira\u0161, a koje je tako\u0111er nakaradno i nespojivo s EU standardima, nikakve veze nema s onim sto sam kritizirao. Kolega vam prodaje ideju da Dragan ima \u201cdemokratski legitimitet\u201d, iako ga gra\u0111ani ne \u017eele i gubi izbore konstantno\u201d, napisao je Zuhri\u0107.<\/p>\n\n\n\n<p>Na ovu Zuhri\u0107evu opasku Pepi\u0107 reagira argumentima, nakon \u010dega se Zuhri\u0107 vi\u0161e nije upu\u0161tao u raspravu.<\/p>\n\n\n\n<p>\u201cNajmanje dva od tri suca u Ustavnom sudu BiH koje je imenovao predsjednik Europskoga suda za ljudska prava su glasovala \u201cza\u201d odluku u predmetu U 23\/14. Prema tome, ne vidim kako definicija legitimnog politi\u010dkog predstavljanja mo\u017ee biti \u201cnakaradna\u201d i \u201cnespojiva\u201d s EU standardima\u201d, napisao je Pepi\u0107.<\/p>\n\n\n\n<blockquote class=\"twitter-tweet\"><p lang=\"und\" dir=\"ltr\">Najmanje dva od tri suca u Ustavnom sudu BiH koje je imenovao predsjednik Europskoga suda za ljudska prava su glasovala \u201cza\u201d odluku u predmetu U 23\/14. Prema tome, ne vidim kako definicija legitimnog politi\u010dkog predstavljanja mo\u017ee biti \u201cnakaradna\u201d i \u201cnespojiva\u201d s EU standardima.<\/p>&mdash; Ivan Pepic (@Ivan_Pepic) <a href=\"https:\/\/twitter.com\/Ivan_Pepic\/status\/1501484828281253888?ref_src=twsrc%5Etfw\">March 9, 2022<\/a><\/blockquote> <script async src=\"https:\/\/platform.twitter.com\/widgets.js\" charset=\"utf-8\"><\/script> \n\n\n\n<p>&nbsp;\/B. G.\/HMS\/<\/p>\n","protected":false},"excerpt":{"rendered":"<p>Politolog Ivan Pepi\u0107 i odvjetnik Luka Mi\u0161eti\u0107 sino\u0107 su na Twitteru, u raspravi o demokratskom legitimitetu i Ustavu BiH, argumentima pobili i bez teksta ostavili Albina Zuhri\u0107a, savjetnika drugog bo\u0161nja\u010dkog \u010dlana Predsjedni\u0161tva BiH \u017deljka Kom\u0161i\u0107a za vanjsku politiku, pi\u0161e Hrvatski Medijski Servis. U prethodnoj raspravi o ruskoj agresiji na Ukrajinu te na\u010dinu kako se ona [&hellip;]<\/p>\n","protected":false},"author":2,"featured_media":119807,"comment_status":"closed","ping_status":"closed","sticky":false,"template":"","format":"standard","meta":{"h5ap_radio_sources":[],"footnotes":""},"categories":[1],"tags":[],"class_list":["post-119806","post","type-post","status-publish","format-standard","has-post-thumbnail","hentry","category-bihiregija"],"yoast_head":"<!-- This site is optimized with the Yoast SEO plugin v27.5 - https:\/\/yoast.com\/product\/yoast-seo-wordpress\/ -->\n<title>Evo kako su Mi\u0161eti\u0107 i Pepi\u0107 argumentirano pobili teze i bez teksta ostavili Kom\u0161i\u0107evog savjetnika Albina Zuhri\u0107a - RADIO LJUBU\u0160KI<\/title>\n<meta name=\"robots\" content=\"index, follow, max-snippet:-1, max-image-preview:large, max-video-preview:-1\" \/>\n<link rel=\"canonical\" href=\"https:\/\/radioljubuski.ba\/index.php\/2022\/03\/10\/evo-kako-su-misetic-i-pepic-argumentirano-pobili-teze-i-bez-teksta-ostavili-komsicevog-savjetnika-albina-zuhrica\/\" \/>\n<meta property=\"og:locale\" content=\"hr_HR\" \/>\n<meta property=\"og:type\" content=\"article\" \/>\n<meta property=\"og:title\" content=\"Evo kako su Mi\u0161eti\u0107 i Pepi\u0107 argumentirano pobili teze i bez teksta ostavili Kom\u0161i\u0107evog savjetnika Albina Zuhri\u0107a - RADIO LJUBU\u0160KI\" \/>\n<meta property=\"og:description\" content=\"Politolog Ivan Pepi\u0107 i odvjetnik Luka Mi\u0161eti\u0107 sino\u0107 su na Twitteru, u raspravi o demokratskom legitimitetu i Ustavu BiH, argumentima pobili i bez teksta ostavili Albina Zuhri\u0107a, savjetnika drugog bo\u0161nja\u010dkog \u010dlana Predsjedni\u0161tva BiH \u017deljka Kom\u0161i\u0107a za vanjsku politiku, pi\u0161e Hrvatski Medijski Servis. U prethodnoj raspravi o ruskoj agresiji na Ukrajinu te na\u010dinu kako se ona [&hellip;]\" \/>\n<meta property=\"og:url\" content=\"https:\/\/radioljubuski.ba\/index.php\/2022\/03\/10\/evo-kako-su-misetic-i-pepic-argumentirano-pobili-teze-i-bez-teksta-ostavili-komsicevog-savjetnika-albina-zuhrica\/\" \/>\n<meta property=\"og:site_name\" content=\"RADIO LJUBU\u0160KI\" \/>\n<meta property=\"article:publisher\" content=\"https:\/\/www.facebook.com\/Radiio-Ljubuski-1490835324566332\" \/>\n<meta property=\"article:published_time\" content=\"2022-03-10T10:14:07+00:00\" \/>\n<meta property=\"article:modified_time\" content=\"2022-03-10T10:14:09+00:00\" \/>\n<meta property=\"og:image\" content=\"https:\/\/radioljubuski.ba\/wp-content\/uploads\/2022\/03\/pjimage-21-1068x601-1.jpg\" \/>\n\t<meta property=\"og:image:width\" content=\"1068\" \/>\n\t<meta property=\"og:image:height\" content=\"601\" \/>\n\t<meta property=\"og:image:type\" content=\"image\/jpeg\" \/>\n<meta name=\"author\" content=\"Radio Ljubu\u0161ki\" \/>\n<meta name=\"twitter:card\" content=\"summary_large_image\" \/>\n<meta name=\"twitter:creator\" content=\"@radioljubuski\" \/>\n<meta name=\"twitter:site\" content=\"@radioljubuski\" \/>\n<meta name=\"twitter:label1\" content=\"Napisao\/la\" \/>\n\t<meta name=\"twitter:data1\" content=\"Radio Ljubu\u0161ki\" \/>\n\t<meta name=\"twitter:label2\" content=\"Procijenjeno vrijeme \u010ditanja\" \/>\n\t<meta name=\"twitter:data2\" content=\"6 minuta\" \/>\n<script type=\"application\/ld+json\" class=\"yoast-schema-graph\">{\"@context\":\"https:\\\/\\\/schema.org\",\"@graph\":[{\"@type\":\"Article\",\"@id\":\"https:\\\/\\\/radioljubuski.ba\\\/index.php\\\/2022\\\/03\\\/10\\\/evo-kako-su-misetic-i-pepic-argumentirano-pobili-teze-i-bez-teksta-ostavili-komsicevog-savjetnika-albina-zuhrica\\\/#article\",\"isPartOf\":{\"@id\":\"https:\\\/\\\/radioljubuski.ba\\\/index.php\\\/2022\\\/03\\\/10\\\/evo-kako-su-misetic-i-pepic-argumentirano-pobili-teze-i-bez-teksta-ostavili-komsicevog-savjetnika-albina-zuhrica\\\/\"},\"author\":{\"name\":\"Radio Ljubu\u0161ki\",\"@id\":\"https:\\\/\\\/radioljubuski.ba\\\/#\\\/schema\\\/person\\\/19fc700381a780f69665d7956c469e3b\"},\"headline\":\"Evo kako su Mi\u0161eti\u0107 i Pepi\u0107 argumentirano pobili teze i bez teksta ostavili Kom\u0161i\u0107evog savjetnika Albina Zuhri\u0107a\",\"datePublished\":\"2022-03-10T10:14:07+00:00\",\"dateModified\":\"2022-03-10T10:14:09+00:00\",\"mainEntityOfPage\":{\"@id\":\"https:\\\/\\\/radioljubuski.ba\\\/index.php\\\/2022\\\/03\\\/10\\\/evo-kako-su-misetic-i-pepic-argumentirano-pobili-teze-i-bez-teksta-ostavili-komsicevog-savjetnika-albina-zuhrica\\\/\"},\"wordCount\":1453,\"publisher\":{\"@id\":\"https:\\\/\\\/radioljubuski.ba\\\/#organization\"},\"image\":{\"@id\":\"https:\\\/\\\/radioljubuski.ba\\\/index.php\\\/2022\\\/03\\\/10\\\/evo-kako-su-misetic-i-pepic-argumentirano-pobili-teze-i-bez-teksta-ostavili-komsicevog-savjetnika-albina-zuhrica\\\/#primaryimage\"},\"thumbnailUrl\":\"https:\\\/\\\/radioljubuski.ba\\\/wp-content\\\/uploads\\\/2022\\\/03\\\/pjimage-21-1068x601-1.jpg\",\"articleSection\":[\"BIH i regija\"],\"inLanguage\":\"hr\"},{\"@type\":\"WebPage\",\"@id\":\"https:\\\/\\\/radioljubuski.ba\\\/index.php\\\/2022\\\/03\\\/10\\\/evo-kako-su-misetic-i-pepic-argumentirano-pobili-teze-i-bez-teksta-ostavili-komsicevog-savjetnika-albina-zuhrica\\\/\",\"url\":\"https:\\\/\\\/radioljubuski.ba\\\/index.php\\\/2022\\\/03\\\/10\\\/evo-kako-su-misetic-i-pepic-argumentirano-pobili-teze-i-bez-teksta-ostavili-komsicevog-savjetnika-albina-zuhrica\\\/\",\"name\":\"Evo kako su Mi\u0161eti\u0107 i Pepi\u0107 argumentirano pobili teze i bez teksta ostavili Kom\u0161i\u0107evog savjetnika Albina Zuhri\u0107a - RADIO LJUBU\u0160KI\",\"isPartOf\":{\"@id\":\"https:\\\/\\\/radioljubuski.ba\\\/#website\"},\"primaryImageOfPage\":{\"@id\":\"https:\\\/\\\/radioljubuski.ba\\\/index.php\\\/2022\\\/03\\\/10\\\/evo-kako-su-misetic-i-pepic-argumentirano-pobili-teze-i-bez-teksta-ostavili-komsicevog-savjetnika-albina-zuhrica\\\/#primaryimage\"},\"image\":{\"@id\":\"https:\\\/\\\/radioljubuski.ba\\\/index.php\\\/2022\\\/03\\\/10\\\/evo-kako-su-misetic-i-pepic-argumentirano-pobili-teze-i-bez-teksta-ostavili-komsicevog-savjetnika-albina-zuhrica\\\/#primaryimage\"},\"thumbnailUrl\":\"https:\\\/\\\/radioljubuski.ba\\\/wp-content\\\/uploads\\\/2022\\\/03\\\/pjimage-21-1068x601-1.jpg\",\"datePublished\":\"2022-03-10T10:14:07+00:00\",\"dateModified\":\"2022-03-10T10:14:09+00:00\",\"breadcrumb\":{\"@id\":\"https:\\\/\\\/radioljubuski.ba\\\/index.php\\\/2022\\\/03\\\/10\\\/evo-kako-su-misetic-i-pepic-argumentirano-pobili-teze-i-bez-teksta-ostavili-komsicevog-savjetnika-albina-zuhrica\\\/#breadcrumb\"},\"inLanguage\":\"hr\",\"potentialAction\":[{\"@type\":\"ReadAction\",\"target\":[\"https:\\\/\\\/radioljubuski.ba\\\/index.php\\\/2022\\\/03\\\/10\\\/evo-kako-su-misetic-i-pepic-argumentirano-pobili-teze-i-bez-teksta-ostavili-komsicevog-savjetnika-albina-zuhrica\\\/\"]}]},{\"@type\":\"ImageObject\",\"inLanguage\":\"hr\",\"@id\":\"https:\\\/\\\/radioljubuski.ba\\\/index.php\\\/2022\\\/03\\\/10\\\/evo-kako-su-misetic-i-pepic-argumentirano-pobili-teze-i-bez-teksta-ostavili-komsicevog-savjetnika-albina-zuhrica\\\/#primaryimage\",\"url\":\"https:\\\/\\\/radioljubuski.ba\\\/wp-content\\\/uploads\\\/2022\\\/03\\\/pjimage-21-1068x601-1.jpg\",\"contentUrl\":\"https:\\\/\\\/radioljubuski.ba\\\/wp-content\\\/uploads\\\/2022\\\/03\\\/pjimage-21-1068x601-1.jpg\",\"width\":1068,\"height\":601},{\"@type\":\"BreadcrumbList\",\"@id\":\"https:\\\/\\\/radioljubuski.ba\\\/index.php\\\/2022\\\/03\\\/10\\\/evo-kako-su-misetic-i-pepic-argumentirano-pobili-teze-i-bez-teksta-ostavili-komsicevog-savjetnika-albina-zuhrica\\\/#breadcrumb\",\"itemListElement\":[{\"@type\":\"ListItem\",\"position\":1,\"name\":\"Po\u010detna stranica\",\"item\":\"https:\\\/\\\/radioljubuski.ba\\\/\"},{\"@type\":\"ListItem\",\"position\":2,\"name\":\"Evo kako su Mi\u0161eti\u0107 i Pepi\u0107 argumentirano pobili teze i bez teksta ostavili Kom\u0161i\u0107evog savjetnika Albina Zuhri\u0107a\"}]},{\"@type\":\"WebSite\",\"@id\":\"https:\\\/\\\/radioljubuski.ba\\\/#website\",\"url\":\"https:\\\/\\\/radioljubuski.ba\\\/\",\"name\":\"Radio Ljubu\u0161ki\",\"description\":\"Sun\u010dana frekvencija Hercegovine\",\"publisher\":{\"@id\":\"https:\\\/\\\/radioljubuski.ba\\\/#organization\"},\"potentialAction\":[{\"@type\":\"SearchAction\",\"target\":{\"@type\":\"EntryPoint\",\"urlTemplate\":\"https:\\\/\\\/radioljubuski.ba\\\/?s={search_term_string}\"},\"query-input\":{\"@type\":\"PropertyValueSpecification\",\"valueRequired\":true,\"valueName\":\"search_term_string\"}}],\"inLanguage\":\"hr\"},{\"@type\":\"Organization\",\"@id\":\"https:\\\/\\\/radioljubuski.ba\\\/#organization\",\"name\":\"Radio Ljubu\u0161ki\",\"url\":\"https:\\\/\\\/radioljubuski.ba\\\/\",\"logo\":{\"@type\":\"ImageObject\",\"inLanguage\":\"hr\",\"@id\":\"https:\\\/\\\/radioljubuski.ba\\\/#\\\/schema\\\/logo\\\/image\\\/\",\"url\":\"https:\\\/\\\/radioljubuski.ba\\\/wp-content\\\/uploads\\\/2021\\\/02\\\/cropped-Radio_Ljubuski_logo1.jpg\",\"contentUrl\":\"https:\\\/\\\/radioljubuski.ba\\\/wp-content\\\/uploads\\\/2021\\\/02\\\/cropped-Radio_Ljubuski_logo1.jpg\",\"width\":512,\"height\":512,\"caption\":\"Radio Ljubu\u0161ki\"},\"image\":{\"@id\":\"https:\\\/\\\/radioljubuski.ba\\\/#\\\/schema\\\/logo\\\/image\\\/\"},\"sameAs\":[\"https:\\\/\\\/www.facebook.com\\\/Radiio-Ljubuski-1490835324566332\",\"https:\\\/\\\/x.com\\\/radioljubuski\",\"https:\\\/\\\/hr.linkedin.com\\\/company\\\/radio-ljubuski\",\"https:\\\/\\\/www.youtube.com\\\/channel\\\/UCHYaeO_n0Db3tjNGudGpXyw\"]},{\"@type\":\"Person\",\"@id\":\"https:\\\/\\\/radioljubuski.ba\\\/#\\\/schema\\\/person\\\/19fc700381a780f69665d7956c469e3b\",\"name\":\"Radio Ljubu\u0161ki\"}]}<\/script>\n<!-- \/ Yoast SEO plugin. -->","yoast_head_json":{"title":"Evo kako su Mi\u0161eti\u0107 i Pepi\u0107 argumentirano pobili teze i bez teksta ostavili Kom\u0161i\u0107evog savjetnika Albina Zuhri\u0107a - RADIO LJUBU\u0160KI","robots":{"index":"index","follow":"follow","max-snippet":"max-snippet:-1","max-image-preview":"max-image-preview:large","max-video-preview":"max-video-preview:-1"},"canonical":"https:\/\/radioljubuski.ba\/index.php\/2022\/03\/10\/evo-kako-su-misetic-i-pepic-argumentirano-pobili-teze-i-bez-teksta-ostavili-komsicevog-savjetnika-albina-zuhrica\/","og_locale":"hr_HR","og_type":"article","og_title":"Evo kako su Mi\u0161eti\u0107 i Pepi\u0107 argumentirano pobili teze i bez teksta ostavili Kom\u0161i\u0107evog savjetnika Albina Zuhri\u0107a - RADIO LJUBU\u0160KI","og_description":"Politolog Ivan Pepi\u0107 i odvjetnik Luka Mi\u0161eti\u0107 sino\u0107 su na Twitteru, u raspravi o demokratskom legitimitetu i Ustavu BiH, argumentima pobili i bez teksta ostavili Albina Zuhri\u0107a, savjetnika drugog bo\u0161nja\u010dkog \u010dlana Predsjedni\u0161tva BiH \u017deljka Kom\u0161i\u0107a za vanjsku politiku, pi\u0161e Hrvatski Medijski Servis. U prethodnoj raspravi o ruskoj agresiji na Ukrajinu te na\u010dinu kako se ona [&hellip;]","og_url":"https:\/\/radioljubuski.ba\/index.php\/2022\/03\/10\/evo-kako-su-misetic-i-pepic-argumentirano-pobili-teze-i-bez-teksta-ostavili-komsicevog-savjetnika-albina-zuhrica\/","og_site_name":"RADIO LJUBU\u0160KI","article_publisher":"https:\/\/www.facebook.com\/Radiio-Ljubuski-1490835324566332","article_published_time":"2022-03-10T10:14:07+00:00","article_modified_time":"2022-03-10T10:14:09+00:00","og_image":[{"width":1068,"height":601,"url":"https:\/\/radioljubuski.ba\/wp-content\/uploads\/2022\/03\/pjimage-21-1068x601-1.jpg","type":"image\/jpeg"}],"author":"Radio Ljubu\u0161ki","twitter_card":"summary_large_image","twitter_creator":"@radioljubuski","twitter_site":"@radioljubuski","twitter_misc":{"Napisao\/la":"Radio Ljubu\u0161ki","Procijenjeno vrijeme \u010ditanja":"6 minuta"},"schema":{"@context":"https:\/\/schema.org","@graph":[{"@type":"Article","@id":"https:\/\/radioljubuski.ba\/index.php\/2022\/03\/10\/evo-kako-su-misetic-i-pepic-argumentirano-pobili-teze-i-bez-teksta-ostavili-komsicevog-savjetnika-albina-zuhrica\/#article","isPartOf":{"@id":"https:\/\/radioljubuski.ba\/index.php\/2022\/03\/10\/evo-kako-su-misetic-i-pepic-argumentirano-pobili-teze-i-bez-teksta-ostavili-komsicevog-savjetnika-albina-zuhrica\/"},"author":{"name":"Radio Ljubu\u0161ki","@id":"https:\/\/radioljubuski.ba\/#\/schema\/person\/19fc700381a780f69665d7956c469e3b"},"headline":"Evo kako su Mi\u0161eti\u0107 i Pepi\u0107 argumentirano pobili teze i bez teksta ostavili Kom\u0161i\u0107evog savjetnika Albina Zuhri\u0107a","datePublished":"2022-03-10T10:14:07+00:00","dateModified":"2022-03-10T10:14:09+00:00","mainEntityOfPage":{"@id":"https:\/\/radioljubuski.ba\/index.php\/2022\/03\/10\/evo-kako-su-misetic-i-pepic-argumentirano-pobili-teze-i-bez-teksta-ostavili-komsicevog-savjetnika-albina-zuhrica\/"},"wordCount":1453,"publisher":{"@id":"https:\/\/radioljubuski.ba\/#organization"},"image":{"@id":"https:\/\/radioljubuski.ba\/index.php\/2022\/03\/10\/evo-kako-su-misetic-i-pepic-argumentirano-pobili-teze-i-bez-teksta-ostavili-komsicevog-savjetnika-albina-zuhrica\/#primaryimage"},"thumbnailUrl":"https:\/\/radioljubuski.ba\/wp-content\/uploads\/2022\/03\/pjimage-21-1068x601-1.jpg","articleSection":["BIH i regija"],"inLanguage":"hr"},{"@type":"WebPage","@id":"https:\/\/radioljubuski.ba\/index.php\/2022\/03\/10\/evo-kako-su-misetic-i-pepic-argumentirano-pobili-teze-i-bez-teksta-ostavili-komsicevog-savjetnika-albina-zuhrica\/","url":"https:\/\/radioljubuski.ba\/index.php\/2022\/03\/10\/evo-kako-su-misetic-i-pepic-argumentirano-pobili-teze-i-bez-teksta-ostavili-komsicevog-savjetnika-albina-zuhrica\/","name":"Evo kako su Mi\u0161eti\u0107 i Pepi\u0107 argumentirano pobili teze i bez teksta ostavili Kom\u0161i\u0107evog savjetnika Albina Zuhri\u0107a - RADIO LJUBU\u0160KI","isPartOf":{"@id":"https:\/\/radioljubuski.ba\/#website"},"primaryImageOfPage":{"@id":"https:\/\/radioljubuski.ba\/index.php\/2022\/03\/10\/evo-kako-su-misetic-i-pepic-argumentirano-pobili-teze-i-bez-teksta-ostavili-komsicevog-savjetnika-albina-zuhrica\/#primaryimage"},"image":{"@id":"https:\/\/radioljubuski.ba\/index.php\/2022\/03\/10\/evo-kako-su-misetic-i-pepic-argumentirano-pobili-teze-i-bez-teksta-ostavili-komsicevog-savjetnika-albina-zuhrica\/#primaryimage"},"thumbnailUrl":"https:\/\/radioljubuski.ba\/wp-content\/uploads\/2022\/03\/pjimage-21-1068x601-1.jpg","datePublished":"2022-03-10T10:14:07+00:00","dateModified":"2022-03-10T10:14:09+00:00","breadcrumb":{"@id":"https:\/\/radioljubuski.ba\/index.php\/2022\/03\/10\/evo-kako-su-misetic-i-pepic-argumentirano-pobili-teze-i-bez-teksta-ostavili-komsicevog-savjetnika-albina-zuhrica\/#breadcrumb"},"inLanguage":"hr","potentialAction":[{"@type":"ReadAction","target":["https:\/\/radioljubuski.ba\/index.php\/2022\/03\/10\/evo-kako-su-misetic-i-pepic-argumentirano-pobili-teze-i-bez-teksta-ostavili-komsicevog-savjetnika-albina-zuhrica\/"]}]},{"@type":"ImageObject","inLanguage":"hr","@id":"https:\/\/radioljubuski.ba\/index.php\/2022\/03\/10\/evo-kako-su-misetic-i-pepic-argumentirano-pobili-teze-i-bez-teksta-ostavili-komsicevog-savjetnika-albina-zuhrica\/#primaryimage","url":"https:\/\/radioljubuski.ba\/wp-content\/uploads\/2022\/03\/pjimage-21-1068x601-1.jpg","contentUrl":"https:\/\/radioljubuski.ba\/wp-content\/uploads\/2022\/03\/pjimage-21-1068x601-1.jpg","width":1068,"height":601},{"@type":"BreadcrumbList","@id":"https:\/\/radioljubuski.ba\/index.php\/2022\/03\/10\/evo-kako-su-misetic-i-pepic-argumentirano-pobili-teze-i-bez-teksta-ostavili-komsicevog-savjetnika-albina-zuhrica\/#breadcrumb","itemListElement":[{"@type":"ListItem","position":1,"name":"Po\u010detna stranica","item":"https:\/\/radioljubuski.ba\/"},{"@type":"ListItem","position":2,"name":"Evo kako su Mi\u0161eti\u0107 i Pepi\u0107 argumentirano pobili teze i bez teksta ostavili Kom\u0161i\u0107evog savjetnika Albina Zuhri\u0107a"}]},{"@type":"WebSite","@id":"https:\/\/radioljubuski.ba\/#website","url":"https:\/\/radioljubuski.ba\/","name":"Radio Ljubu\u0161ki","description":"Sun\u010dana frekvencija Hercegovine","publisher":{"@id":"https:\/\/radioljubuski.ba\/#organization"},"potentialAction":[{"@type":"SearchAction","target":{"@type":"EntryPoint","urlTemplate":"https:\/\/radioljubuski.ba\/?s={search_term_string}"},"query-input":{"@type":"PropertyValueSpecification","valueRequired":true,"valueName":"search_term_string"}}],"inLanguage":"hr"},{"@type":"Organization","@id":"https:\/\/radioljubuski.ba\/#organization","name":"Radio Ljubu\u0161ki","url":"https:\/\/radioljubuski.ba\/","logo":{"@type":"ImageObject","inLanguage":"hr","@id":"https:\/\/radioljubuski.ba\/#\/schema\/logo\/image\/","url":"https:\/\/radioljubuski.ba\/wp-content\/uploads\/2021\/02\/cropped-Radio_Ljubuski_logo1.jpg","contentUrl":"https:\/\/radioljubuski.ba\/wp-content\/uploads\/2021\/02\/cropped-Radio_Ljubuski_logo1.jpg","width":512,"height":512,"caption":"Radio Ljubu\u0161ki"},"image":{"@id":"https:\/\/radioljubuski.ba\/#\/schema\/logo\/image\/"},"sameAs":["https:\/\/www.facebook.com\/Radiio-Ljubuski-1490835324566332","https:\/\/x.com\/radioljubuski","https:\/\/hr.linkedin.com\/company\/radio-ljubuski","https:\/\/www.youtube.com\/channel\/UCHYaeO_n0Db3tjNGudGpXyw"]},{"@type":"Person","@id":"https:\/\/radioljubuski.ba\/#\/schema\/person\/19fc700381a780f69665d7956c469e3b","name":"Radio Ljubu\u0161ki"}]}},"_links":{"self":[{"href":"https:\/\/radioljubuski.ba\/index.php\/wp-json\/wp\/v2\/posts\/119806","targetHints":{"allow":["GET"]}}],"collection":[{"href":"https:\/\/radioljubuski.ba\/index.php\/wp-json\/wp\/v2\/posts"}],"about":[{"href":"https:\/\/radioljubuski.ba\/index.php\/wp-json\/wp\/v2\/types\/post"}],"author":[{"embeddable":true,"href":"https:\/\/radioljubuski.ba\/index.php\/wp-json\/wp\/v2\/users\/2"}],"replies":[{"embeddable":true,"href":"https:\/\/radioljubuski.ba\/index.php\/wp-json\/wp\/v2\/comments?post=119806"}],"version-history":[{"count":1,"href":"https:\/\/radioljubuski.ba\/index.php\/wp-json\/wp\/v2\/posts\/119806\/revisions"}],"predecessor-version":[{"id":119808,"href":"https:\/\/radioljubuski.ba\/index.php\/wp-json\/wp\/v2\/posts\/119806\/revisions\/119808"}],"wp:featuredmedia":[{"embeddable":true,"href":"https:\/\/radioljubuski.ba\/index.php\/wp-json\/wp\/v2\/media\/119807"}],"wp:attachment":[{"href":"https:\/\/radioljubuski.ba\/index.php\/wp-json\/wp\/v2\/media?parent=119806"}],"wp:term":[{"taxonomy":"category","embeddable":true,"href":"https:\/\/radioljubuski.ba\/index.php\/wp-json\/wp\/v2\/categories?post=119806"},{"taxonomy":"post_tag","embeddable":true,"href":"https:\/\/radioljubuski.ba\/index.php\/wp-json\/wp\/v2\/tags?post=119806"}],"curies":[{"name":"wp","href":"https:\/\/api.w.org\/{rel}","templated":true}]}}