{"id":119809,"date":"2022-03-10T11:19:05","date_gmt":"2022-03-10T10:19:05","guid":{"rendered":"https:\/\/radioljubuski.ba\/?p=119809"},"modified":"2022-03-10T11:19:06","modified_gmt":"2022-03-10T10:19:06","slug":"u-jeku-globalne-sigurnosne-krize-cije-prelijevanje-prijeti-i-bih-ministar-sigurnosti-cikotic-otputovao-u-mekku","status":"publish","type":"post","link":"https:\/\/radioljubuski.ba\/index.php\/2022\/03\/10\/u-jeku-globalne-sigurnosne-krize-cije-prelijevanje-prijeti-i-bih-ministar-sigurnosti-cikotic-otputovao-u-mekku\/","title":{"rendered":"U jeku globalne sigurnosne krize \u010dije prelijevanje prijeti i BiH, ministar sigurnosti Cikoti\u0107 otputovao u Mekku"},"content":{"rendered":"\n<p><strong>U jeku globalne krize koja trese cijelu Europu ministar sigurnosti Selmo Cikoti\u0107 otputovao je u Mekku obaviti umru (islamsko hodo\u010da\u0161\u0107e), doznaje Hrvatski Medijski Servis od dobro obavije\u0161tenog izvora bliskog Ministarstvu sigurnosti BiH.<\/strong><\/p>\n\n\n\n<p>Tako\u0111er, doznajemo da su u Cikoti\u0107evoj pratnji pomno birani suputnici iz Ministarstva sigurnosti me\u0111u kojima je \u0161ef kabineta ministra sigurnosti BiH Senahid Godinjak. Tako\u0111er, s Cikoti\u0107em u dru\u0161tvu su i ravnatelj Ravnateljstva za koordinaciju policijskih tijela Mirsad Vili\u0107 te Fahrudin Hala\u010d, zamjenik ravnatelja Grani\u010dne policije BiH.<\/p>\n\n\n\n<p>Umra (arap. \u0639\u064f\u0645\u0631\u064e\u0629\u200e) je, ina\u010de, vrsta islamskog hodo\u010da\u0161\u0107a koja ima za cilj posjetu Kabi i obavljanje odre\u0111enih radnji, od kojih su: tavaf, sa\u2019j izme\u0111u Safe i Merve te brijanje glave ili skra\u0107ivanje kose. Hodo\u010dasnik (tj. osoba koja \u017eeli obaviti umru) \u0107e se prvo okupati (gusul) ili uzeti abdest, mada je kupanje mnogo bolje. Potom \u0107e (mu\u0161karac) obu\u0107i nove ihrame (dva bijela prekriva\u010da, izar i rida\u2019) ili ve\u0107 upotrijebljene prethodno oprane. Po\u0161to hodo\u010dasnik obu\u010de ihrame, klanjat \u0107e dva rekata ihramskog namaza.<\/p>\n\n\n\n<p>\/HMS\/<\/p>\n","protected":false},"excerpt":{"rendered":"<p>U jeku globalne krize koja trese cijelu Europu ministar sigurnosti Selmo Cikoti\u0107 otputovao je u Mekku obaviti umru (islamsko hodo\u010da\u0161\u0107e), doznaje Hrvatski Medijski Servis od dobro obavije\u0161tenog izvora bliskog Ministarstvu sigurnosti BiH. Tako\u0111er, doznajemo da su u Cikoti\u0107evoj pratnji pomno birani suputnici iz Ministarstva sigurnosti me\u0111u kojima je \u0161ef kabineta ministra sigurnosti BiH Senahid Godinjak. [&hellip;]<\/p>\n","protected":false},"author":2,"featured_media":119810,"comment_status":"closed","ping_status":"closed","sticky":false,"template":"","format":"standard","meta":{"h5ap_radio_sources":[],"footnotes":""},"categories":[1],"tags":[],"class_list":["post-119809","post","type-post","status-publish","format-standard","has-post-thumbnail","hentry","category-bihiregija"],"yoast_head":"<!-- This site is optimized with the Yoast SEO plugin v27.5 - https:\/\/yoast.com\/product\/yoast-seo-wordpress\/ -->\n<title>U jeku globalne sigurnosne krize \u010dije prelijevanje prijeti i BiH, ministar sigurnosti Cikoti\u0107 otputovao u Mekku - RADIO LJUBU\u0160KI<\/title>\n<meta name=\"robots\" content=\"index, follow, max-snippet:-1, max-image-preview:large, max-video-preview:-1\" \/>\n<link rel=\"canonical\" href=\"https:\/\/radioljubuski.ba\/index.php\/2022\/03\/10\/u-jeku-globalne-sigurnosne-krize-cije-prelijevanje-prijeti-i-bih-ministar-sigurnosti-cikotic-otputovao-u-mekku\/\" \/>\n<meta property=\"og:locale\" content=\"hr_HR\" \/>\n<meta property=\"og:type\" content=\"article\" \/>\n<meta property=\"og:title\" content=\"U jeku globalne sigurnosne krize \u010dije prelijevanje prijeti i BiH, ministar sigurnosti Cikoti\u0107 otputovao u Mekku - RADIO LJUBU\u0160KI\" \/>\n<meta property=\"og:description\" content=\"U jeku globalne krize koja trese cijelu Europu ministar sigurnosti Selmo Cikoti\u0107 otputovao je u Mekku obaviti umru (islamsko hodo\u010da\u0161\u0107e), doznaje Hrvatski Medijski Servis od dobro obavije\u0161tenog izvora bliskog Ministarstvu sigurnosti BiH. Tako\u0111er, doznajemo da su u Cikoti\u0107evoj pratnji pomno birani suputnici iz Ministarstva sigurnosti me\u0111u kojima je \u0161ef kabineta ministra sigurnosti BiH Senahid Godinjak. [&hellip;]\" \/>\n<meta property=\"og:url\" content=\"https:\/\/radioljubuski.ba\/index.php\/2022\/03\/10\/u-jeku-globalne-sigurnosne-krize-cije-prelijevanje-prijeti-i-bih-ministar-sigurnosti-cikotic-otputovao-u-mekku\/\" \/>\n<meta property=\"og:site_name\" content=\"RADIO LJUBU\u0160KI\" \/>\n<meta property=\"article:publisher\" content=\"https:\/\/www.facebook.com\/Radiio-Ljubuski-1490835324566332\" \/>\n<meta property=\"article:published_time\" content=\"2022-03-10T10:19:05+00:00\" \/>\n<meta property=\"article:modified_time\" content=\"2022-03-10T10:19:06+00:00\" \/>\n<meta property=\"og:image\" content=\"https:\/\/radioljubuski.ba\/wp-content\/uploads\/2022\/03\/pjimage-22-1068x601-1.jpg\" \/>\n\t<meta property=\"og:image:width\" content=\"1068\" \/>\n\t<meta property=\"og:image:height\" content=\"601\" \/>\n\t<meta property=\"og:image:type\" content=\"image\/jpeg\" \/>\n<meta name=\"author\" content=\"Radio Ljubu\u0161ki\" \/>\n<meta name=\"twitter:card\" content=\"summary_large_image\" \/>\n<meta name=\"twitter:creator\" content=\"@radioljubuski\" \/>\n<meta name=\"twitter:site\" content=\"@radioljubuski\" \/>\n<meta name=\"twitter:label1\" content=\"Napisao\/la\" \/>\n\t<meta name=\"twitter:data1\" content=\"Radio Ljubu\u0161ki\" \/>\n\t<meta name=\"twitter:label2\" content=\"Procijenjeno vrijeme \u010ditanja\" \/>\n\t<meta name=\"twitter:data2\" content=\"1 minuta\" \/>\n<script type=\"application\/ld+json\" class=\"yoast-schema-graph\">{\"@context\":\"https:\\\/\\\/schema.org\",\"@graph\":[{\"@type\":\"Article\",\"@id\":\"https:\\\/\\\/radioljubuski.ba\\\/index.php\\\/2022\\\/03\\\/10\\\/u-jeku-globalne-sigurnosne-krize-cije-prelijevanje-prijeti-i-bih-ministar-sigurnosti-cikotic-otputovao-u-mekku\\\/#article\",\"isPartOf\":{\"@id\":\"https:\\\/\\\/radioljubuski.ba\\\/index.php\\\/2022\\\/03\\\/10\\\/u-jeku-globalne-sigurnosne-krize-cije-prelijevanje-prijeti-i-bih-ministar-sigurnosti-cikotic-otputovao-u-mekku\\\/\"},\"author\":{\"name\":\"Radio Ljubu\u0161ki\",\"@id\":\"https:\\\/\\\/radioljubuski.ba\\\/#\\\/schema\\\/person\\\/19fc700381a780f69665d7956c469e3b\"},\"headline\":\"U jeku globalne sigurnosne krize \u010dije prelijevanje prijeti i BiH, ministar sigurnosti Cikoti\u0107 otputovao u Mekku\",\"datePublished\":\"2022-03-10T10:19:05+00:00\",\"dateModified\":\"2022-03-10T10:19:06+00:00\",\"mainEntityOfPage\":{\"@id\":\"https:\\\/\\\/radioljubuski.ba\\\/index.php\\\/2022\\\/03\\\/10\\\/u-jeku-globalne-sigurnosne-krize-cije-prelijevanje-prijeti-i-bih-ministar-sigurnosti-cikotic-otputovao-u-mekku\\\/\"},\"wordCount\":198,\"publisher\":{\"@id\":\"https:\\\/\\\/radioljubuski.ba\\\/#organization\"},\"image\":{\"@id\":\"https:\\\/\\\/radioljubuski.ba\\\/index.php\\\/2022\\\/03\\\/10\\\/u-jeku-globalne-sigurnosne-krize-cije-prelijevanje-prijeti-i-bih-ministar-sigurnosti-cikotic-otputovao-u-mekku\\\/#primaryimage\"},\"thumbnailUrl\":\"https:\\\/\\\/radioljubuski.ba\\\/wp-content\\\/uploads\\\/2022\\\/03\\\/pjimage-22-1068x601-1.jpg\",\"articleSection\":[\"BIH i regija\"],\"inLanguage\":\"hr\"},{\"@type\":\"WebPage\",\"@id\":\"https:\\\/\\\/radioljubuski.ba\\\/index.php\\\/2022\\\/03\\\/10\\\/u-jeku-globalne-sigurnosne-krize-cije-prelijevanje-prijeti-i-bih-ministar-sigurnosti-cikotic-otputovao-u-mekku\\\/\",\"url\":\"https:\\\/\\\/radioljubuski.ba\\\/index.php\\\/2022\\\/03\\\/10\\\/u-jeku-globalne-sigurnosne-krize-cije-prelijevanje-prijeti-i-bih-ministar-sigurnosti-cikotic-otputovao-u-mekku\\\/\",\"name\":\"U jeku globalne sigurnosne krize \u010dije prelijevanje prijeti i BiH, ministar sigurnosti Cikoti\u0107 otputovao u Mekku - RADIO LJUBU\u0160KI\",\"isPartOf\":{\"@id\":\"https:\\\/\\\/radioljubuski.ba\\\/#website\"},\"primaryImageOfPage\":{\"@id\":\"https:\\\/\\\/radioljubuski.ba\\\/index.php\\\/2022\\\/03\\\/10\\\/u-jeku-globalne-sigurnosne-krize-cije-prelijevanje-prijeti-i-bih-ministar-sigurnosti-cikotic-otputovao-u-mekku\\\/#primaryimage\"},\"image\":{\"@id\":\"https:\\\/\\\/radioljubuski.ba\\\/index.php\\\/2022\\\/03\\\/10\\\/u-jeku-globalne-sigurnosne-krize-cije-prelijevanje-prijeti-i-bih-ministar-sigurnosti-cikotic-otputovao-u-mekku\\\/#primaryimage\"},\"thumbnailUrl\":\"https:\\\/\\\/radioljubuski.ba\\\/wp-content\\\/uploads\\\/2022\\\/03\\\/pjimage-22-1068x601-1.jpg\",\"datePublished\":\"2022-03-10T10:19:05+00:00\",\"dateModified\":\"2022-03-10T10:19:06+00:00\",\"breadcrumb\":{\"@id\":\"https:\\\/\\\/radioljubuski.ba\\\/index.php\\\/2022\\\/03\\\/10\\\/u-jeku-globalne-sigurnosne-krize-cije-prelijevanje-prijeti-i-bih-ministar-sigurnosti-cikotic-otputovao-u-mekku\\\/#breadcrumb\"},\"inLanguage\":\"hr\",\"potentialAction\":[{\"@type\":\"ReadAction\",\"target\":[\"https:\\\/\\\/radioljubuski.ba\\\/index.php\\\/2022\\\/03\\\/10\\\/u-jeku-globalne-sigurnosne-krize-cije-prelijevanje-prijeti-i-bih-ministar-sigurnosti-cikotic-otputovao-u-mekku\\\/\"]}]},{\"@type\":\"ImageObject\",\"inLanguage\":\"hr\",\"@id\":\"https:\\\/\\\/radioljubuski.ba\\\/index.php\\\/2022\\\/03\\\/10\\\/u-jeku-globalne-sigurnosne-krize-cije-prelijevanje-prijeti-i-bih-ministar-sigurnosti-cikotic-otputovao-u-mekku\\\/#primaryimage\",\"url\":\"https:\\\/\\\/radioljubuski.ba\\\/wp-content\\\/uploads\\\/2022\\\/03\\\/pjimage-22-1068x601-1.jpg\",\"contentUrl\":\"https:\\\/\\\/radioljubuski.ba\\\/wp-content\\\/uploads\\\/2022\\\/03\\\/pjimage-22-1068x601-1.jpg\",\"width\":1068,\"height\":601},{\"@type\":\"BreadcrumbList\",\"@id\":\"https:\\\/\\\/radioljubuski.ba\\\/index.php\\\/2022\\\/03\\\/10\\\/u-jeku-globalne-sigurnosne-krize-cije-prelijevanje-prijeti-i-bih-ministar-sigurnosti-cikotic-otputovao-u-mekku\\\/#breadcrumb\",\"itemListElement\":[{\"@type\":\"ListItem\",\"position\":1,\"name\":\"Po\u010detna stranica\",\"item\":\"https:\\\/\\\/radioljubuski.ba\\\/\"},{\"@type\":\"ListItem\",\"position\":2,\"name\":\"U jeku globalne sigurnosne krize \u010dije prelijevanje prijeti i BiH, ministar sigurnosti Cikoti\u0107 otputovao u Mekku\"}]},{\"@type\":\"WebSite\",\"@id\":\"https:\\\/\\\/radioljubuski.ba\\\/#website\",\"url\":\"https:\\\/\\\/radioljubuski.ba\\\/\",\"name\":\"Radio Ljubu\u0161ki\",\"description\":\"Sun\u010dana frekvencija Hercegovine\",\"publisher\":{\"@id\":\"https:\\\/\\\/radioljubuski.ba\\\/#organization\"},\"potentialAction\":[{\"@type\":\"SearchAction\",\"target\":{\"@type\":\"EntryPoint\",\"urlTemplate\":\"https:\\\/\\\/radioljubuski.ba\\\/?s={search_term_string}\"},\"query-input\":{\"@type\":\"PropertyValueSpecification\",\"valueRequired\":true,\"valueName\":\"search_term_string\"}}],\"inLanguage\":\"hr\"},{\"@type\":\"Organization\",\"@id\":\"https:\\\/\\\/radioljubuski.ba\\\/#organization\",\"name\":\"Radio Ljubu\u0161ki\",\"url\":\"https:\\\/\\\/radioljubuski.ba\\\/\",\"logo\":{\"@type\":\"ImageObject\",\"inLanguage\":\"hr\",\"@id\":\"https:\\\/\\\/radioljubuski.ba\\\/#\\\/schema\\\/logo\\\/image\\\/\",\"url\":\"https:\\\/\\\/radioljubuski.ba\\\/wp-content\\\/uploads\\\/2021\\\/02\\\/cropped-Radio_Ljubuski_logo1.jpg\",\"contentUrl\":\"https:\\\/\\\/radioljubuski.ba\\\/wp-content\\\/uploads\\\/2021\\\/02\\\/cropped-Radio_Ljubuski_logo1.jpg\",\"width\":512,\"height\":512,\"caption\":\"Radio Ljubu\u0161ki\"},\"image\":{\"@id\":\"https:\\\/\\\/radioljubuski.ba\\\/#\\\/schema\\\/logo\\\/image\\\/\"},\"sameAs\":[\"https:\\\/\\\/www.facebook.com\\\/Radiio-Ljubuski-1490835324566332\",\"https:\\\/\\\/x.com\\\/radioljubuski\",\"https:\\\/\\\/hr.linkedin.com\\\/company\\\/radio-ljubuski\",\"https:\\\/\\\/www.youtube.com\\\/channel\\\/UCHYaeO_n0Db3tjNGudGpXyw\"]},{\"@type\":\"Person\",\"@id\":\"https:\\\/\\\/radioljubuski.ba\\\/#\\\/schema\\\/person\\\/19fc700381a780f69665d7956c469e3b\",\"name\":\"Radio Ljubu\u0161ki\"}]}<\/script>\n<!-- \/ Yoast SEO plugin. -->","yoast_head_json":{"title":"U jeku globalne sigurnosne krize \u010dije prelijevanje prijeti i BiH, ministar sigurnosti Cikoti\u0107 otputovao u Mekku - RADIO LJUBU\u0160KI","robots":{"index":"index","follow":"follow","max-snippet":"max-snippet:-1","max-image-preview":"max-image-preview:large","max-video-preview":"max-video-preview:-1"},"canonical":"https:\/\/radioljubuski.ba\/index.php\/2022\/03\/10\/u-jeku-globalne-sigurnosne-krize-cije-prelijevanje-prijeti-i-bih-ministar-sigurnosti-cikotic-otputovao-u-mekku\/","og_locale":"hr_HR","og_type":"article","og_title":"U jeku globalne sigurnosne krize \u010dije prelijevanje prijeti i BiH, ministar sigurnosti Cikoti\u0107 otputovao u Mekku - RADIO LJUBU\u0160KI","og_description":"U jeku globalne krize koja trese cijelu Europu ministar sigurnosti Selmo Cikoti\u0107 otputovao je u Mekku obaviti umru (islamsko hodo\u010da\u0161\u0107e), doznaje Hrvatski Medijski Servis od dobro obavije\u0161tenog izvora bliskog Ministarstvu sigurnosti BiH. Tako\u0111er, doznajemo da su u Cikoti\u0107evoj pratnji pomno birani suputnici iz Ministarstva sigurnosti me\u0111u kojima je \u0161ef kabineta ministra sigurnosti BiH Senahid Godinjak. [&hellip;]","og_url":"https:\/\/radioljubuski.ba\/index.php\/2022\/03\/10\/u-jeku-globalne-sigurnosne-krize-cije-prelijevanje-prijeti-i-bih-ministar-sigurnosti-cikotic-otputovao-u-mekku\/","og_site_name":"RADIO LJUBU\u0160KI","article_publisher":"https:\/\/www.facebook.com\/Radiio-Ljubuski-1490835324566332","article_published_time":"2022-03-10T10:19:05+00:00","article_modified_time":"2022-03-10T10:19:06+00:00","og_image":[{"width":1068,"height":601,"url":"https:\/\/radioljubuski.ba\/wp-content\/uploads\/2022\/03\/pjimage-22-1068x601-1.jpg","type":"image\/jpeg"}],"author":"Radio Ljubu\u0161ki","twitter_card":"summary_large_image","twitter_creator":"@radioljubuski","twitter_site":"@radioljubuski","twitter_misc":{"Napisao\/la":"Radio Ljubu\u0161ki","Procijenjeno vrijeme \u010ditanja":"1 minuta"},"schema":{"@context":"https:\/\/schema.org","@graph":[{"@type":"Article","@id":"https:\/\/radioljubuski.ba\/index.php\/2022\/03\/10\/u-jeku-globalne-sigurnosne-krize-cije-prelijevanje-prijeti-i-bih-ministar-sigurnosti-cikotic-otputovao-u-mekku\/#article","isPartOf":{"@id":"https:\/\/radioljubuski.ba\/index.php\/2022\/03\/10\/u-jeku-globalne-sigurnosne-krize-cije-prelijevanje-prijeti-i-bih-ministar-sigurnosti-cikotic-otputovao-u-mekku\/"},"author":{"name":"Radio Ljubu\u0161ki","@id":"https:\/\/radioljubuski.ba\/#\/schema\/person\/19fc700381a780f69665d7956c469e3b"},"headline":"U jeku globalne sigurnosne krize \u010dije prelijevanje prijeti i BiH, ministar sigurnosti Cikoti\u0107 otputovao u Mekku","datePublished":"2022-03-10T10:19:05+00:00","dateModified":"2022-03-10T10:19:06+00:00","mainEntityOfPage":{"@id":"https:\/\/radioljubuski.ba\/index.php\/2022\/03\/10\/u-jeku-globalne-sigurnosne-krize-cije-prelijevanje-prijeti-i-bih-ministar-sigurnosti-cikotic-otputovao-u-mekku\/"},"wordCount":198,"publisher":{"@id":"https:\/\/radioljubuski.ba\/#organization"},"image":{"@id":"https:\/\/radioljubuski.ba\/index.php\/2022\/03\/10\/u-jeku-globalne-sigurnosne-krize-cije-prelijevanje-prijeti-i-bih-ministar-sigurnosti-cikotic-otputovao-u-mekku\/#primaryimage"},"thumbnailUrl":"https:\/\/radioljubuski.ba\/wp-content\/uploads\/2022\/03\/pjimage-22-1068x601-1.jpg","articleSection":["BIH i regija"],"inLanguage":"hr"},{"@type":"WebPage","@id":"https:\/\/radioljubuski.ba\/index.php\/2022\/03\/10\/u-jeku-globalne-sigurnosne-krize-cije-prelijevanje-prijeti-i-bih-ministar-sigurnosti-cikotic-otputovao-u-mekku\/","url":"https:\/\/radioljubuski.ba\/index.php\/2022\/03\/10\/u-jeku-globalne-sigurnosne-krize-cije-prelijevanje-prijeti-i-bih-ministar-sigurnosti-cikotic-otputovao-u-mekku\/","name":"U jeku globalne sigurnosne krize \u010dije prelijevanje prijeti i BiH, ministar sigurnosti Cikoti\u0107 otputovao u Mekku - RADIO LJUBU\u0160KI","isPartOf":{"@id":"https:\/\/radioljubuski.ba\/#website"},"primaryImageOfPage":{"@id":"https:\/\/radioljubuski.ba\/index.php\/2022\/03\/10\/u-jeku-globalne-sigurnosne-krize-cije-prelijevanje-prijeti-i-bih-ministar-sigurnosti-cikotic-otputovao-u-mekku\/#primaryimage"},"image":{"@id":"https:\/\/radioljubuski.ba\/index.php\/2022\/03\/10\/u-jeku-globalne-sigurnosne-krize-cije-prelijevanje-prijeti-i-bih-ministar-sigurnosti-cikotic-otputovao-u-mekku\/#primaryimage"},"thumbnailUrl":"https:\/\/radioljubuski.ba\/wp-content\/uploads\/2022\/03\/pjimage-22-1068x601-1.jpg","datePublished":"2022-03-10T10:19:05+00:00","dateModified":"2022-03-10T10:19:06+00:00","breadcrumb":{"@id":"https:\/\/radioljubuski.ba\/index.php\/2022\/03\/10\/u-jeku-globalne-sigurnosne-krize-cije-prelijevanje-prijeti-i-bih-ministar-sigurnosti-cikotic-otputovao-u-mekku\/#breadcrumb"},"inLanguage":"hr","potentialAction":[{"@type":"ReadAction","target":["https:\/\/radioljubuski.ba\/index.php\/2022\/03\/10\/u-jeku-globalne-sigurnosne-krize-cije-prelijevanje-prijeti-i-bih-ministar-sigurnosti-cikotic-otputovao-u-mekku\/"]}]},{"@type":"ImageObject","inLanguage":"hr","@id":"https:\/\/radioljubuski.ba\/index.php\/2022\/03\/10\/u-jeku-globalne-sigurnosne-krize-cije-prelijevanje-prijeti-i-bih-ministar-sigurnosti-cikotic-otputovao-u-mekku\/#primaryimage","url":"https:\/\/radioljubuski.ba\/wp-content\/uploads\/2022\/03\/pjimage-22-1068x601-1.jpg","contentUrl":"https:\/\/radioljubuski.ba\/wp-content\/uploads\/2022\/03\/pjimage-22-1068x601-1.jpg","width":1068,"height":601},{"@type":"BreadcrumbList","@id":"https:\/\/radioljubuski.ba\/index.php\/2022\/03\/10\/u-jeku-globalne-sigurnosne-krize-cije-prelijevanje-prijeti-i-bih-ministar-sigurnosti-cikotic-otputovao-u-mekku\/#breadcrumb","itemListElement":[{"@type":"ListItem","position":1,"name":"Po\u010detna stranica","item":"https:\/\/radioljubuski.ba\/"},{"@type":"ListItem","position":2,"name":"U jeku globalne sigurnosne krize \u010dije prelijevanje prijeti i BiH, ministar sigurnosti Cikoti\u0107 otputovao u Mekku"}]},{"@type":"WebSite","@id":"https:\/\/radioljubuski.ba\/#website","url":"https:\/\/radioljubuski.ba\/","name":"Radio Ljubu\u0161ki","description":"Sun\u010dana frekvencija Hercegovine","publisher":{"@id":"https:\/\/radioljubuski.ba\/#organization"},"potentialAction":[{"@type":"SearchAction","target":{"@type":"EntryPoint","urlTemplate":"https:\/\/radioljubuski.ba\/?s={search_term_string}"},"query-input":{"@type":"PropertyValueSpecification","valueRequired":true,"valueName":"search_term_string"}}],"inLanguage":"hr"},{"@type":"Organization","@id":"https:\/\/radioljubuski.ba\/#organization","name":"Radio Ljubu\u0161ki","url":"https:\/\/radioljubuski.ba\/","logo":{"@type":"ImageObject","inLanguage":"hr","@id":"https:\/\/radioljubuski.ba\/#\/schema\/logo\/image\/","url":"https:\/\/radioljubuski.ba\/wp-content\/uploads\/2021\/02\/cropped-Radio_Ljubuski_logo1.jpg","contentUrl":"https:\/\/radioljubuski.ba\/wp-content\/uploads\/2021\/02\/cropped-Radio_Ljubuski_logo1.jpg","width":512,"height":512,"caption":"Radio Ljubu\u0161ki"},"image":{"@id":"https:\/\/radioljubuski.ba\/#\/schema\/logo\/image\/"},"sameAs":["https:\/\/www.facebook.com\/Radiio-Ljubuski-1490835324566332","https:\/\/x.com\/radioljubuski","https:\/\/hr.linkedin.com\/company\/radio-ljubuski","https:\/\/www.youtube.com\/channel\/UCHYaeO_n0Db3tjNGudGpXyw"]},{"@type":"Person","@id":"https:\/\/radioljubuski.ba\/#\/schema\/person\/19fc700381a780f69665d7956c469e3b","name":"Radio Ljubu\u0161ki"}]}},"_links":{"self":[{"href":"https:\/\/radioljubuski.ba\/index.php\/wp-json\/wp\/v2\/posts\/119809","targetHints":{"allow":["GET"]}}],"collection":[{"href":"https:\/\/radioljubuski.ba\/index.php\/wp-json\/wp\/v2\/posts"}],"about":[{"href":"https:\/\/radioljubuski.ba\/index.php\/wp-json\/wp\/v2\/types\/post"}],"author":[{"embeddable":true,"href":"https:\/\/radioljubuski.ba\/index.php\/wp-json\/wp\/v2\/users\/2"}],"replies":[{"embeddable":true,"href":"https:\/\/radioljubuski.ba\/index.php\/wp-json\/wp\/v2\/comments?post=119809"}],"version-history":[{"count":1,"href":"https:\/\/radioljubuski.ba\/index.php\/wp-json\/wp\/v2\/posts\/119809\/revisions"}],"predecessor-version":[{"id":119811,"href":"https:\/\/radioljubuski.ba\/index.php\/wp-json\/wp\/v2\/posts\/119809\/revisions\/119811"}],"wp:featuredmedia":[{"embeddable":true,"href":"https:\/\/radioljubuski.ba\/index.php\/wp-json\/wp\/v2\/media\/119810"}],"wp:attachment":[{"href":"https:\/\/radioljubuski.ba\/index.php\/wp-json\/wp\/v2\/media?parent=119809"}],"wp:term":[{"taxonomy":"category","embeddable":true,"href":"https:\/\/radioljubuski.ba\/index.php\/wp-json\/wp\/v2\/categories?post=119809"},{"taxonomy":"post_tag","embeddable":true,"href":"https:\/\/radioljubuski.ba\/index.php\/wp-json\/wp\/v2\/tags?post=119809"}],"curies":[{"name":"wp","href":"https:\/\/api.w.org\/{rel}","templated":true}]}}