{"id":119812,"date":"2022-03-10T11:20:08","date_gmt":"2022-03-10T10:20:08","guid":{"rendered":"https:\/\/radioljubuski.ba\/?p=119812"},"modified":"2022-03-10T11:20:09","modified_gmt":"2022-03-10T10:20:09","slug":"izetbegovic-opet-prijeti-skidanjem-okova-s-fbih-tvrdi-i-da-probosanski-blok-moze-predstavljati-hrvate","status":"publish","type":"post","link":"https:\/\/radioljubuski.ba\/index.php\/2022\/03\/10\/izetbegovic-opet-prijeti-skidanjem-okova-s-fbih-tvrdi-i-da-probosanski-blok-moze-predstavljati-hrvate\/","title":{"rendered":"Izetbegovi\u0107 opet prijeti \u201cskidanjem okova s FBiH\u201d, tvrdi i da \u201cprobosanski blok\u201d mo\u017ee predstavljati Hrvate"},"content":{"rendered":"\n<p><strong>Predsjednik SDA Bakir Izetbegovi\u0107 za Federalni radio izjavio je kako HDZ BiH vr\u0161i pritisak ne bi li ishodili povoljan aran\u017eman po pitanju Izbornog zakona, prenosi Hrvatski Medijski Servis.<\/strong><\/p>\n\n\n\n<p>-HDZ bi htio imati kontrolu svega u dr\u017eavi i Federaciji. I tako su se pozicionirali na izborima da ne mo\u017eete ni\u0161ta protiv njih. Ali su svjesni da im glasovi i dalje padaju i oni i dalje \u017eele imati poluge u rukama. Sad koriste pritisak koji radi Dodik i Rusija i koketiraju s Beogradom, rade to ve\u0107 nekoliko godina. Sve da bi ishodili ono \u0161to \u017eele u vezi s Izbornim zakonom. Mi im to ne mo\u017eemo dati. Da non stop mogu blokirati sve \u0161to ho\u0107e, kazao je Izetbegovi\u0107.<\/p>\n\n\n\n<p>Dodao je kako bi situaciju oko mogu\u0107eg neodr\u017eavanja izbora u \u017eupanijama s hrvatskom ve\u0107inom bilo te\u0161ko rije\u0161iti da nije tu OHR.<\/p>\n\n\n\n<p>-Ukoliko bude bilo potrebe zavr\u0161ni korak \u0107e uraditi upravo OHR i OSSE, uvjeren je Izetbegovi\u0107, koji je ponovio la\u017e kako HDZ i na dr\u017eavnoj i na federalnoj razini \u201cradi blokade\u201d.<\/p>\n\n\n\n<p>\u2013 Ono \u0161to sad tra\u017ee i \u0161to misle da su upravu jeste da ovjekovje\u010dimo alate kojima rade blokade. Smatramo da je ok da na\u0111emo na\u010din da se jedan \u010dlan Predsjedni\u0161tva bira voljom Hrvata. Ako \u0107e Bo\u0161njaci neka i Hrvati. Ali to ne smije biti ekskluzivno. Ono \u0161to \u017eelimo mi jeste da skinemo okove s Federacije, ne\u0107emo ovjekovje\u010diti blokade. Mo\u017ee se za\u0161titi interes nacionalni i da se dopusti Parlamentu da funkcionira istovremeno, kazao je Izetbegovi\u0107.<\/p>\n\n\n\n<p>On je ustvrdio kako je \u201cprobosanski patriotski blok stranaka sna\u017ena komponenta od 700-800 tisu\u0107a glasova, ne samo Bo\u0161njaka nego i ostalih naroda i \u010covi\u0107 to ne \u017eeli vidjeti\u201d.<\/p>\n\n\n\n<p>\u2013 Te stranke su \u0161est puta ve\u0107e od isklju\u010divo prohrvatskih stranaka i njihova multietni\u010dka komponenta je barem velika kao HNS. Tko je tu legitiman tko nije, to je komplicirano. Legitiman je onaj koga gra\u0111ani ho\u0107e. A \u010covi\u0107 i HDZ bi da potpuno poni\u0161te tu komponentu i taj aspekt Daytonskog mirovnog sporazuma koji je kombinacija etni\u010dkog i gra\u0111anskog. Pa bi HDZ sa 100 000 glasova da se pita o svemu, a ne samo o hrvatskom nacionalnom interesu. Mehanizmi za blokade koji tra\u017ee oni ne\u0107e pro\u0107i i tu moraju odustati od toga ina\u010de nema dogovora, zaprijetio je Izetbegovi\u0107.<\/p>\n\n\n\n<p>Dodao je kako je \u010covi\u0107 svoju \u201cosobnu frustraciju Kom\u0161i\u0107em uspio prenijeti na hrvatski narod, zatim da u to uvu\u010de i Hrvatsku pa \u010dak i Srbiju i Rusiju u namjeri da stvari pritisak na mene, na nas\u201d, kazao je. Dodao je kako se Dejtonski mirovni sporazum se mora po\u0161tovati.<\/p>\n\n\n\n<p>\u2013 Idu\u0107eg tjedna \u0107emo sjesti svi mi iz probosanskog bloka, fronta i SDP i SBB i NiP i svi ostali i definirat \u0107emo neke zaklju\u010dke kako se odnosimo i postavljamo u ovoj krizi. Imate u ovom trenu 60 posto ruku koji pripadaju ovom bloku u Parlamentu BiH pa da vidimo \u0161to mo\u017eemo \u2013 zaklju\u010dio je me\u0111u ostalim Izetbegovi\u0107.<\/p>\n\n\n\n<p>\/HMS\/<\/p>\n","protected":false},"excerpt":{"rendered":"<p>Predsjednik SDA Bakir Izetbegovi\u0107 za Federalni radio izjavio je kako HDZ BiH vr\u0161i pritisak ne bi li ishodili povoljan aran\u017eman po pitanju Izbornog zakona, prenosi Hrvatski Medijski Servis. -HDZ bi htio imati kontrolu svega u dr\u017eavi i Federaciji. I tako su se pozicionirali na izborima da ne mo\u017eete ni\u0161ta protiv njih. Ali su svjesni da [&hellip;]<\/p>\n","protected":false},"author":2,"featured_media":0,"comment_status":"closed","ping_status":"closed","sticky":false,"template":"","format":"standard","meta":{"h5ap_radio_sources":[],"footnotes":""},"categories":[1],"tags":[],"class_list":["post-119812","post","type-post","status-publish","format-standard","hentry","category-bihiregija"],"yoast_head":"<!-- This site is optimized with the Yoast SEO plugin v27.5 - https:\/\/yoast.com\/product\/yoast-seo-wordpress\/ -->\n<title>Izetbegovi\u0107 opet prijeti \u201cskidanjem okova s FBiH\u201d, tvrdi i da \u201cprobosanski blok\u201d mo\u017ee predstavljati Hrvate - RADIO LJUBU\u0160KI<\/title>\n<meta name=\"robots\" content=\"index, follow, max-snippet:-1, max-image-preview:large, max-video-preview:-1\" \/>\n<link rel=\"canonical\" href=\"https:\/\/radioljubuski.ba\/index.php\/2022\/03\/10\/izetbegovic-opet-prijeti-skidanjem-okova-s-fbih-tvrdi-i-da-probosanski-blok-moze-predstavljati-hrvate\/\" \/>\n<meta property=\"og:locale\" content=\"hr_HR\" \/>\n<meta property=\"og:type\" content=\"article\" \/>\n<meta property=\"og:title\" content=\"Izetbegovi\u0107 opet prijeti \u201cskidanjem okova s FBiH\u201d, tvrdi i da \u201cprobosanski blok\u201d mo\u017ee predstavljati Hrvate - RADIO LJUBU\u0160KI\" \/>\n<meta property=\"og:description\" content=\"Predsjednik SDA Bakir Izetbegovi\u0107 za Federalni radio izjavio je kako HDZ BiH vr\u0161i pritisak ne bi li ishodili povoljan aran\u017eman po pitanju Izbornog zakona, prenosi Hrvatski Medijski Servis. -HDZ bi htio imati kontrolu svega u dr\u017eavi i Federaciji. I tako su se pozicionirali na izborima da ne mo\u017eete ni\u0161ta protiv njih. Ali su svjesni da [&hellip;]\" \/>\n<meta property=\"og:url\" content=\"https:\/\/radioljubuski.ba\/index.php\/2022\/03\/10\/izetbegovic-opet-prijeti-skidanjem-okova-s-fbih-tvrdi-i-da-probosanski-blok-moze-predstavljati-hrvate\/\" \/>\n<meta property=\"og:site_name\" content=\"RADIO LJUBU\u0160KI\" \/>\n<meta property=\"article:publisher\" content=\"https:\/\/www.facebook.com\/Radiio-Ljubuski-1490835324566332\" \/>\n<meta property=\"article:published_time\" content=\"2022-03-10T10:20:08+00:00\" \/>\n<meta property=\"article:modified_time\" content=\"2022-03-10T10:20:09+00:00\" \/>\n<meta property=\"og:image\" content=\"https:\/\/radioljubuski.ba\/wp-content\/uploads\/2021\/03\/IZETBEGOVIC-BAKIR-KLIX.jpg\" \/>\n\t<meta property=\"og:image:width\" content=\"634\" \/>\n\t<meta property=\"og:image:height\" content=\"359\" \/>\n\t<meta property=\"og:image:type\" content=\"image\/jpeg\" \/>\n<meta name=\"author\" content=\"Radio Ljubu\u0161ki\" \/>\n<meta name=\"twitter:card\" content=\"summary_large_image\" \/>\n<meta name=\"twitter:creator\" content=\"@radioljubuski\" \/>\n<meta name=\"twitter:site\" content=\"@radioljubuski\" \/>\n<meta name=\"twitter:label1\" content=\"Napisao\/la\" \/>\n\t<meta name=\"twitter:data1\" content=\"Radio Ljubu\u0161ki\" \/>\n\t<meta name=\"twitter:label2\" content=\"Procijenjeno vrijeme \u010ditanja\" \/>\n\t<meta name=\"twitter:data2\" content=\"3 minute\" \/>\n<script type=\"application\/ld+json\" class=\"yoast-schema-graph\">{\"@context\":\"https:\\\/\\\/schema.org\",\"@graph\":[{\"@type\":\"Article\",\"@id\":\"https:\\\/\\\/radioljubuski.ba\\\/index.php\\\/2022\\\/03\\\/10\\\/izetbegovic-opet-prijeti-skidanjem-okova-s-fbih-tvrdi-i-da-probosanski-blok-moze-predstavljati-hrvate\\\/#article\",\"isPartOf\":{\"@id\":\"https:\\\/\\\/radioljubuski.ba\\\/index.php\\\/2022\\\/03\\\/10\\\/izetbegovic-opet-prijeti-skidanjem-okova-s-fbih-tvrdi-i-da-probosanski-blok-moze-predstavljati-hrvate\\\/\"},\"author\":{\"name\":\"Radio Ljubu\u0161ki\",\"@id\":\"https:\\\/\\\/radioljubuski.ba\\\/#\\\/schema\\\/person\\\/19fc700381a780f69665d7956c469e3b\"},\"headline\":\"Izetbegovi\u0107 opet prijeti \u201cskidanjem okova s FBiH\u201d, tvrdi i da \u201cprobosanski blok\u201d mo\u017ee predstavljati Hrvate\",\"datePublished\":\"2022-03-10T10:20:08+00:00\",\"dateModified\":\"2022-03-10T10:20:09+00:00\",\"mainEntityOfPage\":{\"@id\":\"https:\\\/\\\/radioljubuski.ba\\\/index.php\\\/2022\\\/03\\\/10\\\/izetbegovic-opet-prijeti-skidanjem-okova-s-fbih-tvrdi-i-da-probosanski-blok-moze-predstavljati-hrvate\\\/\"},\"wordCount\":528,\"publisher\":{\"@id\":\"https:\\\/\\\/radioljubuski.ba\\\/#organization\"},\"articleSection\":[\"BIH i regija\"],\"inLanguage\":\"hr\"},{\"@type\":\"WebPage\",\"@id\":\"https:\\\/\\\/radioljubuski.ba\\\/index.php\\\/2022\\\/03\\\/10\\\/izetbegovic-opet-prijeti-skidanjem-okova-s-fbih-tvrdi-i-da-probosanski-blok-moze-predstavljati-hrvate\\\/\",\"url\":\"https:\\\/\\\/radioljubuski.ba\\\/index.php\\\/2022\\\/03\\\/10\\\/izetbegovic-opet-prijeti-skidanjem-okova-s-fbih-tvrdi-i-da-probosanski-blok-moze-predstavljati-hrvate\\\/\",\"name\":\"Izetbegovi\u0107 opet prijeti \u201cskidanjem okova s FBiH\u201d, tvrdi i da \u201cprobosanski blok\u201d mo\u017ee predstavljati Hrvate - RADIO LJUBU\u0160KI\",\"isPartOf\":{\"@id\":\"https:\\\/\\\/radioljubuski.ba\\\/#website\"},\"datePublished\":\"2022-03-10T10:20:08+00:00\",\"dateModified\":\"2022-03-10T10:20:09+00:00\",\"breadcrumb\":{\"@id\":\"https:\\\/\\\/radioljubuski.ba\\\/index.php\\\/2022\\\/03\\\/10\\\/izetbegovic-opet-prijeti-skidanjem-okova-s-fbih-tvrdi-i-da-probosanski-blok-moze-predstavljati-hrvate\\\/#breadcrumb\"},\"inLanguage\":\"hr\",\"potentialAction\":[{\"@type\":\"ReadAction\",\"target\":[\"https:\\\/\\\/radioljubuski.ba\\\/index.php\\\/2022\\\/03\\\/10\\\/izetbegovic-opet-prijeti-skidanjem-okova-s-fbih-tvrdi-i-da-probosanski-blok-moze-predstavljati-hrvate\\\/\"]}]},{\"@type\":\"BreadcrumbList\",\"@id\":\"https:\\\/\\\/radioljubuski.ba\\\/index.php\\\/2022\\\/03\\\/10\\\/izetbegovic-opet-prijeti-skidanjem-okova-s-fbih-tvrdi-i-da-probosanski-blok-moze-predstavljati-hrvate\\\/#breadcrumb\",\"itemListElement\":[{\"@type\":\"ListItem\",\"position\":1,\"name\":\"Po\u010detna stranica\",\"item\":\"https:\\\/\\\/radioljubuski.ba\\\/\"},{\"@type\":\"ListItem\",\"position\":2,\"name\":\"Izetbegovi\u0107 opet prijeti \u201cskidanjem okova s FBiH\u201d, tvrdi i da \u201cprobosanski blok\u201d mo\u017ee predstavljati Hrvate\"}]},{\"@type\":\"WebSite\",\"@id\":\"https:\\\/\\\/radioljubuski.ba\\\/#website\",\"url\":\"https:\\\/\\\/radioljubuski.ba\\\/\",\"name\":\"Radio Ljubu\u0161ki\",\"description\":\"Sun\u010dana frekvencija Hercegovine\",\"publisher\":{\"@id\":\"https:\\\/\\\/radioljubuski.ba\\\/#organization\"},\"potentialAction\":[{\"@type\":\"SearchAction\",\"target\":{\"@type\":\"EntryPoint\",\"urlTemplate\":\"https:\\\/\\\/radioljubuski.ba\\\/?s={search_term_string}\"},\"query-input\":{\"@type\":\"PropertyValueSpecification\",\"valueRequired\":true,\"valueName\":\"search_term_string\"}}],\"inLanguage\":\"hr\"},{\"@type\":\"Organization\",\"@id\":\"https:\\\/\\\/radioljubuski.ba\\\/#organization\",\"name\":\"Radio Ljubu\u0161ki\",\"url\":\"https:\\\/\\\/radioljubuski.ba\\\/\",\"logo\":{\"@type\":\"ImageObject\",\"inLanguage\":\"hr\",\"@id\":\"https:\\\/\\\/radioljubuski.ba\\\/#\\\/schema\\\/logo\\\/image\\\/\",\"url\":\"https:\\\/\\\/radioljubuski.ba\\\/wp-content\\\/uploads\\\/2021\\\/02\\\/cropped-Radio_Ljubuski_logo1.jpg\",\"contentUrl\":\"https:\\\/\\\/radioljubuski.ba\\\/wp-content\\\/uploads\\\/2021\\\/02\\\/cropped-Radio_Ljubuski_logo1.jpg\",\"width\":512,\"height\":512,\"caption\":\"Radio Ljubu\u0161ki\"},\"image\":{\"@id\":\"https:\\\/\\\/radioljubuski.ba\\\/#\\\/schema\\\/logo\\\/image\\\/\"},\"sameAs\":[\"https:\\\/\\\/www.facebook.com\\\/Radiio-Ljubuski-1490835324566332\",\"https:\\\/\\\/x.com\\\/radioljubuski\",\"https:\\\/\\\/hr.linkedin.com\\\/company\\\/radio-ljubuski\",\"https:\\\/\\\/www.youtube.com\\\/channel\\\/UCHYaeO_n0Db3tjNGudGpXyw\"]},{\"@type\":\"Person\",\"@id\":\"https:\\\/\\\/radioljubuski.ba\\\/#\\\/schema\\\/person\\\/19fc700381a780f69665d7956c469e3b\",\"name\":\"Radio Ljubu\u0161ki\"}]}<\/script>\n<!-- \/ Yoast SEO plugin. -->","yoast_head_json":{"title":"Izetbegovi\u0107 opet prijeti \u201cskidanjem okova s FBiH\u201d, tvrdi i da \u201cprobosanski blok\u201d mo\u017ee predstavljati Hrvate - RADIO LJUBU\u0160KI","robots":{"index":"index","follow":"follow","max-snippet":"max-snippet:-1","max-image-preview":"max-image-preview:large","max-video-preview":"max-video-preview:-1"},"canonical":"https:\/\/radioljubuski.ba\/index.php\/2022\/03\/10\/izetbegovic-opet-prijeti-skidanjem-okova-s-fbih-tvrdi-i-da-probosanski-blok-moze-predstavljati-hrvate\/","og_locale":"hr_HR","og_type":"article","og_title":"Izetbegovi\u0107 opet prijeti \u201cskidanjem okova s FBiH\u201d, tvrdi i da \u201cprobosanski blok\u201d mo\u017ee predstavljati Hrvate - RADIO LJUBU\u0160KI","og_description":"Predsjednik SDA Bakir Izetbegovi\u0107 za Federalni radio izjavio je kako HDZ BiH vr\u0161i pritisak ne bi li ishodili povoljan aran\u017eman po pitanju Izbornog zakona, prenosi Hrvatski Medijski Servis. -HDZ bi htio imati kontrolu svega u dr\u017eavi i Federaciji. I tako su se pozicionirali na izborima da ne mo\u017eete ni\u0161ta protiv njih. Ali su svjesni da [&hellip;]","og_url":"https:\/\/radioljubuski.ba\/index.php\/2022\/03\/10\/izetbegovic-opet-prijeti-skidanjem-okova-s-fbih-tvrdi-i-da-probosanski-blok-moze-predstavljati-hrvate\/","og_site_name":"RADIO LJUBU\u0160KI","article_publisher":"https:\/\/www.facebook.com\/Radiio-Ljubuski-1490835324566332","article_published_time":"2022-03-10T10:20:08+00:00","article_modified_time":"2022-03-10T10:20:09+00:00","og_image":[{"width":634,"height":359,"url":"https:\/\/radioljubuski.ba\/wp-content\/uploads\/2021\/03\/IZETBEGOVIC-BAKIR-KLIX.jpg","type":"image\/jpeg"}],"author":"Radio Ljubu\u0161ki","twitter_card":"summary_large_image","twitter_creator":"@radioljubuski","twitter_site":"@radioljubuski","twitter_misc":{"Napisao\/la":"Radio Ljubu\u0161ki","Procijenjeno vrijeme \u010ditanja":"3 minute"},"schema":{"@context":"https:\/\/schema.org","@graph":[{"@type":"Article","@id":"https:\/\/radioljubuski.ba\/index.php\/2022\/03\/10\/izetbegovic-opet-prijeti-skidanjem-okova-s-fbih-tvrdi-i-da-probosanski-blok-moze-predstavljati-hrvate\/#article","isPartOf":{"@id":"https:\/\/radioljubuski.ba\/index.php\/2022\/03\/10\/izetbegovic-opet-prijeti-skidanjem-okova-s-fbih-tvrdi-i-da-probosanski-blok-moze-predstavljati-hrvate\/"},"author":{"name":"Radio Ljubu\u0161ki","@id":"https:\/\/radioljubuski.ba\/#\/schema\/person\/19fc700381a780f69665d7956c469e3b"},"headline":"Izetbegovi\u0107 opet prijeti \u201cskidanjem okova s FBiH\u201d, tvrdi i da \u201cprobosanski blok\u201d mo\u017ee predstavljati Hrvate","datePublished":"2022-03-10T10:20:08+00:00","dateModified":"2022-03-10T10:20:09+00:00","mainEntityOfPage":{"@id":"https:\/\/radioljubuski.ba\/index.php\/2022\/03\/10\/izetbegovic-opet-prijeti-skidanjem-okova-s-fbih-tvrdi-i-da-probosanski-blok-moze-predstavljati-hrvate\/"},"wordCount":528,"publisher":{"@id":"https:\/\/radioljubuski.ba\/#organization"},"articleSection":["BIH i regija"],"inLanguage":"hr"},{"@type":"WebPage","@id":"https:\/\/radioljubuski.ba\/index.php\/2022\/03\/10\/izetbegovic-opet-prijeti-skidanjem-okova-s-fbih-tvrdi-i-da-probosanski-blok-moze-predstavljati-hrvate\/","url":"https:\/\/radioljubuski.ba\/index.php\/2022\/03\/10\/izetbegovic-opet-prijeti-skidanjem-okova-s-fbih-tvrdi-i-da-probosanski-blok-moze-predstavljati-hrvate\/","name":"Izetbegovi\u0107 opet prijeti \u201cskidanjem okova s FBiH\u201d, tvrdi i da \u201cprobosanski blok\u201d mo\u017ee predstavljati Hrvate - RADIO LJUBU\u0160KI","isPartOf":{"@id":"https:\/\/radioljubuski.ba\/#website"},"datePublished":"2022-03-10T10:20:08+00:00","dateModified":"2022-03-10T10:20:09+00:00","breadcrumb":{"@id":"https:\/\/radioljubuski.ba\/index.php\/2022\/03\/10\/izetbegovic-opet-prijeti-skidanjem-okova-s-fbih-tvrdi-i-da-probosanski-blok-moze-predstavljati-hrvate\/#breadcrumb"},"inLanguage":"hr","potentialAction":[{"@type":"ReadAction","target":["https:\/\/radioljubuski.ba\/index.php\/2022\/03\/10\/izetbegovic-opet-prijeti-skidanjem-okova-s-fbih-tvrdi-i-da-probosanski-blok-moze-predstavljati-hrvate\/"]}]},{"@type":"BreadcrumbList","@id":"https:\/\/radioljubuski.ba\/index.php\/2022\/03\/10\/izetbegovic-opet-prijeti-skidanjem-okova-s-fbih-tvrdi-i-da-probosanski-blok-moze-predstavljati-hrvate\/#breadcrumb","itemListElement":[{"@type":"ListItem","position":1,"name":"Po\u010detna stranica","item":"https:\/\/radioljubuski.ba\/"},{"@type":"ListItem","position":2,"name":"Izetbegovi\u0107 opet prijeti \u201cskidanjem okova s FBiH\u201d, tvrdi i da \u201cprobosanski blok\u201d mo\u017ee predstavljati Hrvate"}]},{"@type":"WebSite","@id":"https:\/\/radioljubuski.ba\/#website","url":"https:\/\/radioljubuski.ba\/","name":"Radio Ljubu\u0161ki","description":"Sun\u010dana frekvencija Hercegovine","publisher":{"@id":"https:\/\/radioljubuski.ba\/#organization"},"potentialAction":[{"@type":"SearchAction","target":{"@type":"EntryPoint","urlTemplate":"https:\/\/radioljubuski.ba\/?s={search_term_string}"},"query-input":{"@type":"PropertyValueSpecification","valueRequired":true,"valueName":"search_term_string"}}],"inLanguage":"hr"},{"@type":"Organization","@id":"https:\/\/radioljubuski.ba\/#organization","name":"Radio Ljubu\u0161ki","url":"https:\/\/radioljubuski.ba\/","logo":{"@type":"ImageObject","inLanguage":"hr","@id":"https:\/\/radioljubuski.ba\/#\/schema\/logo\/image\/","url":"https:\/\/radioljubuski.ba\/wp-content\/uploads\/2021\/02\/cropped-Radio_Ljubuski_logo1.jpg","contentUrl":"https:\/\/radioljubuski.ba\/wp-content\/uploads\/2021\/02\/cropped-Radio_Ljubuski_logo1.jpg","width":512,"height":512,"caption":"Radio Ljubu\u0161ki"},"image":{"@id":"https:\/\/radioljubuski.ba\/#\/schema\/logo\/image\/"},"sameAs":["https:\/\/www.facebook.com\/Radiio-Ljubuski-1490835324566332","https:\/\/x.com\/radioljubuski","https:\/\/hr.linkedin.com\/company\/radio-ljubuski","https:\/\/www.youtube.com\/channel\/UCHYaeO_n0Db3tjNGudGpXyw"]},{"@type":"Person","@id":"https:\/\/radioljubuski.ba\/#\/schema\/person\/19fc700381a780f69665d7956c469e3b","name":"Radio Ljubu\u0161ki"}]}},"_links":{"self":[{"href":"https:\/\/radioljubuski.ba\/index.php\/wp-json\/wp\/v2\/posts\/119812","targetHints":{"allow":["GET"]}}],"collection":[{"href":"https:\/\/radioljubuski.ba\/index.php\/wp-json\/wp\/v2\/posts"}],"about":[{"href":"https:\/\/radioljubuski.ba\/index.php\/wp-json\/wp\/v2\/types\/post"}],"author":[{"embeddable":true,"href":"https:\/\/radioljubuski.ba\/index.php\/wp-json\/wp\/v2\/users\/2"}],"replies":[{"embeddable":true,"href":"https:\/\/radioljubuski.ba\/index.php\/wp-json\/wp\/v2\/comments?post=119812"}],"version-history":[{"count":1,"href":"https:\/\/radioljubuski.ba\/index.php\/wp-json\/wp\/v2\/posts\/119812\/revisions"}],"predecessor-version":[{"id":119813,"href":"https:\/\/radioljubuski.ba\/index.php\/wp-json\/wp\/v2\/posts\/119812\/revisions\/119813"}],"wp:attachment":[{"href":"https:\/\/radioljubuski.ba\/index.php\/wp-json\/wp\/v2\/media?parent=119812"}],"wp:term":[{"taxonomy":"category","embeddable":true,"href":"https:\/\/radioljubuski.ba\/index.php\/wp-json\/wp\/v2\/categories?post=119812"},{"taxonomy":"post_tag","embeddable":true,"href":"https:\/\/radioljubuski.ba\/index.php\/wp-json\/wp\/v2\/tags?post=119812"}],"curies":[{"name":"wp","href":"https:\/\/api.w.org\/{rel}","templated":true}]}}