{"id":119814,"date":"2022-03-10T11:21:44","date_gmt":"2022-03-10T10:21:44","guid":{"rendered":"https:\/\/radioljubuski.ba\/?p=119814"},"modified":"2022-03-10T11:21:45","modified_gmt":"2022-03-10T10:21:45","slug":"analiza-agencije-france-presse-hrvati-traze-promjene-u-bih-uskracuje-im-se-pravo-da-biraju-svoje-predstavnike","status":"publish","type":"post","link":"https:\/\/radioljubuski.ba\/index.php\/2022\/03\/10\/analiza-agencije-france-presse-hrvati-traze-promjene-u-bih-uskracuje-im-se-pravo-da-biraju-svoje-predstavnike\/","title":{"rendered":"Analiza agencije France Presse: Hrvati tra\u017ee promjene u BiH, uskra\u0107uje im se pravo da biraju svoje predstavnike"},"content":{"rendered":"\n<p><strong>U duboko podijeljenoj Bosni i Hercegovini, bosanskohercegova\u010dki Hrvati ponovno pozivaju na promjene izbornog zakona i prijete mogu\u0107im bojkotom izbora u listopadu, pa mnogi strahuju da tu siroma\u0161nu balkansku zemlju o\u010dekuje novo razdoblje nestabilnosti, pi\u0161e France Presse.<\/strong><\/p>\n\n\n\n<p>U Mostaru, koji se smatra hrvatskim sredi\u0161tem, zvonjava crkvenih zvona i islamski poziv na molitvu odjekuju iznad slikovitog kamenog mosta koji povezuje hrvatski dio grada s bo\u0161nja\u010dkim. No taj povr\u0161inski sklad prikriva sve ve\u0107e nezadovoljstvo bosanskohercegova\u010dkih Hrvata zbog manjkavosti u izbornom sustavu koji im uskra\u0107uje pravo da biraju svoje \u010delnike.<\/p>\n\n\n\n<p>Mostar je bio razoren za vrijeme rata u BiH po\u010detkom 1990-ih, koji je podijelio zemlju du\u017e etni\u010dkih linija.<\/p>\n\n\n\n<p>Nekoliko desetlje\u0107a kasnije, nemir me\u0111u bosanskohercegova\u010dkim Hrvatima doga\u0111a se u trenutku kada secesionisti\u010dke prijetnje vo\u0111a bosanskohercegova\u010dkih Srba raspiruju zabrinutosti da je BiH ponovno na rubu sukoba.<\/p>\n\n\n\n<p>\u201cIli \u0107emo rije\u0161iti problem mirnim razlazom ili \u0107emo ku\u0107u \u2013 dr\u017eavu \u2013 u\u010diniti ugodnom za \u017eivot svima\u201d, rekao je Petar Vidi\u0107, 48-godi\u0161nji biv\u0161i hrvatski vojnik, za AFP u Mostaru.<\/p>\n\n\n\n<p>Okrutni rat u BiH zavr\u0161io je mirovnim sporazumima 1995. kojima je zemlja podijeljena na dva dijela, jedan kojim vladaju etni\u010dki Srbi i muslimansko-hrvatsku federaciju. Zemlja ima tro\u010dlano rotiraju\u0107e predsjedni\u0161tvo koje \u010dine predstavnici triju zajednica, Bo\u0161njaka, Srba i Hrvata.<\/p>\n\n\n\n<p>Ali Bo\u0161njaci u Federaciji BiH \u010dine gotovo 70 posto od njezinih 2,2 milijuna stanovnika. To im daje veliku broj\u010danu prednost na izborima i de facto kontrolu nad time tko mo\u017ee biti izabran za predstavnika Hrvata u predsjedni\u0161tvu dr\u017eave.<\/p>\n\n\n\n<p>\u201cU predsjedni\u0161tvu su dvojica predstavnika Bo\u0161njaka i jedan Srba\u201d, govori se u politi\u010dkim krugovima bosanskohercegova\u010dkih Hrvata. No za puno Hrvata u BiH to nije trivijalno pitanje. Nakon dugogodi\u0161njeg nezadovoljstva, mnogi od njih predla\u017eu da se op\u0107e izbore u listopadu bojkotira.<\/p>\n\n\n\n<p>Na konferenciji u Mostaru u velja\u010di stranke bosanskohercegova\u010dkih Hrvata okupile su se kako bi pripremile plan za svoje idu\u0107e korake pozivaju\u0107i na hitne reforme. Ali nisu najavile op\u0107i bojkot.<\/p>\n\n\n\n<p>\u201cNisu ispunjeni formalni uvjeti za organizaciju izbora dok se ne promijeni izborni zakon kako bi se osiguralo da sve tri etni\u010dke skupine budu legitimno zastupljene\u201d, rekao je Dragan \u010covi\u0107, vo\u0111a HDZ-a BiH.<\/p>\n\n\n\n<p>lija Cvitanovi\u0107 iz HDZ-a 1990. jo\u0161 je odlu\u010dniji. \u201cAko netko misli da mo\u017ee oduzeti hrvatskom narodu legitimitet, potisnuti ih, onda \u0107e morati za to odgovarati\u201d, rekao je novinarima.<\/p>\n\n\n\n<p>Hrvatske stranke \u017eele mehanizam koji bi im omogu\u0107io da biraju vlastite predstavnike u predsjedni\u0161tvu i gornjem domu parlamenta, \u010demu se \u017eestoko protive vladaju\u0107e bo\u0161nja\u010dke stranke.<\/p>\n\n\n\n<p>Sada\u0161nji hrvatski predstavnik u predsjedni\u0161tvu \u017deljko Kom\u0161i\u0107, kojeg zapravo podr\u017eavaju Bo\u0161njaci, tako\u0111er kritizira tu ideju za koju ka\u017ee da bi bio \u201cizborni zakon utemeljen na aparthejdu\u201d. No za mnoge bosanskohercegova\u010dke Hrvate reforme su potrebne kako bi se sprije\u010dilo daljnje podjele ili mogu\u0107u secesiju u ve\u0107 duboko podijeljenoj zemlji.<\/p>\n\n\n\n<p>\u201cDa, svi bismo trebali imati jednaka prava\u201d, rekla je Sima Pehar, 78-godi\u0161nja hrvatska umirovljenica. \u201cZa\u0161to bi netko koga nisu izabrali Hrvati trebao predstavljati Hrvate? To nije logi\u010dno\u201d.<\/p>\n\n\n\n<p>No kriti\u010dari nedavnih poziva za reformama smatraju da bi to samo slu\u017eilo interesima politi\u010dke elite u, kako tvrde, disfunkcionalnoj zemlji koja stagnira i nakon \u0161to je rat zavr\u0161io. \u010cak i u miru, ka\u017eu, Mostarom su dugo vladali tvrdolinija\u0161i s obiju strana.<\/p>\n\n\n\n<p>\u201cNi\u0161ta se ne\u0107e promijeniti za gra\u0111ane BiH s mogu\u0107im reformama izbornih pravila\u201d, rekla je analiti\u010darka Ivana Mari\u0107 za N1 televiziju. \u201cTo je jo\u0161 samo jedna pri\u010da da se ljude zaokupi i da ne razmi\u0161ljaju o konkretnim stvarima\u201d.<\/p>\n\n\n\n<p>Mostar se i dalje di\u010di ljepotom svojeg poznatog mosta, koji su sagradili Osmanlije u 16. stolje\u0107u, a uni\u0161tile hrvatske snage 1993. godine. Most je obnovljen 2004. godine. No ljudi i dalje masovno bje\u017ee iz grada, \u0161to je nacionalni fenomen.<\/p>\n\n\n\n<p>\u201cSvi napu\u0161taju BiH, Hrvati, Bo\u0161njaci i Srbi\u201d, rekla je umirovljenica Pehar. \u201cGospodarstvo je katastrofa. Oni koji nama vladaju prijete ratom i ljudi bje\u017ee\u201d.<\/p>\n\n\n\n<p>U me\u0111uvremenu, pregovori o mogu\u0107im reformama koje podr\u017eava Zapad zapeli su, raspiruju\u0107i bojazni od bojkota, novih nemira i mogu\u0107eg poku\u0161aja raspu\u0161tanja Federacije BiH.<\/p>\n\n\n\n<p>\u201cUvjeren sam da \u0107e se kriza nastaviti ako se izborni zakon ne promijeni\u201d, rekao je analiti\u010dar Zoran Kre\u0161i\u0107. \u201cTo je lo\u0161e za cijelu BiH i njezinu euroatlantsku budu\u0107nost i odrazit \u0107e se na\u017ealost na ljude\u201d.<\/p>\n\n\n\n<p>\/Hina\/HMS\/<\/p>\n","protected":false},"excerpt":{"rendered":"<p>U duboko podijeljenoj Bosni i Hercegovini, bosanskohercegova\u010dki Hrvati ponovno pozivaju na promjene izbornog zakona i prijete mogu\u0107im bojkotom izbora u listopadu, pa mnogi strahuju da tu siroma\u0161nu balkansku zemlju o\u010dekuje novo razdoblje nestabilnosti, pi\u0161e France Presse. U Mostaru, koji se smatra hrvatskim sredi\u0161tem, zvonjava crkvenih zvona i islamski poziv na molitvu odjekuju iznad slikovitog kamenog [&hellip;]<\/p>\n","protected":false},"author":2,"featured_media":119815,"comment_status":"closed","ping_status":"closed","sticky":false,"template":"","format":"standard","meta":{"h5ap_radio_sources":[],"footnotes":""},"categories":[1],"tags":[],"class_list":["post-119814","post","type-post","status-publish","format-standard","has-post-thumbnail","hentry","category-bihiregija"],"yoast_head":"<!-- This site is optimized with the Yoast SEO plugin v27.5 - https:\/\/yoast.com\/product\/yoast-seo-wordpress\/ -->\n<title>Analiza agencije France Presse: Hrvati tra\u017ee promjene u BiH, uskra\u0107uje im se pravo da biraju svoje predstavnike - RADIO LJUBU\u0160KI<\/title>\n<meta name=\"robots\" content=\"index, follow, max-snippet:-1, max-image-preview:large, max-video-preview:-1\" \/>\n<link rel=\"canonical\" href=\"https:\/\/radioljubuski.ba\/index.php\/2022\/03\/10\/analiza-agencije-france-presse-hrvati-traze-promjene-u-bih-uskracuje-im-se-pravo-da-biraju-svoje-predstavnike\/\" \/>\n<meta property=\"og:locale\" content=\"hr_HR\" \/>\n<meta property=\"og:type\" content=\"article\" \/>\n<meta property=\"og:title\" content=\"Analiza agencije France Presse: Hrvati tra\u017ee promjene u BiH, uskra\u0107uje im se pravo da biraju svoje predstavnike - RADIO LJUBU\u0160KI\" \/>\n<meta property=\"og:description\" content=\"U duboko podijeljenoj Bosni i Hercegovini, bosanskohercegova\u010dki Hrvati ponovno pozivaju na promjene izbornog zakona i prijete mogu\u0107im bojkotom izbora u listopadu, pa mnogi strahuju da tu siroma\u0161nu balkansku zemlju o\u010dekuje novo razdoblje nestabilnosti, pi\u0161e France Presse. U Mostaru, koji se smatra hrvatskim sredi\u0161tem, zvonjava crkvenih zvona i islamski poziv na molitvu odjekuju iznad slikovitog kamenog [&hellip;]\" \/>\n<meta property=\"og:url\" content=\"https:\/\/radioljubuski.ba\/index.php\/2022\/03\/10\/analiza-agencije-france-presse-hrvati-traze-promjene-u-bih-uskracuje-im-se-pravo-da-biraju-svoje-predstavnike\/\" \/>\n<meta property=\"og:site_name\" content=\"RADIO LJUBU\u0160KI\" \/>\n<meta property=\"article:publisher\" content=\"https:\/\/www.facebook.com\/Radiio-Ljubuski-1490835324566332\" \/>\n<meta property=\"article:published_time\" content=\"2022-03-10T10:21:44+00:00\" \/>\n<meta property=\"article:modified_time\" content=\"2022-03-10T10:21:45+00:00\" \/>\n<meta property=\"og:image\" content=\"https:\/\/radioljubuski.ba\/wp-content\/uploads\/2022\/03\/izborni-zakon3.png\" \/>\n\t<meta property=\"og:image:width\" content=\"640\" \/>\n\t<meta property=\"og:image:height\" content=\"320\" \/>\n\t<meta property=\"og:image:type\" content=\"image\/png\" \/>\n<meta name=\"author\" content=\"Radio Ljubu\u0161ki\" \/>\n<meta name=\"twitter:card\" content=\"summary_large_image\" \/>\n<meta name=\"twitter:creator\" content=\"@radioljubuski\" \/>\n<meta name=\"twitter:site\" content=\"@radioljubuski\" \/>\n<meta name=\"twitter:label1\" content=\"Napisao\/la\" \/>\n\t<meta name=\"twitter:data1\" content=\"Radio Ljubu\u0161ki\" \/>\n\t<meta name=\"twitter:label2\" content=\"Procijenjeno vrijeme \u010ditanja\" \/>\n\t<meta name=\"twitter:data2\" content=\"3 minute\" \/>\n<script type=\"application\/ld+json\" class=\"yoast-schema-graph\">{\"@context\":\"https:\\\/\\\/schema.org\",\"@graph\":[{\"@type\":\"Article\",\"@id\":\"https:\\\/\\\/radioljubuski.ba\\\/index.php\\\/2022\\\/03\\\/10\\\/analiza-agencije-france-presse-hrvati-traze-promjene-u-bih-uskracuje-im-se-pravo-da-biraju-svoje-predstavnike\\\/#article\",\"isPartOf\":{\"@id\":\"https:\\\/\\\/radioljubuski.ba\\\/index.php\\\/2022\\\/03\\\/10\\\/analiza-agencije-france-presse-hrvati-traze-promjene-u-bih-uskracuje-im-se-pravo-da-biraju-svoje-predstavnike\\\/\"},\"author\":{\"name\":\"Radio Ljubu\u0161ki\",\"@id\":\"https:\\\/\\\/radioljubuski.ba\\\/#\\\/schema\\\/person\\\/19fc700381a780f69665d7956c469e3b\"},\"headline\":\"Analiza agencije France Presse: Hrvati tra\u017ee promjene u BiH, uskra\u0107uje im se pravo da biraju svoje predstavnike\",\"datePublished\":\"2022-03-10T10:21:44+00:00\",\"dateModified\":\"2022-03-10T10:21:45+00:00\",\"mainEntityOfPage\":{\"@id\":\"https:\\\/\\\/radioljubuski.ba\\\/index.php\\\/2022\\\/03\\\/10\\\/analiza-agencije-france-presse-hrvati-traze-promjene-u-bih-uskracuje-im-se-pravo-da-biraju-svoje-predstavnike\\\/\"},\"wordCount\":778,\"publisher\":{\"@id\":\"https:\\\/\\\/radioljubuski.ba\\\/#organization\"},\"image\":{\"@id\":\"https:\\\/\\\/radioljubuski.ba\\\/index.php\\\/2022\\\/03\\\/10\\\/analiza-agencije-france-presse-hrvati-traze-promjene-u-bih-uskracuje-im-se-pravo-da-biraju-svoje-predstavnike\\\/#primaryimage\"},\"thumbnailUrl\":\"https:\\\/\\\/radioljubuski.ba\\\/wp-content\\\/uploads\\\/2022\\\/03\\\/izborni-zakon3.png\",\"articleSection\":[\"BIH i regija\"],\"inLanguage\":\"hr\"},{\"@type\":\"WebPage\",\"@id\":\"https:\\\/\\\/radioljubuski.ba\\\/index.php\\\/2022\\\/03\\\/10\\\/analiza-agencije-france-presse-hrvati-traze-promjene-u-bih-uskracuje-im-se-pravo-da-biraju-svoje-predstavnike\\\/\",\"url\":\"https:\\\/\\\/radioljubuski.ba\\\/index.php\\\/2022\\\/03\\\/10\\\/analiza-agencije-france-presse-hrvati-traze-promjene-u-bih-uskracuje-im-se-pravo-da-biraju-svoje-predstavnike\\\/\",\"name\":\"Analiza agencije France Presse: Hrvati tra\u017ee promjene u BiH, uskra\u0107uje im se pravo da biraju svoje predstavnike - RADIO LJUBU\u0160KI\",\"isPartOf\":{\"@id\":\"https:\\\/\\\/radioljubuski.ba\\\/#website\"},\"primaryImageOfPage\":{\"@id\":\"https:\\\/\\\/radioljubuski.ba\\\/index.php\\\/2022\\\/03\\\/10\\\/analiza-agencije-france-presse-hrvati-traze-promjene-u-bih-uskracuje-im-se-pravo-da-biraju-svoje-predstavnike\\\/#primaryimage\"},\"image\":{\"@id\":\"https:\\\/\\\/radioljubuski.ba\\\/index.php\\\/2022\\\/03\\\/10\\\/analiza-agencije-france-presse-hrvati-traze-promjene-u-bih-uskracuje-im-se-pravo-da-biraju-svoje-predstavnike\\\/#primaryimage\"},\"thumbnailUrl\":\"https:\\\/\\\/radioljubuski.ba\\\/wp-content\\\/uploads\\\/2022\\\/03\\\/izborni-zakon3.png\",\"datePublished\":\"2022-03-10T10:21:44+00:00\",\"dateModified\":\"2022-03-10T10:21:45+00:00\",\"breadcrumb\":{\"@id\":\"https:\\\/\\\/radioljubuski.ba\\\/index.php\\\/2022\\\/03\\\/10\\\/analiza-agencije-france-presse-hrvati-traze-promjene-u-bih-uskracuje-im-se-pravo-da-biraju-svoje-predstavnike\\\/#breadcrumb\"},\"inLanguage\":\"hr\",\"potentialAction\":[{\"@type\":\"ReadAction\",\"target\":[\"https:\\\/\\\/radioljubuski.ba\\\/index.php\\\/2022\\\/03\\\/10\\\/analiza-agencije-france-presse-hrvati-traze-promjene-u-bih-uskracuje-im-se-pravo-da-biraju-svoje-predstavnike\\\/\"]}]},{\"@type\":\"ImageObject\",\"inLanguage\":\"hr\",\"@id\":\"https:\\\/\\\/radioljubuski.ba\\\/index.php\\\/2022\\\/03\\\/10\\\/analiza-agencije-france-presse-hrvati-traze-promjene-u-bih-uskracuje-im-se-pravo-da-biraju-svoje-predstavnike\\\/#primaryimage\",\"url\":\"https:\\\/\\\/radioljubuski.ba\\\/wp-content\\\/uploads\\\/2022\\\/03\\\/izborni-zakon3.png\",\"contentUrl\":\"https:\\\/\\\/radioljubuski.ba\\\/wp-content\\\/uploads\\\/2022\\\/03\\\/izborni-zakon3.png\",\"width\":640,\"height\":320},{\"@type\":\"BreadcrumbList\",\"@id\":\"https:\\\/\\\/radioljubuski.ba\\\/index.php\\\/2022\\\/03\\\/10\\\/analiza-agencije-france-presse-hrvati-traze-promjene-u-bih-uskracuje-im-se-pravo-da-biraju-svoje-predstavnike\\\/#breadcrumb\",\"itemListElement\":[{\"@type\":\"ListItem\",\"position\":1,\"name\":\"Po\u010detna stranica\",\"item\":\"https:\\\/\\\/radioljubuski.ba\\\/\"},{\"@type\":\"ListItem\",\"position\":2,\"name\":\"Analiza agencije France Presse: Hrvati tra\u017ee promjene u BiH, uskra\u0107uje im se pravo da biraju svoje predstavnike\"}]},{\"@type\":\"WebSite\",\"@id\":\"https:\\\/\\\/radioljubuski.ba\\\/#website\",\"url\":\"https:\\\/\\\/radioljubuski.ba\\\/\",\"name\":\"Radio Ljubu\u0161ki\",\"description\":\"Sun\u010dana frekvencija Hercegovine\",\"publisher\":{\"@id\":\"https:\\\/\\\/radioljubuski.ba\\\/#organization\"},\"potentialAction\":[{\"@type\":\"SearchAction\",\"target\":{\"@type\":\"EntryPoint\",\"urlTemplate\":\"https:\\\/\\\/radioljubuski.ba\\\/?s={search_term_string}\"},\"query-input\":{\"@type\":\"PropertyValueSpecification\",\"valueRequired\":true,\"valueName\":\"search_term_string\"}}],\"inLanguage\":\"hr\"},{\"@type\":\"Organization\",\"@id\":\"https:\\\/\\\/radioljubuski.ba\\\/#organization\",\"name\":\"Radio Ljubu\u0161ki\",\"url\":\"https:\\\/\\\/radioljubuski.ba\\\/\",\"logo\":{\"@type\":\"ImageObject\",\"inLanguage\":\"hr\",\"@id\":\"https:\\\/\\\/radioljubuski.ba\\\/#\\\/schema\\\/logo\\\/image\\\/\",\"url\":\"https:\\\/\\\/radioljubuski.ba\\\/wp-content\\\/uploads\\\/2021\\\/02\\\/cropped-Radio_Ljubuski_logo1.jpg\",\"contentUrl\":\"https:\\\/\\\/radioljubuski.ba\\\/wp-content\\\/uploads\\\/2021\\\/02\\\/cropped-Radio_Ljubuski_logo1.jpg\",\"width\":512,\"height\":512,\"caption\":\"Radio Ljubu\u0161ki\"},\"image\":{\"@id\":\"https:\\\/\\\/radioljubuski.ba\\\/#\\\/schema\\\/logo\\\/image\\\/\"},\"sameAs\":[\"https:\\\/\\\/www.facebook.com\\\/Radiio-Ljubuski-1490835324566332\",\"https:\\\/\\\/x.com\\\/radioljubuski\",\"https:\\\/\\\/hr.linkedin.com\\\/company\\\/radio-ljubuski\",\"https:\\\/\\\/www.youtube.com\\\/channel\\\/UCHYaeO_n0Db3tjNGudGpXyw\"]},{\"@type\":\"Person\",\"@id\":\"https:\\\/\\\/radioljubuski.ba\\\/#\\\/schema\\\/person\\\/19fc700381a780f69665d7956c469e3b\",\"name\":\"Radio Ljubu\u0161ki\"}]}<\/script>\n<!-- \/ Yoast SEO plugin. -->","yoast_head_json":{"title":"Analiza agencije France Presse: Hrvati tra\u017ee promjene u BiH, uskra\u0107uje im se pravo da biraju svoje predstavnike - RADIO LJUBU\u0160KI","robots":{"index":"index","follow":"follow","max-snippet":"max-snippet:-1","max-image-preview":"max-image-preview:large","max-video-preview":"max-video-preview:-1"},"canonical":"https:\/\/radioljubuski.ba\/index.php\/2022\/03\/10\/analiza-agencije-france-presse-hrvati-traze-promjene-u-bih-uskracuje-im-se-pravo-da-biraju-svoje-predstavnike\/","og_locale":"hr_HR","og_type":"article","og_title":"Analiza agencije France Presse: Hrvati tra\u017ee promjene u BiH, uskra\u0107uje im se pravo da biraju svoje predstavnike - RADIO LJUBU\u0160KI","og_description":"U duboko podijeljenoj Bosni i Hercegovini, bosanskohercegova\u010dki Hrvati ponovno pozivaju na promjene izbornog zakona i prijete mogu\u0107im bojkotom izbora u listopadu, pa mnogi strahuju da tu siroma\u0161nu balkansku zemlju o\u010dekuje novo razdoblje nestabilnosti, pi\u0161e France Presse. U Mostaru, koji se smatra hrvatskim sredi\u0161tem, zvonjava crkvenih zvona i islamski poziv na molitvu odjekuju iznad slikovitog kamenog [&hellip;]","og_url":"https:\/\/radioljubuski.ba\/index.php\/2022\/03\/10\/analiza-agencije-france-presse-hrvati-traze-promjene-u-bih-uskracuje-im-se-pravo-da-biraju-svoje-predstavnike\/","og_site_name":"RADIO LJUBU\u0160KI","article_publisher":"https:\/\/www.facebook.com\/Radiio-Ljubuski-1490835324566332","article_published_time":"2022-03-10T10:21:44+00:00","article_modified_time":"2022-03-10T10:21:45+00:00","og_image":[{"width":640,"height":320,"url":"https:\/\/radioljubuski.ba\/wp-content\/uploads\/2022\/03\/izborni-zakon3.png","type":"image\/png"}],"author":"Radio Ljubu\u0161ki","twitter_card":"summary_large_image","twitter_creator":"@radioljubuski","twitter_site":"@radioljubuski","twitter_misc":{"Napisao\/la":"Radio Ljubu\u0161ki","Procijenjeno vrijeme \u010ditanja":"3 minute"},"schema":{"@context":"https:\/\/schema.org","@graph":[{"@type":"Article","@id":"https:\/\/radioljubuski.ba\/index.php\/2022\/03\/10\/analiza-agencije-france-presse-hrvati-traze-promjene-u-bih-uskracuje-im-se-pravo-da-biraju-svoje-predstavnike\/#article","isPartOf":{"@id":"https:\/\/radioljubuski.ba\/index.php\/2022\/03\/10\/analiza-agencije-france-presse-hrvati-traze-promjene-u-bih-uskracuje-im-se-pravo-da-biraju-svoje-predstavnike\/"},"author":{"name":"Radio Ljubu\u0161ki","@id":"https:\/\/radioljubuski.ba\/#\/schema\/person\/19fc700381a780f69665d7956c469e3b"},"headline":"Analiza agencije France Presse: Hrvati tra\u017ee promjene u BiH, uskra\u0107uje im se pravo da biraju svoje predstavnike","datePublished":"2022-03-10T10:21:44+00:00","dateModified":"2022-03-10T10:21:45+00:00","mainEntityOfPage":{"@id":"https:\/\/radioljubuski.ba\/index.php\/2022\/03\/10\/analiza-agencije-france-presse-hrvati-traze-promjene-u-bih-uskracuje-im-se-pravo-da-biraju-svoje-predstavnike\/"},"wordCount":778,"publisher":{"@id":"https:\/\/radioljubuski.ba\/#organization"},"image":{"@id":"https:\/\/radioljubuski.ba\/index.php\/2022\/03\/10\/analiza-agencije-france-presse-hrvati-traze-promjene-u-bih-uskracuje-im-se-pravo-da-biraju-svoje-predstavnike\/#primaryimage"},"thumbnailUrl":"https:\/\/radioljubuski.ba\/wp-content\/uploads\/2022\/03\/izborni-zakon3.png","articleSection":["BIH i regija"],"inLanguage":"hr"},{"@type":"WebPage","@id":"https:\/\/radioljubuski.ba\/index.php\/2022\/03\/10\/analiza-agencije-france-presse-hrvati-traze-promjene-u-bih-uskracuje-im-se-pravo-da-biraju-svoje-predstavnike\/","url":"https:\/\/radioljubuski.ba\/index.php\/2022\/03\/10\/analiza-agencije-france-presse-hrvati-traze-promjene-u-bih-uskracuje-im-se-pravo-da-biraju-svoje-predstavnike\/","name":"Analiza agencije France Presse: Hrvati tra\u017ee promjene u BiH, uskra\u0107uje im se pravo da biraju svoje predstavnike - RADIO LJUBU\u0160KI","isPartOf":{"@id":"https:\/\/radioljubuski.ba\/#website"},"primaryImageOfPage":{"@id":"https:\/\/radioljubuski.ba\/index.php\/2022\/03\/10\/analiza-agencije-france-presse-hrvati-traze-promjene-u-bih-uskracuje-im-se-pravo-da-biraju-svoje-predstavnike\/#primaryimage"},"image":{"@id":"https:\/\/radioljubuski.ba\/index.php\/2022\/03\/10\/analiza-agencije-france-presse-hrvati-traze-promjene-u-bih-uskracuje-im-se-pravo-da-biraju-svoje-predstavnike\/#primaryimage"},"thumbnailUrl":"https:\/\/radioljubuski.ba\/wp-content\/uploads\/2022\/03\/izborni-zakon3.png","datePublished":"2022-03-10T10:21:44+00:00","dateModified":"2022-03-10T10:21:45+00:00","breadcrumb":{"@id":"https:\/\/radioljubuski.ba\/index.php\/2022\/03\/10\/analiza-agencije-france-presse-hrvati-traze-promjene-u-bih-uskracuje-im-se-pravo-da-biraju-svoje-predstavnike\/#breadcrumb"},"inLanguage":"hr","potentialAction":[{"@type":"ReadAction","target":["https:\/\/radioljubuski.ba\/index.php\/2022\/03\/10\/analiza-agencije-france-presse-hrvati-traze-promjene-u-bih-uskracuje-im-se-pravo-da-biraju-svoje-predstavnike\/"]}]},{"@type":"ImageObject","inLanguage":"hr","@id":"https:\/\/radioljubuski.ba\/index.php\/2022\/03\/10\/analiza-agencije-france-presse-hrvati-traze-promjene-u-bih-uskracuje-im-se-pravo-da-biraju-svoje-predstavnike\/#primaryimage","url":"https:\/\/radioljubuski.ba\/wp-content\/uploads\/2022\/03\/izborni-zakon3.png","contentUrl":"https:\/\/radioljubuski.ba\/wp-content\/uploads\/2022\/03\/izborni-zakon3.png","width":640,"height":320},{"@type":"BreadcrumbList","@id":"https:\/\/radioljubuski.ba\/index.php\/2022\/03\/10\/analiza-agencije-france-presse-hrvati-traze-promjene-u-bih-uskracuje-im-se-pravo-da-biraju-svoje-predstavnike\/#breadcrumb","itemListElement":[{"@type":"ListItem","position":1,"name":"Po\u010detna stranica","item":"https:\/\/radioljubuski.ba\/"},{"@type":"ListItem","position":2,"name":"Analiza agencije France Presse: Hrvati tra\u017ee promjene u BiH, uskra\u0107uje im se pravo da biraju svoje predstavnike"}]},{"@type":"WebSite","@id":"https:\/\/radioljubuski.ba\/#website","url":"https:\/\/radioljubuski.ba\/","name":"Radio Ljubu\u0161ki","description":"Sun\u010dana frekvencija Hercegovine","publisher":{"@id":"https:\/\/radioljubuski.ba\/#organization"},"potentialAction":[{"@type":"SearchAction","target":{"@type":"EntryPoint","urlTemplate":"https:\/\/radioljubuski.ba\/?s={search_term_string}"},"query-input":{"@type":"PropertyValueSpecification","valueRequired":true,"valueName":"search_term_string"}}],"inLanguage":"hr"},{"@type":"Organization","@id":"https:\/\/radioljubuski.ba\/#organization","name":"Radio Ljubu\u0161ki","url":"https:\/\/radioljubuski.ba\/","logo":{"@type":"ImageObject","inLanguage":"hr","@id":"https:\/\/radioljubuski.ba\/#\/schema\/logo\/image\/","url":"https:\/\/radioljubuski.ba\/wp-content\/uploads\/2021\/02\/cropped-Radio_Ljubuski_logo1.jpg","contentUrl":"https:\/\/radioljubuski.ba\/wp-content\/uploads\/2021\/02\/cropped-Radio_Ljubuski_logo1.jpg","width":512,"height":512,"caption":"Radio Ljubu\u0161ki"},"image":{"@id":"https:\/\/radioljubuski.ba\/#\/schema\/logo\/image\/"},"sameAs":["https:\/\/www.facebook.com\/Radiio-Ljubuski-1490835324566332","https:\/\/x.com\/radioljubuski","https:\/\/hr.linkedin.com\/company\/radio-ljubuski","https:\/\/www.youtube.com\/channel\/UCHYaeO_n0Db3tjNGudGpXyw"]},{"@type":"Person","@id":"https:\/\/radioljubuski.ba\/#\/schema\/person\/19fc700381a780f69665d7956c469e3b","name":"Radio Ljubu\u0161ki"}]}},"_links":{"self":[{"href":"https:\/\/radioljubuski.ba\/index.php\/wp-json\/wp\/v2\/posts\/119814","targetHints":{"allow":["GET"]}}],"collection":[{"href":"https:\/\/radioljubuski.ba\/index.php\/wp-json\/wp\/v2\/posts"}],"about":[{"href":"https:\/\/radioljubuski.ba\/index.php\/wp-json\/wp\/v2\/types\/post"}],"author":[{"embeddable":true,"href":"https:\/\/radioljubuski.ba\/index.php\/wp-json\/wp\/v2\/users\/2"}],"replies":[{"embeddable":true,"href":"https:\/\/radioljubuski.ba\/index.php\/wp-json\/wp\/v2\/comments?post=119814"}],"version-history":[{"count":1,"href":"https:\/\/radioljubuski.ba\/index.php\/wp-json\/wp\/v2\/posts\/119814\/revisions"}],"predecessor-version":[{"id":119816,"href":"https:\/\/radioljubuski.ba\/index.php\/wp-json\/wp\/v2\/posts\/119814\/revisions\/119816"}],"wp:featuredmedia":[{"embeddable":true,"href":"https:\/\/radioljubuski.ba\/index.php\/wp-json\/wp\/v2\/media\/119815"}],"wp:attachment":[{"href":"https:\/\/radioljubuski.ba\/index.php\/wp-json\/wp\/v2\/media?parent=119814"}],"wp:term":[{"taxonomy":"category","embeddable":true,"href":"https:\/\/radioljubuski.ba\/index.php\/wp-json\/wp\/v2\/categories?post=119814"},{"taxonomy":"post_tag","embeddable":true,"href":"https:\/\/radioljubuski.ba\/index.php\/wp-json\/wp\/v2\/tags?post=119814"}],"curies":[{"name":"wp","href":"https:\/\/api.w.org\/{rel}","templated":true}]}}