{"id":119828,"date":"2022-03-10T11:27:52","date_gmt":"2022-03-10T10:27:52","guid":{"rendered":"https:\/\/radioljubuski.ba\/?p=119828"},"modified":"2022-03-10T11:27:53","modified_gmt":"2022-03-10T10:27:53","slug":"sarajlic-kristo-i-zapovjednica-nato-stozera-razgovarali-o-obrani-i-sigurnosti-u-bih","status":"publish","type":"post","link":"https:\/\/radioljubuski.ba\/index.php\/2022\/03\/10\/sarajlic-kristo-i-zapovjednica-nato-stozera-razgovarali-o-obrani-i-sigurnosti-u-bih\/","title":{"rendered":"Sarajli\u0107, Kri\u0161to i zapovjednica NATO sto\u017eera razgovarali o obrani i sigurnosti u BiH"},"content":{"rendered":"\n<p>Predsjedatelj Zajedni\u010dkog povjerenstva za obranu i sigurnost BiH Asim Sarajli\u0107 i zamjenica predsjedatelja Zajedni\u010dkog povjerenstva Borjana Kri\u0161to danas su u nastupnu posjetu primili zapovjednicu NATO sto\u017eera u Sarajevu, brigadnu generalicu Pamelu MCGahu.<\/p>\n\n\n\n<p>Tijekom sastanka Sarajli\u0107 i Kri\u0161to upoznali su brigadnu generalicu s aktivnostima Zajedni\u010dkog povjerenstva za obranu i sigurnost BiH. Razgovarano je i o stanju u sektoru obrane i sigurnosti u Bosni i Hercegovini. Posebno se razgovaralo o potrebi usvajanja prora\u010duna za 2022. godinu jer je to, kako je ocijenjeno, od izuzetnog zna\u010daja za sektor obrane i sigurnosti.<\/p>\n\n\n\n<p>To bi, re\u010deno je, ubrzalo proces nabavki i stabilnog planiranja i financiranja. S tim u vezi, razgovarano je o potrebi pove\u0107anja pla\u0107a vojnika i policajaca s ciljem da educirani i profesionalni kadrovi ostanu u strukturama sektora obrane i sigurnosti. Sarajli\u0107 i Kri\u0161to naglasili su da je u ovom trenutku strate\u0161ko pitanje za Bosnu i Hercegovinu dijalog, me\u0111usobno uva\u017eavanje, sigurnost i mir.<\/p>\n\n\n\n<p>Istaknuli su da je podr\u0161ka Zajedni\u010dkog povjerenstva usvajanju prora\u010duna za 2022. godine u dijelu koji se odnosi na sektor obrane i sigurnosti neupitna kao osiguranje uvjeta za stabilnu politi\u010dku i sigurnosnu situaciju. Brigadna generalica McGaha je ovom prilikom sna\u017eno podr\u017eala napore \u010dlanova Zajedni\u010dkog povjerenstva da se usvoji prora\u010dun institucija BiH za 2022. godinu, te da se da podr\u0161ka Programu reformi Bosne i Hercegovine za 2022. godinu u mjeri u kojoj je to u sada\u0161njim okolnostima mogu\u0107e.<\/p>\n\n\n\n<p>Sarajli\u0107 i Kri\u0161to su podr\u017eali rad Povjerenstva za suradnju sa NATO Vije\u0107a ministara BiH, te su izrazili spremnost za nastavak suradnje s NATO sto\u017eerom u Sarajevu u duhu partnerstva i dugogodi\u0161nje dobre prakse me\u0111usobnog uva\u017eavanja i povjerenja, priop\u0107eno je iz PSBiH.<\/p>\n\n\n\n<p>Izvor:pogled.ba<\/p>\n","protected":false},"excerpt":{"rendered":"<p>Predsjedatelj Zajedni\u010dkog povjerenstva za obranu i sigurnost BiH Asim Sarajli\u0107 i zamjenica predsjedatelja Zajedni\u010dkog povjerenstva Borjana Kri\u0161to danas su u nastupnu posjetu primili zapovjednicu NATO sto\u017eera u Sarajevu, brigadnu generalicu Pamelu MCGahu. Tijekom sastanka Sarajli\u0107 i Kri\u0161to upoznali su brigadnu generalicu s aktivnostima Zajedni\u010dkog povjerenstva za obranu i sigurnost BiH. Razgovarano je i o stanju [&hellip;]<\/p>\n","protected":false},"author":2,"featured_media":119829,"comment_status":"closed","ping_status":"closed","sticky":false,"template":"","format":"standard","meta":{"h5ap_radio_sources":[],"footnotes":""},"categories":[1],"tags":[],"class_list":["post-119828","post","type-post","status-publish","format-standard","has-post-thumbnail","hentry","category-bihiregija"],"yoast_head":"<!-- This site is optimized with the Yoast SEO plugin v27.5 - https:\/\/yoast.com\/product\/yoast-seo-wordpress\/ -->\n<title>Sarajli\u0107, Kri\u0161to i zapovjednica NATO sto\u017eera razgovarali o obrani i sigurnosti u BiH - RADIO LJUBU\u0160KI<\/title>\n<meta name=\"robots\" content=\"index, follow, max-snippet:-1, max-image-preview:large, max-video-preview:-1\" \/>\n<link rel=\"canonical\" href=\"https:\/\/radioljubuski.ba\/index.php\/2022\/03\/10\/sarajlic-kristo-i-zapovjednica-nato-stozera-razgovarali-o-obrani-i-sigurnosti-u-bih\/\" \/>\n<meta property=\"og:locale\" content=\"hr_HR\" \/>\n<meta property=\"og:type\" content=\"article\" \/>\n<meta property=\"og:title\" content=\"Sarajli\u0107, Kri\u0161to i zapovjednica NATO sto\u017eera razgovarali o obrani i sigurnosti u BiH - RADIO LJUBU\u0160KI\" \/>\n<meta property=\"og:description\" content=\"Predsjedatelj Zajedni\u010dkog povjerenstva za obranu i sigurnost BiH Asim Sarajli\u0107 i zamjenica predsjedatelja Zajedni\u010dkog povjerenstva Borjana Kri\u0161to danas su u nastupnu posjetu primili zapovjednicu NATO sto\u017eera u Sarajevu, brigadnu generalicu Pamelu MCGahu. Tijekom sastanka Sarajli\u0107 i Kri\u0161to upoznali su brigadnu generalicu s aktivnostima Zajedni\u010dkog povjerenstva za obranu i sigurnost BiH. Razgovarano je i o stanju [&hellip;]\" \/>\n<meta property=\"og:url\" content=\"https:\/\/radioljubuski.ba\/index.php\/2022\/03\/10\/sarajlic-kristo-i-zapovjednica-nato-stozera-razgovarali-o-obrani-i-sigurnosti-u-bih\/\" \/>\n<meta property=\"og:site_name\" content=\"RADIO LJUBU\u0160KI\" \/>\n<meta property=\"article:publisher\" content=\"https:\/\/www.facebook.com\/Radiio-Ljubuski-1490835324566332\" \/>\n<meta property=\"article:published_time\" content=\"2022-03-10T10:27:52+00:00\" \/>\n<meta property=\"article:modified_time\" content=\"2022-03-10T10:27:53+00:00\" \/>\n<meta property=\"og:image\" content=\"https:\/\/radioljubuski.ba\/wp-content\/uploads\/2022\/03\/7-2022-03-09-18-39-02-nato-bih-sarajevo.jpg\" \/>\n\t<meta property=\"og:image:width\" content=\"1000\" \/>\n\t<meta property=\"og:image:height\" content=\"625\" \/>\n\t<meta property=\"og:image:type\" content=\"image\/jpeg\" \/>\n<meta name=\"author\" content=\"Radio Ljubu\u0161ki\" \/>\n<meta name=\"twitter:card\" content=\"summary_large_image\" \/>\n<meta name=\"twitter:creator\" content=\"@radioljubuski\" \/>\n<meta name=\"twitter:site\" content=\"@radioljubuski\" \/>\n<meta name=\"twitter:label1\" content=\"Napisao\/la\" \/>\n\t<meta name=\"twitter:data1\" content=\"Radio Ljubu\u0161ki\" \/>\n\t<meta name=\"twitter:label2\" content=\"Procijenjeno vrijeme \u010ditanja\" \/>\n\t<meta name=\"twitter:data2\" content=\"2 minute\" \/>\n<script type=\"application\/ld+json\" class=\"yoast-schema-graph\">{\"@context\":\"https:\\\/\\\/schema.org\",\"@graph\":[{\"@type\":\"Article\",\"@id\":\"https:\\\/\\\/radioljubuski.ba\\\/index.php\\\/2022\\\/03\\\/10\\\/sarajlic-kristo-i-zapovjednica-nato-stozera-razgovarali-o-obrani-i-sigurnosti-u-bih\\\/#article\",\"isPartOf\":{\"@id\":\"https:\\\/\\\/radioljubuski.ba\\\/index.php\\\/2022\\\/03\\\/10\\\/sarajlic-kristo-i-zapovjednica-nato-stozera-razgovarali-o-obrani-i-sigurnosti-u-bih\\\/\"},\"author\":{\"name\":\"Radio Ljubu\u0161ki\",\"@id\":\"https:\\\/\\\/radioljubuski.ba\\\/#\\\/schema\\\/person\\\/19fc700381a780f69665d7956c469e3b\"},\"headline\":\"Sarajli\u0107, Kri\u0161to i zapovjednica NATO sto\u017eera razgovarali o obrani i sigurnosti u BiH\",\"datePublished\":\"2022-03-10T10:27:52+00:00\",\"dateModified\":\"2022-03-10T10:27:53+00:00\",\"mainEntityOfPage\":{\"@id\":\"https:\\\/\\\/radioljubuski.ba\\\/index.php\\\/2022\\\/03\\\/10\\\/sarajlic-kristo-i-zapovjednica-nato-stozera-razgovarali-o-obrani-i-sigurnosti-u-bih\\\/\"},\"wordCount\":314,\"publisher\":{\"@id\":\"https:\\\/\\\/radioljubuski.ba\\\/#organization\"},\"image\":{\"@id\":\"https:\\\/\\\/radioljubuski.ba\\\/index.php\\\/2022\\\/03\\\/10\\\/sarajlic-kristo-i-zapovjednica-nato-stozera-razgovarali-o-obrani-i-sigurnosti-u-bih\\\/#primaryimage\"},\"thumbnailUrl\":\"https:\\\/\\\/radioljubuski.ba\\\/wp-content\\\/uploads\\\/2022\\\/03\\\/7-2022-03-09-18-39-02-nato-bih-sarajevo.jpg\",\"articleSection\":[\"BIH i regija\"],\"inLanguage\":\"hr\"},{\"@type\":\"WebPage\",\"@id\":\"https:\\\/\\\/radioljubuski.ba\\\/index.php\\\/2022\\\/03\\\/10\\\/sarajlic-kristo-i-zapovjednica-nato-stozera-razgovarali-o-obrani-i-sigurnosti-u-bih\\\/\",\"url\":\"https:\\\/\\\/radioljubuski.ba\\\/index.php\\\/2022\\\/03\\\/10\\\/sarajlic-kristo-i-zapovjednica-nato-stozera-razgovarali-o-obrani-i-sigurnosti-u-bih\\\/\",\"name\":\"Sarajli\u0107, Kri\u0161to i zapovjednica NATO sto\u017eera razgovarali o obrani i sigurnosti u BiH - RADIO LJUBU\u0160KI\",\"isPartOf\":{\"@id\":\"https:\\\/\\\/radioljubuski.ba\\\/#website\"},\"primaryImageOfPage\":{\"@id\":\"https:\\\/\\\/radioljubuski.ba\\\/index.php\\\/2022\\\/03\\\/10\\\/sarajlic-kristo-i-zapovjednica-nato-stozera-razgovarali-o-obrani-i-sigurnosti-u-bih\\\/#primaryimage\"},\"image\":{\"@id\":\"https:\\\/\\\/radioljubuski.ba\\\/index.php\\\/2022\\\/03\\\/10\\\/sarajlic-kristo-i-zapovjednica-nato-stozera-razgovarali-o-obrani-i-sigurnosti-u-bih\\\/#primaryimage\"},\"thumbnailUrl\":\"https:\\\/\\\/radioljubuski.ba\\\/wp-content\\\/uploads\\\/2022\\\/03\\\/7-2022-03-09-18-39-02-nato-bih-sarajevo.jpg\",\"datePublished\":\"2022-03-10T10:27:52+00:00\",\"dateModified\":\"2022-03-10T10:27:53+00:00\",\"breadcrumb\":{\"@id\":\"https:\\\/\\\/radioljubuski.ba\\\/index.php\\\/2022\\\/03\\\/10\\\/sarajlic-kristo-i-zapovjednica-nato-stozera-razgovarali-o-obrani-i-sigurnosti-u-bih\\\/#breadcrumb\"},\"inLanguage\":\"hr\",\"potentialAction\":[{\"@type\":\"ReadAction\",\"target\":[\"https:\\\/\\\/radioljubuski.ba\\\/index.php\\\/2022\\\/03\\\/10\\\/sarajlic-kristo-i-zapovjednica-nato-stozera-razgovarali-o-obrani-i-sigurnosti-u-bih\\\/\"]}]},{\"@type\":\"ImageObject\",\"inLanguage\":\"hr\",\"@id\":\"https:\\\/\\\/radioljubuski.ba\\\/index.php\\\/2022\\\/03\\\/10\\\/sarajlic-kristo-i-zapovjednica-nato-stozera-razgovarali-o-obrani-i-sigurnosti-u-bih\\\/#primaryimage\",\"url\":\"https:\\\/\\\/radioljubuski.ba\\\/wp-content\\\/uploads\\\/2022\\\/03\\\/7-2022-03-09-18-39-02-nato-bih-sarajevo.jpg\",\"contentUrl\":\"https:\\\/\\\/radioljubuski.ba\\\/wp-content\\\/uploads\\\/2022\\\/03\\\/7-2022-03-09-18-39-02-nato-bih-sarajevo.jpg\",\"width\":1000,\"height\":625},{\"@type\":\"BreadcrumbList\",\"@id\":\"https:\\\/\\\/radioljubuski.ba\\\/index.php\\\/2022\\\/03\\\/10\\\/sarajlic-kristo-i-zapovjednica-nato-stozera-razgovarali-o-obrani-i-sigurnosti-u-bih\\\/#breadcrumb\",\"itemListElement\":[{\"@type\":\"ListItem\",\"position\":1,\"name\":\"Po\u010detna stranica\",\"item\":\"https:\\\/\\\/radioljubuski.ba\\\/\"},{\"@type\":\"ListItem\",\"position\":2,\"name\":\"Sarajli\u0107, Kri\u0161to i zapovjednica NATO sto\u017eera razgovarali o obrani i sigurnosti u BiH\"}]},{\"@type\":\"WebSite\",\"@id\":\"https:\\\/\\\/radioljubuski.ba\\\/#website\",\"url\":\"https:\\\/\\\/radioljubuski.ba\\\/\",\"name\":\"Radio Ljubu\u0161ki\",\"description\":\"Sun\u010dana frekvencija Hercegovine\",\"publisher\":{\"@id\":\"https:\\\/\\\/radioljubuski.ba\\\/#organization\"},\"potentialAction\":[{\"@type\":\"SearchAction\",\"target\":{\"@type\":\"EntryPoint\",\"urlTemplate\":\"https:\\\/\\\/radioljubuski.ba\\\/?s={search_term_string}\"},\"query-input\":{\"@type\":\"PropertyValueSpecification\",\"valueRequired\":true,\"valueName\":\"search_term_string\"}}],\"inLanguage\":\"hr\"},{\"@type\":\"Organization\",\"@id\":\"https:\\\/\\\/radioljubuski.ba\\\/#organization\",\"name\":\"Radio Ljubu\u0161ki\",\"url\":\"https:\\\/\\\/radioljubuski.ba\\\/\",\"logo\":{\"@type\":\"ImageObject\",\"inLanguage\":\"hr\",\"@id\":\"https:\\\/\\\/radioljubuski.ba\\\/#\\\/schema\\\/logo\\\/image\\\/\",\"url\":\"https:\\\/\\\/radioljubuski.ba\\\/wp-content\\\/uploads\\\/2021\\\/02\\\/cropped-Radio_Ljubuski_logo1.jpg\",\"contentUrl\":\"https:\\\/\\\/radioljubuski.ba\\\/wp-content\\\/uploads\\\/2021\\\/02\\\/cropped-Radio_Ljubuski_logo1.jpg\",\"width\":512,\"height\":512,\"caption\":\"Radio Ljubu\u0161ki\"},\"image\":{\"@id\":\"https:\\\/\\\/radioljubuski.ba\\\/#\\\/schema\\\/logo\\\/image\\\/\"},\"sameAs\":[\"https:\\\/\\\/www.facebook.com\\\/Radiio-Ljubuski-1490835324566332\",\"https:\\\/\\\/x.com\\\/radioljubuski\",\"https:\\\/\\\/hr.linkedin.com\\\/company\\\/radio-ljubuski\",\"https:\\\/\\\/www.youtube.com\\\/channel\\\/UCHYaeO_n0Db3tjNGudGpXyw\"]},{\"@type\":\"Person\",\"@id\":\"https:\\\/\\\/radioljubuski.ba\\\/#\\\/schema\\\/person\\\/19fc700381a780f69665d7956c469e3b\",\"name\":\"Radio Ljubu\u0161ki\"}]}<\/script>\n<!-- \/ Yoast SEO plugin. -->","yoast_head_json":{"title":"Sarajli\u0107, Kri\u0161to i zapovjednica NATO sto\u017eera razgovarali o obrani i sigurnosti u BiH - RADIO LJUBU\u0160KI","robots":{"index":"index","follow":"follow","max-snippet":"max-snippet:-1","max-image-preview":"max-image-preview:large","max-video-preview":"max-video-preview:-1"},"canonical":"https:\/\/radioljubuski.ba\/index.php\/2022\/03\/10\/sarajlic-kristo-i-zapovjednica-nato-stozera-razgovarali-o-obrani-i-sigurnosti-u-bih\/","og_locale":"hr_HR","og_type":"article","og_title":"Sarajli\u0107, Kri\u0161to i zapovjednica NATO sto\u017eera razgovarali o obrani i sigurnosti u BiH - RADIO LJUBU\u0160KI","og_description":"Predsjedatelj Zajedni\u010dkog povjerenstva za obranu i sigurnost BiH Asim Sarajli\u0107 i zamjenica predsjedatelja Zajedni\u010dkog povjerenstva Borjana Kri\u0161to danas su u nastupnu posjetu primili zapovjednicu NATO sto\u017eera u Sarajevu, brigadnu generalicu Pamelu MCGahu. Tijekom sastanka Sarajli\u0107 i Kri\u0161to upoznali su brigadnu generalicu s aktivnostima Zajedni\u010dkog povjerenstva za obranu i sigurnost BiH. Razgovarano je i o stanju [&hellip;]","og_url":"https:\/\/radioljubuski.ba\/index.php\/2022\/03\/10\/sarajlic-kristo-i-zapovjednica-nato-stozera-razgovarali-o-obrani-i-sigurnosti-u-bih\/","og_site_name":"RADIO LJUBU\u0160KI","article_publisher":"https:\/\/www.facebook.com\/Radiio-Ljubuski-1490835324566332","article_published_time":"2022-03-10T10:27:52+00:00","article_modified_time":"2022-03-10T10:27:53+00:00","og_image":[{"width":1000,"height":625,"url":"https:\/\/radioljubuski.ba\/wp-content\/uploads\/2022\/03\/7-2022-03-09-18-39-02-nato-bih-sarajevo.jpg","type":"image\/jpeg"}],"author":"Radio Ljubu\u0161ki","twitter_card":"summary_large_image","twitter_creator":"@radioljubuski","twitter_site":"@radioljubuski","twitter_misc":{"Napisao\/la":"Radio Ljubu\u0161ki","Procijenjeno vrijeme \u010ditanja":"2 minute"},"schema":{"@context":"https:\/\/schema.org","@graph":[{"@type":"Article","@id":"https:\/\/radioljubuski.ba\/index.php\/2022\/03\/10\/sarajlic-kristo-i-zapovjednica-nato-stozera-razgovarali-o-obrani-i-sigurnosti-u-bih\/#article","isPartOf":{"@id":"https:\/\/radioljubuski.ba\/index.php\/2022\/03\/10\/sarajlic-kristo-i-zapovjednica-nato-stozera-razgovarali-o-obrani-i-sigurnosti-u-bih\/"},"author":{"name":"Radio Ljubu\u0161ki","@id":"https:\/\/radioljubuski.ba\/#\/schema\/person\/19fc700381a780f69665d7956c469e3b"},"headline":"Sarajli\u0107, Kri\u0161to i zapovjednica NATO sto\u017eera razgovarali o obrani i sigurnosti u BiH","datePublished":"2022-03-10T10:27:52+00:00","dateModified":"2022-03-10T10:27:53+00:00","mainEntityOfPage":{"@id":"https:\/\/radioljubuski.ba\/index.php\/2022\/03\/10\/sarajlic-kristo-i-zapovjednica-nato-stozera-razgovarali-o-obrani-i-sigurnosti-u-bih\/"},"wordCount":314,"publisher":{"@id":"https:\/\/radioljubuski.ba\/#organization"},"image":{"@id":"https:\/\/radioljubuski.ba\/index.php\/2022\/03\/10\/sarajlic-kristo-i-zapovjednica-nato-stozera-razgovarali-o-obrani-i-sigurnosti-u-bih\/#primaryimage"},"thumbnailUrl":"https:\/\/radioljubuski.ba\/wp-content\/uploads\/2022\/03\/7-2022-03-09-18-39-02-nato-bih-sarajevo.jpg","articleSection":["BIH i regija"],"inLanguage":"hr"},{"@type":"WebPage","@id":"https:\/\/radioljubuski.ba\/index.php\/2022\/03\/10\/sarajlic-kristo-i-zapovjednica-nato-stozera-razgovarali-o-obrani-i-sigurnosti-u-bih\/","url":"https:\/\/radioljubuski.ba\/index.php\/2022\/03\/10\/sarajlic-kristo-i-zapovjednica-nato-stozera-razgovarali-o-obrani-i-sigurnosti-u-bih\/","name":"Sarajli\u0107, Kri\u0161to i zapovjednica NATO sto\u017eera razgovarali o obrani i sigurnosti u BiH - RADIO LJUBU\u0160KI","isPartOf":{"@id":"https:\/\/radioljubuski.ba\/#website"},"primaryImageOfPage":{"@id":"https:\/\/radioljubuski.ba\/index.php\/2022\/03\/10\/sarajlic-kristo-i-zapovjednica-nato-stozera-razgovarali-o-obrani-i-sigurnosti-u-bih\/#primaryimage"},"image":{"@id":"https:\/\/radioljubuski.ba\/index.php\/2022\/03\/10\/sarajlic-kristo-i-zapovjednica-nato-stozera-razgovarali-o-obrani-i-sigurnosti-u-bih\/#primaryimage"},"thumbnailUrl":"https:\/\/radioljubuski.ba\/wp-content\/uploads\/2022\/03\/7-2022-03-09-18-39-02-nato-bih-sarajevo.jpg","datePublished":"2022-03-10T10:27:52+00:00","dateModified":"2022-03-10T10:27:53+00:00","breadcrumb":{"@id":"https:\/\/radioljubuski.ba\/index.php\/2022\/03\/10\/sarajlic-kristo-i-zapovjednica-nato-stozera-razgovarali-o-obrani-i-sigurnosti-u-bih\/#breadcrumb"},"inLanguage":"hr","potentialAction":[{"@type":"ReadAction","target":["https:\/\/radioljubuski.ba\/index.php\/2022\/03\/10\/sarajlic-kristo-i-zapovjednica-nato-stozera-razgovarali-o-obrani-i-sigurnosti-u-bih\/"]}]},{"@type":"ImageObject","inLanguage":"hr","@id":"https:\/\/radioljubuski.ba\/index.php\/2022\/03\/10\/sarajlic-kristo-i-zapovjednica-nato-stozera-razgovarali-o-obrani-i-sigurnosti-u-bih\/#primaryimage","url":"https:\/\/radioljubuski.ba\/wp-content\/uploads\/2022\/03\/7-2022-03-09-18-39-02-nato-bih-sarajevo.jpg","contentUrl":"https:\/\/radioljubuski.ba\/wp-content\/uploads\/2022\/03\/7-2022-03-09-18-39-02-nato-bih-sarajevo.jpg","width":1000,"height":625},{"@type":"BreadcrumbList","@id":"https:\/\/radioljubuski.ba\/index.php\/2022\/03\/10\/sarajlic-kristo-i-zapovjednica-nato-stozera-razgovarali-o-obrani-i-sigurnosti-u-bih\/#breadcrumb","itemListElement":[{"@type":"ListItem","position":1,"name":"Po\u010detna stranica","item":"https:\/\/radioljubuski.ba\/"},{"@type":"ListItem","position":2,"name":"Sarajli\u0107, Kri\u0161to i zapovjednica NATO sto\u017eera razgovarali o obrani i sigurnosti u BiH"}]},{"@type":"WebSite","@id":"https:\/\/radioljubuski.ba\/#website","url":"https:\/\/radioljubuski.ba\/","name":"Radio Ljubu\u0161ki","description":"Sun\u010dana frekvencija Hercegovine","publisher":{"@id":"https:\/\/radioljubuski.ba\/#organization"},"potentialAction":[{"@type":"SearchAction","target":{"@type":"EntryPoint","urlTemplate":"https:\/\/radioljubuski.ba\/?s={search_term_string}"},"query-input":{"@type":"PropertyValueSpecification","valueRequired":true,"valueName":"search_term_string"}}],"inLanguage":"hr"},{"@type":"Organization","@id":"https:\/\/radioljubuski.ba\/#organization","name":"Radio Ljubu\u0161ki","url":"https:\/\/radioljubuski.ba\/","logo":{"@type":"ImageObject","inLanguage":"hr","@id":"https:\/\/radioljubuski.ba\/#\/schema\/logo\/image\/","url":"https:\/\/radioljubuski.ba\/wp-content\/uploads\/2021\/02\/cropped-Radio_Ljubuski_logo1.jpg","contentUrl":"https:\/\/radioljubuski.ba\/wp-content\/uploads\/2021\/02\/cropped-Radio_Ljubuski_logo1.jpg","width":512,"height":512,"caption":"Radio Ljubu\u0161ki"},"image":{"@id":"https:\/\/radioljubuski.ba\/#\/schema\/logo\/image\/"},"sameAs":["https:\/\/www.facebook.com\/Radiio-Ljubuski-1490835324566332","https:\/\/x.com\/radioljubuski","https:\/\/hr.linkedin.com\/company\/radio-ljubuski","https:\/\/www.youtube.com\/channel\/UCHYaeO_n0Db3tjNGudGpXyw"]},{"@type":"Person","@id":"https:\/\/radioljubuski.ba\/#\/schema\/person\/19fc700381a780f69665d7956c469e3b","name":"Radio Ljubu\u0161ki"}]}},"_links":{"self":[{"href":"https:\/\/radioljubuski.ba\/index.php\/wp-json\/wp\/v2\/posts\/119828","targetHints":{"allow":["GET"]}}],"collection":[{"href":"https:\/\/radioljubuski.ba\/index.php\/wp-json\/wp\/v2\/posts"}],"about":[{"href":"https:\/\/radioljubuski.ba\/index.php\/wp-json\/wp\/v2\/types\/post"}],"author":[{"embeddable":true,"href":"https:\/\/radioljubuski.ba\/index.php\/wp-json\/wp\/v2\/users\/2"}],"replies":[{"embeddable":true,"href":"https:\/\/radioljubuski.ba\/index.php\/wp-json\/wp\/v2\/comments?post=119828"}],"version-history":[{"count":1,"href":"https:\/\/radioljubuski.ba\/index.php\/wp-json\/wp\/v2\/posts\/119828\/revisions"}],"predecessor-version":[{"id":119830,"href":"https:\/\/radioljubuski.ba\/index.php\/wp-json\/wp\/v2\/posts\/119828\/revisions\/119830"}],"wp:featuredmedia":[{"embeddable":true,"href":"https:\/\/radioljubuski.ba\/index.php\/wp-json\/wp\/v2\/media\/119829"}],"wp:attachment":[{"href":"https:\/\/radioljubuski.ba\/index.php\/wp-json\/wp\/v2\/media?parent=119828"}],"wp:term":[{"taxonomy":"category","embeddable":true,"href":"https:\/\/radioljubuski.ba\/index.php\/wp-json\/wp\/v2\/categories?post=119828"},{"taxonomy":"post_tag","embeddable":true,"href":"https:\/\/radioljubuski.ba\/index.php\/wp-json\/wp\/v2\/tags?post=119828"}],"curies":[{"name":"wp","href":"https:\/\/api.w.org\/{rel}","templated":true}]}}