{"id":119846,"date":"2022-03-10T11:34:57","date_gmt":"2022-03-10T10:34:57","guid":{"rendered":"https:\/\/radioljubuski.ba\/?p=119846"},"modified":"2022-03-10T11:34:58","modified_gmt":"2022-03-10T10:34:58","slug":"tonci-tadic-nadam-se-da-rusi-znaju-sto-znaci-nestanak-struje-u-cernobilu","status":"publish","type":"post","link":"https:\/\/radioljubuski.ba\/index.php\/2022\/03\/10\/tonci-tadic-nadam-se-da-rusi-znaju-sto-znaci-nestanak-struje-u-cernobilu\/","title":{"rendered":"Ton\u010di Tadi\u0107: Nadam se da Rusi znaju \u0161to zna\u010di nestanak struje u \u010cernobilu"},"content":{"rendered":"\n<p>Ukrajina je priop\u0107ila da postoji opasnost od curenja radijacije u nuklearnoj elektrani u \u010cernobilu nakon \u0161to je elektrani isklju\u010dena elektri\u010dna energija, ali UN-ova agencija za atomsku energiju nije ustanovila &#8220;presudan utjecaj na sigurnost&#8221;.<\/p>\n\n\n\n<p>Ukrajinska dr\u017eavna nuklearna kompanija Energoatom priop\u0107ila je kako je visokonaponski dalekovod o\u0161te\u0107en tijekom borbi izme\u0111u ukrajinskih i ruskih snaga koje kontroliraju uga\u0161enu elektranu te da je \u010cernobil odsje\u010den od nacionalne elektroenergetske mre\u017ee.<\/p>\n\n\n\n<p>Energoatom navodi da bi se u kona\u010dnici mogle osloboditi &#8220;radioaktivne supstance&#8221; koje bi bile prijetnja drugim dijelovima Ukrajine i Europe, ako ne bude struje za hla\u0111enje istro\u0161enog nuklearnog goriva pohranjenog u elektrani koja je pretrpjela najgoru nuklearnu nesre\u0107u na svijetu 1986. godine.<\/p>\n\n\n\n<p>Ministar vanjskih poslova Dmytro Kuleba rekao je da bi rezervni dizel-generatori mogli odr\u017eavati elektranu samo 48 sati.<\/p>\n\n\n\n<p>&#8220;Nakon toga \u0107e se zaustaviti rashladni sustavi skladi\u0161ta istro\u0161enog nuklearnog goriva zbog \u010dega \u0107e curenje radijacije biti neizbje\u017eno&#8221;, napisao je na Twitteru.<\/p>\n\n\n\n<p>Ton\u010di Tadi\u0107 objasio \u0161to bi zna\u010dio nestanak struje u \u010cernobilu<\/p>\n\n\n\n<p>Ton\u010di Tadi\u0107, atomski fizi\u010dar i vi\u0161i znanstveni suradnik s Instituta Ru\u0111er Bo\u0161kovi\u0107, komentirao je za Dnevnik Nove TV koliko elektrana mo\u017ee izdr\u017eati bez struje.<\/p>\n\n\n\n<p>&#8220;Elektrana u \u010cernobilu sastoji se od \u010detiri reaktora &#8211; jedan je &#8216;onaj&#8217;, koji je eksplodirao. On je sada pod planinom betona. Ostala tri reaktora radila su do 2000., a 2001. godine je iz njih izvu\u010deno svo nuklearno gorivo. Sada nije niti jedan aktivan.<\/p>\n\n\n\n<p>Nestanak struje zna\u010di nestanak napajanja za detektore zra\u010denja unutar sarkofaga i oko njega &#8211; i to je problem&#8221;, rekao je.<\/p>\n\n\n\n<p>&#8220;Drugi problem je \u0161to je kilometar od toga mokri bazen sa istro\u0161enim gorivom iz ostala tri reaktora, koji se hladi pumpama koje rade na struju. Trenutno te pumpe dobivaju pogon iz dizel agregata kojeg su, ako se ne varam, proizvodili ba\u0161 u Hrvatskoj, naveo je.<\/p>\n\n\n\n<p>&#8220;Na ruskim okupacijskim snagama je da osiguraju napajanje za pumpe i senzore zra\u010denja ili osiguraju dizel za generatore. Ako ne bude struje, u idu\u0107ih 48 sati \u0107e stvar funkcionirati, a tada \u0107e se bazen isu\u0161ivati i mo\u017ee do\u0107i do emisije radioaktivnih \u010destica. Nadamo se da ruska strana zna \u0161to to zna\u010di. Ne bih htio raditi nikakvu paniku oko toga&#8221;, rekao je.<\/p>\n\n\n\n<p>Objasnio je da to zna\u010di da \u0107e radioaktivnost biti povi\u0161ena u tom podru\u010dju. &#8220;To nije po\u017ear nuklearke kao \u0161to je onaj bio. To je krug oko same elektrane, unutar prostora, ne 10 kilometara dalje&#8221;, dodao je.<\/p>\n\n\n\n<p>Nema opasnosti za Hrvatsku<\/p>\n\n\n\n<p>Naveo je da se nada da Rusi znaju da bi prvenstveno njihovi vojnici bili u opasnosti, koji su sada tamo, ali i ukrajinski zaposlenici.<\/p>\n\n\n\n<p>&#8220;Ono \u0161to je zabrinjavaju\u0107e jest \u0161to ukrajinski zaposlenici koji su ostali tamo, pod ruskim pu\u0161kama, nisu dobili zamjenu&#8221;, navodi.<\/p>\n\n\n\n<p>Odgovorio je i na pitanje koliko bi Hrvatska bila u opasnosti da po\u010dne curenje iz nuklearke.<\/p>\n\n\n\n<p>&#8220;Nikako. To s nama nema nikakve veze. Sve \u0107e biti locirano u krugu nuklearke&#8221;, dodao je.<\/p>\n\n\n\n<p>I Hrvatska u susjedstvu ima dvije nuklearke u Sloveniji i Ma\u0111arskoj -Kr\u0161ko i Pak\u0161.<\/p>\n\n\n\n<p>&#8220;Obje elektrane su testirane i provjerene. Nema razloga za brigu&#8221;, ka\u017ee.<\/p>\n\n\n\n<p>Izvor:index.hr<\/p>\n","protected":false},"excerpt":{"rendered":"<p>Ukrajina je priop\u0107ila da postoji opasnost od curenja radijacije u nuklearnoj elektrani u \u010cernobilu nakon \u0161to je elektrani isklju\u010dena elektri\u010dna energija, ali UN-ova agencija za atomsku energiju nije ustanovila &#8220;presudan utjecaj na sigurnost&#8221;. Ukrajinska dr\u017eavna nuklearna kompanija Energoatom priop\u0107ila je kako je visokonaponski dalekovod o\u0161te\u0107en tijekom borbi izme\u0111u ukrajinskih i ruskih snaga koje kontroliraju uga\u0161enu [&hellip;]<\/p>\n","protected":false},"author":2,"featured_media":119010,"comment_status":"closed","ping_status":"closed","sticky":false,"template":"","format":"standard","meta":{"h5ap_radio_sources":[],"footnotes":""},"categories":[1],"tags":[],"class_list":["post-119846","post","type-post","status-publish","format-standard","has-post-thumbnail","hentry","category-bihiregija"],"yoast_head":"<!-- This site is optimized with the Yoast SEO plugin v27.5 - https:\/\/yoast.com\/product\/yoast-seo-wordpress\/ -->\n<title>Ton\u010di Tadi\u0107: Nadam se da Rusi znaju \u0161to zna\u010di nestanak struje u \u010cernobilu - RADIO LJUBU\u0160KI<\/title>\n<meta name=\"robots\" content=\"index, follow, max-snippet:-1, max-image-preview:large, max-video-preview:-1\" \/>\n<link rel=\"canonical\" href=\"https:\/\/radioljubuski.ba\/index.php\/2022\/03\/10\/tonci-tadic-nadam-se-da-rusi-znaju-sto-znaci-nestanak-struje-u-cernobilu\/\" \/>\n<meta property=\"og:locale\" content=\"hr_HR\" \/>\n<meta property=\"og:type\" content=\"article\" \/>\n<meta property=\"og:title\" content=\"Ton\u010di Tadi\u0107: Nadam se da Rusi znaju \u0161to zna\u010di nestanak struje u \u010cernobilu - RADIO LJUBU\u0160KI\" \/>\n<meta property=\"og:description\" content=\"Ukrajina je priop\u0107ila da postoji opasnost od curenja radijacije u nuklearnoj elektrani u \u010cernobilu nakon \u0161to je elektrani isklju\u010dena elektri\u010dna energija, ali UN-ova agencija za atomsku energiju nije ustanovila &#8220;presudan utjecaj na sigurnost&#8221;. Ukrajinska dr\u017eavna nuklearna kompanija Energoatom priop\u0107ila je kako je visokonaponski dalekovod o\u0161te\u0107en tijekom borbi izme\u0111u ukrajinskih i ruskih snaga koje kontroliraju uga\u0161enu [&hellip;]\" \/>\n<meta property=\"og:url\" content=\"https:\/\/radioljubuski.ba\/index.php\/2022\/03\/10\/tonci-tadic-nadam-se-da-rusi-znaju-sto-znaci-nestanak-struje-u-cernobilu\/\" \/>\n<meta property=\"og:site_name\" content=\"RADIO LJUBU\u0160KI\" \/>\n<meta property=\"article:publisher\" content=\"https:\/\/www.facebook.com\/Radiio-Ljubuski-1490835324566332\" \/>\n<meta property=\"article:published_time\" content=\"2022-03-10T10:34:57+00:00\" \/>\n<meta property=\"article:modified_time\" content=\"2022-03-10T10:34:58+00:00\" \/>\n<meta property=\"og:image\" content=\"https:\/\/radioljubuski.ba\/wp-content\/uploads\/2022\/03\/8-2022-03-07-13-33-28-TADIC-TONCI.jpg\" \/>\n\t<meta property=\"og:image:width\" content=\"1000\" \/>\n\t<meta property=\"og:image:height\" content=\"625\" \/>\n\t<meta property=\"og:image:type\" content=\"image\/jpeg\" \/>\n<meta name=\"author\" content=\"Radio Ljubu\u0161ki\" \/>\n<meta name=\"twitter:card\" content=\"summary_large_image\" \/>\n<meta name=\"twitter:creator\" content=\"@radioljubuski\" \/>\n<meta name=\"twitter:site\" content=\"@radioljubuski\" \/>\n<meta name=\"twitter:label1\" content=\"Napisao\/la\" \/>\n\t<meta name=\"twitter:data1\" content=\"Radio Ljubu\u0161ki\" \/>\n\t<meta name=\"twitter:label2\" content=\"Procijenjeno vrijeme \u010ditanja\" \/>\n\t<meta name=\"twitter:data2\" content=\"3 minute\" \/>\n<script type=\"application\/ld+json\" class=\"yoast-schema-graph\">{\"@context\":\"https:\\\/\\\/schema.org\",\"@graph\":[{\"@type\":\"Article\",\"@id\":\"https:\\\/\\\/radioljubuski.ba\\\/index.php\\\/2022\\\/03\\\/10\\\/tonci-tadic-nadam-se-da-rusi-znaju-sto-znaci-nestanak-struje-u-cernobilu\\\/#article\",\"isPartOf\":{\"@id\":\"https:\\\/\\\/radioljubuski.ba\\\/index.php\\\/2022\\\/03\\\/10\\\/tonci-tadic-nadam-se-da-rusi-znaju-sto-znaci-nestanak-struje-u-cernobilu\\\/\"},\"author\":{\"name\":\"Radio Ljubu\u0161ki\",\"@id\":\"https:\\\/\\\/radioljubuski.ba\\\/#\\\/schema\\\/person\\\/19fc700381a780f69665d7956c469e3b\"},\"headline\":\"Ton\u010di Tadi\u0107: Nadam se da Rusi znaju \u0161to zna\u010di nestanak struje u \u010cernobilu\",\"datePublished\":\"2022-03-10T10:34:57+00:00\",\"dateModified\":\"2022-03-10T10:34:58+00:00\",\"mainEntityOfPage\":{\"@id\":\"https:\\\/\\\/radioljubuski.ba\\\/index.php\\\/2022\\\/03\\\/10\\\/tonci-tadic-nadam-se-da-rusi-znaju-sto-znaci-nestanak-struje-u-cernobilu\\\/\"},\"wordCount\":549,\"publisher\":{\"@id\":\"https:\\\/\\\/radioljubuski.ba\\\/#organization\"},\"image\":{\"@id\":\"https:\\\/\\\/radioljubuski.ba\\\/index.php\\\/2022\\\/03\\\/10\\\/tonci-tadic-nadam-se-da-rusi-znaju-sto-znaci-nestanak-struje-u-cernobilu\\\/#primaryimage\"},\"thumbnailUrl\":\"https:\\\/\\\/radioljubuski.ba\\\/wp-content\\\/uploads\\\/2022\\\/03\\\/8-2022-03-07-13-33-28-TADIC-TONCI.jpg\",\"articleSection\":[\"BIH i regija\"],\"inLanguage\":\"hr\"},{\"@type\":\"WebPage\",\"@id\":\"https:\\\/\\\/radioljubuski.ba\\\/index.php\\\/2022\\\/03\\\/10\\\/tonci-tadic-nadam-se-da-rusi-znaju-sto-znaci-nestanak-struje-u-cernobilu\\\/\",\"url\":\"https:\\\/\\\/radioljubuski.ba\\\/index.php\\\/2022\\\/03\\\/10\\\/tonci-tadic-nadam-se-da-rusi-znaju-sto-znaci-nestanak-struje-u-cernobilu\\\/\",\"name\":\"Ton\u010di Tadi\u0107: Nadam se da Rusi znaju \u0161to zna\u010di nestanak struje u \u010cernobilu - RADIO LJUBU\u0160KI\",\"isPartOf\":{\"@id\":\"https:\\\/\\\/radioljubuski.ba\\\/#website\"},\"primaryImageOfPage\":{\"@id\":\"https:\\\/\\\/radioljubuski.ba\\\/index.php\\\/2022\\\/03\\\/10\\\/tonci-tadic-nadam-se-da-rusi-znaju-sto-znaci-nestanak-struje-u-cernobilu\\\/#primaryimage\"},\"image\":{\"@id\":\"https:\\\/\\\/radioljubuski.ba\\\/index.php\\\/2022\\\/03\\\/10\\\/tonci-tadic-nadam-se-da-rusi-znaju-sto-znaci-nestanak-struje-u-cernobilu\\\/#primaryimage\"},\"thumbnailUrl\":\"https:\\\/\\\/radioljubuski.ba\\\/wp-content\\\/uploads\\\/2022\\\/03\\\/8-2022-03-07-13-33-28-TADIC-TONCI.jpg\",\"datePublished\":\"2022-03-10T10:34:57+00:00\",\"dateModified\":\"2022-03-10T10:34:58+00:00\",\"breadcrumb\":{\"@id\":\"https:\\\/\\\/radioljubuski.ba\\\/index.php\\\/2022\\\/03\\\/10\\\/tonci-tadic-nadam-se-da-rusi-znaju-sto-znaci-nestanak-struje-u-cernobilu\\\/#breadcrumb\"},\"inLanguage\":\"hr\",\"potentialAction\":[{\"@type\":\"ReadAction\",\"target\":[\"https:\\\/\\\/radioljubuski.ba\\\/index.php\\\/2022\\\/03\\\/10\\\/tonci-tadic-nadam-se-da-rusi-znaju-sto-znaci-nestanak-struje-u-cernobilu\\\/\"]}]},{\"@type\":\"ImageObject\",\"inLanguage\":\"hr\",\"@id\":\"https:\\\/\\\/radioljubuski.ba\\\/index.php\\\/2022\\\/03\\\/10\\\/tonci-tadic-nadam-se-da-rusi-znaju-sto-znaci-nestanak-struje-u-cernobilu\\\/#primaryimage\",\"url\":\"https:\\\/\\\/radioljubuski.ba\\\/wp-content\\\/uploads\\\/2022\\\/03\\\/8-2022-03-07-13-33-28-TADIC-TONCI.jpg\",\"contentUrl\":\"https:\\\/\\\/radioljubuski.ba\\\/wp-content\\\/uploads\\\/2022\\\/03\\\/8-2022-03-07-13-33-28-TADIC-TONCI.jpg\",\"width\":1000,\"height\":625},{\"@type\":\"BreadcrumbList\",\"@id\":\"https:\\\/\\\/radioljubuski.ba\\\/index.php\\\/2022\\\/03\\\/10\\\/tonci-tadic-nadam-se-da-rusi-znaju-sto-znaci-nestanak-struje-u-cernobilu\\\/#breadcrumb\",\"itemListElement\":[{\"@type\":\"ListItem\",\"position\":1,\"name\":\"Po\u010detna stranica\",\"item\":\"https:\\\/\\\/radioljubuski.ba\\\/\"},{\"@type\":\"ListItem\",\"position\":2,\"name\":\"Ton\u010di Tadi\u0107: Nadam se da Rusi znaju \u0161to zna\u010di nestanak struje u \u010cernobilu\"}]},{\"@type\":\"WebSite\",\"@id\":\"https:\\\/\\\/radioljubuski.ba\\\/#website\",\"url\":\"https:\\\/\\\/radioljubuski.ba\\\/\",\"name\":\"Radio Ljubu\u0161ki\",\"description\":\"Sun\u010dana frekvencija Hercegovine\",\"publisher\":{\"@id\":\"https:\\\/\\\/radioljubuski.ba\\\/#organization\"},\"potentialAction\":[{\"@type\":\"SearchAction\",\"target\":{\"@type\":\"EntryPoint\",\"urlTemplate\":\"https:\\\/\\\/radioljubuski.ba\\\/?s={search_term_string}\"},\"query-input\":{\"@type\":\"PropertyValueSpecification\",\"valueRequired\":true,\"valueName\":\"search_term_string\"}}],\"inLanguage\":\"hr\"},{\"@type\":\"Organization\",\"@id\":\"https:\\\/\\\/radioljubuski.ba\\\/#organization\",\"name\":\"Radio Ljubu\u0161ki\",\"url\":\"https:\\\/\\\/radioljubuski.ba\\\/\",\"logo\":{\"@type\":\"ImageObject\",\"inLanguage\":\"hr\",\"@id\":\"https:\\\/\\\/radioljubuski.ba\\\/#\\\/schema\\\/logo\\\/image\\\/\",\"url\":\"https:\\\/\\\/radioljubuski.ba\\\/wp-content\\\/uploads\\\/2021\\\/02\\\/cropped-Radio_Ljubuski_logo1.jpg\",\"contentUrl\":\"https:\\\/\\\/radioljubuski.ba\\\/wp-content\\\/uploads\\\/2021\\\/02\\\/cropped-Radio_Ljubuski_logo1.jpg\",\"width\":512,\"height\":512,\"caption\":\"Radio Ljubu\u0161ki\"},\"image\":{\"@id\":\"https:\\\/\\\/radioljubuski.ba\\\/#\\\/schema\\\/logo\\\/image\\\/\"},\"sameAs\":[\"https:\\\/\\\/www.facebook.com\\\/Radiio-Ljubuski-1490835324566332\",\"https:\\\/\\\/x.com\\\/radioljubuski\",\"https:\\\/\\\/hr.linkedin.com\\\/company\\\/radio-ljubuski\",\"https:\\\/\\\/www.youtube.com\\\/channel\\\/UCHYaeO_n0Db3tjNGudGpXyw\"]},{\"@type\":\"Person\",\"@id\":\"https:\\\/\\\/radioljubuski.ba\\\/#\\\/schema\\\/person\\\/19fc700381a780f69665d7956c469e3b\",\"name\":\"Radio Ljubu\u0161ki\"}]}<\/script>\n<!-- \/ Yoast SEO plugin. -->","yoast_head_json":{"title":"Ton\u010di Tadi\u0107: Nadam se da Rusi znaju \u0161to zna\u010di nestanak struje u \u010cernobilu - RADIO LJUBU\u0160KI","robots":{"index":"index","follow":"follow","max-snippet":"max-snippet:-1","max-image-preview":"max-image-preview:large","max-video-preview":"max-video-preview:-1"},"canonical":"https:\/\/radioljubuski.ba\/index.php\/2022\/03\/10\/tonci-tadic-nadam-se-da-rusi-znaju-sto-znaci-nestanak-struje-u-cernobilu\/","og_locale":"hr_HR","og_type":"article","og_title":"Ton\u010di Tadi\u0107: Nadam se da Rusi znaju \u0161to zna\u010di nestanak struje u \u010cernobilu - RADIO LJUBU\u0160KI","og_description":"Ukrajina je priop\u0107ila da postoji opasnost od curenja radijacije u nuklearnoj elektrani u \u010cernobilu nakon \u0161to je elektrani isklju\u010dena elektri\u010dna energija, ali UN-ova agencija za atomsku energiju nije ustanovila &#8220;presudan utjecaj na sigurnost&#8221;. Ukrajinska dr\u017eavna nuklearna kompanija Energoatom priop\u0107ila je kako je visokonaponski dalekovod o\u0161te\u0107en tijekom borbi izme\u0111u ukrajinskih i ruskih snaga koje kontroliraju uga\u0161enu [&hellip;]","og_url":"https:\/\/radioljubuski.ba\/index.php\/2022\/03\/10\/tonci-tadic-nadam-se-da-rusi-znaju-sto-znaci-nestanak-struje-u-cernobilu\/","og_site_name":"RADIO LJUBU\u0160KI","article_publisher":"https:\/\/www.facebook.com\/Radiio-Ljubuski-1490835324566332","article_published_time":"2022-03-10T10:34:57+00:00","article_modified_time":"2022-03-10T10:34:58+00:00","og_image":[{"width":1000,"height":625,"url":"https:\/\/radioljubuski.ba\/wp-content\/uploads\/2022\/03\/8-2022-03-07-13-33-28-TADIC-TONCI.jpg","type":"image\/jpeg"}],"author":"Radio Ljubu\u0161ki","twitter_card":"summary_large_image","twitter_creator":"@radioljubuski","twitter_site":"@radioljubuski","twitter_misc":{"Napisao\/la":"Radio Ljubu\u0161ki","Procijenjeno vrijeme \u010ditanja":"3 minute"},"schema":{"@context":"https:\/\/schema.org","@graph":[{"@type":"Article","@id":"https:\/\/radioljubuski.ba\/index.php\/2022\/03\/10\/tonci-tadic-nadam-se-da-rusi-znaju-sto-znaci-nestanak-struje-u-cernobilu\/#article","isPartOf":{"@id":"https:\/\/radioljubuski.ba\/index.php\/2022\/03\/10\/tonci-tadic-nadam-se-da-rusi-znaju-sto-znaci-nestanak-struje-u-cernobilu\/"},"author":{"name":"Radio Ljubu\u0161ki","@id":"https:\/\/radioljubuski.ba\/#\/schema\/person\/19fc700381a780f69665d7956c469e3b"},"headline":"Ton\u010di Tadi\u0107: Nadam se da Rusi znaju \u0161to zna\u010di nestanak struje u \u010cernobilu","datePublished":"2022-03-10T10:34:57+00:00","dateModified":"2022-03-10T10:34:58+00:00","mainEntityOfPage":{"@id":"https:\/\/radioljubuski.ba\/index.php\/2022\/03\/10\/tonci-tadic-nadam-se-da-rusi-znaju-sto-znaci-nestanak-struje-u-cernobilu\/"},"wordCount":549,"publisher":{"@id":"https:\/\/radioljubuski.ba\/#organization"},"image":{"@id":"https:\/\/radioljubuski.ba\/index.php\/2022\/03\/10\/tonci-tadic-nadam-se-da-rusi-znaju-sto-znaci-nestanak-struje-u-cernobilu\/#primaryimage"},"thumbnailUrl":"https:\/\/radioljubuski.ba\/wp-content\/uploads\/2022\/03\/8-2022-03-07-13-33-28-TADIC-TONCI.jpg","articleSection":["BIH i regija"],"inLanguage":"hr"},{"@type":"WebPage","@id":"https:\/\/radioljubuski.ba\/index.php\/2022\/03\/10\/tonci-tadic-nadam-se-da-rusi-znaju-sto-znaci-nestanak-struje-u-cernobilu\/","url":"https:\/\/radioljubuski.ba\/index.php\/2022\/03\/10\/tonci-tadic-nadam-se-da-rusi-znaju-sto-znaci-nestanak-struje-u-cernobilu\/","name":"Ton\u010di Tadi\u0107: Nadam se da Rusi znaju \u0161to zna\u010di nestanak struje u \u010cernobilu - RADIO LJUBU\u0160KI","isPartOf":{"@id":"https:\/\/radioljubuski.ba\/#website"},"primaryImageOfPage":{"@id":"https:\/\/radioljubuski.ba\/index.php\/2022\/03\/10\/tonci-tadic-nadam-se-da-rusi-znaju-sto-znaci-nestanak-struje-u-cernobilu\/#primaryimage"},"image":{"@id":"https:\/\/radioljubuski.ba\/index.php\/2022\/03\/10\/tonci-tadic-nadam-se-da-rusi-znaju-sto-znaci-nestanak-struje-u-cernobilu\/#primaryimage"},"thumbnailUrl":"https:\/\/radioljubuski.ba\/wp-content\/uploads\/2022\/03\/8-2022-03-07-13-33-28-TADIC-TONCI.jpg","datePublished":"2022-03-10T10:34:57+00:00","dateModified":"2022-03-10T10:34:58+00:00","breadcrumb":{"@id":"https:\/\/radioljubuski.ba\/index.php\/2022\/03\/10\/tonci-tadic-nadam-se-da-rusi-znaju-sto-znaci-nestanak-struje-u-cernobilu\/#breadcrumb"},"inLanguage":"hr","potentialAction":[{"@type":"ReadAction","target":["https:\/\/radioljubuski.ba\/index.php\/2022\/03\/10\/tonci-tadic-nadam-se-da-rusi-znaju-sto-znaci-nestanak-struje-u-cernobilu\/"]}]},{"@type":"ImageObject","inLanguage":"hr","@id":"https:\/\/radioljubuski.ba\/index.php\/2022\/03\/10\/tonci-tadic-nadam-se-da-rusi-znaju-sto-znaci-nestanak-struje-u-cernobilu\/#primaryimage","url":"https:\/\/radioljubuski.ba\/wp-content\/uploads\/2022\/03\/8-2022-03-07-13-33-28-TADIC-TONCI.jpg","contentUrl":"https:\/\/radioljubuski.ba\/wp-content\/uploads\/2022\/03\/8-2022-03-07-13-33-28-TADIC-TONCI.jpg","width":1000,"height":625},{"@type":"BreadcrumbList","@id":"https:\/\/radioljubuski.ba\/index.php\/2022\/03\/10\/tonci-tadic-nadam-se-da-rusi-znaju-sto-znaci-nestanak-struje-u-cernobilu\/#breadcrumb","itemListElement":[{"@type":"ListItem","position":1,"name":"Po\u010detna stranica","item":"https:\/\/radioljubuski.ba\/"},{"@type":"ListItem","position":2,"name":"Ton\u010di Tadi\u0107: Nadam se da Rusi znaju \u0161to zna\u010di nestanak struje u \u010cernobilu"}]},{"@type":"WebSite","@id":"https:\/\/radioljubuski.ba\/#website","url":"https:\/\/radioljubuski.ba\/","name":"Radio Ljubu\u0161ki","description":"Sun\u010dana frekvencija Hercegovine","publisher":{"@id":"https:\/\/radioljubuski.ba\/#organization"},"potentialAction":[{"@type":"SearchAction","target":{"@type":"EntryPoint","urlTemplate":"https:\/\/radioljubuski.ba\/?s={search_term_string}"},"query-input":{"@type":"PropertyValueSpecification","valueRequired":true,"valueName":"search_term_string"}}],"inLanguage":"hr"},{"@type":"Organization","@id":"https:\/\/radioljubuski.ba\/#organization","name":"Radio Ljubu\u0161ki","url":"https:\/\/radioljubuski.ba\/","logo":{"@type":"ImageObject","inLanguage":"hr","@id":"https:\/\/radioljubuski.ba\/#\/schema\/logo\/image\/","url":"https:\/\/radioljubuski.ba\/wp-content\/uploads\/2021\/02\/cropped-Radio_Ljubuski_logo1.jpg","contentUrl":"https:\/\/radioljubuski.ba\/wp-content\/uploads\/2021\/02\/cropped-Radio_Ljubuski_logo1.jpg","width":512,"height":512,"caption":"Radio Ljubu\u0161ki"},"image":{"@id":"https:\/\/radioljubuski.ba\/#\/schema\/logo\/image\/"},"sameAs":["https:\/\/www.facebook.com\/Radiio-Ljubuski-1490835324566332","https:\/\/x.com\/radioljubuski","https:\/\/hr.linkedin.com\/company\/radio-ljubuski","https:\/\/www.youtube.com\/channel\/UCHYaeO_n0Db3tjNGudGpXyw"]},{"@type":"Person","@id":"https:\/\/radioljubuski.ba\/#\/schema\/person\/19fc700381a780f69665d7956c469e3b","name":"Radio Ljubu\u0161ki"}]}},"_links":{"self":[{"href":"https:\/\/radioljubuski.ba\/index.php\/wp-json\/wp\/v2\/posts\/119846","targetHints":{"allow":["GET"]}}],"collection":[{"href":"https:\/\/radioljubuski.ba\/index.php\/wp-json\/wp\/v2\/posts"}],"about":[{"href":"https:\/\/radioljubuski.ba\/index.php\/wp-json\/wp\/v2\/types\/post"}],"author":[{"embeddable":true,"href":"https:\/\/radioljubuski.ba\/index.php\/wp-json\/wp\/v2\/users\/2"}],"replies":[{"embeddable":true,"href":"https:\/\/radioljubuski.ba\/index.php\/wp-json\/wp\/v2\/comments?post=119846"}],"version-history":[{"count":1,"href":"https:\/\/radioljubuski.ba\/index.php\/wp-json\/wp\/v2\/posts\/119846\/revisions"}],"predecessor-version":[{"id":119847,"href":"https:\/\/radioljubuski.ba\/index.php\/wp-json\/wp\/v2\/posts\/119846\/revisions\/119847"}],"wp:featuredmedia":[{"embeddable":true,"href":"https:\/\/radioljubuski.ba\/index.php\/wp-json\/wp\/v2\/media\/119010"}],"wp:attachment":[{"href":"https:\/\/radioljubuski.ba\/index.php\/wp-json\/wp\/v2\/media?parent=119846"}],"wp:term":[{"taxonomy":"category","embeddable":true,"href":"https:\/\/radioljubuski.ba\/index.php\/wp-json\/wp\/v2\/categories?post=119846"},{"taxonomy":"post_tag","embeddable":true,"href":"https:\/\/radioljubuski.ba\/index.php\/wp-json\/wp\/v2\/tags?post=119846"}],"curies":[{"name":"wp","href":"https:\/\/api.w.org\/{rel}","templated":true}]}}