{"id":119848,"date":"2022-03-10T11:36:02","date_gmt":"2022-03-10T10:36:02","guid":{"rendered":"https:\/\/radioljubuski.ba\/?p=119848"},"modified":"2022-03-10T11:36:03","modified_gmt":"2022-03-10T10:36:03","slug":"ravnatelj-soa-e-imat-cemo-tendenciju-ovih-dana-kada-je-u-pitanju-bih","status":"publish","type":"post","link":"https:\/\/radioljubuski.ba\/index.php\/2022\/03\/10\/ravnatelj-soa-e-imat-cemo-tendenciju-ovih-dana-kada-je-u-pitanju-bih\/","title":{"rendered":"Ravnatelj SOA-e: Imat \u0107emo tendenciju ovih dana kada je u pitanju BiH"},"content":{"rendered":"\n<p>Hrvatski saborski Odbor za unutarnju politiku i nacionalnu sigurnost razmotrio je izvje\u0161\u0107a o radu Sigurnosno obavje\u0161tajne agencije i Vojno sigurnosne agencije za pro\u0161lu godinu. Nakon sjednice Odbora ravnatelj SOA-e Daniel Marki\u0107 je rekao kako je Hrvatska sigurna.<\/p>\n\n\n\n<p>&nbsp;&#8211; Naravno da to na globalnom planu do\u017eivljavamo potpuno novu situaciju. Ne bih rekao da je novi hladni rat, mo\u017eda \u010dak potencijalno i ne\u0161to gore. Ali izravno za Hrvatsku i hrvatske dr\u017eavljane nema prijetnji, rekao je ravnatelj SOA-e Daniel Marki\u0107 za HRT. Na pitanje mo\u017ee li se ta nesigurnost odnosno ovakva situacija preliti na Balkan Marki\u0107 je rekao kako je poznato ve\u0107 dugo da svaka situacija koja bi mogla uklju\u010diti velike sile, posebice Rusiju mogla imati reperkusije u hrvatskom susjedstvu.<\/p>\n\n\n\n<p>&#8211; To pomno pratimo. Trenutno, kao \u0161to vidimo, Srbija se nalazi na jednoj vrsti raskri\u017eja i mora sama odlu\u010diti koji \u0107e biti njen put u budu\u0107nost. To vrijedi i za BiH, s tim da u BiH situacija je puno slo\u017eenija. Imat \u0107emo svi tendenciju ovih dana, kada pri\u010damo o BiH, isklju\u010divo pri\u010dati o pona\u0161anju srpskog lidera i Srba op\u0107enito. Tri su naroda prisutna u BiH i za bilo koju vrstu dogovora i budu\u0107nost BiH treba dogovor triju naroda, istaknuo je Marki\u0107.<\/p>\n\n\n\n<p>Izvor:vecernji list<\/p>\n","protected":false},"excerpt":{"rendered":"<p>Hrvatski saborski Odbor za unutarnju politiku i nacionalnu sigurnost razmotrio je izvje\u0161\u0107a o radu Sigurnosno obavje\u0161tajne agencije i Vojno sigurnosne agencije za pro\u0161lu godinu. Nakon sjednice Odbora ravnatelj SOA-e Daniel Marki\u0107 je rekao kako je Hrvatska sigurna. &nbsp;&#8211; Naravno da to na globalnom planu do\u017eivljavamo potpuno novu situaciju. Ne bih rekao da je novi hladni [&hellip;]<\/p>\n","protected":false},"author":2,"featured_media":119849,"comment_status":"closed","ping_status":"closed","sticky":false,"template":"","format":"standard","meta":{"h5ap_radio_sources":[],"footnotes":""},"categories":[1],"tags":[],"class_list":["post-119848","post","type-post","status-publish","format-standard","has-post-thumbnail","hentry","category-bihiregija"],"yoast_head":"<!-- This site is optimized with the Yoast SEO plugin v27.5 - https:\/\/yoast.com\/product\/yoast-seo-wordpress\/ -->\n<title>Ravnatelj SOA-e: Imat \u0107emo tendenciju ovih dana kada je u pitanju BiH - RADIO LJUBU\u0160KI<\/title>\n<meta name=\"robots\" content=\"index, follow, max-snippet:-1, max-image-preview:large, max-video-preview:-1\" \/>\n<link rel=\"canonical\" href=\"https:\/\/radioljubuski.ba\/index.php\/2022\/03\/10\/ravnatelj-soa-e-imat-cemo-tendenciju-ovih-dana-kada-je-u-pitanju-bih\/\" \/>\n<meta property=\"og:locale\" content=\"hr_HR\" \/>\n<meta property=\"og:type\" content=\"article\" \/>\n<meta property=\"og:title\" content=\"Ravnatelj SOA-e: Imat \u0107emo tendenciju ovih dana kada je u pitanju BiH - RADIO LJUBU\u0160KI\" \/>\n<meta property=\"og:description\" content=\"Hrvatski saborski Odbor za unutarnju politiku i nacionalnu sigurnost razmotrio je izvje\u0161\u0107a o radu Sigurnosno obavje\u0161tajne agencije i Vojno sigurnosne agencije za pro\u0161lu godinu. Nakon sjednice Odbora ravnatelj SOA-e Daniel Marki\u0107 je rekao kako je Hrvatska sigurna. &nbsp;&#8211; Naravno da to na globalnom planu do\u017eivljavamo potpuno novu situaciju. Ne bih rekao da je novi hladni [&hellip;]\" \/>\n<meta property=\"og:url\" content=\"https:\/\/radioljubuski.ba\/index.php\/2022\/03\/10\/ravnatelj-soa-e-imat-cemo-tendenciju-ovih-dana-kada-je-u-pitanju-bih\/\" \/>\n<meta property=\"og:site_name\" content=\"RADIO LJUBU\u0160KI\" \/>\n<meta property=\"article:publisher\" content=\"https:\/\/www.facebook.com\/Radiio-Ljubuski-1490835324566332\" \/>\n<meta property=\"article:published_time\" content=\"2022-03-10T10:36:02+00:00\" \/>\n<meta property=\"article:modified_time\" content=\"2022-03-10T10:36:03+00:00\" \/>\n<meta property=\"og:image\" content=\"https:\/\/radioljubuski.ba\/wp-content\/uploads\/2022\/03\/7-2022-03-09-21-36-52-markic-d.jpg\" \/>\n\t<meta property=\"og:image:width\" content=\"1000\" \/>\n\t<meta property=\"og:image:height\" content=\"625\" \/>\n\t<meta property=\"og:image:type\" content=\"image\/jpeg\" \/>\n<meta name=\"author\" content=\"Radio Ljubu\u0161ki\" \/>\n<meta name=\"twitter:card\" content=\"summary_large_image\" \/>\n<meta name=\"twitter:creator\" content=\"@radioljubuski\" \/>\n<meta name=\"twitter:site\" content=\"@radioljubuski\" \/>\n<meta name=\"twitter:label1\" content=\"Napisao\/la\" \/>\n\t<meta name=\"twitter:data1\" content=\"Radio Ljubu\u0161ki\" \/>\n\t<meta name=\"twitter:label2\" content=\"Procijenjeno vrijeme \u010ditanja\" \/>\n\t<meta name=\"twitter:data2\" content=\"1 minuta\" \/>\n<script type=\"application\/ld+json\" class=\"yoast-schema-graph\">{\"@context\":\"https:\\\/\\\/schema.org\",\"@graph\":[{\"@type\":\"Article\",\"@id\":\"https:\\\/\\\/radioljubuski.ba\\\/index.php\\\/2022\\\/03\\\/10\\\/ravnatelj-soa-e-imat-cemo-tendenciju-ovih-dana-kada-je-u-pitanju-bih\\\/#article\",\"isPartOf\":{\"@id\":\"https:\\\/\\\/radioljubuski.ba\\\/index.php\\\/2022\\\/03\\\/10\\\/ravnatelj-soa-e-imat-cemo-tendenciju-ovih-dana-kada-je-u-pitanju-bih\\\/\"},\"author\":{\"name\":\"Radio Ljubu\u0161ki\",\"@id\":\"https:\\\/\\\/radioljubuski.ba\\\/#\\\/schema\\\/person\\\/19fc700381a780f69665d7956c469e3b\"},\"headline\":\"Ravnatelj SOA-e: Imat \u0107emo tendenciju ovih dana kada je u pitanju BiH\",\"datePublished\":\"2022-03-10T10:36:02+00:00\",\"dateModified\":\"2022-03-10T10:36:03+00:00\",\"mainEntityOfPage\":{\"@id\":\"https:\\\/\\\/radioljubuski.ba\\\/index.php\\\/2022\\\/03\\\/10\\\/ravnatelj-soa-e-imat-cemo-tendenciju-ovih-dana-kada-je-u-pitanju-bih\\\/\"},\"wordCount\":233,\"publisher\":{\"@id\":\"https:\\\/\\\/radioljubuski.ba\\\/#organization\"},\"image\":{\"@id\":\"https:\\\/\\\/radioljubuski.ba\\\/index.php\\\/2022\\\/03\\\/10\\\/ravnatelj-soa-e-imat-cemo-tendenciju-ovih-dana-kada-je-u-pitanju-bih\\\/#primaryimage\"},\"thumbnailUrl\":\"https:\\\/\\\/radioljubuski.ba\\\/wp-content\\\/uploads\\\/2022\\\/03\\\/7-2022-03-09-21-36-52-markic-d.jpg\",\"articleSection\":[\"BIH i regija\"],\"inLanguage\":\"hr\"},{\"@type\":\"WebPage\",\"@id\":\"https:\\\/\\\/radioljubuski.ba\\\/index.php\\\/2022\\\/03\\\/10\\\/ravnatelj-soa-e-imat-cemo-tendenciju-ovih-dana-kada-je-u-pitanju-bih\\\/\",\"url\":\"https:\\\/\\\/radioljubuski.ba\\\/index.php\\\/2022\\\/03\\\/10\\\/ravnatelj-soa-e-imat-cemo-tendenciju-ovih-dana-kada-je-u-pitanju-bih\\\/\",\"name\":\"Ravnatelj SOA-e: Imat \u0107emo tendenciju ovih dana kada je u pitanju BiH - RADIO LJUBU\u0160KI\",\"isPartOf\":{\"@id\":\"https:\\\/\\\/radioljubuski.ba\\\/#website\"},\"primaryImageOfPage\":{\"@id\":\"https:\\\/\\\/radioljubuski.ba\\\/index.php\\\/2022\\\/03\\\/10\\\/ravnatelj-soa-e-imat-cemo-tendenciju-ovih-dana-kada-je-u-pitanju-bih\\\/#primaryimage\"},\"image\":{\"@id\":\"https:\\\/\\\/radioljubuski.ba\\\/index.php\\\/2022\\\/03\\\/10\\\/ravnatelj-soa-e-imat-cemo-tendenciju-ovih-dana-kada-je-u-pitanju-bih\\\/#primaryimage\"},\"thumbnailUrl\":\"https:\\\/\\\/radioljubuski.ba\\\/wp-content\\\/uploads\\\/2022\\\/03\\\/7-2022-03-09-21-36-52-markic-d.jpg\",\"datePublished\":\"2022-03-10T10:36:02+00:00\",\"dateModified\":\"2022-03-10T10:36:03+00:00\",\"breadcrumb\":{\"@id\":\"https:\\\/\\\/radioljubuski.ba\\\/index.php\\\/2022\\\/03\\\/10\\\/ravnatelj-soa-e-imat-cemo-tendenciju-ovih-dana-kada-je-u-pitanju-bih\\\/#breadcrumb\"},\"inLanguage\":\"hr\",\"potentialAction\":[{\"@type\":\"ReadAction\",\"target\":[\"https:\\\/\\\/radioljubuski.ba\\\/index.php\\\/2022\\\/03\\\/10\\\/ravnatelj-soa-e-imat-cemo-tendenciju-ovih-dana-kada-je-u-pitanju-bih\\\/\"]}]},{\"@type\":\"ImageObject\",\"inLanguage\":\"hr\",\"@id\":\"https:\\\/\\\/radioljubuski.ba\\\/index.php\\\/2022\\\/03\\\/10\\\/ravnatelj-soa-e-imat-cemo-tendenciju-ovih-dana-kada-je-u-pitanju-bih\\\/#primaryimage\",\"url\":\"https:\\\/\\\/radioljubuski.ba\\\/wp-content\\\/uploads\\\/2022\\\/03\\\/7-2022-03-09-21-36-52-markic-d.jpg\",\"contentUrl\":\"https:\\\/\\\/radioljubuski.ba\\\/wp-content\\\/uploads\\\/2022\\\/03\\\/7-2022-03-09-21-36-52-markic-d.jpg\",\"width\":1000,\"height\":625},{\"@type\":\"BreadcrumbList\",\"@id\":\"https:\\\/\\\/radioljubuski.ba\\\/index.php\\\/2022\\\/03\\\/10\\\/ravnatelj-soa-e-imat-cemo-tendenciju-ovih-dana-kada-je-u-pitanju-bih\\\/#breadcrumb\",\"itemListElement\":[{\"@type\":\"ListItem\",\"position\":1,\"name\":\"Po\u010detna stranica\",\"item\":\"https:\\\/\\\/radioljubuski.ba\\\/\"},{\"@type\":\"ListItem\",\"position\":2,\"name\":\"Ravnatelj SOA-e: Imat \u0107emo tendenciju ovih dana kada je u pitanju BiH\"}]},{\"@type\":\"WebSite\",\"@id\":\"https:\\\/\\\/radioljubuski.ba\\\/#website\",\"url\":\"https:\\\/\\\/radioljubuski.ba\\\/\",\"name\":\"Radio Ljubu\u0161ki\",\"description\":\"Sun\u010dana frekvencija Hercegovine\",\"publisher\":{\"@id\":\"https:\\\/\\\/radioljubuski.ba\\\/#organization\"},\"potentialAction\":[{\"@type\":\"SearchAction\",\"target\":{\"@type\":\"EntryPoint\",\"urlTemplate\":\"https:\\\/\\\/radioljubuski.ba\\\/?s={search_term_string}\"},\"query-input\":{\"@type\":\"PropertyValueSpecification\",\"valueRequired\":true,\"valueName\":\"search_term_string\"}}],\"inLanguage\":\"hr\"},{\"@type\":\"Organization\",\"@id\":\"https:\\\/\\\/radioljubuski.ba\\\/#organization\",\"name\":\"Radio Ljubu\u0161ki\",\"url\":\"https:\\\/\\\/radioljubuski.ba\\\/\",\"logo\":{\"@type\":\"ImageObject\",\"inLanguage\":\"hr\",\"@id\":\"https:\\\/\\\/radioljubuski.ba\\\/#\\\/schema\\\/logo\\\/image\\\/\",\"url\":\"https:\\\/\\\/radioljubuski.ba\\\/wp-content\\\/uploads\\\/2021\\\/02\\\/cropped-Radio_Ljubuski_logo1.jpg\",\"contentUrl\":\"https:\\\/\\\/radioljubuski.ba\\\/wp-content\\\/uploads\\\/2021\\\/02\\\/cropped-Radio_Ljubuski_logo1.jpg\",\"width\":512,\"height\":512,\"caption\":\"Radio Ljubu\u0161ki\"},\"image\":{\"@id\":\"https:\\\/\\\/radioljubuski.ba\\\/#\\\/schema\\\/logo\\\/image\\\/\"},\"sameAs\":[\"https:\\\/\\\/www.facebook.com\\\/Radiio-Ljubuski-1490835324566332\",\"https:\\\/\\\/x.com\\\/radioljubuski\",\"https:\\\/\\\/hr.linkedin.com\\\/company\\\/radio-ljubuski\",\"https:\\\/\\\/www.youtube.com\\\/channel\\\/UCHYaeO_n0Db3tjNGudGpXyw\"]},{\"@type\":\"Person\",\"@id\":\"https:\\\/\\\/radioljubuski.ba\\\/#\\\/schema\\\/person\\\/19fc700381a780f69665d7956c469e3b\",\"name\":\"Radio Ljubu\u0161ki\"}]}<\/script>\n<!-- \/ Yoast SEO plugin. -->","yoast_head_json":{"title":"Ravnatelj SOA-e: Imat \u0107emo tendenciju ovih dana kada je u pitanju BiH - RADIO LJUBU\u0160KI","robots":{"index":"index","follow":"follow","max-snippet":"max-snippet:-1","max-image-preview":"max-image-preview:large","max-video-preview":"max-video-preview:-1"},"canonical":"https:\/\/radioljubuski.ba\/index.php\/2022\/03\/10\/ravnatelj-soa-e-imat-cemo-tendenciju-ovih-dana-kada-je-u-pitanju-bih\/","og_locale":"hr_HR","og_type":"article","og_title":"Ravnatelj SOA-e: Imat \u0107emo tendenciju ovih dana kada je u pitanju BiH - RADIO LJUBU\u0160KI","og_description":"Hrvatski saborski Odbor za unutarnju politiku i nacionalnu sigurnost razmotrio je izvje\u0161\u0107a o radu Sigurnosno obavje\u0161tajne agencije i Vojno sigurnosne agencije za pro\u0161lu godinu. Nakon sjednice Odbora ravnatelj SOA-e Daniel Marki\u0107 je rekao kako je Hrvatska sigurna. &nbsp;&#8211; Naravno da to na globalnom planu do\u017eivljavamo potpuno novu situaciju. Ne bih rekao da je novi hladni [&hellip;]","og_url":"https:\/\/radioljubuski.ba\/index.php\/2022\/03\/10\/ravnatelj-soa-e-imat-cemo-tendenciju-ovih-dana-kada-je-u-pitanju-bih\/","og_site_name":"RADIO LJUBU\u0160KI","article_publisher":"https:\/\/www.facebook.com\/Radiio-Ljubuski-1490835324566332","article_published_time":"2022-03-10T10:36:02+00:00","article_modified_time":"2022-03-10T10:36:03+00:00","og_image":[{"width":1000,"height":625,"url":"https:\/\/radioljubuski.ba\/wp-content\/uploads\/2022\/03\/7-2022-03-09-21-36-52-markic-d.jpg","type":"image\/jpeg"}],"author":"Radio Ljubu\u0161ki","twitter_card":"summary_large_image","twitter_creator":"@radioljubuski","twitter_site":"@radioljubuski","twitter_misc":{"Napisao\/la":"Radio Ljubu\u0161ki","Procijenjeno vrijeme \u010ditanja":"1 minuta"},"schema":{"@context":"https:\/\/schema.org","@graph":[{"@type":"Article","@id":"https:\/\/radioljubuski.ba\/index.php\/2022\/03\/10\/ravnatelj-soa-e-imat-cemo-tendenciju-ovih-dana-kada-je-u-pitanju-bih\/#article","isPartOf":{"@id":"https:\/\/radioljubuski.ba\/index.php\/2022\/03\/10\/ravnatelj-soa-e-imat-cemo-tendenciju-ovih-dana-kada-je-u-pitanju-bih\/"},"author":{"name":"Radio Ljubu\u0161ki","@id":"https:\/\/radioljubuski.ba\/#\/schema\/person\/19fc700381a780f69665d7956c469e3b"},"headline":"Ravnatelj SOA-e: Imat \u0107emo tendenciju ovih dana kada je u pitanju BiH","datePublished":"2022-03-10T10:36:02+00:00","dateModified":"2022-03-10T10:36:03+00:00","mainEntityOfPage":{"@id":"https:\/\/radioljubuski.ba\/index.php\/2022\/03\/10\/ravnatelj-soa-e-imat-cemo-tendenciju-ovih-dana-kada-je-u-pitanju-bih\/"},"wordCount":233,"publisher":{"@id":"https:\/\/radioljubuski.ba\/#organization"},"image":{"@id":"https:\/\/radioljubuski.ba\/index.php\/2022\/03\/10\/ravnatelj-soa-e-imat-cemo-tendenciju-ovih-dana-kada-je-u-pitanju-bih\/#primaryimage"},"thumbnailUrl":"https:\/\/radioljubuski.ba\/wp-content\/uploads\/2022\/03\/7-2022-03-09-21-36-52-markic-d.jpg","articleSection":["BIH i regija"],"inLanguage":"hr"},{"@type":"WebPage","@id":"https:\/\/radioljubuski.ba\/index.php\/2022\/03\/10\/ravnatelj-soa-e-imat-cemo-tendenciju-ovih-dana-kada-je-u-pitanju-bih\/","url":"https:\/\/radioljubuski.ba\/index.php\/2022\/03\/10\/ravnatelj-soa-e-imat-cemo-tendenciju-ovih-dana-kada-je-u-pitanju-bih\/","name":"Ravnatelj SOA-e: Imat \u0107emo tendenciju ovih dana kada je u pitanju BiH - RADIO LJUBU\u0160KI","isPartOf":{"@id":"https:\/\/radioljubuski.ba\/#website"},"primaryImageOfPage":{"@id":"https:\/\/radioljubuski.ba\/index.php\/2022\/03\/10\/ravnatelj-soa-e-imat-cemo-tendenciju-ovih-dana-kada-je-u-pitanju-bih\/#primaryimage"},"image":{"@id":"https:\/\/radioljubuski.ba\/index.php\/2022\/03\/10\/ravnatelj-soa-e-imat-cemo-tendenciju-ovih-dana-kada-je-u-pitanju-bih\/#primaryimage"},"thumbnailUrl":"https:\/\/radioljubuski.ba\/wp-content\/uploads\/2022\/03\/7-2022-03-09-21-36-52-markic-d.jpg","datePublished":"2022-03-10T10:36:02+00:00","dateModified":"2022-03-10T10:36:03+00:00","breadcrumb":{"@id":"https:\/\/radioljubuski.ba\/index.php\/2022\/03\/10\/ravnatelj-soa-e-imat-cemo-tendenciju-ovih-dana-kada-je-u-pitanju-bih\/#breadcrumb"},"inLanguage":"hr","potentialAction":[{"@type":"ReadAction","target":["https:\/\/radioljubuski.ba\/index.php\/2022\/03\/10\/ravnatelj-soa-e-imat-cemo-tendenciju-ovih-dana-kada-je-u-pitanju-bih\/"]}]},{"@type":"ImageObject","inLanguage":"hr","@id":"https:\/\/radioljubuski.ba\/index.php\/2022\/03\/10\/ravnatelj-soa-e-imat-cemo-tendenciju-ovih-dana-kada-je-u-pitanju-bih\/#primaryimage","url":"https:\/\/radioljubuski.ba\/wp-content\/uploads\/2022\/03\/7-2022-03-09-21-36-52-markic-d.jpg","contentUrl":"https:\/\/radioljubuski.ba\/wp-content\/uploads\/2022\/03\/7-2022-03-09-21-36-52-markic-d.jpg","width":1000,"height":625},{"@type":"BreadcrumbList","@id":"https:\/\/radioljubuski.ba\/index.php\/2022\/03\/10\/ravnatelj-soa-e-imat-cemo-tendenciju-ovih-dana-kada-je-u-pitanju-bih\/#breadcrumb","itemListElement":[{"@type":"ListItem","position":1,"name":"Po\u010detna stranica","item":"https:\/\/radioljubuski.ba\/"},{"@type":"ListItem","position":2,"name":"Ravnatelj SOA-e: Imat \u0107emo tendenciju ovih dana kada je u pitanju BiH"}]},{"@type":"WebSite","@id":"https:\/\/radioljubuski.ba\/#website","url":"https:\/\/radioljubuski.ba\/","name":"Radio Ljubu\u0161ki","description":"Sun\u010dana frekvencija Hercegovine","publisher":{"@id":"https:\/\/radioljubuski.ba\/#organization"},"potentialAction":[{"@type":"SearchAction","target":{"@type":"EntryPoint","urlTemplate":"https:\/\/radioljubuski.ba\/?s={search_term_string}"},"query-input":{"@type":"PropertyValueSpecification","valueRequired":true,"valueName":"search_term_string"}}],"inLanguage":"hr"},{"@type":"Organization","@id":"https:\/\/radioljubuski.ba\/#organization","name":"Radio Ljubu\u0161ki","url":"https:\/\/radioljubuski.ba\/","logo":{"@type":"ImageObject","inLanguage":"hr","@id":"https:\/\/radioljubuski.ba\/#\/schema\/logo\/image\/","url":"https:\/\/radioljubuski.ba\/wp-content\/uploads\/2021\/02\/cropped-Radio_Ljubuski_logo1.jpg","contentUrl":"https:\/\/radioljubuski.ba\/wp-content\/uploads\/2021\/02\/cropped-Radio_Ljubuski_logo1.jpg","width":512,"height":512,"caption":"Radio Ljubu\u0161ki"},"image":{"@id":"https:\/\/radioljubuski.ba\/#\/schema\/logo\/image\/"},"sameAs":["https:\/\/www.facebook.com\/Radiio-Ljubuski-1490835324566332","https:\/\/x.com\/radioljubuski","https:\/\/hr.linkedin.com\/company\/radio-ljubuski","https:\/\/www.youtube.com\/channel\/UCHYaeO_n0Db3tjNGudGpXyw"]},{"@type":"Person","@id":"https:\/\/radioljubuski.ba\/#\/schema\/person\/19fc700381a780f69665d7956c469e3b","name":"Radio Ljubu\u0161ki"}]}},"_links":{"self":[{"href":"https:\/\/radioljubuski.ba\/index.php\/wp-json\/wp\/v2\/posts\/119848","targetHints":{"allow":["GET"]}}],"collection":[{"href":"https:\/\/radioljubuski.ba\/index.php\/wp-json\/wp\/v2\/posts"}],"about":[{"href":"https:\/\/radioljubuski.ba\/index.php\/wp-json\/wp\/v2\/types\/post"}],"author":[{"embeddable":true,"href":"https:\/\/radioljubuski.ba\/index.php\/wp-json\/wp\/v2\/users\/2"}],"replies":[{"embeddable":true,"href":"https:\/\/radioljubuski.ba\/index.php\/wp-json\/wp\/v2\/comments?post=119848"}],"version-history":[{"count":1,"href":"https:\/\/radioljubuski.ba\/index.php\/wp-json\/wp\/v2\/posts\/119848\/revisions"}],"predecessor-version":[{"id":119850,"href":"https:\/\/radioljubuski.ba\/index.php\/wp-json\/wp\/v2\/posts\/119848\/revisions\/119850"}],"wp:featuredmedia":[{"embeddable":true,"href":"https:\/\/radioljubuski.ba\/index.php\/wp-json\/wp\/v2\/media\/119849"}],"wp:attachment":[{"href":"https:\/\/radioljubuski.ba\/index.php\/wp-json\/wp\/v2\/media?parent=119848"}],"wp:term":[{"taxonomy":"category","embeddable":true,"href":"https:\/\/radioljubuski.ba\/index.php\/wp-json\/wp\/v2\/categories?post=119848"},{"taxonomy":"post_tag","embeddable":true,"href":"https:\/\/radioljubuski.ba\/index.php\/wp-json\/wp\/v2\/tags?post=119848"}],"curies":[{"name":"wp","href":"https:\/\/api.w.org\/{rel}","templated":true}]}}