{"id":119856,"date":"2022-03-10T11:39:26","date_gmt":"2022-03-10T10:39:26","guid":{"rendered":"https:\/\/radioljubuski.ba\/?p=119856"},"modified":"2022-03-10T11:39:27","modified_gmt":"2022-03-10T10:39:27","slug":"bombardirana-bolnica-u-mariupolju-zelenski-ruski-ratni-zlocin-pokazuje-sve-zlo","status":"publish","type":"post","link":"https:\/\/radioljubuski.ba\/index.php\/2022\/03\/10\/bombardirana-bolnica-u-mariupolju-zelenski-ruski-ratni-zlocin-pokazuje-sve-zlo\/","title":{"rendered":"Bombardirana bolnica u Mariupolju, Zelenski: Ruski ratni zlo\u010din pokazuje sve zlo"},"content":{"rendered":"\n<p>Rusko bombardiranje pedijatrijske bolnice u Mariupolju u srijedu predstavlja &#8220;ratni zlo\u010din&#8221;, ocijenio je ukrajinski predsjednik Volodimir Zelenskij u video poruci.<\/p>\n\n\n\n<p>\u201cDana\u0161nji dan definira sve. Tko je na kojoj strani. Ruske bombe pale su na bolnicu i rodili\u0161te u Mariupolju\u2026 Te su zgrade uni\u0161tene. Dosad ima 17 ozlije\u0111enih\u201d, rekao je.<\/p>\n\n\n\n<p>\u201cKakva je to zemlja, Rusija, koja se boji bolnica i rodili\u0161ta i uni\u0161tava ih?\u201d, upitao je, osu\u0111uju\u0107i \u201czvjerstva\u201d po\u010dinjena u Mariupolju, luci na jugu zemlje koja je ve\u0107 vi\u0161e od tjedan dana pod ruskom opsadom.<\/p>\n\n\n\n<p>Tamo\u0161nje lokalne vlasti objavile su da je u devet dana opsade poginulo 1207 civila. \u201cEuropljani! Ukrajinci! Stanovnici Mariupolja! Danas se moramo ujediniti kako bismo osudili ruski ratni zlo\u010din koji pokazuje svo zlo koje su ruski osvaja\u010di u\u010dinili na\u0161oj zemlji\u201d, dodao je Zelenskij.<\/p>\n\n\n\n<p>\u201cZra\u010dno bombardiranje je kona\u010dna potvrda. Potvrda da se upravo odvija genocid nad Ukrajincima\u2026Mi nikad nismo i nikad ne bismo po\u010dinili ratni zlo\u010din poput ovoga u gradovima Donecku ili Luhansku ili bilo kojoj drugoj regiji\u201d, rekao je, referiraju\u0107i se na dva grada na istoku Ukrajine koje dr\u017ee proruski separatisti.<\/p>\n\n\n\n<p>Rusko bombardiranje bolnice u Mariupolju izazvalo je osude zapadnih zemalja, Pape i UNICEF-a te Svjetske zdravstvene organizacije.<\/p>\n\n\n\n<p>U Moskvi, glasnogovornica ruske diplomacije Marija Zaharova rekla je da su ukrajinske \u201cnacionalisti\u010dke postrojbe\u201d evakuirale pacijente i osoblje iz bolnice kako bi je koristili za strelja\u010dku bazu.<\/p>\n\n\n\n<p>U srijedu evakuirano oko 35.000 ljudi&nbsp;<br>Ukrajinski predsjednik rekao je i da je u srijedu oko 35.000 Ukrajinaca evakuirano kroz humanitarne koridore iz Sumija, Enerhodara i podru\u010dja oko Kijeva, dodaju\u0107i da vlasti planiraju otvoriti ih \u0161est u \u010detvrtak.<\/p>\n\n\n\n<p>Napori za izvla\u010denje stanovni\u0161tva koncentrirat \u0107e se na Mariupolj i Izjum koji su sna\u017eno bombardirani.<\/p>\n\n\n\n<p>Ukrajinska agencija Interfax citirala je ranije zamjenika predstojnika Zelenskijeva ureda Kirila Timo\u0161enka koji je rekao da je dosad ukupno 48.000 Ukrajinaca evakuirano kroz humanitarne koridore, uglavnom iz Sumija.<\/p>\n\n\n\n<p>Kiril Timo\u0161enko, zamjenik predstojnika predsjednikovog ureda rekao je da su 43.000 ljudi napustile grad Sumi, 3500 regiju Kijeva i tisu\u0107u njih je oti\u0161lo ih Enerhodara.<\/p>\n\n\n\n<p>Izvor:pogled.ba<\/p>\n","protected":false},"excerpt":{"rendered":"<p>Rusko bombardiranje pedijatrijske bolnice u Mariupolju u srijedu predstavlja &#8220;ratni zlo\u010din&#8221;, ocijenio je ukrajinski predsjednik Volodimir Zelenskij u video poruci. \u201cDana\u0161nji dan definira sve. Tko je na kojoj strani. Ruske bombe pale su na bolnicu i rodili\u0161te u Mariupolju\u2026 Te su zgrade uni\u0161tene. Dosad ima 17 ozlije\u0111enih\u201d, rekao je. \u201cKakva je to zemlja, Rusija, koja [&hellip;]<\/p>\n","protected":false},"author":2,"featured_media":117403,"comment_status":"closed","ping_status":"closed","sticky":false,"template":"","format":"standard","meta":{"h5ap_radio_sources":[],"footnotes":""},"categories":[1],"tags":[],"class_list":["post-119856","post","type-post","status-publish","format-standard","has-post-thumbnail","hentry","category-bihiregija"],"yoast_head":"<!-- This site is optimized with the Yoast SEO plugin v27.5 - https:\/\/yoast.com\/product\/yoast-seo-wordpress\/ -->\n<title>Bombardirana bolnica u Mariupolju, Zelenski: Ruski ratni zlo\u010din pokazuje sve zlo - RADIO LJUBU\u0160KI<\/title>\n<meta name=\"robots\" content=\"index, follow, max-snippet:-1, max-image-preview:large, max-video-preview:-1\" \/>\n<link rel=\"canonical\" href=\"https:\/\/radioljubuski.ba\/index.php\/2022\/03\/10\/bombardirana-bolnica-u-mariupolju-zelenski-ruski-ratni-zlocin-pokazuje-sve-zlo\/\" \/>\n<meta property=\"og:locale\" content=\"hr_HR\" \/>\n<meta property=\"og:type\" content=\"article\" \/>\n<meta property=\"og:title\" content=\"Bombardirana bolnica u Mariupolju, Zelenski: Ruski ratni zlo\u010din pokazuje sve zlo - RADIO LJUBU\u0160KI\" \/>\n<meta property=\"og:description\" content=\"Rusko bombardiranje pedijatrijske bolnice u Mariupolju u srijedu predstavlja &#8220;ratni zlo\u010din&#8221;, ocijenio je ukrajinski predsjednik Volodimir Zelenskij u video poruci. \u201cDana\u0161nji dan definira sve. Tko je na kojoj strani. Ruske bombe pale su na bolnicu i rodili\u0161te u Mariupolju\u2026 Te su zgrade uni\u0161tene. Dosad ima 17 ozlije\u0111enih\u201d, rekao je. \u201cKakva je to zemlja, Rusija, koja [&hellip;]\" \/>\n<meta property=\"og:url\" content=\"https:\/\/radioljubuski.ba\/index.php\/2022\/03\/10\/bombardirana-bolnica-u-mariupolju-zelenski-ruski-ratni-zlocin-pokazuje-sve-zlo\/\" \/>\n<meta property=\"og:site_name\" content=\"RADIO LJUBU\u0160KI\" \/>\n<meta property=\"article:publisher\" content=\"https:\/\/www.facebook.com\/Radiio-Ljubuski-1490835324566332\" \/>\n<meta property=\"article:published_time\" content=\"2022-03-10T10:39:26+00:00\" \/>\n<meta property=\"article:modified_time\" content=\"2022-03-10T10:39:27+00:00\" \/>\n<meta property=\"og:image\" content=\"https:\/\/radioljubuski.ba\/wp-content\/uploads\/2022\/03\/zelenski.jpg\" \/>\n\t<meta property=\"og:image:width\" content=\"1000\" \/>\n\t<meta property=\"og:image:height\" content=\"625\" \/>\n\t<meta property=\"og:image:type\" content=\"image\/jpeg\" \/>\n<meta name=\"author\" content=\"Radio Ljubu\u0161ki\" \/>\n<meta name=\"twitter:card\" content=\"summary_large_image\" \/>\n<meta name=\"twitter:creator\" content=\"@radioljubuski\" \/>\n<meta name=\"twitter:site\" content=\"@radioljubuski\" \/>\n<meta name=\"twitter:label1\" content=\"Napisao\/la\" \/>\n\t<meta name=\"twitter:data1\" content=\"Radio Ljubu\u0161ki\" \/>\n\t<meta name=\"twitter:label2\" content=\"Procijenjeno vrijeme \u010ditanja\" \/>\n\t<meta name=\"twitter:data2\" content=\"2 minute\" \/>\n<script type=\"application\/ld+json\" class=\"yoast-schema-graph\">{\"@context\":\"https:\\\/\\\/schema.org\",\"@graph\":[{\"@type\":\"Article\",\"@id\":\"https:\\\/\\\/radioljubuski.ba\\\/index.php\\\/2022\\\/03\\\/10\\\/bombardirana-bolnica-u-mariupolju-zelenski-ruski-ratni-zlocin-pokazuje-sve-zlo\\\/#article\",\"isPartOf\":{\"@id\":\"https:\\\/\\\/radioljubuski.ba\\\/index.php\\\/2022\\\/03\\\/10\\\/bombardirana-bolnica-u-mariupolju-zelenski-ruski-ratni-zlocin-pokazuje-sve-zlo\\\/\"},\"author\":{\"name\":\"Radio Ljubu\u0161ki\",\"@id\":\"https:\\\/\\\/radioljubuski.ba\\\/#\\\/schema\\\/person\\\/19fc700381a780f69665d7956c469e3b\"},\"headline\":\"Bombardirana bolnica u Mariupolju, Zelenski: Ruski ratni zlo\u010din pokazuje sve zlo\",\"datePublished\":\"2022-03-10T10:39:26+00:00\",\"dateModified\":\"2022-03-10T10:39:27+00:00\",\"mainEntityOfPage\":{\"@id\":\"https:\\\/\\\/radioljubuski.ba\\\/index.php\\\/2022\\\/03\\\/10\\\/bombardirana-bolnica-u-mariupolju-zelenski-ruski-ratni-zlocin-pokazuje-sve-zlo\\\/\"},\"wordCount\":367,\"publisher\":{\"@id\":\"https:\\\/\\\/radioljubuski.ba\\\/#organization\"},\"image\":{\"@id\":\"https:\\\/\\\/radioljubuski.ba\\\/index.php\\\/2022\\\/03\\\/10\\\/bombardirana-bolnica-u-mariupolju-zelenski-ruski-ratni-zlocin-pokazuje-sve-zlo\\\/#primaryimage\"},\"thumbnailUrl\":\"https:\\\/\\\/radioljubuski.ba\\\/wp-content\\\/uploads\\\/2022\\\/03\\\/zelenski.jpg\",\"articleSection\":[\"BIH i regija\"],\"inLanguage\":\"hr\"},{\"@type\":\"WebPage\",\"@id\":\"https:\\\/\\\/radioljubuski.ba\\\/index.php\\\/2022\\\/03\\\/10\\\/bombardirana-bolnica-u-mariupolju-zelenski-ruski-ratni-zlocin-pokazuje-sve-zlo\\\/\",\"url\":\"https:\\\/\\\/radioljubuski.ba\\\/index.php\\\/2022\\\/03\\\/10\\\/bombardirana-bolnica-u-mariupolju-zelenski-ruski-ratni-zlocin-pokazuje-sve-zlo\\\/\",\"name\":\"Bombardirana bolnica u Mariupolju, Zelenski: Ruski ratni zlo\u010din pokazuje sve zlo - RADIO LJUBU\u0160KI\",\"isPartOf\":{\"@id\":\"https:\\\/\\\/radioljubuski.ba\\\/#website\"},\"primaryImageOfPage\":{\"@id\":\"https:\\\/\\\/radioljubuski.ba\\\/index.php\\\/2022\\\/03\\\/10\\\/bombardirana-bolnica-u-mariupolju-zelenski-ruski-ratni-zlocin-pokazuje-sve-zlo\\\/#primaryimage\"},\"image\":{\"@id\":\"https:\\\/\\\/radioljubuski.ba\\\/index.php\\\/2022\\\/03\\\/10\\\/bombardirana-bolnica-u-mariupolju-zelenski-ruski-ratni-zlocin-pokazuje-sve-zlo\\\/#primaryimage\"},\"thumbnailUrl\":\"https:\\\/\\\/radioljubuski.ba\\\/wp-content\\\/uploads\\\/2022\\\/03\\\/zelenski.jpg\",\"datePublished\":\"2022-03-10T10:39:26+00:00\",\"dateModified\":\"2022-03-10T10:39:27+00:00\",\"breadcrumb\":{\"@id\":\"https:\\\/\\\/radioljubuski.ba\\\/index.php\\\/2022\\\/03\\\/10\\\/bombardirana-bolnica-u-mariupolju-zelenski-ruski-ratni-zlocin-pokazuje-sve-zlo\\\/#breadcrumb\"},\"inLanguage\":\"hr\",\"potentialAction\":[{\"@type\":\"ReadAction\",\"target\":[\"https:\\\/\\\/radioljubuski.ba\\\/index.php\\\/2022\\\/03\\\/10\\\/bombardirana-bolnica-u-mariupolju-zelenski-ruski-ratni-zlocin-pokazuje-sve-zlo\\\/\"]}]},{\"@type\":\"ImageObject\",\"inLanguage\":\"hr\",\"@id\":\"https:\\\/\\\/radioljubuski.ba\\\/index.php\\\/2022\\\/03\\\/10\\\/bombardirana-bolnica-u-mariupolju-zelenski-ruski-ratni-zlocin-pokazuje-sve-zlo\\\/#primaryimage\",\"url\":\"https:\\\/\\\/radioljubuski.ba\\\/wp-content\\\/uploads\\\/2022\\\/03\\\/zelenski.jpg\",\"contentUrl\":\"https:\\\/\\\/radioljubuski.ba\\\/wp-content\\\/uploads\\\/2022\\\/03\\\/zelenski.jpg\",\"width\":1000,\"height\":625},{\"@type\":\"BreadcrumbList\",\"@id\":\"https:\\\/\\\/radioljubuski.ba\\\/index.php\\\/2022\\\/03\\\/10\\\/bombardirana-bolnica-u-mariupolju-zelenski-ruski-ratni-zlocin-pokazuje-sve-zlo\\\/#breadcrumb\",\"itemListElement\":[{\"@type\":\"ListItem\",\"position\":1,\"name\":\"Po\u010detna stranica\",\"item\":\"https:\\\/\\\/radioljubuski.ba\\\/\"},{\"@type\":\"ListItem\",\"position\":2,\"name\":\"Bombardirana bolnica u Mariupolju, Zelenski: Ruski ratni zlo\u010din pokazuje sve zlo\"}]},{\"@type\":\"WebSite\",\"@id\":\"https:\\\/\\\/radioljubuski.ba\\\/#website\",\"url\":\"https:\\\/\\\/radioljubuski.ba\\\/\",\"name\":\"Radio Ljubu\u0161ki\",\"description\":\"Sun\u010dana frekvencija Hercegovine\",\"publisher\":{\"@id\":\"https:\\\/\\\/radioljubuski.ba\\\/#organization\"},\"potentialAction\":[{\"@type\":\"SearchAction\",\"target\":{\"@type\":\"EntryPoint\",\"urlTemplate\":\"https:\\\/\\\/radioljubuski.ba\\\/?s={search_term_string}\"},\"query-input\":{\"@type\":\"PropertyValueSpecification\",\"valueRequired\":true,\"valueName\":\"search_term_string\"}}],\"inLanguage\":\"hr\"},{\"@type\":\"Organization\",\"@id\":\"https:\\\/\\\/radioljubuski.ba\\\/#organization\",\"name\":\"Radio Ljubu\u0161ki\",\"url\":\"https:\\\/\\\/radioljubuski.ba\\\/\",\"logo\":{\"@type\":\"ImageObject\",\"inLanguage\":\"hr\",\"@id\":\"https:\\\/\\\/radioljubuski.ba\\\/#\\\/schema\\\/logo\\\/image\\\/\",\"url\":\"https:\\\/\\\/radioljubuski.ba\\\/wp-content\\\/uploads\\\/2021\\\/02\\\/cropped-Radio_Ljubuski_logo1.jpg\",\"contentUrl\":\"https:\\\/\\\/radioljubuski.ba\\\/wp-content\\\/uploads\\\/2021\\\/02\\\/cropped-Radio_Ljubuski_logo1.jpg\",\"width\":512,\"height\":512,\"caption\":\"Radio Ljubu\u0161ki\"},\"image\":{\"@id\":\"https:\\\/\\\/radioljubuski.ba\\\/#\\\/schema\\\/logo\\\/image\\\/\"},\"sameAs\":[\"https:\\\/\\\/www.facebook.com\\\/Radiio-Ljubuski-1490835324566332\",\"https:\\\/\\\/x.com\\\/radioljubuski\",\"https:\\\/\\\/hr.linkedin.com\\\/company\\\/radio-ljubuski\",\"https:\\\/\\\/www.youtube.com\\\/channel\\\/UCHYaeO_n0Db3tjNGudGpXyw\"]},{\"@type\":\"Person\",\"@id\":\"https:\\\/\\\/radioljubuski.ba\\\/#\\\/schema\\\/person\\\/19fc700381a780f69665d7956c469e3b\",\"name\":\"Radio Ljubu\u0161ki\"}]}<\/script>\n<!-- \/ Yoast SEO plugin. -->","yoast_head_json":{"title":"Bombardirana bolnica u Mariupolju, Zelenski: Ruski ratni zlo\u010din pokazuje sve zlo - RADIO LJUBU\u0160KI","robots":{"index":"index","follow":"follow","max-snippet":"max-snippet:-1","max-image-preview":"max-image-preview:large","max-video-preview":"max-video-preview:-1"},"canonical":"https:\/\/radioljubuski.ba\/index.php\/2022\/03\/10\/bombardirana-bolnica-u-mariupolju-zelenski-ruski-ratni-zlocin-pokazuje-sve-zlo\/","og_locale":"hr_HR","og_type":"article","og_title":"Bombardirana bolnica u Mariupolju, Zelenski: Ruski ratni zlo\u010din pokazuje sve zlo - RADIO LJUBU\u0160KI","og_description":"Rusko bombardiranje pedijatrijske bolnice u Mariupolju u srijedu predstavlja &#8220;ratni zlo\u010din&#8221;, ocijenio je ukrajinski predsjednik Volodimir Zelenskij u video poruci. \u201cDana\u0161nji dan definira sve. Tko je na kojoj strani. Ruske bombe pale su na bolnicu i rodili\u0161te u Mariupolju\u2026 Te su zgrade uni\u0161tene. Dosad ima 17 ozlije\u0111enih\u201d, rekao je. \u201cKakva je to zemlja, Rusija, koja [&hellip;]","og_url":"https:\/\/radioljubuski.ba\/index.php\/2022\/03\/10\/bombardirana-bolnica-u-mariupolju-zelenski-ruski-ratni-zlocin-pokazuje-sve-zlo\/","og_site_name":"RADIO LJUBU\u0160KI","article_publisher":"https:\/\/www.facebook.com\/Radiio-Ljubuski-1490835324566332","article_published_time":"2022-03-10T10:39:26+00:00","article_modified_time":"2022-03-10T10:39:27+00:00","og_image":[{"width":1000,"height":625,"url":"https:\/\/radioljubuski.ba\/wp-content\/uploads\/2022\/03\/zelenski.jpg","type":"image\/jpeg"}],"author":"Radio Ljubu\u0161ki","twitter_card":"summary_large_image","twitter_creator":"@radioljubuski","twitter_site":"@radioljubuski","twitter_misc":{"Napisao\/la":"Radio Ljubu\u0161ki","Procijenjeno vrijeme \u010ditanja":"2 minute"},"schema":{"@context":"https:\/\/schema.org","@graph":[{"@type":"Article","@id":"https:\/\/radioljubuski.ba\/index.php\/2022\/03\/10\/bombardirana-bolnica-u-mariupolju-zelenski-ruski-ratni-zlocin-pokazuje-sve-zlo\/#article","isPartOf":{"@id":"https:\/\/radioljubuski.ba\/index.php\/2022\/03\/10\/bombardirana-bolnica-u-mariupolju-zelenski-ruski-ratni-zlocin-pokazuje-sve-zlo\/"},"author":{"name":"Radio Ljubu\u0161ki","@id":"https:\/\/radioljubuski.ba\/#\/schema\/person\/19fc700381a780f69665d7956c469e3b"},"headline":"Bombardirana bolnica u Mariupolju, Zelenski: Ruski ratni zlo\u010din pokazuje sve zlo","datePublished":"2022-03-10T10:39:26+00:00","dateModified":"2022-03-10T10:39:27+00:00","mainEntityOfPage":{"@id":"https:\/\/radioljubuski.ba\/index.php\/2022\/03\/10\/bombardirana-bolnica-u-mariupolju-zelenski-ruski-ratni-zlocin-pokazuje-sve-zlo\/"},"wordCount":367,"publisher":{"@id":"https:\/\/radioljubuski.ba\/#organization"},"image":{"@id":"https:\/\/radioljubuski.ba\/index.php\/2022\/03\/10\/bombardirana-bolnica-u-mariupolju-zelenski-ruski-ratni-zlocin-pokazuje-sve-zlo\/#primaryimage"},"thumbnailUrl":"https:\/\/radioljubuski.ba\/wp-content\/uploads\/2022\/03\/zelenski.jpg","articleSection":["BIH i regija"],"inLanguage":"hr"},{"@type":"WebPage","@id":"https:\/\/radioljubuski.ba\/index.php\/2022\/03\/10\/bombardirana-bolnica-u-mariupolju-zelenski-ruski-ratni-zlocin-pokazuje-sve-zlo\/","url":"https:\/\/radioljubuski.ba\/index.php\/2022\/03\/10\/bombardirana-bolnica-u-mariupolju-zelenski-ruski-ratni-zlocin-pokazuje-sve-zlo\/","name":"Bombardirana bolnica u Mariupolju, Zelenski: Ruski ratni zlo\u010din pokazuje sve zlo - RADIO LJUBU\u0160KI","isPartOf":{"@id":"https:\/\/radioljubuski.ba\/#website"},"primaryImageOfPage":{"@id":"https:\/\/radioljubuski.ba\/index.php\/2022\/03\/10\/bombardirana-bolnica-u-mariupolju-zelenski-ruski-ratni-zlocin-pokazuje-sve-zlo\/#primaryimage"},"image":{"@id":"https:\/\/radioljubuski.ba\/index.php\/2022\/03\/10\/bombardirana-bolnica-u-mariupolju-zelenski-ruski-ratni-zlocin-pokazuje-sve-zlo\/#primaryimage"},"thumbnailUrl":"https:\/\/radioljubuski.ba\/wp-content\/uploads\/2022\/03\/zelenski.jpg","datePublished":"2022-03-10T10:39:26+00:00","dateModified":"2022-03-10T10:39:27+00:00","breadcrumb":{"@id":"https:\/\/radioljubuski.ba\/index.php\/2022\/03\/10\/bombardirana-bolnica-u-mariupolju-zelenski-ruski-ratni-zlocin-pokazuje-sve-zlo\/#breadcrumb"},"inLanguage":"hr","potentialAction":[{"@type":"ReadAction","target":["https:\/\/radioljubuski.ba\/index.php\/2022\/03\/10\/bombardirana-bolnica-u-mariupolju-zelenski-ruski-ratni-zlocin-pokazuje-sve-zlo\/"]}]},{"@type":"ImageObject","inLanguage":"hr","@id":"https:\/\/radioljubuski.ba\/index.php\/2022\/03\/10\/bombardirana-bolnica-u-mariupolju-zelenski-ruski-ratni-zlocin-pokazuje-sve-zlo\/#primaryimage","url":"https:\/\/radioljubuski.ba\/wp-content\/uploads\/2022\/03\/zelenski.jpg","contentUrl":"https:\/\/radioljubuski.ba\/wp-content\/uploads\/2022\/03\/zelenski.jpg","width":1000,"height":625},{"@type":"BreadcrumbList","@id":"https:\/\/radioljubuski.ba\/index.php\/2022\/03\/10\/bombardirana-bolnica-u-mariupolju-zelenski-ruski-ratni-zlocin-pokazuje-sve-zlo\/#breadcrumb","itemListElement":[{"@type":"ListItem","position":1,"name":"Po\u010detna stranica","item":"https:\/\/radioljubuski.ba\/"},{"@type":"ListItem","position":2,"name":"Bombardirana bolnica u Mariupolju, Zelenski: Ruski ratni zlo\u010din pokazuje sve zlo"}]},{"@type":"WebSite","@id":"https:\/\/radioljubuski.ba\/#website","url":"https:\/\/radioljubuski.ba\/","name":"Radio Ljubu\u0161ki","description":"Sun\u010dana frekvencija Hercegovine","publisher":{"@id":"https:\/\/radioljubuski.ba\/#organization"},"potentialAction":[{"@type":"SearchAction","target":{"@type":"EntryPoint","urlTemplate":"https:\/\/radioljubuski.ba\/?s={search_term_string}"},"query-input":{"@type":"PropertyValueSpecification","valueRequired":true,"valueName":"search_term_string"}}],"inLanguage":"hr"},{"@type":"Organization","@id":"https:\/\/radioljubuski.ba\/#organization","name":"Radio Ljubu\u0161ki","url":"https:\/\/radioljubuski.ba\/","logo":{"@type":"ImageObject","inLanguage":"hr","@id":"https:\/\/radioljubuski.ba\/#\/schema\/logo\/image\/","url":"https:\/\/radioljubuski.ba\/wp-content\/uploads\/2021\/02\/cropped-Radio_Ljubuski_logo1.jpg","contentUrl":"https:\/\/radioljubuski.ba\/wp-content\/uploads\/2021\/02\/cropped-Radio_Ljubuski_logo1.jpg","width":512,"height":512,"caption":"Radio Ljubu\u0161ki"},"image":{"@id":"https:\/\/radioljubuski.ba\/#\/schema\/logo\/image\/"},"sameAs":["https:\/\/www.facebook.com\/Radiio-Ljubuski-1490835324566332","https:\/\/x.com\/radioljubuski","https:\/\/hr.linkedin.com\/company\/radio-ljubuski","https:\/\/www.youtube.com\/channel\/UCHYaeO_n0Db3tjNGudGpXyw"]},{"@type":"Person","@id":"https:\/\/radioljubuski.ba\/#\/schema\/person\/19fc700381a780f69665d7956c469e3b","name":"Radio Ljubu\u0161ki"}]}},"_links":{"self":[{"href":"https:\/\/radioljubuski.ba\/index.php\/wp-json\/wp\/v2\/posts\/119856","targetHints":{"allow":["GET"]}}],"collection":[{"href":"https:\/\/radioljubuski.ba\/index.php\/wp-json\/wp\/v2\/posts"}],"about":[{"href":"https:\/\/radioljubuski.ba\/index.php\/wp-json\/wp\/v2\/types\/post"}],"author":[{"embeddable":true,"href":"https:\/\/radioljubuski.ba\/index.php\/wp-json\/wp\/v2\/users\/2"}],"replies":[{"embeddable":true,"href":"https:\/\/radioljubuski.ba\/index.php\/wp-json\/wp\/v2\/comments?post=119856"}],"version-history":[{"count":1,"href":"https:\/\/radioljubuski.ba\/index.php\/wp-json\/wp\/v2\/posts\/119856\/revisions"}],"predecessor-version":[{"id":119857,"href":"https:\/\/radioljubuski.ba\/index.php\/wp-json\/wp\/v2\/posts\/119856\/revisions\/119857"}],"wp:featuredmedia":[{"embeddable":true,"href":"https:\/\/radioljubuski.ba\/index.php\/wp-json\/wp\/v2\/media\/117403"}],"wp:attachment":[{"href":"https:\/\/radioljubuski.ba\/index.php\/wp-json\/wp\/v2\/media?parent=119856"}],"wp:term":[{"taxonomy":"category","embeddable":true,"href":"https:\/\/radioljubuski.ba\/index.php\/wp-json\/wp\/v2\/categories?post=119856"},{"taxonomy":"post_tag","embeddable":true,"href":"https:\/\/radioljubuski.ba\/index.php\/wp-json\/wp\/v2\/tags?post=119856"}],"curies":[{"name":"wp","href":"https:\/\/api.w.org\/{rel}","templated":true}]}}