{"id":119931,"date":"2022-03-10T12:08:42","date_gmt":"2022-03-10T11:08:42","guid":{"rendered":"https:\/\/radioljubuski.ba\/?p=119931"},"modified":"2022-03-10T12:08:44","modified_gmt":"2022-03-10T11:08:44","slug":"poznat-samo-po-nadimku-wali-jedan-od-najsmrtonosnijih-snajperista-na-svijetu-stigao-u-ukrajinu","status":"publish","type":"post","link":"https:\/\/radioljubuski.ba\/index.php\/2022\/03\/10\/poznat-samo-po-nadimku-wali-jedan-od-najsmrtonosnijih-snajperista-na-svijetu-stigao-u-ukrajinu\/","title":{"rendered":"Poznat samo po nadimku \u2018Wali\u2018: Jedan od najsmrtonosnijih snajperista na svijetu stigao u Ukrajinu"},"content":{"rendered":"\n<p>Jedan od najsmrtonosnijih snajperista na svijetu trebao bi se pridru\u017eiti borbama u Ukrajini nakon \u0161to je odgovorio na poziv ukrajinskog predsjednika Volodimira Zelenskog koji je uputio apel stranim dragovoljcima da pomognu zemlji u borbi protiv ruskih okupatora.<\/p>\n\n\n\n<p>Taj kanadski strijelac, poznat samo po svom nadimku &#8216;Wali&#8217;, dolazi iz elitne 22. kraljevske kanadske pukovnije i ima prethodno borbeno iskustvo iz sukoba u Kandaharu tijekom rata u Afganistanu izme\u0111u 2009. i 2011. godine, prenosi <a href=\"https:\/\/www.dailymail.co.uk\/news\/article-10595277\/Canadian-sniper-arrives-Ukraine-answering-President-Zelenskys-call-foreign-fighters.html\" target=\"_blank\" rel=\"noreferrer noopener\">Daily Mail.<\/a><\/p>\n\n\n\n<p>Nakon toga ovaj 40-godi\u0161njak je 2015. samoinicijativno otputovao u Irak kako bi pomogao u borbi protiv snaga Islamske dr\u017eave Iraka i Levanta (ISIL). U lipnju 2017. godine jedan od njegovih suboraca je navodno ubio pripadnika ISIL-a s nevjerojatne udaljenosti od \u010dak 3.450 metara.<\/p>\n\n\n\n<p>Izvje\u0161taji su prenosili da je pripadnik 22. kraljevske kanadske pukovnije koristio pu\u0161ku McMillan Tac-50 kako bi ubio pripadnika ISIL-a u svojevrsnom &#8216;svjetskom rekordu, odnosno ubojitom hicu s najve\u0107e udaljenosti ikada, prenosi <a href=\"https:\/\/www.jutarnji.hr\/vijesti\/svijet\/poznat-samo-po-nadimku-wali-jedan-od-najsmrtonosnijih-snajperista-na-svijetu-stigao-u-ukrajinu-15168383\" target=\"_blank\" rel=\"noreferrer noopener\">Jutarnji list.<\/a><\/p>\n\n\n\n<p>Ukrajinski predsjednik u subotu je uputio molbu i apelirao na pripadnike me\u0111unarodne zajednice oru\u017eanih snaga da krenu u isto\u010dnu Europu i pridru\u017ee se ratnim naporima.<\/p>\n\n\n\n<p>&#8216;Walija&#8217;, koji je kod ku\u0107e ostavio suprugu i jednogodi\u0161njeg sina, kontaktirao je prijatelj koji poma\u017ee u organiziranju &#8216;neutralnih konvoja humanitarne pomo\u0107i&#8217; u okupiranoj regiji Donbas na jugoistoku Ukrajine.<\/p>\n\n\n\n<p>Trenutak kada je odgovorio na poziv da se pridru\u017ei ukrajinskim dobrovolja\u010dkim snagama opisao je kao kad &#8220;vatrogasac za\u010duje zvonjavu uzbune&#8221;.<\/p>\n\n\n\n<p>Jo\u0161 pro\u0161log tjedna &#8216;Wali&#8217; je radio kao ra\u010dunalni programer u Kanadi. Sada se, pak, priprema za borbu protiv ruskih vojnika na lokaciji u Ukrajini gotovo 8.000 kilometara dalje.<\/p>\n\n\n\n<p>&#8220;Prije tjedan dana jo\u0161 sam programirao. Sada vadim protutenkovske projektile iz skladi\u0161ta za ubijanje ljudi&#8230; To je moja stvarnost trenuta\u010dno&#8221;, rekao je Wali za CBC News.<\/p>\n\n\n\n<p>Vi\u0161e od 20.000 ljudi iz 52 zemlje ve\u0107 se dobrovoljno prijavilo za borbu protiv ruskih okupatora u Ukrajini, gdje \u0107e slu\u017eiti u novostvorenoj me\u0111unarodnoj legiji, rekao je tijekom pro\u0161log vikenda ukrajinski ministar vanjskih poslova Dmitro Kuleba.<\/p>\n\n\n\n<p>&#8220;Znam da je to grozno, ali ja kada u svojoj glavi vidim slike razaranja u Ukrajini, vidim svog sina koji je u opasnosti i koji pati&#8221;, rekao je Kuleba.<\/p>\n\n\n\n<p>Njegova supruga, \u010diji je identitet za\u0161ti\u0107en iz sigurnosnih razloga, rekla je kako mu je nevoljko dopustila da ode te da bi ga zadr\u017eavanje kod ku\u0107e bilo &#8216;kao da ga se strpa u zatvor&#8217;.<\/p>\n\n\n\n<p>&#8216;Wali&#8217; je do\u010dekan zagrljajima lokalnog stanovni\u0161tva nakon \u0161to je u petak 4. o\u017eujka zajedno s trojicom biv\u0161ih kanadskih vojnika stigao u Ukrajinu.<\/p>\n\n\n\n<p>No, ulaze\u0107i dublje u srce Ukrajine i svjedo\u010de\u0107i razaranju koje su po\u010dinile ruski vojnici i topni\u010dki udari, &#8216;Wali&#8217; je rekao da se osje\u0107ao primoran djelovati.<\/p>\n\n\n\n<p>&#8220;\u017delim im pomo\u0107i. Tako je jednostavno&#8221;, ka\u017ee Wali. &#8220;Kad ugledam uni\u0161tenu zgradu, vidim osobu u \u010dijem je vlasni\u0161tvu, koja gleda kako se njezin &#8216;mirovinski fond&#8217; pretvara u dim. Moram pomo\u0107i jer ovdje ima ljudi koji su bombardirani samo zato \u0161to \u017eele biti Europljani, a ne Rusi. Idem tamo iz humanitarnih razloga&#8221;, rekao je ranije Wali.<\/p>\n\n\n\n<p>Skupina veterana dragovoljaca trenuta\u010dno je smje\u0161tena u napu\u0161tenu ku\u0107u i uskoro se planiraju povezati s ukrajinskim obrambenim snagama.<\/p>\n\n\n\n<p>Ukrajina planira na terenu postaviti pri\u010duvnu jedinicu od oko 10.000 obu\u010denih \u010dasnika i vi\u0161e od 120.000 dragovoljaca za odbijanje ruskih snaga.<\/p>\n\n\n\n<p>Izvor:jutarnji.hr<\/p>\n","protected":false},"excerpt":{"rendered":"<p>Jedan od najsmrtonosnijih snajperista na svijetu trebao bi se pridru\u017eiti borbama u Ukrajini nakon \u0161to je odgovorio na poziv ukrajinskog predsjednika Volodimira Zelenskog koji je uputio apel stranim dragovoljcima da pomognu zemlji u borbi protiv ruskih okupatora. Taj kanadski strijelac, poznat samo po svom nadimku &#8216;Wali&#8217;, dolazi iz elitne 22. kraljevske kanadske pukovnije i ima [&hellip;]<\/p>\n","protected":false},"author":2,"featured_media":119932,"comment_status":"closed","ping_status":"closed","sticky":false,"template":"","format":"standard","meta":{"h5ap_radio_sources":[],"footnotes":""},"categories":[1],"tags":[],"class_list":["post-119931","post","type-post","status-publish","format-standard","has-post-thumbnail","hentry","category-bihiregija"],"yoast_head":"<!-- This site is optimized with the Yoast SEO plugin v27.5 - https:\/\/yoast.com\/product\/yoast-seo-wordpress\/ -->\n<title>Poznat samo po nadimku \u2018Wali\u2018: Jedan od najsmrtonosnijih snajperista na svijetu stigao u Ukrajinu - RADIO LJUBU\u0160KI<\/title>\n<meta name=\"robots\" content=\"index, follow, max-snippet:-1, max-image-preview:large, max-video-preview:-1\" \/>\n<link rel=\"canonical\" href=\"https:\/\/radioljubuski.ba\/index.php\/2022\/03\/10\/poznat-samo-po-nadimku-wali-jedan-od-najsmrtonosnijih-snajperista-na-svijetu-stigao-u-ukrajinu\/\" \/>\n<meta property=\"og:locale\" content=\"hr_HR\" \/>\n<meta property=\"og:type\" content=\"article\" \/>\n<meta property=\"og:title\" content=\"Poznat samo po nadimku \u2018Wali\u2018: Jedan od najsmrtonosnijih snajperista na svijetu stigao u Ukrajinu - RADIO LJUBU\u0160KI\" \/>\n<meta property=\"og:description\" content=\"Jedan od najsmrtonosnijih snajperista na svijetu trebao bi se pridru\u017eiti borbama u Ukrajini nakon \u0161to je odgovorio na poziv ukrajinskog predsjednika Volodimira Zelenskog koji je uputio apel stranim dragovoljcima da pomognu zemlji u borbi protiv ruskih okupatora. Taj kanadski strijelac, poznat samo po svom nadimku &#8216;Wali&#8217;, dolazi iz elitne 22. kraljevske kanadske pukovnije i ima [&hellip;]\" \/>\n<meta property=\"og:url\" content=\"https:\/\/radioljubuski.ba\/index.php\/2022\/03\/10\/poznat-samo-po-nadimku-wali-jedan-od-najsmrtonosnijih-snajperista-na-svijetu-stigao-u-ukrajinu\/\" \/>\n<meta property=\"og:site_name\" content=\"RADIO LJUBU\u0160KI\" \/>\n<meta property=\"article:publisher\" content=\"https:\/\/www.facebook.com\/Radiio-Ljubuski-1490835324566332\" \/>\n<meta property=\"article:published_time\" content=\"2022-03-10T11:08:42+00:00\" \/>\n<meta property=\"article:modified_time\" content=\"2022-03-10T11:08:44+00:00\" \/>\n<meta property=\"og:image\" content=\"https:\/\/radioljubuski.ba\/wp-content\/uploads\/2022\/03\/8-2022-03-10-11-09-32-SNAJPERIST.jpg\" \/>\n\t<meta property=\"og:image:width\" content=\"1000\" \/>\n\t<meta property=\"og:image:height\" content=\"625\" \/>\n\t<meta property=\"og:image:type\" content=\"image\/jpeg\" \/>\n<meta name=\"author\" content=\"Radio Ljubu\u0161ki\" \/>\n<meta name=\"twitter:card\" content=\"summary_large_image\" \/>\n<meta name=\"twitter:creator\" content=\"@radioljubuski\" \/>\n<meta name=\"twitter:site\" content=\"@radioljubuski\" \/>\n<meta name=\"twitter:label1\" content=\"Napisao\/la\" \/>\n\t<meta name=\"twitter:data1\" content=\"Radio Ljubu\u0161ki\" \/>\n\t<meta name=\"twitter:label2\" content=\"Procijenjeno vrijeme \u010ditanja\" \/>\n\t<meta name=\"twitter:data2\" content=\"3 minute\" \/>\n<script type=\"application\/ld+json\" class=\"yoast-schema-graph\">{\"@context\":\"https:\\\/\\\/schema.org\",\"@graph\":[{\"@type\":\"Article\",\"@id\":\"https:\\\/\\\/radioljubuski.ba\\\/index.php\\\/2022\\\/03\\\/10\\\/poznat-samo-po-nadimku-wali-jedan-od-najsmrtonosnijih-snajperista-na-svijetu-stigao-u-ukrajinu\\\/#article\",\"isPartOf\":{\"@id\":\"https:\\\/\\\/radioljubuski.ba\\\/index.php\\\/2022\\\/03\\\/10\\\/poznat-samo-po-nadimku-wali-jedan-od-najsmrtonosnijih-snajperista-na-svijetu-stigao-u-ukrajinu\\\/\"},\"author\":{\"name\":\"Radio Ljubu\u0161ki\",\"@id\":\"https:\\\/\\\/radioljubuski.ba\\\/#\\\/schema\\\/person\\\/19fc700381a780f69665d7956c469e3b\"},\"headline\":\"Poznat samo po nadimku \u2018Wali\u2018: Jedan od najsmrtonosnijih snajperista na svijetu stigao u Ukrajinu\",\"datePublished\":\"2022-03-10T11:08:42+00:00\",\"dateModified\":\"2022-03-10T11:08:44+00:00\",\"mainEntityOfPage\":{\"@id\":\"https:\\\/\\\/radioljubuski.ba\\\/index.php\\\/2022\\\/03\\\/10\\\/poznat-samo-po-nadimku-wali-jedan-od-najsmrtonosnijih-snajperista-na-svijetu-stigao-u-ukrajinu\\\/\"},\"wordCount\":572,\"publisher\":{\"@id\":\"https:\\\/\\\/radioljubuski.ba\\\/#organization\"},\"image\":{\"@id\":\"https:\\\/\\\/radioljubuski.ba\\\/index.php\\\/2022\\\/03\\\/10\\\/poznat-samo-po-nadimku-wali-jedan-od-najsmrtonosnijih-snajperista-na-svijetu-stigao-u-ukrajinu\\\/#primaryimage\"},\"thumbnailUrl\":\"https:\\\/\\\/radioljubuski.ba\\\/wp-content\\\/uploads\\\/2022\\\/03\\\/8-2022-03-10-11-09-32-SNAJPERIST.jpg\",\"articleSection\":[\"BIH i regija\"],\"inLanguage\":\"hr\"},{\"@type\":\"WebPage\",\"@id\":\"https:\\\/\\\/radioljubuski.ba\\\/index.php\\\/2022\\\/03\\\/10\\\/poznat-samo-po-nadimku-wali-jedan-od-najsmrtonosnijih-snajperista-na-svijetu-stigao-u-ukrajinu\\\/\",\"url\":\"https:\\\/\\\/radioljubuski.ba\\\/index.php\\\/2022\\\/03\\\/10\\\/poznat-samo-po-nadimku-wali-jedan-od-najsmrtonosnijih-snajperista-na-svijetu-stigao-u-ukrajinu\\\/\",\"name\":\"Poznat samo po nadimku \u2018Wali\u2018: Jedan od najsmrtonosnijih snajperista na svijetu stigao u Ukrajinu - RADIO LJUBU\u0160KI\",\"isPartOf\":{\"@id\":\"https:\\\/\\\/radioljubuski.ba\\\/#website\"},\"primaryImageOfPage\":{\"@id\":\"https:\\\/\\\/radioljubuski.ba\\\/index.php\\\/2022\\\/03\\\/10\\\/poznat-samo-po-nadimku-wali-jedan-od-najsmrtonosnijih-snajperista-na-svijetu-stigao-u-ukrajinu\\\/#primaryimage\"},\"image\":{\"@id\":\"https:\\\/\\\/radioljubuski.ba\\\/index.php\\\/2022\\\/03\\\/10\\\/poznat-samo-po-nadimku-wali-jedan-od-najsmrtonosnijih-snajperista-na-svijetu-stigao-u-ukrajinu\\\/#primaryimage\"},\"thumbnailUrl\":\"https:\\\/\\\/radioljubuski.ba\\\/wp-content\\\/uploads\\\/2022\\\/03\\\/8-2022-03-10-11-09-32-SNAJPERIST.jpg\",\"datePublished\":\"2022-03-10T11:08:42+00:00\",\"dateModified\":\"2022-03-10T11:08:44+00:00\",\"breadcrumb\":{\"@id\":\"https:\\\/\\\/radioljubuski.ba\\\/index.php\\\/2022\\\/03\\\/10\\\/poznat-samo-po-nadimku-wali-jedan-od-najsmrtonosnijih-snajperista-na-svijetu-stigao-u-ukrajinu\\\/#breadcrumb\"},\"inLanguage\":\"hr\",\"potentialAction\":[{\"@type\":\"ReadAction\",\"target\":[\"https:\\\/\\\/radioljubuski.ba\\\/index.php\\\/2022\\\/03\\\/10\\\/poznat-samo-po-nadimku-wali-jedan-od-najsmrtonosnijih-snajperista-na-svijetu-stigao-u-ukrajinu\\\/\"]}]},{\"@type\":\"ImageObject\",\"inLanguage\":\"hr\",\"@id\":\"https:\\\/\\\/radioljubuski.ba\\\/index.php\\\/2022\\\/03\\\/10\\\/poznat-samo-po-nadimku-wali-jedan-od-najsmrtonosnijih-snajperista-na-svijetu-stigao-u-ukrajinu\\\/#primaryimage\",\"url\":\"https:\\\/\\\/radioljubuski.ba\\\/wp-content\\\/uploads\\\/2022\\\/03\\\/8-2022-03-10-11-09-32-SNAJPERIST.jpg\",\"contentUrl\":\"https:\\\/\\\/radioljubuski.ba\\\/wp-content\\\/uploads\\\/2022\\\/03\\\/8-2022-03-10-11-09-32-SNAJPERIST.jpg\",\"width\":1000,\"height\":625},{\"@type\":\"BreadcrumbList\",\"@id\":\"https:\\\/\\\/radioljubuski.ba\\\/index.php\\\/2022\\\/03\\\/10\\\/poznat-samo-po-nadimku-wali-jedan-od-najsmrtonosnijih-snajperista-na-svijetu-stigao-u-ukrajinu\\\/#breadcrumb\",\"itemListElement\":[{\"@type\":\"ListItem\",\"position\":1,\"name\":\"Po\u010detna stranica\",\"item\":\"https:\\\/\\\/radioljubuski.ba\\\/\"},{\"@type\":\"ListItem\",\"position\":2,\"name\":\"Poznat samo po nadimku \u2018Wali\u2018: Jedan od najsmrtonosnijih snajperista na svijetu stigao u Ukrajinu\"}]},{\"@type\":\"WebSite\",\"@id\":\"https:\\\/\\\/radioljubuski.ba\\\/#website\",\"url\":\"https:\\\/\\\/radioljubuski.ba\\\/\",\"name\":\"Radio Ljubu\u0161ki\",\"description\":\"Sun\u010dana frekvencija Hercegovine\",\"publisher\":{\"@id\":\"https:\\\/\\\/radioljubuski.ba\\\/#organization\"},\"potentialAction\":[{\"@type\":\"SearchAction\",\"target\":{\"@type\":\"EntryPoint\",\"urlTemplate\":\"https:\\\/\\\/radioljubuski.ba\\\/?s={search_term_string}\"},\"query-input\":{\"@type\":\"PropertyValueSpecification\",\"valueRequired\":true,\"valueName\":\"search_term_string\"}}],\"inLanguage\":\"hr\"},{\"@type\":\"Organization\",\"@id\":\"https:\\\/\\\/radioljubuski.ba\\\/#organization\",\"name\":\"Radio Ljubu\u0161ki\",\"url\":\"https:\\\/\\\/radioljubuski.ba\\\/\",\"logo\":{\"@type\":\"ImageObject\",\"inLanguage\":\"hr\",\"@id\":\"https:\\\/\\\/radioljubuski.ba\\\/#\\\/schema\\\/logo\\\/image\\\/\",\"url\":\"https:\\\/\\\/radioljubuski.ba\\\/wp-content\\\/uploads\\\/2021\\\/02\\\/cropped-Radio_Ljubuski_logo1.jpg\",\"contentUrl\":\"https:\\\/\\\/radioljubuski.ba\\\/wp-content\\\/uploads\\\/2021\\\/02\\\/cropped-Radio_Ljubuski_logo1.jpg\",\"width\":512,\"height\":512,\"caption\":\"Radio Ljubu\u0161ki\"},\"image\":{\"@id\":\"https:\\\/\\\/radioljubuski.ba\\\/#\\\/schema\\\/logo\\\/image\\\/\"},\"sameAs\":[\"https:\\\/\\\/www.facebook.com\\\/Radiio-Ljubuski-1490835324566332\",\"https:\\\/\\\/x.com\\\/radioljubuski\",\"https:\\\/\\\/hr.linkedin.com\\\/company\\\/radio-ljubuski\",\"https:\\\/\\\/www.youtube.com\\\/channel\\\/UCHYaeO_n0Db3tjNGudGpXyw\"]},{\"@type\":\"Person\",\"@id\":\"https:\\\/\\\/radioljubuski.ba\\\/#\\\/schema\\\/person\\\/19fc700381a780f69665d7956c469e3b\",\"name\":\"Radio Ljubu\u0161ki\"}]}<\/script>\n<!-- \/ Yoast SEO plugin. -->","yoast_head_json":{"title":"Poznat samo po nadimku \u2018Wali\u2018: Jedan od najsmrtonosnijih snajperista na svijetu stigao u Ukrajinu - RADIO LJUBU\u0160KI","robots":{"index":"index","follow":"follow","max-snippet":"max-snippet:-1","max-image-preview":"max-image-preview:large","max-video-preview":"max-video-preview:-1"},"canonical":"https:\/\/radioljubuski.ba\/index.php\/2022\/03\/10\/poznat-samo-po-nadimku-wali-jedan-od-najsmrtonosnijih-snajperista-na-svijetu-stigao-u-ukrajinu\/","og_locale":"hr_HR","og_type":"article","og_title":"Poznat samo po nadimku \u2018Wali\u2018: Jedan od najsmrtonosnijih snajperista na svijetu stigao u Ukrajinu - RADIO LJUBU\u0160KI","og_description":"Jedan od najsmrtonosnijih snajperista na svijetu trebao bi se pridru\u017eiti borbama u Ukrajini nakon \u0161to je odgovorio na poziv ukrajinskog predsjednika Volodimira Zelenskog koji je uputio apel stranim dragovoljcima da pomognu zemlji u borbi protiv ruskih okupatora. Taj kanadski strijelac, poznat samo po svom nadimku &#8216;Wali&#8217;, dolazi iz elitne 22. kraljevske kanadske pukovnije i ima [&hellip;]","og_url":"https:\/\/radioljubuski.ba\/index.php\/2022\/03\/10\/poznat-samo-po-nadimku-wali-jedan-od-najsmrtonosnijih-snajperista-na-svijetu-stigao-u-ukrajinu\/","og_site_name":"RADIO LJUBU\u0160KI","article_publisher":"https:\/\/www.facebook.com\/Radiio-Ljubuski-1490835324566332","article_published_time":"2022-03-10T11:08:42+00:00","article_modified_time":"2022-03-10T11:08:44+00:00","og_image":[{"width":1000,"height":625,"url":"https:\/\/radioljubuski.ba\/wp-content\/uploads\/2022\/03\/8-2022-03-10-11-09-32-SNAJPERIST.jpg","type":"image\/jpeg"}],"author":"Radio Ljubu\u0161ki","twitter_card":"summary_large_image","twitter_creator":"@radioljubuski","twitter_site":"@radioljubuski","twitter_misc":{"Napisao\/la":"Radio Ljubu\u0161ki","Procijenjeno vrijeme \u010ditanja":"3 minute"},"schema":{"@context":"https:\/\/schema.org","@graph":[{"@type":"Article","@id":"https:\/\/radioljubuski.ba\/index.php\/2022\/03\/10\/poznat-samo-po-nadimku-wali-jedan-od-najsmrtonosnijih-snajperista-na-svijetu-stigao-u-ukrajinu\/#article","isPartOf":{"@id":"https:\/\/radioljubuski.ba\/index.php\/2022\/03\/10\/poznat-samo-po-nadimku-wali-jedan-od-najsmrtonosnijih-snajperista-na-svijetu-stigao-u-ukrajinu\/"},"author":{"name":"Radio Ljubu\u0161ki","@id":"https:\/\/radioljubuski.ba\/#\/schema\/person\/19fc700381a780f69665d7956c469e3b"},"headline":"Poznat samo po nadimku \u2018Wali\u2018: Jedan od najsmrtonosnijih snajperista na svijetu stigao u Ukrajinu","datePublished":"2022-03-10T11:08:42+00:00","dateModified":"2022-03-10T11:08:44+00:00","mainEntityOfPage":{"@id":"https:\/\/radioljubuski.ba\/index.php\/2022\/03\/10\/poznat-samo-po-nadimku-wali-jedan-od-najsmrtonosnijih-snajperista-na-svijetu-stigao-u-ukrajinu\/"},"wordCount":572,"publisher":{"@id":"https:\/\/radioljubuski.ba\/#organization"},"image":{"@id":"https:\/\/radioljubuski.ba\/index.php\/2022\/03\/10\/poznat-samo-po-nadimku-wali-jedan-od-najsmrtonosnijih-snajperista-na-svijetu-stigao-u-ukrajinu\/#primaryimage"},"thumbnailUrl":"https:\/\/radioljubuski.ba\/wp-content\/uploads\/2022\/03\/8-2022-03-10-11-09-32-SNAJPERIST.jpg","articleSection":["BIH i regija"],"inLanguage":"hr"},{"@type":"WebPage","@id":"https:\/\/radioljubuski.ba\/index.php\/2022\/03\/10\/poznat-samo-po-nadimku-wali-jedan-od-najsmrtonosnijih-snajperista-na-svijetu-stigao-u-ukrajinu\/","url":"https:\/\/radioljubuski.ba\/index.php\/2022\/03\/10\/poznat-samo-po-nadimku-wali-jedan-od-najsmrtonosnijih-snajperista-na-svijetu-stigao-u-ukrajinu\/","name":"Poznat samo po nadimku \u2018Wali\u2018: Jedan od najsmrtonosnijih snajperista na svijetu stigao u Ukrajinu - RADIO LJUBU\u0160KI","isPartOf":{"@id":"https:\/\/radioljubuski.ba\/#website"},"primaryImageOfPage":{"@id":"https:\/\/radioljubuski.ba\/index.php\/2022\/03\/10\/poznat-samo-po-nadimku-wali-jedan-od-najsmrtonosnijih-snajperista-na-svijetu-stigao-u-ukrajinu\/#primaryimage"},"image":{"@id":"https:\/\/radioljubuski.ba\/index.php\/2022\/03\/10\/poznat-samo-po-nadimku-wali-jedan-od-najsmrtonosnijih-snajperista-na-svijetu-stigao-u-ukrajinu\/#primaryimage"},"thumbnailUrl":"https:\/\/radioljubuski.ba\/wp-content\/uploads\/2022\/03\/8-2022-03-10-11-09-32-SNAJPERIST.jpg","datePublished":"2022-03-10T11:08:42+00:00","dateModified":"2022-03-10T11:08:44+00:00","breadcrumb":{"@id":"https:\/\/radioljubuski.ba\/index.php\/2022\/03\/10\/poznat-samo-po-nadimku-wali-jedan-od-najsmrtonosnijih-snajperista-na-svijetu-stigao-u-ukrajinu\/#breadcrumb"},"inLanguage":"hr","potentialAction":[{"@type":"ReadAction","target":["https:\/\/radioljubuski.ba\/index.php\/2022\/03\/10\/poznat-samo-po-nadimku-wali-jedan-od-najsmrtonosnijih-snajperista-na-svijetu-stigao-u-ukrajinu\/"]}]},{"@type":"ImageObject","inLanguage":"hr","@id":"https:\/\/radioljubuski.ba\/index.php\/2022\/03\/10\/poznat-samo-po-nadimku-wali-jedan-od-najsmrtonosnijih-snajperista-na-svijetu-stigao-u-ukrajinu\/#primaryimage","url":"https:\/\/radioljubuski.ba\/wp-content\/uploads\/2022\/03\/8-2022-03-10-11-09-32-SNAJPERIST.jpg","contentUrl":"https:\/\/radioljubuski.ba\/wp-content\/uploads\/2022\/03\/8-2022-03-10-11-09-32-SNAJPERIST.jpg","width":1000,"height":625},{"@type":"BreadcrumbList","@id":"https:\/\/radioljubuski.ba\/index.php\/2022\/03\/10\/poznat-samo-po-nadimku-wali-jedan-od-najsmrtonosnijih-snajperista-na-svijetu-stigao-u-ukrajinu\/#breadcrumb","itemListElement":[{"@type":"ListItem","position":1,"name":"Po\u010detna stranica","item":"https:\/\/radioljubuski.ba\/"},{"@type":"ListItem","position":2,"name":"Poznat samo po nadimku \u2018Wali\u2018: Jedan od najsmrtonosnijih snajperista na svijetu stigao u Ukrajinu"}]},{"@type":"WebSite","@id":"https:\/\/radioljubuski.ba\/#website","url":"https:\/\/radioljubuski.ba\/","name":"Radio Ljubu\u0161ki","description":"Sun\u010dana frekvencija Hercegovine","publisher":{"@id":"https:\/\/radioljubuski.ba\/#organization"},"potentialAction":[{"@type":"SearchAction","target":{"@type":"EntryPoint","urlTemplate":"https:\/\/radioljubuski.ba\/?s={search_term_string}"},"query-input":{"@type":"PropertyValueSpecification","valueRequired":true,"valueName":"search_term_string"}}],"inLanguage":"hr"},{"@type":"Organization","@id":"https:\/\/radioljubuski.ba\/#organization","name":"Radio Ljubu\u0161ki","url":"https:\/\/radioljubuski.ba\/","logo":{"@type":"ImageObject","inLanguage":"hr","@id":"https:\/\/radioljubuski.ba\/#\/schema\/logo\/image\/","url":"https:\/\/radioljubuski.ba\/wp-content\/uploads\/2021\/02\/cropped-Radio_Ljubuski_logo1.jpg","contentUrl":"https:\/\/radioljubuski.ba\/wp-content\/uploads\/2021\/02\/cropped-Radio_Ljubuski_logo1.jpg","width":512,"height":512,"caption":"Radio Ljubu\u0161ki"},"image":{"@id":"https:\/\/radioljubuski.ba\/#\/schema\/logo\/image\/"},"sameAs":["https:\/\/www.facebook.com\/Radiio-Ljubuski-1490835324566332","https:\/\/x.com\/radioljubuski","https:\/\/hr.linkedin.com\/company\/radio-ljubuski","https:\/\/www.youtube.com\/channel\/UCHYaeO_n0Db3tjNGudGpXyw"]},{"@type":"Person","@id":"https:\/\/radioljubuski.ba\/#\/schema\/person\/19fc700381a780f69665d7956c469e3b","name":"Radio Ljubu\u0161ki"}]}},"_links":{"self":[{"href":"https:\/\/radioljubuski.ba\/index.php\/wp-json\/wp\/v2\/posts\/119931","targetHints":{"allow":["GET"]}}],"collection":[{"href":"https:\/\/radioljubuski.ba\/index.php\/wp-json\/wp\/v2\/posts"}],"about":[{"href":"https:\/\/radioljubuski.ba\/index.php\/wp-json\/wp\/v2\/types\/post"}],"author":[{"embeddable":true,"href":"https:\/\/radioljubuski.ba\/index.php\/wp-json\/wp\/v2\/users\/2"}],"replies":[{"embeddable":true,"href":"https:\/\/radioljubuski.ba\/index.php\/wp-json\/wp\/v2\/comments?post=119931"}],"version-history":[{"count":1,"href":"https:\/\/radioljubuski.ba\/index.php\/wp-json\/wp\/v2\/posts\/119931\/revisions"}],"predecessor-version":[{"id":119933,"href":"https:\/\/radioljubuski.ba\/index.php\/wp-json\/wp\/v2\/posts\/119931\/revisions\/119933"}],"wp:featuredmedia":[{"embeddable":true,"href":"https:\/\/radioljubuski.ba\/index.php\/wp-json\/wp\/v2\/media\/119932"}],"wp:attachment":[{"href":"https:\/\/radioljubuski.ba\/index.php\/wp-json\/wp\/v2\/media?parent=119931"}],"wp:term":[{"taxonomy":"category","embeddable":true,"href":"https:\/\/radioljubuski.ba\/index.php\/wp-json\/wp\/v2\/categories?post=119931"},{"taxonomy":"post_tag","embeddable":true,"href":"https:\/\/radioljubuski.ba\/index.php\/wp-json\/wp\/v2\/tags?post=119931"}],"curies":[{"name":"wp","href":"https:\/\/api.w.org\/{rel}","templated":true}]}}