{"id":119945,"date":"2022-03-10T13:09:42","date_gmt":"2022-03-10T12:09:42","guid":{"rendered":"https:\/\/radioljubuski.ba\/?p=119945"},"modified":"2022-03-10T13:09:43","modified_gmt":"2022-03-10T12:09:43","slug":"epidemioloska-situacija-u-fbih-nove-mjere-bez-ctp-pravila","status":"publish","type":"post","link":"https:\/\/radioljubuski.ba\/index.php\/2022\/03\/10\/epidemioloska-situacija-u-fbih-nove-mjere-bez-ctp-pravila\/","title":{"rendered":"Epidemiolo\u0161ka situacija u FBiH &#8211; Nove mjere bez CTP pravila"},"content":{"rendered":"\n<p>Vlada Federacije BiH je, na dana\u0161njoj sjednici u Sarajevu, prihvatila informaciju Kriznog sto\u017eera Federalnog ministarstva zdravstva o epidemiolo\u0161koj situaciji u FBiH sa stanjem na dan 7.3.2022. godine, s predlo\u017eenim naredbama i preporukama.<\/p>\n\n\n\n<p>Naredbe i preporuke na snagu stupaju 10.3.2022. godine, a novina je da je njihovo va\u017eenje produ\u017eeno na 30 dana.<\/p>\n\n\n\n<p>Tako\u0111er, novina je i da nove mjere ne uklju\u010duju CTP pravilo (cijepljen\/a, testiran\/a, prebolio\/ljela), pa su i ostale naredbe u skladu sa ovom novinom.<\/p>\n\n\n\n<p>Vladama \u017eupanija, odnosno kriznim sto\u017eerima&nbsp; \u017eupanijskih&nbsp; ministarstava zdravstva nare\u0111eno je da kontinuirano prate epidemiolo\u0161ku situaciju na podru\u010dju \u017eupanija te, u slu\u010daju pogor\u0161anja pravovremeno djeluju i donose mjere u odnosu na epidemiolo\u0161ku situaciju i o tome redovno izvje\u0161tavaju Krizni sto\u017eer FMZ.<\/p>\n\n\n\n<p>Ovaj \u0161tab je zadu\u017een da kontinuirano prati epidemiolo\u0161ku situaciju COVID-19 na podru\u010dju FBiH i da, u slu\u010daju pogor\u0161anja, odmah preporu\u010di Vladi FBiH nove mjere u odnosu na epidemiolo\u0161ku situaciju.<\/p>\n\n\n\n<p>Krizni sto\u017eer zadu\u017een je da dana\u0161nje zaklju\u010dke s prilozima dostavi prema kriznim sto\u017eerima&nbsp; \u017eupanijskih ministarstava zdravstva, \u017eupanijskim ministarstvima zdravstva i zdravstvenim ustanovama, klini\u010dkim centrima u FBiH, op\u0107im, \u017eupanijskim i specijalnim bolnicama, Federalnoj i \u017eupanijskim upravama za inspekcijske poslove i \u017eupanijskim upravama policije.<\/p>\n\n\n\n<p>U skladu sa zaklju\u010dkom od 8.1.2021. godine, Vlada FBiH \u0107e obavijestiti Parlament FBiH o epidemiolo\u0161koj situaciji u FBiH i mjerama koje su danas donesene s ciljem za\u0161tite zdravlja gra\u0111ana i smanjenja rizika od \u0161irenja virusa.<\/p>\n\n\n\n<p>U informaciji je navedeno da je u devetoj ovogodi\u0161njem tjednu zabilje\u017een srednje visok nivo prenosa virusa, kao i pad svih indikatora, a najve\u0107i pad bilje\u017ee broj novih potvr\u0111enih slu\u010dajeva COVID-19 i sedmodnevne incidencije.<\/p>\n\n\n\n<p>Na nivou Federacije BiH sedmodnevna incidencija iznosi 41,8 slu\u010dajeva na 100.000 stanovnika. U posljednjih sedam dana, vi\u0161e incidencije od prosje\u010dne u FBiH imaju Sarajevska (75,15) i Hercegova\u010dko-neretvanska \u017eupanija (54,39), priop\u0107eno je iz Ureda Vlade FBiH za odnose s javno\u0161\u0107u.<\/p>\n\n\n\n<p>Izvor:pogled.ba<\/p>\n","protected":false},"excerpt":{"rendered":"<p>Vlada Federacije BiH je, na dana\u0161njoj sjednici u Sarajevu, prihvatila informaciju Kriznog sto\u017eera Federalnog ministarstva zdravstva o epidemiolo\u0161koj situaciji u FBiH sa stanjem na dan 7.3.2022. godine, s predlo\u017eenim naredbama i preporukama. Naredbe i preporuke na snagu stupaju 10.3.2022. godine, a novina je da je njihovo va\u017eenje produ\u017eeno na 30 dana. Tako\u0111er, novina je i [&hellip;]<\/p>\n","protected":false},"author":2,"featured_media":46423,"comment_status":"closed","ping_status":"closed","sticky":false,"template":"","format":"standard","meta":{"h5ap_radio_sources":[],"footnotes":""},"categories":[1],"tags":[],"class_list":["post-119945","post","type-post","status-publish","format-standard","has-post-thumbnail","hentry","category-bihiregija"],"yoast_head":"<!-- This site is optimized with the Yoast SEO plugin v27.5 - https:\/\/yoast.com\/product\/yoast-seo-wordpress\/ -->\n<title>Epidemiolo\u0161ka situacija u FBiH - Nove mjere bez CTP pravila - RADIO LJUBU\u0160KI<\/title>\n<meta name=\"robots\" content=\"index, follow, max-snippet:-1, max-image-preview:large, max-video-preview:-1\" \/>\n<link rel=\"canonical\" href=\"https:\/\/radioljubuski.ba\/index.php\/2022\/03\/10\/epidemioloska-situacija-u-fbih-nove-mjere-bez-ctp-pravila\/\" \/>\n<meta property=\"og:locale\" content=\"hr_HR\" \/>\n<meta property=\"og:type\" content=\"article\" \/>\n<meta property=\"og:title\" content=\"Epidemiolo\u0161ka situacija u FBiH - Nove mjere bez CTP pravila - RADIO LJUBU\u0160KI\" \/>\n<meta property=\"og:description\" content=\"Vlada Federacije BiH je, na dana\u0161njoj sjednici u Sarajevu, prihvatila informaciju Kriznog sto\u017eera Federalnog ministarstva zdravstva o epidemiolo\u0161koj situaciji u FBiH sa stanjem na dan 7.3.2022. godine, s predlo\u017eenim naredbama i preporukama. Naredbe i preporuke na snagu stupaju 10.3.2022. godine, a novina je da je njihovo va\u017eenje produ\u017eeno na 30 dana. Tako\u0111er, novina je i [&hellip;]\" \/>\n<meta property=\"og:url\" content=\"https:\/\/radioljubuski.ba\/index.php\/2022\/03\/10\/epidemioloska-situacija-u-fbih-nove-mjere-bez-ctp-pravila\/\" \/>\n<meta property=\"og:site_name\" content=\"RADIO LJUBU\u0160KI\" \/>\n<meta property=\"article:publisher\" content=\"https:\/\/www.facebook.com\/Radiio-Ljubuski-1490835324566332\" \/>\n<meta property=\"article:published_time\" content=\"2022-03-10T12:09:42+00:00\" \/>\n<meta property=\"article:modified_time\" content=\"2022-03-10T12:09:43+00:00\" \/>\n<meta property=\"og:image\" content=\"https:\/\/radioljubuski.ba\/wp-content\/uploads\/2021\/07\/2-2021-07-25-10-45-04-koronavirus_covid19_maske_sarajevo-1.jpg\" \/>\n\t<meta property=\"og:image:width\" content=\"1000\" \/>\n\t<meta property=\"og:image:height\" content=\"625\" \/>\n\t<meta property=\"og:image:type\" content=\"image\/jpeg\" \/>\n<meta name=\"author\" content=\"Radio Ljubu\u0161ki\" \/>\n<meta name=\"twitter:card\" content=\"summary_large_image\" \/>\n<meta name=\"twitter:creator\" content=\"@radioljubuski\" \/>\n<meta name=\"twitter:site\" content=\"@radioljubuski\" \/>\n<meta name=\"twitter:label1\" content=\"Napisao\/la\" \/>\n\t<meta name=\"twitter:data1\" content=\"Radio Ljubu\u0161ki\" \/>\n\t<meta name=\"twitter:label2\" content=\"Procijenjeno vrijeme \u010ditanja\" \/>\n\t<meta name=\"twitter:data2\" content=\"2 minute\" \/>\n<script type=\"application\/ld+json\" class=\"yoast-schema-graph\">{\"@context\":\"https:\\\/\\\/schema.org\",\"@graph\":[{\"@type\":\"Article\",\"@id\":\"https:\\\/\\\/radioljubuski.ba\\\/index.php\\\/2022\\\/03\\\/10\\\/epidemioloska-situacija-u-fbih-nove-mjere-bez-ctp-pravila\\\/#article\",\"isPartOf\":{\"@id\":\"https:\\\/\\\/radioljubuski.ba\\\/index.php\\\/2022\\\/03\\\/10\\\/epidemioloska-situacija-u-fbih-nove-mjere-bez-ctp-pravila\\\/\"},\"author\":{\"name\":\"Radio Ljubu\u0161ki\",\"@id\":\"https:\\\/\\\/radioljubuski.ba\\\/#\\\/schema\\\/person\\\/19fc700381a780f69665d7956c469e3b\"},\"headline\":\"Epidemiolo\u0161ka situacija u FBiH &#8211; Nove mjere bez CTP pravila\",\"datePublished\":\"2022-03-10T12:09:42+00:00\",\"dateModified\":\"2022-03-10T12:09:43+00:00\",\"mainEntityOfPage\":{\"@id\":\"https:\\\/\\\/radioljubuski.ba\\\/index.php\\\/2022\\\/03\\\/10\\\/epidemioloska-situacija-u-fbih-nove-mjere-bez-ctp-pravila\\\/\"},\"wordCount\":352,\"publisher\":{\"@id\":\"https:\\\/\\\/radioljubuski.ba\\\/#organization\"},\"image\":{\"@id\":\"https:\\\/\\\/radioljubuski.ba\\\/index.php\\\/2022\\\/03\\\/10\\\/epidemioloska-situacija-u-fbih-nove-mjere-bez-ctp-pravila\\\/#primaryimage\"},\"thumbnailUrl\":\"https:\\\/\\\/radioljubuski.ba\\\/wp-content\\\/uploads\\\/2021\\\/07\\\/2-2021-07-25-10-45-04-koronavirus_covid19_maske_sarajevo-1.jpg\",\"articleSection\":[\"BIH i regija\"],\"inLanguage\":\"hr\"},{\"@type\":\"WebPage\",\"@id\":\"https:\\\/\\\/radioljubuski.ba\\\/index.php\\\/2022\\\/03\\\/10\\\/epidemioloska-situacija-u-fbih-nove-mjere-bez-ctp-pravila\\\/\",\"url\":\"https:\\\/\\\/radioljubuski.ba\\\/index.php\\\/2022\\\/03\\\/10\\\/epidemioloska-situacija-u-fbih-nove-mjere-bez-ctp-pravila\\\/\",\"name\":\"Epidemiolo\u0161ka situacija u FBiH - Nove mjere bez CTP pravila - RADIO LJUBU\u0160KI\",\"isPartOf\":{\"@id\":\"https:\\\/\\\/radioljubuski.ba\\\/#website\"},\"primaryImageOfPage\":{\"@id\":\"https:\\\/\\\/radioljubuski.ba\\\/index.php\\\/2022\\\/03\\\/10\\\/epidemioloska-situacija-u-fbih-nove-mjere-bez-ctp-pravila\\\/#primaryimage\"},\"image\":{\"@id\":\"https:\\\/\\\/radioljubuski.ba\\\/index.php\\\/2022\\\/03\\\/10\\\/epidemioloska-situacija-u-fbih-nove-mjere-bez-ctp-pravila\\\/#primaryimage\"},\"thumbnailUrl\":\"https:\\\/\\\/radioljubuski.ba\\\/wp-content\\\/uploads\\\/2021\\\/07\\\/2-2021-07-25-10-45-04-koronavirus_covid19_maske_sarajevo-1.jpg\",\"datePublished\":\"2022-03-10T12:09:42+00:00\",\"dateModified\":\"2022-03-10T12:09:43+00:00\",\"breadcrumb\":{\"@id\":\"https:\\\/\\\/radioljubuski.ba\\\/index.php\\\/2022\\\/03\\\/10\\\/epidemioloska-situacija-u-fbih-nove-mjere-bez-ctp-pravila\\\/#breadcrumb\"},\"inLanguage\":\"hr\",\"potentialAction\":[{\"@type\":\"ReadAction\",\"target\":[\"https:\\\/\\\/radioljubuski.ba\\\/index.php\\\/2022\\\/03\\\/10\\\/epidemioloska-situacija-u-fbih-nove-mjere-bez-ctp-pravila\\\/\"]}]},{\"@type\":\"ImageObject\",\"inLanguage\":\"hr\",\"@id\":\"https:\\\/\\\/radioljubuski.ba\\\/index.php\\\/2022\\\/03\\\/10\\\/epidemioloska-situacija-u-fbih-nove-mjere-bez-ctp-pravila\\\/#primaryimage\",\"url\":\"https:\\\/\\\/radioljubuski.ba\\\/wp-content\\\/uploads\\\/2021\\\/07\\\/2-2021-07-25-10-45-04-koronavirus_covid19_maske_sarajevo-1.jpg\",\"contentUrl\":\"https:\\\/\\\/radioljubuski.ba\\\/wp-content\\\/uploads\\\/2021\\\/07\\\/2-2021-07-25-10-45-04-koronavirus_covid19_maske_sarajevo-1.jpg\",\"width\":1000,\"height\":625},{\"@type\":\"BreadcrumbList\",\"@id\":\"https:\\\/\\\/radioljubuski.ba\\\/index.php\\\/2022\\\/03\\\/10\\\/epidemioloska-situacija-u-fbih-nove-mjere-bez-ctp-pravila\\\/#breadcrumb\",\"itemListElement\":[{\"@type\":\"ListItem\",\"position\":1,\"name\":\"Po\u010detna stranica\",\"item\":\"https:\\\/\\\/radioljubuski.ba\\\/\"},{\"@type\":\"ListItem\",\"position\":2,\"name\":\"Epidemiolo\u0161ka situacija u FBiH &#8211; Nove mjere bez CTP pravila\"}]},{\"@type\":\"WebSite\",\"@id\":\"https:\\\/\\\/radioljubuski.ba\\\/#website\",\"url\":\"https:\\\/\\\/radioljubuski.ba\\\/\",\"name\":\"Radio Ljubu\u0161ki\",\"description\":\"Sun\u010dana frekvencija Hercegovine\",\"publisher\":{\"@id\":\"https:\\\/\\\/radioljubuski.ba\\\/#organization\"},\"potentialAction\":[{\"@type\":\"SearchAction\",\"target\":{\"@type\":\"EntryPoint\",\"urlTemplate\":\"https:\\\/\\\/radioljubuski.ba\\\/?s={search_term_string}\"},\"query-input\":{\"@type\":\"PropertyValueSpecification\",\"valueRequired\":true,\"valueName\":\"search_term_string\"}}],\"inLanguage\":\"hr\"},{\"@type\":\"Organization\",\"@id\":\"https:\\\/\\\/radioljubuski.ba\\\/#organization\",\"name\":\"Radio Ljubu\u0161ki\",\"url\":\"https:\\\/\\\/radioljubuski.ba\\\/\",\"logo\":{\"@type\":\"ImageObject\",\"inLanguage\":\"hr\",\"@id\":\"https:\\\/\\\/radioljubuski.ba\\\/#\\\/schema\\\/logo\\\/image\\\/\",\"url\":\"https:\\\/\\\/radioljubuski.ba\\\/wp-content\\\/uploads\\\/2021\\\/02\\\/cropped-Radio_Ljubuski_logo1.jpg\",\"contentUrl\":\"https:\\\/\\\/radioljubuski.ba\\\/wp-content\\\/uploads\\\/2021\\\/02\\\/cropped-Radio_Ljubuski_logo1.jpg\",\"width\":512,\"height\":512,\"caption\":\"Radio Ljubu\u0161ki\"},\"image\":{\"@id\":\"https:\\\/\\\/radioljubuski.ba\\\/#\\\/schema\\\/logo\\\/image\\\/\"},\"sameAs\":[\"https:\\\/\\\/www.facebook.com\\\/Radiio-Ljubuski-1490835324566332\",\"https:\\\/\\\/x.com\\\/radioljubuski\",\"https:\\\/\\\/hr.linkedin.com\\\/company\\\/radio-ljubuski\",\"https:\\\/\\\/www.youtube.com\\\/channel\\\/UCHYaeO_n0Db3tjNGudGpXyw\"]},{\"@type\":\"Person\",\"@id\":\"https:\\\/\\\/radioljubuski.ba\\\/#\\\/schema\\\/person\\\/19fc700381a780f69665d7956c469e3b\",\"name\":\"Radio Ljubu\u0161ki\"}]}<\/script>\n<!-- \/ Yoast SEO plugin. -->","yoast_head_json":{"title":"Epidemiolo\u0161ka situacija u FBiH - Nove mjere bez CTP pravila - RADIO LJUBU\u0160KI","robots":{"index":"index","follow":"follow","max-snippet":"max-snippet:-1","max-image-preview":"max-image-preview:large","max-video-preview":"max-video-preview:-1"},"canonical":"https:\/\/radioljubuski.ba\/index.php\/2022\/03\/10\/epidemioloska-situacija-u-fbih-nove-mjere-bez-ctp-pravila\/","og_locale":"hr_HR","og_type":"article","og_title":"Epidemiolo\u0161ka situacija u FBiH - Nove mjere bez CTP pravila - RADIO LJUBU\u0160KI","og_description":"Vlada Federacije BiH je, na dana\u0161njoj sjednici u Sarajevu, prihvatila informaciju Kriznog sto\u017eera Federalnog ministarstva zdravstva o epidemiolo\u0161koj situaciji u FBiH sa stanjem na dan 7.3.2022. godine, s predlo\u017eenim naredbama i preporukama. Naredbe i preporuke na snagu stupaju 10.3.2022. godine, a novina je da je njihovo va\u017eenje produ\u017eeno na 30 dana. Tako\u0111er, novina je i [&hellip;]","og_url":"https:\/\/radioljubuski.ba\/index.php\/2022\/03\/10\/epidemioloska-situacija-u-fbih-nove-mjere-bez-ctp-pravila\/","og_site_name":"RADIO LJUBU\u0160KI","article_publisher":"https:\/\/www.facebook.com\/Radiio-Ljubuski-1490835324566332","article_published_time":"2022-03-10T12:09:42+00:00","article_modified_time":"2022-03-10T12:09:43+00:00","og_image":[{"width":1000,"height":625,"url":"https:\/\/radioljubuski.ba\/wp-content\/uploads\/2021\/07\/2-2021-07-25-10-45-04-koronavirus_covid19_maske_sarajevo-1.jpg","type":"image\/jpeg"}],"author":"Radio Ljubu\u0161ki","twitter_card":"summary_large_image","twitter_creator":"@radioljubuski","twitter_site":"@radioljubuski","twitter_misc":{"Napisao\/la":"Radio Ljubu\u0161ki","Procijenjeno vrijeme \u010ditanja":"2 minute"},"schema":{"@context":"https:\/\/schema.org","@graph":[{"@type":"Article","@id":"https:\/\/radioljubuski.ba\/index.php\/2022\/03\/10\/epidemioloska-situacija-u-fbih-nove-mjere-bez-ctp-pravila\/#article","isPartOf":{"@id":"https:\/\/radioljubuski.ba\/index.php\/2022\/03\/10\/epidemioloska-situacija-u-fbih-nove-mjere-bez-ctp-pravila\/"},"author":{"name":"Radio Ljubu\u0161ki","@id":"https:\/\/radioljubuski.ba\/#\/schema\/person\/19fc700381a780f69665d7956c469e3b"},"headline":"Epidemiolo\u0161ka situacija u FBiH &#8211; Nove mjere bez CTP pravila","datePublished":"2022-03-10T12:09:42+00:00","dateModified":"2022-03-10T12:09:43+00:00","mainEntityOfPage":{"@id":"https:\/\/radioljubuski.ba\/index.php\/2022\/03\/10\/epidemioloska-situacija-u-fbih-nove-mjere-bez-ctp-pravila\/"},"wordCount":352,"publisher":{"@id":"https:\/\/radioljubuski.ba\/#organization"},"image":{"@id":"https:\/\/radioljubuski.ba\/index.php\/2022\/03\/10\/epidemioloska-situacija-u-fbih-nove-mjere-bez-ctp-pravila\/#primaryimage"},"thumbnailUrl":"https:\/\/radioljubuski.ba\/wp-content\/uploads\/2021\/07\/2-2021-07-25-10-45-04-koronavirus_covid19_maske_sarajevo-1.jpg","articleSection":["BIH i regija"],"inLanguage":"hr"},{"@type":"WebPage","@id":"https:\/\/radioljubuski.ba\/index.php\/2022\/03\/10\/epidemioloska-situacija-u-fbih-nove-mjere-bez-ctp-pravila\/","url":"https:\/\/radioljubuski.ba\/index.php\/2022\/03\/10\/epidemioloska-situacija-u-fbih-nove-mjere-bez-ctp-pravila\/","name":"Epidemiolo\u0161ka situacija u FBiH - Nove mjere bez CTP pravila - RADIO LJUBU\u0160KI","isPartOf":{"@id":"https:\/\/radioljubuski.ba\/#website"},"primaryImageOfPage":{"@id":"https:\/\/radioljubuski.ba\/index.php\/2022\/03\/10\/epidemioloska-situacija-u-fbih-nove-mjere-bez-ctp-pravila\/#primaryimage"},"image":{"@id":"https:\/\/radioljubuski.ba\/index.php\/2022\/03\/10\/epidemioloska-situacija-u-fbih-nove-mjere-bez-ctp-pravila\/#primaryimage"},"thumbnailUrl":"https:\/\/radioljubuski.ba\/wp-content\/uploads\/2021\/07\/2-2021-07-25-10-45-04-koronavirus_covid19_maske_sarajevo-1.jpg","datePublished":"2022-03-10T12:09:42+00:00","dateModified":"2022-03-10T12:09:43+00:00","breadcrumb":{"@id":"https:\/\/radioljubuski.ba\/index.php\/2022\/03\/10\/epidemioloska-situacija-u-fbih-nove-mjere-bez-ctp-pravila\/#breadcrumb"},"inLanguage":"hr","potentialAction":[{"@type":"ReadAction","target":["https:\/\/radioljubuski.ba\/index.php\/2022\/03\/10\/epidemioloska-situacija-u-fbih-nove-mjere-bez-ctp-pravila\/"]}]},{"@type":"ImageObject","inLanguage":"hr","@id":"https:\/\/radioljubuski.ba\/index.php\/2022\/03\/10\/epidemioloska-situacija-u-fbih-nove-mjere-bez-ctp-pravila\/#primaryimage","url":"https:\/\/radioljubuski.ba\/wp-content\/uploads\/2021\/07\/2-2021-07-25-10-45-04-koronavirus_covid19_maske_sarajevo-1.jpg","contentUrl":"https:\/\/radioljubuski.ba\/wp-content\/uploads\/2021\/07\/2-2021-07-25-10-45-04-koronavirus_covid19_maske_sarajevo-1.jpg","width":1000,"height":625},{"@type":"BreadcrumbList","@id":"https:\/\/radioljubuski.ba\/index.php\/2022\/03\/10\/epidemioloska-situacija-u-fbih-nove-mjere-bez-ctp-pravila\/#breadcrumb","itemListElement":[{"@type":"ListItem","position":1,"name":"Po\u010detna stranica","item":"https:\/\/radioljubuski.ba\/"},{"@type":"ListItem","position":2,"name":"Epidemiolo\u0161ka situacija u FBiH &#8211; Nove mjere bez CTP pravila"}]},{"@type":"WebSite","@id":"https:\/\/radioljubuski.ba\/#website","url":"https:\/\/radioljubuski.ba\/","name":"Radio Ljubu\u0161ki","description":"Sun\u010dana frekvencija Hercegovine","publisher":{"@id":"https:\/\/radioljubuski.ba\/#organization"},"potentialAction":[{"@type":"SearchAction","target":{"@type":"EntryPoint","urlTemplate":"https:\/\/radioljubuski.ba\/?s={search_term_string}"},"query-input":{"@type":"PropertyValueSpecification","valueRequired":true,"valueName":"search_term_string"}}],"inLanguage":"hr"},{"@type":"Organization","@id":"https:\/\/radioljubuski.ba\/#organization","name":"Radio Ljubu\u0161ki","url":"https:\/\/radioljubuski.ba\/","logo":{"@type":"ImageObject","inLanguage":"hr","@id":"https:\/\/radioljubuski.ba\/#\/schema\/logo\/image\/","url":"https:\/\/radioljubuski.ba\/wp-content\/uploads\/2021\/02\/cropped-Radio_Ljubuski_logo1.jpg","contentUrl":"https:\/\/radioljubuski.ba\/wp-content\/uploads\/2021\/02\/cropped-Radio_Ljubuski_logo1.jpg","width":512,"height":512,"caption":"Radio Ljubu\u0161ki"},"image":{"@id":"https:\/\/radioljubuski.ba\/#\/schema\/logo\/image\/"},"sameAs":["https:\/\/www.facebook.com\/Radiio-Ljubuski-1490835324566332","https:\/\/x.com\/radioljubuski","https:\/\/hr.linkedin.com\/company\/radio-ljubuski","https:\/\/www.youtube.com\/channel\/UCHYaeO_n0Db3tjNGudGpXyw"]},{"@type":"Person","@id":"https:\/\/radioljubuski.ba\/#\/schema\/person\/19fc700381a780f69665d7956c469e3b","name":"Radio Ljubu\u0161ki"}]}},"_links":{"self":[{"href":"https:\/\/radioljubuski.ba\/index.php\/wp-json\/wp\/v2\/posts\/119945","targetHints":{"allow":["GET"]}}],"collection":[{"href":"https:\/\/radioljubuski.ba\/index.php\/wp-json\/wp\/v2\/posts"}],"about":[{"href":"https:\/\/radioljubuski.ba\/index.php\/wp-json\/wp\/v2\/types\/post"}],"author":[{"embeddable":true,"href":"https:\/\/radioljubuski.ba\/index.php\/wp-json\/wp\/v2\/users\/2"}],"replies":[{"embeddable":true,"href":"https:\/\/radioljubuski.ba\/index.php\/wp-json\/wp\/v2\/comments?post=119945"}],"version-history":[{"count":1,"href":"https:\/\/radioljubuski.ba\/index.php\/wp-json\/wp\/v2\/posts\/119945\/revisions"}],"predecessor-version":[{"id":119946,"href":"https:\/\/radioljubuski.ba\/index.php\/wp-json\/wp\/v2\/posts\/119945\/revisions\/119946"}],"wp:featuredmedia":[{"embeddable":true,"href":"https:\/\/radioljubuski.ba\/index.php\/wp-json\/wp\/v2\/media\/46423"}],"wp:attachment":[{"href":"https:\/\/radioljubuski.ba\/index.php\/wp-json\/wp\/v2\/media?parent=119945"}],"wp:term":[{"taxonomy":"category","embeddable":true,"href":"https:\/\/radioljubuski.ba\/index.php\/wp-json\/wp\/v2\/categories?post=119945"},{"taxonomy":"post_tag","embeddable":true,"href":"https:\/\/radioljubuski.ba\/index.php\/wp-json\/wp\/v2\/tags?post=119945"}],"curies":[{"name":"wp","href":"https:\/\/api.w.org\/{rel}","templated":true}]}}