{"id":1200,"date":"2021-03-04T20:45:20","date_gmt":"2021-03-04T20:45:20","guid":{"rendered":"https:\/\/radioljubuski.ba\/?p=1200"},"modified":"2021-03-04T20:45:48","modified_gmt":"2021-03-04T20:45:48","slug":"1200","status":"publish","type":"post","link":"https:\/\/radioljubuski.ba\/index.php\/2021\/03\/04\/1200\/","title":{"rendered":"Sud u Splitu proglasio oca \u2018nesavjesnim\u2018 jer ne bje\u017ei s posla da bi vi\u0111ao sina?! Iako je dostavio sve dokaze, zaradio je kaznenu prijavu"},"content":{"rendered":"\n<p>U borbi za skrbni\u0161tvo nad troipolgodi\u0161njim djetetom koje vodi s djetetovom 34-godi\u0161njom majkom, jedan 55-godi\u0161nji otac iz Splita se suo\u010dio i sa situacijom gdje je zaradio kaznenu prijavu zbog nevi\u0111anja djeteta u vremenu koje mu je odredio Op\u0107inski sud u Splitu na prijedlog Centra za socijalnu skrb.<\/p>\n\n\n\n<p>Problem je samo \u0161to se to vrijeme vi\u0111anja djeteta jednim dijelom poklapalo s radnim vremenom njegova oca, \u0161to Op\u0107inski sud u Splitu, to\u010dnije sutkinju<strong>&nbsp;Irenu Klisovi\u0107<\/strong>&nbsp;nije zanimalo pa je otac u rje\u0161enju tog suda upozoren da bi, ako se ne pridr\u017eava termina vi\u0111anja djeteta, mogao biti ka\u017enjen s pet tisu\u0107a kuna i ostalim sankcijama koje zakonodavstvu stoje na raspolaganju protiv nesavjesnog roditelja.<\/p>\n\n\n\n<p>Naime, privremenom mjerom koju je donijela sutkinja<strong>&nbsp;Ljubica Marasovi\u0107 Duvnjak,&nbsp;<\/strong>otac je trebao vi\u0111ati dijete svaki drugi utorak i \u010detvrtak od 15 do 19 sati, i to nakon \u0161to gotovo godinu i po dana dijete uop\u0107e nije vi\u0111ao te je zbog toga protiv njegove majke podnio i kaznenu prijavu.<\/p>\n\n\n\n<h2 class=\"wp-block-heading\">KR\u0160ENJE MJERE<\/h2>\n\n\n\n<p>&#8211; Iako je moj klijent uredno Sudu vi\u0161e puta prilagao potvrdu o svom radnom vremenu u odgojnoj ustanovi u kojoj radi na visokosofisticiranim poslovima koji zahtijevaju i najvi\u0161e obrazovanje, to Op\u0107inski sud u Splitu nije uva\u017eio i donio je rje\u0161enje po kojemu on mora preuzimati dijete u to zadano vrijeme. Sud je konstatirao da moj klijent kr\u0161i privremenu mjeru vi\u0111anja iako je sudu vi\u0161e puta dostavljao Pravilnik o radu i akte ustanove u kojoj radi, u kojoj jasno stoji da mu je radno vrijeme od 8.30 do 16 sati ili od 8.30 do 17 sati, a budu\u0107i da radi u mjestu sedamdeset kilometara udaljenom od vrti\u0107a u Splitu iz kojega bi preuzimao dijete, tako je ve\u0107 u startu svima bilo jasno da se moj klijent dovodi u nemogu\u0107 polo\u017eaj jer bi bje\u017eanjem s posla ugrozio svoju egzistenciju jer bi mu prijetio sigurni otkaz od poslodavca. O\u010dito se ovom nemogu\u0107om misijom moga klijenta stavilo u lo\u0161iji polo\u017eaj od polo\u017eaja majke u borbi za djetetovo kona\u010dno skrbni\u0161tvo i \u010dinjenicom s kim \u0107e od dvoje roditelja \u017eivjeti u postupku koji i dalje traje&#8221; ka\u017ee nam&nbsp;<strong>Marijo Vukovi\u0107<\/strong>&nbsp;odvjetnik 55-godi\u0161njaka.<\/p>\n\n\n\n<p>Majka djeteta 19. studenoga 2020. podnosi ovr\u0161ni prijedlog Op\u0107inskom sudu u Splitu, koji je posebnim podneskom podr\u017eao i splitski Centar za socijalnu skrb, jer otac u vi\u0161e navrata ne preuzima djete u zadano vrijeme koje mu je odredio sud. Sutkinja Klisovi\u0107 u rekordnom roku nakon jednog ro\u010di\u0161ta i samo 25 dana od podno\u0161enja tu\u017ebe donosi rje\u0161enje u kojem de facto i de jure prisilno obvezuje 55-godi\u0161njaka da bje\u017ei s posla kako bi udovoljio prethodno donesenoj sudskoj odluci, u protivnom u rje\u0161enju stoji &#8220;ako u roku od osam dan to ne u\u010dini prijeti mu se nov\u010danom kaznom od pet tisu\u0107a kuna ili ako to ne plati &#8211; kaznom zatvora, sukladno \u010dlanku 16. st 4. Ovr\u0161nog zakona.<\/p>\n\n\n\n<h2 class=\"wp-block-heading\">USVOJENA \u017dALBA<\/h2>\n\n\n\n<p>Odvjetnik Vukovi\u0107 je ulo\u017eio \u017ealbu na ovo rje\u0161enje sutkinje Klisovi\u0107, o kojem je odlu\u010divao \u017dupanijski sud u Puli po sucu pojedinicu&nbsp;<strong>Kristini Pavi\u010di\u0107-Siroti\u0107.<\/strong><\/p>\n\n\n\n<p>Na dan 25. velja\u010de ove godine \u017dupanijski sud u Puli u cijelosti usvaja \u017ealbu tu\u017eitelja na rje\u0161enje sutkinje Klisovi\u0107 i preina\u010dava njezino rje\u0161enje o ovrsi na na\u010din da se odbija prijedlog majke djeteta za ovrhu nad njezinim biv\u0161im partnerom.<\/p>\n\n\n\n<p>Revoltiran ovakvim nepravomo\u0107nim rje\u0161enjem sutkinje Klisovi\u0107, 55-godi\u0161nji otac 12. sije\u010dnja ove godine \u0161alje dopis predsjednici Op\u0107inskog suda u Splitu&nbsp;<strong>Marini Boko,&nbsp;<\/strong>u kojem je moli da zatra\u017ei o\u010ditovanje te sutkinje o ovom njezinu rje\u0161enju.<\/p>\n\n\n\n<p>No, od predsjednice suda Marine Boko 55-godi\u0161njak ne dobiva nikakav odgovor pa joj \u0161alje 3. o\u017eujka jo\u0161 jo\u0161 jedan dopis, ali sada s privitkom pravomo\u0107ne presude \u017dupanijskog suda u Puli, u kojoj je presuda Op\u0107inskog suda u Splitu progla\u0161ena nezakonitom sa zaklju\u010dkom da se ovr\u0161ni postupak po toj pravnoj stvari nije ni smio voditi.<\/p>\n\n\n\n<p>Otac u me\u0111uvremenu pokre\u0107e postupak za izmjenu privremene mjere kako bi Op\u0107inski sud u Splitu preina\u010dio dosada\u0161nje rje\u0161enje o vi\u0111anju djeteta na na\u010din da dijete uzastopno \u017eivi s ocem na o\u010devoj adresi, a da ga majka mo\u017ee vi\u0111ati tri puta tjedno s obzirom na bitne novonastale okolnosti nakon udaje djetetove majke za novog partnera od prije dva mjeseca. O tome \u0107e sud odlu\u010divati na idu\u0107im ro\u010di\u0161tima.<\/p>\n\n\n\n<p><a href=\"https:\/\/slobodnadalmacija.hr\/autor\/marko-didic-3174\"><strong>PI\u0160E&nbsp;<\/strong>MARKO DIDI\u0106<\/a>\/slobodnadalmacija.hr<\/p>\n","protected":false},"excerpt":{"rendered":"<p>U borbi za skrbni\u0161tvo nad troipolgodi\u0161njim djetetom koje vodi s djetetovom 34-godi\u0161njom majkom, jedan 55-godi\u0161nji otac iz Splita se suo\u010dio i sa situacijom gdje je zaradio kaznenu prijavu zbog nevi\u0111anja djeteta u vremenu koje mu je odredio Op\u0107inski sud u Splitu na prijedlog Centra za socijalnu skrb. Problem je samo \u0161to se to vrijeme vi\u0111anja [&hellip;]<\/p>\n","protected":false},"author":2,"featured_media":1201,"comment_status":"closed","ping_status":"closed","sticky":false,"template":"","format":"standard","meta":{"h5ap_radio_sources":[],"footnotes":""},"categories":[1],"tags":[],"class_list":["post-1200","post","type-post","status-publish","format-standard","has-post-thumbnail","hentry","category-bihiregija"],"yoast_head":"<!-- This site is optimized with the Yoast SEO plugin v27.5 - https:\/\/yoast.com\/product\/yoast-seo-wordpress\/ -->\n<title>Sud u Splitu proglasio oca \u2018nesavjesnim\u2018 jer ne bje\u017ei s posla da bi vi\u0111ao sina?! Iako je dostavio sve dokaze, zaradio je kaznenu prijavu - RADIO LJUBU\u0160KI<\/title>\n<meta name=\"robots\" content=\"index, follow, max-snippet:-1, max-image-preview:large, max-video-preview:-1\" \/>\n<link rel=\"canonical\" href=\"https:\/\/radioljubuski.ba\/index.php\/2021\/03\/04\/1200\/\" \/>\n<meta property=\"og:locale\" content=\"hr_HR\" \/>\n<meta property=\"og:type\" content=\"article\" \/>\n<meta property=\"og:title\" content=\"Sud u Splitu proglasio oca \u2018nesavjesnim\u2018 jer ne bje\u017ei s posla da bi vi\u0111ao sina?! Iako je dostavio sve dokaze, zaradio je kaznenu prijavu - RADIO LJUBU\u0160KI\" \/>\n<meta property=\"og:description\" content=\"U borbi za skrbni\u0161tvo nad troipolgodi\u0161njim djetetom koje vodi s djetetovom 34-godi\u0161njom majkom, jedan 55-godi\u0161nji otac iz Splita se suo\u010dio i sa situacijom gdje je zaradio kaznenu prijavu zbog nevi\u0111anja djeteta u vremenu koje mu je odredio Op\u0107inski sud u Splitu na prijedlog Centra za socijalnu skrb. Problem je samo \u0161to se to vrijeme vi\u0111anja [&hellip;]\" \/>\n<meta property=\"og:url\" content=\"https:\/\/radioljubuski.ba\/index.php\/2021\/03\/04\/1200\/\" \/>\n<meta property=\"og:site_name\" content=\"RADIO LJUBU\u0160KI\" \/>\n<meta property=\"article:publisher\" content=\"https:\/\/www.facebook.com\/Radiio-Ljubuski-1490835324566332\" \/>\n<meta property=\"article:published_time\" content=\"2021-03-04T20:45:20+00:00\" \/>\n<meta property=\"article:modified_time\" content=\"2021-03-04T20:45:48+00:00\" \/>\n<meta property=\"og:image\" content=\"https:\/\/radioljubuski.ba\/wp-content\/uploads\/2021\/03\/22.png\" \/>\n\t<meta property=\"og:image:width\" content=\"499\" \/>\n\t<meta property=\"og:image:height\" content=\"329\" \/>\n\t<meta property=\"og:image:type\" content=\"image\/png\" \/>\n<meta name=\"author\" content=\"Radio Ljubu\u0161ki\" \/>\n<meta name=\"twitter:card\" content=\"summary_large_image\" \/>\n<meta name=\"twitter:creator\" content=\"@radioljubuski\" \/>\n<meta name=\"twitter:site\" content=\"@radioljubuski\" \/>\n<meta name=\"twitter:label1\" content=\"Napisao\/la\" \/>\n\t<meta name=\"twitter:data1\" content=\"Radio Ljubu\u0161ki\" \/>\n\t<meta name=\"twitter:label2\" content=\"Procijenjeno vrijeme \u010ditanja\" \/>\n\t<meta name=\"twitter:data2\" content=\"3 minute\" \/>\n<script type=\"application\/ld+json\" class=\"yoast-schema-graph\">{\"@context\":\"https:\\\/\\\/schema.org\",\"@graph\":[{\"@type\":\"Article\",\"@id\":\"https:\\\/\\\/radioljubuski.ba\\\/index.php\\\/2021\\\/03\\\/04\\\/1200\\\/#article\",\"isPartOf\":{\"@id\":\"https:\\\/\\\/radioljubuski.ba\\\/index.php\\\/2021\\\/03\\\/04\\\/1200\\\/\"},\"author\":{\"name\":\"Radio Ljubu\u0161ki\",\"@id\":\"https:\\\/\\\/radioljubuski.ba\\\/#\\\/schema\\\/person\\\/19fc700381a780f69665d7956c469e3b\"},\"headline\":\"Sud u Splitu proglasio oca \u2018nesavjesnim\u2018 jer ne bje\u017ei s posla da bi vi\u0111ao sina?! Iako je dostavio sve dokaze, zaradio je kaznenu prijavu\",\"datePublished\":\"2021-03-04T20:45:20+00:00\",\"dateModified\":\"2021-03-04T20:45:48+00:00\",\"mainEntityOfPage\":{\"@id\":\"https:\\\/\\\/radioljubuski.ba\\\/index.php\\\/2021\\\/03\\\/04\\\/1200\\\/\"},\"wordCount\":806,\"publisher\":{\"@id\":\"https:\\\/\\\/radioljubuski.ba\\\/#organization\"},\"image\":{\"@id\":\"https:\\\/\\\/radioljubuski.ba\\\/index.php\\\/2021\\\/03\\\/04\\\/1200\\\/#primaryimage\"},\"thumbnailUrl\":\"https:\\\/\\\/radioljubuski.ba\\\/wp-content\\\/uploads\\\/2021\\\/03\\\/22.png\",\"articleSection\":[\"BIH i regija\"],\"inLanguage\":\"hr\"},{\"@type\":\"WebPage\",\"@id\":\"https:\\\/\\\/radioljubuski.ba\\\/index.php\\\/2021\\\/03\\\/04\\\/1200\\\/\",\"url\":\"https:\\\/\\\/radioljubuski.ba\\\/index.php\\\/2021\\\/03\\\/04\\\/1200\\\/\",\"name\":\"Sud u Splitu proglasio oca \u2018nesavjesnim\u2018 jer ne bje\u017ei s posla da bi vi\u0111ao sina?! Iako je dostavio sve dokaze, zaradio je kaznenu prijavu - RADIO LJUBU\u0160KI\",\"isPartOf\":{\"@id\":\"https:\\\/\\\/radioljubuski.ba\\\/#website\"},\"primaryImageOfPage\":{\"@id\":\"https:\\\/\\\/radioljubuski.ba\\\/index.php\\\/2021\\\/03\\\/04\\\/1200\\\/#primaryimage\"},\"image\":{\"@id\":\"https:\\\/\\\/radioljubuski.ba\\\/index.php\\\/2021\\\/03\\\/04\\\/1200\\\/#primaryimage\"},\"thumbnailUrl\":\"https:\\\/\\\/radioljubuski.ba\\\/wp-content\\\/uploads\\\/2021\\\/03\\\/22.png\",\"datePublished\":\"2021-03-04T20:45:20+00:00\",\"dateModified\":\"2021-03-04T20:45:48+00:00\",\"breadcrumb\":{\"@id\":\"https:\\\/\\\/radioljubuski.ba\\\/index.php\\\/2021\\\/03\\\/04\\\/1200\\\/#breadcrumb\"},\"inLanguage\":\"hr\",\"potentialAction\":[{\"@type\":\"ReadAction\",\"target\":[\"https:\\\/\\\/radioljubuski.ba\\\/index.php\\\/2021\\\/03\\\/04\\\/1200\\\/\"]}]},{\"@type\":\"ImageObject\",\"inLanguage\":\"hr\",\"@id\":\"https:\\\/\\\/radioljubuski.ba\\\/index.php\\\/2021\\\/03\\\/04\\\/1200\\\/#primaryimage\",\"url\":\"https:\\\/\\\/radioljubuski.ba\\\/wp-content\\\/uploads\\\/2021\\\/03\\\/22.png\",\"contentUrl\":\"https:\\\/\\\/radioljubuski.ba\\\/wp-content\\\/uploads\\\/2021\\\/03\\\/22.png\",\"width\":499,\"height\":329},{\"@type\":\"BreadcrumbList\",\"@id\":\"https:\\\/\\\/radioljubuski.ba\\\/index.php\\\/2021\\\/03\\\/04\\\/1200\\\/#breadcrumb\",\"itemListElement\":[{\"@type\":\"ListItem\",\"position\":1,\"name\":\"Po\u010detna stranica\",\"item\":\"https:\\\/\\\/radioljubuski.ba\\\/\"},{\"@type\":\"ListItem\",\"position\":2,\"name\":\"Sud u Splitu proglasio oca \u2018nesavjesnim\u2018 jer ne bje\u017ei s posla da bi vi\u0111ao sina?! Iako je dostavio sve dokaze, zaradio je kaznenu prijavu\"}]},{\"@type\":\"WebSite\",\"@id\":\"https:\\\/\\\/radioljubuski.ba\\\/#website\",\"url\":\"https:\\\/\\\/radioljubuski.ba\\\/\",\"name\":\"Radio Ljubu\u0161ki\",\"description\":\"Sun\u010dana frekvencija Hercegovine\",\"publisher\":{\"@id\":\"https:\\\/\\\/radioljubuski.ba\\\/#organization\"},\"potentialAction\":[{\"@type\":\"SearchAction\",\"target\":{\"@type\":\"EntryPoint\",\"urlTemplate\":\"https:\\\/\\\/radioljubuski.ba\\\/?s={search_term_string}\"},\"query-input\":{\"@type\":\"PropertyValueSpecification\",\"valueRequired\":true,\"valueName\":\"search_term_string\"}}],\"inLanguage\":\"hr\"},{\"@type\":\"Organization\",\"@id\":\"https:\\\/\\\/radioljubuski.ba\\\/#organization\",\"name\":\"Radio Ljubu\u0161ki\",\"url\":\"https:\\\/\\\/radioljubuski.ba\\\/\",\"logo\":{\"@type\":\"ImageObject\",\"inLanguage\":\"hr\",\"@id\":\"https:\\\/\\\/radioljubuski.ba\\\/#\\\/schema\\\/logo\\\/image\\\/\",\"url\":\"https:\\\/\\\/radioljubuski.ba\\\/wp-content\\\/uploads\\\/2021\\\/02\\\/cropped-Radio_Ljubuski_logo1.jpg\",\"contentUrl\":\"https:\\\/\\\/radioljubuski.ba\\\/wp-content\\\/uploads\\\/2021\\\/02\\\/cropped-Radio_Ljubuski_logo1.jpg\",\"width\":512,\"height\":512,\"caption\":\"Radio Ljubu\u0161ki\"},\"image\":{\"@id\":\"https:\\\/\\\/radioljubuski.ba\\\/#\\\/schema\\\/logo\\\/image\\\/\"},\"sameAs\":[\"https:\\\/\\\/www.facebook.com\\\/Radiio-Ljubuski-1490835324566332\",\"https:\\\/\\\/x.com\\\/radioljubuski\",\"https:\\\/\\\/hr.linkedin.com\\\/company\\\/radio-ljubuski\",\"https:\\\/\\\/www.youtube.com\\\/channel\\\/UCHYaeO_n0Db3tjNGudGpXyw\"]},{\"@type\":\"Person\",\"@id\":\"https:\\\/\\\/radioljubuski.ba\\\/#\\\/schema\\\/person\\\/19fc700381a780f69665d7956c469e3b\",\"name\":\"Radio Ljubu\u0161ki\"}]}<\/script>\n<!-- \/ Yoast SEO plugin. -->","yoast_head_json":{"title":"Sud u Splitu proglasio oca \u2018nesavjesnim\u2018 jer ne bje\u017ei s posla da bi vi\u0111ao sina?! Iako je dostavio sve dokaze, zaradio je kaznenu prijavu - RADIO LJUBU\u0160KI","robots":{"index":"index","follow":"follow","max-snippet":"max-snippet:-1","max-image-preview":"max-image-preview:large","max-video-preview":"max-video-preview:-1"},"canonical":"https:\/\/radioljubuski.ba\/index.php\/2021\/03\/04\/1200\/","og_locale":"hr_HR","og_type":"article","og_title":"Sud u Splitu proglasio oca \u2018nesavjesnim\u2018 jer ne bje\u017ei s posla da bi vi\u0111ao sina?! Iako je dostavio sve dokaze, zaradio je kaznenu prijavu - RADIO LJUBU\u0160KI","og_description":"U borbi za skrbni\u0161tvo nad troipolgodi\u0161njim djetetom koje vodi s djetetovom 34-godi\u0161njom majkom, jedan 55-godi\u0161nji otac iz Splita se suo\u010dio i sa situacijom gdje je zaradio kaznenu prijavu zbog nevi\u0111anja djeteta u vremenu koje mu je odredio Op\u0107inski sud u Splitu na prijedlog Centra za socijalnu skrb. Problem je samo \u0161to se to vrijeme vi\u0111anja [&hellip;]","og_url":"https:\/\/radioljubuski.ba\/index.php\/2021\/03\/04\/1200\/","og_site_name":"RADIO LJUBU\u0160KI","article_publisher":"https:\/\/www.facebook.com\/Radiio-Ljubuski-1490835324566332","article_published_time":"2021-03-04T20:45:20+00:00","article_modified_time":"2021-03-04T20:45:48+00:00","og_image":[{"width":499,"height":329,"url":"https:\/\/radioljubuski.ba\/wp-content\/uploads\/2021\/03\/22.png","type":"image\/png"}],"author":"Radio Ljubu\u0161ki","twitter_card":"summary_large_image","twitter_creator":"@radioljubuski","twitter_site":"@radioljubuski","twitter_misc":{"Napisao\/la":"Radio Ljubu\u0161ki","Procijenjeno vrijeme \u010ditanja":"3 minute"},"schema":{"@context":"https:\/\/schema.org","@graph":[{"@type":"Article","@id":"https:\/\/radioljubuski.ba\/index.php\/2021\/03\/04\/1200\/#article","isPartOf":{"@id":"https:\/\/radioljubuski.ba\/index.php\/2021\/03\/04\/1200\/"},"author":{"name":"Radio Ljubu\u0161ki","@id":"https:\/\/radioljubuski.ba\/#\/schema\/person\/19fc700381a780f69665d7956c469e3b"},"headline":"Sud u Splitu proglasio oca \u2018nesavjesnim\u2018 jer ne bje\u017ei s posla da bi vi\u0111ao sina?! Iako je dostavio sve dokaze, zaradio je kaznenu prijavu","datePublished":"2021-03-04T20:45:20+00:00","dateModified":"2021-03-04T20:45:48+00:00","mainEntityOfPage":{"@id":"https:\/\/radioljubuski.ba\/index.php\/2021\/03\/04\/1200\/"},"wordCount":806,"publisher":{"@id":"https:\/\/radioljubuski.ba\/#organization"},"image":{"@id":"https:\/\/radioljubuski.ba\/index.php\/2021\/03\/04\/1200\/#primaryimage"},"thumbnailUrl":"https:\/\/radioljubuski.ba\/wp-content\/uploads\/2021\/03\/22.png","articleSection":["BIH i regija"],"inLanguage":"hr"},{"@type":"WebPage","@id":"https:\/\/radioljubuski.ba\/index.php\/2021\/03\/04\/1200\/","url":"https:\/\/radioljubuski.ba\/index.php\/2021\/03\/04\/1200\/","name":"Sud u Splitu proglasio oca \u2018nesavjesnim\u2018 jer ne bje\u017ei s posla da bi vi\u0111ao sina?! Iako je dostavio sve dokaze, zaradio je kaznenu prijavu - RADIO LJUBU\u0160KI","isPartOf":{"@id":"https:\/\/radioljubuski.ba\/#website"},"primaryImageOfPage":{"@id":"https:\/\/radioljubuski.ba\/index.php\/2021\/03\/04\/1200\/#primaryimage"},"image":{"@id":"https:\/\/radioljubuski.ba\/index.php\/2021\/03\/04\/1200\/#primaryimage"},"thumbnailUrl":"https:\/\/radioljubuski.ba\/wp-content\/uploads\/2021\/03\/22.png","datePublished":"2021-03-04T20:45:20+00:00","dateModified":"2021-03-04T20:45:48+00:00","breadcrumb":{"@id":"https:\/\/radioljubuski.ba\/index.php\/2021\/03\/04\/1200\/#breadcrumb"},"inLanguage":"hr","potentialAction":[{"@type":"ReadAction","target":["https:\/\/radioljubuski.ba\/index.php\/2021\/03\/04\/1200\/"]}]},{"@type":"ImageObject","inLanguage":"hr","@id":"https:\/\/radioljubuski.ba\/index.php\/2021\/03\/04\/1200\/#primaryimage","url":"https:\/\/radioljubuski.ba\/wp-content\/uploads\/2021\/03\/22.png","contentUrl":"https:\/\/radioljubuski.ba\/wp-content\/uploads\/2021\/03\/22.png","width":499,"height":329},{"@type":"BreadcrumbList","@id":"https:\/\/radioljubuski.ba\/index.php\/2021\/03\/04\/1200\/#breadcrumb","itemListElement":[{"@type":"ListItem","position":1,"name":"Po\u010detna stranica","item":"https:\/\/radioljubuski.ba\/"},{"@type":"ListItem","position":2,"name":"Sud u Splitu proglasio oca \u2018nesavjesnim\u2018 jer ne bje\u017ei s posla da bi vi\u0111ao sina?! Iako je dostavio sve dokaze, zaradio je kaznenu prijavu"}]},{"@type":"WebSite","@id":"https:\/\/radioljubuski.ba\/#website","url":"https:\/\/radioljubuski.ba\/","name":"Radio Ljubu\u0161ki","description":"Sun\u010dana frekvencija Hercegovine","publisher":{"@id":"https:\/\/radioljubuski.ba\/#organization"},"potentialAction":[{"@type":"SearchAction","target":{"@type":"EntryPoint","urlTemplate":"https:\/\/radioljubuski.ba\/?s={search_term_string}"},"query-input":{"@type":"PropertyValueSpecification","valueRequired":true,"valueName":"search_term_string"}}],"inLanguage":"hr"},{"@type":"Organization","@id":"https:\/\/radioljubuski.ba\/#organization","name":"Radio Ljubu\u0161ki","url":"https:\/\/radioljubuski.ba\/","logo":{"@type":"ImageObject","inLanguage":"hr","@id":"https:\/\/radioljubuski.ba\/#\/schema\/logo\/image\/","url":"https:\/\/radioljubuski.ba\/wp-content\/uploads\/2021\/02\/cropped-Radio_Ljubuski_logo1.jpg","contentUrl":"https:\/\/radioljubuski.ba\/wp-content\/uploads\/2021\/02\/cropped-Radio_Ljubuski_logo1.jpg","width":512,"height":512,"caption":"Radio Ljubu\u0161ki"},"image":{"@id":"https:\/\/radioljubuski.ba\/#\/schema\/logo\/image\/"},"sameAs":["https:\/\/www.facebook.com\/Radiio-Ljubuski-1490835324566332","https:\/\/x.com\/radioljubuski","https:\/\/hr.linkedin.com\/company\/radio-ljubuski","https:\/\/www.youtube.com\/channel\/UCHYaeO_n0Db3tjNGudGpXyw"]},{"@type":"Person","@id":"https:\/\/radioljubuski.ba\/#\/schema\/person\/19fc700381a780f69665d7956c469e3b","name":"Radio Ljubu\u0161ki"}]}},"_links":{"self":[{"href":"https:\/\/radioljubuski.ba\/index.php\/wp-json\/wp\/v2\/posts\/1200","targetHints":{"allow":["GET"]}}],"collection":[{"href":"https:\/\/radioljubuski.ba\/index.php\/wp-json\/wp\/v2\/posts"}],"about":[{"href":"https:\/\/radioljubuski.ba\/index.php\/wp-json\/wp\/v2\/types\/post"}],"author":[{"embeddable":true,"href":"https:\/\/radioljubuski.ba\/index.php\/wp-json\/wp\/v2\/users\/2"}],"replies":[{"embeddable":true,"href":"https:\/\/radioljubuski.ba\/index.php\/wp-json\/wp\/v2\/comments?post=1200"}],"version-history":[{"count":2,"href":"https:\/\/radioljubuski.ba\/index.php\/wp-json\/wp\/v2\/posts\/1200\/revisions"}],"predecessor-version":[{"id":1203,"href":"https:\/\/radioljubuski.ba\/index.php\/wp-json\/wp\/v2\/posts\/1200\/revisions\/1203"}],"wp:featuredmedia":[{"embeddable":true,"href":"https:\/\/radioljubuski.ba\/index.php\/wp-json\/wp\/v2\/media\/1201"}],"wp:attachment":[{"href":"https:\/\/radioljubuski.ba\/index.php\/wp-json\/wp\/v2\/media?parent=1200"}],"wp:term":[{"taxonomy":"category","embeddable":true,"href":"https:\/\/radioljubuski.ba\/index.php\/wp-json\/wp\/v2\/categories?post=1200"},{"taxonomy":"post_tag","embeddable":true,"href":"https:\/\/radioljubuski.ba\/index.php\/wp-json\/wp\/v2\/tags?post=1200"}],"curies":[{"name":"wp","href":"https:\/\/api.w.org\/{rel}","templated":true}]}}