{"id":120053,"date":"2022-03-10T15:00:28","date_gmt":"2022-03-10T14:00:28","guid":{"rendered":"https:\/\/radioljubuski.ba\/?p=120053"},"modified":"2022-03-10T15:00:29","modified_gmt":"2022-03-10T14:00:29","slug":"sip-bih-pokrenuo-postupke-utvrdivanja-odgovornosti-clanova-birackih-odbora","status":"publish","type":"post","link":"https:\/\/radioljubuski.ba\/index.php\/2022\/03\/10\/sip-bih-pokrenuo-postupke-utvrdivanja-odgovornosti-clanova-birackih-odbora\/","title":{"rendered":"SIP BiH pokrenuo postupke utvr\u0111ivanja odgovornosti \u010dlanova bira\u010dkih odbora"},"content":{"rendered":"\n<p>Sredi\u0161nje izborno povjerenstvo Bosne i Hercegovine pokrenula je postupke utvr\u0111ivanje odgovornosti \u010dlanova bira\u010dkih odbora anga\u017eiranih na Lokalnim izborima 2020. godine zbog kr\u0161enja odredbi Izbornog zakona BiH.&nbsp;<\/p>\n\n\n\n<p>Nakan izvr\u0161ene analize rada bira\u010dkih odbora na Lokalnim izborima 2020. godine u Bosni i Hercegovini, SIP BiH je na 8. sjednici odr\u017eanoj 10. o\u017eujka pokrenula postupke utvr\u0111ivanja odgovornosti \u010dlanova bira\u010dkih odbora zbog osnovane sumnje da su postupali suprotno odredbama Izbornog zakona BiH.<\/p>\n\n\n\n<p>Pokrenuti su postupci protiv 623 \u010dlana bira\u010dkih odbora sa 131 bira\u010dkog mjesta iz \u010detiri osnovne izborne jedinice i to: Novi Grad (RS), Doboj, Srebrenica i Mostar.<\/p>\n\n\n\n<p>U konkretnim slu\u010dajevima radi se o postojanju osnovane sumnje da je do\u0161lo do najdrasti\u010dnijih kr\u0161enja Izbornog zakona BiH za koje je SIP BiH ranije podnijela i krivi\u010dne prijave nadle\u017enim tu\u017eila\u0161tvima jer je mi\u0161ljenja da u tim slu\u010dajevima ima elemenata krivi\u010dnog djela.<\/p>\n\n\n\n<p>&#8211; S obzirom na to da je od izbora pro\u0161lo vi\u0161e od godinu dana a da nema tu\u017eila\u010dkih odluka, SIP BiH je odlu\u010dila pokrenuti postupke uz napomenu ako u me\u0111uvremenu bude dizanja optu\u017enica SIP BiH \u0107e u tim slu\u010dajevima prekinuti postupke i dati prednost krivi\u010dnom gonjenju &#8211; priop\u0107eno je iz Ureda za informiranje SIP-a BiH.&nbsp;<\/p>\n\n\n\n<p>Na osnovu informacije da nadle\u017ena tu\u017eiteljstva provode istra\u017ene radnje SIP BiH danas je prekinula ranije pokrenute postupke utvr\u0111ivanja odgovornosti za 24 \u010dlana sa sedam bira\u010dkih mjesta iz pet izbornih jedinica (Grada\u010dac, Tesli\u0107, Kakanj, Zavidovi\u0107i i Gradi\u0161ka), a do dono\u0161enja kona\u010dne tu\u017eila\u010dke odluke, navodi se u priop\u0107enju.<\/p>\n\n\n\n<p>Izvor:pogled.ba<\/p>\n","protected":false},"excerpt":{"rendered":"<p>Sredi\u0161nje izborno povjerenstvo Bosne i Hercegovine pokrenula je postupke utvr\u0111ivanje odgovornosti \u010dlanova bira\u010dkih odbora anga\u017eiranih na Lokalnim izborima 2020. godine zbog kr\u0161enja odredbi Izbornog zakona BiH.&nbsp; Nakan izvr\u0161ene analize rada bira\u010dkih odbora na Lokalnim izborima 2020. godine u Bosni i Hercegovini, SIP BiH je na 8. sjednici odr\u017eanoj 10. o\u017eujka pokrenula postupke utvr\u0111ivanja odgovornosti \u010dlanova [&hellip;]<\/p>\n","protected":false},"author":2,"featured_media":120054,"comment_status":"closed","ping_status":"closed","sticky":false,"template":"","format":"standard","meta":{"h5ap_radio_sources":[],"footnotes":""},"categories":[1],"tags":[],"class_list":["post-120053","post","type-post","status-publish","format-standard","has-post-thumbnail","hentry","category-bihiregija"],"yoast_head":"<!-- This site is optimized with the Yoast SEO plugin v27.5 - https:\/\/yoast.com\/product\/yoast-seo-wordpress\/ -->\n<title>SIP BiH pokrenuo postupke utvr\u0111ivanja odgovornosti \u010dlanova bira\u010dkih odbora - RADIO LJUBU\u0160KI<\/title>\n<meta name=\"robots\" content=\"index, follow, max-snippet:-1, max-image-preview:large, max-video-preview:-1\" \/>\n<link rel=\"canonical\" href=\"https:\/\/radioljubuski.ba\/index.php\/2022\/03\/10\/sip-bih-pokrenuo-postupke-utvrdivanja-odgovornosti-clanova-birackih-odbora\/\" \/>\n<meta property=\"og:locale\" content=\"hr_HR\" \/>\n<meta property=\"og:type\" content=\"article\" \/>\n<meta property=\"og:title\" content=\"SIP BiH pokrenuo postupke utvr\u0111ivanja odgovornosti \u010dlanova bira\u010dkih odbora - RADIO LJUBU\u0160KI\" \/>\n<meta property=\"og:description\" content=\"Sredi\u0161nje izborno povjerenstvo Bosne i Hercegovine pokrenula je postupke utvr\u0111ivanje odgovornosti \u010dlanova bira\u010dkih odbora anga\u017eiranih na Lokalnim izborima 2020. godine zbog kr\u0161enja odredbi Izbornog zakona BiH.&nbsp; Nakan izvr\u0161ene analize rada bira\u010dkih odbora na Lokalnim izborima 2020. godine u Bosni i Hercegovini, SIP BiH je na 8. sjednici odr\u017eanoj 10. o\u017eujka pokrenula postupke utvr\u0111ivanja odgovornosti \u010dlanova [&hellip;]\" \/>\n<meta property=\"og:url\" content=\"https:\/\/radioljubuski.ba\/index.php\/2022\/03\/10\/sip-bih-pokrenuo-postupke-utvrdivanja-odgovornosti-clanova-birackih-odbora\/\" \/>\n<meta property=\"og:site_name\" content=\"RADIO LJUBU\u0160KI\" \/>\n<meta property=\"article:publisher\" content=\"https:\/\/www.facebook.com\/Radiio-Ljubuski-1490835324566332\" \/>\n<meta property=\"article:published_time\" content=\"2022-03-10T14:00:28+00:00\" \/>\n<meta property=\"article:modified_time\" content=\"2022-03-10T14:00:29+00:00\" \/>\n<meta property=\"og:image\" content=\"https:\/\/radioljubuski.ba\/wp-content\/uploads\/2022\/03\/8-2021-12-23-10-01-03-Foto-izbori.jpg\" \/>\n\t<meta property=\"og:image:width\" content=\"1000\" \/>\n\t<meta property=\"og:image:height\" content=\"625\" \/>\n\t<meta property=\"og:image:type\" content=\"image\/jpeg\" \/>\n<meta name=\"author\" content=\"Radio Ljubu\u0161ki\" \/>\n<meta name=\"twitter:card\" content=\"summary_large_image\" \/>\n<meta name=\"twitter:creator\" content=\"@radioljubuski\" \/>\n<meta name=\"twitter:site\" content=\"@radioljubuski\" \/>\n<meta name=\"twitter:label1\" content=\"Napisao\/la\" \/>\n\t<meta name=\"twitter:data1\" content=\"Radio Ljubu\u0161ki\" \/>\n\t<meta name=\"twitter:label2\" content=\"Procijenjeno vrijeme \u010ditanja\" \/>\n\t<meta name=\"twitter:data2\" content=\"2 minute\" \/>\n<script type=\"application\/ld+json\" class=\"yoast-schema-graph\">{\"@context\":\"https:\\\/\\\/schema.org\",\"@graph\":[{\"@type\":\"Article\",\"@id\":\"https:\\\/\\\/radioljubuski.ba\\\/index.php\\\/2022\\\/03\\\/10\\\/sip-bih-pokrenuo-postupke-utvrdivanja-odgovornosti-clanova-birackih-odbora\\\/#article\",\"isPartOf\":{\"@id\":\"https:\\\/\\\/radioljubuski.ba\\\/index.php\\\/2022\\\/03\\\/10\\\/sip-bih-pokrenuo-postupke-utvrdivanja-odgovornosti-clanova-birackih-odbora\\\/\"},\"author\":{\"name\":\"Radio Ljubu\u0161ki\",\"@id\":\"https:\\\/\\\/radioljubuski.ba\\\/#\\\/schema\\\/person\\\/19fc700381a780f69665d7956c469e3b\"},\"headline\":\"SIP BiH pokrenuo postupke utvr\u0111ivanja odgovornosti \u010dlanova bira\u010dkih odbora\",\"datePublished\":\"2022-03-10T14:00:28+00:00\",\"dateModified\":\"2022-03-10T14:00:29+00:00\",\"mainEntityOfPage\":{\"@id\":\"https:\\\/\\\/radioljubuski.ba\\\/index.php\\\/2022\\\/03\\\/10\\\/sip-bih-pokrenuo-postupke-utvrdivanja-odgovornosti-clanova-birackih-odbora\\\/\"},\"wordCount\":292,\"publisher\":{\"@id\":\"https:\\\/\\\/radioljubuski.ba\\\/#organization\"},\"image\":{\"@id\":\"https:\\\/\\\/radioljubuski.ba\\\/index.php\\\/2022\\\/03\\\/10\\\/sip-bih-pokrenuo-postupke-utvrdivanja-odgovornosti-clanova-birackih-odbora\\\/#primaryimage\"},\"thumbnailUrl\":\"https:\\\/\\\/radioljubuski.ba\\\/wp-content\\\/uploads\\\/2022\\\/03\\\/8-2021-12-23-10-01-03-Foto-izbori.jpg\",\"articleSection\":[\"BIH i regija\"],\"inLanguage\":\"hr\"},{\"@type\":\"WebPage\",\"@id\":\"https:\\\/\\\/radioljubuski.ba\\\/index.php\\\/2022\\\/03\\\/10\\\/sip-bih-pokrenuo-postupke-utvrdivanja-odgovornosti-clanova-birackih-odbora\\\/\",\"url\":\"https:\\\/\\\/radioljubuski.ba\\\/index.php\\\/2022\\\/03\\\/10\\\/sip-bih-pokrenuo-postupke-utvrdivanja-odgovornosti-clanova-birackih-odbora\\\/\",\"name\":\"SIP BiH pokrenuo postupke utvr\u0111ivanja odgovornosti \u010dlanova bira\u010dkih odbora - RADIO LJUBU\u0160KI\",\"isPartOf\":{\"@id\":\"https:\\\/\\\/radioljubuski.ba\\\/#website\"},\"primaryImageOfPage\":{\"@id\":\"https:\\\/\\\/radioljubuski.ba\\\/index.php\\\/2022\\\/03\\\/10\\\/sip-bih-pokrenuo-postupke-utvrdivanja-odgovornosti-clanova-birackih-odbora\\\/#primaryimage\"},\"image\":{\"@id\":\"https:\\\/\\\/radioljubuski.ba\\\/index.php\\\/2022\\\/03\\\/10\\\/sip-bih-pokrenuo-postupke-utvrdivanja-odgovornosti-clanova-birackih-odbora\\\/#primaryimage\"},\"thumbnailUrl\":\"https:\\\/\\\/radioljubuski.ba\\\/wp-content\\\/uploads\\\/2022\\\/03\\\/8-2021-12-23-10-01-03-Foto-izbori.jpg\",\"datePublished\":\"2022-03-10T14:00:28+00:00\",\"dateModified\":\"2022-03-10T14:00:29+00:00\",\"breadcrumb\":{\"@id\":\"https:\\\/\\\/radioljubuski.ba\\\/index.php\\\/2022\\\/03\\\/10\\\/sip-bih-pokrenuo-postupke-utvrdivanja-odgovornosti-clanova-birackih-odbora\\\/#breadcrumb\"},\"inLanguage\":\"hr\",\"potentialAction\":[{\"@type\":\"ReadAction\",\"target\":[\"https:\\\/\\\/radioljubuski.ba\\\/index.php\\\/2022\\\/03\\\/10\\\/sip-bih-pokrenuo-postupke-utvrdivanja-odgovornosti-clanova-birackih-odbora\\\/\"]}]},{\"@type\":\"ImageObject\",\"inLanguage\":\"hr\",\"@id\":\"https:\\\/\\\/radioljubuski.ba\\\/index.php\\\/2022\\\/03\\\/10\\\/sip-bih-pokrenuo-postupke-utvrdivanja-odgovornosti-clanova-birackih-odbora\\\/#primaryimage\",\"url\":\"https:\\\/\\\/radioljubuski.ba\\\/wp-content\\\/uploads\\\/2022\\\/03\\\/8-2021-12-23-10-01-03-Foto-izbori.jpg\",\"contentUrl\":\"https:\\\/\\\/radioljubuski.ba\\\/wp-content\\\/uploads\\\/2022\\\/03\\\/8-2021-12-23-10-01-03-Foto-izbori.jpg\",\"width\":1000,\"height\":625},{\"@type\":\"BreadcrumbList\",\"@id\":\"https:\\\/\\\/radioljubuski.ba\\\/index.php\\\/2022\\\/03\\\/10\\\/sip-bih-pokrenuo-postupke-utvrdivanja-odgovornosti-clanova-birackih-odbora\\\/#breadcrumb\",\"itemListElement\":[{\"@type\":\"ListItem\",\"position\":1,\"name\":\"Po\u010detna stranica\",\"item\":\"https:\\\/\\\/radioljubuski.ba\\\/\"},{\"@type\":\"ListItem\",\"position\":2,\"name\":\"SIP BiH pokrenuo postupke utvr\u0111ivanja odgovornosti \u010dlanova bira\u010dkih odbora\"}]},{\"@type\":\"WebSite\",\"@id\":\"https:\\\/\\\/radioljubuski.ba\\\/#website\",\"url\":\"https:\\\/\\\/radioljubuski.ba\\\/\",\"name\":\"Radio Ljubu\u0161ki\",\"description\":\"Sun\u010dana frekvencija Hercegovine\",\"publisher\":{\"@id\":\"https:\\\/\\\/radioljubuski.ba\\\/#organization\"},\"potentialAction\":[{\"@type\":\"SearchAction\",\"target\":{\"@type\":\"EntryPoint\",\"urlTemplate\":\"https:\\\/\\\/radioljubuski.ba\\\/?s={search_term_string}\"},\"query-input\":{\"@type\":\"PropertyValueSpecification\",\"valueRequired\":true,\"valueName\":\"search_term_string\"}}],\"inLanguage\":\"hr\"},{\"@type\":\"Organization\",\"@id\":\"https:\\\/\\\/radioljubuski.ba\\\/#organization\",\"name\":\"Radio Ljubu\u0161ki\",\"url\":\"https:\\\/\\\/radioljubuski.ba\\\/\",\"logo\":{\"@type\":\"ImageObject\",\"inLanguage\":\"hr\",\"@id\":\"https:\\\/\\\/radioljubuski.ba\\\/#\\\/schema\\\/logo\\\/image\\\/\",\"url\":\"https:\\\/\\\/radioljubuski.ba\\\/wp-content\\\/uploads\\\/2021\\\/02\\\/cropped-Radio_Ljubuski_logo1.jpg\",\"contentUrl\":\"https:\\\/\\\/radioljubuski.ba\\\/wp-content\\\/uploads\\\/2021\\\/02\\\/cropped-Radio_Ljubuski_logo1.jpg\",\"width\":512,\"height\":512,\"caption\":\"Radio Ljubu\u0161ki\"},\"image\":{\"@id\":\"https:\\\/\\\/radioljubuski.ba\\\/#\\\/schema\\\/logo\\\/image\\\/\"},\"sameAs\":[\"https:\\\/\\\/www.facebook.com\\\/Radiio-Ljubuski-1490835324566332\",\"https:\\\/\\\/x.com\\\/radioljubuski\",\"https:\\\/\\\/hr.linkedin.com\\\/company\\\/radio-ljubuski\",\"https:\\\/\\\/www.youtube.com\\\/channel\\\/UCHYaeO_n0Db3tjNGudGpXyw\"]},{\"@type\":\"Person\",\"@id\":\"https:\\\/\\\/radioljubuski.ba\\\/#\\\/schema\\\/person\\\/19fc700381a780f69665d7956c469e3b\",\"name\":\"Radio Ljubu\u0161ki\"}]}<\/script>\n<!-- \/ Yoast SEO plugin. -->","yoast_head_json":{"title":"SIP BiH pokrenuo postupke utvr\u0111ivanja odgovornosti \u010dlanova bira\u010dkih odbora - RADIO LJUBU\u0160KI","robots":{"index":"index","follow":"follow","max-snippet":"max-snippet:-1","max-image-preview":"max-image-preview:large","max-video-preview":"max-video-preview:-1"},"canonical":"https:\/\/radioljubuski.ba\/index.php\/2022\/03\/10\/sip-bih-pokrenuo-postupke-utvrdivanja-odgovornosti-clanova-birackih-odbora\/","og_locale":"hr_HR","og_type":"article","og_title":"SIP BiH pokrenuo postupke utvr\u0111ivanja odgovornosti \u010dlanova bira\u010dkih odbora - RADIO LJUBU\u0160KI","og_description":"Sredi\u0161nje izborno povjerenstvo Bosne i Hercegovine pokrenula je postupke utvr\u0111ivanje odgovornosti \u010dlanova bira\u010dkih odbora anga\u017eiranih na Lokalnim izborima 2020. godine zbog kr\u0161enja odredbi Izbornog zakona BiH.&nbsp; Nakan izvr\u0161ene analize rada bira\u010dkih odbora na Lokalnim izborima 2020. godine u Bosni i Hercegovini, SIP BiH je na 8. sjednici odr\u017eanoj 10. o\u017eujka pokrenula postupke utvr\u0111ivanja odgovornosti \u010dlanova [&hellip;]","og_url":"https:\/\/radioljubuski.ba\/index.php\/2022\/03\/10\/sip-bih-pokrenuo-postupke-utvrdivanja-odgovornosti-clanova-birackih-odbora\/","og_site_name":"RADIO LJUBU\u0160KI","article_publisher":"https:\/\/www.facebook.com\/Radiio-Ljubuski-1490835324566332","article_published_time":"2022-03-10T14:00:28+00:00","article_modified_time":"2022-03-10T14:00:29+00:00","og_image":[{"width":1000,"height":625,"url":"https:\/\/radioljubuski.ba\/wp-content\/uploads\/2022\/03\/8-2021-12-23-10-01-03-Foto-izbori.jpg","type":"image\/jpeg"}],"author":"Radio Ljubu\u0161ki","twitter_card":"summary_large_image","twitter_creator":"@radioljubuski","twitter_site":"@radioljubuski","twitter_misc":{"Napisao\/la":"Radio Ljubu\u0161ki","Procijenjeno vrijeme \u010ditanja":"2 minute"},"schema":{"@context":"https:\/\/schema.org","@graph":[{"@type":"Article","@id":"https:\/\/radioljubuski.ba\/index.php\/2022\/03\/10\/sip-bih-pokrenuo-postupke-utvrdivanja-odgovornosti-clanova-birackih-odbora\/#article","isPartOf":{"@id":"https:\/\/radioljubuski.ba\/index.php\/2022\/03\/10\/sip-bih-pokrenuo-postupke-utvrdivanja-odgovornosti-clanova-birackih-odbora\/"},"author":{"name":"Radio Ljubu\u0161ki","@id":"https:\/\/radioljubuski.ba\/#\/schema\/person\/19fc700381a780f69665d7956c469e3b"},"headline":"SIP BiH pokrenuo postupke utvr\u0111ivanja odgovornosti \u010dlanova bira\u010dkih odbora","datePublished":"2022-03-10T14:00:28+00:00","dateModified":"2022-03-10T14:00:29+00:00","mainEntityOfPage":{"@id":"https:\/\/radioljubuski.ba\/index.php\/2022\/03\/10\/sip-bih-pokrenuo-postupke-utvrdivanja-odgovornosti-clanova-birackih-odbora\/"},"wordCount":292,"publisher":{"@id":"https:\/\/radioljubuski.ba\/#organization"},"image":{"@id":"https:\/\/radioljubuski.ba\/index.php\/2022\/03\/10\/sip-bih-pokrenuo-postupke-utvrdivanja-odgovornosti-clanova-birackih-odbora\/#primaryimage"},"thumbnailUrl":"https:\/\/radioljubuski.ba\/wp-content\/uploads\/2022\/03\/8-2021-12-23-10-01-03-Foto-izbori.jpg","articleSection":["BIH i regija"],"inLanguage":"hr"},{"@type":"WebPage","@id":"https:\/\/radioljubuski.ba\/index.php\/2022\/03\/10\/sip-bih-pokrenuo-postupke-utvrdivanja-odgovornosti-clanova-birackih-odbora\/","url":"https:\/\/radioljubuski.ba\/index.php\/2022\/03\/10\/sip-bih-pokrenuo-postupke-utvrdivanja-odgovornosti-clanova-birackih-odbora\/","name":"SIP BiH pokrenuo postupke utvr\u0111ivanja odgovornosti \u010dlanova bira\u010dkih odbora - RADIO LJUBU\u0160KI","isPartOf":{"@id":"https:\/\/radioljubuski.ba\/#website"},"primaryImageOfPage":{"@id":"https:\/\/radioljubuski.ba\/index.php\/2022\/03\/10\/sip-bih-pokrenuo-postupke-utvrdivanja-odgovornosti-clanova-birackih-odbora\/#primaryimage"},"image":{"@id":"https:\/\/radioljubuski.ba\/index.php\/2022\/03\/10\/sip-bih-pokrenuo-postupke-utvrdivanja-odgovornosti-clanova-birackih-odbora\/#primaryimage"},"thumbnailUrl":"https:\/\/radioljubuski.ba\/wp-content\/uploads\/2022\/03\/8-2021-12-23-10-01-03-Foto-izbori.jpg","datePublished":"2022-03-10T14:00:28+00:00","dateModified":"2022-03-10T14:00:29+00:00","breadcrumb":{"@id":"https:\/\/radioljubuski.ba\/index.php\/2022\/03\/10\/sip-bih-pokrenuo-postupke-utvrdivanja-odgovornosti-clanova-birackih-odbora\/#breadcrumb"},"inLanguage":"hr","potentialAction":[{"@type":"ReadAction","target":["https:\/\/radioljubuski.ba\/index.php\/2022\/03\/10\/sip-bih-pokrenuo-postupke-utvrdivanja-odgovornosti-clanova-birackih-odbora\/"]}]},{"@type":"ImageObject","inLanguage":"hr","@id":"https:\/\/radioljubuski.ba\/index.php\/2022\/03\/10\/sip-bih-pokrenuo-postupke-utvrdivanja-odgovornosti-clanova-birackih-odbora\/#primaryimage","url":"https:\/\/radioljubuski.ba\/wp-content\/uploads\/2022\/03\/8-2021-12-23-10-01-03-Foto-izbori.jpg","contentUrl":"https:\/\/radioljubuski.ba\/wp-content\/uploads\/2022\/03\/8-2021-12-23-10-01-03-Foto-izbori.jpg","width":1000,"height":625},{"@type":"BreadcrumbList","@id":"https:\/\/radioljubuski.ba\/index.php\/2022\/03\/10\/sip-bih-pokrenuo-postupke-utvrdivanja-odgovornosti-clanova-birackih-odbora\/#breadcrumb","itemListElement":[{"@type":"ListItem","position":1,"name":"Po\u010detna stranica","item":"https:\/\/radioljubuski.ba\/"},{"@type":"ListItem","position":2,"name":"SIP BiH pokrenuo postupke utvr\u0111ivanja odgovornosti \u010dlanova bira\u010dkih odbora"}]},{"@type":"WebSite","@id":"https:\/\/radioljubuski.ba\/#website","url":"https:\/\/radioljubuski.ba\/","name":"Radio Ljubu\u0161ki","description":"Sun\u010dana frekvencija Hercegovine","publisher":{"@id":"https:\/\/radioljubuski.ba\/#organization"},"potentialAction":[{"@type":"SearchAction","target":{"@type":"EntryPoint","urlTemplate":"https:\/\/radioljubuski.ba\/?s={search_term_string}"},"query-input":{"@type":"PropertyValueSpecification","valueRequired":true,"valueName":"search_term_string"}}],"inLanguage":"hr"},{"@type":"Organization","@id":"https:\/\/radioljubuski.ba\/#organization","name":"Radio Ljubu\u0161ki","url":"https:\/\/radioljubuski.ba\/","logo":{"@type":"ImageObject","inLanguage":"hr","@id":"https:\/\/radioljubuski.ba\/#\/schema\/logo\/image\/","url":"https:\/\/radioljubuski.ba\/wp-content\/uploads\/2021\/02\/cropped-Radio_Ljubuski_logo1.jpg","contentUrl":"https:\/\/radioljubuski.ba\/wp-content\/uploads\/2021\/02\/cropped-Radio_Ljubuski_logo1.jpg","width":512,"height":512,"caption":"Radio Ljubu\u0161ki"},"image":{"@id":"https:\/\/radioljubuski.ba\/#\/schema\/logo\/image\/"},"sameAs":["https:\/\/www.facebook.com\/Radiio-Ljubuski-1490835324566332","https:\/\/x.com\/radioljubuski","https:\/\/hr.linkedin.com\/company\/radio-ljubuski","https:\/\/www.youtube.com\/channel\/UCHYaeO_n0Db3tjNGudGpXyw"]},{"@type":"Person","@id":"https:\/\/radioljubuski.ba\/#\/schema\/person\/19fc700381a780f69665d7956c469e3b","name":"Radio Ljubu\u0161ki"}]}},"_links":{"self":[{"href":"https:\/\/radioljubuski.ba\/index.php\/wp-json\/wp\/v2\/posts\/120053","targetHints":{"allow":["GET"]}}],"collection":[{"href":"https:\/\/radioljubuski.ba\/index.php\/wp-json\/wp\/v2\/posts"}],"about":[{"href":"https:\/\/radioljubuski.ba\/index.php\/wp-json\/wp\/v2\/types\/post"}],"author":[{"embeddable":true,"href":"https:\/\/radioljubuski.ba\/index.php\/wp-json\/wp\/v2\/users\/2"}],"replies":[{"embeddable":true,"href":"https:\/\/radioljubuski.ba\/index.php\/wp-json\/wp\/v2\/comments?post=120053"}],"version-history":[{"count":1,"href":"https:\/\/radioljubuski.ba\/index.php\/wp-json\/wp\/v2\/posts\/120053\/revisions"}],"predecessor-version":[{"id":120055,"href":"https:\/\/radioljubuski.ba\/index.php\/wp-json\/wp\/v2\/posts\/120053\/revisions\/120055"}],"wp:featuredmedia":[{"embeddable":true,"href":"https:\/\/radioljubuski.ba\/index.php\/wp-json\/wp\/v2\/media\/120054"}],"wp:attachment":[{"href":"https:\/\/radioljubuski.ba\/index.php\/wp-json\/wp\/v2\/media?parent=120053"}],"wp:term":[{"taxonomy":"category","embeddable":true,"href":"https:\/\/radioljubuski.ba\/index.php\/wp-json\/wp\/v2\/categories?post=120053"},{"taxonomy":"post_tag","embeddable":true,"href":"https:\/\/radioljubuski.ba\/index.php\/wp-json\/wp\/v2\/tags?post=120053"}],"curies":[{"name":"wp","href":"https:\/\/api.w.org\/{rel}","templated":true}]}}