{"id":120056,"date":"2022-03-10T15:01:36","date_gmt":"2022-03-10T14:01:36","guid":{"rendered":"https:\/\/radioljubuski.ba\/?p=120056"},"modified":"2022-03-10T15:01:37","modified_gmt":"2022-03-10T14:01:37","slug":"ubijeno-dijete-sruseno-rodiliste-tako-izgleda-putinova-denacifikacija","status":"publish","type":"post","link":"https:\/\/radioljubuski.ba\/index.php\/2022\/03\/10\/ubijeno-dijete-sruseno-rodiliste-tako-izgleda-putinova-denacifikacija\/","title":{"rendered":"Ubijeno dijete, sru\u0161eno rodili\u0161te&#8230; tako izgleda Putinova &#8220;denacifikacija&#8221;"},"content":{"rendered":"\n<p>Vladimir Vladimirovi\u0107 Putin denacificirao je dje\u010dju bolnicu s rodili\u0161tem u ukrajinskom Mariupolju. Nema je. Zamjenik gradona\u010delnika rekao je za BBC da su u napadu ubijene tri osobe, a ranjeno ih je 17 &#8211; ve\u0107inom trudnice i medicinsko osoblje. Me\u0111u mrtvima je i \u0161estogodi\u0161nji dje\u010dak, pi\u0161e<a href=\"https:\/\/www.index.hr\/vijesti\/clanak\/ubijeno-dijete-sruseno-rodiliste-tako-izgleda-putinova-denacifikacija\/2346124.aspx?index_tid=197298\"> Index.h<\/a>r.<\/p>\n\n\n\n<p>Rodili\u0161te je toliko denacificirano da ga vi\u0161e nitko ne mo\u017ee koristiti<br>Prema informacijama gradske uprave Mariupolja, bolnica je u ruskom bombardiranju tako temeljito uni\u0161tena &#8211; ili denacificirana, da koristimo pojmove Vladimira Vladimirovi\u010da &#8211; da je vi\u0161e nitko ne mo\u017ee koristiti: ni Ukrajinci ni Rusi, neovisno o tome koju ideologiju vole.<\/p>\n\n\n\n<p>Bolnice nema, denacifikacija se nastavlja.<\/p>\n\n\n\n<p>Istina, u ratu treba biti oprezan. Samom objavom neke informacije mediji mogu postati sredstvo manipulacije. U \u017eelji za \u0161to br\u017eom objavom vijesti, mo\u017eemo publicirati neistinu. Doga\u0111alo se to i u ovom ratu skoro svim medijima, nekima hotimi\u010dno, drugima nehotice. Doga\u0111alo se i onima koji javljaju da su ruske granate demolirale bolnicu u Mariupolju i pobile ljude.<\/p>\n\n\n\n<p>Uz to, Dmitri Peskov, Putinov lakaj za komunikaciju s medijima, nazvao je dovo\u0111enje ruske vojske u vezu s ovim zlo\u010dinom &#8220;informacijskim terorizmom&#8221;, dok je Kremlj jo\u0161 ranije objavio da je ruska &nbsp;odgovornost za napad na bolnicu &#8220;la\u017ena vijest&#8221;, ali i obe\u0107ao &#8220;provjeriti informacije o napadu sa svojim snagama&#8221;.<\/p>\n\n\n\n<p>Stari cinik Lavrov rodili\u0161te smatra legitimnom metom<br>Putinov nam je re\u017eim, dakle, sugerirao kako je bolnicu spr\u017eila gorljiva \u017eelja Ukrajinaca da demoniziraju Ruse. Danas se, pak, oglasio stari cinik Sergej Lavrov, Putinov ministar vanjskih poslova. Odabrao je druga\u010diju taktiku: &#8220;\u010culi smo navode o zvjerskom napadu na rodili\u0161te prije tri dana. Na\u0161a delegacija je dala dokaze da je Azov okupirao to rodili\u0161te i da su izbacili trudnice i djelatnike&#8230; Vi sami izvucite zaklju\u010dke. Javnost diljem svijeta je izmanipulirana.&#8221;<\/p>\n\n\n\n<p>Sad ve\u0107 imamo tri istine. Ukrajinska strana ka\u017ee da su bolnicu sru\u0161ile Putinove trupe, dok su Putinovi megafoni ponudili dvije verzije: po jednoj, rusko ru\u0161enje rodili\u0161ta je la\u017e, po drugoj, rodili\u0161te je bilo legitiman vojni cilj jer su se u njemu, umjesto osoblja, trudnica i djece, skrasili nacisti.&nbsp;<\/p>\n\n\n\n<p>Odnosno Ukrajinci.<\/p>\n\n\n\n<p>Po svakom scenariju za razaranje rodili\u0161ta odgovoran je Putin<br>Sve i da je neka od dvije verzije Putinovih propagandista to\u010dna, odgovornost za razaranje zgrade na ruskim je trupama. Dok Vladimir Vladimirovi\u010d nije zapo\u010deo invaziju, agresiju, razaranje, odnosno, kako ka\u017ee, &#8220;denacifikaciju&#8221; Ukrajine, u mariupoljskom rodili\u0161tu nije bilo stvarnih ni samozvanih generala, vojnika ni paravojnika.<\/p>\n\n\n\n<p>Dok Putin nije odlu\u010dio dovesti rat u cijelu Ukrajinu, po rodili\u0161tima su se ra\u0111ala djeca i nisu padale bombe. Nisu bila ni legitiman ni nelegitiman cilj. Slu\u017eila su onome \u010demu rodili\u0161ta slu\u017ee u \u010ditavom svijetu. Pred tom je \u010dinjenicom cinizam Sergeja Lavrova nemo\u0107an. Ne poma\u017ee mu ni posthumno upisivanje mrtvog \u0161estogodi\u0161njaka u naciste.<\/p>\n\n\n\n<p>Rodili\u0161te je u Putinovoj verziji svijeta lokacija na kojoj treba sijati smrt<br>Vladimir Putin napao je Ukrajinu. Njegovim je svjesnim djelovanjem u toj dr\u017eavi u ovom trenutku aran\u017eiran pakao kakvog nije bilo prije 24. velja\u010de. Od tih nepobitnih \u010dinjenica treba po\u0107i svaka rasprava o ru\u0161enju rodili\u0161ta u Mariupolju. Da nije ruskih trupa, da nije Putina, onako mrkog i ratobornog, danas bi Mariupolj imao rodili\u0161te. I u njemu bi se ra\u0111ala djeca.<\/p>\n\n\n\n<p>No rodili\u0161ta vi\u0161e nema. Ono je sada, kako putinovci vele, denacificirano. Ostali su goli beton, nagorjela zgrada, ru\u0161evine i le\u0161evi. Kao stari obavje\u0161tajac, Putin zna da preventivna demonizacija metu \u010dini legitimnom: kad uvjeri sve oko sebe da po Ukrajini mar\u0161iraju sami nacisti, tada i ukrajinska rodili\u0161ta prestaju biti mjesta na kojima po\u010dinje \u017eivot i postaju lokacije na kojima valja sijati smrt. A u tome je Putin majstor.<\/p>\n\n\n\n<p>Ukratko, \u0161to god da se utvrdi, bude li se i\u0161ta utvr\u0111ivalo o zbivanjima u mariupoljskom rodili\u0161tu, uni\u0161tila ga je Putinova volja za &#8220;denacifikacijom&#8221; Ukrajine. To mu nitko ne mo\u017ee osporiti.<\/p>\n\n\n\n<p>Izvor:index.hr<\/p>\n","protected":false},"excerpt":{"rendered":"<p>Vladimir Vladimirovi\u0107 Putin denacificirao je dje\u010dju bolnicu s rodili\u0161tem u ukrajinskom Mariupolju. Nema je. Zamjenik gradona\u010delnika rekao je za BBC da su u napadu ubijene tri osobe, a ranjeno ih je 17 &#8211; ve\u0107inom trudnice i medicinsko osoblje. Me\u0111u mrtvima je i \u0161estogodi\u0161nji dje\u010dak, pi\u0161e Index.hr. Rodili\u0161te je toliko denacificirano da ga vi\u0161e nitko ne [&hellip;]<\/p>\n","protected":false},"author":2,"featured_media":120057,"comment_status":"closed","ping_status":"closed","sticky":false,"template":"","format":"standard","meta":{"h5ap_radio_sources":[],"footnotes":""},"categories":[1],"tags":[],"class_list":["post-120056","post","type-post","status-publish","format-standard","has-post-thumbnail","hentry","category-bihiregija"],"yoast_head":"<!-- This site is optimized with the Yoast SEO plugin v27.5 - https:\/\/yoast.com\/product\/yoast-seo-wordpress\/ -->\n<title>Ubijeno dijete, sru\u0161eno rodili\u0161te... tako izgleda Putinova &quot;denacifikacija&quot; - RADIO LJUBU\u0160KI<\/title>\n<meta name=\"robots\" content=\"index, follow, max-snippet:-1, max-image-preview:large, max-video-preview:-1\" \/>\n<link rel=\"canonical\" href=\"https:\/\/radioljubuski.ba\/index.php\/2022\/03\/10\/ubijeno-dijete-sruseno-rodiliste-tako-izgleda-putinova-denacifikacija\/\" \/>\n<meta property=\"og:locale\" content=\"hr_HR\" \/>\n<meta property=\"og:type\" content=\"article\" \/>\n<meta property=\"og:title\" content=\"Ubijeno dijete, sru\u0161eno rodili\u0161te... tako izgleda Putinova &quot;denacifikacija&quot; - RADIO LJUBU\u0160KI\" \/>\n<meta property=\"og:description\" content=\"Vladimir Vladimirovi\u0107 Putin denacificirao je dje\u010dju bolnicu s rodili\u0161tem u ukrajinskom Mariupolju. Nema je. Zamjenik gradona\u010delnika rekao je za BBC da su u napadu ubijene tri osobe, a ranjeno ih je 17 &#8211; ve\u0107inom trudnice i medicinsko osoblje. Me\u0111u mrtvima je i \u0161estogodi\u0161nji dje\u010dak, pi\u0161e Index.hr. Rodili\u0161te je toliko denacificirano da ga vi\u0161e nitko ne [&hellip;]\" \/>\n<meta property=\"og:url\" content=\"https:\/\/radioljubuski.ba\/index.php\/2022\/03\/10\/ubijeno-dijete-sruseno-rodiliste-tako-izgleda-putinova-denacifikacija\/\" \/>\n<meta property=\"og:site_name\" content=\"RADIO LJUBU\u0160KI\" \/>\n<meta property=\"article:publisher\" content=\"https:\/\/www.facebook.com\/Radiio-Ljubuski-1490835324566332\" \/>\n<meta property=\"article:published_time\" content=\"2022-03-10T14:01:36+00:00\" \/>\n<meta property=\"article:modified_time\" content=\"2022-03-10T14:01:37+00:00\" \/>\n<meta property=\"og:image\" content=\"https:\/\/radioljubuski.ba\/wp-content\/uploads\/2022\/03\/2-2022-03-10-13-50-12-53a0804c-7252-47d8-ba60-95eb41a809b5.jpg\" \/>\n\t<meta property=\"og:image:width\" content=\"1000\" \/>\n\t<meta property=\"og:image:height\" content=\"625\" \/>\n\t<meta property=\"og:image:type\" content=\"image\/jpeg\" \/>\n<meta name=\"author\" content=\"Radio Ljubu\u0161ki\" \/>\n<meta name=\"twitter:card\" content=\"summary_large_image\" \/>\n<meta name=\"twitter:creator\" content=\"@radioljubuski\" \/>\n<meta name=\"twitter:site\" content=\"@radioljubuski\" \/>\n<meta name=\"twitter:label1\" content=\"Napisao\/la\" \/>\n\t<meta name=\"twitter:data1\" content=\"Radio Ljubu\u0161ki\" \/>\n\t<meta name=\"twitter:label2\" content=\"Procijenjeno vrijeme \u010ditanja\" \/>\n\t<meta name=\"twitter:data2\" content=\"3 minute\" \/>\n<script type=\"application\/ld+json\" class=\"yoast-schema-graph\">{\"@context\":\"https:\\\/\\\/schema.org\",\"@graph\":[{\"@type\":\"Article\",\"@id\":\"https:\\\/\\\/radioljubuski.ba\\\/index.php\\\/2022\\\/03\\\/10\\\/ubijeno-dijete-sruseno-rodiliste-tako-izgleda-putinova-denacifikacija\\\/#article\",\"isPartOf\":{\"@id\":\"https:\\\/\\\/radioljubuski.ba\\\/index.php\\\/2022\\\/03\\\/10\\\/ubijeno-dijete-sruseno-rodiliste-tako-izgleda-putinova-denacifikacija\\\/\"},\"author\":{\"name\":\"Radio Ljubu\u0161ki\",\"@id\":\"https:\\\/\\\/radioljubuski.ba\\\/#\\\/schema\\\/person\\\/19fc700381a780f69665d7956c469e3b\"},\"headline\":\"Ubijeno dijete, sru\u0161eno rodili\u0161te&#8230; tako izgleda Putinova &#8220;denacifikacija&#8221;\",\"datePublished\":\"2022-03-10T14:01:36+00:00\",\"dateModified\":\"2022-03-10T14:01:37+00:00\",\"mainEntityOfPage\":{\"@id\":\"https:\\\/\\\/radioljubuski.ba\\\/index.php\\\/2022\\\/03\\\/10\\\/ubijeno-dijete-sruseno-rodiliste-tako-izgleda-putinova-denacifikacija\\\/\"},\"wordCount\":689,\"publisher\":{\"@id\":\"https:\\\/\\\/radioljubuski.ba\\\/#organization\"},\"image\":{\"@id\":\"https:\\\/\\\/radioljubuski.ba\\\/index.php\\\/2022\\\/03\\\/10\\\/ubijeno-dijete-sruseno-rodiliste-tako-izgleda-putinova-denacifikacija\\\/#primaryimage\"},\"thumbnailUrl\":\"https:\\\/\\\/radioljubuski.ba\\\/wp-content\\\/uploads\\\/2022\\\/03\\\/2-2022-03-10-13-50-12-53a0804c-7252-47d8-ba60-95eb41a809b5.jpg\",\"articleSection\":[\"BIH i regija\"],\"inLanguage\":\"hr\"},{\"@type\":\"WebPage\",\"@id\":\"https:\\\/\\\/radioljubuski.ba\\\/index.php\\\/2022\\\/03\\\/10\\\/ubijeno-dijete-sruseno-rodiliste-tako-izgleda-putinova-denacifikacija\\\/\",\"url\":\"https:\\\/\\\/radioljubuski.ba\\\/index.php\\\/2022\\\/03\\\/10\\\/ubijeno-dijete-sruseno-rodiliste-tako-izgleda-putinova-denacifikacija\\\/\",\"name\":\"Ubijeno dijete, sru\u0161eno rodili\u0161te... tako izgleda Putinova \\\"denacifikacija\\\" - RADIO LJUBU\u0160KI\",\"isPartOf\":{\"@id\":\"https:\\\/\\\/radioljubuski.ba\\\/#website\"},\"primaryImageOfPage\":{\"@id\":\"https:\\\/\\\/radioljubuski.ba\\\/index.php\\\/2022\\\/03\\\/10\\\/ubijeno-dijete-sruseno-rodiliste-tako-izgleda-putinova-denacifikacija\\\/#primaryimage\"},\"image\":{\"@id\":\"https:\\\/\\\/radioljubuski.ba\\\/index.php\\\/2022\\\/03\\\/10\\\/ubijeno-dijete-sruseno-rodiliste-tako-izgleda-putinova-denacifikacija\\\/#primaryimage\"},\"thumbnailUrl\":\"https:\\\/\\\/radioljubuski.ba\\\/wp-content\\\/uploads\\\/2022\\\/03\\\/2-2022-03-10-13-50-12-53a0804c-7252-47d8-ba60-95eb41a809b5.jpg\",\"datePublished\":\"2022-03-10T14:01:36+00:00\",\"dateModified\":\"2022-03-10T14:01:37+00:00\",\"breadcrumb\":{\"@id\":\"https:\\\/\\\/radioljubuski.ba\\\/index.php\\\/2022\\\/03\\\/10\\\/ubijeno-dijete-sruseno-rodiliste-tako-izgleda-putinova-denacifikacija\\\/#breadcrumb\"},\"inLanguage\":\"hr\",\"potentialAction\":[{\"@type\":\"ReadAction\",\"target\":[\"https:\\\/\\\/radioljubuski.ba\\\/index.php\\\/2022\\\/03\\\/10\\\/ubijeno-dijete-sruseno-rodiliste-tako-izgleda-putinova-denacifikacija\\\/\"]}]},{\"@type\":\"ImageObject\",\"inLanguage\":\"hr\",\"@id\":\"https:\\\/\\\/radioljubuski.ba\\\/index.php\\\/2022\\\/03\\\/10\\\/ubijeno-dijete-sruseno-rodiliste-tako-izgleda-putinova-denacifikacija\\\/#primaryimage\",\"url\":\"https:\\\/\\\/radioljubuski.ba\\\/wp-content\\\/uploads\\\/2022\\\/03\\\/2-2022-03-10-13-50-12-53a0804c-7252-47d8-ba60-95eb41a809b5.jpg\",\"contentUrl\":\"https:\\\/\\\/radioljubuski.ba\\\/wp-content\\\/uploads\\\/2022\\\/03\\\/2-2022-03-10-13-50-12-53a0804c-7252-47d8-ba60-95eb41a809b5.jpg\",\"width\":1000,\"height\":625},{\"@type\":\"BreadcrumbList\",\"@id\":\"https:\\\/\\\/radioljubuski.ba\\\/index.php\\\/2022\\\/03\\\/10\\\/ubijeno-dijete-sruseno-rodiliste-tako-izgleda-putinova-denacifikacija\\\/#breadcrumb\",\"itemListElement\":[{\"@type\":\"ListItem\",\"position\":1,\"name\":\"Po\u010detna stranica\",\"item\":\"https:\\\/\\\/radioljubuski.ba\\\/\"},{\"@type\":\"ListItem\",\"position\":2,\"name\":\"Ubijeno dijete, sru\u0161eno rodili\u0161te&#8230; tako izgleda Putinova &#8220;denacifikacija&#8221;\"}]},{\"@type\":\"WebSite\",\"@id\":\"https:\\\/\\\/radioljubuski.ba\\\/#website\",\"url\":\"https:\\\/\\\/radioljubuski.ba\\\/\",\"name\":\"Radio Ljubu\u0161ki\",\"description\":\"Sun\u010dana frekvencija Hercegovine\",\"publisher\":{\"@id\":\"https:\\\/\\\/radioljubuski.ba\\\/#organization\"},\"potentialAction\":[{\"@type\":\"SearchAction\",\"target\":{\"@type\":\"EntryPoint\",\"urlTemplate\":\"https:\\\/\\\/radioljubuski.ba\\\/?s={search_term_string}\"},\"query-input\":{\"@type\":\"PropertyValueSpecification\",\"valueRequired\":true,\"valueName\":\"search_term_string\"}}],\"inLanguage\":\"hr\"},{\"@type\":\"Organization\",\"@id\":\"https:\\\/\\\/radioljubuski.ba\\\/#organization\",\"name\":\"Radio Ljubu\u0161ki\",\"url\":\"https:\\\/\\\/radioljubuski.ba\\\/\",\"logo\":{\"@type\":\"ImageObject\",\"inLanguage\":\"hr\",\"@id\":\"https:\\\/\\\/radioljubuski.ba\\\/#\\\/schema\\\/logo\\\/image\\\/\",\"url\":\"https:\\\/\\\/radioljubuski.ba\\\/wp-content\\\/uploads\\\/2021\\\/02\\\/cropped-Radio_Ljubuski_logo1.jpg\",\"contentUrl\":\"https:\\\/\\\/radioljubuski.ba\\\/wp-content\\\/uploads\\\/2021\\\/02\\\/cropped-Radio_Ljubuski_logo1.jpg\",\"width\":512,\"height\":512,\"caption\":\"Radio Ljubu\u0161ki\"},\"image\":{\"@id\":\"https:\\\/\\\/radioljubuski.ba\\\/#\\\/schema\\\/logo\\\/image\\\/\"},\"sameAs\":[\"https:\\\/\\\/www.facebook.com\\\/Radiio-Ljubuski-1490835324566332\",\"https:\\\/\\\/x.com\\\/radioljubuski\",\"https:\\\/\\\/hr.linkedin.com\\\/company\\\/radio-ljubuski\",\"https:\\\/\\\/www.youtube.com\\\/channel\\\/UCHYaeO_n0Db3tjNGudGpXyw\"]},{\"@type\":\"Person\",\"@id\":\"https:\\\/\\\/radioljubuski.ba\\\/#\\\/schema\\\/person\\\/19fc700381a780f69665d7956c469e3b\",\"name\":\"Radio Ljubu\u0161ki\"}]}<\/script>\n<!-- \/ Yoast SEO plugin. -->","yoast_head_json":{"title":"Ubijeno dijete, sru\u0161eno rodili\u0161te... tako izgleda Putinova \"denacifikacija\" - RADIO LJUBU\u0160KI","robots":{"index":"index","follow":"follow","max-snippet":"max-snippet:-1","max-image-preview":"max-image-preview:large","max-video-preview":"max-video-preview:-1"},"canonical":"https:\/\/radioljubuski.ba\/index.php\/2022\/03\/10\/ubijeno-dijete-sruseno-rodiliste-tako-izgleda-putinova-denacifikacija\/","og_locale":"hr_HR","og_type":"article","og_title":"Ubijeno dijete, sru\u0161eno rodili\u0161te... tako izgleda Putinova \"denacifikacija\" - RADIO LJUBU\u0160KI","og_description":"Vladimir Vladimirovi\u0107 Putin denacificirao je dje\u010dju bolnicu s rodili\u0161tem u ukrajinskom Mariupolju. Nema je. Zamjenik gradona\u010delnika rekao je za BBC da su u napadu ubijene tri osobe, a ranjeno ih je 17 &#8211; ve\u0107inom trudnice i medicinsko osoblje. Me\u0111u mrtvima je i \u0161estogodi\u0161nji dje\u010dak, pi\u0161e Index.hr. Rodili\u0161te je toliko denacificirano da ga vi\u0161e nitko ne [&hellip;]","og_url":"https:\/\/radioljubuski.ba\/index.php\/2022\/03\/10\/ubijeno-dijete-sruseno-rodiliste-tako-izgleda-putinova-denacifikacija\/","og_site_name":"RADIO LJUBU\u0160KI","article_publisher":"https:\/\/www.facebook.com\/Radiio-Ljubuski-1490835324566332","article_published_time":"2022-03-10T14:01:36+00:00","article_modified_time":"2022-03-10T14:01:37+00:00","og_image":[{"width":1000,"height":625,"url":"https:\/\/radioljubuski.ba\/wp-content\/uploads\/2022\/03\/2-2022-03-10-13-50-12-53a0804c-7252-47d8-ba60-95eb41a809b5.jpg","type":"image\/jpeg"}],"author":"Radio Ljubu\u0161ki","twitter_card":"summary_large_image","twitter_creator":"@radioljubuski","twitter_site":"@radioljubuski","twitter_misc":{"Napisao\/la":"Radio Ljubu\u0161ki","Procijenjeno vrijeme \u010ditanja":"3 minute"},"schema":{"@context":"https:\/\/schema.org","@graph":[{"@type":"Article","@id":"https:\/\/radioljubuski.ba\/index.php\/2022\/03\/10\/ubijeno-dijete-sruseno-rodiliste-tako-izgleda-putinova-denacifikacija\/#article","isPartOf":{"@id":"https:\/\/radioljubuski.ba\/index.php\/2022\/03\/10\/ubijeno-dijete-sruseno-rodiliste-tako-izgleda-putinova-denacifikacija\/"},"author":{"name":"Radio Ljubu\u0161ki","@id":"https:\/\/radioljubuski.ba\/#\/schema\/person\/19fc700381a780f69665d7956c469e3b"},"headline":"Ubijeno dijete, sru\u0161eno rodili\u0161te&#8230; tako izgleda Putinova &#8220;denacifikacija&#8221;","datePublished":"2022-03-10T14:01:36+00:00","dateModified":"2022-03-10T14:01:37+00:00","mainEntityOfPage":{"@id":"https:\/\/radioljubuski.ba\/index.php\/2022\/03\/10\/ubijeno-dijete-sruseno-rodiliste-tako-izgleda-putinova-denacifikacija\/"},"wordCount":689,"publisher":{"@id":"https:\/\/radioljubuski.ba\/#organization"},"image":{"@id":"https:\/\/radioljubuski.ba\/index.php\/2022\/03\/10\/ubijeno-dijete-sruseno-rodiliste-tako-izgleda-putinova-denacifikacija\/#primaryimage"},"thumbnailUrl":"https:\/\/radioljubuski.ba\/wp-content\/uploads\/2022\/03\/2-2022-03-10-13-50-12-53a0804c-7252-47d8-ba60-95eb41a809b5.jpg","articleSection":["BIH i regija"],"inLanguage":"hr"},{"@type":"WebPage","@id":"https:\/\/radioljubuski.ba\/index.php\/2022\/03\/10\/ubijeno-dijete-sruseno-rodiliste-tako-izgleda-putinova-denacifikacija\/","url":"https:\/\/radioljubuski.ba\/index.php\/2022\/03\/10\/ubijeno-dijete-sruseno-rodiliste-tako-izgleda-putinova-denacifikacija\/","name":"Ubijeno dijete, sru\u0161eno rodili\u0161te... tako izgleda Putinova \"denacifikacija\" - RADIO LJUBU\u0160KI","isPartOf":{"@id":"https:\/\/radioljubuski.ba\/#website"},"primaryImageOfPage":{"@id":"https:\/\/radioljubuski.ba\/index.php\/2022\/03\/10\/ubijeno-dijete-sruseno-rodiliste-tako-izgleda-putinova-denacifikacija\/#primaryimage"},"image":{"@id":"https:\/\/radioljubuski.ba\/index.php\/2022\/03\/10\/ubijeno-dijete-sruseno-rodiliste-tako-izgleda-putinova-denacifikacija\/#primaryimage"},"thumbnailUrl":"https:\/\/radioljubuski.ba\/wp-content\/uploads\/2022\/03\/2-2022-03-10-13-50-12-53a0804c-7252-47d8-ba60-95eb41a809b5.jpg","datePublished":"2022-03-10T14:01:36+00:00","dateModified":"2022-03-10T14:01:37+00:00","breadcrumb":{"@id":"https:\/\/radioljubuski.ba\/index.php\/2022\/03\/10\/ubijeno-dijete-sruseno-rodiliste-tako-izgleda-putinova-denacifikacija\/#breadcrumb"},"inLanguage":"hr","potentialAction":[{"@type":"ReadAction","target":["https:\/\/radioljubuski.ba\/index.php\/2022\/03\/10\/ubijeno-dijete-sruseno-rodiliste-tako-izgleda-putinova-denacifikacija\/"]}]},{"@type":"ImageObject","inLanguage":"hr","@id":"https:\/\/radioljubuski.ba\/index.php\/2022\/03\/10\/ubijeno-dijete-sruseno-rodiliste-tako-izgleda-putinova-denacifikacija\/#primaryimage","url":"https:\/\/radioljubuski.ba\/wp-content\/uploads\/2022\/03\/2-2022-03-10-13-50-12-53a0804c-7252-47d8-ba60-95eb41a809b5.jpg","contentUrl":"https:\/\/radioljubuski.ba\/wp-content\/uploads\/2022\/03\/2-2022-03-10-13-50-12-53a0804c-7252-47d8-ba60-95eb41a809b5.jpg","width":1000,"height":625},{"@type":"BreadcrumbList","@id":"https:\/\/radioljubuski.ba\/index.php\/2022\/03\/10\/ubijeno-dijete-sruseno-rodiliste-tako-izgleda-putinova-denacifikacija\/#breadcrumb","itemListElement":[{"@type":"ListItem","position":1,"name":"Po\u010detna stranica","item":"https:\/\/radioljubuski.ba\/"},{"@type":"ListItem","position":2,"name":"Ubijeno dijete, sru\u0161eno rodili\u0161te&#8230; tako izgleda Putinova &#8220;denacifikacija&#8221;"}]},{"@type":"WebSite","@id":"https:\/\/radioljubuski.ba\/#website","url":"https:\/\/radioljubuski.ba\/","name":"Radio Ljubu\u0161ki","description":"Sun\u010dana frekvencija Hercegovine","publisher":{"@id":"https:\/\/radioljubuski.ba\/#organization"},"potentialAction":[{"@type":"SearchAction","target":{"@type":"EntryPoint","urlTemplate":"https:\/\/radioljubuski.ba\/?s={search_term_string}"},"query-input":{"@type":"PropertyValueSpecification","valueRequired":true,"valueName":"search_term_string"}}],"inLanguage":"hr"},{"@type":"Organization","@id":"https:\/\/radioljubuski.ba\/#organization","name":"Radio Ljubu\u0161ki","url":"https:\/\/radioljubuski.ba\/","logo":{"@type":"ImageObject","inLanguage":"hr","@id":"https:\/\/radioljubuski.ba\/#\/schema\/logo\/image\/","url":"https:\/\/radioljubuski.ba\/wp-content\/uploads\/2021\/02\/cropped-Radio_Ljubuski_logo1.jpg","contentUrl":"https:\/\/radioljubuski.ba\/wp-content\/uploads\/2021\/02\/cropped-Radio_Ljubuski_logo1.jpg","width":512,"height":512,"caption":"Radio Ljubu\u0161ki"},"image":{"@id":"https:\/\/radioljubuski.ba\/#\/schema\/logo\/image\/"},"sameAs":["https:\/\/www.facebook.com\/Radiio-Ljubuski-1490835324566332","https:\/\/x.com\/radioljubuski","https:\/\/hr.linkedin.com\/company\/radio-ljubuski","https:\/\/www.youtube.com\/channel\/UCHYaeO_n0Db3tjNGudGpXyw"]},{"@type":"Person","@id":"https:\/\/radioljubuski.ba\/#\/schema\/person\/19fc700381a780f69665d7956c469e3b","name":"Radio Ljubu\u0161ki"}]}},"_links":{"self":[{"href":"https:\/\/radioljubuski.ba\/index.php\/wp-json\/wp\/v2\/posts\/120056","targetHints":{"allow":["GET"]}}],"collection":[{"href":"https:\/\/radioljubuski.ba\/index.php\/wp-json\/wp\/v2\/posts"}],"about":[{"href":"https:\/\/radioljubuski.ba\/index.php\/wp-json\/wp\/v2\/types\/post"}],"author":[{"embeddable":true,"href":"https:\/\/radioljubuski.ba\/index.php\/wp-json\/wp\/v2\/users\/2"}],"replies":[{"embeddable":true,"href":"https:\/\/radioljubuski.ba\/index.php\/wp-json\/wp\/v2\/comments?post=120056"}],"version-history":[{"count":1,"href":"https:\/\/radioljubuski.ba\/index.php\/wp-json\/wp\/v2\/posts\/120056\/revisions"}],"predecessor-version":[{"id":120058,"href":"https:\/\/radioljubuski.ba\/index.php\/wp-json\/wp\/v2\/posts\/120056\/revisions\/120058"}],"wp:featuredmedia":[{"embeddable":true,"href":"https:\/\/radioljubuski.ba\/index.php\/wp-json\/wp\/v2\/media\/120057"}],"wp:attachment":[{"href":"https:\/\/radioljubuski.ba\/index.php\/wp-json\/wp\/v2\/media?parent=120056"}],"wp:term":[{"taxonomy":"category","embeddable":true,"href":"https:\/\/radioljubuski.ba\/index.php\/wp-json\/wp\/v2\/categories?post=120056"},{"taxonomy":"post_tag","embeddable":true,"href":"https:\/\/radioljubuski.ba\/index.php\/wp-json\/wp\/v2\/tags?post=120056"}],"curies":[{"name":"wp","href":"https:\/\/api.w.org\/{rel}","templated":true}]}}