{"id":120111,"date":"2022-03-10T23:43:22","date_gmt":"2022-03-10T22:43:22","guid":{"rendered":"https:\/\/radioljubuski.ba\/?p=120111"},"modified":"2022-03-10T23:43:24","modified_gmt":"2022-03-10T22:43:24","slug":"putin-se-obratio-rusima-zbog-sankcija-nema-toga-sto-ne-mozemo-rijesiti","status":"publish","type":"post","link":"https:\/\/radioljubuski.ba\/index.php\/2022\/03\/10\/putin-se-obratio-rusima-zbog-sankcija-nema-toga-sto-ne-mozemo-rijesiti\/","title":{"rendered":"Putin se obratio Rusima zbog sankcija: Nema toga \u0161to ne mo\u017eemo rije\u0161iti"},"content":{"rendered":"\n<p>Ruski predsjednik obratio se gra\u0111anima putem dr\u017eavne televizije. Govorio je o zapadnim zemljama koje, kako je rekao, &#8220;poduzimaju neprijateljske poteze protiv ruske ekonomije&#8221;, referiraju\u0107i se na sankcije koje je Rusiji uveo Zapad zbog napada na Ukrajinu.&nbsp;<\/p>\n\n\n\n<p>Rekao je kako raste potra\u017enja za odre\u0111enim vrsta roba, pa dodao: &#8220;Ljudi \u0107e shvatiti da nema toga \u0161to ne mo\u017eemo rije\u0161iti&#8221;.&nbsp;<\/p>\n\n\n\n<p>Potom je govorio o Zapadu, ustvrdiv\u0161i da su zapadne zemlje &#8220;pozvale svoje gra\u0111ane da stegnu pojaseve i odjenu topliju odje\u0107u&#8221; te okrivio sankcije za pogor\u0161anje situacije. &#8220;Sve to se \u010dini vrlo \u010dudnim&#8221;, dodao je.<\/p>\n\n\n\n<p>Rekao je da Rusija ispunjava svoje obaveze o isporukama plina te ju se ne mo\u017ee kriviti za rast cijena plina.<\/p>\n\n\n\n<p>&#8220;To je rezultat njihove pogre\u0161ne procjene, ne krivite nas&#8221;, rekao je.<\/p>\n\n\n\n<p>Ruski predsjednik Vladimir Putin rekao je da se &#8220;situacija na tr\u017ei\u0161tu gnojiva pogor\u0161ava&#8221;, zbog \u010dega hrana u kona\u010dnici poskupljuje.&nbsp;<\/p>\n\n\n\n<p>Ruski ministar industrije i trgovine objavio je da je Rusija odlu\u010dila privremeno prekinuti izvoz gnojiva te da \u0107e ta odluka biti na snazi dok se &#8220;transport roba ne vrati u normalu&#8221;.<\/p>\n\n\n\n<p>Putin je danas rekao, prenosi Sky News, da &#8220;Zapad stvara probleme Rusiji&#8221; zbog \u010dega \u0107e, kako je rekao, &#8220;biti neizbje\u017enih negativnih posljedica za svjetska tr\u017ei\u0161ta&#8221;, dodaju\u0107i kako bi hrana mogla biti sve skuplja.<\/p>\n\n\n\n<p>Prekid ruskog izvoza gnojiva mogao bi dovesti do porasta cijena hrane \u0161irom svijeta, navodi Sky News.&nbsp;<\/p>\n\n\n\n<p>Izvor:pogled.ba<\/p>\n","protected":false},"excerpt":{"rendered":"<p>Ruski predsjednik obratio se gra\u0111anima putem dr\u017eavne televizije. Govorio je o zapadnim zemljama koje, kako je rekao, &#8220;poduzimaju neprijateljske poteze protiv ruske ekonomije&#8221;, referiraju\u0107i se na sankcije koje je Rusiji uveo Zapad zbog napada na Ukrajinu.&nbsp; Rekao je kako raste potra\u017enja za odre\u0111enim vrsta roba, pa dodao: &#8220;Ljudi \u0107e shvatiti da nema toga \u0161to ne [&hellip;]<\/p>\n","protected":false},"author":2,"featured_media":66101,"comment_status":"closed","ping_status":"closed","sticky":false,"template":"","format":"standard","meta":{"h5ap_radio_sources":[],"footnotes":""},"categories":[1],"tags":[],"class_list":["post-120111","post","type-post","status-publish","format-standard","has-post-thumbnail","hentry","category-bihiregija"],"yoast_head":"<!-- This site is optimized with the Yoast SEO plugin v27.5 - https:\/\/yoast.com\/product\/yoast-seo-wordpress\/ -->\n<title>Putin se obratio Rusima zbog sankcija: Nema toga \u0161to ne mo\u017eemo rije\u0161iti - RADIO LJUBU\u0160KI<\/title>\n<meta name=\"robots\" content=\"index, follow, max-snippet:-1, max-image-preview:large, max-video-preview:-1\" \/>\n<link rel=\"canonical\" href=\"https:\/\/radioljubuski.ba\/index.php\/2022\/03\/10\/putin-se-obratio-rusima-zbog-sankcija-nema-toga-sto-ne-mozemo-rijesiti\/\" \/>\n<meta property=\"og:locale\" content=\"hr_HR\" \/>\n<meta property=\"og:type\" content=\"article\" \/>\n<meta property=\"og:title\" content=\"Putin se obratio Rusima zbog sankcija: Nema toga \u0161to ne mo\u017eemo rije\u0161iti - RADIO LJUBU\u0160KI\" \/>\n<meta property=\"og:description\" content=\"Ruski predsjednik obratio se gra\u0111anima putem dr\u017eavne televizije. Govorio je o zapadnim zemljama koje, kako je rekao, &#8220;poduzimaju neprijateljske poteze protiv ruske ekonomije&#8221;, referiraju\u0107i se na sankcije koje je Rusiji uveo Zapad zbog napada na Ukrajinu.&nbsp; Rekao je kako raste potra\u017enja za odre\u0111enim vrsta roba, pa dodao: &#8220;Ljudi \u0107e shvatiti da nema toga \u0161to ne [&hellip;]\" \/>\n<meta property=\"og:url\" content=\"https:\/\/radioljubuski.ba\/index.php\/2022\/03\/10\/putin-se-obratio-rusima-zbog-sankcija-nema-toga-sto-ne-mozemo-rijesiti\/\" \/>\n<meta property=\"og:site_name\" content=\"RADIO LJUBU\u0160KI\" \/>\n<meta property=\"article:publisher\" content=\"https:\/\/www.facebook.com\/Radiio-Ljubuski-1490835324566332\" \/>\n<meta property=\"article:published_time\" content=\"2022-03-10T22:43:22+00:00\" \/>\n<meta property=\"article:modified_time\" content=\"2022-03-10T22:43:24+00:00\" \/>\n<meta property=\"og:image\" content=\"https:\/\/radioljubuski.ba\/wp-content\/uploads\/2021\/09\/9-2021-03-28-17-19-11-putin2.jpg\" \/>\n\t<meta property=\"og:image:width\" content=\"1000\" \/>\n\t<meta property=\"og:image:height\" content=\"625\" \/>\n\t<meta property=\"og:image:type\" content=\"image\/jpeg\" \/>\n<meta name=\"author\" content=\"Radio Ljubu\u0161ki\" \/>\n<meta name=\"twitter:card\" content=\"summary_large_image\" \/>\n<meta name=\"twitter:creator\" content=\"@radioljubuski\" \/>\n<meta name=\"twitter:site\" content=\"@radioljubuski\" \/>\n<meta name=\"twitter:label1\" content=\"Napisao\/la\" \/>\n\t<meta name=\"twitter:data1\" content=\"Radio Ljubu\u0161ki\" \/>\n\t<meta name=\"twitter:label2\" content=\"Procijenjeno vrijeme \u010ditanja\" \/>\n\t<meta name=\"twitter:data2\" content=\"1 minuta\" \/>\n<script type=\"application\/ld+json\" class=\"yoast-schema-graph\">{\"@context\":\"https:\\\/\\\/schema.org\",\"@graph\":[{\"@type\":\"Article\",\"@id\":\"https:\\\/\\\/radioljubuski.ba\\\/index.php\\\/2022\\\/03\\\/10\\\/putin-se-obratio-rusima-zbog-sankcija-nema-toga-sto-ne-mozemo-rijesiti\\\/#article\",\"isPartOf\":{\"@id\":\"https:\\\/\\\/radioljubuski.ba\\\/index.php\\\/2022\\\/03\\\/10\\\/putin-se-obratio-rusima-zbog-sankcija-nema-toga-sto-ne-mozemo-rijesiti\\\/\"},\"author\":{\"name\":\"Radio Ljubu\u0161ki\",\"@id\":\"https:\\\/\\\/radioljubuski.ba\\\/#\\\/schema\\\/person\\\/19fc700381a780f69665d7956c469e3b\"},\"headline\":\"Putin se obratio Rusima zbog sankcija: Nema toga \u0161to ne mo\u017eemo rije\u0161iti\",\"datePublished\":\"2022-03-10T22:43:22+00:00\",\"dateModified\":\"2022-03-10T22:43:24+00:00\",\"mainEntityOfPage\":{\"@id\":\"https:\\\/\\\/radioljubuski.ba\\\/index.php\\\/2022\\\/03\\\/10\\\/putin-se-obratio-rusima-zbog-sankcija-nema-toga-sto-ne-mozemo-rijesiti\\\/\"},\"wordCount\":264,\"publisher\":{\"@id\":\"https:\\\/\\\/radioljubuski.ba\\\/#organization\"},\"image\":{\"@id\":\"https:\\\/\\\/radioljubuski.ba\\\/index.php\\\/2022\\\/03\\\/10\\\/putin-se-obratio-rusima-zbog-sankcija-nema-toga-sto-ne-mozemo-rijesiti\\\/#primaryimage\"},\"thumbnailUrl\":\"https:\\\/\\\/radioljubuski.ba\\\/wp-content\\\/uploads\\\/2021\\\/09\\\/9-2021-03-28-17-19-11-putin2.jpg\",\"articleSection\":[\"BIH i regija\"],\"inLanguage\":\"hr\"},{\"@type\":\"WebPage\",\"@id\":\"https:\\\/\\\/radioljubuski.ba\\\/index.php\\\/2022\\\/03\\\/10\\\/putin-se-obratio-rusima-zbog-sankcija-nema-toga-sto-ne-mozemo-rijesiti\\\/\",\"url\":\"https:\\\/\\\/radioljubuski.ba\\\/index.php\\\/2022\\\/03\\\/10\\\/putin-se-obratio-rusima-zbog-sankcija-nema-toga-sto-ne-mozemo-rijesiti\\\/\",\"name\":\"Putin se obratio Rusima zbog sankcija: Nema toga \u0161to ne mo\u017eemo rije\u0161iti - RADIO LJUBU\u0160KI\",\"isPartOf\":{\"@id\":\"https:\\\/\\\/radioljubuski.ba\\\/#website\"},\"primaryImageOfPage\":{\"@id\":\"https:\\\/\\\/radioljubuski.ba\\\/index.php\\\/2022\\\/03\\\/10\\\/putin-se-obratio-rusima-zbog-sankcija-nema-toga-sto-ne-mozemo-rijesiti\\\/#primaryimage\"},\"image\":{\"@id\":\"https:\\\/\\\/radioljubuski.ba\\\/index.php\\\/2022\\\/03\\\/10\\\/putin-se-obratio-rusima-zbog-sankcija-nema-toga-sto-ne-mozemo-rijesiti\\\/#primaryimage\"},\"thumbnailUrl\":\"https:\\\/\\\/radioljubuski.ba\\\/wp-content\\\/uploads\\\/2021\\\/09\\\/9-2021-03-28-17-19-11-putin2.jpg\",\"datePublished\":\"2022-03-10T22:43:22+00:00\",\"dateModified\":\"2022-03-10T22:43:24+00:00\",\"breadcrumb\":{\"@id\":\"https:\\\/\\\/radioljubuski.ba\\\/index.php\\\/2022\\\/03\\\/10\\\/putin-se-obratio-rusima-zbog-sankcija-nema-toga-sto-ne-mozemo-rijesiti\\\/#breadcrumb\"},\"inLanguage\":\"hr\",\"potentialAction\":[{\"@type\":\"ReadAction\",\"target\":[\"https:\\\/\\\/radioljubuski.ba\\\/index.php\\\/2022\\\/03\\\/10\\\/putin-se-obratio-rusima-zbog-sankcija-nema-toga-sto-ne-mozemo-rijesiti\\\/\"]}]},{\"@type\":\"ImageObject\",\"inLanguage\":\"hr\",\"@id\":\"https:\\\/\\\/radioljubuski.ba\\\/index.php\\\/2022\\\/03\\\/10\\\/putin-se-obratio-rusima-zbog-sankcija-nema-toga-sto-ne-mozemo-rijesiti\\\/#primaryimage\",\"url\":\"https:\\\/\\\/radioljubuski.ba\\\/wp-content\\\/uploads\\\/2021\\\/09\\\/9-2021-03-28-17-19-11-putin2.jpg\",\"contentUrl\":\"https:\\\/\\\/radioljubuski.ba\\\/wp-content\\\/uploads\\\/2021\\\/09\\\/9-2021-03-28-17-19-11-putin2.jpg\",\"width\":1000,\"height\":625},{\"@type\":\"BreadcrumbList\",\"@id\":\"https:\\\/\\\/radioljubuski.ba\\\/index.php\\\/2022\\\/03\\\/10\\\/putin-se-obratio-rusima-zbog-sankcija-nema-toga-sto-ne-mozemo-rijesiti\\\/#breadcrumb\",\"itemListElement\":[{\"@type\":\"ListItem\",\"position\":1,\"name\":\"Po\u010detna stranica\",\"item\":\"https:\\\/\\\/radioljubuski.ba\\\/\"},{\"@type\":\"ListItem\",\"position\":2,\"name\":\"Putin se obratio Rusima zbog sankcija: Nema toga \u0161to ne mo\u017eemo rije\u0161iti\"}]},{\"@type\":\"WebSite\",\"@id\":\"https:\\\/\\\/radioljubuski.ba\\\/#website\",\"url\":\"https:\\\/\\\/radioljubuski.ba\\\/\",\"name\":\"Radio Ljubu\u0161ki\",\"description\":\"Sun\u010dana frekvencija Hercegovine\",\"publisher\":{\"@id\":\"https:\\\/\\\/radioljubuski.ba\\\/#organization\"},\"potentialAction\":[{\"@type\":\"SearchAction\",\"target\":{\"@type\":\"EntryPoint\",\"urlTemplate\":\"https:\\\/\\\/radioljubuski.ba\\\/?s={search_term_string}\"},\"query-input\":{\"@type\":\"PropertyValueSpecification\",\"valueRequired\":true,\"valueName\":\"search_term_string\"}}],\"inLanguage\":\"hr\"},{\"@type\":\"Organization\",\"@id\":\"https:\\\/\\\/radioljubuski.ba\\\/#organization\",\"name\":\"Radio Ljubu\u0161ki\",\"url\":\"https:\\\/\\\/radioljubuski.ba\\\/\",\"logo\":{\"@type\":\"ImageObject\",\"inLanguage\":\"hr\",\"@id\":\"https:\\\/\\\/radioljubuski.ba\\\/#\\\/schema\\\/logo\\\/image\\\/\",\"url\":\"https:\\\/\\\/radioljubuski.ba\\\/wp-content\\\/uploads\\\/2021\\\/02\\\/cropped-Radio_Ljubuski_logo1.jpg\",\"contentUrl\":\"https:\\\/\\\/radioljubuski.ba\\\/wp-content\\\/uploads\\\/2021\\\/02\\\/cropped-Radio_Ljubuski_logo1.jpg\",\"width\":512,\"height\":512,\"caption\":\"Radio Ljubu\u0161ki\"},\"image\":{\"@id\":\"https:\\\/\\\/radioljubuski.ba\\\/#\\\/schema\\\/logo\\\/image\\\/\"},\"sameAs\":[\"https:\\\/\\\/www.facebook.com\\\/Radiio-Ljubuski-1490835324566332\",\"https:\\\/\\\/x.com\\\/radioljubuski\",\"https:\\\/\\\/hr.linkedin.com\\\/company\\\/radio-ljubuski\",\"https:\\\/\\\/www.youtube.com\\\/channel\\\/UCHYaeO_n0Db3tjNGudGpXyw\"]},{\"@type\":\"Person\",\"@id\":\"https:\\\/\\\/radioljubuski.ba\\\/#\\\/schema\\\/person\\\/19fc700381a780f69665d7956c469e3b\",\"name\":\"Radio Ljubu\u0161ki\"}]}<\/script>\n<!-- \/ Yoast SEO plugin. -->","yoast_head_json":{"title":"Putin se obratio Rusima zbog sankcija: Nema toga \u0161to ne mo\u017eemo rije\u0161iti - RADIO LJUBU\u0160KI","robots":{"index":"index","follow":"follow","max-snippet":"max-snippet:-1","max-image-preview":"max-image-preview:large","max-video-preview":"max-video-preview:-1"},"canonical":"https:\/\/radioljubuski.ba\/index.php\/2022\/03\/10\/putin-se-obratio-rusima-zbog-sankcija-nema-toga-sto-ne-mozemo-rijesiti\/","og_locale":"hr_HR","og_type":"article","og_title":"Putin se obratio Rusima zbog sankcija: Nema toga \u0161to ne mo\u017eemo rije\u0161iti - RADIO LJUBU\u0160KI","og_description":"Ruski predsjednik obratio se gra\u0111anima putem dr\u017eavne televizije. Govorio je o zapadnim zemljama koje, kako je rekao, &#8220;poduzimaju neprijateljske poteze protiv ruske ekonomije&#8221;, referiraju\u0107i se na sankcije koje je Rusiji uveo Zapad zbog napada na Ukrajinu.&nbsp; Rekao je kako raste potra\u017enja za odre\u0111enim vrsta roba, pa dodao: &#8220;Ljudi \u0107e shvatiti da nema toga \u0161to ne [&hellip;]","og_url":"https:\/\/radioljubuski.ba\/index.php\/2022\/03\/10\/putin-se-obratio-rusima-zbog-sankcija-nema-toga-sto-ne-mozemo-rijesiti\/","og_site_name":"RADIO LJUBU\u0160KI","article_publisher":"https:\/\/www.facebook.com\/Radiio-Ljubuski-1490835324566332","article_published_time":"2022-03-10T22:43:22+00:00","article_modified_time":"2022-03-10T22:43:24+00:00","og_image":[{"width":1000,"height":625,"url":"https:\/\/radioljubuski.ba\/wp-content\/uploads\/2021\/09\/9-2021-03-28-17-19-11-putin2.jpg","type":"image\/jpeg"}],"author":"Radio Ljubu\u0161ki","twitter_card":"summary_large_image","twitter_creator":"@radioljubuski","twitter_site":"@radioljubuski","twitter_misc":{"Napisao\/la":"Radio Ljubu\u0161ki","Procijenjeno vrijeme \u010ditanja":"1 minuta"},"schema":{"@context":"https:\/\/schema.org","@graph":[{"@type":"Article","@id":"https:\/\/radioljubuski.ba\/index.php\/2022\/03\/10\/putin-se-obratio-rusima-zbog-sankcija-nema-toga-sto-ne-mozemo-rijesiti\/#article","isPartOf":{"@id":"https:\/\/radioljubuski.ba\/index.php\/2022\/03\/10\/putin-se-obratio-rusima-zbog-sankcija-nema-toga-sto-ne-mozemo-rijesiti\/"},"author":{"name":"Radio Ljubu\u0161ki","@id":"https:\/\/radioljubuski.ba\/#\/schema\/person\/19fc700381a780f69665d7956c469e3b"},"headline":"Putin se obratio Rusima zbog sankcija: Nema toga \u0161to ne mo\u017eemo rije\u0161iti","datePublished":"2022-03-10T22:43:22+00:00","dateModified":"2022-03-10T22:43:24+00:00","mainEntityOfPage":{"@id":"https:\/\/radioljubuski.ba\/index.php\/2022\/03\/10\/putin-se-obratio-rusima-zbog-sankcija-nema-toga-sto-ne-mozemo-rijesiti\/"},"wordCount":264,"publisher":{"@id":"https:\/\/radioljubuski.ba\/#organization"},"image":{"@id":"https:\/\/radioljubuski.ba\/index.php\/2022\/03\/10\/putin-se-obratio-rusima-zbog-sankcija-nema-toga-sto-ne-mozemo-rijesiti\/#primaryimage"},"thumbnailUrl":"https:\/\/radioljubuski.ba\/wp-content\/uploads\/2021\/09\/9-2021-03-28-17-19-11-putin2.jpg","articleSection":["BIH i regija"],"inLanguage":"hr"},{"@type":"WebPage","@id":"https:\/\/radioljubuski.ba\/index.php\/2022\/03\/10\/putin-se-obratio-rusima-zbog-sankcija-nema-toga-sto-ne-mozemo-rijesiti\/","url":"https:\/\/radioljubuski.ba\/index.php\/2022\/03\/10\/putin-se-obratio-rusima-zbog-sankcija-nema-toga-sto-ne-mozemo-rijesiti\/","name":"Putin se obratio Rusima zbog sankcija: Nema toga \u0161to ne mo\u017eemo rije\u0161iti - RADIO LJUBU\u0160KI","isPartOf":{"@id":"https:\/\/radioljubuski.ba\/#website"},"primaryImageOfPage":{"@id":"https:\/\/radioljubuski.ba\/index.php\/2022\/03\/10\/putin-se-obratio-rusima-zbog-sankcija-nema-toga-sto-ne-mozemo-rijesiti\/#primaryimage"},"image":{"@id":"https:\/\/radioljubuski.ba\/index.php\/2022\/03\/10\/putin-se-obratio-rusima-zbog-sankcija-nema-toga-sto-ne-mozemo-rijesiti\/#primaryimage"},"thumbnailUrl":"https:\/\/radioljubuski.ba\/wp-content\/uploads\/2021\/09\/9-2021-03-28-17-19-11-putin2.jpg","datePublished":"2022-03-10T22:43:22+00:00","dateModified":"2022-03-10T22:43:24+00:00","breadcrumb":{"@id":"https:\/\/radioljubuski.ba\/index.php\/2022\/03\/10\/putin-se-obratio-rusima-zbog-sankcija-nema-toga-sto-ne-mozemo-rijesiti\/#breadcrumb"},"inLanguage":"hr","potentialAction":[{"@type":"ReadAction","target":["https:\/\/radioljubuski.ba\/index.php\/2022\/03\/10\/putin-se-obratio-rusima-zbog-sankcija-nema-toga-sto-ne-mozemo-rijesiti\/"]}]},{"@type":"ImageObject","inLanguage":"hr","@id":"https:\/\/radioljubuski.ba\/index.php\/2022\/03\/10\/putin-se-obratio-rusima-zbog-sankcija-nema-toga-sto-ne-mozemo-rijesiti\/#primaryimage","url":"https:\/\/radioljubuski.ba\/wp-content\/uploads\/2021\/09\/9-2021-03-28-17-19-11-putin2.jpg","contentUrl":"https:\/\/radioljubuski.ba\/wp-content\/uploads\/2021\/09\/9-2021-03-28-17-19-11-putin2.jpg","width":1000,"height":625},{"@type":"BreadcrumbList","@id":"https:\/\/radioljubuski.ba\/index.php\/2022\/03\/10\/putin-se-obratio-rusima-zbog-sankcija-nema-toga-sto-ne-mozemo-rijesiti\/#breadcrumb","itemListElement":[{"@type":"ListItem","position":1,"name":"Po\u010detna stranica","item":"https:\/\/radioljubuski.ba\/"},{"@type":"ListItem","position":2,"name":"Putin se obratio Rusima zbog sankcija: Nema toga \u0161to ne mo\u017eemo rije\u0161iti"}]},{"@type":"WebSite","@id":"https:\/\/radioljubuski.ba\/#website","url":"https:\/\/radioljubuski.ba\/","name":"Radio Ljubu\u0161ki","description":"Sun\u010dana frekvencija Hercegovine","publisher":{"@id":"https:\/\/radioljubuski.ba\/#organization"},"potentialAction":[{"@type":"SearchAction","target":{"@type":"EntryPoint","urlTemplate":"https:\/\/radioljubuski.ba\/?s={search_term_string}"},"query-input":{"@type":"PropertyValueSpecification","valueRequired":true,"valueName":"search_term_string"}}],"inLanguage":"hr"},{"@type":"Organization","@id":"https:\/\/radioljubuski.ba\/#organization","name":"Radio Ljubu\u0161ki","url":"https:\/\/radioljubuski.ba\/","logo":{"@type":"ImageObject","inLanguage":"hr","@id":"https:\/\/radioljubuski.ba\/#\/schema\/logo\/image\/","url":"https:\/\/radioljubuski.ba\/wp-content\/uploads\/2021\/02\/cropped-Radio_Ljubuski_logo1.jpg","contentUrl":"https:\/\/radioljubuski.ba\/wp-content\/uploads\/2021\/02\/cropped-Radio_Ljubuski_logo1.jpg","width":512,"height":512,"caption":"Radio Ljubu\u0161ki"},"image":{"@id":"https:\/\/radioljubuski.ba\/#\/schema\/logo\/image\/"},"sameAs":["https:\/\/www.facebook.com\/Radiio-Ljubuski-1490835324566332","https:\/\/x.com\/radioljubuski","https:\/\/hr.linkedin.com\/company\/radio-ljubuski","https:\/\/www.youtube.com\/channel\/UCHYaeO_n0Db3tjNGudGpXyw"]},{"@type":"Person","@id":"https:\/\/radioljubuski.ba\/#\/schema\/person\/19fc700381a780f69665d7956c469e3b","name":"Radio Ljubu\u0161ki"}]}},"_links":{"self":[{"href":"https:\/\/radioljubuski.ba\/index.php\/wp-json\/wp\/v2\/posts\/120111","targetHints":{"allow":["GET"]}}],"collection":[{"href":"https:\/\/radioljubuski.ba\/index.php\/wp-json\/wp\/v2\/posts"}],"about":[{"href":"https:\/\/radioljubuski.ba\/index.php\/wp-json\/wp\/v2\/types\/post"}],"author":[{"embeddable":true,"href":"https:\/\/radioljubuski.ba\/index.php\/wp-json\/wp\/v2\/users\/2"}],"replies":[{"embeddable":true,"href":"https:\/\/radioljubuski.ba\/index.php\/wp-json\/wp\/v2\/comments?post=120111"}],"version-history":[{"count":1,"href":"https:\/\/radioljubuski.ba\/index.php\/wp-json\/wp\/v2\/posts\/120111\/revisions"}],"predecessor-version":[{"id":120112,"href":"https:\/\/radioljubuski.ba\/index.php\/wp-json\/wp\/v2\/posts\/120111\/revisions\/120112"}],"wp:featuredmedia":[{"embeddable":true,"href":"https:\/\/radioljubuski.ba\/index.php\/wp-json\/wp\/v2\/media\/66101"}],"wp:attachment":[{"href":"https:\/\/radioljubuski.ba\/index.php\/wp-json\/wp\/v2\/media?parent=120111"}],"wp:term":[{"taxonomy":"category","embeddable":true,"href":"https:\/\/radioljubuski.ba\/index.php\/wp-json\/wp\/v2\/categories?post=120111"},{"taxonomy":"post_tag","embeddable":true,"href":"https:\/\/radioljubuski.ba\/index.php\/wp-json\/wp\/v2\/tags?post=120111"}],"curies":[{"name":"wp","href":"https:\/\/api.w.org\/{rel}","templated":true}]}}