{"id":120121,"date":"2022-03-10T23:49:09","date_gmt":"2022-03-10T22:49:09","guid":{"rendered":"https:\/\/radioljubuski.ba\/?p=120121"},"modified":"2022-03-10T23:49:10","modified_gmt":"2022-03-10T22:49:10","slug":"na-pojedinim-crpkama-u-banja-luci-nema-dizela","status":"publish","type":"post","link":"https:\/\/radioljubuski.ba\/index.php\/2022\/03\/10\/na-pojedinim-crpkama-u-banja-luci-nema-dizela\/","title":{"rendered":"Na pojedinim crpkama u Banja Luci nema dizela"},"content":{"rendered":"\n<p>Zbog velike potra\u017enje za gorivom na pojedinim benzinskim crpkama u Banja Luci nema &#8220;obi\u010dnog&#8221; dizela kojeg kupci pla\u0107aju po ne\u0161to ni\u017eoj cijeni u odnosu na pobolj\u0161ane verzije tog naftnog derivata.<\/p>\n\n\n\n<p>Predsjednik Grupacije za promet naftom i naftnim derivatima pri Privrednoj komori Republike Srpske Dragan Tri\u0161i\u0107 rekao je &#8220;<a href=\"https:\/\/www.glassrpske.com\/lat\/novosti\/vijesti_dana\/na-pojedinim-pumpama-u-banjaluci-nema-dizela\/401696\" target=\"_blank\" rel=\"noreferrer noopener\">Glasu Srpske<\/a>&#8221; da na pojedinim pumpama jednostavno nestane goriva.<br>&nbsp;<br>&#8211; Pove\u0107ane su i potro\u0161nja i potra\u017enja. Kod svih distributera je ista situacija. Nije rije\u010d o nesta\u0161ici da nema goriva ve\u0107 nestane gorivo na pumpi, a treba odre\u0111eno vrijeme da do\u0111e &nbsp;nova cisterna &#8211; naveo je Tri\u0161i\u0107.<br>&nbsp;<\/p>\n\n\n\n<p>Naglasio je da je totalni poreme\u0107aj na tr\u017ei\u0161tu kada je rije\u010d o nafti i naftnim derivatima.<br>&nbsp;<br>&#8211; Ponekada za neke stvari nema logike \u2013 naveo je Tri\u0161i\u0107 i naveo da je litra goriva na pumpama dostigla cijenu od 3,09 maraka.<br>&nbsp;<br>Tri\u0161i\u0107 je naveo i da mo\u017eemo o\u010dekivati dalja poskupljenja.<br>&nbsp;&#8211; To je ne\u0161to \u0161to nije ni\u0161ta novo. Jako je slo\u017eena situacija i ne znamo \u0161to \u0107e se sve doga\u0111ati &#8211; rekao je Tri\u0161i\u0107.<\/p>\n\n\n\n<p>Izvor:glas srpske<\/p>\n","protected":false},"excerpt":{"rendered":"<p>Zbog velike potra\u017enje za gorivom na pojedinim benzinskim crpkama u Banja Luci nema &#8220;obi\u010dnog&#8221; dizela kojeg kupci pla\u0107aju po ne\u0161to ni\u017eoj cijeni u odnosu na pobolj\u0161ane verzije tog naftnog derivata. Predsjednik Grupacije za promet naftom i naftnim derivatima pri Privrednoj komori Republike Srpske Dragan Tri\u0161i\u0107 rekao je &#8220;Glasu Srpske&#8221; da na pojedinim pumpama jednostavno nestane [&hellip;]<\/p>\n","protected":false},"author":2,"featured_media":120122,"comment_status":"closed","ping_status":"closed","sticky":false,"template":"","format":"standard","meta":{"h5ap_radio_sources":[],"footnotes":""},"categories":[1],"tags":[],"class_list":["post-120121","post","type-post","status-publish","format-standard","has-post-thumbnail","hentry","category-bihiregija"],"yoast_head":"<!-- This site is optimized with the Yoast SEO plugin v27.5 - https:\/\/yoast.com\/product\/yoast-seo-wordpress\/ -->\n<title>Na pojedinim crpkama u Banja Luci nema dizela - RADIO LJUBU\u0160KI<\/title>\n<meta name=\"robots\" content=\"index, follow, max-snippet:-1, max-image-preview:large, max-video-preview:-1\" \/>\n<link rel=\"canonical\" href=\"https:\/\/radioljubuski.ba\/index.php\/2022\/03\/10\/na-pojedinim-crpkama-u-banja-luci-nema-dizela\/\" \/>\n<meta property=\"og:locale\" content=\"hr_HR\" \/>\n<meta property=\"og:type\" content=\"article\" \/>\n<meta property=\"og:title\" content=\"Na pojedinim crpkama u Banja Luci nema dizela - RADIO LJUBU\u0160KI\" \/>\n<meta property=\"og:description\" content=\"Zbog velike potra\u017enje za gorivom na pojedinim benzinskim crpkama u Banja Luci nema &#8220;obi\u010dnog&#8221; dizela kojeg kupci pla\u0107aju po ne\u0161to ni\u017eoj cijeni u odnosu na pobolj\u0161ane verzije tog naftnog derivata. Predsjednik Grupacije za promet naftom i naftnim derivatima pri Privrednoj komori Republike Srpske Dragan Tri\u0161i\u0107 rekao je &#8220;Glasu Srpske&#8221; da na pojedinim pumpama jednostavno nestane [&hellip;]\" \/>\n<meta property=\"og:url\" content=\"https:\/\/radioljubuski.ba\/index.php\/2022\/03\/10\/na-pojedinim-crpkama-u-banja-luci-nema-dizela\/\" \/>\n<meta property=\"og:site_name\" content=\"RADIO LJUBU\u0160KI\" \/>\n<meta property=\"article:publisher\" content=\"https:\/\/www.facebook.com\/Radiio-Ljubuski-1490835324566332\" \/>\n<meta property=\"article:published_time\" content=\"2022-03-10T22:49:09+00:00\" \/>\n<meta property=\"article:modified_time\" content=\"2022-03-10T22:49:10+00:00\" \/>\n<meta property=\"og:image\" content=\"https:\/\/radioljubuski.ba\/wp-content\/uploads\/2022\/03\/8-2022-03-10-16-49-53-dizel.jpg\" \/>\n\t<meta property=\"og:image:width\" content=\"1000\" \/>\n\t<meta property=\"og:image:height\" content=\"625\" \/>\n\t<meta property=\"og:image:type\" content=\"image\/jpeg\" \/>\n<meta name=\"author\" content=\"Radio Ljubu\u0161ki\" \/>\n<meta name=\"twitter:card\" content=\"summary_large_image\" \/>\n<meta name=\"twitter:creator\" content=\"@radioljubuski\" \/>\n<meta name=\"twitter:site\" content=\"@radioljubuski\" \/>\n<meta name=\"twitter:label1\" content=\"Napisao\/la\" \/>\n\t<meta name=\"twitter:data1\" content=\"Radio Ljubu\u0161ki\" \/>\n\t<meta name=\"twitter:label2\" content=\"Procijenjeno vrijeme \u010ditanja\" \/>\n\t<meta name=\"twitter:data2\" content=\"1 minuta\" \/>\n<script type=\"application\/ld+json\" class=\"yoast-schema-graph\">{\"@context\":\"https:\\\/\\\/schema.org\",\"@graph\":[{\"@type\":\"Article\",\"@id\":\"https:\\\/\\\/radioljubuski.ba\\\/index.php\\\/2022\\\/03\\\/10\\\/na-pojedinim-crpkama-u-banja-luci-nema-dizela\\\/#article\",\"isPartOf\":{\"@id\":\"https:\\\/\\\/radioljubuski.ba\\\/index.php\\\/2022\\\/03\\\/10\\\/na-pojedinim-crpkama-u-banja-luci-nema-dizela\\\/\"},\"author\":{\"name\":\"Radio Ljubu\u0161ki\",\"@id\":\"https:\\\/\\\/radioljubuski.ba\\\/#\\\/schema\\\/person\\\/19fc700381a780f69665d7956c469e3b\"},\"headline\":\"Na pojedinim crpkama u Banja Luci nema dizela\",\"datePublished\":\"2022-03-10T22:49:09+00:00\",\"dateModified\":\"2022-03-10T22:49:10+00:00\",\"mainEntityOfPage\":{\"@id\":\"https:\\\/\\\/radioljubuski.ba\\\/index.php\\\/2022\\\/03\\\/10\\\/na-pojedinim-crpkama-u-banja-luci-nema-dizela\\\/\"},\"wordCount\":207,\"publisher\":{\"@id\":\"https:\\\/\\\/radioljubuski.ba\\\/#organization\"},\"image\":{\"@id\":\"https:\\\/\\\/radioljubuski.ba\\\/index.php\\\/2022\\\/03\\\/10\\\/na-pojedinim-crpkama-u-banja-luci-nema-dizela\\\/#primaryimage\"},\"thumbnailUrl\":\"https:\\\/\\\/radioljubuski.ba\\\/wp-content\\\/uploads\\\/2022\\\/03\\\/8-2022-03-10-16-49-53-dizel.jpg\",\"articleSection\":[\"BIH i regija\"],\"inLanguage\":\"hr\"},{\"@type\":\"WebPage\",\"@id\":\"https:\\\/\\\/radioljubuski.ba\\\/index.php\\\/2022\\\/03\\\/10\\\/na-pojedinim-crpkama-u-banja-luci-nema-dizela\\\/\",\"url\":\"https:\\\/\\\/radioljubuski.ba\\\/index.php\\\/2022\\\/03\\\/10\\\/na-pojedinim-crpkama-u-banja-luci-nema-dizela\\\/\",\"name\":\"Na pojedinim crpkama u Banja Luci nema dizela - RADIO LJUBU\u0160KI\",\"isPartOf\":{\"@id\":\"https:\\\/\\\/radioljubuski.ba\\\/#website\"},\"primaryImageOfPage\":{\"@id\":\"https:\\\/\\\/radioljubuski.ba\\\/index.php\\\/2022\\\/03\\\/10\\\/na-pojedinim-crpkama-u-banja-luci-nema-dizela\\\/#primaryimage\"},\"image\":{\"@id\":\"https:\\\/\\\/radioljubuski.ba\\\/index.php\\\/2022\\\/03\\\/10\\\/na-pojedinim-crpkama-u-banja-luci-nema-dizela\\\/#primaryimage\"},\"thumbnailUrl\":\"https:\\\/\\\/radioljubuski.ba\\\/wp-content\\\/uploads\\\/2022\\\/03\\\/8-2022-03-10-16-49-53-dizel.jpg\",\"datePublished\":\"2022-03-10T22:49:09+00:00\",\"dateModified\":\"2022-03-10T22:49:10+00:00\",\"breadcrumb\":{\"@id\":\"https:\\\/\\\/radioljubuski.ba\\\/index.php\\\/2022\\\/03\\\/10\\\/na-pojedinim-crpkama-u-banja-luci-nema-dizela\\\/#breadcrumb\"},\"inLanguage\":\"hr\",\"potentialAction\":[{\"@type\":\"ReadAction\",\"target\":[\"https:\\\/\\\/radioljubuski.ba\\\/index.php\\\/2022\\\/03\\\/10\\\/na-pojedinim-crpkama-u-banja-luci-nema-dizela\\\/\"]}]},{\"@type\":\"ImageObject\",\"inLanguage\":\"hr\",\"@id\":\"https:\\\/\\\/radioljubuski.ba\\\/index.php\\\/2022\\\/03\\\/10\\\/na-pojedinim-crpkama-u-banja-luci-nema-dizela\\\/#primaryimage\",\"url\":\"https:\\\/\\\/radioljubuski.ba\\\/wp-content\\\/uploads\\\/2022\\\/03\\\/8-2022-03-10-16-49-53-dizel.jpg\",\"contentUrl\":\"https:\\\/\\\/radioljubuski.ba\\\/wp-content\\\/uploads\\\/2022\\\/03\\\/8-2022-03-10-16-49-53-dizel.jpg\",\"width\":1000,\"height\":625},{\"@type\":\"BreadcrumbList\",\"@id\":\"https:\\\/\\\/radioljubuski.ba\\\/index.php\\\/2022\\\/03\\\/10\\\/na-pojedinim-crpkama-u-banja-luci-nema-dizela\\\/#breadcrumb\",\"itemListElement\":[{\"@type\":\"ListItem\",\"position\":1,\"name\":\"Po\u010detna stranica\",\"item\":\"https:\\\/\\\/radioljubuski.ba\\\/\"},{\"@type\":\"ListItem\",\"position\":2,\"name\":\"Na pojedinim crpkama u Banja Luci nema dizela\"}]},{\"@type\":\"WebSite\",\"@id\":\"https:\\\/\\\/radioljubuski.ba\\\/#website\",\"url\":\"https:\\\/\\\/radioljubuski.ba\\\/\",\"name\":\"Radio Ljubu\u0161ki\",\"description\":\"Sun\u010dana frekvencija Hercegovine\",\"publisher\":{\"@id\":\"https:\\\/\\\/radioljubuski.ba\\\/#organization\"},\"potentialAction\":[{\"@type\":\"SearchAction\",\"target\":{\"@type\":\"EntryPoint\",\"urlTemplate\":\"https:\\\/\\\/radioljubuski.ba\\\/?s={search_term_string}\"},\"query-input\":{\"@type\":\"PropertyValueSpecification\",\"valueRequired\":true,\"valueName\":\"search_term_string\"}}],\"inLanguage\":\"hr\"},{\"@type\":\"Organization\",\"@id\":\"https:\\\/\\\/radioljubuski.ba\\\/#organization\",\"name\":\"Radio Ljubu\u0161ki\",\"url\":\"https:\\\/\\\/radioljubuski.ba\\\/\",\"logo\":{\"@type\":\"ImageObject\",\"inLanguage\":\"hr\",\"@id\":\"https:\\\/\\\/radioljubuski.ba\\\/#\\\/schema\\\/logo\\\/image\\\/\",\"url\":\"https:\\\/\\\/radioljubuski.ba\\\/wp-content\\\/uploads\\\/2021\\\/02\\\/cropped-Radio_Ljubuski_logo1.jpg\",\"contentUrl\":\"https:\\\/\\\/radioljubuski.ba\\\/wp-content\\\/uploads\\\/2021\\\/02\\\/cropped-Radio_Ljubuski_logo1.jpg\",\"width\":512,\"height\":512,\"caption\":\"Radio Ljubu\u0161ki\"},\"image\":{\"@id\":\"https:\\\/\\\/radioljubuski.ba\\\/#\\\/schema\\\/logo\\\/image\\\/\"},\"sameAs\":[\"https:\\\/\\\/www.facebook.com\\\/Radiio-Ljubuski-1490835324566332\",\"https:\\\/\\\/x.com\\\/radioljubuski\",\"https:\\\/\\\/hr.linkedin.com\\\/company\\\/radio-ljubuski\",\"https:\\\/\\\/www.youtube.com\\\/channel\\\/UCHYaeO_n0Db3tjNGudGpXyw\"]},{\"@type\":\"Person\",\"@id\":\"https:\\\/\\\/radioljubuski.ba\\\/#\\\/schema\\\/person\\\/19fc700381a780f69665d7956c469e3b\",\"name\":\"Radio Ljubu\u0161ki\"}]}<\/script>\n<!-- \/ Yoast SEO plugin. -->","yoast_head_json":{"title":"Na pojedinim crpkama u Banja Luci nema dizela - RADIO LJUBU\u0160KI","robots":{"index":"index","follow":"follow","max-snippet":"max-snippet:-1","max-image-preview":"max-image-preview:large","max-video-preview":"max-video-preview:-1"},"canonical":"https:\/\/radioljubuski.ba\/index.php\/2022\/03\/10\/na-pojedinim-crpkama-u-banja-luci-nema-dizela\/","og_locale":"hr_HR","og_type":"article","og_title":"Na pojedinim crpkama u Banja Luci nema dizela - RADIO LJUBU\u0160KI","og_description":"Zbog velike potra\u017enje za gorivom na pojedinim benzinskim crpkama u Banja Luci nema &#8220;obi\u010dnog&#8221; dizela kojeg kupci pla\u0107aju po ne\u0161to ni\u017eoj cijeni u odnosu na pobolj\u0161ane verzije tog naftnog derivata. Predsjednik Grupacije za promet naftom i naftnim derivatima pri Privrednoj komori Republike Srpske Dragan Tri\u0161i\u0107 rekao je &#8220;Glasu Srpske&#8221; da na pojedinim pumpama jednostavno nestane [&hellip;]","og_url":"https:\/\/radioljubuski.ba\/index.php\/2022\/03\/10\/na-pojedinim-crpkama-u-banja-luci-nema-dizela\/","og_site_name":"RADIO LJUBU\u0160KI","article_publisher":"https:\/\/www.facebook.com\/Radiio-Ljubuski-1490835324566332","article_published_time":"2022-03-10T22:49:09+00:00","article_modified_time":"2022-03-10T22:49:10+00:00","og_image":[{"width":1000,"height":625,"url":"https:\/\/radioljubuski.ba\/wp-content\/uploads\/2022\/03\/8-2022-03-10-16-49-53-dizel.jpg","type":"image\/jpeg"}],"author":"Radio Ljubu\u0161ki","twitter_card":"summary_large_image","twitter_creator":"@radioljubuski","twitter_site":"@radioljubuski","twitter_misc":{"Napisao\/la":"Radio Ljubu\u0161ki","Procijenjeno vrijeme \u010ditanja":"1 minuta"},"schema":{"@context":"https:\/\/schema.org","@graph":[{"@type":"Article","@id":"https:\/\/radioljubuski.ba\/index.php\/2022\/03\/10\/na-pojedinim-crpkama-u-banja-luci-nema-dizela\/#article","isPartOf":{"@id":"https:\/\/radioljubuski.ba\/index.php\/2022\/03\/10\/na-pojedinim-crpkama-u-banja-luci-nema-dizela\/"},"author":{"name":"Radio Ljubu\u0161ki","@id":"https:\/\/radioljubuski.ba\/#\/schema\/person\/19fc700381a780f69665d7956c469e3b"},"headline":"Na pojedinim crpkama u Banja Luci nema dizela","datePublished":"2022-03-10T22:49:09+00:00","dateModified":"2022-03-10T22:49:10+00:00","mainEntityOfPage":{"@id":"https:\/\/radioljubuski.ba\/index.php\/2022\/03\/10\/na-pojedinim-crpkama-u-banja-luci-nema-dizela\/"},"wordCount":207,"publisher":{"@id":"https:\/\/radioljubuski.ba\/#organization"},"image":{"@id":"https:\/\/radioljubuski.ba\/index.php\/2022\/03\/10\/na-pojedinim-crpkama-u-banja-luci-nema-dizela\/#primaryimage"},"thumbnailUrl":"https:\/\/radioljubuski.ba\/wp-content\/uploads\/2022\/03\/8-2022-03-10-16-49-53-dizel.jpg","articleSection":["BIH i regija"],"inLanguage":"hr"},{"@type":"WebPage","@id":"https:\/\/radioljubuski.ba\/index.php\/2022\/03\/10\/na-pojedinim-crpkama-u-banja-luci-nema-dizela\/","url":"https:\/\/radioljubuski.ba\/index.php\/2022\/03\/10\/na-pojedinim-crpkama-u-banja-luci-nema-dizela\/","name":"Na pojedinim crpkama u Banja Luci nema dizela - RADIO LJUBU\u0160KI","isPartOf":{"@id":"https:\/\/radioljubuski.ba\/#website"},"primaryImageOfPage":{"@id":"https:\/\/radioljubuski.ba\/index.php\/2022\/03\/10\/na-pojedinim-crpkama-u-banja-luci-nema-dizela\/#primaryimage"},"image":{"@id":"https:\/\/radioljubuski.ba\/index.php\/2022\/03\/10\/na-pojedinim-crpkama-u-banja-luci-nema-dizela\/#primaryimage"},"thumbnailUrl":"https:\/\/radioljubuski.ba\/wp-content\/uploads\/2022\/03\/8-2022-03-10-16-49-53-dizel.jpg","datePublished":"2022-03-10T22:49:09+00:00","dateModified":"2022-03-10T22:49:10+00:00","breadcrumb":{"@id":"https:\/\/radioljubuski.ba\/index.php\/2022\/03\/10\/na-pojedinim-crpkama-u-banja-luci-nema-dizela\/#breadcrumb"},"inLanguage":"hr","potentialAction":[{"@type":"ReadAction","target":["https:\/\/radioljubuski.ba\/index.php\/2022\/03\/10\/na-pojedinim-crpkama-u-banja-luci-nema-dizela\/"]}]},{"@type":"ImageObject","inLanguage":"hr","@id":"https:\/\/radioljubuski.ba\/index.php\/2022\/03\/10\/na-pojedinim-crpkama-u-banja-luci-nema-dizela\/#primaryimage","url":"https:\/\/radioljubuski.ba\/wp-content\/uploads\/2022\/03\/8-2022-03-10-16-49-53-dizel.jpg","contentUrl":"https:\/\/radioljubuski.ba\/wp-content\/uploads\/2022\/03\/8-2022-03-10-16-49-53-dizel.jpg","width":1000,"height":625},{"@type":"BreadcrumbList","@id":"https:\/\/radioljubuski.ba\/index.php\/2022\/03\/10\/na-pojedinim-crpkama-u-banja-luci-nema-dizela\/#breadcrumb","itemListElement":[{"@type":"ListItem","position":1,"name":"Po\u010detna stranica","item":"https:\/\/radioljubuski.ba\/"},{"@type":"ListItem","position":2,"name":"Na pojedinim crpkama u Banja Luci nema dizela"}]},{"@type":"WebSite","@id":"https:\/\/radioljubuski.ba\/#website","url":"https:\/\/radioljubuski.ba\/","name":"Radio Ljubu\u0161ki","description":"Sun\u010dana frekvencija Hercegovine","publisher":{"@id":"https:\/\/radioljubuski.ba\/#organization"},"potentialAction":[{"@type":"SearchAction","target":{"@type":"EntryPoint","urlTemplate":"https:\/\/radioljubuski.ba\/?s={search_term_string}"},"query-input":{"@type":"PropertyValueSpecification","valueRequired":true,"valueName":"search_term_string"}}],"inLanguage":"hr"},{"@type":"Organization","@id":"https:\/\/radioljubuski.ba\/#organization","name":"Radio Ljubu\u0161ki","url":"https:\/\/radioljubuski.ba\/","logo":{"@type":"ImageObject","inLanguage":"hr","@id":"https:\/\/radioljubuski.ba\/#\/schema\/logo\/image\/","url":"https:\/\/radioljubuski.ba\/wp-content\/uploads\/2021\/02\/cropped-Radio_Ljubuski_logo1.jpg","contentUrl":"https:\/\/radioljubuski.ba\/wp-content\/uploads\/2021\/02\/cropped-Radio_Ljubuski_logo1.jpg","width":512,"height":512,"caption":"Radio Ljubu\u0161ki"},"image":{"@id":"https:\/\/radioljubuski.ba\/#\/schema\/logo\/image\/"},"sameAs":["https:\/\/www.facebook.com\/Radiio-Ljubuski-1490835324566332","https:\/\/x.com\/radioljubuski","https:\/\/hr.linkedin.com\/company\/radio-ljubuski","https:\/\/www.youtube.com\/channel\/UCHYaeO_n0Db3tjNGudGpXyw"]},{"@type":"Person","@id":"https:\/\/radioljubuski.ba\/#\/schema\/person\/19fc700381a780f69665d7956c469e3b","name":"Radio Ljubu\u0161ki"}]}},"_links":{"self":[{"href":"https:\/\/radioljubuski.ba\/index.php\/wp-json\/wp\/v2\/posts\/120121","targetHints":{"allow":["GET"]}}],"collection":[{"href":"https:\/\/radioljubuski.ba\/index.php\/wp-json\/wp\/v2\/posts"}],"about":[{"href":"https:\/\/radioljubuski.ba\/index.php\/wp-json\/wp\/v2\/types\/post"}],"author":[{"embeddable":true,"href":"https:\/\/radioljubuski.ba\/index.php\/wp-json\/wp\/v2\/users\/2"}],"replies":[{"embeddable":true,"href":"https:\/\/radioljubuski.ba\/index.php\/wp-json\/wp\/v2\/comments?post=120121"}],"version-history":[{"count":1,"href":"https:\/\/radioljubuski.ba\/index.php\/wp-json\/wp\/v2\/posts\/120121\/revisions"}],"predecessor-version":[{"id":120123,"href":"https:\/\/radioljubuski.ba\/index.php\/wp-json\/wp\/v2\/posts\/120121\/revisions\/120123"}],"wp:featuredmedia":[{"embeddable":true,"href":"https:\/\/radioljubuski.ba\/index.php\/wp-json\/wp\/v2\/media\/120122"}],"wp:attachment":[{"href":"https:\/\/radioljubuski.ba\/index.php\/wp-json\/wp\/v2\/media?parent=120121"}],"wp:term":[{"taxonomy":"category","embeddable":true,"href":"https:\/\/radioljubuski.ba\/index.php\/wp-json\/wp\/v2\/categories?post=120121"},{"taxonomy":"post_tag","embeddable":true,"href":"https:\/\/radioljubuski.ba\/index.php\/wp-json\/wp\/v2\/tags?post=120121"}],"curies":[{"name":"wp","href":"https:\/\/api.w.org\/{rel}","templated":true}]}}