{"id":120124,"date":"2022-03-10T23:50:07","date_gmt":"2022-03-10T22:50:07","guid":{"rendered":"https:\/\/radioljubuski.ba\/?p=120124"},"modified":"2022-03-10T23:50:08","modified_gmt":"2022-03-10T22:50:08","slug":"za-smanjenje-pdv-a-i-ukidanje-akcize-potrebno-najmanje-pola-godine","status":"publish","type":"post","link":"https:\/\/radioljubuski.ba\/index.php\/2022\/03\/10\/za-smanjenje-pdv-a-i-ukidanje-akcize-potrebno-najmanje-pola-godine\/","title":{"rendered":"Za smanjenje PDV-a i ukidanje akcize potrebno najmanje pola godine?"},"content":{"rendered":"\n<p>Gra\u0111ani Bosne i Hercegovine efekte manje stope PDV-a i ukidanja akciza na gorivo mogu da o\u010dekuju najranije za \u0161est mjeseci i to pod uvjetom da ga hitno usvoji Dom naroda Parlamentarne skup\u0161tine BiH i da narednih dana stupi na snagu.<\/p>\n\n\n\n<p>Samo Upravi za neizravno oporezivanje treba najmanje pola godine da se prilagodi novoj poreznoj politici koja je definirana kroz dopune Zakona o PDV-u koji je ju\u010der usvojen u Parlamentu BiH.<\/p>\n\n\n\n<p>Me\u0111utim, rije\u010d je o najoptimisti\u010dnijoj mogu\u0107oj prognozi koja podrazumijeva da nema politi\u010dke opstrukcije i bilo kakvog usporavanje tehni\u010dkog procesa uvo\u0111enja tri umjesto postoje\u0107e jedne stope PDV-a.<\/p>\n\n\n\n<p>Na\u010delnik odjeljenja za komunikacije u UNO Ratko Kova\u010devi\u0107 poja\u0161njava za portal CAPITAL kako \u0107e se zbog ukidanja jedinstvene stope PDV-a morati mijenjati softver koji ju je obra\u010dunavao.<\/p>\n\n\n\n<p>\u201cJedan softver prati carinu, jer se tu oporezuju svi proizvodi koji ulaze u BiH, a drugi prati sistem PDV-a u unutra\u0161njem prometu. Svi proizvodni su klasificirani i moraju se analizirati kako bi im se odredila stopa\u201d, ka\u017ee Kova\u010devi\u0107.<\/p>\n\n\n\n<p>Ipak, prema njegovim rije\u010dima, za tako ne\u0161to nema novca i potrebno je hitno djelovati.<\/p>\n\n\n\n<p>\u201cInstitucije Bosne i Hercegovine su na privremenom financiranju ve\u0107 tre\u0107u godinu zaredom, a u privremenom financiranju nema sredstava za izmjene softverskih rje\u0161enja. Zna\u010di, morao bi se usvojiti bud\u017eet da bi Uprava dobila novac za tako ne\u0161to i da bi pokrenula proceduru oko cijele nadogradnje softvera\u201d, ka\u017ee on.<\/p>\n\n\n\n<p>Poja\u0161njava kako \u0107e pune ruke posla imati i porezni obveznici koji su u sistemu PDV-a. Naime, prema njegovoj ocjeni oni \u0107e morati anga\u017eirati softverske ku\u0107e koje prate njihov rad kako bi to sve primjenili, kako u maloprodaji tako i u knjigovodstvu.<\/p>\n\n\n\n<p>Ka\u017ee kako \u0107e prije primjene novih stopa, sve morati biti jasno i precizno definirano.<\/p>\n\n\n\n<p>\u201cMora\u0107emo odrediti koji su to proizvodi koji \u0107e biti oporezivani stopom od pet posto, koji su to proizvodi luksuzni na koje se primjenjuje stopa od 22 posto i da li \u0107e i na koje proizvode ostati standardna stopa od 17 posto\u201d, kazao je Kova\u010devi\u0107 za CAPITAL.<\/p>\n\n\n\n<p>Ina\u010de, politi\u010dari su zadatak klasifikacije prebacili u ruke UNO BiH koja bi kako se o\u010dekuje trebala da formira radnu grupu koja bi se bavila ovom problematikom.<\/p>\n\n\n\n<p>\u201eU sistemu ne smije biti prostora za manipulacije i nejasno\u0107e\u201d, zaklju\u010dio je Kova\u010devi\u0107.<\/p>\n\n\n\n<p>Podsje\u0107amo, na ju\u010dera\u0161njoj sjednici Zastupni\u010dkog doma Parlamentarne skup\u0161tine Bosne i Hercegovine usvojen je Prijedlog zakona o dopuni Zakona o porezu na dodatnu vrijednost (PDV).<\/p>\n\n\n\n<p>Zakon je razmatran po hitnom postupku, a podr\u017ealo ga je 27 parlamentaraca, protiv nije glasao nitko, suzdr\u017eana su bila \u010detiri parlamentaraca.<\/p>\n\n\n\n<p>Zastupnici SDS-a predlo\u017eili su da se po sni\u017eenoj stopi PDV-a od pet posto oporezuje promet dobara i usluga i uvoz dobara, i to lijekova, bra\u0161na, kruh dobijen od svih vrsta bra\u0161na, mlijeko i mlije\u010dni proizvodi, jestiva ulja, jestive masno\u0107e \u017eivotinjskog i biljnog porijekla, so\u010d, \u0161e\u0107er i homogenizirana dje\u010dja hrana.<\/p>\n\n\n\n<p>S druge strane ovim zakonom predvi\u0111eno je da se po vi\u0161oj stopi PDV-a od 22 posto&nbsp; oporezuju visokokvalitetna vina i alkoholna pi\u0107a, visokokvalitetne cigarete i cigarilosi, luksuzni parfemi, odje\u0107a i obu\u0107a od krzna, nakit i srodni proizvodi, satovi vrhunski elektri\u010dni ili opti\u010dki aparati, luksuzna vozila, umjetni\u010dka djela, oru\u017eje itd.<\/p>\n\n\n\n<p>Trenutna stopa PDV-a u BiH je 17 posto na sve proizvode bez obzira na to da li su osnovni ili luksuzni pi\u0161e&nbsp;<a href=\"https:\/\/www.capital.ba\/za-smanjenje-pdv-a-i-ukidanje-akcize-potrebno-najmanje-pola-godine\/\" target=\"_blank\" rel=\"noreferrer noopener\">Capital<\/a>.<\/p>\n\n\n\n<p>Izvor:capital.ba<\/p>\n","protected":false},"excerpt":{"rendered":"<p>Gra\u0111ani Bosne i Hercegovine efekte manje stope PDV-a i ukidanja akciza na gorivo mogu da o\u010dekuju najranije za \u0161est mjeseci i to pod uvjetom da ga hitno usvoji Dom naroda Parlamentarne skup\u0161tine BiH i da narednih dana stupi na snagu. Samo Upravi za neizravno oporezivanje treba najmanje pola godine da se prilagodi novoj poreznoj politici [&hellip;]<\/p>\n","protected":false},"author":2,"featured_media":120125,"comment_status":"closed","ping_status":"closed","sticky":false,"template":"","format":"standard","meta":{"h5ap_radio_sources":[],"footnotes":""},"categories":[1],"tags":[],"class_list":["post-120124","post","type-post","status-publish","format-standard","has-post-thumbnail","hentry","category-bihiregija"],"yoast_head":"<!-- This site is optimized with the Yoast SEO plugin v27.5 - https:\/\/yoast.com\/product\/yoast-seo-wordpress\/ -->\n<title>Za smanjenje PDV-a i ukidanje akcize potrebno najmanje pola godine? - RADIO LJUBU\u0160KI<\/title>\n<meta name=\"robots\" content=\"index, follow, max-snippet:-1, max-image-preview:large, max-video-preview:-1\" \/>\n<link rel=\"canonical\" href=\"https:\/\/radioljubuski.ba\/index.php\/2022\/03\/10\/za-smanjenje-pdv-a-i-ukidanje-akcize-potrebno-najmanje-pola-godine\/\" \/>\n<meta property=\"og:locale\" content=\"hr_HR\" \/>\n<meta property=\"og:type\" content=\"article\" \/>\n<meta property=\"og:title\" content=\"Za smanjenje PDV-a i ukidanje akcize potrebno najmanje pola godine? - RADIO LJUBU\u0160KI\" \/>\n<meta property=\"og:description\" content=\"Gra\u0111ani Bosne i Hercegovine efekte manje stope PDV-a i ukidanja akciza na gorivo mogu da o\u010dekuju najranije za \u0161est mjeseci i to pod uvjetom da ga hitno usvoji Dom naroda Parlamentarne skup\u0161tine BiH i da narednih dana stupi na snagu. Samo Upravi za neizravno oporezivanje treba najmanje pola godine da se prilagodi novoj poreznoj politici [&hellip;]\" \/>\n<meta property=\"og:url\" content=\"https:\/\/radioljubuski.ba\/index.php\/2022\/03\/10\/za-smanjenje-pdv-a-i-ukidanje-akcize-potrebno-najmanje-pola-godine\/\" \/>\n<meta property=\"og:site_name\" content=\"RADIO LJUBU\u0160KI\" \/>\n<meta property=\"article:publisher\" content=\"https:\/\/www.facebook.com\/Radiio-Ljubuski-1490835324566332\" \/>\n<meta property=\"article:published_time\" content=\"2022-03-10T22:50:07+00:00\" \/>\n<meta property=\"article:modified_time\" content=\"2022-03-10T22:50:08+00:00\" \/>\n<meta property=\"og:image\" content=\"https:\/\/radioljubuski.ba\/wp-content\/uploads\/2022\/03\/4fxpwTCH_kruh_hljeb_pekara.jpg\" \/>\n\t<meta property=\"og:image:width\" content=\"1000\" \/>\n\t<meta property=\"og:image:height\" content=\"625\" \/>\n\t<meta property=\"og:image:type\" content=\"image\/jpeg\" \/>\n<meta name=\"author\" content=\"Radio Ljubu\u0161ki\" \/>\n<meta name=\"twitter:card\" content=\"summary_large_image\" \/>\n<meta name=\"twitter:creator\" content=\"@radioljubuski\" \/>\n<meta name=\"twitter:site\" content=\"@radioljubuski\" \/>\n<meta name=\"twitter:label1\" content=\"Napisao\/la\" \/>\n\t<meta name=\"twitter:data1\" content=\"Radio Ljubu\u0161ki\" \/>\n\t<meta name=\"twitter:label2\" content=\"Procijenjeno vrijeme \u010ditanja\" \/>\n\t<meta name=\"twitter:data2\" content=\"3 minute\" \/>\n<script type=\"application\/ld+json\" class=\"yoast-schema-graph\">{\"@context\":\"https:\\\/\\\/schema.org\",\"@graph\":[{\"@type\":\"Article\",\"@id\":\"https:\\\/\\\/radioljubuski.ba\\\/index.php\\\/2022\\\/03\\\/10\\\/za-smanjenje-pdv-a-i-ukidanje-akcize-potrebno-najmanje-pola-godine\\\/#article\",\"isPartOf\":{\"@id\":\"https:\\\/\\\/radioljubuski.ba\\\/index.php\\\/2022\\\/03\\\/10\\\/za-smanjenje-pdv-a-i-ukidanje-akcize-potrebno-najmanje-pola-godine\\\/\"},\"author\":{\"name\":\"Radio Ljubu\u0161ki\",\"@id\":\"https:\\\/\\\/radioljubuski.ba\\\/#\\\/schema\\\/person\\\/19fc700381a780f69665d7956c469e3b\"},\"headline\":\"Za smanjenje PDV-a i ukidanje akcize potrebno najmanje pola godine?\",\"datePublished\":\"2022-03-10T22:50:07+00:00\",\"dateModified\":\"2022-03-10T22:50:08+00:00\",\"mainEntityOfPage\":{\"@id\":\"https:\\\/\\\/radioljubuski.ba\\\/index.php\\\/2022\\\/03\\\/10\\\/za-smanjenje-pdv-a-i-ukidanje-akcize-potrebno-najmanje-pola-godine\\\/\"},\"wordCount\":601,\"publisher\":{\"@id\":\"https:\\\/\\\/radioljubuski.ba\\\/#organization\"},\"image\":{\"@id\":\"https:\\\/\\\/radioljubuski.ba\\\/index.php\\\/2022\\\/03\\\/10\\\/za-smanjenje-pdv-a-i-ukidanje-akcize-potrebno-najmanje-pola-godine\\\/#primaryimage\"},\"thumbnailUrl\":\"https:\\\/\\\/radioljubuski.ba\\\/wp-content\\\/uploads\\\/2022\\\/03\\\/4fxpwTCH_kruh_hljeb_pekara.jpg\",\"articleSection\":[\"BIH i regija\"],\"inLanguage\":\"hr\"},{\"@type\":\"WebPage\",\"@id\":\"https:\\\/\\\/radioljubuski.ba\\\/index.php\\\/2022\\\/03\\\/10\\\/za-smanjenje-pdv-a-i-ukidanje-akcize-potrebno-najmanje-pola-godine\\\/\",\"url\":\"https:\\\/\\\/radioljubuski.ba\\\/index.php\\\/2022\\\/03\\\/10\\\/za-smanjenje-pdv-a-i-ukidanje-akcize-potrebno-najmanje-pola-godine\\\/\",\"name\":\"Za smanjenje PDV-a i ukidanje akcize potrebno najmanje pola godine? - RADIO LJUBU\u0160KI\",\"isPartOf\":{\"@id\":\"https:\\\/\\\/radioljubuski.ba\\\/#website\"},\"primaryImageOfPage\":{\"@id\":\"https:\\\/\\\/radioljubuski.ba\\\/index.php\\\/2022\\\/03\\\/10\\\/za-smanjenje-pdv-a-i-ukidanje-akcize-potrebno-najmanje-pola-godine\\\/#primaryimage\"},\"image\":{\"@id\":\"https:\\\/\\\/radioljubuski.ba\\\/index.php\\\/2022\\\/03\\\/10\\\/za-smanjenje-pdv-a-i-ukidanje-akcize-potrebno-najmanje-pola-godine\\\/#primaryimage\"},\"thumbnailUrl\":\"https:\\\/\\\/radioljubuski.ba\\\/wp-content\\\/uploads\\\/2022\\\/03\\\/4fxpwTCH_kruh_hljeb_pekara.jpg\",\"datePublished\":\"2022-03-10T22:50:07+00:00\",\"dateModified\":\"2022-03-10T22:50:08+00:00\",\"breadcrumb\":{\"@id\":\"https:\\\/\\\/radioljubuski.ba\\\/index.php\\\/2022\\\/03\\\/10\\\/za-smanjenje-pdv-a-i-ukidanje-akcize-potrebno-najmanje-pola-godine\\\/#breadcrumb\"},\"inLanguage\":\"hr\",\"potentialAction\":[{\"@type\":\"ReadAction\",\"target\":[\"https:\\\/\\\/radioljubuski.ba\\\/index.php\\\/2022\\\/03\\\/10\\\/za-smanjenje-pdv-a-i-ukidanje-akcize-potrebno-najmanje-pola-godine\\\/\"]}]},{\"@type\":\"ImageObject\",\"inLanguage\":\"hr\",\"@id\":\"https:\\\/\\\/radioljubuski.ba\\\/index.php\\\/2022\\\/03\\\/10\\\/za-smanjenje-pdv-a-i-ukidanje-akcize-potrebno-najmanje-pola-godine\\\/#primaryimage\",\"url\":\"https:\\\/\\\/radioljubuski.ba\\\/wp-content\\\/uploads\\\/2022\\\/03\\\/4fxpwTCH_kruh_hljeb_pekara.jpg\",\"contentUrl\":\"https:\\\/\\\/radioljubuski.ba\\\/wp-content\\\/uploads\\\/2022\\\/03\\\/4fxpwTCH_kruh_hljeb_pekara.jpg\",\"width\":1000,\"height\":625},{\"@type\":\"BreadcrumbList\",\"@id\":\"https:\\\/\\\/radioljubuski.ba\\\/index.php\\\/2022\\\/03\\\/10\\\/za-smanjenje-pdv-a-i-ukidanje-akcize-potrebno-najmanje-pola-godine\\\/#breadcrumb\",\"itemListElement\":[{\"@type\":\"ListItem\",\"position\":1,\"name\":\"Po\u010detna stranica\",\"item\":\"https:\\\/\\\/radioljubuski.ba\\\/\"},{\"@type\":\"ListItem\",\"position\":2,\"name\":\"Za smanjenje PDV-a i ukidanje akcize potrebno najmanje pola godine?\"}]},{\"@type\":\"WebSite\",\"@id\":\"https:\\\/\\\/radioljubuski.ba\\\/#website\",\"url\":\"https:\\\/\\\/radioljubuski.ba\\\/\",\"name\":\"Radio Ljubu\u0161ki\",\"description\":\"Sun\u010dana frekvencija Hercegovine\",\"publisher\":{\"@id\":\"https:\\\/\\\/radioljubuski.ba\\\/#organization\"},\"potentialAction\":[{\"@type\":\"SearchAction\",\"target\":{\"@type\":\"EntryPoint\",\"urlTemplate\":\"https:\\\/\\\/radioljubuski.ba\\\/?s={search_term_string}\"},\"query-input\":{\"@type\":\"PropertyValueSpecification\",\"valueRequired\":true,\"valueName\":\"search_term_string\"}}],\"inLanguage\":\"hr\"},{\"@type\":\"Organization\",\"@id\":\"https:\\\/\\\/radioljubuski.ba\\\/#organization\",\"name\":\"Radio Ljubu\u0161ki\",\"url\":\"https:\\\/\\\/radioljubuski.ba\\\/\",\"logo\":{\"@type\":\"ImageObject\",\"inLanguage\":\"hr\",\"@id\":\"https:\\\/\\\/radioljubuski.ba\\\/#\\\/schema\\\/logo\\\/image\\\/\",\"url\":\"https:\\\/\\\/radioljubuski.ba\\\/wp-content\\\/uploads\\\/2021\\\/02\\\/cropped-Radio_Ljubuski_logo1.jpg\",\"contentUrl\":\"https:\\\/\\\/radioljubuski.ba\\\/wp-content\\\/uploads\\\/2021\\\/02\\\/cropped-Radio_Ljubuski_logo1.jpg\",\"width\":512,\"height\":512,\"caption\":\"Radio Ljubu\u0161ki\"},\"image\":{\"@id\":\"https:\\\/\\\/radioljubuski.ba\\\/#\\\/schema\\\/logo\\\/image\\\/\"},\"sameAs\":[\"https:\\\/\\\/www.facebook.com\\\/Radiio-Ljubuski-1490835324566332\",\"https:\\\/\\\/x.com\\\/radioljubuski\",\"https:\\\/\\\/hr.linkedin.com\\\/company\\\/radio-ljubuski\",\"https:\\\/\\\/www.youtube.com\\\/channel\\\/UCHYaeO_n0Db3tjNGudGpXyw\"]},{\"@type\":\"Person\",\"@id\":\"https:\\\/\\\/radioljubuski.ba\\\/#\\\/schema\\\/person\\\/19fc700381a780f69665d7956c469e3b\",\"name\":\"Radio Ljubu\u0161ki\"}]}<\/script>\n<!-- \/ Yoast SEO plugin. -->","yoast_head_json":{"title":"Za smanjenje PDV-a i ukidanje akcize potrebno najmanje pola godine? - RADIO LJUBU\u0160KI","robots":{"index":"index","follow":"follow","max-snippet":"max-snippet:-1","max-image-preview":"max-image-preview:large","max-video-preview":"max-video-preview:-1"},"canonical":"https:\/\/radioljubuski.ba\/index.php\/2022\/03\/10\/za-smanjenje-pdv-a-i-ukidanje-akcize-potrebno-najmanje-pola-godine\/","og_locale":"hr_HR","og_type":"article","og_title":"Za smanjenje PDV-a i ukidanje akcize potrebno najmanje pola godine? - RADIO LJUBU\u0160KI","og_description":"Gra\u0111ani Bosne i Hercegovine efekte manje stope PDV-a i ukidanja akciza na gorivo mogu da o\u010dekuju najranije za \u0161est mjeseci i to pod uvjetom da ga hitno usvoji Dom naroda Parlamentarne skup\u0161tine BiH i da narednih dana stupi na snagu. Samo Upravi za neizravno oporezivanje treba najmanje pola godine da se prilagodi novoj poreznoj politici [&hellip;]","og_url":"https:\/\/radioljubuski.ba\/index.php\/2022\/03\/10\/za-smanjenje-pdv-a-i-ukidanje-akcize-potrebno-najmanje-pola-godine\/","og_site_name":"RADIO LJUBU\u0160KI","article_publisher":"https:\/\/www.facebook.com\/Radiio-Ljubuski-1490835324566332","article_published_time":"2022-03-10T22:50:07+00:00","article_modified_time":"2022-03-10T22:50:08+00:00","og_image":[{"width":1000,"height":625,"url":"https:\/\/radioljubuski.ba\/wp-content\/uploads\/2022\/03\/4fxpwTCH_kruh_hljeb_pekara.jpg","type":"image\/jpeg"}],"author":"Radio Ljubu\u0161ki","twitter_card":"summary_large_image","twitter_creator":"@radioljubuski","twitter_site":"@radioljubuski","twitter_misc":{"Napisao\/la":"Radio Ljubu\u0161ki","Procijenjeno vrijeme \u010ditanja":"3 minute"},"schema":{"@context":"https:\/\/schema.org","@graph":[{"@type":"Article","@id":"https:\/\/radioljubuski.ba\/index.php\/2022\/03\/10\/za-smanjenje-pdv-a-i-ukidanje-akcize-potrebno-najmanje-pola-godine\/#article","isPartOf":{"@id":"https:\/\/radioljubuski.ba\/index.php\/2022\/03\/10\/za-smanjenje-pdv-a-i-ukidanje-akcize-potrebno-najmanje-pola-godine\/"},"author":{"name":"Radio Ljubu\u0161ki","@id":"https:\/\/radioljubuski.ba\/#\/schema\/person\/19fc700381a780f69665d7956c469e3b"},"headline":"Za smanjenje PDV-a i ukidanje akcize potrebno najmanje pola godine?","datePublished":"2022-03-10T22:50:07+00:00","dateModified":"2022-03-10T22:50:08+00:00","mainEntityOfPage":{"@id":"https:\/\/radioljubuski.ba\/index.php\/2022\/03\/10\/za-smanjenje-pdv-a-i-ukidanje-akcize-potrebno-najmanje-pola-godine\/"},"wordCount":601,"publisher":{"@id":"https:\/\/radioljubuski.ba\/#organization"},"image":{"@id":"https:\/\/radioljubuski.ba\/index.php\/2022\/03\/10\/za-smanjenje-pdv-a-i-ukidanje-akcize-potrebno-najmanje-pola-godine\/#primaryimage"},"thumbnailUrl":"https:\/\/radioljubuski.ba\/wp-content\/uploads\/2022\/03\/4fxpwTCH_kruh_hljeb_pekara.jpg","articleSection":["BIH i regija"],"inLanguage":"hr"},{"@type":"WebPage","@id":"https:\/\/radioljubuski.ba\/index.php\/2022\/03\/10\/za-smanjenje-pdv-a-i-ukidanje-akcize-potrebno-najmanje-pola-godine\/","url":"https:\/\/radioljubuski.ba\/index.php\/2022\/03\/10\/za-smanjenje-pdv-a-i-ukidanje-akcize-potrebno-najmanje-pola-godine\/","name":"Za smanjenje PDV-a i ukidanje akcize potrebno najmanje pola godine? - RADIO LJUBU\u0160KI","isPartOf":{"@id":"https:\/\/radioljubuski.ba\/#website"},"primaryImageOfPage":{"@id":"https:\/\/radioljubuski.ba\/index.php\/2022\/03\/10\/za-smanjenje-pdv-a-i-ukidanje-akcize-potrebno-najmanje-pola-godine\/#primaryimage"},"image":{"@id":"https:\/\/radioljubuski.ba\/index.php\/2022\/03\/10\/za-smanjenje-pdv-a-i-ukidanje-akcize-potrebno-najmanje-pola-godine\/#primaryimage"},"thumbnailUrl":"https:\/\/radioljubuski.ba\/wp-content\/uploads\/2022\/03\/4fxpwTCH_kruh_hljeb_pekara.jpg","datePublished":"2022-03-10T22:50:07+00:00","dateModified":"2022-03-10T22:50:08+00:00","breadcrumb":{"@id":"https:\/\/radioljubuski.ba\/index.php\/2022\/03\/10\/za-smanjenje-pdv-a-i-ukidanje-akcize-potrebno-najmanje-pola-godine\/#breadcrumb"},"inLanguage":"hr","potentialAction":[{"@type":"ReadAction","target":["https:\/\/radioljubuski.ba\/index.php\/2022\/03\/10\/za-smanjenje-pdv-a-i-ukidanje-akcize-potrebno-najmanje-pola-godine\/"]}]},{"@type":"ImageObject","inLanguage":"hr","@id":"https:\/\/radioljubuski.ba\/index.php\/2022\/03\/10\/za-smanjenje-pdv-a-i-ukidanje-akcize-potrebno-najmanje-pola-godine\/#primaryimage","url":"https:\/\/radioljubuski.ba\/wp-content\/uploads\/2022\/03\/4fxpwTCH_kruh_hljeb_pekara.jpg","contentUrl":"https:\/\/radioljubuski.ba\/wp-content\/uploads\/2022\/03\/4fxpwTCH_kruh_hljeb_pekara.jpg","width":1000,"height":625},{"@type":"BreadcrumbList","@id":"https:\/\/radioljubuski.ba\/index.php\/2022\/03\/10\/za-smanjenje-pdv-a-i-ukidanje-akcize-potrebno-najmanje-pola-godine\/#breadcrumb","itemListElement":[{"@type":"ListItem","position":1,"name":"Po\u010detna stranica","item":"https:\/\/radioljubuski.ba\/"},{"@type":"ListItem","position":2,"name":"Za smanjenje PDV-a i ukidanje akcize potrebno najmanje pola godine?"}]},{"@type":"WebSite","@id":"https:\/\/radioljubuski.ba\/#website","url":"https:\/\/radioljubuski.ba\/","name":"Radio Ljubu\u0161ki","description":"Sun\u010dana frekvencija Hercegovine","publisher":{"@id":"https:\/\/radioljubuski.ba\/#organization"},"potentialAction":[{"@type":"SearchAction","target":{"@type":"EntryPoint","urlTemplate":"https:\/\/radioljubuski.ba\/?s={search_term_string}"},"query-input":{"@type":"PropertyValueSpecification","valueRequired":true,"valueName":"search_term_string"}}],"inLanguage":"hr"},{"@type":"Organization","@id":"https:\/\/radioljubuski.ba\/#organization","name":"Radio Ljubu\u0161ki","url":"https:\/\/radioljubuski.ba\/","logo":{"@type":"ImageObject","inLanguage":"hr","@id":"https:\/\/radioljubuski.ba\/#\/schema\/logo\/image\/","url":"https:\/\/radioljubuski.ba\/wp-content\/uploads\/2021\/02\/cropped-Radio_Ljubuski_logo1.jpg","contentUrl":"https:\/\/radioljubuski.ba\/wp-content\/uploads\/2021\/02\/cropped-Radio_Ljubuski_logo1.jpg","width":512,"height":512,"caption":"Radio Ljubu\u0161ki"},"image":{"@id":"https:\/\/radioljubuski.ba\/#\/schema\/logo\/image\/"},"sameAs":["https:\/\/www.facebook.com\/Radiio-Ljubuski-1490835324566332","https:\/\/x.com\/radioljubuski","https:\/\/hr.linkedin.com\/company\/radio-ljubuski","https:\/\/www.youtube.com\/channel\/UCHYaeO_n0Db3tjNGudGpXyw"]},{"@type":"Person","@id":"https:\/\/radioljubuski.ba\/#\/schema\/person\/19fc700381a780f69665d7956c469e3b","name":"Radio Ljubu\u0161ki"}]}},"_links":{"self":[{"href":"https:\/\/radioljubuski.ba\/index.php\/wp-json\/wp\/v2\/posts\/120124","targetHints":{"allow":["GET"]}}],"collection":[{"href":"https:\/\/radioljubuski.ba\/index.php\/wp-json\/wp\/v2\/posts"}],"about":[{"href":"https:\/\/radioljubuski.ba\/index.php\/wp-json\/wp\/v2\/types\/post"}],"author":[{"embeddable":true,"href":"https:\/\/radioljubuski.ba\/index.php\/wp-json\/wp\/v2\/users\/2"}],"replies":[{"embeddable":true,"href":"https:\/\/radioljubuski.ba\/index.php\/wp-json\/wp\/v2\/comments?post=120124"}],"version-history":[{"count":1,"href":"https:\/\/radioljubuski.ba\/index.php\/wp-json\/wp\/v2\/posts\/120124\/revisions"}],"predecessor-version":[{"id":120126,"href":"https:\/\/radioljubuski.ba\/index.php\/wp-json\/wp\/v2\/posts\/120124\/revisions\/120126"}],"wp:featuredmedia":[{"embeddable":true,"href":"https:\/\/radioljubuski.ba\/index.php\/wp-json\/wp\/v2\/media\/120125"}],"wp:attachment":[{"href":"https:\/\/radioljubuski.ba\/index.php\/wp-json\/wp\/v2\/media?parent=120124"}],"wp:term":[{"taxonomy":"category","embeddable":true,"href":"https:\/\/radioljubuski.ba\/index.php\/wp-json\/wp\/v2\/categories?post=120124"},{"taxonomy":"post_tag","embeddable":true,"href":"https:\/\/radioljubuski.ba\/index.php\/wp-json\/wp\/v2\/tags?post=120124"}],"curies":[{"name":"wp","href":"https:\/\/api.w.org\/{rel}","templated":true}]}}