{"id":120130,"date":"2022-03-10T23:52:34","date_gmt":"2022-03-10T22:52:34","guid":{"rendered":"https:\/\/radioljubuski.ba\/?p=120130"},"modified":"2022-03-10T23:52:34","modified_gmt":"2022-03-10T22:52:34","slug":"u-akciji-meta-uhiceno-19-osoba","status":"publish","type":"post","link":"https:\/\/radioljubuski.ba\/index.php\/2022\/03\/10\/u-akciji-meta-uhiceno-19-osoba\/","title":{"rendered":"U akciji &#8216;Meta&#8217; uhi\u0107eno 19 osoba"},"content":{"rendered":"\n<p>Policijski slu\u017ebenici Uprave policije Ministarstva unutra\u0161njih poslova Zeni\u010dko-dobojske \u017eupanije su u proteklom periodu, pod nadzorom i u suradnji sa \u017dupanijskim tu\u017eiteljstvom Zeni\u010dko-dobojske \u017eupanije, u okviru operativne akcije kodnog naziva &#8220;META&#8221; poduzimali operativno-takti\u010dke i istra\u017ene mjere i radnje, usmjerene na li\u0161enje slobode i procesuiranje osoba koja se sumnji\u010de za izvr\u0161enje krivi\u010dnih djela &#8220;neovla\u0161tena proizvodnja i stavljanje u promet opojnih droga&#8221;, priop\u0107io je Odsjek za odnose s javno\u0161\u0107u MUP-a ZD\u017d.<\/p>\n\n\n\n<p>U nastavku ove operativne akcije, danas, 10.o\u017eujka&nbsp; u ranim jutarnjim satima, od policijskih timova zapo\u010deti su pretresi na 28 lokacija na podru\u010dju Zeni\u010dko-dobojske \u017eupanije, \u017dupanije Sarajevo, Srednjobosanske \u017eupanije&nbsp; i Br\u010dko distrikta. Dana\u0161nje aktivnosti su finalizacija opse\u017ene policijske akcije kodnog naziva &#8220;META&#8221;, koju sprovodi Uprava policije Ministarstva unutra\u0161njih poslova ZD\u017d i u okviru koje su u proteklom periodu, u pojedina\u010dnim akcijama policije, prona\u0111ene i oduzete zna\u010dajne koli\u010dine opojnih droga. Ova akcija je usmjerena na li\u0161enje slobode i procesuiranje lica koja se sumnji\u010de za izvr\u0161enje krivi\u010dnih djela u vezi zloupotrebe opojnih droga.&nbsp;<br>&nbsp;<br>Aktivnosti u okviru akcije &#8220;META&#8221; se poduzimaju u suradnji i pod nadzorom \u017dupanijskog&nbsp; tu\u017eiteljstva Zeni\u010dko-dobojske \u017eupanije, te se postupa po naredbama op\u0107inskih sudova u Zenici i Visokom, a pretresi se provode u suradnji s policijskim timovima Federalne uprave policije, te timovima uprava policija ministarstava unutra\u0161njih poslova \u017dupanije&nbsp; Sarajevo, SB\u017d i Policije Br\u010dko distrikta BiH.<\/p>\n\n\n\n<p>Pretresi objekata i osoba na navedenim lokacijama su vr\u0161eni s ciljem pronala\u017eenja i privremenog oduzimanja predmeta koji mogu poslu\u017eiti kao dokaz u daljnjem postupku, kao i lociranja i li\u0161enja slobode osoba koje su meta akcije, a koja se sumnji\u010de za izvr\u0161enje navedenih krivi\u010dnih djela. Nadalje, tokom provo\u0111enja operativne akcije &#8220;META&#8221;, zadokumentovani su i dostavljeni Tu\u017eiteljstvu izvje\u0161taji protiv 22 osobe zbog po\u010dinjenih krivi\u010dnih djela u vezi sa zloupotrebom opojnih droga, te su zadokumentirane krivi\u010dnopravne radnje za koja se one sumnji\u010de i za koje su prikupljeni dokazi tokom ove vi\u0161emjese\u010dne istrage.<br>&nbsp;<\/p>\n\n\n\n<p>Na okacijama na kojim su vr\u0161eni pretresi 19 osoba je stavljeno pod kontrolu i li\u0161eno slobode, dok se za pet osoba intenzivno traga.<br>&nbsp;<br>U okviru ove operativne akcije, zna\u010dajna podr\u0161ka i pomo\u0107 je pru\u017eena od strane Federalne uprave policije \u010diji su specijalisti\u010dki timovi bili diretno uklju\u010deni u vr\u0161enje pretresa, a ostvarena je i odli\u010dna suradnja sa Upravom policije Ministarstva unutra\u0161njih poslova \u017dupanije Sarajevo, Upravom policije Ministarstva unutra\u0161njih poslova Srednjobosanske \u017eupanije , te Policijom Br\u010dko distrikta BiH, \u010diji su policijski timovi tako\u0111e direktno sudjelovali&nbsp; u vr\u0161enju pretresa.<\/p>\n\n\n\n<p>Izvr\u0161enim pretresima prona\u0111ena je i oduzeta odre\u0111ena koli\u010dina materije koja svojim izgledom asocira na opojnu drogu i koja \u0107e biti predmet potrebnih vje\u0161ta\u010denja i mjerenja, ve\u0107i broj mobilnih telefonskih aparata, digitalne vage za precizna mjerenja, oru\u017eje i municija, kao i drugi nedozvoljeni predmeti koji \u0107e biti kori\u0161teni kao dokazni materijal u daljnjem postupku, priop\u0107eno je.<\/p>\n\n\n\n<p>Izvor:pogled.ba<\/p>\n","protected":false},"excerpt":{"rendered":"<p>Policijski slu\u017ebenici Uprave policije Ministarstva unutra\u0161njih poslova Zeni\u010dko-dobojske \u017eupanije su u proteklom periodu, pod nadzorom i u suradnji sa \u017dupanijskim tu\u017eiteljstvom Zeni\u010dko-dobojske \u017eupanije, u okviru operativne akcije kodnog naziva &#8220;META&#8221; poduzimali operativno-takti\u010dke i istra\u017ene mjere i radnje, usmjerene na li\u0161enje slobode i procesuiranje osoba koja se sumnji\u010de za izvr\u0161enje krivi\u010dnih djela &#8220;neovla\u0161tena proizvodnja i stavljanje [&hellip;]<\/p>\n","protected":false},"author":2,"featured_media":120131,"comment_status":"closed","ping_status":"closed","sticky":false,"template":"","format":"standard","meta":{"h5ap_radio_sources":[],"footnotes":""},"categories":[1],"tags":[],"class_list":["post-120130","post","type-post","status-publish","format-standard","has-post-thumbnail","hentry","category-bihiregija"],"yoast_head":"<!-- This site is optimized with the Yoast SEO plugin v27.5 - https:\/\/yoast.com\/product\/yoast-seo-wordpress\/ -->\n<title>U akciji &#039;Meta&#039; uhi\u0107eno 19 osoba - RADIO LJUBU\u0160KI<\/title>\n<meta name=\"robots\" content=\"index, follow, max-snippet:-1, max-image-preview:large, max-video-preview:-1\" \/>\n<link rel=\"canonical\" href=\"https:\/\/radioljubuski.ba\/index.php\/2022\/03\/10\/u-akciji-meta-uhiceno-19-osoba\/\" \/>\n<meta property=\"og:locale\" content=\"hr_HR\" \/>\n<meta property=\"og:type\" content=\"article\" \/>\n<meta property=\"og:title\" content=\"U akciji &#039;Meta&#039; uhi\u0107eno 19 osoba - RADIO LJUBU\u0160KI\" \/>\n<meta property=\"og:description\" content=\"Policijski slu\u017ebenici Uprave policije Ministarstva unutra\u0161njih poslova Zeni\u010dko-dobojske \u017eupanije su u proteklom periodu, pod nadzorom i u suradnji sa \u017dupanijskim tu\u017eiteljstvom Zeni\u010dko-dobojske \u017eupanije, u okviru operativne akcije kodnog naziva &#8220;META&#8221; poduzimali operativno-takti\u010dke i istra\u017ene mjere i radnje, usmjerene na li\u0161enje slobode i procesuiranje osoba koja se sumnji\u010de za izvr\u0161enje krivi\u010dnih djela &#8220;neovla\u0161tena proizvodnja i stavljanje [&hellip;]\" \/>\n<meta property=\"og:url\" content=\"https:\/\/radioljubuski.ba\/index.php\/2022\/03\/10\/u-akciji-meta-uhiceno-19-osoba\/\" \/>\n<meta property=\"og:site_name\" content=\"RADIO LJUBU\u0160KI\" \/>\n<meta property=\"article:publisher\" content=\"https:\/\/www.facebook.com\/Radiio-Ljubuski-1490835324566332\" \/>\n<meta property=\"article:published_time\" content=\"2022-03-10T22:52:34+00:00\" \/>\n<meta property=\"og:image\" content=\"https:\/\/radioljubuski.ba\/wp-content\/uploads\/2022\/03\/8-2022-03-10-17-14-14-akcija-meta.jpg\" \/>\n\t<meta property=\"og:image:width\" content=\"1000\" \/>\n\t<meta property=\"og:image:height\" content=\"625\" \/>\n\t<meta property=\"og:image:type\" content=\"image\/jpeg\" \/>\n<meta name=\"author\" content=\"Radio Ljubu\u0161ki\" \/>\n<meta name=\"twitter:card\" content=\"summary_large_image\" \/>\n<meta name=\"twitter:creator\" content=\"@radioljubuski\" \/>\n<meta name=\"twitter:site\" content=\"@radioljubuski\" \/>\n<meta name=\"twitter:label1\" content=\"Napisao\/la\" \/>\n\t<meta name=\"twitter:data1\" content=\"Radio Ljubu\u0161ki\" \/>\n\t<meta name=\"twitter:label2\" content=\"Procijenjeno vrijeme \u010ditanja\" \/>\n\t<meta name=\"twitter:data2\" content=\"2 minute\" \/>\n<script type=\"application\/ld+json\" class=\"yoast-schema-graph\">{\"@context\":\"https:\\\/\\\/schema.org\",\"@graph\":[{\"@type\":\"Article\",\"@id\":\"https:\\\/\\\/radioljubuski.ba\\\/index.php\\\/2022\\\/03\\\/10\\\/u-akciji-meta-uhiceno-19-osoba\\\/#article\",\"isPartOf\":{\"@id\":\"https:\\\/\\\/radioljubuski.ba\\\/index.php\\\/2022\\\/03\\\/10\\\/u-akciji-meta-uhiceno-19-osoba\\\/\"},\"author\":{\"name\":\"Radio Ljubu\u0161ki\",\"@id\":\"https:\\\/\\\/radioljubuski.ba\\\/#\\\/schema\\\/person\\\/19fc700381a780f69665d7956c469e3b\"},\"headline\":\"U akciji &#8216;Meta&#8217; uhi\u0107eno 19 osoba\",\"datePublished\":\"2022-03-10T22:52:34+00:00\",\"mainEntityOfPage\":{\"@id\":\"https:\\\/\\\/radioljubuski.ba\\\/index.php\\\/2022\\\/03\\\/10\\\/u-akciji-meta-uhiceno-19-osoba\\\/\"},\"wordCount\":531,\"publisher\":{\"@id\":\"https:\\\/\\\/radioljubuski.ba\\\/#organization\"},\"image\":{\"@id\":\"https:\\\/\\\/radioljubuski.ba\\\/index.php\\\/2022\\\/03\\\/10\\\/u-akciji-meta-uhiceno-19-osoba\\\/#primaryimage\"},\"thumbnailUrl\":\"https:\\\/\\\/radioljubuski.ba\\\/wp-content\\\/uploads\\\/2022\\\/03\\\/8-2022-03-10-17-14-14-akcija-meta.jpg\",\"articleSection\":[\"BIH i regija\"],\"inLanguage\":\"hr\"},{\"@type\":\"WebPage\",\"@id\":\"https:\\\/\\\/radioljubuski.ba\\\/index.php\\\/2022\\\/03\\\/10\\\/u-akciji-meta-uhiceno-19-osoba\\\/\",\"url\":\"https:\\\/\\\/radioljubuski.ba\\\/index.php\\\/2022\\\/03\\\/10\\\/u-akciji-meta-uhiceno-19-osoba\\\/\",\"name\":\"U akciji 'Meta' uhi\u0107eno 19 osoba - RADIO LJUBU\u0160KI\",\"isPartOf\":{\"@id\":\"https:\\\/\\\/radioljubuski.ba\\\/#website\"},\"primaryImageOfPage\":{\"@id\":\"https:\\\/\\\/radioljubuski.ba\\\/index.php\\\/2022\\\/03\\\/10\\\/u-akciji-meta-uhiceno-19-osoba\\\/#primaryimage\"},\"image\":{\"@id\":\"https:\\\/\\\/radioljubuski.ba\\\/index.php\\\/2022\\\/03\\\/10\\\/u-akciji-meta-uhiceno-19-osoba\\\/#primaryimage\"},\"thumbnailUrl\":\"https:\\\/\\\/radioljubuski.ba\\\/wp-content\\\/uploads\\\/2022\\\/03\\\/8-2022-03-10-17-14-14-akcija-meta.jpg\",\"datePublished\":\"2022-03-10T22:52:34+00:00\",\"breadcrumb\":{\"@id\":\"https:\\\/\\\/radioljubuski.ba\\\/index.php\\\/2022\\\/03\\\/10\\\/u-akciji-meta-uhiceno-19-osoba\\\/#breadcrumb\"},\"inLanguage\":\"hr\",\"potentialAction\":[{\"@type\":\"ReadAction\",\"target\":[\"https:\\\/\\\/radioljubuski.ba\\\/index.php\\\/2022\\\/03\\\/10\\\/u-akciji-meta-uhiceno-19-osoba\\\/\"]}]},{\"@type\":\"ImageObject\",\"inLanguage\":\"hr\",\"@id\":\"https:\\\/\\\/radioljubuski.ba\\\/index.php\\\/2022\\\/03\\\/10\\\/u-akciji-meta-uhiceno-19-osoba\\\/#primaryimage\",\"url\":\"https:\\\/\\\/radioljubuski.ba\\\/wp-content\\\/uploads\\\/2022\\\/03\\\/8-2022-03-10-17-14-14-akcija-meta.jpg\",\"contentUrl\":\"https:\\\/\\\/radioljubuski.ba\\\/wp-content\\\/uploads\\\/2022\\\/03\\\/8-2022-03-10-17-14-14-akcija-meta.jpg\",\"width\":1000,\"height\":625},{\"@type\":\"BreadcrumbList\",\"@id\":\"https:\\\/\\\/radioljubuski.ba\\\/index.php\\\/2022\\\/03\\\/10\\\/u-akciji-meta-uhiceno-19-osoba\\\/#breadcrumb\",\"itemListElement\":[{\"@type\":\"ListItem\",\"position\":1,\"name\":\"Po\u010detna stranica\",\"item\":\"https:\\\/\\\/radioljubuski.ba\\\/\"},{\"@type\":\"ListItem\",\"position\":2,\"name\":\"U akciji &#8216;Meta&#8217; uhi\u0107eno 19 osoba\"}]},{\"@type\":\"WebSite\",\"@id\":\"https:\\\/\\\/radioljubuski.ba\\\/#website\",\"url\":\"https:\\\/\\\/radioljubuski.ba\\\/\",\"name\":\"Radio Ljubu\u0161ki\",\"description\":\"Sun\u010dana frekvencija Hercegovine\",\"publisher\":{\"@id\":\"https:\\\/\\\/radioljubuski.ba\\\/#organization\"},\"potentialAction\":[{\"@type\":\"SearchAction\",\"target\":{\"@type\":\"EntryPoint\",\"urlTemplate\":\"https:\\\/\\\/radioljubuski.ba\\\/?s={search_term_string}\"},\"query-input\":{\"@type\":\"PropertyValueSpecification\",\"valueRequired\":true,\"valueName\":\"search_term_string\"}}],\"inLanguage\":\"hr\"},{\"@type\":\"Organization\",\"@id\":\"https:\\\/\\\/radioljubuski.ba\\\/#organization\",\"name\":\"Radio Ljubu\u0161ki\",\"url\":\"https:\\\/\\\/radioljubuski.ba\\\/\",\"logo\":{\"@type\":\"ImageObject\",\"inLanguage\":\"hr\",\"@id\":\"https:\\\/\\\/radioljubuski.ba\\\/#\\\/schema\\\/logo\\\/image\\\/\",\"url\":\"https:\\\/\\\/radioljubuski.ba\\\/wp-content\\\/uploads\\\/2021\\\/02\\\/cropped-Radio_Ljubuski_logo1.jpg\",\"contentUrl\":\"https:\\\/\\\/radioljubuski.ba\\\/wp-content\\\/uploads\\\/2021\\\/02\\\/cropped-Radio_Ljubuski_logo1.jpg\",\"width\":512,\"height\":512,\"caption\":\"Radio Ljubu\u0161ki\"},\"image\":{\"@id\":\"https:\\\/\\\/radioljubuski.ba\\\/#\\\/schema\\\/logo\\\/image\\\/\"},\"sameAs\":[\"https:\\\/\\\/www.facebook.com\\\/Radiio-Ljubuski-1490835324566332\",\"https:\\\/\\\/x.com\\\/radioljubuski\",\"https:\\\/\\\/hr.linkedin.com\\\/company\\\/radio-ljubuski\",\"https:\\\/\\\/www.youtube.com\\\/channel\\\/UCHYaeO_n0Db3tjNGudGpXyw\"]},{\"@type\":\"Person\",\"@id\":\"https:\\\/\\\/radioljubuski.ba\\\/#\\\/schema\\\/person\\\/19fc700381a780f69665d7956c469e3b\",\"name\":\"Radio Ljubu\u0161ki\"}]}<\/script>\n<!-- \/ Yoast SEO plugin. -->","yoast_head_json":{"title":"U akciji 'Meta' uhi\u0107eno 19 osoba - RADIO LJUBU\u0160KI","robots":{"index":"index","follow":"follow","max-snippet":"max-snippet:-1","max-image-preview":"max-image-preview:large","max-video-preview":"max-video-preview:-1"},"canonical":"https:\/\/radioljubuski.ba\/index.php\/2022\/03\/10\/u-akciji-meta-uhiceno-19-osoba\/","og_locale":"hr_HR","og_type":"article","og_title":"U akciji 'Meta' uhi\u0107eno 19 osoba - RADIO LJUBU\u0160KI","og_description":"Policijski slu\u017ebenici Uprave policije Ministarstva unutra\u0161njih poslova Zeni\u010dko-dobojske \u017eupanije su u proteklom periodu, pod nadzorom i u suradnji sa \u017dupanijskim tu\u017eiteljstvom Zeni\u010dko-dobojske \u017eupanije, u okviru operativne akcije kodnog naziva &#8220;META&#8221; poduzimali operativno-takti\u010dke i istra\u017ene mjere i radnje, usmjerene na li\u0161enje slobode i procesuiranje osoba koja se sumnji\u010de za izvr\u0161enje krivi\u010dnih djela &#8220;neovla\u0161tena proizvodnja i stavljanje [&hellip;]","og_url":"https:\/\/radioljubuski.ba\/index.php\/2022\/03\/10\/u-akciji-meta-uhiceno-19-osoba\/","og_site_name":"RADIO LJUBU\u0160KI","article_publisher":"https:\/\/www.facebook.com\/Radiio-Ljubuski-1490835324566332","article_published_time":"2022-03-10T22:52:34+00:00","og_image":[{"width":1000,"height":625,"url":"https:\/\/radioljubuski.ba\/wp-content\/uploads\/2022\/03\/8-2022-03-10-17-14-14-akcija-meta.jpg","type":"image\/jpeg"}],"author":"Radio Ljubu\u0161ki","twitter_card":"summary_large_image","twitter_creator":"@radioljubuski","twitter_site":"@radioljubuski","twitter_misc":{"Napisao\/la":"Radio Ljubu\u0161ki","Procijenjeno vrijeme \u010ditanja":"2 minute"},"schema":{"@context":"https:\/\/schema.org","@graph":[{"@type":"Article","@id":"https:\/\/radioljubuski.ba\/index.php\/2022\/03\/10\/u-akciji-meta-uhiceno-19-osoba\/#article","isPartOf":{"@id":"https:\/\/radioljubuski.ba\/index.php\/2022\/03\/10\/u-akciji-meta-uhiceno-19-osoba\/"},"author":{"name":"Radio Ljubu\u0161ki","@id":"https:\/\/radioljubuski.ba\/#\/schema\/person\/19fc700381a780f69665d7956c469e3b"},"headline":"U akciji &#8216;Meta&#8217; uhi\u0107eno 19 osoba","datePublished":"2022-03-10T22:52:34+00:00","mainEntityOfPage":{"@id":"https:\/\/radioljubuski.ba\/index.php\/2022\/03\/10\/u-akciji-meta-uhiceno-19-osoba\/"},"wordCount":531,"publisher":{"@id":"https:\/\/radioljubuski.ba\/#organization"},"image":{"@id":"https:\/\/radioljubuski.ba\/index.php\/2022\/03\/10\/u-akciji-meta-uhiceno-19-osoba\/#primaryimage"},"thumbnailUrl":"https:\/\/radioljubuski.ba\/wp-content\/uploads\/2022\/03\/8-2022-03-10-17-14-14-akcija-meta.jpg","articleSection":["BIH i regija"],"inLanguage":"hr"},{"@type":"WebPage","@id":"https:\/\/radioljubuski.ba\/index.php\/2022\/03\/10\/u-akciji-meta-uhiceno-19-osoba\/","url":"https:\/\/radioljubuski.ba\/index.php\/2022\/03\/10\/u-akciji-meta-uhiceno-19-osoba\/","name":"U akciji 'Meta' uhi\u0107eno 19 osoba - RADIO LJUBU\u0160KI","isPartOf":{"@id":"https:\/\/radioljubuski.ba\/#website"},"primaryImageOfPage":{"@id":"https:\/\/radioljubuski.ba\/index.php\/2022\/03\/10\/u-akciji-meta-uhiceno-19-osoba\/#primaryimage"},"image":{"@id":"https:\/\/radioljubuski.ba\/index.php\/2022\/03\/10\/u-akciji-meta-uhiceno-19-osoba\/#primaryimage"},"thumbnailUrl":"https:\/\/radioljubuski.ba\/wp-content\/uploads\/2022\/03\/8-2022-03-10-17-14-14-akcija-meta.jpg","datePublished":"2022-03-10T22:52:34+00:00","breadcrumb":{"@id":"https:\/\/radioljubuski.ba\/index.php\/2022\/03\/10\/u-akciji-meta-uhiceno-19-osoba\/#breadcrumb"},"inLanguage":"hr","potentialAction":[{"@type":"ReadAction","target":["https:\/\/radioljubuski.ba\/index.php\/2022\/03\/10\/u-akciji-meta-uhiceno-19-osoba\/"]}]},{"@type":"ImageObject","inLanguage":"hr","@id":"https:\/\/radioljubuski.ba\/index.php\/2022\/03\/10\/u-akciji-meta-uhiceno-19-osoba\/#primaryimage","url":"https:\/\/radioljubuski.ba\/wp-content\/uploads\/2022\/03\/8-2022-03-10-17-14-14-akcija-meta.jpg","contentUrl":"https:\/\/radioljubuski.ba\/wp-content\/uploads\/2022\/03\/8-2022-03-10-17-14-14-akcija-meta.jpg","width":1000,"height":625},{"@type":"BreadcrumbList","@id":"https:\/\/radioljubuski.ba\/index.php\/2022\/03\/10\/u-akciji-meta-uhiceno-19-osoba\/#breadcrumb","itemListElement":[{"@type":"ListItem","position":1,"name":"Po\u010detna stranica","item":"https:\/\/radioljubuski.ba\/"},{"@type":"ListItem","position":2,"name":"U akciji &#8216;Meta&#8217; uhi\u0107eno 19 osoba"}]},{"@type":"WebSite","@id":"https:\/\/radioljubuski.ba\/#website","url":"https:\/\/radioljubuski.ba\/","name":"Radio Ljubu\u0161ki","description":"Sun\u010dana frekvencija Hercegovine","publisher":{"@id":"https:\/\/radioljubuski.ba\/#organization"},"potentialAction":[{"@type":"SearchAction","target":{"@type":"EntryPoint","urlTemplate":"https:\/\/radioljubuski.ba\/?s={search_term_string}"},"query-input":{"@type":"PropertyValueSpecification","valueRequired":true,"valueName":"search_term_string"}}],"inLanguage":"hr"},{"@type":"Organization","@id":"https:\/\/radioljubuski.ba\/#organization","name":"Radio Ljubu\u0161ki","url":"https:\/\/radioljubuski.ba\/","logo":{"@type":"ImageObject","inLanguage":"hr","@id":"https:\/\/radioljubuski.ba\/#\/schema\/logo\/image\/","url":"https:\/\/radioljubuski.ba\/wp-content\/uploads\/2021\/02\/cropped-Radio_Ljubuski_logo1.jpg","contentUrl":"https:\/\/radioljubuski.ba\/wp-content\/uploads\/2021\/02\/cropped-Radio_Ljubuski_logo1.jpg","width":512,"height":512,"caption":"Radio Ljubu\u0161ki"},"image":{"@id":"https:\/\/radioljubuski.ba\/#\/schema\/logo\/image\/"},"sameAs":["https:\/\/www.facebook.com\/Radiio-Ljubuski-1490835324566332","https:\/\/x.com\/radioljubuski","https:\/\/hr.linkedin.com\/company\/radio-ljubuski","https:\/\/www.youtube.com\/channel\/UCHYaeO_n0Db3tjNGudGpXyw"]},{"@type":"Person","@id":"https:\/\/radioljubuski.ba\/#\/schema\/person\/19fc700381a780f69665d7956c469e3b","name":"Radio Ljubu\u0161ki"}]}},"_links":{"self":[{"href":"https:\/\/radioljubuski.ba\/index.php\/wp-json\/wp\/v2\/posts\/120130","targetHints":{"allow":["GET"]}}],"collection":[{"href":"https:\/\/radioljubuski.ba\/index.php\/wp-json\/wp\/v2\/posts"}],"about":[{"href":"https:\/\/radioljubuski.ba\/index.php\/wp-json\/wp\/v2\/types\/post"}],"author":[{"embeddable":true,"href":"https:\/\/radioljubuski.ba\/index.php\/wp-json\/wp\/v2\/users\/2"}],"replies":[{"embeddable":true,"href":"https:\/\/radioljubuski.ba\/index.php\/wp-json\/wp\/v2\/comments?post=120130"}],"version-history":[{"count":1,"href":"https:\/\/radioljubuski.ba\/index.php\/wp-json\/wp\/v2\/posts\/120130\/revisions"}],"predecessor-version":[{"id":120132,"href":"https:\/\/radioljubuski.ba\/index.php\/wp-json\/wp\/v2\/posts\/120130\/revisions\/120132"}],"wp:featuredmedia":[{"embeddable":true,"href":"https:\/\/radioljubuski.ba\/index.php\/wp-json\/wp\/v2\/media\/120131"}],"wp:attachment":[{"href":"https:\/\/radioljubuski.ba\/index.php\/wp-json\/wp\/v2\/media?parent=120130"}],"wp:term":[{"taxonomy":"category","embeddable":true,"href":"https:\/\/radioljubuski.ba\/index.php\/wp-json\/wp\/v2\/categories?post=120130"},{"taxonomy":"post_tag","embeddable":true,"href":"https:\/\/radioljubuski.ba\/index.php\/wp-json\/wp\/v2\/tags?post=120130"}],"curies":[{"name":"wp","href":"https:\/\/api.w.org\/{rel}","templated":true}]}}