{"id":120133,"date":"2022-03-10T23:53:37","date_gmt":"2022-03-10T22:53:37","guid":{"rendered":"https:\/\/radioljubuski.ba\/?p=120133"},"modified":"2022-03-10T23:53:38","modified_gmt":"2022-03-10T22:53:38","slug":"zovko-poziva-na-hitnu-misiju-unesco-a-u-i-oko-nagorno-karabaha","status":"publish","type":"post","link":"https:\/\/radioljubuski.ba\/index.php\/2022\/03\/10\/zovko-poziva-na-hitnu-misiju-unesco-a-u-i-oko-nagorno-karabaha\/","title":{"rendered":"Zovko poziva na hitnu misiju UNESCO-a u i oko Nagorno-Karabaha"},"content":{"rendered":"\n<p>\u017deljana Zovko, potpredsjednica Odbora za vanjske poslove (AFET) Europskog parlamenta i stalna izvjestiteljica za Azerbajd\u017ean govorila je na plenarnoj sjednici Europskog parlamenta u Strasbourgu u raspravi o uni\u0161tavanju kulturne ba\u0161tine u i oko Nagorno-Karabaha.<\/p>\n\n\n\n<p>\u201cKulturna ba\u0161tina, nacionalna ili vjerska, predstavlja prikaz identiteta naroda. Ti su artefakti, gra\u0111evine i spomenici gra\u0111eni s najve\u0107om pa\u017enjom i predano\u0161\u0107u. To je ne\u0161to \u010dime se ljudi ponose\u201d \u2013 naglasila je Zovko i dodala da po\u0161tivanje i za\u0161tita kulturne ba\u0161tine nije samo dio na\u0161ih europskih vrijednosti i europske politike susjedstva, ve\u0107 je to zacrtano i u nekoliko me\u0111unarodnih konvencija i ugovora.<\/p>\n\n\n\n<p>Zovko je istaknula da ru\u0161enje ili oskvrnjenje spomenika predstavlja uvredu i izravan napad jer se brisanjem kulturne ba\u0161tine mijenja povijest i nestaju dokazi o postojanju entiteta.<\/p>\n\n\n\n<p>\u201cU podru\u010djima sukoba, poput Nagorno-Karabaha i oko njega, spomenici i vjerski objekti \u010desto su na meti zbog svoje simboli\u010dne vrijednosti, \u0161to duboko \u017ealim i o\u0161tro osu\u0111ujem\u201d \u2013 upozorila je Zovko.<\/p>\n\n\n\n<p>Naglasila je da suradnja i me\u0111usobno po\u0161tivanje kulturne ba\u0161tine upravo zahvaljuju\u0107i tom inherentnom zna\u010denju imaju snagu pomirenja, mo\u0107 promicanja su\u017eivota i mo\u0107 koja mo\u017ee dovesti do mira.<\/p>\n\n\n\n<p>Prvi korak je sagledavanje statusa kulturne ba\u0161tine u regiji. Zovko je stoga pozvala UNESCO i me\u0111unarodnu zajednicu da hitno organiziraju misiju utvr\u0111ivanja \u010dinjenica u Nagorno-Karabahu i okolici. Tako\u0111er je pozvala Azerbajd\u017ean i Armeniju na punu suradnju.<\/p>\n\n\n\n<p>Izvor:pogled.ba<\/p>\n","protected":false},"excerpt":{"rendered":"<p>\u017deljana Zovko, potpredsjednica Odbora za vanjske poslove (AFET) Europskog parlamenta i stalna izvjestiteljica za Azerbajd\u017ean govorila je na plenarnoj sjednici Europskog parlamenta u Strasbourgu u raspravi o uni\u0161tavanju kulturne ba\u0161tine u i oko Nagorno-Karabaha. \u201cKulturna ba\u0161tina, nacionalna ili vjerska, predstavlja prikaz identiteta naroda. Ti su artefakti, gra\u0111evine i spomenici gra\u0111eni s najve\u0107om pa\u017enjom i predano\u0161\u0107u. [&hellip;]<\/p>\n","protected":false},"author":2,"featured_media":31176,"comment_status":"closed","ping_status":"closed","sticky":false,"template":"","format":"standard","meta":{"h5ap_radio_sources":[],"footnotes":""},"categories":[1],"tags":[],"class_list":["post-120133","post","type-post","status-publish","format-standard","has-post-thumbnail","hentry","category-bihiregija"],"yoast_head":"<!-- This site is optimized with the Yoast SEO plugin v27.5 - https:\/\/yoast.com\/product\/yoast-seo-wordpress\/ -->\n<title>Zovko poziva na hitnu misiju UNESCO-a u i oko Nagorno-Karabaha - RADIO LJUBU\u0160KI<\/title>\n<meta name=\"robots\" content=\"index, follow, max-snippet:-1, max-image-preview:large, max-video-preview:-1\" \/>\n<link rel=\"canonical\" href=\"https:\/\/radioljubuski.ba\/index.php\/2022\/03\/10\/zovko-poziva-na-hitnu-misiju-unesco-a-u-i-oko-nagorno-karabaha\/\" \/>\n<meta property=\"og:locale\" content=\"hr_HR\" \/>\n<meta property=\"og:type\" content=\"article\" \/>\n<meta property=\"og:title\" content=\"Zovko poziva na hitnu misiju UNESCO-a u i oko Nagorno-Karabaha - RADIO LJUBU\u0160KI\" \/>\n<meta property=\"og:description\" content=\"\u017deljana Zovko, potpredsjednica Odbora za vanjske poslove (AFET) Europskog parlamenta i stalna izvjestiteljica za Azerbajd\u017ean govorila je na plenarnoj sjednici Europskog parlamenta u Strasbourgu u raspravi o uni\u0161tavanju kulturne ba\u0161tine u i oko Nagorno-Karabaha. \u201cKulturna ba\u0161tina, nacionalna ili vjerska, predstavlja prikaz identiteta naroda. Ti su artefakti, gra\u0111evine i spomenici gra\u0111eni s najve\u0107om pa\u017enjom i predano\u0161\u0107u. [&hellip;]\" \/>\n<meta property=\"og:url\" content=\"https:\/\/radioljubuski.ba\/index.php\/2022\/03\/10\/zovko-poziva-na-hitnu-misiju-unesco-a-u-i-oko-nagorno-karabaha\/\" \/>\n<meta property=\"og:site_name\" content=\"RADIO LJUBU\u0160KI\" \/>\n<meta property=\"article:publisher\" content=\"https:\/\/www.facebook.com\/Radiio-Ljubuski-1490835324566332\" \/>\n<meta property=\"article:published_time\" content=\"2022-03-10T22:53:37+00:00\" \/>\n<meta property=\"article:modified_time\" content=\"2022-03-10T22:53:38+00:00\" \/>\n<meta property=\"og:image\" content=\"https:\/\/radioljubuski.ba\/wp-content\/uploads\/2021\/06\/Zovko-plenarna-1068x712-1.jpg\" \/>\n\t<meta property=\"og:image:width\" content=\"1068\" \/>\n\t<meta property=\"og:image:height\" content=\"712\" \/>\n\t<meta property=\"og:image:type\" content=\"image\/jpeg\" \/>\n<meta name=\"author\" content=\"Radio Ljubu\u0161ki\" \/>\n<meta name=\"twitter:card\" content=\"summary_large_image\" \/>\n<meta name=\"twitter:creator\" content=\"@radioljubuski\" \/>\n<meta name=\"twitter:site\" content=\"@radioljubuski\" \/>\n<meta name=\"twitter:label1\" content=\"Napisao\/la\" \/>\n\t<meta name=\"twitter:data1\" content=\"Radio Ljubu\u0161ki\" \/>\n\t<meta name=\"twitter:label2\" content=\"Procijenjeno vrijeme \u010ditanja\" \/>\n\t<meta name=\"twitter:data2\" content=\"1 minuta\" \/>\n<script type=\"application\/ld+json\" class=\"yoast-schema-graph\">{\"@context\":\"https:\\\/\\\/schema.org\",\"@graph\":[{\"@type\":\"Article\",\"@id\":\"https:\\\/\\\/radioljubuski.ba\\\/index.php\\\/2022\\\/03\\\/10\\\/zovko-poziva-na-hitnu-misiju-unesco-a-u-i-oko-nagorno-karabaha\\\/#article\",\"isPartOf\":{\"@id\":\"https:\\\/\\\/radioljubuski.ba\\\/index.php\\\/2022\\\/03\\\/10\\\/zovko-poziva-na-hitnu-misiju-unesco-a-u-i-oko-nagorno-karabaha\\\/\"},\"author\":{\"name\":\"Radio Ljubu\u0161ki\",\"@id\":\"https:\\\/\\\/radioljubuski.ba\\\/#\\\/schema\\\/person\\\/19fc700381a780f69665d7956c469e3b\"},\"headline\":\"Zovko poziva na hitnu misiju UNESCO-a u i oko Nagorno-Karabaha\",\"datePublished\":\"2022-03-10T22:53:37+00:00\",\"dateModified\":\"2022-03-10T22:53:38+00:00\",\"mainEntityOfPage\":{\"@id\":\"https:\\\/\\\/radioljubuski.ba\\\/index.php\\\/2022\\\/03\\\/10\\\/zovko-poziva-na-hitnu-misiju-unesco-a-u-i-oko-nagorno-karabaha\\\/\"},\"wordCount\":258,\"publisher\":{\"@id\":\"https:\\\/\\\/radioljubuski.ba\\\/#organization\"},\"image\":{\"@id\":\"https:\\\/\\\/radioljubuski.ba\\\/index.php\\\/2022\\\/03\\\/10\\\/zovko-poziva-na-hitnu-misiju-unesco-a-u-i-oko-nagorno-karabaha\\\/#primaryimage\"},\"thumbnailUrl\":\"https:\\\/\\\/radioljubuski.ba\\\/wp-content\\\/uploads\\\/2021\\\/06\\\/Zovko-plenarna-1068x712-1.jpg\",\"articleSection\":[\"BIH i regija\"],\"inLanguage\":\"hr\"},{\"@type\":\"WebPage\",\"@id\":\"https:\\\/\\\/radioljubuski.ba\\\/index.php\\\/2022\\\/03\\\/10\\\/zovko-poziva-na-hitnu-misiju-unesco-a-u-i-oko-nagorno-karabaha\\\/\",\"url\":\"https:\\\/\\\/radioljubuski.ba\\\/index.php\\\/2022\\\/03\\\/10\\\/zovko-poziva-na-hitnu-misiju-unesco-a-u-i-oko-nagorno-karabaha\\\/\",\"name\":\"Zovko poziva na hitnu misiju UNESCO-a u i oko Nagorno-Karabaha - RADIO LJUBU\u0160KI\",\"isPartOf\":{\"@id\":\"https:\\\/\\\/radioljubuski.ba\\\/#website\"},\"primaryImageOfPage\":{\"@id\":\"https:\\\/\\\/radioljubuski.ba\\\/index.php\\\/2022\\\/03\\\/10\\\/zovko-poziva-na-hitnu-misiju-unesco-a-u-i-oko-nagorno-karabaha\\\/#primaryimage\"},\"image\":{\"@id\":\"https:\\\/\\\/radioljubuski.ba\\\/index.php\\\/2022\\\/03\\\/10\\\/zovko-poziva-na-hitnu-misiju-unesco-a-u-i-oko-nagorno-karabaha\\\/#primaryimage\"},\"thumbnailUrl\":\"https:\\\/\\\/radioljubuski.ba\\\/wp-content\\\/uploads\\\/2021\\\/06\\\/Zovko-plenarna-1068x712-1.jpg\",\"datePublished\":\"2022-03-10T22:53:37+00:00\",\"dateModified\":\"2022-03-10T22:53:38+00:00\",\"breadcrumb\":{\"@id\":\"https:\\\/\\\/radioljubuski.ba\\\/index.php\\\/2022\\\/03\\\/10\\\/zovko-poziva-na-hitnu-misiju-unesco-a-u-i-oko-nagorno-karabaha\\\/#breadcrumb\"},\"inLanguage\":\"hr\",\"potentialAction\":[{\"@type\":\"ReadAction\",\"target\":[\"https:\\\/\\\/radioljubuski.ba\\\/index.php\\\/2022\\\/03\\\/10\\\/zovko-poziva-na-hitnu-misiju-unesco-a-u-i-oko-nagorno-karabaha\\\/\"]}]},{\"@type\":\"ImageObject\",\"inLanguage\":\"hr\",\"@id\":\"https:\\\/\\\/radioljubuski.ba\\\/index.php\\\/2022\\\/03\\\/10\\\/zovko-poziva-na-hitnu-misiju-unesco-a-u-i-oko-nagorno-karabaha\\\/#primaryimage\",\"url\":\"https:\\\/\\\/radioljubuski.ba\\\/wp-content\\\/uploads\\\/2021\\\/06\\\/Zovko-plenarna-1068x712-1.jpg\",\"contentUrl\":\"https:\\\/\\\/radioljubuski.ba\\\/wp-content\\\/uploads\\\/2021\\\/06\\\/Zovko-plenarna-1068x712-1.jpg\",\"width\":1068,\"height\":712,\"caption\":\"EP Plenary session - 2019-2020 Reports on Montenegro\"},{\"@type\":\"BreadcrumbList\",\"@id\":\"https:\\\/\\\/radioljubuski.ba\\\/index.php\\\/2022\\\/03\\\/10\\\/zovko-poziva-na-hitnu-misiju-unesco-a-u-i-oko-nagorno-karabaha\\\/#breadcrumb\",\"itemListElement\":[{\"@type\":\"ListItem\",\"position\":1,\"name\":\"Po\u010detna stranica\",\"item\":\"https:\\\/\\\/radioljubuski.ba\\\/\"},{\"@type\":\"ListItem\",\"position\":2,\"name\":\"Zovko poziva na hitnu misiju UNESCO-a u i oko Nagorno-Karabaha\"}]},{\"@type\":\"WebSite\",\"@id\":\"https:\\\/\\\/radioljubuski.ba\\\/#website\",\"url\":\"https:\\\/\\\/radioljubuski.ba\\\/\",\"name\":\"Radio Ljubu\u0161ki\",\"description\":\"Sun\u010dana frekvencija Hercegovine\",\"publisher\":{\"@id\":\"https:\\\/\\\/radioljubuski.ba\\\/#organization\"},\"potentialAction\":[{\"@type\":\"SearchAction\",\"target\":{\"@type\":\"EntryPoint\",\"urlTemplate\":\"https:\\\/\\\/radioljubuski.ba\\\/?s={search_term_string}\"},\"query-input\":{\"@type\":\"PropertyValueSpecification\",\"valueRequired\":true,\"valueName\":\"search_term_string\"}}],\"inLanguage\":\"hr\"},{\"@type\":\"Organization\",\"@id\":\"https:\\\/\\\/radioljubuski.ba\\\/#organization\",\"name\":\"Radio Ljubu\u0161ki\",\"url\":\"https:\\\/\\\/radioljubuski.ba\\\/\",\"logo\":{\"@type\":\"ImageObject\",\"inLanguage\":\"hr\",\"@id\":\"https:\\\/\\\/radioljubuski.ba\\\/#\\\/schema\\\/logo\\\/image\\\/\",\"url\":\"https:\\\/\\\/radioljubuski.ba\\\/wp-content\\\/uploads\\\/2021\\\/02\\\/cropped-Radio_Ljubuski_logo1.jpg\",\"contentUrl\":\"https:\\\/\\\/radioljubuski.ba\\\/wp-content\\\/uploads\\\/2021\\\/02\\\/cropped-Radio_Ljubuski_logo1.jpg\",\"width\":512,\"height\":512,\"caption\":\"Radio Ljubu\u0161ki\"},\"image\":{\"@id\":\"https:\\\/\\\/radioljubuski.ba\\\/#\\\/schema\\\/logo\\\/image\\\/\"},\"sameAs\":[\"https:\\\/\\\/www.facebook.com\\\/Radiio-Ljubuski-1490835324566332\",\"https:\\\/\\\/x.com\\\/radioljubuski\",\"https:\\\/\\\/hr.linkedin.com\\\/company\\\/radio-ljubuski\",\"https:\\\/\\\/www.youtube.com\\\/channel\\\/UCHYaeO_n0Db3tjNGudGpXyw\"]},{\"@type\":\"Person\",\"@id\":\"https:\\\/\\\/radioljubuski.ba\\\/#\\\/schema\\\/person\\\/19fc700381a780f69665d7956c469e3b\",\"name\":\"Radio Ljubu\u0161ki\"}]}<\/script>\n<!-- \/ Yoast SEO plugin. -->","yoast_head_json":{"title":"Zovko poziva na hitnu misiju UNESCO-a u i oko Nagorno-Karabaha - RADIO LJUBU\u0160KI","robots":{"index":"index","follow":"follow","max-snippet":"max-snippet:-1","max-image-preview":"max-image-preview:large","max-video-preview":"max-video-preview:-1"},"canonical":"https:\/\/radioljubuski.ba\/index.php\/2022\/03\/10\/zovko-poziva-na-hitnu-misiju-unesco-a-u-i-oko-nagorno-karabaha\/","og_locale":"hr_HR","og_type":"article","og_title":"Zovko poziva na hitnu misiju UNESCO-a u i oko Nagorno-Karabaha - RADIO LJUBU\u0160KI","og_description":"\u017deljana Zovko, potpredsjednica Odbora za vanjske poslove (AFET) Europskog parlamenta i stalna izvjestiteljica za Azerbajd\u017ean govorila je na plenarnoj sjednici Europskog parlamenta u Strasbourgu u raspravi o uni\u0161tavanju kulturne ba\u0161tine u i oko Nagorno-Karabaha. \u201cKulturna ba\u0161tina, nacionalna ili vjerska, predstavlja prikaz identiteta naroda. Ti su artefakti, gra\u0111evine i spomenici gra\u0111eni s najve\u0107om pa\u017enjom i predano\u0161\u0107u. [&hellip;]","og_url":"https:\/\/radioljubuski.ba\/index.php\/2022\/03\/10\/zovko-poziva-na-hitnu-misiju-unesco-a-u-i-oko-nagorno-karabaha\/","og_site_name":"RADIO LJUBU\u0160KI","article_publisher":"https:\/\/www.facebook.com\/Radiio-Ljubuski-1490835324566332","article_published_time":"2022-03-10T22:53:37+00:00","article_modified_time":"2022-03-10T22:53:38+00:00","og_image":[{"width":1068,"height":712,"url":"https:\/\/radioljubuski.ba\/wp-content\/uploads\/2021\/06\/Zovko-plenarna-1068x712-1.jpg","type":"image\/jpeg"}],"author":"Radio Ljubu\u0161ki","twitter_card":"summary_large_image","twitter_creator":"@radioljubuski","twitter_site":"@radioljubuski","twitter_misc":{"Napisao\/la":"Radio Ljubu\u0161ki","Procijenjeno vrijeme \u010ditanja":"1 minuta"},"schema":{"@context":"https:\/\/schema.org","@graph":[{"@type":"Article","@id":"https:\/\/radioljubuski.ba\/index.php\/2022\/03\/10\/zovko-poziva-na-hitnu-misiju-unesco-a-u-i-oko-nagorno-karabaha\/#article","isPartOf":{"@id":"https:\/\/radioljubuski.ba\/index.php\/2022\/03\/10\/zovko-poziva-na-hitnu-misiju-unesco-a-u-i-oko-nagorno-karabaha\/"},"author":{"name":"Radio Ljubu\u0161ki","@id":"https:\/\/radioljubuski.ba\/#\/schema\/person\/19fc700381a780f69665d7956c469e3b"},"headline":"Zovko poziva na hitnu misiju UNESCO-a u i oko Nagorno-Karabaha","datePublished":"2022-03-10T22:53:37+00:00","dateModified":"2022-03-10T22:53:38+00:00","mainEntityOfPage":{"@id":"https:\/\/radioljubuski.ba\/index.php\/2022\/03\/10\/zovko-poziva-na-hitnu-misiju-unesco-a-u-i-oko-nagorno-karabaha\/"},"wordCount":258,"publisher":{"@id":"https:\/\/radioljubuski.ba\/#organization"},"image":{"@id":"https:\/\/radioljubuski.ba\/index.php\/2022\/03\/10\/zovko-poziva-na-hitnu-misiju-unesco-a-u-i-oko-nagorno-karabaha\/#primaryimage"},"thumbnailUrl":"https:\/\/radioljubuski.ba\/wp-content\/uploads\/2021\/06\/Zovko-plenarna-1068x712-1.jpg","articleSection":["BIH i regija"],"inLanguage":"hr"},{"@type":"WebPage","@id":"https:\/\/radioljubuski.ba\/index.php\/2022\/03\/10\/zovko-poziva-na-hitnu-misiju-unesco-a-u-i-oko-nagorno-karabaha\/","url":"https:\/\/radioljubuski.ba\/index.php\/2022\/03\/10\/zovko-poziva-na-hitnu-misiju-unesco-a-u-i-oko-nagorno-karabaha\/","name":"Zovko poziva na hitnu misiju UNESCO-a u i oko Nagorno-Karabaha - RADIO LJUBU\u0160KI","isPartOf":{"@id":"https:\/\/radioljubuski.ba\/#website"},"primaryImageOfPage":{"@id":"https:\/\/radioljubuski.ba\/index.php\/2022\/03\/10\/zovko-poziva-na-hitnu-misiju-unesco-a-u-i-oko-nagorno-karabaha\/#primaryimage"},"image":{"@id":"https:\/\/radioljubuski.ba\/index.php\/2022\/03\/10\/zovko-poziva-na-hitnu-misiju-unesco-a-u-i-oko-nagorno-karabaha\/#primaryimage"},"thumbnailUrl":"https:\/\/radioljubuski.ba\/wp-content\/uploads\/2021\/06\/Zovko-plenarna-1068x712-1.jpg","datePublished":"2022-03-10T22:53:37+00:00","dateModified":"2022-03-10T22:53:38+00:00","breadcrumb":{"@id":"https:\/\/radioljubuski.ba\/index.php\/2022\/03\/10\/zovko-poziva-na-hitnu-misiju-unesco-a-u-i-oko-nagorno-karabaha\/#breadcrumb"},"inLanguage":"hr","potentialAction":[{"@type":"ReadAction","target":["https:\/\/radioljubuski.ba\/index.php\/2022\/03\/10\/zovko-poziva-na-hitnu-misiju-unesco-a-u-i-oko-nagorno-karabaha\/"]}]},{"@type":"ImageObject","inLanguage":"hr","@id":"https:\/\/radioljubuski.ba\/index.php\/2022\/03\/10\/zovko-poziva-na-hitnu-misiju-unesco-a-u-i-oko-nagorno-karabaha\/#primaryimage","url":"https:\/\/radioljubuski.ba\/wp-content\/uploads\/2021\/06\/Zovko-plenarna-1068x712-1.jpg","contentUrl":"https:\/\/radioljubuski.ba\/wp-content\/uploads\/2021\/06\/Zovko-plenarna-1068x712-1.jpg","width":1068,"height":712,"caption":"EP Plenary session - 2019-2020 Reports on Montenegro"},{"@type":"BreadcrumbList","@id":"https:\/\/radioljubuski.ba\/index.php\/2022\/03\/10\/zovko-poziva-na-hitnu-misiju-unesco-a-u-i-oko-nagorno-karabaha\/#breadcrumb","itemListElement":[{"@type":"ListItem","position":1,"name":"Po\u010detna stranica","item":"https:\/\/radioljubuski.ba\/"},{"@type":"ListItem","position":2,"name":"Zovko poziva na hitnu misiju UNESCO-a u i oko Nagorno-Karabaha"}]},{"@type":"WebSite","@id":"https:\/\/radioljubuski.ba\/#website","url":"https:\/\/radioljubuski.ba\/","name":"Radio Ljubu\u0161ki","description":"Sun\u010dana frekvencija Hercegovine","publisher":{"@id":"https:\/\/radioljubuski.ba\/#organization"},"potentialAction":[{"@type":"SearchAction","target":{"@type":"EntryPoint","urlTemplate":"https:\/\/radioljubuski.ba\/?s={search_term_string}"},"query-input":{"@type":"PropertyValueSpecification","valueRequired":true,"valueName":"search_term_string"}}],"inLanguage":"hr"},{"@type":"Organization","@id":"https:\/\/radioljubuski.ba\/#organization","name":"Radio Ljubu\u0161ki","url":"https:\/\/radioljubuski.ba\/","logo":{"@type":"ImageObject","inLanguage":"hr","@id":"https:\/\/radioljubuski.ba\/#\/schema\/logo\/image\/","url":"https:\/\/radioljubuski.ba\/wp-content\/uploads\/2021\/02\/cropped-Radio_Ljubuski_logo1.jpg","contentUrl":"https:\/\/radioljubuski.ba\/wp-content\/uploads\/2021\/02\/cropped-Radio_Ljubuski_logo1.jpg","width":512,"height":512,"caption":"Radio Ljubu\u0161ki"},"image":{"@id":"https:\/\/radioljubuski.ba\/#\/schema\/logo\/image\/"},"sameAs":["https:\/\/www.facebook.com\/Radiio-Ljubuski-1490835324566332","https:\/\/x.com\/radioljubuski","https:\/\/hr.linkedin.com\/company\/radio-ljubuski","https:\/\/www.youtube.com\/channel\/UCHYaeO_n0Db3tjNGudGpXyw"]},{"@type":"Person","@id":"https:\/\/radioljubuski.ba\/#\/schema\/person\/19fc700381a780f69665d7956c469e3b","name":"Radio Ljubu\u0161ki"}]}},"_links":{"self":[{"href":"https:\/\/radioljubuski.ba\/index.php\/wp-json\/wp\/v2\/posts\/120133","targetHints":{"allow":["GET"]}}],"collection":[{"href":"https:\/\/radioljubuski.ba\/index.php\/wp-json\/wp\/v2\/posts"}],"about":[{"href":"https:\/\/radioljubuski.ba\/index.php\/wp-json\/wp\/v2\/types\/post"}],"author":[{"embeddable":true,"href":"https:\/\/radioljubuski.ba\/index.php\/wp-json\/wp\/v2\/users\/2"}],"replies":[{"embeddable":true,"href":"https:\/\/radioljubuski.ba\/index.php\/wp-json\/wp\/v2\/comments?post=120133"}],"version-history":[{"count":1,"href":"https:\/\/radioljubuski.ba\/index.php\/wp-json\/wp\/v2\/posts\/120133\/revisions"}],"predecessor-version":[{"id":120134,"href":"https:\/\/radioljubuski.ba\/index.php\/wp-json\/wp\/v2\/posts\/120133\/revisions\/120134"}],"wp:featuredmedia":[{"embeddable":true,"href":"https:\/\/radioljubuski.ba\/index.php\/wp-json\/wp\/v2\/media\/31176"}],"wp:attachment":[{"href":"https:\/\/radioljubuski.ba\/index.php\/wp-json\/wp\/v2\/media?parent=120133"}],"wp:term":[{"taxonomy":"category","embeddable":true,"href":"https:\/\/radioljubuski.ba\/index.php\/wp-json\/wp\/v2\/categories?post=120133"},{"taxonomy":"post_tag","embeddable":true,"href":"https:\/\/radioljubuski.ba\/index.php\/wp-json\/wp\/v2\/tags?post=120133"}],"curies":[{"name":"wp","href":"https:\/\/api.w.org\/{rel}","templated":true}]}}