{"id":120135,"date":"2022-03-10T23:55:05","date_gmt":"2022-03-10T22:55:05","guid":{"rendered":"https:\/\/radioljubuski.ba\/?p=120135"},"modified":"2022-03-10T23:55:06","modified_gmt":"2022-03-10T22:55:06","slug":"izaslanstvo-zo-hdz-bih-zsb-posjetilo-brodsko-posavsku-zupaniju-u-rh","status":"publish","type":"post","link":"https:\/\/radioljubuski.ba\/index.php\/2022\/03\/10\/izaslanstvo-zo-hdz-bih-zsb-posjetilo-brodsko-posavsku-zupaniju-u-rh\/","title":{"rendered":"Izaslanstvo \u017dO HDZ BiH \u017dSB posjetilo Brodsko-posavsku \u017eupaniju u RH"},"content":{"rendered":"\n<p>Izaslanstvo \u017dupanijskog odbora HDZ BiH \u017dupanije Sredi\u0161nja Bosna predvo\u0111eno predsjendikom \u017dO i zastupnikom u Saboru RH Radojom Vidovi\u0107em posjetilo je danas Brodsko-posavsku \u017eupaniju u Republici Hrvatskoj gdje se susrelo sa \u017eupanom Brodsko-posavske \u017eupanije Danijelom Maru\u0161i\u0107em.<\/p>\n\n\n\n<p>Tema posjete bila je prekograni\u010dna suradnje Hrvatska \u2013 Bosna i Hercegovina \u2013 Crna Gora. Sudionici su zaklju\u010dili da \u0107e se pobolj\u0161anjem i suradnjom u budu\u0107nosti ostvariti ve\u0107i broj prekograni\u010dnih projekta s ciljem boljeg polo\u017eaja Hrvata u Bosni i Hercegovini.<\/p>\n\n\n\n<p>Prekograni\u010dni projekti zami\u0161ljeni su kao instrumenti INTERREG-a, a poticat \u0107e suradnju izme\u0111u Hrvatske, Bosne i Hercegovine te Crne Gore s jedne strane te Hrvatske i Srbije s druge strane. Oba programa rje\u0161avat \u0107e zajedni\u010dke izazove te ukazati na mogu\u0107nost i potrebu za jo\u0161 boljom suradnjom u pojedinim podru\u010djima u budu\u0107nosti. I dalje \u0107e ti instrumenti pomo\u0107i javnim tijelima da steknu uvid u najbolju praksu i razviju vlastitu na kooperativan na\u010din, ali \u0107e tako\u0111er biti otvoreni za druge klju\u010dne dionike koji ja\u010daju svoje kapacitete i preuzimaju svoja znanja i vje\u0161tine.<\/p>\n\n\n\n<p>Misija tih Programa, osim daljnjeg ja\u010danja dru\u0161tvenog, gospodarskog i teritorijalnog razvoja prekograni\u010dnog podru\u010dja, je poticanje i potpora prekograni\u010dnoj suradnji kako bi podru\u010dje postalo otpornije na zajedni\u010dke izazove. Ti izazovi uklju\u010duju, izme\u0111u ostalog, procese ekonomske tranzicije, klimatske promjene i dugoro\u010dne socioekonomske posljedice pandemije COVID-19.<\/p>\n\n\n\n<p>Tako\u0111er, programi \u0107e pridonijeti i strate\u0161kom programskom cilju: Odr\u017eivi razvoj programskog podru\u010dja kroz pametne, zelene i dru\u0161tveno inovativne projekte.<\/p>\n\n\n\n<p>\u201eIzuzetna mi je \u010dast i sretan sam \u0161to je u gostima u Brodsko-posavskoj \u017eupaniji boravilo izaslanstvo \u017dupanije Sredi\u0161nja Bosna predvo\u0111eno predsjednikom \u017dO HDZ BIH \u017dSB i zastupnikom u Saboru RH Radojom Vidovi\u0107em te predsjedateljem Sabora \u017dupanije Sredi\u0161nja Bosna Josipom Kvasinom. Imali smo jedan aktivan sastanak s mogu\u0107no\u0161\u0107u suradnje Brodsko-posavske \u017eupanije i \u017dupanije Sredi\u0161nja Bosna. Bilo je puno razgovora upravo o mogu\u0107nosti suradnje na europskim projektima, o na\u010dinima pristupanju europskim projektima, o mogu\u0107nosti suradnje na\u0161ih institucija i sli\u010dnih institucija koje djeluju u kantonu Sredi\u0161nja Bosna i dogovorili smo daljnje sastanke u operativnim razinama, razmjeni iskustava i podataka. Vjerujem da \u0107e uslijediti budu\u0107a suradnja\u201c, istaknuo je na konferenciji za medije \u017eupan Danijel Maru\u0161i\u0107.<\/p>\n\n\n\n<p>\u201eZahvaljujem se gospodinu Maru\u0161i\u0107u i Brodsko-posavskoj \u017eupaniji \u0161to nas je primio. Mogli smo od njega i njegovih suradnika \u010duti sve ono \u0161to je Republika Hrvatska i Brodsko-posavska \u017eupanija pro\u0161la kada je Hrvatska prolazila fazu predpristupa u Europsku uniju i svo iskustvo nakon ulaska u Europsku uniju. Ta iskustava su nam jako bitna jer mi smo Zemlja kandidat, podnijeli smo aplikaciju za kandidaturu, ali jo\u0161 nismo stekli status kandidata. Ispred nas je dugi niz godina, dok ne postanemo punopravna \u010dlanica Europske unije, nadam se da to ne\u0107e dugo trajati. Puno nam zna\u010de iskustva i to \u0161to smo \u010duli od njih, ova budu\u0107a suradnja koju o\u010dekujemo nadam se da \u0107e nam puno koristiti.&#8221;<\/p>\n\n\n\n<p>&#8220;Zajedno s iskustvima koje Brodsko-posavska \u017eupanija i njihova Razvojna agencija ima, poku\u0161at \u0107emo na natje\u010daju za razdoblje 2021. &#8211; 2027. aplicirati na zajedni\u010dke projekte. \u010culi smo da \u0107e se natje\u010daj objaviti u rujnu ove godine. Prioriteti su projekti iz zdravstva i obrazovanja\u201c \u2013 kazao je predsjedatelj Sabora \u017dupanije Sredi\u0161nja Bosna Josip Kvasina.<\/p>\n\n\n\n<p>Uz Vidovi\u0107a i Kvasinu, u izaslanstvu \u017dO HDZ BiH \u017dSB bili su i Zdenka D\u017eambas, Marko Saraf i Ilija Naki\u0107, izaslanici u Domu naroda FBiH, Suzana Kri\u0161to, Antonija Mili\u010devi\u0107, Dajana Maros i Dra\u017een Mati\u0161i\u0107, zastupnici u Saboru \u017dSB, ministrica financija \u017dSB Mirjana Plav\u010di\u0107, ministar zdravstva i socijalne politike \u017dSB Anto Mati\u0107 te savjetnik ministra obrazovanja \u017dSB Ivan Sajevi\u0107.<\/p>\n\n\n\n<p>Izvor:pogled.ba<\/p>\n","protected":false},"excerpt":{"rendered":"<p>Izaslanstvo \u017dupanijskog odbora HDZ BiH \u017dupanije Sredi\u0161nja Bosna predvo\u0111eno predsjendikom \u017dO i zastupnikom u Saboru RH Radojom Vidovi\u0107em posjetilo je danas Brodsko-posavsku \u017eupaniju u Republici Hrvatskoj gdje se susrelo sa \u017eupanom Brodsko-posavske \u017eupanije Danijelom Maru\u0161i\u0107em. Tema posjete bila je prekograni\u010dna suradnje Hrvatska \u2013 Bosna i Hercegovina \u2013 Crna Gora. Sudionici su zaklju\u010dili da \u0107e se [&hellip;]<\/p>\n","protected":false},"author":2,"featured_media":120136,"comment_status":"closed","ping_status":"closed","sticky":false,"template":"","format":"standard","meta":{"h5ap_radio_sources":[],"footnotes":""},"categories":[1],"tags":[],"class_list":["post-120135","post","type-post","status-publish","format-standard","has-post-thumbnail","hentry","category-bihiregija"],"yoast_head":"<!-- This site is optimized with the Yoast SEO plugin v27.5 - https:\/\/yoast.com\/product\/yoast-seo-wordpress\/ -->\n<title>Izaslanstvo \u017dO HDZ BiH \u017dSB posjetilo Brodsko-posavsku \u017eupaniju u RH - RADIO LJUBU\u0160KI<\/title>\n<meta name=\"robots\" content=\"index, follow, max-snippet:-1, max-image-preview:large, max-video-preview:-1\" \/>\n<link rel=\"canonical\" href=\"https:\/\/radioljubuski.ba\/index.php\/2022\/03\/10\/izaslanstvo-zo-hdz-bih-zsb-posjetilo-brodsko-posavsku-zupaniju-u-rh\/\" \/>\n<meta property=\"og:locale\" content=\"hr_HR\" \/>\n<meta property=\"og:type\" content=\"article\" \/>\n<meta property=\"og:title\" content=\"Izaslanstvo \u017dO HDZ BiH \u017dSB posjetilo Brodsko-posavsku \u017eupaniju u RH - RADIO LJUBU\u0160KI\" \/>\n<meta property=\"og:description\" content=\"Izaslanstvo \u017dupanijskog odbora HDZ BiH \u017dupanije Sredi\u0161nja Bosna predvo\u0111eno predsjendikom \u017dO i zastupnikom u Saboru RH Radojom Vidovi\u0107em posjetilo je danas Brodsko-posavsku \u017eupaniju u Republici Hrvatskoj gdje se susrelo sa \u017eupanom Brodsko-posavske \u017eupanije Danijelom Maru\u0161i\u0107em. Tema posjete bila je prekograni\u010dna suradnje Hrvatska \u2013 Bosna i Hercegovina \u2013 Crna Gora. Sudionici su zaklju\u010dili da \u0107e se [&hellip;]\" \/>\n<meta property=\"og:url\" content=\"https:\/\/radioljubuski.ba\/index.php\/2022\/03\/10\/izaslanstvo-zo-hdz-bih-zsb-posjetilo-brodsko-posavsku-zupaniju-u-rh\/\" \/>\n<meta property=\"og:site_name\" content=\"RADIO LJUBU\u0160KI\" \/>\n<meta property=\"article:publisher\" content=\"https:\/\/www.facebook.com\/Radiio-Ljubuski-1490835324566332\" \/>\n<meta property=\"article:published_time\" content=\"2022-03-10T22:55:05+00:00\" \/>\n<meta property=\"article:modified_time\" content=\"2022-03-10T22:55:06+00:00\" \/>\n<meta property=\"og:image\" content=\"https:\/\/radioljubuski.ba\/wp-content\/uploads\/2022\/03\/8-2022-03-10-17-32-54-SREDISNJA-BOSNA.jpeg\" \/>\n\t<meta property=\"og:image:width\" content=\"1000\" \/>\n\t<meta property=\"og:image:height\" content=\"625\" \/>\n\t<meta property=\"og:image:type\" content=\"image\/jpeg\" \/>\n<meta name=\"author\" content=\"Radio Ljubu\u0161ki\" \/>\n<meta name=\"twitter:card\" content=\"summary_large_image\" \/>\n<meta name=\"twitter:creator\" content=\"@radioljubuski\" \/>\n<meta name=\"twitter:site\" content=\"@radioljubuski\" \/>\n<meta name=\"twitter:label1\" content=\"Napisao\/la\" \/>\n\t<meta name=\"twitter:data1\" content=\"Radio Ljubu\u0161ki\" \/>\n\t<meta name=\"twitter:label2\" content=\"Procijenjeno vrijeme \u010ditanja\" \/>\n\t<meta name=\"twitter:data2\" content=\"3 minute\" \/>\n<script type=\"application\/ld+json\" class=\"yoast-schema-graph\">{\"@context\":\"https:\\\/\\\/schema.org\",\"@graph\":[{\"@type\":\"Article\",\"@id\":\"https:\\\/\\\/radioljubuski.ba\\\/index.php\\\/2022\\\/03\\\/10\\\/izaslanstvo-zo-hdz-bih-zsb-posjetilo-brodsko-posavsku-zupaniju-u-rh\\\/#article\",\"isPartOf\":{\"@id\":\"https:\\\/\\\/radioljubuski.ba\\\/index.php\\\/2022\\\/03\\\/10\\\/izaslanstvo-zo-hdz-bih-zsb-posjetilo-brodsko-posavsku-zupaniju-u-rh\\\/\"},\"author\":{\"name\":\"Radio Ljubu\u0161ki\",\"@id\":\"https:\\\/\\\/radioljubuski.ba\\\/#\\\/schema\\\/person\\\/19fc700381a780f69665d7956c469e3b\"},\"headline\":\"Izaslanstvo \u017dO HDZ BiH \u017dSB posjetilo Brodsko-posavsku \u017eupaniju u RH\",\"datePublished\":\"2022-03-10T22:55:05+00:00\",\"dateModified\":\"2022-03-10T22:55:06+00:00\",\"mainEntityOfPage\":{\"@id\":\"https:\\\/\\\/radioljubuski.ba\\\/index.php\\\/2022\\\/03\\\/10\\\/izaslanstvo-zo-hdz-bih-zsb-posjetilo-brodsko-posavsku-zupaniju-u-rh\\\/\"},\"wordCount\":640,\"publisher\":{\"@id\":\"https:\\\/\\\/radioljubuski.ba\\\/#organization\"},\"image\":{\"@id\":\"https:\\\/\\\/radioljubuski.ba\\\/index.php\\\/2022\\\/03\\\/10\\\/izaslanstvo-zo-hdz-bih-zsb-posjetilo-brodsko-posavsku-zupaniju-u-rh\\\/#primaryimage\"},\"thumbnailUrl\":\"https:\\\/\\\/radioljubuski.ba\\\/wp-content\\\/uploads\\\/2022\\\/03\\\/8-2022-03-10-17-32-54-SREDISNJA-BOSNA.jpeg\",\"articleSection\":[\"BIH i regija\"],\"inLanguage\":\"hr\"},{\"@type\":\"WebPage\",\"@id\":\"https:\\\/\\\/radioljubuski.ba\\\/index.php\\\/2022\\\/03\\\/10\\\/izaslanstvo-zo-hdz-bih-zsb-posjetilo-brodsko-posavsku-zupaniju-u-rh\\\/\",\"url\":\"https:\\\/\\\/radioljubuski.ba\\\/index.php\\\/2022\\\/03\\\/10\\\/izaslanstvo-zo-hdz-bih-zsb-posjetilo-brodsko-posavsku-zupaniju-u-rh\\\/\",\"name\":\"Izaslanstvo \u017dO HDZ BiH \u017dSB posjetilo Brodsko-posavsku \u017eupaniju u RH - RADIO LJUBU\u0160KI\",\"isPartOf\":{\"@id\":\"https:\\\/\\\/radioljubuski.ba\\\/#website\"},\"primaryImageOfPage\":{\"@id\":\"https:\\\/\\\/radioljubuski.ba\\\/index.php\\\/2022\\\/03\\\/10\\\/izaslanstvo-zo-hdz-bih-zsb-posjetilo-brodsko-posavsku-zupaniju-u-rh\\\/#primaryimage\"},\"image\":{\"@id\":\"https:\\\/\\\/radioljubuski.ba\\\/index.php\\\/2022\\\/03\\\/10\\\/izaslanstvo-zo-hdz-bih-zsb-posjetilo-brodsko-posavsku-zupaniju-u-rh\\\/#primaryimage\"},\"thumbnailUrl\":\"https:\\\/\\\/radioljubuski.ba\\\/wp-content\\\/uploads\\\/2022\\\/03\\\/8-2022-03-10-17-32-54-SREDISNJA-BOSNA.jpeg\",\"datePublished\":\"2022-03-10T22:55:05+00:00\",\"dateModified\":\"2022-03-10T22:55:06+00:00\",\"breadcrumb\":{\"@id\":\"https:\\\/\\\/radioljubuski.ba\\\/index.php\\\/2022\\\/03\\\/10\\\/izaslanstvo-zo-hdz-bih-zsb-posjetilo-brodsko-posavsku-zupaniju-u-rh\\\/#breadcrumb\"},\"inLanguage\":\"hr\",\"potentialAction\":[{\"@type\":\"ReadAction\",\"target\":[\"https:\\\/\\\/radioljubuski.ba\\\/index.php\\\/2022\\\/03\\\/10\\\/izaslanstvo-zo-hdz-bih-zsb-posjetilo-brodsko-posavsku-zupaniju-u-rh\\\/\"]}]},{\"@type\":\"ImageObject\",\"inLanguage\":\"hr\",\"@id\":\"https:\\\/\\\/radioljubuski.ba\\\/index.php\\\/2022\\\/03\\\/10\\\/izaslanstvo-zo-hdz-bih-zsb-posjetilo-brodsko-posavsku-zupaniju-u-rh\\\/#primaryimage\",\"url\":\"https:\\\/\\\/radioljubuski.ba\\\/wp-content\\\/uploads\\\/2022\\\/03\\\/8-2022-03-10-17-32-54-SREDISNJA-BOSNA.jpeg\",\"contentUrl\":\"https:\\\/\\\/radioljubuski.ba\\\/wp-content\\\/uploads\\\/2022\\\/03\\\/8-2022-03-10-17-32-54-SREDISNJA-BOSNA.jpeg\",\"width\":1000,\"height\":625},{\"@type\":\"BreadcrumbList\",\"@id\":\"https:\\\/\\\/radioljubuski.ba\\\/index.php\\\/2022\\\/03\\\/10\\\/izaslanstvo-zo-hdz-bih-zsb-posjetilo-brodsko-posavsku-zupaniju-u-rh\\\/#breadcrumb\",\"itemListElement\":[{\"@type\":\"ListItem\",\"position\":1,\"name\":\"Po\u010detna stranica\",\"item\":\"https:\\\/\\\/radioljubuski.ba\\\/\"},{\"@type\":\"ListItem\",\"position\":2,\"name\":\"Izaslanstvo \u017dO HDZ BiH \u017dSB posjetilo Brodsko-posavsku \u017eupaniju u RH\"}]},{\"@type\":\"WebSite\",\"@id\":\"https:\\\/\\\/radioljubuski.ba\\\/#website\",\"url\":\"https:\\\/\\\/radioljubuski.ba\\\/\",\"name\":\"Radio Ljubu\u0161ki\",\"description\":\"Sun\u010dana frekvencija Hercegovine\",\"publisher\":{\"@id\":\"https:\\\/\\\/radioljubuski.ba\\\/#organization\"},\"potentialAction\":[{\"@type\":\"SearchAction\",\"target\":{\"@type\":\"EntryPoint\",\"urlTemplate\":\"https:\\\/\\\/radioljubuski.ba\\\/?s={search_term_string}\"},\"query-input\":{\"@type\":\"PropertyValueSpecification\",\"valueRequired\":true,\"valueName\":\"search_term_string\"}}],\"inLanguage\":\"hr\"},{\"@type\":\"Organization\",\"@id\":\"https:\\\/\\\/radioljubuski.ba\\\/#organization\",\"name\":\"Radio Ljubu\u0161ki\",\"url\":\"https:\\\/\\\/radioljubuski.ba\\\/\",\"logo\":{\"@type\":\"ImageObject\",\"inLanguage\":\"hr\",\"@id\":\"https:\\\/\\\/radioljubuski.ba\\\/#\\\/schema\\\/logo\\\/image\\\/\",\"url\":\"https:\\\/\\\/radioljubuski.ba\\\/wp-content\\\/uploads\\\/2021\\\/02\\\/cropped-Radio_Ljubuski_logo1.jpg\",\"contentUrl\":\"https:\\\/\\\/radioljubuski.ba\\\/wp-content\\\/uploads\\\/2021\\\/02\\\/cropped-Radio_Ljubuski_logo1.jpg\",\"width\":512,\"height\":512,\"caption\":\"Radio Ljubu\u0161ki\"},\"image\":{\"@id\":\"https:\\\/\\\/radioljubuski.ba\\\/#\\\/schema\\\/logo\\\/image\\\/\"},\"sameAs\":[\"https:\\\/\\\/www.facebook.com\\\/Radiio-Ljubuski-1490835324566332\",\"https:\\\/\\\/x.com\\\/radioljubuski\",\"https:\\\/\\\/hr.linkedin.com\\\/company\\\/radio-ljubuski\",\"https:\\\/\\\/www.youtube.com\\\/channel\\\/UCHYaeO_n0Db3tjNGudGpXyw\"]},{\"@type\":\"Person\",\"@id\":\"https:\\\/\\\/radioljubuski.ba\\\/#\\\/schema\\\/person\\\/19fc700381a780f69665d7956c469e3b\",\"name\":\"Radio Ljubu\u0161ki\"}]}<\/script>\n<!-- \/ Yoast SEO plugin. -->","yoast_head_json":{"title":"Izaslanstvo \u017dO HDZ BiH \u017dSB posjetilo Brodsko-posavsku \u017eupaniju u RH - RADIO LJUBU\u0160KI","robots":{"index":"index","follow":"follow","max-snippet":"max-snippet:-1","max-image-preview":"max-image-preview:large","max-video-preview":"max-video-preview:-1"},"canonical":"https:\/\/radioljubuski.ba\/index.php\/2022\/03\/10\/izaslanstvo-zo-hdz-bih-zsb-posjetilo-brodsko-posavsku-zupaniju-u-rh\/","og_locale":"hr_HR","og_type":"article","og_title":"Izaslanstvo \u017dO HDZ BiH \u017dSB posjetilo Brodsko-posavsku \u017eupaniju u RH - RADIO LJUBU\u0160KI","og_description":"Izaslanstvo \u017dupanijskog odbora HDZ BiH \u017dupanije Sredi\u0161nja Bosna predvo\u0111eno predsjendikom \u017dO i zastupnikom u Saboru RH Radojom Vidovi\u0107em posjetilo je danas Brodsko-posavsku \u017eupaniju u Republici Hrvatskoj gdje se susrelo sa \u017eupanom Brodsko-posavske \u017eupanije Danijelom Maru\u0161i\u0107em. Tema posjete bila je prekograni\u010dna suradnje Hrvatska \u2013 Bosna i Hercegovina \u2013 Crna Gora. Sudionici su zaklju\u010dili da \u0107e se [&hellip;]","og_url":"https:\/\/radioljubuski.ba\/index.php\/2022\/03\/10\/izaslanstvo-zo-hdz-bih-zsb-posjetilo-brodsko-posavsku-zupaniju-u-rh\/","og_site_name":"RADIO LJUBU\u0160KI","article_publisher":"https:\/\/www.facebook.com\/Radiio-Ljubuski-1490835324566332","article_published_time":"2022-03-10T22:55:05+00:00","article_modified_time":"2022-03-10T22:55:06+00:00","og_image":[{"width":1000,"height":625,"url":"https:\/\/radioljubuski.ba\/wp-content\/uploads\/2022\/03\/8-2022-03-10-17-32-54-SREDISNJA-BOSNA.jpeg","type":"image\/jpeg"}],"author":"Radio Ljubu\u0161ki","twitter_card":"summary_large_image","twitter_creator":"@radioljubuski","twitter_site":"@radioljubuski","twitter_misc":{"Napisao\/la":"Radio Ljubu\u0161ki","Procijenjeno vrijeme \u010ditanja":"3 minute"},"schema":{"@context":"https:\/\/schema.org","@graph":[{"@type":"Article","@id":"https:\/\/radioljubuski.ba\/index.php\/2022\/03\/10\/izaslanstvo-zo-hdz-bih-zsb-posjetilo-brodsko-posavsku-zupaniju-u-rh\/#article","isPartOf":{"@id":"https:\/\/radioljubuski.ba\/index.php\/2022\/03\/10\/izaslanstvo-zo-hdz-bih-zsb-posjetilo-brodsko-posavsku-zupaniju-u-rh\/"},"author":{"name":"Radio Ljubu\u0161ki","@id":"https:\/\/radioljubuski.ba\/#\/schema\/person\/19fc700381a780f69665d7956c469e3b"},"headline":"Izaslanstvo \u017dO HDZ BiH \u017dSB posjetilo Brodsko-posavsku \u017eupaniju u RH","datePublished":"2022-03-10T22:55:05+00:00","dateModified":"2022-03-10T22:55:06+00:00","mainEntityOfPage":{"@id":"https:\/\/radioljubuski.ba\/index.php\/2022\/03\/10\/izaslanstvo-zo-hdz-bih-zsb-posjetilo-brodsko-posavsku-zupaniju-u-rh\/"},"wordCount":640,"publisher":{"@id":"https:\/\/radioljubuski.ba\/#organization"},"image":{"@id":"https:\/\/radioljubuski.ba\/index.php\/2022\/03\/10\/izaslanstvo-zo-hdz-bih-zsb-posjetilo-brodsko-posavsku-zupaniju-u-rh\/#primaryimage"},"thumbnailUrl":"https:\/\/radioljubuski.ba\/wp-content\/uploads\/2022\/03\/8-2022-03-10-17-32-54-SREDISNJA-BOSNA.jpeg","articleSection":["BIH i regija"],"inLanguage":"hr"},{"@type":"WebPage","@id":"https:\/\/radioljubuski.ba\/index.php\/2022\/03\/10\/izaslanstvo-zo-hdz-bih-zsb-posjetilo-brodsko-posavsku-zupaniju-u-rh\/","url":"https:\/\/radioljubuski.ba\/index.php\/2022\/03\/10\/izaslanstvo-zo-hdz-bih-zsb-posjetilo-brodsko-posavsku-zupaniju-u-rh\/","name":"Izaslanstvo \u017dO HDZ BiH \u017dSB posjetilo Brodsko-posavsku \u017eupaniju u RH - RADIO LJUBU\u0160KI","isPartOf":{"@id":"https:\/\/radioljubuski.ba\/#website"},"primaryImageOfPage":{"@id":"https:\/\/radioljubuski.ba\/index.php\/2022\/03\/10\/izaslanstvo-zo-hdz-bih-zsb-posjetilo-brodsko-posavsku-zupaniju-u-rh\/#primaryimage"},"image":{"@id":"https:\/\/radioljubuski.ba\/index.php\/2022\/03\/10\/izaslanstvo-zo-hdz-bih-zsb-posjetilo-brodsko-posavsku-zupaniju-u-rh\/#primaryimage"},"thumbnailUrl":"https:\/\/radioljubuski.ba\/wp-content\/uploads\/2022\/03\/8-2022-03-10-17-32-54-SREDISNJA-BOSNA.jpeg","datePublished":"2022-03-10T22:55:05+00:00","dateModified":"2022-03-10T22:55:06+00:00","breadcrumb":{"@id":"https:\/\/radioljubuski.ba\/index.php\/2022\/03\/10\/izaslanstvo-zo-hdz-bih-zsb-posjetilo-brodsko-posavsku-zupaniju-u-rh\/#breadcrumb"},"inLanguage":"hr","potentialAction":[{"@type":"ReadAction","target":["https:\/\/radioljubuski.ba\/index.php\/2022\/03\/10\/izaslanstvo-zo-hdz-bih-zsb-posjetilo-brodsko-posavsku-zupaniju-u-rh\/"]}]},{"@type":"ImageObject","inLanguage":"hr","@id":"https:\/\/radioljubuski.ba\/index.php\/2022\/03\/10\/izaslanstvo-zo-hdz-bih-zsb-posjetilo-brodsko-posavsku-zupaniju-u-rh\/#primaryimage","url":"https:\/\/radioljubuski.ba\/wp-content\/uploads\/2022\/03\/8-2022-03-10-17-32-54-SREDISNJA-BOSNA.jpeg","contentUrl":"https:\/\/radioljubuski.ba\/wp-content\/uploads\/2022\/03\/8-2022-03-10-17-32-54-SREDISNJA-BOSNA.jpeg","width":1000,"height":625},{"@type":"BreadcrumbList","@id":"https:\/\/radioljubuski.ba\/index.php\/2022\/03\/10\/izaslanstvo-zo-hdz-bih-zsb-posjetilo-brodsko-posavsku-zupaniju-u-rh\/#breadcrumb","itemListElement":[{"@type":"ListItem","position":1,"name":"Po\u010detna stranica","item":"https:\/\/radioljubuski.ba\/"},{"@type":"ListItem","position":2,"name":"Izaslanstvo \u017dO HDZ BiH \u017dSB posjetilo Brodsko-posavsku \u017eupaniju u RH"}]},{"@type":"WebSite","@id":"https:\/\/radioljubuski.ba\/#website","url":"https:\/\/radioljubuski.ba\/","name":"Radio Ljubu\u0161ki","description":"Sun\u010dana frekvencija Hercegovine","publisher":{"@id":"https:\/\/radioljubuski.ba\/#organization"},"potentialAction":[{"@type":"SearchAction","target":{"@type":"EntryPoint","urlTemplate":"https:\/\/radioljubuski.ba\/?s={search_term_string}"},"query-input":{"@type":"PropertyValueSpecification","valueRequired":true,"valueName":"search_term_string"}}],"inLanguage":"hr"},{"@type":"Organization","@id":"https:\/\/radioljubuski.ba\/#organization","name":"Radio Ljubu\u0161ki","url":"https:\/\/radioljubuski.ba\/","logo":{"@type":"ImageObject","inLanguage":"hr","@id":"https:\/\/radioljubuski.ba\/#\/schema\/logo\/image\/","url":"https:\/\/radioljubuski.ba\/wp-content\/uploads\/2021\/02\/cropped-Radio_Ljubuski_logo1.jpg","contentUrl":"https:\/\/radioljubuski.ba\/wp-content\/uploads\/2021\/02\/cropped-Radio_Ljubuski_logo1.jpg","width":512,"height":512,"caption":"Radio Ljubu\u0161ki"},"image":{"@id":"https:\/\/radioljubuski.ba\/#\/schema\/logo\/image\/"},"sameAs":["https:\/\/www.facebook.com\/Radiio-Ljubuski-1490835324566332","https:\/\/x.com\/radioljubuski","https:\/\/hr.linkedin.com\/company\/radio-ljubuski","https:\/\/www.youtube.com\/channel\/UCHYaeO_n0Db3tjNGudGpXyw"]},{"@type":"Person","@id":"https:\/\/radioljubuski.ba\/#\/schema\/person\/19fc700381a780f69665d7956c469e3b","name":"Radio Ljubu\u0161ki"}]}},"_links":{"self":[{"href":"https:\/\/radioljubuski.ba\/index.php\/wp-json\/wp\/v2\/posts\/120135","targetHints":{"allow":["GET"]}}],"collection":[{"href":"https:\/\/radioljubuski.ba\/index.php\/wp-json\/wp\/v2\/posts"}],"about":[{"href":"https:\/\/radioljubuski.ba\/index.php\/wp-json\/wp\/v2\/types\/post"}],"author":[{"embeddable":true,"href":"https:\/\/radioljubuski.ba\/index.php\/wp-json\/wp\/v2\/users\/2"}],"replies":[{"embeddable":true,"href":"https:\/\/radioljubuski.ba\/index.php\/wp-json\/wp\/v2\/comments?post=120135"}],"version-history":[{"count":1,"href":"https:\/\/radioljubuski.ba\/index.php\/wp-json\/wp\/v2\/posts\/120135\/revisions"}],"predecessor-version":[{"id":120137,"href":"https:\/\/radioljubuski.ba\/index.php\/wp-json\/wp\/v2\/posts\/120135\/revisions\/120137"}],"wp:featuredmedia":[{"embeddable":true,"href":"https:\/\/radioljubuski.ba\/index.php\/wp-json\/wp\/v2\/media\/120136"}],"wp:attachment":[{"href":"https:\/\/radioljubuski.ba\/index.php\/wp-json\/wp\/v2\/media?parent=120135"}],"wp:term":[{"taxonomy":"category","embeddable":true,"href":"https:\/\/radioljubuski.ba\/index.php\/wp-json\/wp\/v2\/categories?post=120135"},{"taxonomy":"post_tag","embeddable":true,"href":"https:\/\/radioljubuski.ba\/index.php\/wp-json\/wp\/v2\/tags?post=120135"}],"curies":[{"name":"wp","href":"https:\/\/api.w.org\/{rel}","templated":true}]}}