{"id":120138,"date":"2022-03-10T23:56:08","date_gmt":"2022-03-10T22:56:08","guid":{"rendered":"https:\/\/radioljubuski.ba\/?p=120138"},"modified":"2022-03-10T23:56:08","modified_gmt":"2022-03-10T22:56:08","slug":"crveni-kriz-citluk-dobio-znacajnu-podrsku-u-pruzanju-pomoci-izbjeglicama-iz-ukrajine","status":"publish","type":"post","link":"https:\/\/radioljubuski.ba\/index.php\/2022\/03\/10\/crveni-kriz-citluk-dobio-znacajnu-podrsku-u-pruzanju-pomoci-izbjeglicama-iz-ukrajine\/","title":{"rendered":"Crveni kri\u017e \u010citluk dobio zna\u010dajnu podr\u0161ku u pru\u017eanju pomo\u0107i izbjeglicama iz Ukrajine"},"content":{"rendered":"\n<p>&nbsp;Volonteri i profesionalci Crvenog kri\u017ea neumorno rade na terenu od prvog dolaska izbjeglica iz Ukrajine u Me\u0111ugorje, a kako bi \u0161to efikasnije odgovorio situaciji na terenu, Crvenom kri\u017eu \u010citluk danas je na kori\u0161tenje uru\u010den automobil.<\/p>\n\n\n\n<p>Tijekom dana\u0161njeg posjeta, glavni tajnik Crvenog kri\u017ea Federacije BiH Namik Hod\u017ei\u0107 uru\u010dio je klju\u010deve automobila tajniku Crvenog kri\u017ea \u010citluk Andriji Stoji\u0107u, a u skladu s potrebama iskazanim u ranijim razgovorima, Crvenom kri\u017eu \u010citluk tako\u0111er su uru\u010deni laptop i odre\u0111ena koli\u010dina lijekova, stoji u priop\u0107enju Op\u0107ine \u010citluk.<\/p>\n\n\n\n<p>Glavni tajnik Crvenog kri\u017ea FBiH i tajnik Crvenog kri\u017ea op\u0107ine \u010citluk ovom su prigodom odr\u017eali sastanke s na\u010delnikom Op\u0107ine \u010citluk Marinom Radi\u0161i\u0107em i predstavnicima &#8220;Balkansko-ameri\u010dke alijanse\u201c.<\/p>\n\n\n\n<p>Zbog rata u Ukrajini velik broj izbjeglica napustio je tu dr\u017eavu, a jedan broj njih je uto\u010di\u0161te prona\u0161ao u Me\u0111ugorju. Prema podacima Crvenog kri\u017ea op\u0107ine \u010citluk, u tom gradi\u0107i trenutno je privremeni dom prona\u0161lo 138 Ukrajinaca.<\/p>\n\n\n\n<p>Tajnik \u010ditlu\u010dkog Crvenog kri\u017ea je u razgovoru za Fenu kazao da se ovih dana o\u010dekuje dolazak barem jo\u0161 tri autobusa s oko 200 izbjeglica iz Ukrajine.<\/p>\n\n\n\n<p>Izvor:pogled.ba<\/p>\n","protected":false},"excerpt":{"rendered":"<p>&nbsp;Volonteri i profesionalci Crvenog kri\u017ea neumorno rade na terenu od prvog dolaska izbjeglica iz Ukrajine u Me\u0111ugorje, a kako bi \u0161to efikasnije odgovorio situaciji na terenu, Crvenom kri\u017eu \u010citluk danas je na kori\u0161tenje uru\u010den automobil. Tijekom dana\u0161njeg posjeta, glavni tajnik Crvenog kri\u017ea Federacije BiH Namik Hod\u017ei\u0107 uru\u010dio je klju\u010deve automobila tajniku Crvenog kri\u017ea \u010citluk Andriji [&hellip;]<\/p>\n","protected":false},"author":2,"featured_media":120139,"comment_status":"closed","ping_status":"closed","sticky":false,"template":"","format":"standard","meta":{"h5ap_radio_sources":[],"footnotes":""},"categories":[1],"tags":[],"class_list":["post-120138","post","type-post","status-publish","format-standard","has-post-thumbnail","hentry","category-bihiregija"],"yoast_head":"<!-- This site is optimized with the Yoast SEO plugin v27.5 - https:\/\/yoast.com\/product\/yoast-seo-wordpress\/ -->\n<title>Crveni kri\u017e \u010citluk dobio zna\u010dajnu podr\u0161ku u pru\u017eanju pomo\u0107i izbjeglicama iz Ukrajine - RADIO LJUBU\u0160KI<\/title>\n<meta name=\"robots\" content=\"index, follow, max-snippet:-1, max-image-preview:large, max-video-preview:-1\" \/>\n<link rel=\"canonical\" href=\"https:\/\/radioljubuski.ba\/index.php\/2022\/03\/10\/crveni-kriz-citluk-dobio-znacajnu-podrsku-u-pruzanju-pomoci-izbjeglicama-iz-ukrajine\/\" \/>\n<meta property=\"og:locale\" content=\"hr_HR\" \/>\n<meta property=\"og:type\" content=\"article\" \/>\n<meta property=\"og:title\" content=\"Crveni kri\u017e \u010citluk dobio zna\u010dajnu podr\u0161ku u pru\u017eanju pomo\u0107i izbjeglicama iz Ukrajine - RADIO LJUBU\u0160KI\" \/>\n<meta property=\"og:description\" content=\"&nbsp;Volonteri i profesionalci Crvenog kri\u017ea neumorno rade na terenu od prvog dolaska izbjeglica iz Ukrajine u Me\u0111ugorje, a kako bi \u0161to efikasnije odgovorio situaciji na terenu, Crvenom kri\u017eu \u010citluk danas je na kori\u0161tenje uru\u010den automobil. Tijekom dana\u0161njeg posjeta, glavni tajnik Crvenog kri\u017ea Federacije BiH Namik Hod\u017ei\u0107 uru\u010dio je klju\u010deve automobila tajniku Crvenog kri\u017ea \u010citluk Andriji [&hellip;]\" \/>\n<meta property=\"og:url\" content=\"https:\/\/radioljubuski.ba\/index.php\/2022\/03\/10\/crveni-kriz-citluk-dobio-znacajnu-podrsku-u-pruzanju-pomoci-izbjeglicama-iz-ukrajine\/\" \/>\n<meta property=\"og:site_name\" content=\"RADIO LJUBU\u0160KI\" \/>\n<meta property=\"article:publisher\" content=\"https:\/\/www.facebook.com\/Radiio-Ljubuski-1490835324566332\" \/>\n<meta property=\"article:published_time\" content=\"2022-03-10T22:56:08+00:00\" \/>\n<meta property=\"og:image\" content=\"https:\/\/radioljubuski.ba\/wp-content\/uploads\/2022\/03\/8-2022-03-10-17-46-52-CRVENI-KRIZ-CITLUK.jpg\" \/>\n\t<meta property=\"og:image:width\" content=\"1000\" \/>\n\t<meta property=\"og:image:height\" content=\"625\" \/>\n\t<meta property=\"og:image:type\" content=\"image\/jpeg\" \/>\n<meta name=\"author\" content=\"Radio Ljubu\u0161ki\" \/>\n<meta name=\"twitter:card\" content=\"summary_large_image\" \/>\n<meta name=\"twitter:creator\" content=\"@radioljubuski\" \/>\n<meta name=\"twitter:site\" content=\"@radioljubuski\" \/>\n<meta name=\"twitter:label1\" content=\"Napisao\/la\" \/>\n\t<meta name=\"twitter:data1\" content=\"Radio Ljubu\u0161ki\" \/>\n\t<meta name=\"twitter:label2\" content=\"Procijenjeno vrijeme \u010ditanja\" \/>\n\t<meta name=\"twitter:data2\" content=\"1 minuta\" \/>\n<script type=\"application\/ld+json\" class=\"yoast-schema-graph\">{\"@context\":\"https:\\\/\\\/schema.org\",\"@graph\":[{\"@type\":\"Article\",\"@id\":\"https:\\\/\\\/radioljubuski.ba\\\/index.php\\\/2022\\\/03\\\/10\\\/crveni-kriz-citluk-dobio-znacajnu-podrsku-u-pruzanju-pomoci-izbjeglicama-iz-ukrajine\\\/#article\",\"isPartOf\":{\"@id\":\"https:\\\/\\\/radioljubuski.ba\\\/index.php\\\/2022\\\/03\\\/10\\\/crveni-kriz-citluk-dobio-znacajnu-podrsku-u-pruzanju-pomoci-izbjeglicama-iz-ukrajine\\\/\"},\"author\":{\"name\":\"Radio Ljubu\u0161ki\",\"@id\":\"https:\\\/\\\/radioljubuski.ba\\\/#\\\/schema\\\/person\\\/19fc700381a780f69665d7956c469e3b\"},\"headline\":\"Crveni kri\u017e \u010citluk dobio zna\u010dajnu podr\u0161ku u pru\u017eanju pomo\u0107i izbjeglicama iz Ukrajine\",\"datePublished\":\"2022-03-10T22:56:08+00:00\",\"mainEntityOfPage\":{\"@id\":\"https:\\\/\\\/radioljubuski.ba\\\/index.php\\\/2022\\\/03\\\/10\\\/crveni-kriz-citluk-dobio-znacajnu-podrsku-u-pruzanju-pomoci-izbjeglicama-iz-ukrajine\\\/\"},\"wordCount\":227,\"publisher\":{\"@id\":\"https:\\\/\\\/radioljubuski.ba\\\/#organization\"},\"image\":{\"@id\":\"https:\\\/\\\/radioljubuski.ba\\\/index.php\\\/2022\\\/03\\\/10\\\/crveni-kriz-citluk-dobio-znacajnu-podrsku-u-pruzanju-pomoci-izbjeglicama-iz-ukrajine\\\/#primaryimage\"},\"thumbnailUrl\":\"https:\\\/\\\/radioljubuski.ba\\\/wp-content\\\/uploads\\\/2022\\\/03\\\/8-2022-03-10-17-46-52-CRVENI-KRIZ-CITLUK.jpg\",\"articleSection\":[\"BIH i regija\"],\"inLanguage\":\"hr\"},{\"@type\":\"WebPage\",\"@id\":\"https:\\\/\\\/radioljubuski.ba\\\/index.php\\\/2022\\\/03\\\/10\\\/crveni-kriz-citluk-dobio-znacajnu-podrsku-u-pruzanju-pomoci-izbjeglicama-iz-ukrajine\\\/\",\"url\":\"https:\\\/\\\/radioljubuski.ba\\\/index.php\\\/2022\\\/03\\\/10\\\/crveni-kriz-citluk-dobio-znacajnu-podrsku-u-pruzanju-pomoci-izbjeglicama-iz-ukrajine\\\/\",\"name\":\"Crveni kri\u017e \u010citluk dobio zna\u010dajnu podr\u0161ku u pru\u017eanju pomo\u0107i izbjeglicama iz Ukrajine - RADIO LJUBU\u0160KI\",\"isPartOf\":{\"@id\":\"https:\\\/\\\/radioljubuski.ba\\\/#website\"},\"primaryImageOfPage\":{\"@id\":\"https:\\\/\\\/radioljubuski.ba\\\/index.php\\\/2022\\\/03\\\/10\\\/crveni-kriz-citluk-dobio-znacajnu-podrsku-u-pruzanju-pomoci-izbjeglicama-iz-ukrajine\\\/#primaryimage\"},\"image\":{\"@id\":\"https:\\\/\\\/radioljubuski.ba\\\/index.php\\\/2022\\\/03\\\/10\\\/crveni-kriz-citluk-dobio-znacajnu-podrsku-u-pruzanju-pomoci-izbjeglicama-iz-ukrajine\\\/#primaryimage\"},\"thumbnailUrl\":\"https:\\\/\\\/radioljubuski.ba\\\/wp-content\\\/uploads\\\/2022\\\/03\\\/8-2022-03-10-17-46-52-CRVENI-KRIZ-CITLUK.jpg\",\"datePublished\":\"2022-03-10T22:56:08+00:00\",\"breadcrumb\":{\"@id\":\"https:\\\/\\\/radioljubuski.ba\\\/index.php\\\/2022\\\/03\\\/10\\\/crveni-kriz-citluk-dobio-znacajnu-podrsku-u-pruzanju-pomoci-izbjeglicama-iz-ukrajine\\\/#breadcrumb\"},\"inLanguage\":\"hr\",\"potentialAction\":[{\"@type\":\"ReadAction\",\"target\":[\"https:\\\/\\\/radioljubuski.ba\\\/index.php\\\/2022\\\/03\\\/10\\\/crveni-kriz-citluk-dobio-znacajnu-podrsku-u-pruzanju-pomoci-izbjeglicama-iz-ukrajine\\\/\"]}]},{\"@type\":\"ImageObject\",\"inLanguage\":\"hr\",\"@id\":\"https:\\\/\\\/radioljubuski.ba\\\/index.php\\\/2022\\\/03\\\/10\\\/crveni-kriz-citluk-dobio-znacajnu-podrsku-u-pruzanju-pomoci-izbjeglicama-iz-ukrajine\\\/#primaryimage\",\"url\":\"https:\\\/\\\/radioljubuski.ba\\\/wp-content\\\/uploads\\\/2022\\\/03\\\/8-2022-03-10-17-46-52-CRVENI-KRIZ-CITLUK.jpg\",\"contentUrl\":\"https:\\\/\\\/radioljubuski.ba\\\/wp-content\\\/uploads\\\/2022\\\/03\\\/8-2022-03-10-17-46-52-CRVENI-KRIZ-CITLUK.jpg\",\"width\":1000,\"height\":625},{\"@type\":\"BreadcrumbList\",\"@id\":\"https:\\\/\\\/radioljubuski.ba\\\/index.php\\\/2022\\\/03\\\/10\\\/crveni-kriz-citluk-dobio-znacajnu-podrsku-u-pruzanju-pomoci-izbjeglicama-iz-ukrajine\\\/#breadcrumb\",\"itemListElement\":[{\"@type\":\"ListItem\",\"position\":1,\"name\":\"Po\u010detna stranica\",\"item\":\"https:\\\/\\\/radioljubuski.ba\\\/\"},{\"@type\":\"ListItem\",\"position\":2,\"name\":\"Crveni kri\u017e \u010citluk dobio zna\u010dajnu podr\u0161ku u pru\u017eanju pomo\u0107i izbjeglicama iz Ukrajine\"}]},{\"@type\":\"WebSite\",\"@id\":\"https:\\\/\\\/radioljubuski.ba\\\/#website\",\"url\":\"https:\\\/\\\/radioljubuski.ba\\\/\",\"name\":\"Radio Ljubu\u0161ki\",\"description\":\"Sun\u010dana frekvencija Hercegovine\",\"publisher\":{\"@id\":\"https:\\\/\\\/radioljubuski.ba\\\/#organization\"},\"potentialAction\":[{\"@type\":\"SearchAction\",\"target\":{\"@type\":\"EntryPoint\",\"urlTemplate\":\"https:\\\/\\\/radioljubuski.ba\\\/?s={search_term_string}\"},\"query-input\":{\"@type\":\"PropertyValueSpecification\",\"valueRequired\":true,\"valueName\":\"search_term_string\"}}],\"inLanguage\":\"hr\"},{\"@type\":\"Organization\",\"@id\":\"https:\\\/\\\/radioljubuski.ba\\\/#organization\",\"name\":\"Radio Ljubu\u0161ki\",\"url\":\"https:\\\/\\\/radioljubuski.ba\\\/\",\"logo\":{\"@type\":\"ImageObject\",\"inLanguage\":\"hr\",\"@id\":\"https:\\\/\\\/radioljubuski.ba\\\/#\\\/schema\\\/logo\\\/image\\\/\",\"url\":\"https:\\\/\\\/radioljubuski.ba\\\/wp-content\\\/uploads\\\/2021\\\/02\\\/cropped-Radio_Ljubuski_logo1.jpg\",\"contentUrl\":\"https:\\\/\\\/radioljubuski.ba\\\/wp-content\\\/uploads\\\/2021\\\/02\\\/cropped-Radio_Ljubuski_logo1.jpg\",\"width\":512,\"height\":512,\"caption\":\"Radio Ljubu\u0161ki\"},\"image\":{\"@id\":\"https:\\\/\\\/radioljubuski.ba\\\/#\\\/schema\\\/logo\\\/image\\\/\"},\"sameAs\":[\"https:\\\/\\\/www.facebook.com\\\/Radiio-Ljubuski-1490835324566332\",\"https:\\\/\\\/x.com\\\/radioljubuski\",\"https:\\\/\\\/hr.linkedin.com\\\/company\\\/radio-ljubuski\",\"https:\\\/\\\/www.youtube.com\\\/channel\\\/UCHYaeO_n0Db3tjNGudGpXyw\"]},{\"@type\":\"Person\",\"@id\":\"https:\\\/\\\/radioljubuski.ba\\\/#\\\/schema\\\/person\\\/19fc700381a780f69665d7956c469e3b\",\"name\":\"Radio Ljubu\u0161ki\"}]}<\/script>\n<!-- \/ Yoast SEO plugin. -->","yoast_head_json":{"title":"Crveni kri\u017e \u010citluk dobio zna\u010dajnu podr\u0161ku u pru\u017eanju pomo\u0107i izbjeglicama iz Ukrajine - RADIO LJUBU\u0160KI","robots":{"index":"index","follow":"follow","max-snippet":"max-snippet:-1","max-image-preview":"max-image-preview:large","max-video-preview":"max-video-preview:-1"},"canonical":"https:\/\/radioljubuski.ba\/index.php\/2022\/03\/10\/crveni-kriz-citluk-dobio-znacajnu-podrsku-u-pruzanju-pomoci-izbjeglicama-iz-ukrajine\/","og_locale":"hr_HR","og_type":"article","og_title":"Crveni kri\u017e \u010citluk dobio zna\u010dajnu podr\u0161ku u pru\u017eanju pomo\u0107i izbjeglicama iz Ukrajine - RADIO LJUBU\u0160KI","og_description":"&nbsp;Volonteri i profesionalci Crvenog kri\u017ea neumorno rade na terenu od prvog dolaska izbjeglica iz Ukrajine u Me\u0111ugorje, a kako bi \u0161to efikasnije odgovorio situaciji na terenu, Crvenom kri\u017eu \u010citluk danas je na kori\u0161tenje uru\u010den automobil. Tijekom dana\u0161njeg posjeta, glavni tajnik Crvenog kri\u017ea Federacije BiH Namik Hod\u017ei\u0107 uru\u010dio je klju\u010deve automobila tajniku Crvenog kri\u017ea \u010citluk Andriji [&hellip;]","og_url":"https:\/\/radioljubuski.ba\/index.php\/2022\/03\/10\/crveni-kriz-citluk-dobio-znacajnu-podrsku-u-pruzanju-pomoci-izbjeglicama-iz-ukrajine\/","og_site_name":"RADIO LJUBU\u0160KI","article_publisher":"https:\/\/www.facebook.com\/Radiio-Ljubuski-1490835324566332","article_published_time":"2022-03-10T22:56:08+00:00","og_image":[{"width":1000,"height":625,"url":"https:\/\/radioljubuski.ba\/wp-content\/uploads\/2022\/03\/8-2022-03-10-17-46-52-CRVENI-KRIZ-CITLUK.jpg","type":"image\/jpeg"}],"author":"Radio Ljubu\u0161ki","twitter_card":"summary_large_image","twitter_creator":"@radioljubuski","twitter_site":"@radioljubuski","twitter_misc":{"Napisao\/la":"Radio Ljubu\u0161ki","Procijenjeno vrijeme \u010ditanja":"1 minuta"},"schema":{"@context":"https:\/\/schema.org","@graph":[{"@type":"Article","@id":"https:\/\/radioljubuski.ba\/index.php\/2022\/03\/10\/crveni-kriz-citluk-dobio-znacajnu-podrsku-u-pruzanju-pomoci-izbjeglicama-iz-ukrajine\/#article","isPartOf":{"@id":"https:\/\/radioljubuski.ba\/index.php\/2022\/03\/10\/crveni-kriz-citluk-dobio-znacajnu-podrsku-u-pruzanju-pomoci-izbjeglicama-iz-ukrajine\/"},"author":{"name":"Radio Ljubu\u0161ki","@id":"https:\/\/radioljubuski.ba\/#\/schema\/person\/19fc700381a780f69665d7956c469e3b"},"headline":"Crveni kri\u017e \u010citluk dobio zna\u010dajnu podr\u0161ku u pru\u017eanju pomo\u0107i izbjeglicama iz Ukrajine","datePublished":"2022-03-10T22:56:08+00:00","mainEntityOfPage":{"@id":"https:\/\/radioljubuski.ba\/index.php\/2022\/03\/10\/crveni-kriz-citluk-dobio-znacajnu-podrsku-u-pruzanju-pomoci-izbjeglicama-iz-ukrajine\/"},"wordCount":227,"publisher":{"@id":"https:\/\/radioljubuski.ba\/#organization"},"image":{"@id":"https:\/\/radioljubuski.ba\/index.php\/2022\/03\/10\/crveni-kriz-citluk-dobio-znacajnu-podrsku-u-pruzanju-pomoci-izbjeglicama-iz-ukrajine\/#primaryimage"},"thumbnailUrl":"https:\/\/radioljubuski.ba\/wp-content\/uploads\/2022\/03\/8-2022-03-10-17-46-52-CRVENI-KRIZ-CITLUK.jpg","articleSection":["BIH i regija"],"inLanguage":"hr"},{"@type":"WebPage","@id":"https:\/\/radioljubuski.ba\/index.php\/2022\/03\/10\/crveni-kriz-citluk-dobio-znacajnu-podrsku-u-pruzanju-pomoci-izbjeglicama-iz-ukrajine\/","url":"https:\/\/radioljubuski.ba\/index.php\/2022\/03\/10\/crveni-kriz-citluk-dobio-znacajnu-podrsku-u-pruzanju-pomoci-izbjeglicama-iz-ukrajine\/","name":"Crveni kri\u017e \u010citluk dobio zna\u010dajnu podr\u0161ku u pru\u017eanju pomo\u0107i izbjeglicama iz Ukrajine - RADIO LJUBU\u0160KI","isPartOf":{"@id":"https:\/\/radioljubuski.ba\/#website"},"primaryImageOfPage":{"@id":"https:\/\/radioljubuski.ba\/index.php\/2022\/03\/10\/crveni-kriz-citluk-dobio-znacajnu-podrsku-u-pruzanju-pomoci-izbjeglicama-iz-ukrajine\/#primaryimage"},"image":{"@id":"https:\/\/radioljubuski.ba\/index.php\/2022\/03\/10\/crveni-kriz-citluk-dobio-znacajnu-podrsku-u-pruzanju-pomoci-izbjeglicama-iz-ukrajine\/#primaryimage"},"thumbnailUrl":"https:\/\/radioljubuski.ba\/wp-content\/uploads\/2022\/03\/8-2022-03-10-17-46-52-CRVENI-KRIZ-CITLUK.jpg","datePublished":"2022-03-10T22:56:08+00:00","breadcrumb":{"@id":"https:\/\/radioljubuski.ba\/index.php\/2022\/03\/10\/crveni-kriz-citluk-dobio-znacajnu-podrsku-u-pruzanju-pomoci-izbjeglicama-iz-ukrajine\/#breadcrumb"},"inLanguage":"hr","potentialAction":[{"@type":"ReadAction","target":["https:\/\/radioljubuski.ba\/index.php\/2022\/03\/10\/crveni-kriz-citluk-dobio-znacajnu-podrsku-u-pruzanju-pomoci-izbjeglicama-iz-ukrajine\/"]}]},{"@type":"ImageObject","inLanguage":"hr","@id":"https:\/\/radioljubuski.ba\/index.php\/2022\/03\/10\/crveni-kriz-citluk-dobio-znacajnu-podrsku-u-pruzanju-pomoci-izbjeglicama-iz-ukrajine\/#primaryimage","url":"https:\/\/radioljubuski.ba\/wp-content\/uploads\/2022\/03\/8-2022-03-10-17-46-52-CRVENI-KRIZ-CITLUK.jpg","contentUrl":"https:\/\/radioljubuski.ba\/wp-content\/uploads\/2022\/03\/8-2022-03-10-17-46-52-CRVENI-KRIZ-CITLUK.jpg","width":1000,"height":625},{"@type":"BreadcrumbList","@id":"https:\/\/radioljubuski.ba\/index.php\/2022\/03\/10\/crveni-kriz-citluk-dobio-znacajnu-podrsku-u-pruzanju-pomoci-izbjeglicama-iz-ukrajine\/#breadcrumb","itemListElement":[{"@type":"ListItem","position":1,"name":"Po\u010detna stranica","item":"https:\/\/radioljubuski.ba\/"},{"@type":"ListItem","position":2,"name":"Crveni kri\u017e \u010citluk dobio zna\u010dajnu podr\u0161ku u pru\u017eanju pomo\u0107i izbjeglicama iz Ukrajine"}]},{"@type":"WebSite","@id":"https:\/\/radioljubuski.ba\/#website","url":"https:\/\/radioljubuski.ba\/","name":"Radio Ljubu\u0161ki","description":"Sun\u010dana frekvencija Hercegovine","publisher":{"@id":"https:\/\/radioljubuski.ba\/#organization"},"potentialAction":[{"@type":"SearchAction","target":{"@type":"EntryPoint","urlTemplate":"https:\/\/radioljubuski.ba\/?s={search_term_string}"},"query-input":{"@type":"PropertyValueSpecification","valueRequired":true,"valueName":"search_term_string"}}],"inLanguage":"hr"},{"@type":"Organization","@id":"https:\/\/radioljubuski.ba\/#organization","name":"Radio Ljubu\u0161ki","url":"https:\/\/radioljubuski.ba\/","logo":{"@type":"ImageObject","inLanguage":"hr","@id":"https:\/\/radioljubuski.ba\/#\/schema\/logo\/image\/","url":"https:\/\/radioljubuski.ba\/wp-content\/uploads\/2021\/02\/cropped-Radio_Ljubuski_logo1.jpg","contentUrl":"https:\/\/radioljubuski.ba\/wp-content\/uploads\/2021\/02\/cropped-Radio_Ljubuski_logo1.jpg","width":512,"height":512,"caption":"Radio Ljubu\u0161ki"},"image":{"@id":"https:\/\/radioljubuski.ba\/#\/schema\/logo\/image\/"},"sameAs":["https:\/\/www.facebook.com\/Radiio-Ljubuski-1490835324566332","https:\/\/x.com\/radioljubuski","https:\/\/hr.linkedin.com\/company\/radio-ljubuski","https:\/\/www.youtube.com\/channel\/UCHYaeO_n0Db3tjNGudGpXyw"]},{"@type":"Person","@id":"https:\/\/radioljubuski.ba\/#\/schema\/person\/19fc700381a780f69665d7956c469e3b","name":"Radio Ljubu\u0161ki"}]}},"_links":{"self":[{"href":"https:\/\/radioljubuski.ba\/index.php\/wp-json\/wp\/v2\/posts\/120138","targetHints":{"allow":["GET"]}}],"collection":[{"href":"https:\/\/radioljubuski.ba\/index.php\/wp-json\/wp\/v2\/posts"}],"about":[{"href":"https:\/\/radioljubuski.ba\/index.php\/wp-json\/wp\/v2\/types\/post"}],"author":[{"embeddable":true,"href":"https:\/\/radioljubuski.ba\/index.php\/wp-json\/wp\/v2\/users\/2"}],"replies":[{"embeddable":true,"href":"https:\/\/radioljubuski.ba\/index.php\/wp-json\/wp\/v2\/comments?post=120138"}],"version-history":[{"count":1,"href":"https:\/\/radioljubuski.ba\/index.php\/wp-json\/wp\/v2\/posts\/120138\/revisions"}],"predecessor-version":[{"id":120140,"href":"https:\/\/radioljubuski.ba\/index.php\/wp-json\/wp\/v2\/posts\/120138\/revisions\/120140"}],"wp:featuredmedia":[{"embeddable":true,"href":"https:\/\/radioljubuski.ba\/index.php\/wp-json\/wp\/v2\/media\/120139"}],"wp:attachment":[{"href":"https:\/\/radioljubuski.ba\/index.php\/wp-json\/wp\/v2\/media?parent=120138"}],"wp:term":[{"taxonomy":"category","embeddable":true,"href":"https:\/\/radioljubuski.ba\/index.php\/wp-json\/wp\/v2\/categories?post=120138"},{"taxonomy":"post_tag","embeddable":true,"href":"https:\/\/radioljubuski.ba\/index.php\/wp-json\/wp\/v2\/tags?post=120138"}],"curies":[{"name":"wp","href":"https:\/\/api.w.org\/{rel}","templated":true}]}}