{"id":120141,"date":"2022-03-10T23:57:11","date_gmt":"2022-03-10T22:57:11","guid":{"rendered":"https:\/\/radioljubuski.ba\/?p=120141"},"modified":"2022-03-10T23:57:12","modified_gmt":"2022-03-10T22:57:12","slug":"tomislavgrad-obiljezena-30-obljetnica-osnivanja-glavnog-sanitetskog-stozera-herceg-bosne","status":"publish","type":"post","link":"https:\/\/radioljubuski.ba\/index.php\/2022\/03\/10\/tomislavgrad-obiljezena-30-obljetnica-osnivanja-glavnog-sanitetskog-stozera-herceg-bosne\/","title":{"rendered":"Tomislavgrad: Obilje\u017eena 30. obljetnica osnivanja Glavnog sanitetskog sto\u017eera Herceg Bosne"},"content":{"rendered":"\n<p>U organizaciji Udruge hrvatskih ratnih lije\u010dnika u Tomislavgradu je pod pokroviteljstvom predsjednika Hrvatskog narodnog sabora Dragana \u010covi\u0107a obilje\u017eena 30. obljetnicu osnivanja Glavnog sanitetskog sto\u017eera (GSS) Hrvatske zajednice Herceg Bosne.<\/p>\n\n\n\n<p>Na sve\u010danoj akademiji istaknuto je kako je ratno zdravstvo HVO-a formirano na vi\u0161e razli\u010ditih mjesta, a zahvaljuju\u0107i dobroj organizaciji brojni ljudi i njihove ideje uspje\u0161no su povezani u prvu funkcionalnu ratno-zdravstvenu instituciju u Bosni i Hercegovini &#8211; Glavni sanitetski sto\u017eer Hrvatske zajednice Herceg Bosne.<\/p>\n\n\n\n<p>Neki od najzaslu\u017enijih ljudi za njezino formiranje bili su pokojni Ivan Bagari\u0107, prvi zapovjednik GSS-a HZ HB, zatim pokojni Ivan \u0160arac, prvi ministar zdravstva HR Herceg Bosna, dr. Marija Brajko-Brn\u010di\u0107 i zagreba\u010dka skupina lije\u010dnika predvo\u0111ena doktorima Tonijem Kolakom, Jadrankom Bari\u0161i\u0107em, Tugomirom Gveri\u0107em.<\/p>\n\n\n\n<p>U daljnjem razvoju Glavnog sanitetskog sto\u017eera zna\u010dajnu ulogu odigrali su Marko Rado\u0161, Ivo \u0160andrk, Drago D\u017eambas, Josip Perica, Frane Perica, Andrija Baja Gudelj, Ante Kvesi\u0107, Goran Vuica, Milenko Bevande i drugi.<\/p>\n\n\n\n<p>Predsjednik Udruge hrvatskih ratnih lije\u010dnika prof. dr. sc. Toni Kolak prisjetio se vremena Domovinskog rata i formiranja Glavnog sanitetskog sto\u017eera, istaknuv\u0161i kako je iz rata iza\u0161ao veliki broj kvalitetnog medicinskog osoblja i lije\u010dnika.<\/p>\n\n\n\n<p>&#8211; Mi smo bili prvi koji smo do\u0161li ovdje na po\u010detku ratnih sukoba. Napravili smo zajedni\u010dki sanitet s tada\u0161njom Teritorijalnom obranom BiH, imali smo zajedni\u010dki bolnice u Bugojnu, Travniku, Novom Travniku, Tar\u010dinu, Visokom&#8230; Funkcionirali smo kao doktori u situaciji kad je do\u0161lo do rata u Uskopaljskoj dolini i u istim smo bolnicama lije\u010dili ranjenike i jedne i druge strane &#8211; kazao je doktor Kolak.<\/p>\n\n\n\n<p>Dodao je kako se treba okrenuti budu\u0107nosti, ali ne zaboraviti pro\u0161lost.<\/p>\n\n\n\n<p>&#8211; Treba se sje\u0107ati pro\u0161lih vremena, treba ih slaviti, a posebno obzira treba imati u ovim vremenima kad se doga\u0111a ta nesre\u0107a u Ukrajini koja se mo\u017ee reflektirati i na nas. Uvijek moramo misliti na budu\u0107nost, ali nikad ne smijemo zaboraviti ono \u0161to smo radili &#8211; poru\u010dio je Kolak.<\/p>\n\n\n\n<p>U programu obilje\u017eavanja prikazan je isje\u010dak iz dokumentarnog filma o evakuaciji ranjenika iz Jajca te su dodijeljene plaketa zaslu\u017enim pojedincima i pripadnicima sanitetskih postrojbi u Domovinskom ratu.<\/p>\n\n\n\n<p>Izvor:pogled.ba<\/p>\n","protected":false},"excerpt":{"rendered":"<p>U organizaciji Udruge hrvatskih ratnih lije\u010dnika u Tomislavgradu je pod pokroviteljstvom predsjednika Hrvatskog narodnog sabora Dragana \u010covi\u0107a obilje\u017eena 30. obljetnicu osnivanja Glavnog sanitetskog sto\u017eera (GSS) Hrvatske zajednice Herceg Bosne. Na sve\u010danoj akademiji istaknuto je kako je ratno zdravstvo HVO-a formirano na vi\u0161e razli\u010ditih mjesta, a zahvaljuju\u0107i dobroj organizaciji brojni ljudi i njihove ideje uspje\u0161no su [&hellip;]<\/p>\n","protected":false},"author":2,"featured_media":120142,"comment_status":"closed","ping_status":"closed","sticky":false,"template":"","format":"standard","meta":{"h5ap_radio_sources":[],"footnotes":""},"categories":[1],"tags":[],"class_list":["post-120141","post","type-post","status-publish","format-standard","has-post-thumbnail","hentry","category-bihiregija"],"yoast_head":"<!-- This site is optimized with the Yoast SEO plugin v27.5 - https:\/\/yoast.com\/product\/yoast-seo-wordpress\/ -->\n<title>Tomislavgrad: Obilje\u017eena 30. obljetnica osnivanja Glavnog sanitetskog sto\u017eera Herceg Bosne - RADIO LJUBU\u0160KI<\/title>\n<meta name=\"robots\" content=\"index, follow, max-snippet:-1, max-image-preview:large, max-video-preview:-1\" \/>\n<link rel=\"canonical\" href=\"https:\/\/radioljubuski.ba\/index.php\/2022\/03\/10\/tomislavgrad-obiljezena-30-obljetnica-osnivanja-glavnog-sanitetskog-stozera-herceg-bosne\/\" \/>\n<meta property=\"og:locale\" content=\"hr_HR\" \/>\n<meta property=\"og:type\" content=\"article\" \/>\n<meta property=\"og:title\" content=\"Tomislavgrad: Obilje\u017eena 30. obljetnica osnivanja Glavnog sanitetskog sto\u017eera Herceg Bosne - RADIO LJUBU\u0160KI\" \/>\n<meta property=\"og:description\" content=\"U organizaciji Udruge hrvatskih ratnih lije\u010dnika u Tomislavgradu je pod pokroviteljstvom predsjednika Hrvatskog narodnog sabora Dragana \u010covi\u0107a obilje\u017eena 30. obljetnicu osnivanja Glavnog sanitetskog sto\u017eera (GSS) Hrvatske zajednice Herceg Bosne. Na sve\u010danoj akademiji istaknuto je kako je ratno zdravstvo HVO-a formirano na vi\u0161e razli\u010ditih mjesta, a zahvaljuju\u0107i dobroj organizaciji brojni ljudi i njihove ideje uspje\u0161no su [&hellip;]\" \/>\n<meta property=\"og:url\" content=\"https:\/\/radioljubuski.ba\/index.php\/2022\/03\/10\/tomislavgrad-obiljezena-30-obljetnica-osnivanja-glavnog-sanitetskog-stozera-herceg-bosne\/\" \/>\n<meta property=\"og:site_name\" content=\"RADIO LJUBU\u0160KI\" \/>\n<meta property=\"article:publisher\" content=\"https:\/\/www.facebook.com\/Radiio-Ljubuski-1490835324566332\" \/>\n<meta property=\"article:published_time\" content=\"2022-03-10T22:57:11+00:00\" \/>\n<meta property=\"article:modified_time\" content=\"2022-03-10T22:57:12+00:00\" \/>\n<meta property=\"og:image\" content=\"https:\/\/radioljubuski.ba\/wp-content\/uploads\/2022\/03\/8-2022-03-10-21-12-05-SANITET-HERCEG-BOSNA.jpeg\" \/>\n\t<meta property=\"og:image:width\" content=\"1000\" \/>\n\t<meta property=\"og:image:height\" content=\"625\" \/>\n\t<meta property=\"og:image:type\" content=\"image\/jpeg\" \/>\n<meta name=\"author\" content=\"Radio Ljubu\u0161ki\" \/>\n<meta name=\"twitter:card\" content=\"summary_large_image\" \/>\n<meta name=\"twitter:creator\" content=\"@radioljubuski\" \/>\n<meta name=\"twitter:site\" content=\"@radioljubuski\" \/>\n<meta name=\"twitter:label1\" content=\"Napisao\/la\" \/>\n\t<meta name=\"twitter:data1\" content=\"Radio Ljubu\u0161ki\" \/>\n\t<meta name=\"twitter:label2\" content=\"Procijenjeno vrijeme \u010ditanja\" \/>\n\t<meta name=\"twitter:data2\" content=\"2 minute\" \/>\n<script type=\"application\/ld+json\" class=\"yoast-schema-graph\">{\"@context\":\"https:\\\/\\\/schema.org\",\"@graph\":[{\"@type\":\"Article\",\"@id\":\"https:\\\/\\\/radioljubuski.ba\\\/index.php\\\/2022\\\/03\\\/10\\\/tomislavgrad-obiljezena-30-obljetnica-osnivanja-glavnog-sanitetskog-stozera-herceg-bosne\\\/#article\",\"isPartOf\":{\"@id\":\"https:\\\/\\\/radioljubuski.ba\\\/index.php\\\/2022\\\/03\\\/10\\\/tomislavgrad-obiljezena-30-obljetnica-osnivanja-glavnog-sanitetskog-stozera-herceg-bosne\\\/\"},\"author\":{\"name\":\"Radio Ljubu\u0161ki\",\"@id\":\"https:\\\/\\\/radioljubuski.ba\\\/#\\\/schema\\\/person\\\/19fc700381a780f69665d7956c469e3b\"},\"headline\":\"Tomislavgrad: Obilje\u017eena 30. obljetnica osnivanja Glavnog sanitetskog sto\u017eera Herceg Bosne\",\"datePublished\":\"2022-03-10T22:57:11+00:00\",\"dateModified\":\"2022-03-10T22:57:12+00:00\",\"mainEntityOfPage\":{\"@id\":\"https:\\\/\\\/radioljubuski.ba\\\/index.php\\\/2022\\\/03\\\/10\\\/tomislavgrad-obiljezena-30-obljetnica-osnivanja-glavnog-sanitetskog-stozera-herceg-bosne\\\/\"},\"wordCount\":389,\"publisher\":{\"@id\":\"https:\\\/\\\/radioljubuski.ba\\\/#organization\"},\"image\":{\"@id\":\"https:\\\/\\\/radioljubuski.ba\\\/index.php\\\/2022\\\/03\\\/10\\\/tomislavgrad-obiljezena-30-obljetnica-osnivanja-glavnog-sanitetskog-stozera-herceg-bosne\\\/#primaryimage\"},\"thumbnailUrl\":\"https:\\\/\\\/radioljubuski.ba\\\/wp-content\\\/uploads\\\/2022\\\/03\\\/8-2022-03-10-21-12-05-SANITET-HERCEG-BOSNA.jpeg\",\"articleSection\":[\"BIH i regija\"],\"inLanguage\":\"hr\"},{\"@type\":\"WebPage\",\"@id\":\"https:\\\/\\\/radioljubuski.ba\\\/index.php\\\/2022\\\/03\\\/10\\\/tomislavgrad-obiljezena-30-obljetnica-osnivanja-glavnog-sanitetskog-stozera-herceg-bosne\\\/\",\"url\":\"https:\\\/\\\/radioljubuski.ba\\\/index.php\\\/2022\\\/03\\\/10\\\/tomislavgrad-obiljezena-30-obljetnica-osnivanja-glavnog-sanitetskog-stozera-herceg-bosne\\\/\",\"name\":\"Tomislavgrad: Obilje\u017eena 30. obljetnica osnivanja Glavnog sanitetskog sto\u017eera Herceg Bosne - RADIO LJUBU\u0160KI\",\"isPartOf\":{\"@id\":\"https:\\\/\\\/radioljubuski.ba\\\/#website\"},\"primaryImageOfPage\":{\"@id\":\"https:\\\/\\\/radioljubuski.ba\\\/index.php\\\/2022\\\/03\\\/10\\\/tomislavgrad-obiljezena-30-obljetnica-osnivanja-glavnog-sanitetskog-stozera-herceg-bosne\\\/#primaryimage\"},\"image\":{\"@id\":\"https:\\\/\\\/radioljubuski.ba\\\/index.php\\\/2022\\\/03\\\/10\\\/tomislavgrad-obiljezena-30-obljetnica-osnivanja-glavnog-sanitetskog-stozera-herceg-bosne\\\/#primaryimage\"},\"thumbnailUrl\":\"https:\\\/\\\/radioljubuski.ba\\\/wp-content\\\/uploads\\\/2022\\\/03\\\/8-2022-03-10-21-12-05-SANITET-HERCEG-BOSNA.jpeg\",\"datePublished\":\"2022-03-10T22:57:11+00:00\",\"dateModified\":\"2022-03-10T22:57:12+00:00\",\"breadcrumb\":{\"@id\":\"https:\\\/\\\/radioljubuski.ba\\\/index.php\\\/2022\\\/03\\\/10\\\/tomislavgrad-obiljezena-30-obljetnica-osnivanja-glavnog-sanitetskog-stozera-herceg-bosne\\\/#breadcrumb\"},\"inLanguage\":\"hr\",\"potentialAction\":[{\"@type\":\"ReadAction\",\"target\":[\"https:\\\/\\\/radioljubuski.ba\\\/index.php\\\/2022\\\/03\\\/10\\\/tomislavgrad-obiljezena-30-obljetnica-osnivanja-glavnog-sanitetskog-stozera-herceg-bosne\\\/\"]}]},{\"@type\":\"ImageObject\",\"inLanguage\":\"hr\",\"@id\":\"https:\\\/\\\/radioljubuski.ba\\\/index.php\\\/2022\\\/03\\\/10\\\/tomislavgrad-obiljezena-30-obljetnica-osnivanja-glavnog-sanitetskog-stozera-herceg-bosne\\\/#primaryimage\",\"url\":\"https:\\\/\\\/radioljubuski.ba\\\/wp-content\\\/uploads\\\/2022\\\/03\\\/8-2022-03-10-21-12-05-SANITET-HERCEG-BOSNA.jpeg\",\"contentUrl\":\"https:\\\/\\\/radioljubuski.ba\\\/wp-content\\\/uploads\\\/2022\\\/03\\\/8-2022-03-10-21-12-05-SANITET-HERCEG-BOSNA.jpeg\",\"width\":1000,\"height\":625},{\"@type\":\"BreadcrumbList\",\"@id\":\"https:\\\/\\\/radioljubuski.ba\\\/index.php\\\/2022\\\/03\\\/10\\\/tomislavgrad-obiljezena-30-obljetnica-osnivanja-glavnog-sanitetskog-stozera-herceg-bosne\\\/#breadcrumb\",\"itemListElement\":[{\"@type\":\"ListItem\",\"position\":1,\"name\":\"Po\u010detna stranica\",\"item\":\"https:\\\/\\\/radioljubuski.ba\\\/\"},{\"@type\":\"ListItem\",\"position\":2,\"name\":\"Tomislavgrad: Obilje\u017eena 30. obljetnica osnivanja Glavnog sanitetskog sto\u017eera Herceg Bosne\"}]},{\"@type\":\"WebSite\",\"@id\":\"https:\\\/\\\/radioljubuski.ba\\\/#website\",\"url\":\"https:\\\/\\\/radioljubuski.ba\\\/\",\"name\":\"Radio Ljubu\u0161ki\",\"description\":\"Sun\u010dana frekvencija Hercegovine\",\"publisher\":{\"@id\":\"https:\\\/\\\/radioljubuski.ba\\\/#organization\"},\"potentialAction\":[{\"@type\":\"SearchAction\",\"target\":{\"@type\":\"EntryPoint\",\"urlTemplate\":\"https:\\\/\\\/radioljubuski.ba\\\/?s={search_term_string}\"},\"query-input\":{\"@type\":\"PropertyValueSpecification\",\"valueRequired\":true,\"valueName\":\"search_term_string\"}}],\"inLanguage\":\"hr\"},{\"@type\":\"Organization\",\"@id\":\"https:\\\/\\\/radioljubuski.ba\\\/#organization\",\"name\":\"Radio Ljubu\u0161ki\",\"url\":\"https:\\\/\\\/radioljubuski.ba\\\/\",\"logo\":{\"@type\":\"ImageObject\",\"inLanguage\":\"hr\",\"@id\":\"https:\\\/\\\/radioljubuski.ba\\\/#\\\/schema\\\/logo\\\/image\\\/\",\"url\":\"https:\\\/\\\/radioljubuski.ba\\\/wp-content\\\/uploads\\\/2021\\\/02\\\/cropped-Radio_Ljubuski_logo1.jpg\",\"contentUrl\":\"https:\\\/\\\/radioljubuski.ba\\\/wp-content\\\/uploads\\\/2021\\\/02\\\/cropped-Radio_Ljubuski_logo1.jpg\",\"width\":512,\"height\":512,\"caption\":\"Radio Ljubu\u0161ki\"},\"image\":{\"@id\":\"https:\\\/\\\/radioljubuski.ba\\\/#\\\/schema\\\/logo\\\/image\\\/\"},\"sameAs\":[\"https:\\\/\\\/www.facebook.com\\\/Radiio-Ljubuski-1490835324566332\",\"https:\\\/\\\/x.com\\\/radioljubuski\",\"https:\\\/\\\/hr.linkedin.com\\\/company\\\/radio-ljubuski\",\"https:\\\/\\\/www.youtube.com\\\/channel\\\/UCHYaeO_n0Db3tjNGudGpXyw\"]},{\"@type\":\"Person\",\"@id\":\"https:\\\/\\\/radioljubuski.ba\\\/#\\\/schema\\\/person\\\/19fc700381a780f69665d7956c469e3b\",\"name\":\"Radio Ljubu\u0161ki\"}]}<\/script>\n<!-- \/ Yoast SEO plugin. -->","yoast_head_json":{"title":"Tomislavgrad: Obilje\u017eena 30. obljetnica osnivanja Glavnog sanitetskog sto\u017eera Herceg Bosne - RADIO LJUBU\u0160KI","robots":{"index":"index","follow":"follow","max-snippet":"max-snippet:-1","max-image-preview":"max-image-preview:large","max-video-preview":"max-video-preview:-1"},"canonical":"https:\/\/radioljubuski.ba\/index.php\/2022\/03\/10\/tomislavgrad-obiljezena-30-obljetnica-osnivanja-glavnog-sanitetskog-stozera-herceg-bosne\/","og_locale":"hr_HR","og_type":"article","og_title":"Tomislavgrad: Obilje\u017eena 30. obljetnica osnivanja Glavnog sanitetskog sto\u017eera Herceg Bosne - RADIO LJUBU\u0160KI","og_description":"U organizaciji Udruge hrvatskih ratnih lije\u010dnika u Tomislavgradu je pod pokroviteljstvom predsjednika Hrvatskog narodnog sabora Dragana \u010covi\u0107a obilje\u017eena 30. obljetnicu osnivanja Glavnog sanitetskog sto\u017eera (GSS) Hrvatske zajednice Herceg Bosne. Na sve\u010danoj akademiji istaknuto je kako je ratno zdravstvo HVO-a formirano na vi\u0161e razli\u010ditih mjesta, a zahvaljuju\u0107i dobroj organizaciji brojni ljudi i njihove ideje uspje\u0161no su [&hellip;]","og_url":"https:\/\/radioljubuski.ba\/index.php\/2022\/03\/10\/tomislavgrad-obiljezena-30-obljetnica-osnivanja-glavnog-sanitetskog-stozera-herceg-bosne\/","og_site_name":"RADIO LJUBU\u0160KI","article_publisher":"https:\/\/www.facebook.com\/Radiio-Ljubuski-1490835324566332","article_published_time":"2022-03-10T22:57:11+00:00","article_modified_time":"2022-03-10T22:57:12+00:00","og_image":[{"width":1000,"height":625,"url":"https:\/\/radioljubuski.ba\/wp-content\/uploads\/2022\/03\/8-2022-03-10-21-12-05-SANITET-HERCEG-BOSNA.jpeg","type":"image\/jpeg"}],"author":"Radio Ljubu\u0161ki","twitter_card":"summary_large_image","twitter_creator":"@radioljubuski","twitter_site":"@radioljubuski","twitter_misc":{"Napisao\/la":"Radio Ljubu\u0161ki","Procijenjeno vrijeme \u010ditanja":"2 minute"},"schema":{"@context":"https:\/\/schema.org","@graph":[{"@type":"Article","@id":"https:\/\/radioljubuski.ba\/index.php\/2022\/03\/10\/tomislavgrad-obiljezena-30-obljetnica-osnivanja-glavnog-sanitetskog-stozera-herceg-bosne\/#article","isPartOf":{"@id":"https:\/\/radioljubuski.ba\/index.php\/2022\/03\/10\/tomislavgrad-obiljezena-30-obljetnica-osnivanja-glavnog-sanitetskog-stozera-herceg-bosne\/"},"author":{"name":"Radio Ljubu\u0161ki","@id":"https:\/\/radioljubuski.ba\/#\/schema\/person\/19fc700381a780f69665d7956c469e3b"},"headline":"Tomislavgrad: Obilje\u017eena 30. obljetnica osnivanja Glavnog sanitetskog sto\u017eera Herceg Bosne","datePublished":"2022-03-10T22:57:11+00:00","dateModified":"2022-03-10T22:57:12+00:00","mainEntityOfPage":{"@id":"https:\/\/radioljubuski.ba\/index.php\/2022\/03\/10\/tomislavgrad-obiljezena-30-obljetnica-osnivanja-glavnog-sanitetskog-stozera-herceg-bosne\/"},"wordCount":389,"publisher":{"@id":"https:\/\/radioljubuski.ba\/#organization"},"image":{"@id":"https:\/\/radioljubuski.ba\/index.php\/2022\/03\/10\/tomislavgrad-obiljezena-30-obljetnica-osnivanja-glavnog-sanitetskog-stozera-herceg-bosne\/#primaryimage"},"thumbnailUrl":"https:\/\/radioljubuski.ba\/wp-content\/uploads\/2022\/03\/8-2022-03-10-21-12-05-SANITET-HERCEG-BOSNA.jpeg","articleSection":["BIH i regija"],"inLanguage":"hr"},{"@type":"WebPage","@id":"https:\/\/radioljubuski.ba\/index.php\/2022\/03\/10\/tomislavgrad-obiljezena-30-obljetnica-osnivanja-glavnog-sanitetskog-stozera-herceg-bosne\/","url":"https:\/\/radioljubuski.ba\/index.php\/2022\/03\/10\/tomislavgrad-obiljezena-30-obljetnica-osnivanja-glavnog-sanitetskog-stozera-herceg-bosne\/","name":"Tomislavgrad: Obilje\u017eena 30. obljetnica osnivanja Glavnog sanitetskog sto\u017eera Herceg Bosne - RADIO LJUBU\u0160KI","isPartOf":{"@id":"https:\/\/radioljubuski.ba\/#website"},"primaryImageOfPage":{"@id":"https:\/\/radioljubuski.ba\/index.php\/2022\/03\/10\/tomislavgrad-obiljezena-30-obljetnica-osnivanja-glavnog-sanitetskog-stozera-herceg-bosne\/#primaryimage"},"image":{"@id":"https:\/\/radioljubuski.ba\/index.php\/2022\/03\/10\/tomislavgrad-obiljezena-30-obljetnica-osnivanja-glavnog-sanitetskog-stozera-herceg-bosne\/#primaryimage"},"thumbnailUrl":"https:\/\/radioljubuski.ba\/wp-content\/uploads\/2022\/03\/8-2022-03-10-21-12-05-SANITET-HERCEG-BOSNA.jpeg","datePublished":"2022-03-10T22:57:11+00:00","dateModified":"2022-03-10T22:57:12+00:00","breadcrumb":{"@id":"https:\/\/radioljubuski.ba\/index.php\/2022\/03\/10\/tomislavgrad-obiljezena-30-obljetnica-osnivanja-glavnog-sanitetskog-stozera-herceg-bosne\/#breadcrumb"},"inLanguage":"hr","potentialAction":[{"@type":"ReadAction","target":["https:\/\/radioljubuski.ba\/index.php\/2022\/03\/10\/tomislavgrad-obiljezena-30-obljetnica-osnivanja-glavnog-sanitetskog-stozera-herceg-bosne\/"]}]},{"@type":"ImageObject","inLanguage":"hr","@id":"https:\/\/radioljubuski.ba\/index.php\/2022\/03\/10\/tomislavgrad-obiljezena-30-obljetnica-osnivanja-glavnog-sanitetskog-stozera-herceg-bosne\/#primaryimage","url":"https:\/\/radioljubuski.ba\/wp-content\/uploads\/2022\/03\/8-2022-03-10-21-12-05-SANITET-HERCEG-BOSNA.jpeg","contentUrl":"https:\/\/radioljubuski.ba\/wp-content\/uploads\/2022\/03\/8-2022-03-10-21-12-05-SANITET-HERCEG-BOSNA.jpeg","width":1000,"height":625},{"@type":"BreadcrumbList","@id":"https:\/\/radioljubuski.ba\/index.php\/2022\/03\/10\/tomislavgrad-obiljezena-30-obljetnica-osnivanja-glavnog-sanitetskog-stozera-herceg-bosne\/#breadcrumb","itemListElement":[{"@type":"ListItem","position":1,"name":"Po\u010detna stranica","item":"https:\/\/radioljubuski.ba\/"},{"@type":"ListItem","position":2,"name":"Tomislavgrad: Obilje\u017eena 30. obljetnica osnivanja Glavnog sanitetskog sto\u017eera Herceg Bosne"}]},{"@type":"WebSite","@id":"https:\/\/radioljubuski.ba\/#website","url":"https:\/\/radioljubuski.ba\/","name":"Radio Ljubu\u0161ki","description":"Sun\u010dana frekvencija Hercegovine","publisher":{"@id":"https:\/\/radioljubuski.ba\/#organization"},"potentialAction":[{"@type":"SearchAction","target":{"@type":"EntryPoint","urlTemplate":"https:\/\/radioljubuski.ba\/?s={search_term_string}"},"query-input":{"@type":"PropertyValueSpecification","valueRequired":true,"valueName":"search_term_string"}}],"inLanguage":"hr"},{"@type":"Organization","@id":"https:\/\/radioljubuski.ba\/#organization","name":"Radio Ljubu\u0161ki","url":"https:\/\/radioljubuski.ba\/","logo":{"@type":"ImageObject","inLanguage":"hr","@id":"https:\/\/radioljubuski.ba\/#\/schema\/logo\/image\/","url":"https:\/\/radioljubuski.ba\/wp-content\/uploads\/2021\/02\/cropped-Radio_Ljubuski_logo1.jpg","contentUrl":"https:\/\/radioljubuski.ba\/wp-content\/uploads\/2021\/02\/cropped-Radio_Ljubuski_logo1.jpg","width":512,"height":512,"caption":"Radio Ljubu\u0161ki"},"image":{"@id":"https:\/\/radioljubuski.ba\/#\/schema\/logo\/image\/"},"sameAs":["https:\/\/www.facebook.com\/Radiio-Ljubuski-1490835324566332","https:\/\/x.com\/radioljubuski","https:\/\/hr.linkedin.com\/company\/radio-ljubuski","https:\/\/www.youtube.com\/channel\/UCHYaeO_n0Db3tjNGudGpXyw"]},{"@type":"Person","@id":"https:\/\/radioljubuski.ba\/#\/schema\/person\/19fc700381a780f69665d7956c469e3b","name":"Radio Ljubu\u0161ki"}]}},"_links":{"self":[{"href":"https:\/\/radioljubuski.ba\/index.php\/wp-json\/wp\/v2\/posts\/120141","targetHints":{"allow":["GET"]}}],"collection":[{"href":"https:\/\/radioljubuski.ba\/index.php\/wp-json\/wp\/v2\/posts"}],"about":[{"href":"https:\/\/radioljubuski.ba\/index.php\/wp-json\/wp\/v2\/types\/post"}],"author":[{"embeddable":true,"href":"https:\/\/radioljubuski.ba\/index.php\/wp-json\/wp\/v2\/users\/2"}],"replies":[{"embeddable":true,"href":"https:\/\/radioljubuski.ba\/index.php\/wp-json\/wp\/v2\/comments?post=120141"}],"version-history":[{"count":1,"href":"https:\/\/radioljubuski.ba\/index.php\/wp-json\/wp\/v2\/posts\/120141\/revisions"}],"predecessor-version":[{"id":120143,"href":"https:\/\/radioljubuski.ba\/index.php\/wp-json\/wp\/v2\/posts\/120141\/revisions\/120143"}],"wp:featuredmedia":[{"embeddable":true,"href":"https:\/\/radioljubuski.ba\/index.php\/wp-json\/wp\/v2\/media\/120142"}],"wp:attachment":[{"href":"https:\/\/radioljubuski.ba\/index.php\/wp-json\/wp\/v2\/media?parent=120141"}],"wp:term":[{"taxonomy":"category","embeddable":true,"href":"https:\/\/radioljubuski.ba\/index.php\/wp-json\/wp\/v2\/categories?post=120141"},{"taxonomy":"post_tag","embeddable":true,"href":"https:\/\/radioljubuski.ba\/index.php\/wp-json\/wp\/v2\/tags?post=120141"}],"curies":[{"name":"wp","href":"https:\/\/api.w.org\/{rel}","templated":true}]}}