{"id":120167,"date":"2022-03-11T00:07:31","date_gmt":"2022-03-10T23:07:31","guid":{"rendered":"https:\/\/radioljubuski.ba\/?p=120167"},"modified":"2022-03-11T00:07:31","modified_gmt":"2022-03-10T23:07:31","slug":"obavljena-primopredaja-izmedu-kardinala-puljica-i-nadbiskupa-vuksica","status":"publish","type":"post","link":"https:\/\/radioljubuski.ba\/index.php\/2022\/03\/11\/obavljena-primopredaja-izmedu-kardinala-puljica-i-nadbiskupa-vuksica\/","title":{"rendered":"Obavljena primopredaja izme\u0111u kardinala Pulji\u0107a i nadbiskupa Vuk\u0161i\u0107a"},"content":{"rendered":"\n<p><strong>U prostorijama Ordinarijata vrhbosanskoga u \u010detvrtak, 10. o\u017eujka izme\u0111u nadbiskupa u miru kardinala Vinka Pulji\u0107a i nadbiskupa metropolite vrhbosanskog mons. Tome Vuk\u0161i\u0107a napravljena je primopredaja. Tom prigodom potpisali su Zapisnik primopredaje.<\/strong><\/p>\n\n\n\n<p>Uz dvojicu nadbiskupa administrativnom dijelu prisustvovali su kanonici Stolnoga kaptola:\u00a0<strong>mons. Ante Me\u0161trovi\u0107, mons. Pavo Juri\u0161i\u0107<\/strong>\u00a0i\u00a0<strong>pre\u010d. Darko Toma\u0161evi\u0107<\/strong>, \u010dlanovi Ordinarijata: generalni vikar\u00a0<strong>mons. Sla\u0111an \u0106osi\u0107<\/strong>, kancelar\u00a0<strong>pre\u010d. Mladen Kalfi\u0107<\/strong>, ekonom\u00a0<strong>pre\u010d. Vladimir Pranji\u0107<\/strong>, rektor VBS-a\u00a0<strong>pre\u010d. Zdenko Spaji\u0107<\/strong>, predstojnik Ureda za odnose s javno\u0161\u0107u i glasnogovornik\u00a0<strong>vl\u010d. Dra\u017een Kustura<\/strong>\u00a0te \u010dlanovi Zbora konzultora:\u00a0<strong>fra \u0160imo Ivelj<\/strong>, OFM;\u00a0<strong>mons. Anto \u0106osi\u0107<\/strong>,<strong>vl\u010d. \u0160imo Mar\u0161i\u0107<\/strong>\u00a0i\u00a0<strong>mons. Ivo Toma\u0161evi\u0107, prenosi\u00a0<a href=\"https:\/\/www.nedjelja.ba\/hr\/vijesti\/bih\/primopredaja-izmedu-kardinala-puljica-i-nadbiskupa-vuksica\/24455\">Nedjelja.ba<\/a>.\u00a0<\/strong><\/p>\n\n\n\n<figure class=\"wp-block-image\"><img decoding=\"async\" src=\"https:\/\/www.nedjelja.ba\/upload\/image\/vijesti\/BiH\/2022\/03\/primopredaja.jpg\" alt=\"\"\/><\/figure>\n\n\n\n<p>Primopredaja je po\u010dela zajedni\u010dkom molitvom koju je predvodio nadbiskup Vuk\u0161i\u0107. Poslije govora nadbiskupa Tome i kardinala Vinka uslijedilo je \u010ditanje Zapisnika primopredaje kojega je pro\u010ditao pre\u010d. Kalfi\u0107, kancelar, kojega su nakon toga potpisali.<\/p>\n\n\n\n<figure class=\"wp-block-image\"><img decoding=\"async\" src=\"https:\/\/www.nedjelja.ba\/upload\/image\/vijesti\/BiH\/2022\/03\/primopredaja_2.jpg\" alt=\"\"\/><\/figure>\n\n\n\n<p>Svoj izvje\u0161taj prethodno je poslalo 18 voditelja sredi\u0161njih ureda i ustanova Vrhbosanske nadbiskupije: Kancelarije (pre\u010d. Mladen Kalfi\u0107, kancelar), Arhiva (mons. Ante Me\u0161trovi\u0107, arhivar), Ekonomata (pre\u010d. Vladimir Pranji\u0107, ekonom), Stolnogkaptola vrhbosanskog (mons. Ante Me\u0161trovi\u0107, prepo\u0161t), Katedrale (mons. Ante Me\u0161trovi\u0107, rektor), Crkvenog suda (fra \u0160imo Ivelj, OFM, sudski vikar), Vrhbosanskog bogoslovnog sjemeni\u0161ta (pre\u010d. Zdenko Spaji\u0107, rektor), Nadbiskupijskogmisijskog me\u0111unarodnog sjemeni\u0161ta&nbsp;<em>Redemptoris Mater&nbsp;<\/em>(<strong>pre\u010d. Michele Capasso<\/strong>, rektor), Nadbiskupijskog sjemeni\u0161ta<em>Petar Barbari\u0107&nbsp;<\/em>(<strong>pre\u010d. \u017deljko Mari\u0107<\/strong>, rektor), Katoli\u010dkog bogoslovnog fakulteta (pre\u010d. Darko Toma\u0161evi\u0107, dekan), Sve\u0107eni\u010dkog doma Vrhbosanske nadbiskupije (<strong>vl\u010d. Fabijan Stanu\u0161i\u0107<\/strong>, ravnatelj), Caritasa Vrhbosanske nadbiskupije (<strong>vl\u010d. Mirko \u0160imi\u0107<\/strong>, ravnatelj), Katehetskog ureda Vrhbosanske nadbiskupije (<strong>vl\u010d. Tomo Mlaki\u0107<\/strong>, pro\u010delnik), Nadbiskupijskogcentra za pastoral mladih&nbsp;<em>Ivan Pavao II.&nbsp;<\/em>(vl\u010d. \u0160imo Mar\u0161i\u0107, ravnatelj), Medijskog centra Vrhbosanske nadbiskupije (<strong>vl\u010d. Miroslav \u0106avar<\/strong>, direktor), Centra za savjetovanje Vrhbosanske nadbiskupije (<strong>dr. sc. Sanda Smoljo Dobrovoljski<\/strong>, voditeljica), Sve\u0107eni\u010dke solidarnosti&nbsp;<em>Me\u0111upomo\u0107i<\/em>&nbsp;(<strong>vl\u010d. Fabijan Stanu\u0161i\u0107<\/strong>, ravnatelj) i Rezidencije vrhbosanskog nadbiskupa (vl\u010d. Fabijan Stanu\u0161i\u0107).<\/p>\n\n\n\n<p>Podsje\u0107anja radi&nbsp;<strong>papa Franjo<\/strong>&nbsp;umirovio je 29. sije\u010dnja 2022. kardinala Pulji\u0107a te je od toga trenutka slu\u017ebu upravljanja Vrhbosanskom nadbiskupijom preuzeo mons. Tomo Vuk\u0161i\u0107.<\/p>\n\n\n\n<p>\/HMS\/<\/p>\n","protected":false},"excerpt":{"rendered":"<p>U prostorijama Ordinarijata vrhbosanskoga u \u010detvrtak, 10. o\u017eujka izme\u0111u nadbiskupa u miru kardinala Vinka Pulji\u0107a i nadbiskupa metropolite vrhbosanskog mons. Tome Vuk\u0161i\u0107a napravljena je primopredaja. Tom prigodom potpisali su Zapisnik primopredaje. Uz dvojicu nadbiskupa administrativnom dijelu prisustvovali su kanonici Stolnoga kaptola:\u00a0mons. Ante Me\u0161trovi\u0107, mons. Pavo Juri\u0161i\u0107\u00a0i\u00a0pre\u010d. Darko Toma\u0161evi\u0107, \u010dlanovi Ordinarijata: generalni vikar\u00a0mons. Sla\u0111an \u0106osi\u0107, kancelar\u00a0pre\u010d. [&hellip;]<\/p>\n","protected":false},"author":2,"featured_media":120168,"comment_status":"closed","ping_status":"closed","sticky":false,"template":"","format":"standard","meta":{"h5ap_radio_sources":[],"footnotes":""},"categories":[1],"tags":[],"class_list":["post-120167","post","type-post","status-publish","format-standard","has-post-thumbnail","hentry","category-bihiregija"],"yoast_head":"<!-- This site is optimized with the Yoast SEO plugin v27.5 - https:\/\/yoast.com\/product\/yoast-seo-wordpress\/ -->\n<title>Obavljena primopredaja izme\u0111u kardinala Pulji\u0107a i nadbiskupa Vuk\u0161i\u0107a - RADIO LJUBU\u0160KI<\/title>\n<meta name=\"robots\" content=\"index, follow, max-snippet:-1, max-image-preview:large, max-video-preview:-1\" \/>\n<link rel=\"canonical\" href=\"https:\/\/radioljubuski.ba\/index.php\/2022\/03\/11\/obavljena-primopredaja-izmedu-kardinala-puljica-i-nadbiskupa-vuksica\/\" \/>\n<meta property=\"og:locale\" content=\"hr_HR\" \/>\n<meta property=\"og:type\" content=\"article\" \/>\n<meta property=\"og:title\" content=\"Obavljena primopredaja izme\u0111u kardinala Pulji\u0107a i nadbiskupa Vuk\u0161i\u0107a - RADIO LJUBU\u0160KI\" \/>\n<meta property=\"og:description\" content=\"U prostorijama Ordinarijata vrhbosanskoga u \u010detvrtak, 10. o\u017eujka izme\u0111u nadbiskupa u miru kardinala Vinka Pulji\u0107a i nadbiskupa metropolite vrhbosanskog mons. Tome Vuk\u0161i\u0107a napravljena je primopredaja. Tom prigodom potpisali su Zapisnik primopredaje. Uz dvojicu nadbiskupa administrativnom dijelu prisustvovali su kanonici Stolnoga kaptola:\u00a0mons. Ante Me\u0161trovi\u0107, mons. Pavo Juri\u0161i\u0107\u00a0i\u00a0pre\u010d. Darko Toma\u0161evi\u0107, \u010dlanovi Ordinarijata: generalni vikar\u00a0mons. Sla\u0111an \u0106osi\u0107, kancelar\u00a0pre\u010d. [&hellip;]\" \/>\n<meta property=\"og:url\" content=\"https:\/\/radioljubuski.ba\/index.php\/2022\/03\/11\/obavljena-primopredaja-izmedu-kardinala-puljica-i-nadbiskupa-vuksica\/\" \/>\n<meta property=\"og:site_name\" content=\"RADIO LJUBU\u0160KI\" \/>\n<meta property=\"article:publisher\" content=\"https:\/\/www.facebook.com\/Radiio-Ljubuski-1490835324566332\" \/>\n<meta property=\"article:published_time\" content=\"2022-03-10T23:07:31+00:00\" \/>\n<meta property=\"og:image\" content=\"https:\/\/radioljubuski.ba\/wp-content\/uploads\/2022\/03\/phpThumb_cache_nedjelja.ba__srcb163d120348f4f8f4d2ea5dcf86388aa_par237e4a9ca0b8b807a10bf3329368f378_dat1646908472.jpeg\" \/>\n\t<meta property=\"og:image:width\" content=\"800\" \/>\n\t<meta property=\"og:image:height\" content=\"450\" \/>\n\t<meta property=\"og:image:type\" content=\"image\/jpeg\" \/>\n<meta name=\"author\" content=\"Radio Ljubu\u0161ki\" \/>\n<meta name=\"twitter:card\" content=\"summary_large_image\" \/>\n<meta name=\"twitter:creator\" content=\"@radioljubuski\" \/>\n<meta name=\"twitter:site\" content=\"@radioljubuski\" \/>\n<meta name=\"twitter:label1\" content=\"Napisao\/la\" \/>\n\t<meta name=\"twitter:data1\" content=\"Radio Ljubu\u0161ki\" \/>\n\t<meta name=\"twitter:label2\" content=\"Procijenjeno vrijeme \u010ditanja\" \/>\n\t<meta name=\"twitter:data2\" content=\"2 minute\" \/>\n<script type=\"application\/ld+json\" class=\"yoast-schema-graph\">{\"@context\":\"https:\\\/\\\/schema.org\",\"@graph\":[{\"@type\":\"Article\",\"@id\":\"https:\\\/\\\/radioljubuski.ba\\\/index.php\\\/2022\\\/03\\\/11\\\/obavljena-primopredaja-izmedu-kardinala-puljica-i-nadbiskupa-vuksica\\\/#article\",\"isPartOf\":{\"@id\":\"https:\\\/\\\/radioljubuski.ba\\\/index.php\\\/2022\\\/03\\\/11\\\/obavljena-primopredaja-izmedu-kardinala-puljica-i-nadbiskupa-vuksica\\\/\"},\"author\":{\"name\":\"Radio Ljubu\u0161ki\",\"@id\":\"https:\\\/\\\/radioljubuski.ba\\\/#\\\/schema\\\/person\\\/19fc700381a780f69665d7956c469e3b\"},\"headline\":\"Obavljena primopredaja izme\u0111u kardinala Pulji\u0107a i nadbiskupa Vuk\u0161i\u0107a\",\"datePublished\":\"2022-03-10T23:07:31+00:00\",\"mainEntityOfPage\":{\"@id\":\"https:\\\/\\\/radioljubuski.ba\\\/index.php\\\/2022\\\/03\\\/11\\\/obavljena-primopredaja-izmedu-kardinala-puljica-i-nadbiskupa-vuksica\\\/\"},\"wordCount\":367,\"publisher\":{\"@id\":\"https:\\\/\\\/radioljubuski.ba\\\/#organization\"},\"image\":{\"@id\":\"https:\\\/\\\/radioljubuski.ba\\\/index.php\\\/2022\\\/03\\\/11\\\/obavljena-primopredaja-izmedu-kardinala-puljica-i-nadbiskupa-vuksica\\\/#primaryimage\"},\"thumbnailUrl\":\"https:\\\/\\\/radioljubuski.ba\\\/wp-content\\\/uploads\\\/2022\\\/03\\\/phpThumb_cache_nedjelja.ba__srcb163d120348f4f8f4d2ea5dcf86388aa_par237e4a9ca0b8b807a10bf3329368f378_dat1646908472.jpeg\",\"articleSection\":[\"BIH i regija\"],\"inLanguage\":\"hr\"},{\"@type\":\"WebPage\",\"@id\":\"https:\\\/\\\/radioljubuski.ba\\\/index.php\\\/2022\\\/03\\\/11\\\/obavljena-primopredaja-izmedu-kardinala-puljica-i-nadbiskupa-vuksica\\\/\",\"url\":\"https:\\\/\\\/radioljubuski.ba\\\/index.php\\\/2022\\\/03\\\/11\\\/obavljena-primopredaja-izmedu-kardinala-puljica-i-nadbiskupa-vuksica\\\/\",\"name\":\"Obavljena primopredaja izme\u0111u kardinala Pulji\u0107a i nadbiskupa Vuk\u0161i\u0107a - RADIO LJUBU\u0160KI\",\"isPartOf\":{\"@id\":\"https:\\\/\\\/radioljubuski.ba\\\/#website\"},\"primaryImageOfPage\":{\"@id\":\"https:\\\/\\\/radioljubuski.ba\\\/index.php\\\/2022\\\/03\\\/11\\\/obavljena-primopredaja-izmedu-kardinala-puljica-i-nadbiskupa-vuksica\\\/#primaryimage\"},\"image\":{\"@id\":\"https:\\\/\\\/radioljubuski.ba\\\/index.php\\\/2022\\\/03\\\/11\\\/obavljena-primopredaja-izmedu-kardinala-puljica-i-nadbiskupa-vuksica\\\/#primaryimage\"},\"thumbnailUrl\":\"https:\\\/\\\/radioljubuski.ba\\\/wp-content\\\/uploads\\\/2022\\\/03\\\/phpThumb_cache_nedjelja.ba__srcb163d120348f4f8f4d2ea5dcf86388aa_par237e4a9ca0b8b807a10bf3329368f378_dat1646908472.jpeg\",\"datePublished\":\"2022-03-10T23:07:31+00:00\",\"breadcrumb\":{\"@id\":\"https:\\\/\\\/radioljubuski.ba\\\/index.php\\\/2022\\\/03\\\/11\\\/obavljena-primopredaja-izmedu-kardinala-puljica-i-nadbiskupa-vuksica\\\/#breadcrumb\"},\"inLanguage\":\"hr\",\"potentialAction\":[{\"@type\":\"ReadAction\",\"target\":[\"https:\\\/\\\/radioljubuski.ba\\\/index.php\\\/2022\\\/03\\\/11\\\/obavljena-primopredaja-izmedu-kardinala-puljica-i-nadbiskupa-vuksica\\\/\"]}]},{\"@type\":\"ImageObject\",\"inLanguage\":\"hr\",\"@id\":\"https:\\\/\\\/radioljubuski.ba\\\/index.php\\\/2022\\\/03\\\/11\\\/obavljena-primopredaja-izmedu-kardinala-puljica-i-nadbiskupa-vuksica\\\/#primaryimage\",\"url\":\"https:\\\/\\\/radioljubuski.ba\\\/wp-content\\\/uploads\\\/2022\\\/03\\\/phpThumb_cache_nedjelja.ba__srcb163d120348f4f8f4d2ea5dcf86388aa_par237e4a9ca0b8b807a10bf3329368f378_dat1646908472.jpeg\",\"contentUrl\":\"https:\\\/\\\/radioljubuski.ba\\\/wp-content\\\/uploads\\\/2022\\\/03\\\/phpThumb_cache_nedjelja.ba__srcb163d120348f4f8f4d2ea5dcf86388aa_par237e4a9ca0b8b807a10bf3329368f378_dat1646908472.jpeg\",\"width\":800,\"height\":450},{\"@type\":\"BreadcrumbList\",\"@id\":\"https:\\\/\\\/radioljubuski.ba\\\/index.php\\\/2022\\\/03\\\/11\\\/obavljena-primopredaja-izmedu-kardinala-puljica-i-nadbiskupa-vuksica\\\/#breadcrumb\",\"itemListElement\":[{\"@type\":\"ListItem\",\"position\":1,\"name\":\"Po\u010detna stranica\",\"item\":\"https:\\\/\\\/radioljubuski.ba\\\/\"},{\"@type\":\"ListItem\",\"position\":2,\"name\":\"Obavljena primopredaja izme\u0111u kardinala Pulji\u0107a i nadbiskupa Vuk\u0161i\u0107a\"}]},{\"@type\":\"WebSite\",\"@id\":\"https:\\\/\\\/radioljubuski.ba\\\/#website\",\"url\":\"https:\\\/\\\/radioljubuski.ba\\\/\",\"name\":\"Radio Ljubu\u0161ki\",\"description\":\"Sun\u010dana frekvencija Hercegovine\",\"publisher\":{\"@id\":\"https:\\\/\\\/radioljubuski.ba\\\/#organization\"},\"potentialAction\":[{\"@type\":\"SearchAction\",\"target\":{\"@type\":\"EntryPoint\",\"urlTemplate\":\"https:\\\/\\\/radioljubuski.ba\\\/?s={search_term_string}\"},\"query-input\":{\"@type\":\"PropertyValueSpecification\",\"valueRequired\":true,\"valueName\":\"search_term_string\"}}],\"inLanguage\":\"hr\"},{\"@type\":\"Organization\",\"@id\":\"https:\\\/\\\/radioljubuski.ba\\\/#organization\",\"name\":\"Radio Ljubu\u0161ki\",\"url\":\"https:\\\/\\\/radioljubuski.ba\\\/\",\"logo\":{\"@type\":\"ImageObject\",\"inLanguage\":\"hr\",\"@id\":\"https:\\\/\\\/radioljubuski.ba\\\/#\\\/schema\\\/logo\\\/image\\\/\",\"url\":\"https:\\\/\\\/radioljubuski.ba\\\/wp-content\\\/uploads\\\/2021\\\/02\\\/cropped-Radio_Ljubuski_logo1.jpg\",\"contentUrl\":\"https:\\\/\\\/radioljubuski.ba\\\/wp-content\\\/uploads\\\/2021\\\/02\\\/cropped-Radio_Ljubuski_logo1.jpg\",\"width\":512,\"height\":512,\"caption\":\"Radio Ljubu\u0161ki\"},\"image\":{\"@id\":\"https:\\\/\\\/radioljubuski.ba\\\/#\\\/schema\\\/logo\\\/image\\\/\"},\"sameAs\":[\"https:\\\/\\\/www.facebook.com\\\/Radiio-Ljubuski-1490835324566332\",\"https:\\\/\\\/x.com\\\/radioljubuski\",\"https:\\\/\\\/hr.linkedin.com\\\/company\\\/radio-ljubuski\",\"https:\\\/\\\/www.youtube.com\\\/channel\\\/UCHYaeO_n0Db3tjNGudGpXyw\"]},{\"@type\":\"Person\",\"@id\":\"https:\\\/\\\/radioljubuski.ba\\\/#\\\/schema\\\/person\\\/19fc700381a780f69665d7956c469e3b\",\"name\":\"Radio Ljubu\u0161ki\"}]}<\/script>\n<!-- \/ Yoast SEO plugin. -->","yoast_head_json":{"title":"Obavljena primopredaja izme\u0111u kardinala Pulji\u0107a i nadbiskupa Vuk\u0161i\u0107a - RADIO LJUBU\u0160KI","robots":{"index":"index","follow":"follow","max-snippet":"max-snippet:-1","max-image-preview":"max-image-preview:large","max-video-preview":"max-video-preview:-1"},"canonical":"https:\/\/radioljubuski.ba\/index.php\/2022\/03\/11\/obavljena-primopredaja-izmedu-kardinala-puljica-i-nadbiskupa-vuksica\/","og_locale":"hr_HR","og_type":"article","og_title":"Obavljena primopredaja izme\u0111u kardinala Pulji\u0107a i nadbiskupa Vuk\u0161i\u0107a - RADIO LJUBU\u0160KI","og_description":"U prostorijama Ordinarijata vrhbosanskoga u \u010detvrtak, 10. o\u017eujka izme\u0111u nadbiskupa u miru kardinala Vinka Pulji\u0107a i nadbiskupa metropolite vrhbosanskog mons. Tome Vuk\u0161i\u0107a napravljena je primopredaja. Tom prigodom potpisali su Zapisnik primopredaje. Uz dvojicu nadbiskupa administrativnom dijelu prisustvovali su kanonici Stolnoga kaptola:\u00a0mons. Ante Me\u0161trovi\u0107, mons. Pavo Juri\u0161i\u0107\u00a0i\u00a0pre\u010d. Darko Toma\u0161evi\u0107, \u010dlanovi Ordinarijata: generalni vikar\u00a0mons. Sla\u0111an \u0106osi\u0107, kancelar\u00a0pre\u010d. [&hellip;]","og_url":"https:\/\/radioljubuski.ba\/index.php\/2022\/03\/11\/obavljena-primopredaja-izmedu-kardinala-puljica-i-nadbiskupa-vuksica\/","og_site_name":"RADIO LJUBU\u0160KI","article_publisher":"https:\/\/www.facebook.com\/Radiio-Ljubuski-1490835324566332","article_published_time":"2022-03-10T23:07:31+00:00","og_image":[{"width":800,"height":450,"url":"https:\/\/radioljubuski.ba\/wp-content\/uploads\/2022\/03\/phpThumb_cache_nedjelja.ba__srcb163d120348f4f8f4d2ea5dcf86388aa_par237e4a9ca0b8b807a10bf3329368f378_dat1646908472.jpeg","type":"image\/jpeg"}],"author":"Radio Ljubu\u0161ki","twitter_card":"summary_large_image","twitter_creator":"@radioljubuski","twitter_site":"@radioljubuski","twitter_misc":{"Napisao\/la":"Radio Ljubu\u0161ki","Procijenjeno vrijeme \u010ditanja":"2 minute"},"schema":{"@context":"https:\/\/schema.org","@graph":[{"@type":"Article","@id":"https:\/\/radioljubuski.ba\/index.php\/2022\/03\/11\/obavljena-primopredaja-izmedu-kardinala-puljica-i-nadbiskupa-vuksica\/#article","isPartOf":{"@id":"https:\/\/radioljubuski.ba\/index.php\/2022\/03\/11\/obavljena-primopredaja-izmedu-kardinala-puljica-i-nadbiskupa-vuksica\/"},"author":{"name":"Radio Ljubu\u0161ki","@id":"https:\/\/radioljubuski.ba\/#\/schema\/person\/19fc700381a780f69665d7956c469e3b"},"headline":"Obavljena primopredaja izme\u0111u kardinala Pulji\u0107a i nadbiskupa Vuk\u0161i\u0107a","datePublished":"2022-03-10T23:07:31+00:00","mainEntityOfPage":{"@id":"https:\/\/radioljubuski.ba\/index.php\/2022\/03\/11\/obavljena-primopredaja-izmedu-kardinala-puljica-i-nadbiskupa-vuksica\/"},"wordCount":367,"publisher":{"@id":"https:\/\/radioljubuski.ba\/#organization"},"image":{"@id":"https:\/\/radioljubuski.ba\/index.php\/2022\/03\/11\/obavljena-primopredaja-izmedu-kardinala-puljica-i-nadbiskupa-vuksica\/#primaryimage"},"thumbnailUrl":"https:\/\/radioljubuski.ba\/wp-content\/uploads\/2022\/03\/phpThumb_cache_nedjelja.ba__srcb163d120348f4f8f4d2ea5dcf86388aa_par237e4a9ca0b8b807a10bf3329368f378_dat1646908472.jpeg","articleSection":["BIH i regija"],"inLanguage":"hr"},{"@type":"WebPage","@id":"https:\/\/radioljubuski.ba\/index.php\/2022\/03\/11\/obavljena-primopredaja-izmedu-kardinala-puljica-i-nadbiskupa-vuksica\/","url":"https:\/\/radioljubuski.ba\/index.php\/2022\/03\/11\/obavljena-primopredaja-izmedu-kardinala-puljica-i-nadbiskupa-vuksica\/","name":"Obavljena primopredaja izme\u0111u kardinala Pulji\u0107a i nadbiskupa Vuk\u0161i\u0107a - RADIO LJUBU\u0160KI","isPartOf":{"@id":"https:\/\/radioljubuski.ba\/#website"},"primaryImageOfPage":{"@id":"https:\/\/radioljubuski.ba\/index.php\/2022\/03\/11\/obavljena-primopredaja-izmedu-kardinala-puljica-i-nadbiskupa-vuksica\/#primaryimage"},"image":{"@id":"https:\/\/radioljubuski.ba\/index.php\/2022\/03\/11\/obavljena-primopredaja-izmedu-kardinala-puljica-i-nadbiskupa-vuksica\/#primaryimage"},"thumbnailUrl":"https:\/\/radioljubuski.ba\/wp-content\/uploads\/2022\/03\/phpThumb_cache_nedjelja.ba__srcb163d120348f4f8f4d2ea5dcf86388aa_par237e4a9ca0b8b807a10bf3329368f378_dat1646908472.jpeg","datePublished":"2022-03-10T23:07:31+00:00","breadcrumb":{"@id":"https:\/\/radioljubuski.ba\/index.php\/2022\/03\/11\/obavljena-primopredaja-izmedu-kardinala-puljica-i-nadbiskupa-vuksica\/#breadcrumb"},"inLanguage":"hr","potentialAction":[{"@type":"ReadAction","target":["https:\/\/radioljubuski.ba\/index.php\/2022\/03\/11\/obavljena-primopredaja-izmedu-kardinala-puljica-i-nadbiskupa-vuksica\/"]}]},{"@type":"ImageObject","inLanguage":"hr","@id":"https:\/\/radioljubuski.ba\/index.php\/2022\/03\/11\/obavljena-primopredaja-izmedu-kardinala-puljica-i-nadbiskupa-vuksica\/#primaryimage","url":"https:\/\/radioljubuski.ba\/wp-content\/uploads\/2022\/03\/phpThumb_cache_nedjelja.ba__srcb163d120348f4f8f4d2ea5dcf86388aa_par237e4a9ca0b8b807a10bf3329368f378_dat1646908472.jpeg","contentUrl":"https:\/\/radioljubuski.ba\/wp-content\/uploads\/2022\/03\/phpThumb_cache_nedjelja.ba__srcb163d120348f4f8f4d2ea5dcf86388aa_par237e4a9ca0b8b807a10bf3329368f378_dat1646908472.jpeg","width":800,"height":450},{"@type":"BreadcrumbList","@id":"https:\/\/radioljubuski.ba\/index.php\/2022\/03\/11\/obavljena-primopredaja-izmedu-kardinala-puljica-i-nadbiskupa-vuksica\/#breadcrumb","itemListElement":[{"@type":"ListItem","position":1,"name":"Po\u010detna stranica","item":"https:\/\/radioljubuski.ba\/"},{"@type":"ListItem","position":2,"name":"Obavljena primopredaja izme\u0111u kardinala Pulji\u0107a i nadbiskupa Vuk\u0161i\u0107a"}]},{"@type":"WebSite","@id":"https:\/\/radioljubuski.ba\/#website","url":"https:\/\/radioljubuski.ba\/","name":"Radio Ljubu\u0161ki","description":"Sun\u010dana frekvencija Hercegovine","publisher":{"@id":"https:\/\/radioljubuski.ba\/#organization"},"potentialAction":[{"@type":"SearchAction","target":{"@type":"EntryPoint","urlTemplate":"https:\/\/radioljubuski.ba\/?s={search_term_string}"},"query-input":{"@type":"PropertyValueSpecification","valueRequired":true,"valueName":"search_term_string"}}],"inLanguage":"hr"},{"@type":"Organization","@id":"https:\/\/radioljubuski.ba\/#organization","name":"Radio Ljubu\u0161ki","url":"https:\/\/radioljubuski.ba\/","logo":{"@type":"ImageObject","inLanguage":"hr","@id":"https:\/\/radioljubuski.ba\/#\/schema\/logo\/image\/","url":"https:\/\/radioljubuski.ba\/wp-content\/uploads\/2021\/02\/cropped-Radio_Ljubuski_logo1.jpg","contentUrl":"https:\/\/radioljubuski.ba\/wp-content\/uploads\/2021\/02\/cropped-Radio_Ljubuski_logo1.jpg","width":512,"height":512,"caption":"Radio Ljubu\u0161ki"},"image":{"@id":"https:\/\/radioljubuski.ba\/#\/schema\/logo\/image\/"},"sameAs":["https:\/\/www.facebook.com\/Radiio-Ljubuski-1490835324566332","https:\/\/x.com\/radioljubuski","https:\/\/hr.linkedin.com\/company\/radio-ljubuski","https:\/\/www.youtube.com\/channel\/UCHYaeO_n0Db3tjNGudGpXyw"]},{"@type":"Person","@id":"https:\/\/radioljubuski.ba\/#\/schema\/person\/19fc700381a780f69665d7956c469e3b","name":"Radio Ljubu\u0161ki"}]}},"_links":{"self":[{"href":"https:\/\/radioljubuski.ba\/index.php\/wp-json\/wp\/v2\/posts\/120167","targetHints":{"allow":["GET"]}}],"collection":[{"href":"https:\/\/radioljubuski.ba\/index.php\/wp-json\/wp\/v2\/posts"}],"about":[{"href":"https:\/\/radioljubuski.ba\/index.php\/wp-json\/wp\/v2\/types\/post"}],"author":[{"embeddable":true,"href":"https:\/\/radioljubuski.ba\/index.php\/wp-json\/wp\/v2\/users\/2"}],"replies":[{"embeddable":true,"href":"https:\/\/radioljubuski.ba\/index.php\/wp-json\/wp\/v2\/comments?post=120167"}],"version-history":[{"count":1,"href":"https:\/\/radioljubuski.ba\/index.php\/wp-json\/wp\/v2\/posts\/120167\/revisions"}],"predecessor-version":[{"id":120169,"href":"https:\/\/radioljubuski.ba\/index.php\/wp-json\/wp\/v2\/posts\/120167\/revisions\/120169"}],"wp:featuredmedia":[{"embeddable":true,"href":"https:\/\/radioljubuski.ba\/index.php\/wp-json\/wp\/v2\/media\/120168"}],"wp:attachment":[{"href":"https:\/\/radioljubuski.ba\/index.php\/wp-json\/wp\/v2\/media?parent=120167"}],"wp:term":[{"taxonomy":"category","embeddable":true,"href":"https:\/\/radioljubuski.ba\/index.php\/wp-json\/wp\/v2\/categories?post=120167"},{"taxonomy":"post_tag","embeddable":true,"href":"https:\/\/radioljubuski.ba\/index.php\/wp-json\/wp\/v2\/tags?post=120167"}],"curies":[{"name":"wp","href":"https:\/\/api.w.org\/{rel}","templated":true}]}}