{"id":120176,"date":"2022-03-11T00:11:23","date_gmt":"2022-03-10T23:11:23","guid":{"rendered":"https:\/\/radioljubuski.ba\/?p=120176"},"modified":"2022-03-11T00:11:24","modified_gmt":"2022-03-10T23:11:24","slug":"ulazak-u-nato-je-pozeljan-ali-samo-ako-ga-svi-u-bih-zele","status":"publish","type":"post","link":"https:\/\/radioljubuski.ba\/index.php\/2022\/03\/11\/ulazak-u-nato-je-pozeljan-ali-samo-ako-ga-svi-u-bih-zele\/","title":{"rendered":"Ulazak u NATO je po\u017eeljan, ali samo ako ga svi u BiH \u017eele"},"content":{"rendered":"\n<p><strong>Otkad je po\u010dela ruska agresija na Ukrajinu, sve su u\u010destaliji pozivi bo\u0161nja\u010dkih politi\u010dara, pogotovo onih lijeve orijentacije, za ubrzanim ulaskom u NATO i Europsku uniju. Istina, i od strane NATO-a i EU-a dolaze sli\u010dna razmi\u0161ljanja.<\/strong><\/p>\n\n\n\n<p><strong>Pi\u0161e:&nbsp;<\/strong><em><strong>dr. fra Luka Markovi\u0107<\/strong><\/em><strong>, Katoli\u010dki tjednik,&nbsp;<a href=\"https:\/\/www.nedjelja.ba\/hr\/komentari\/bogoslovlje-u-praksi\/ulazak-u-nato-je-pozeljan-ali-samo-ako-ga-svi-u-bih-zele\/24418\">Katoli\u010dki tjednik<\/a><\/strong><\/p>\n\n\n\n<p>Kad je govor o onima koji prizivaju NATO i Europsku uniju, mora se re\u0107i da se ne radi o ljubavi prema zapadnoj civilizaciji i politici, nego o uvjerenju da bi se na taj na\u010din mogla zadr\u017eati vlast. U pitanju je vrlo prozirna i naivna igra, uvjerenje kako bi se muka ukrajinskoga naroda mogla iskoristiti za brzo rje\u0161enje nagomilanih politi\u010dkih problema u BiH. Kao da je to mogu\u0107e jednim dekretom ili potpisom. Sve kad bi Amerikanci doista prihvatili, \u010dak i prisilili, primiti Bosnu i Hercegovinu u NATO, ostaju nagomilani problemi koje se mora rije\u0161iti. A njih rije\u0161iti mogu samo Hrvati, Bo\u0161njaci i Srbi u me\u0111usobnim razgovorima i dogovorima.<\/p>\n\n\n\n<figure class=\"wp-block-image\"><img decoding=\"async\" src=\"https:\/\/hms.ba\/wp-content\/uploads\/2022\/03\/phpThumb_cache_nedjelja.ba__src27ac981556feb722ad69d918034be66b_par237e4a9ca0b8b807a10bf3329368f378_dat1646645226.jpeg\" alt=\"\"\/><\/figure>\n\n\n\n<p><strong>Amerikanci su pokazali kako malo znaju<\/strong><\/p>\n\n\n\n<p>Hrvatima bi zasigurno odgovarao ulazak BiH u NATO i Europsku uniju. Ali ne i ulazak na onaj na\u010din koji bi doveo do sukoba u dr\u017eavi. Bojim se da bo\u0161nja\u010dki politi\u010dari, ne shva\u0107aju kako bi prisilni ulazak u NATO doveo do sukoba, pa i gra\u0111anskoga rata.<\/p>\n\n\n\n<p>Amerikanci, a i mnogi drugi zapadni politi\u010dari, ne znaju puno o BiH, kao \u0161to Amerikanci svojevremeno nisu imali pojma u \u0161to se upu\u0161taju napadom na Irak i Sadama. Da se radilo o nepoznavanju stanja u Iraku govori \u010dinjenica kako mnogi ameri\u010dki politi\u010dari, pa ni oni najva\u017eniji, nisu uzimali ozbiljno \u010dinjenicu da je u Iraku \u017eivjelo gotovo dvostruko vi\u0161e \u0161ijita nego sunita. Sadam je sa svojom manjinskom sunitskom zajednicom \u0161ikanirao arapske \u0161ijite, koji su zbog vjere bili ideolo\u0161ki i politi\u010dki vezani uz Iran. Pad Sadama i sunitske politi\u010dke premo\u0107i, doveo je u Iraku na vlast \u0161ijitsku zajednicu, koja je u dosada\u0161njem ira\u010dkom neprijatelju Iranu vidjela najbli\u017eeg saveznika. Posljedica svih tih doga\u0111anja, od pada Sadama do \u0161ijitske suradnje s Iranom, jest pojava ISIL-a koji i danas zadaje glavobolju u nekim arapskim dr\u017eavama.<\/p>\n\n\n\n<p>Kasnija opravdana pobuna sirijskih sunita protiv tiranije Asada, koji pripada manjinskoj alavitskoj zajednici, bliskoj \u0161ijitima, zavr\u0161ila je tragi\u010dno, i to zbog toga \u0161to je pala pod utjecaj ISIL-a. Obje dr\u017eave, Irak i Sirija, platile su visoku cijenu zapadnoga nepoznavanja dru\u0161tvenih odnosa u tim dr\u017eavama.<\/p>\n\n\n\n<p><strong>Pogrje\u0161no je probleme rje\u0161avati silom<\/strong><\/p>\n\n\n\n<p>Pripadam onima koji su napisali dosta tekstova protiv \u201esrpskoga sveta\u201c i njegova razaraju\u0107ega utjecaja u BiH. Pa, ipak, mislim da bi bilo pogre\u0161no odre\u0111ene probleme rje\u0161avati silom, uz podr\u0161ku NATO-a, jer bi upravo to dovelo do sukoba unutar dr\u017eave Bosne i Hercegovine. Novi sukobi i nova stradanja ne bi odgovarali nikom. A njih bi bilo, jer ogromna ve\u0107ina srpskih politi\u010dara, a ne samo Dodik i njegova stranka, razmi\u0161ljaju u duhu \u201esrpskoga sveta\u201c ili, bolje re\u010deno beogradskoga. Ulazak svih balkanskih zemalja u NATO i Europsku uniju bi zasigurno bilo najbolje rje\u0161enje za sve narode tog trusnoga podru\u010dja.<\/p>\n\n\n\n<p>Na\u017ealost, dokle god srpski narod, a pogotovo beogradska \u010dar\u0161ija \u017eivi od uvjerenja da \u0107e im Rusi jednoga dana omogu\u0107iti dominaciju nad susjednim narodima, bio bi prisilni ulazak BiH u NATO jako riskantan. Srpski narod, na\u017ealost, \u017eivi od la\u017enih sje\u0107anja kako su drugi krivi za sve muke i neostvarene \u017eelje. Bez pro\u010di\u0161\u0107enja tih sje\u0107anja, Beograd i izmanipulirani srpski svijet jo\u0161 \u0107e dugo vremena vjerovati da su im Rusi jedini prijatelji, a zapadna politika za sve kriva. Upravo je zbog toga va\u017eno poraditi na tome da Beograd iskreno prihvati NATO i Europsku uniju kao saveznike. Ukoliko se dogodi to \u010dudo, prihvatit \u0107e NATO i srpski secesionisti u BiH.<\/p>\n\n\n\n<p><strong>Poku\u0161aj zadr\u017eavanja vlasti pod svaku cijenu<\/strong><\/p>\n\n\n\n<p>Bo\u0161njaci koji u ukrajinskoj tragediji vide svoju priliku, moraju napokon shvatiti da se mir u BiH ne posti\u017ee nikakvim prisilnim ulaskom u jedan od vojnih saveza, nego prije svega pronala\u017eenjem onog politi\u010dkoga rje\u0161enja u BiH koje \u0107e prihvatiti sva tri naroda. SAD i NATO mogu u\u010diniti puno za BiH ukoliko potaknu Beograd na realniji odnos prema susjedima, povijesti i politici, ali i Bo\u0161njake korektnijem odnosu prema Hrvatima. Floskule kojima se razbacuju u zadnje vrijeme \u201eKom\u0161i\u0107i\u201c, kako \u0107e ulazak u NATO sprije\u010diti rat u BiH, velika je obmana i poku\u0161aj da se po svaku cijenu zadr\u017ei vlast. Ulazak u NATO da, ali pod uvjetom da ga prihvate svi konstitutivni narodi u BiH. U suprotnom se mo\u017ee dogoditi da do\u0111e do iracionalnih poteza sa srpske strane i novih sukoba. Upravo je to ono \u0161to bi odgovaralo<\/p>\n\n\n\n<p>Rusima. Bojim se da pojedini bo\u0161nja\u010dki politi\u010dari, a u te spadaju i oni profitabilno orijentirani Hrvati koje su birali Bo\u0161njaci, prizivaju na brzi ulazak u NATO s ciljem ostvarenja gra\u0111anske dr\u017eave i minoriziranja nacionalnih problema. A upravo je to opasno, jer mo\u017ee dovesti do novih sukoba na prostoru BiH.<\/p>\n\n\n\n<p><strong>NATO ne\u0107e ratovati za BiH<\/strong><\/p>\n\n\n\n<p>Poku\u0161aj Srba da sa\u010duvaju gra\u0111ansku Jugoslaviju, bolje re\u010deno srpsku, za \u0161to su, na\u017ealost, na po\u010detku imali podr\u0161ku NATO-a i velikoga broja zemalja Europske unije, doveo je do rata. Tako ne\u0161to se mora izbje\u0107i u BiH. Jer do\u0111e li do sukoba, nitko od Amerikanaca, Engleza, Francuza ili Nijemaca ne\u0107e ginuti za interese bilo kojega bosanskohercegova\u010dkoga naroda. Ne \u010dine to niti u Ukrajini. Utoliko se mo\u017ee s pravom re\u0107i da je bolje jo\u0161 deset godina pregovarati, nego ratovati zbog ne\u010dije fiktivne ideje da \u0107e netko sa strane silom omogu\u0107iti centralisti\u010dku BiH u kojoj bi ve\u0107inski narod odlu\u010divao o svemu. Srbi su poku\u0161ali to u Jugoslaviji poslije smrti diktatora Tita, pa je bilo ono \u0161to je bilo. Tako se ne\u0161to ne smije dogoditi u BiH. Ako NATO uvjeri jednoga dana Beograd da mu je mjesto u NATO-u, bit \u0107e za tu ideju puno lak\u0161e motivirati i bosanskohercegova\u010dke Srbe.<\/p>\n\n\n\n<p>\/HMS\/<\/p>\n","protected":false},"excerpt":{"rendered":"<p>Otkad je po\u010dela ruska agresija na Ukrajinu, sve su u\u010destaliji pozivi bo\u0161nja\u010dkih politi\u010dara, pogotovo onih lijeve orijentacije, za ubrzanim ulaskom u NATO i Europsku uniju. Istina, i od strane NATO-a i EU-a dolaze sli\u010dna razmi\u0161ljanja. Pi\u0161e:&nbsp;dr. fra Luka Markovi\u0107, Katoli\u010dki tjednik,&nbsp;Katoli\u010dki tjednik Kad je govor o onima koji prizivaju NATO i Europsku uniju, mora se [&hellip;]<\/p>\n","protected":false},"author":2,"featured_media":111442,"comment_status":"closed","ping_status":"closed","sticky":false,"template":"","format":"standard","meta":{"h5ap_radio_sources":[],"footnotes":""},"categories":[1],"tags":[],"class_list":["post-120176","post","type-post","status-publish","format-standard","has-post-thumbnail","hentry","category-bihiregija"],"yoast_head":"<!-- This site is optimized with the Yoast SEO plugin v27.5 - https:\/\/yoast.com\/product\/yoast-seo-wordpress\/ -->\n<title>Ulazak u NATO je po\u017eeljan, ali samo ako ga svi u BiH \u017eele - RADIO LJUBU\u0160KI<\/title>\n<meta name=\"robots\" content=\"index, follow, max-snippet:-1, max-image-preview:large, max-video-preview:-1\" \/>\n<link rel=\"canonical\" href=\"https:\/\/radioljubuski.ba\/index.php\/2022\/03\/11\/ulazak-u-nato-je-pozeljan-ali-samo-ako-ga-svi-u-bih-zele\/\" \/>\n<meta property=\"og:locale\" content=\"hr_HR\" \/>\n<meta property=\"og:type\" content=\"article\" \/>\n<meta property=\"og:title\" content=\"Ulazak u NATO je po\u017eeljan, ali samo ako ga svi u BiH \u017eele - RADIO LJUBU\u0160KI\" \/>\n<meta property=\"og:description\" content=\"Otkad je po\u010dela ruska agresija na Ukrajinu, sve su u\u010destaliji pozivi bo\u0161nja\u010dkih politi\u010dara, pogotovo onih lijeve orijentacije, za ubrzanim ulaskom u NATO i Europsku uniju. Istina, i od strane NATO-a i EU-a dolaze sli\u010dna razmi\u0161ljanja. Pi\u0161e:&nbsp;dr. fra Luka Markovi\u0107, Katoli\u010dki tjednik,&nbsp;Katoli\u010dki tjednik Kad je govor o onima koji prizivaju NATO i Europsku uniju, mora se [&hellip;]\" \/>\n<meta property=\"og:url\" content=\"https:\/\/radioljubuski.ba\/index.php\/2022\/03\/11\/ulazak-u-nato-je-pozeljan-ali-samo-ako-ga-svi-u-bih-zele\/\" \/>\n<meta property=\"og:site_name\" content=\"RADIO LJUBU\u0160KI\" \/>\n<meta property=\"article:publisher\" content=\"https:\/\/www.facebook.com\/Radiio-Ljubuski-1490835324566332\" \/>\n<meta property=\"article:published_time\" content=\"2022-03-10T23:11:23+00:00\" \/>\n<meta property=\"article:modified_time\" content=\"2022-03-10T23:11:24+00:00\" \/>\n<meta property=\"og:image\" content=\"https:\/\/radioljubuski.ba\/wp-content\/uploads\/2022\/02\/fra_luka_markovic.jpg\" \/>\n\t<meta property=\"og:image:width\" content=\"765\" \/>\n\t<meta property=\"og:image:height\" content=\"598\" \/>\n\t<meta property=\"og:image:type\" content=\"image\/jpeg\" \/>\n<meta name=\"author\" content=\"Radio Ljubu\u0161ki\" \/>\n<meta name=\"twitter:card\" content=\"summary_large_image\" \/>\n<meta name=\"twitter:creator\" content=\"@radioljubuski\" \/>\n<meta name=\"twitter:site\" content=\"@radioljubuski\" \/>\n<meta name=\"twitter:label1\" content=\"Napisao\/la\" \/>\n\t<meta name=\"twitter:data1\" content=\"Radio Ljubu\u0161ki\" \/>\n\t<meta name=\"twitter:label2\" content=\"Procijenjeno vrijeme \u010ditanja\" \/>\n\t<meta name=\"twitter:data2\" content=\"5 minuta\" \/>\n<script type=\"application\/ld+json\" class=\"yoast-schema-graph\">{\"@context\":\"https:\\\/\\\/schema.org\",\"@graph\":[{\"@type\":\"Article\",\"@id\":\"https:\\\/\\\/radioljubuski.ba\\\/index.php\\\/2022\\\/03\\\/11\\\/ulazak-u-nato-je-pozeljan-ali-samo-ako-ga-svi-u-bih-zele\\\/#article\",\"isPartOf\":{\"@id\":\"https:\\\/\\\/radioljubuski.ba\\\/index.php\\\/2022\\\/03\\\/11\\\/ulazak-u-nato-je-pozeljan-ali-samo-ako-ga-svi-u-bih-zele\\\/\"},\"author\":{\"name\":\"Radio Ljubu\u0161ki\",\"@id\":\"https:\\\/\\\/radioljubuski.ba\\\/#\\\/schema\\\/person\\\/19fc700381a780f69665d7956c469e3b\"},\"headline\":\"Ulazak u NATO je po\u017eeljan, ali samo ako ga svi u BiH \u017eele\",\"datePublished\":\"2022-03-10T23:11:23+00:00\",\"dateModified\":\"2022-03-10T23:11:24+00:00\",\"mainEntityOfPage\":{\"@id\":\"https:\\\/\\\/radioljubuski.ba\\\/index.php\\\/2022\\\/03\\\/11\\\/ulazak-u-nato-je-pozeljan-ali-samo-ako-ga-svi-u-bih-zele\\\/\"},\"wordCount\":1057,\"publisher\":{\"@id\":\"https:\\\/\\\/radioljubuski.ba\\\/#organization\"},\"image\":{\"@id\":\"https:\\\/\\\/radioljubuski.ba\\\/index.php\\\/2022\\\/03\\\/11\\\/ulazak-u-nato-je-pozeljan-ali-samo-ako-ga-svi-u-bih-zele\\\/#primaryimage\"},\"thumbnailUrl\":\"https:\\\/\\\/radioljubuski.ba\\\/wp-content\\\/uploads\\\/2022\\\/02\\\/fra_luka_markovic.jpg\",\"articleSection\":[\"BIH i regija\"],\"inLanguage\":\"hr\"},{\"@type\":\"WebPage\",\"@id\":\"https:\\\/\\\/radioljubuski.ba\\\/index.php\\\/2022\\\/03\\\/11\\\/ulazak-u-nato-je-pozeljan-ali-samo-ako-ga-svi-u-bih-zele\\\/\",\"url\":\"https:\\\/\\\/radioljubuski.ba\\\/index.php\\\/2022\\\/03\\\/11\\\/ulazak-u-nato-je-pozeljan-ali-samo-ako-ga-svi-u-bih-zele\\\/\",\"name\":\"Ulazak u NATO je po\u017eeljan, ali samo ako ga svi u BiH \u017eele - RADIO LJUBU\u0160KI\",\"isPartOf\":{\"@id\":\"https:\\\/\\\/radioljubuski.ba\\\/#website\"},\"primaryImageOfPage\":{\"@id\":\"https:\\\/\\\/radioljubuski.ba\\\/index.php\\\/2022\\\/03\\\/11\\\/ulazak-u-nato-je-pozeljan-ali-samo-ako-ga-svi-u-bih-zele\\\/#primaryimage\"},\"image\":{\"@id\":\"https:\\\/\\\/radioljubuski.ba\\\/index.php\\\/2022\\\/03\\\/11\\\/ulazak-u-nato-je-pozeljan-ali-samo-ako-ga-svi-u-bih-zele\\\/#primaryimage\"},\"thumbnailUrl\":\"https:\\\/\\\/radioljubuski.ba\\\/wp-content\\\/uploads\\\/2022\\\/02\\\/fra_luka_markovic.jpg\",\"datePublished\":\"2022-03-10T23:11:23+00:00\",\"dateModified\":\"2022-03-10T23:11:24+00:00\",\"breadcrumb\":{\"@id\":\"https:\\\/\\\/radioljubuski.ba\\\/index.php\\\/2022\\\/03\\\/11\\\/ulazak-u-nato-je-pozeljan-ali-samo-ako-ga-svi-u-bih-zele\\\/#breadcrumb\"},\"inLanguage\":\"hr\",\"potentialAction\":[{\"@type\":\"ReadAction\",\"target\":[\"https:\\\/\\\/radioljubuski.ba\\\/index.php\\\/2022\\\/03\\\/11\\\/ulazak-u-nato-je-pozeljan-ali-samo-ako-ga-svi-u-bih-zele\\\/\"]}]},{\"@type\":\"ImageObject\",\"inLanguage\":\"hr\",\"@id\":\"https:\\\/\\\/radioljubuski.ba\\\/index.php\\\/2022\\\/03\\\/11\\\/ulazak-u-nato-je-pozeljan-ali-samo-ako-ga-svi-u-bih-zele\\\/#primaryimage\",\"url\":\"https:\\\/\\\/radioljubuski.ba\\\/wp-content\\\/uploads\\\/2022\\\/02\\\/fra_luka_markovic.jpg\",\"contentUrl\":\"https:\\\/\\\/radioljubuski.ba\\\/wp-content\\\/uploads\\\/2022\\\/02\\\/fra_luka_markovic.jpg\",\"width\":765,\"height\":598},{\"@type\":\"BreadcrumbList\",\"@id\":\"https:\\\/\\\/radioljubuski.ba\\\/index.php\\\/2022\\\/03\\\/11\\\/ulazak-u-nato-je-pozeljan-ali-samo-ako-ga-svi-u-bih-zele\\\/#breadcrumb\",\"itemListElement\":[{\"@type\":\"ListItem\",\"position\":1,\"name\":\"Po\u010detna stranica\",\"item\":\"https:\\\/\\\/radioljubuski.ba\\\/\"},{\"@type\":\"ListItem\",\"position\":2,\"name\":\"Ulazak u NATO je po\u017eeljan, ali samo ako ga svi u BiH \u017eele\"}]},{\"@type\":\"WebSite\",\"@id\":\"https:\\\/\\\/radioljubuski.ba\\\/#website\",\"url\":\"https:\\\/\\\/radioljubuski.ba\\\/\",\"name\":\"Radio Ljubu\u0161ki\",\"description\":\"Sun\u010dana frekvencija Hercegovine\",\"publisher\":{\"@id\":\"https:\\\/\\\/radioljubuski.ba\\\/#organization\"},\"potentialAction\":[{\"@type\":\"SearchAction\",\"target\":{\"@type\":\"EntryPoint\",\"urlTemplate\":\"https:\\\/\\\/radioljubuski.ba\\\/?s={search_term_string}\"},\"query-input\":{\"@type\":\"PropertyValueSpecification\",\"valueRequired\":true,\"valueName\":\"search_term_string\"}}],\"inLanguage\":\"hr\"},{\"@type\":\"Organization\",\"@id\":\"https:\\\/\\\/radioljubuski.ba\\\/#organization\",\"name\":\"Radio Ljubu\u0161ki\",\"url\":\"https:\\\/\\\/radioljubuski.ba\\\/\",\"logo\":{\"@type\":\"ImageObject\",\"inLanguage\":\"hr\",\"@id\":\"https:\\\/\\\/radioljubuski.ba\\\/#\\\/schema\\\/logo\\\/image\\\/\",\"url\":\"https:\\\/\\\/radioljubuski.ba\\\/wp-content\\\/uploads\\\/2021\\\/02\\\/cropped-Radio_Ljubuski_logo1.jpg\",\"contentUrl\":\"https:\\\/\\\/radioljubuski.ba\\\/wp-content\\\/uploads\\\/2021\\\/02\\\/cropped-Radio_Ljubuski_logo1.jpg\",\"width\":512,\"height\":512,\"caption\":\"Radio Ljubu\u0161ki\"},\"image\":{\"@id\":\"https:\\\/\\\/radioljubuski.ba\\\/#\\\/schema\\\/logo\\\/image\\\/\"},\"sameAs\":[\"https:\\\/\\\/www.facebook.com\\\/Radiio-Ljubuski-1490835324566332\",\"https:\\\/\\\/x.com\\\/radioljubuski\",\"https:\\\/\\\/hr.linkedin.com\\\/company\\\/radio-ljubuski\",\"https:\\\/\\\/www.youtube.com\\\/channel\\\/UCHYaeO_n0Db3tjNGudGpXyw\"]},{\"@type\":\"Person\",\"@id\":\"https:\\\/\\\/radioljubuski.ba\\\/#\\\/schema\\\/person\\\/19fc700381a780f69665d7956c469e3b\",\"name\":\"Radio Ljubu\u0161ki\"}]}<\/script>\n<!-- \/ Yoast SEO plugin. -->","yoast_head_json":{"title":"Ulazak u NATO je po\u017eeljan, ali samo ako ga svi u BiH \u017eele - RADIO LJUBU\u0160KI","robots":{"index":"index","follow":"follow","max-snippet":"max-snippet:-1","max-image-preview":"max-image-preview:large","max-video-preview":"max-video-preview:-1"},"canonical":"https:\/\/radioljubuski.ba\/index.php\/2022\/03\/11\/ulazak-u-nato-je-pozeljan-ali-samo-ako-ga-svi-u-bih-zele\/","og_locale":"hr_HR","og_type":"article","og_title":"Ulazak u NATO je po\u017eeljan, ali samo ako ga svi u BiH \u017eele - RADIO LJUBU\u0160KI","og_description":"Otkad je po\u010dela ruska agresija na Ukrajinu, sve su u\u010destaliji pozivi bo\u0161nja\u010dkih politi\u010dara, pogotovo onih lijeve orijentacije, za ubrzanim ulaskom u NATO i Europsku uniju. Istina, i od strane NATO-a i EU-a dolaze sli\u010dna razmi\u0161ljanja. Pi\u0161e:&nbsp;dr. fra Luka Markovi\u0107, Katoli\u010dki tjednik,&nbsp;Katoli\u010dki tjednik Kad je govor o onima koji prizivaju NATO i Europsku uniju, mora se [&hellip;]","og_url":"https:\/\/radioljubuski.ba\/index.php\/2022\/03\/11\/ulazak-u-nato-je-pozeljan-ali-samo-ako-ga-svi-u-bih-zele\/","og_site_name":"RADIO LJUBU\u0160KI","article_publisher":"https:\/\/www.facebook.com\/Radiio-Ljubuski-1490835324566332","article_published_time":"2022-03-10T23:11:23+00:00","article_modified_time":"2022-03-10T23:11:24+00:00","og_image":[{"width":765,"height":598,"url":"https:\/\/radioljubuski.ba\/wp-content\/uploads\/2022\/02\/fra_luka_markovic.jpg","type":"image\/jpeg"}],"author":"Radio Ljubu\u0161ki","twitter_card":"summary_large_image","twitter_creator":"@radioljubuski","twitter_site":"@radioljubuski","twitter_misc":{"Napisao\/la":"Radio Ljubu\u0161ki","Procijenjeno vrijeme \u010ditanja":"5 minuta"},"schema":{"@context":"https:\/\/schema.org","@graph":[{"@type":"Article","@id":"https:\/\/radioljubuski.ba\/index.php\/2022\/03\/11\/ulazak-u-nato-je-pozeljan-ali-samo-ako-ga-svi-u-bih-zele\/#article","isPartOf":{"@id":"https:\/\/radioljubuski.ba\/index.php\/2022\/03\/11\/ulazak-u-nato-je-pozeljan-ali-samo-ako-ga-svi-u-bih-zele\/"},"author":{"name":"Radio Ljubu\u0161ki","@id":"https:\/\/radioljubuski.ba\/#\/schema\/person\/19fc700381a780f69665d7956c469e3b"},"headline":"Ulazak u NATO je po\u017eeljan, ali samo ako ga svi u BiH \u017eele","datePublished":"2022-03-10T23:11:23+00:00","dateModified":"2022-03-10T23:11:24+00:00","mainEntityOfPage":{"@id":"https:\/\/radioljubuski.ba\/index.php\/2022\/03\/11\/ulazak-u-nato-je-pozeljan-ali-samo-ako-ga-svi-u-bih-zele\/"},"wordCount":1057,"publisher":{"@id":"https:\/\/radioljubuski.ba\/#organization"},"image":{"@id":"https:\/\/radioljubuski.ba\/index.php\/2022\/03\/11\/ulazak-u-nato-je-pozeljan-ali-samo-ako-ga-svi-u-bih-zele\/#primaryimage"},"thumbnailUrl":"https:\/\/radioljubuski.ba\/wp-content\/uploads\/2022\/02\/fra_luka_markovic.jpg","articleSection":["BIH i regija"],"inLanguage":"hr"},{"@type":"WebPage","@id":"https:\/\/radioljubuski.ba\/index.php\/2022\/03\/11\/ulazak-u-nato-je-pozeljan-ali-samo-ako-ga-svi-u-bih-zele\/","url":"https:\/\/radioljubuski.ba\/index.php\/2022\/03\/11\/ulazak-u-nato-je-pozeljan-ali-samo-ako-ga-svi-u-bih-zele\/","name":"Ulazak u NATO je po\u017eeljan, ali samo ako ga svi u BiH \u017eele - RADIO LJUBU\u0160KI","isPartOf":{"@id":"https:\/\/radioljubuski.ba\/#website"},"primaryImageOfPage":{"@id":"https:\/\/radioljubuski.ba\/index.php\/2022\/03\/11\/ulazak-u-nato-je-pozeljan-ali-samo-ako-ga-svi-u-bih-zele\/#primaryimage"},"image":{"@id":"https:\/\/radioljubuski.ba\/index.php\/2022\/03\/11\/ulazak-u-nato-je-pozeljan-ali-samo-ako-ga-svi-u-bih-zele\/#primaryimage"},"thumbnailUrl":"https:\/\/radioljubuski.ba\/wp-content\/uploads\/2022\/02\/fra_luka_markovic.jpg","datePublished":"2022-03-10T23:11:23+00:00","dateModified":"2022-03-10T23:11:24+00:00","breadcrumb":{"@id":"https:\/\/radioljubuski.ba\/index.php\/2022\/03\/11\/ulazak-u-nato-je-pozeljan-ali-samo-ako-ga-svi-u-bih-zele\/#breadcrumb"},"inLanguage":"hr","potentialAction":[{"@type":"ReadAction","target":["https:\/\/radioljubuski.ba\/index.php\/2022\/03\/11\/ulazak-u-nato-je-pozeljan-ali-samo-ako-ga-svi-u-bih-zele\/"]}]},{"@type":"ImageObject","inLanguage":"hr","@id":"https:\/\/radioljubuski.ba\/index.php\/2022\/03\/11\/ulazak-u-nato-je-pozeljan-ali-samo-ako-ga-svi-u-bih-zele\/#primaryimage","url":"https:\/\/radioljubuski.ba\/wp-content\/uploads\/2022\/02\/fra_luka_markovic.jpg","contentUrl":"https:\/\/radioljubuski.ba\/wp-content\/uploads\/2022\/02\/fra_luka_markovic.jpg","width":765,"height":598},{"@type":"BreadcrumbList","@id":"https:\/\/radioljubuski.ba\/index.php\/2022\/03\/11\/ulazak-u-nato-je-pozeljan-ali-samo-ako-ga-svi-u-bih-zele\/#breadcrumb","itemListElement":[{"@type":"ListItem","position":1,"name":"Po\u010detna stranica","item":"https:\/\/radioljubuski.ba\/"},{"@type":"ListItem","position":2,"name":"Ulazak u NATO je po\u017eeljan, ali samo ako ga svi u BiH \u017eele"}]},{"@type":"WebSite","@id":"https:\/\/radioljubuski.ba\/#website","url":"https:\/\/radioljubuski.ba\/","name":"Radio Ljubu\u0161ki","description":"Sun\u010dana frekvencija Hercegovine","publisher":{"@id":"https:\/\/radioljubuski.ba\/#organization"},"potentialAction":[{"@type":"SearchAction","target":{"@type":"EntryPoint","urlTemplate":"https:\/\/radioljubuski.ba\/?s={search_term_string}"},"query-input":{"@type":"PropertyValueSpecification","valueRequired":true,"valueName":"search_term_string"}}],"inLanguage":"hr"},{"@type":"Organization","@id":"https:\/\/radioljubuski.ba\/#organization","name":"Radio Ljubu\u0161ki","url":"https:\/\/radioljubuski.ba\/","logo":{"@type":"ImageObject","inLanguage":"hr","@id":"https:\/\/radioljubuski.ba\/#\/schema\/logo\/image\/","url":"https:\/\/radioljubuski.ba\/wp-content\/uploads\/2021\/02\/cropped-Radio_Ljubuski_logo1.jpg","contentUrl":"https:\/\/radioljubuski.ba\/wp-content\/uploads\/2021\/02\/cropped-Radio_Ljubuski_logo1.jpg","width":512,"height":512,"caption":"Radio Ljubu\u0161ki"},"image":{"@id":"https:\/\/radioljubuski.ba\/#\/schema\/logo\/image\/"},"sameAs":["https:\/\/www.facebook.com\/Radiio-Ljubuski-1490835324566332","https:\/\/x.com\/radioljubuski","https:\/\/hr.linkedin.com\/company\/radio-ljubuski","https:\/\/www.youtube.com\/channel\/UCHYaeO_n0Db3tjNGudGpXyw"]},{"@type":"Person","@id":"https:\/\/radioljubuski.ba\/#\/schema\/person\/19fc700381a780f69665d7956c469e3b","name":"Radio Ljubu\u0161ki"}]}},"_links":{"self":[{"href":"https:\/\/radioljubuski.ba\/index.php\/wp-json\/wp\/v2\/posts\/120176","targetHints":{"allow":["GET"]}}],"collection":[{"href":"https:\/\/radioljubuski.ba\/index.php\/wp-json\/wp\/v2\/posts"}],"about":[{"href":"https:\/\/radioljubuski.ba\/index.php\/wp-json\/wp\/v2\/types\/post"}],"author":[{"embeddable":true,"href":"https:\/\/radioljubuski.ba\/index.php\/wp-json\/wp\/v2\/users\/2"}],"replies":[{"embeddable":true,"href":"https:\/\/radioljubuski.ba\/index.php\/wp-json\/wp\/v2\/comments?post=120176"}],"version-history":[{"count":1,"href":"https:\/\/radioljubuski.ba\/index.php\/wp-json\/wp\/v2\/posts\/120176\/revisions"}],"predecessor-version":[{"id":120177,"href":"https:\/\/radioljubuski.ba\/index.php\/wp-json\/wp\/v2\/posts\/120176\/revisions\/120177"}],"wp:featuredmedia":[{"embeddable":true,"href":"https:\/\/radioljubuski.ba\/index.php\/wp-json\/wp\/v2\/media\/111442"}],"wp:attachment":[{"href":"https:\/\/radioljubuski.ba\/index.php\/wp-json\/wp\/v2\/media?parent=120176"}],"wp:term":[{"taxonomy":"category","embeddable":true,"href":"https:\/\/radioljubuski.ba\/index.php\/wp-json\/wp\/v2\/categories?post=120176"},{"taxonomy":"post_tag","embeddable":true,"href":"https:\/\/radioljubuski.ba\/index.php\/wp-json\/wp\/v2\/tags?post=120176"}],"curies":[{"name":"wp","href":"https:\/\/api.w.org\/{rel}","templated":true}]}}