{"id":120178,"date":"2022-03-11T00:12:59","date_gmt":"2022-03-10T23:12:59","guid":{"rendered":"https:\/\/radioljubuski.ba\/?p=120178"},"modified":"2022-03-11T00:13:01","modified_gmt":"2022-03-10T23:13:01","slug":"koncem-ozujka-trebalo-bi-biti-poznato-hoce-li-biti-ista-od-novog-izbornog-zakona","status":"publish","type":"post","link":"https:\/\/radioljubuski.ba\/index.php\/2022\/03\/11\/koncem-ozujka-trebalo-bi-biti-poznato-hoce-li-biti-ista-od-novog-izbornog-zakona\/","title":{"rendered":"Koncem o\u017eujka trebalo bi biti poznato ho\u0107e li biti i\u0161ta od novog Izbornog zakona"},"content":{"rendered":"\n<p><strong>Posljednji krug pregovora o izmjenama Izbornog zakona koji je trebao biti odr\u017ean u Mostaru 22. velja\u010de je propao, jer se na sastanku nitko nije pojavio, objavljeno je u Dnevniku BHRT-a, a prenosi Hrvatski Medijski Servis.<\/strong><\/p>\n\n\n\n<iframe loading=\"lazy\" title=\"Kada \u0107e do\u0107i do susreta oko izmjena Izbornog zakona?\" width=\"640\" height=\"360\" src=\"https:\/\/www.youtube.com\/embed\/L8gEKVxM328?start=1&#038;feature=oembed\" frameborder=\"0\" allow=\"accelerometer; autoplay; clipboard-write; encrypted-media; gyroscope; picture-in-picture; web-share\" referrerpolicy=\"strict-origin-when-cross-origin\" allowfullscreen><\/iframe>\n\n\n\n<p>BHRT doznaje da su ekspertne skupine u me\u0111uvremenu obavile nekoliko sastanaka oko tehni\u010dkih modela izmjene Izbornoga zakona. Do intenziviranja pregovora trebalo bi do\u0107i nakon odr\u017eavanja saslu\u0161anja o BiH na odboru za vanjske poslove Europskog parlamenta, koje \u0107e biti odr\u017eano 14. i 15. o\u017eujka.<\/p>\n\n\n\n<p>Posljednji koji je medijima spomenuo mogu\u0107nost nastavka pregovora bio je predsjednik SDA, Bakir Izetbegovi\u0107, koji je sugerirao kako se ovoga mjeseca mo\u017ee o\u010dekivati novi sastanak.<\/p>\n\n\n\n<p>\u201cIma dakle \u017eelje i spremnosti odvijaju se konzultacije nije nemogu\u0107e da u prvoj polovici ovoga mjeseca do\u0111e do nekog finalnog susreta, kada hrvatska strana prihvati \u0161to joj nude me\u0111unarodni posrednici i kada prihvati da ne mo\u017ee blokirati Federaciju\u201d, kazao je prije nekoliko dana predsjednik SDA.<\/p>\n\n\n\n<p>Da \u0107e do nastavka pregovora do\u0107i nakon novih pritisaka iz EU i SAD uvjeren je i jedan od pregovara\u010da, \u010delnik HDZ 1990, Ilija Cvitanovi\u0107.<\/p>\n\n\n\n<p>-Kako vrijeme izmi\u010de kako tenzije rastu kako gubimo prostor za dogovor zbog vremena kada se trebaju raspisati izbori, odnosima u Europi agresijom Rusije na Ukrajinu stvari se drasti\u010dno mijenjaju i siguran sam da \u0107e ameri\u010dka i europska administracija dodatno intenzivirati svoj pritisak na neodgovorne bh. politi\u010dare da se napokon do\u0111e do promjene Izbornoga zakona i do rje\u0161enja ove krizne situacije, ranije je kazao Cvitanovi\u0107.<\/p>\n\n\n\n<p>Posebni ameri\u010dki izaslanik za Zapadni Balkan, Gabriel Escobar, za HRT je izjavio kako su reforme Izbornoga zakona nu\u017ene i hitne.<\/p>\n\n\n\n<p>Politolog Martin Mikuli\u0107 smatra kako bi na temelju takvog stava SAD-a uskoro moglo do\u0107i do pokretanja zaustavljenih pregovara\u010dkih procesa.<\/p>\n\n\n\n<p>-Ako ozbiljne poruke da su reforme nu\u017ene dolaze od posebnog izaslanika SAD-a od ameri\u010dkih senatora i imamo najavljen strate\u0161ki dijalog Hrvatske i SAD-a u Washingtonu koji bi se trebao odr\u017eati u o\u017eujku, mislim da su to jasni indikatori da \u0107e se taj proces ubrzati, trenutno stagnira, ali kad se odre\u0111eni razgovori dogode mislim da se mo\u017ee o\u010dekivati u sljede\u0107ih 15-20 dana da \u0107e pregovara\u010di sjesti za stol uz sna\u017enu medijaciju me\u0111unarodne zajednice, kazao je Mikuli\u0107 za BHRT.<\/p>\n\n\n\n<p>Iako smatra da je prerano da se donose kona\u010dni zaklju\u010dci, politi\u010dki analiti\u010dar Adnan Huski\u0107 smatra kako postoji mogu\u0107nost da odre\u0111ene veze Dragana \u010covi\u0107a s Rusijom mogu \u0161tetiti njegovoj pregovara\u010dkoj poziciji.<\/p>\n\n\n\n<p>-Mogla bi se pojaviti odre\u0111ena pitanja u smislu kredibiliteta ljudi koji su se jasno izrazili i predstavili kao ljudi bliski poziciji Rusije u ovom procesu i to na paradoksalan na\u010din. Imate Dragana \u010covi\u0107a, ali ne vidim da je to na bilo koji na\u010din utjecalo na sadr\u017eaj razgovora. Tako da mislim da ih treba jo\u0161 uvijek promatrati odvojeno, rekao je Huski\u0107 za BHRT.<\/p>\n\n\n\n<p>Kontaktirali su novinari BHRT-a vi\u0161e pregovara\u010da iz Neuma s pitanjem postoji li neki okvirni datum sljede\u0107e runde pregovora oko izmjena Izbornog zakona i od svih su dobili negativan odgovor.<\/p>\n\n\n\n<p>Zna\u010di li trenutno zati\u0161je da su pregovara\u010di uzeli malo vremena da konsolidiraju redove i pri\u010dekaju zaklju\u010dke odbora za vanjsku politike Europskog parlamenta ili je ovo znak da do dogovora ne\u0107e ni do\u0107i trebalo bi biti potpuno jasno do kraja ovoga mjeseca.<\/p>\n\n\n\n<p>\/HMS\/<\/p>\n","protected":false},"excerpt":{"rendered":"<p>Posljednji krug pregovora o izmjenama Izbornog zakona koji je trebao biti odr\u017ean u Mostaru 22. velja\u010de je propao, jer se na sastanku nitko nije pojavio, objavljeno je u Dnevniku BHRT-a, a prenosi Hrvatski Medijski Servis. BHRT doznaje da su ekspertne skupine u me\u0111uvremenu obavile nekoliko sastanaka oko tehni\u010dkih modela izmjene Izbornoga zakona. Do intenziviranja pregovora [&hellip;]<\/p>\n","protected":false},"author":2,"featured_media":120179,"comment_status":"closed","ping_status":"closed","sticky":false,"template":"","format":"standard","meta":{"h5ap_radio_sources":[],"footnotes":""},"categories":[1],"tags":[],"class_list":["post-120178","post","type-post","status-publish","format-standard","has-post-thumbnail","hentry","category-bihiregija"],"yoast_head":"<!-- This site is optimized with the Yoast SEO plugin v27.5 - https:\/\/yoast.com\/product\/yoast-seo-wordpress\/ -->\n<title>Koncem o\u017eujka trebalo bi biti poznato ho\u0107e li biti i\u0161ta od novog Izbornog zakona - RADIO LJUBU\u0160KI<\/title>\n<meta name=\"robots\" content=\"index, follow, max-snippet:-1, max-image-preview:large, max-video-preview:-1\" \/>\n<link rel=\"canonical\" href=\"https:\/\/radioljubuski.ba\/index.php\/2022\/03\/11\/koncem-ozujka-trebalo-bi-biti-poznato-hoce-li-biti-ista-od-novog-izbornog-zakona\/\" \/>\n<meta property=\"og:locale\" content=\"hr_HR\" \/>\n<meta property=\"og:type\" content=\"article\" \/>\n<meta property=\"og:title\" content=\"Koncem o\u017eujka trebalo bi biti poznato ho\u0107e li biti i\u0161ta od novog Izbornog zakona - RADIO LJUBU\u0160KI\" \/>\n<meta property=\"og:description\" content=\"Posljednji krug pregovora o izmjenama Izbornog zakona koji je trebao biti odr\u017ean u Mostaru 22. velja\u010de je propao, jer se na sastanku nitko nije pojavio, objavljeno je u Dnevniku BHRT-a, a prenosi Hrvatski Medijski Servis. BHRT doznaje da su ekspertne skupine u me\u0111uvremenu obavile nekoliko sastanaka oko tehni\u010dkih modela izmjene Izbornoga zakona. Do intenziviranja pregovora [&hellip;]\" \/>\n<meta property=\"og:url\" content=\"https:\/\/radioljubuski.ba\/index.php\/2022\/03\/11\/koncem-ozujka-trebalo-bi-biti-poznato-hoce-li-biti-ista-od-novog-izbornog-zakona\/\" \/>\n<meta property=\"og:site_name\" content=\"RADIO LJUBU\u0160KI\" \/>\n<meta property=\"article:publisher\" content=\"https:\/\/www.facebook.com\/Radiio-Ljubuski-1490835324566332\" \/>\n<meta property=\"article:published_time\" content=\"2022-03-10T23:12:59+00:00\" \/>\n<meta property=\"article:modified_time\" content=\"2022-03-10T23:13:01+00:00\" \/>\n<meta property=\"og:image\" content=\"https:\/\/radioljubuski.ba\/wp-content\/uploads\/2022\/03\/pregovori-izborni-zakon1.jpeg\" \/>\n\t<meta property=\"og:image:width\" content=\"960\" \/>\n\t<meta property=\"og:image:height\" content=\"540\" \/>\n\t<meta property=\"og:image:type\" content=\"image\/jpeg\" \/>\n<meta name=\"author\" content=\"Radio Ljubu\u0161ki\" \/>\n<meta name=\"twitter:card\" content=\"summary_large_image\" \/>\n<meta name=\"twitter:creator\" content=\"@radioljubuski\" \/>\n<meta name=\"twitter:site\" content=\"@radioljubuski\" \/>\n<meta name=\"twitter:label1\" content=\"Napisao\/la\" \/>\n\t<meta name=\"twitter:data1\" content=\"Radio Ljubu\u0161ki\" \/>\n\t<meta name=\"twitter:label2\" content=\"Procijenjeno vrijeme \u010ditanja\" \/>\n\t<meta name=\"twitter:data2\" content=\"3 minute\" \/>\n<script type=\"application\/ld+json\" class=\"yoast-schema-graph\">{\"@context\":\"https:\\\/\\\/schema.org\",\"@graph\":[{\"@type\":\"Article\",\"@id\":\"https:\\\/\\\/radioljubuski.ba\\\/index.php\\\/2022\\\/03\\\/11\\\/koncem-ozujka-trebalo-bi-biti-poznato-hoce-li-biti-ista-od-novog-izbornog-zakona\\\/#article\",\"isPartOf\":{\"@id\":\"https:\\\/\\\/radioljubuski.ba\\\/index.php\\\/2022\\\/03\\\/11\\\/koncem-ozujka-trebalo-bi-biti-poznato-hoce-li-biti-ista-od-novog-izbornog-zakona\\\/\"},\"author\":{\"name\":\"Radio Ljubu\u0161ki\",\"@id\":\"https:\\\/\\\/radioljubuski.ba\\\/#\\\/schema\\\/person\\\/19fc700381a780f69665d7956c469e3b\"},\"headline\":\"Koncem o\u017eujka trebalo bi biti poznato ho\u0107e li biti i\u0161ta od novog Izbornog zakona\",\"datePublished\":\"2022-03-10T23:12:59+00:00\",\"dateModified\":\"2022-03-10T23:13:01+00:00\",\"mainEntityOfPage\":{\"@id\":\"https:\\\/\\\/radioljubuski.ba\\\/index.php\\\/2022\\\/03\\\/11\\\/koncem-ozujka-trebalo-bi-biti-poznato-hoce-li-biti-ista-od-novog-izbornog-zakona\\\/\"},\"wordCount\":601,\"publisher\":{\"@id\":\"https:\\\/\\\/radioljubuski.ba\\\/#organization\"},\"image\":{\"@id\":\"https:\\\/\\\/radioljubuski.ba\\\/index.php\\\/2022\\\/03\\\/11\\\/koncem-ozujka-trebalo-bi-biti-poznato-hoce-li-biti-ista-od-novog-izbornog-zakona\\\/#primaryimage\"},\"thumbnailUrl\":\"https:\\\/\\\/radioljubuski.ba\\\/wp-content\\\/uploads\\\/2022\\\/03\\\/pregovori-izborni-zakon1.jpeg\",\"articleSection\":[\"BIH i regija\"],\"inLanguage\":\"hr\"},{\"@type\":\"WebPage\",\"@id\":\"https:\\\/\\\/radioljubuski.ba\\\/index.php\\\/2022\\\/03\\\/11\\\/koncem-ozujka-trebalo-bi-biti-poznato-hoce-li-biti-ista-od-novog-izbornog-zakona\\\/\",\"url\":\"https:\\\/\\\/radioljubuski.ba\\\/index.php\\\/2022\\\/03\\\/11\\\/koncem-ozujka-trebalo-bi-biti-poznato-hoce-li-biti-ista-od-novog-izbornog-zakona\\\/\",\"name\":\"Koncem o\u017eujka trebalo bi biti poznato ho\u0107e li biti i\u0161ta od novog Izbornog zakona - RADIO LJUBU\u0160KI\",\"isPartOf\":{\"@id\":\"https:\\\/\\\/radioljubuski.ba\\\/#website\"},\"primaryImageOfPage\":{\"@id\":\"https:\\\/\\\/radioljubuski.ba\\\/index.php\\\/2022\\\/03\\\/11\\\/koncem-ozujka-trebalo-bi-biti-poznato-hoce-li-biti-ista-od-novog-izbornog-zakona\\\/#primaryimage\"},\"image\":{\"@id\":\"https:\\\/\\\/radioljubuski.ba\\\/index.php\\\/2022\\\/03\\\/11\\\/koncem-ozujka-trebalo-bi-biti-poznato-hoce-li-biti-ista-od-novog-izbornog-zakona\\\/#primaryimage\"},\"thumbnailUrl\":\"https:\\\/\\\/radioljubuski.ba\\\/wp-content\\\/uploads\\\/2022\\\/03\\\/pregovori-izborni-zakon1.jpeg\",\"datePublished\":\"2022-03-10T23:12:59+00:00\",\"dateModified\":\"2022-03-10T23:13:01+00:00\",\"breadcrumb\":{\"@id\":\"https:\\\/\\\/radioljubuski.ba\\\/index.php\\\/2022\\\/03\\\/11\\\/koncem-ozujka-trebalo-bi-biti-poznato-hoce-li-biti-ista-od-novog-izbornog-zakona\\\/#breadcrumb\"},\"inLanguage\":\"hr\",\"potentialAction\":[{\"@type\":\"ReadAction\",\"target\":[\"https:\\\/\\\/radioljubuski.ba\\\/index.php\\\/2022\\\/03\\\/11\\\/koncem-ozujka-trebalo-bi-biti-poznato-hoce-li-biti-ista-od-novog-izbornog-zakona\\\/\"]}]},{\"@type\":\"ImageObject\",\"inLanguage\":\"hr\",\"@id\":\"https:\\\/\\\/radioljubuski.ba\\\/index.php\\\/2022\\\/03\\\/11\\\/koncem-ozujka-trebalo-bi-biti-poznato-hoce-li-biti-ista-od-novog-izbornog-zakona\\\/#primaryimage\",\"url\":\"https:\\\/\\\/radioljubuski.ba\\\/wp-content\\\/uploads\\\/2022\\\/03\\\/pregovori-izborni-zakon1.jpeg\",\"contentUrl\":\"https:\\\/\\\/radioljubuski.ba\\\/wp-content\\\/uploads\\\/2022\\\/03\\\/pregovori-izborni-zakon1.jpeg\",\"width\":960,\"height\":540},{\"@type\":\"BreadcrumbList\",\"@id\":\"https:\\\/\\\/radioljubuski.ba\\\/index.php\\\/2022\\\/03\\\/11\\\/koncem-ozujka-trebalo-bi-biti-poznato-hoce-li-biti-ista-od-novog-izbornog-zakona\\\/#breadcrumb\",\"itemListElement\":[{\"@type\":\"ListItem\",\"position\":1,\"name\":\"Po\u010detna stranica\",\"item\":\"https:\\\/\\\/radioljubuski.ba\\\/\"},{\"@type\":\"ListItem\",\"position\":2,\"name\":\"Koncem o\u017eujka trebalo bi biti poznato ho\u0107e li biti i\u0161ta od novog Izbornog zakona\"}]},{\"@type\":\"WebSite\",\"@id\":\"https:\\\/\\\/radioljubuski.ba\\\/#website\",\"url\":\"https:\\\/\\\/radioljubuski.ba\\\/\",\"name\":\"Radio Ljubu\u0161ki\",\"description\":\"Sun\u010dana frekvencija Hercegovine\",\"publisher\":{\"@id\":\"https:\\\/\\\/radioljubuski.ba\\\/#organization\"},\"potentialAction\":[{\"@type\":\"SearchAction\",\"target\":{\"@type\":\"EntryPoint\",\"urlTemplate\":\"https:\\\/\\\/radioljubuski.ba\\\/?s={search_term_string}\"},\"query-input\":{\"@type\":\"PropertyValueSpecification\",\"valueRequired\":true,\"valueName\":\"search_term_string\"}}],\"inLanguage\":\"hr\"},{\"@type\":\"Organization\",\"@id\":\"https:\\\/\\\/radioljubuski.ba\\\/#organization\",\"name\":\"Radio Ljubu\u0161ki\",\"url\":\"https:\\\/\\\/radioljubuski.ba\\\/\",\"logo\":{\"@type\":\"ImageObject\",\"inLanguage\":\"hr\",\"@id\":\"https:\\\/\\\/radioljubuski.ba\\\/#\\\/schema\\\/logo\\\/image\\\/\",\"url\":\"https:\\\/\\\/radioljubuski.ba\\\/wp-content\\\/uploads\\\/2021\\\/02\\\/cropped-Radio_Ljubuski_logo1.jpg\",\"contentUrl\":\"https:\\\/\\\/radioljubuski.ba\\\/wp-content\\\/uploads\\\/2021\\\/02\\\/cropped-Radio_Ljubuski_logo1.jpg\",\"width\":512,\"height\":512,\"caption\":\"Radio Ljubu\u0161ki\"},\"image\":{\"@id\":\"https:\\\/\\\/radioljubuski.ba\\\/#\\\/schema\\\/logo\\\/image\\\/\"},\"sameAs\":[\"https:\\\/\\\/www.facebook.com\\\/Radiio-Ljubuski-1490835324566332\",\"https:\\\/\\\/x.com\\\/radioljubuski\",\"https:\\\/\\\/hr.linkedin.com\\\/company\\\/radio-ljubuski\",\"https:\\\/\\\/www.youtube.com\\\/channel\\\/UCHYaeO_n0Db3tjNGudGpXyw\"]},{\"@type\":\"Person\",\"@id\":\"https:\\\/\\\/radioljubuski.ba\\\/#\\\/schema\\\/person\\\/19fc700381a780f69665d7956c469e3b\",\"name\":\"Radio Ljubu\u0161ki\"}]}<\/script>\n<!-- \/ Yoast SEO plugin. -->","yoast_head_json":{"title":"Koncem o\u017eujka trebalo bi biti poznato ho\u0107e li biti i\u0161ta od novog Izbornog zakona - RADIO LJUBU\u0160KI","robots":{"index":"index","follow":"follow","max-snippet":"max-snippet:-1","max-image-preview":"max-image-preview:large","max-video-preview":"max-video-preview:-1"},"canonical":"https:\/\/radioljubuski.ba\/index.php\/2022\/03\/11\/koncem-ozujka-trebalo-bi-biti-poznato-hoce-li-biti-ista-od-novog-izbornog-zakona\/","og_locale":"hr_HR","og_type":"article","og_title":"Koncem o\u017eujka trebalo bi biti poznato ho\u0107e li biti i\u0161ta od novog Izbornog zakona - RADIO LJUBU\u0160KI","og_description":"Posljednji krug pregovora o izmjenama Izbornog zakona koji je trebao biti odr\u017ean u Mostaru 22. velja\u010de je propao, jer se na sastanku nitko nije pojavio, objavljeno je u Dnevniku BHRT-a, a prenosi Hrvatski Medijski Servis. BHRT doznaje da su ekspertne skupine u me\u0111uvremenu obavile nekoliko sastanaka oko tehni\u010dkih modela izmjene Izbornoga zakona. Do intenziviranja pregovora [&hellip;]","og_url":"https:\/\/radioljubuski.ba\/index.php\/2022\/03\/11\/koncem-ozujka-trebalo-bi-biti-poznato-hoce-li-biti-ista-od-novog-izbornog-zakona\/","og_site_name":"RADIO LJUBU\u0160KI","article_publisher":"https:\/\/www.facebook.com\/Radiio-Ljubuski-1490835324566332","article_published_time":"2022-03-10T23:12:59+00:00","article_modified_time":"2022-03-10T23:13:01+00:00","og_image":[{"width":960,"height":540,"url":"https:\/\/radioljubuski.ba\/wp-content\/uploads\/2022\/03\/pregovori-izborni-zakon1.jpeg","type":"image\/jpeg"}],"author":"Radio Ljubu\u0161ki","twitter_card":"summary_large_image","twitter_creator":"@radioljubuski","twitter_site":"@radioljubuski","twitter_misc":{"Napisao\/la":"Radio Ljubu\u0161ki","Procijenjeno vrijeme \u010ditanja":"3 minute"},"schema":{"@context":"https:\/\/schema.org","@graph":[{"@type":"Article","@id":"https:\/\/radioljubuski.ba\/index.php\/2022\/03\/11\/koncem-ozujka-trebalo-bi-biti-poznato-hoce-li-biti-ista-od-novog-izbornog-zakona\/#article","isPartOf":{"@id":"https:\/\/radioljubuski.ba\/index.php\/2022\/03\/11\/koncem-ozujka-trebalo-bi-biti-poznato-hoce-li-biti-ista-od-novog-izbornog-zakona\/"},"author":{"name":"Radio Ljubu\u0161ki","@id":"https:\/\/radioljubuski.ba\/#\/schema\/person\/19fc700381a780f69665d7956c469e3b"},"headline":"Koncem o\u017eujka trebalo bi biti poznato ho\u0107e li biti i\u0161ta od novog Izbornog zakona","datePublished":"2022-03-10T23:12:59+00:00","dateModified":"2022-03-10T23:13:01+00:00","mainEntityOfPage":{"@id":"https:\/\/radioljubuski.ba\/index.php\/2022\/03\/11\/koncem-ozujka-trebalo-bi-biti-poznato-hoce-li-biti-ista-od-novog-izbornog-zakona\/"},"wordCount":601,"publisher":{"@id":"https:\/\/radioljubuski.ba\/#organization"},"image":{"@id":"https:\/\/radioljubuski.ba\/index.php\/2022\/03\/11\/koncem-ozujka-trebalo-bi-biti-poznato-hoce-li-biti-ista-od-novog-izbornog-zakona\/#primaryimage"},"thumbnailUrl":"https:\/\/radioljubuski.ba\/wp-content\/uploads\/2022\/03\/pregovori-izborni-zakon1.jpeg","articleSection":["BIH i regija"],"inLanguage":"hr"},{"@type":"WebPage","@id":"https:\/\/radioljubuski.ba\/index.php\/2022\/03\/11\/koncem-ozujka-trebalo-bi-biti-poznato-hoce-li-biti-ista-od-novog-izbornog-zakona\/","url":"https:\/\/radioljubuski.ba\/index.php\/2022\/03\/11\/koncem-ozujka-trebalo-bi-biti-poznato-hoce-li-biti-ista-od-novog-izbornog-zakona\/","name":"Koncem o\u017eujka trebalo bi biti poznato ho\u0107e li biti i\u0161ta od novog Izbornog zakona - RADIO LJUBU\u0160KI","isPartOf":{"@id":"https:\/\/radioljubuski.ba\/#website"},"primaryImageOfPage":{"@id":"https:\/\/radioljubuski.ba\/index.php\/2022\/03\/11\/koncem-ozujka-trebalo-bi-biti-poznato-hoce-li-biti-ista-od-novog-izbornog-zakona\/#primaryimage"},"image":{"@id":"https:\/\/radioljubuski.ba\/index.php\/2022\/03\/11\/koncem-ozujka-trebalo-bi-biti-poznato-hoce-li-biti-ista-od-novog-izbornog-zakona\/#primaryimage"},"thumbnailUrl":"https:\/\/radioljubuski.ba\/wp-content\/uploads\/2022\/03\/pregovori-izborni-zakon1.jpeg","datePublished":"2022-03-10T23:12:59+00:00","dateModified":"2022-03-10T23:13:01+00:00","breadcrumb":{"@id":"https:\/\/radioljubuski.ba\/index.php\/2022\/03\/11\/koncem-ozujka-trebalo-bi-biti-poznato-hoce-li-biti-ista-od-novog-izbornog-zakona\/#breadcrumb"},"inLanguage":"hr","potentialAction":[{"@type":"ReadAction","target":["https:\/\/radioljubuski.ba\/index.php\/2022\/03\/11\/koncem-ozujka-trebalo-bi-biti-poznato-hoce-li-biti-ista-od-novog-izbornog-zakona\/"]}]},{"@type":"ImageObject","inLanguage":"hr","@id":"https:\/\/radioljubuski.ba\/index.php\/2022\/03\/11\/koncem-ozujka-trebalo-bi-biti-poznato-hoce-li-biti-ista-od-novog-izbornog-zakona\/#primaryimage","url":"https:\/\/radioljubuski.ba\/wp-content\/uploads\/2022\/03\/pregovori-izborni-zakon1.jpeg","contentUrl":"https:\/\/radioljubuski.ba\/wp-content\/uploads\/2022\/03\/pregovori-izborni-zakon1.jpeg","width":960,"height":540},{"@type":"BreadcrumbList","@id":"https:\/\/radioljubuski.ba\/index.php\/2022\/03\/11\/koncem-ozujka-trebalo-bi-biti-poznato-hoce-li-biti-ista-od-novog-izbornog-zakona\/#breadcrumb","itemListElement":[{"@type":"ListItem","position":1,"name":"Po\u010detna stranica","item":"https:\/\/radioljubuski.ba\/"},{"@type":"ListItem","position":2,"name":"Koncem o\u017eujka trebalo bi biti poznato ho\u0107e li biti i\u0161ta od novog Izbornog zakona"}]},{"@type":"WebSite","@id":"https:\/\/radioljubuski.ba\/#website","url":"https:\/\/radioljubuski.ba\/","name":"Radio Ljubu\u0161ki","description":"Sun\u010dana frekvencija Hercegovine","publisher":{"@id":"https:\/\/radioljubuski.ba\/#organization"},"potentialAction":[{"@type":"SearchAction","target":{"@type":"EntryPoint","urlTemplate":"https:\/\/radioljubuski.ba\/?s={search_term_string}"},"query-input":{"@type":"PropertyValueSpecification","valueRequired":true,"valueName":"search_term_string"}}],"inLanguage":"hr"},{"@type":"Organization","@id":"https:\/\/radioljubuski.ba\/#organization","name":"Radio Ljubu\u0161ki","url":"https:\/\/radioljubuski.ba\/","logo":{"@type":"ImageObject","inLanguage":"hr","@id":"https:\/\/radioljubuski.ba\/#\/schema\/logo\/image\/","url":"https:\/\/radioljubuski.ba\/wp-content\/uploads\/2021\/02\/cropped-Radio_Ljubuski_logo1.jpg","contentUrl":"https:\/\/radioljubuski.ba\/wp-content\/uploads\/2021\/02\/cropped-Radio_Ljubuski_logo1.jpg","width":512,"height":512,"caption":"Radio Ljubu\u0161ki"},"image":{"@id":"https:\/\/radioljubuski.ba\/#\/schema\/logo\/image\/"},"sameAs":["https:\/\/www.facebook.com\/Radiio-Ljubuski-1490835324566332","https:\/\/x.com\/radioljubuski","https:\/\/hr.linkedin.com\/company\/radio-ljubuski","https:\/\/www.youtube.com\/channel\/UCHYaeO_n0Db3tjNGudGpXyw"]},{"@type":"Person","@id":"https:\/\/radioljubuski.ba\/#\/schema\/person\/19fc700381a780f69665d7956c469e3b","name":"Radio Ljubu\u0161ki"}]}},"_links":{"self":[{"href":"https:\/\/radioljubuski.ba\/index.php\/wp-json\/wp\/v2\/posts\/120178","targetHints":{"allow":["GET"]}}],"collection":[{"href":"https:\/\/radioljubuski.ba\/index.php\/wp-json\/wp\/v2\/posts"}],"about":[{"href":"https:\/\/radioljubuski.ba\/index.php\/wp-json\/wp\/v2\/types\/post"}],"author":[{"embeddable":true,"href":"https:\/\/radioljubuski.ba\/index.php\/wp-json\/wp\/v2\/users\/2"}],"replies":[{"embeddable":true,"href":"https:\/\/radioljubuski.ba\/index.php\/wp-json\/wp\/v2\/comments?post=120178"}],"version-history":[{"count":1,"href":"https:\/\/radioljubuski.ba\/index.php\/wp-json\/wp\/v2\/posts\/120178\/revisions"}],"predecessor-version":[{"id":120180,"href":"https:\/\/radioljubuski.ba\/index.php\/wp-json\/wp\/v2\/posts\/120178\/revisions\/120180"}],"wp:featuredmedia":[{"embeddable":true,"href":"https:\/\/radioljubuski.ba\/index.php\/wp-json\/wp\/v2\/media\/120179"}],"wp:attachment":[{"href":"https:\/\/radioljubuski.ba\/index.php\/wp-json\/wp\/v2\/media?parent=120178"}],"wp:term":[{"taxonomy":"category","embeddable":true,"href":"https:\/\/radioljubuski.ba\/index.php\/wp-json\/wp\/v2\/categories?post=120178"},{"taxonomy":"post_tag","embeddable":true,"href":"https:\/\/radioljubuski.ba\/index.php\/wp-json\/wp\/v2\/tags?post=120178"}],"curies":[{"name":"wp","href":"https:\/\/api.w.org\/{rel}","templated":true}]}}