{"id":120181,"date":"2022-03-11T00:14:06","date_gmt":"2022-03-10T23:14:06","guid":{"rendered":"https:\/\/radioljubuski.ba\/?p=120181"},"modified":"2022-03-11T00:14:07","modified_gmt":"2022-03-10T23:14:07","slug":"dr-lucic-ruska-agresija-na-ukrajinu-milosevicevsko-opravdavanje-invazije-i-podli-medijski-napadi-na-hrvate","status":"publish","type":"post","link":"https:\/\/radioljubuski.ba\/index.php\/2022\/03\/11\/dr-lucic-ruska-agresija-na-ukrajinu-milosevicevsko-opravdavanje-invazije-i-podli-medijski-napadi-na-hrvate\/","title":{"rendered":"Dr. Lu\u010di\u0107: Ruska agresija na Ukrajinu, milo\u0161evi\u0107evsko opravdavanje invazije i podli medijski napadi na Hrvate"},"content":{"rendered":"\n<p><strong>Da bi svijetu nametnuo svoju verziju istine, Putin je odlu\u010dio upotrijebiti silu i za po\u010detak \u201erazoru\u017eati i denacificirati\u201c susjednu Ukrajinu. Putin je koristio tipi\u010dnu komunisti\u010dku retoriku za opravdanje agresije. Gotovo iste rije\u010di koristili su Slobodan Milo\u0161evi\u0107, Veljko Kadijevi\u0107 ili Ratko Mladi\u0107 kada su pravdali ili obja\u0161njavali razloge napada na Hrvatsku 1991. godine. Oni su tako\u0111er htjeli samo \u201erazoru\u017eati paravojne fa\u0161isti\u010dke formacije\u201c i ukloniti \u201efa\u0161isti\u010dku vlast\u201c. Pri tome im nije bilo ni najmanje va\u017eno \u0161to je ta vlast bila izabrana na slobodnim i demokratskim izborima, ba\u0161 kao i ukrajinska. Optu\u017ebe politi\u010dkog protivnika za fa\u0161izam i njegovo nazivanje fa\u0161istom (nacistom) tipi\u010dna je komunisti\u010dka taktika.<\/strong><\/p>\n\n\n\n<p><strong>Pi\u0161e: dr. Ivo Lu\u010di\u0107, Globus<\/strong><\/p>\n\n\n\n<p>Na prvoj stranici knjige Prva \u017ertva autora Phillipa Knightleya, koja je tiskana u Londonu 1975., a dvije godine poslije i u Jugoslaviji (Rijeka), otisnut je moto knjige \u2013 \u201eKad izbije rat, prva je \u017ertva istina\u201c. Podnaslov knjige je \u201eRatni dopisnik kao heroj, propagandist i stvaralac motiva, od krimskog do vijetnamskog rata\u201c. Na\u0161a javnost pone\u0161to zna o ratu u Vijetnamu (1964-1973.) barem iz ameri\u010dkih filmova, dok je Krimski rat (1853-1856.) odavno zaboravljen. Bio je to sukob izme\u0111u Rusije i Osmanskoga Carstva te osmanskih saveznika Velike Britanije, Francuske (od 1854.) i Kraljevstva Sardinije (od 1855.) za prevlast na Balkanu, Dardanelima i Bliskom istoku. Premda slu\u017ebeno neutralne, u rat su se na strani Osmanskoga Carstva uklju\u010dile Habsbur\u0161ka Monarhija i Pruska. Knightley po\u010dinje knjigu s opisom jedne bitke iz tog rata, odnosno stradanjem britanske Lake konji\u010dke brigade od ruskog topni\u0161tva. Autor tog opisa objavljenog u londonskom Timesu u studenom 1854. bio je William Howard Russell \u201eprvi i najve\u0107i ratni dopisnik\u201c koji je zbog toga sebe nazivao i \u201ebijednim ocem zlosretnog plemena\u201c. Naime, \u010delni ljudi Timesa tra\u017eili su novi na\u010din pisanja o ratu koji je Britanija objavila Rusiji da bi sprije\u010dila njezino \u0161irenje i ja\u010danje u Europi. Knightley prenosi pisanje tada\u0161njih britanskih novina prema kojima je objava rata izazvala \u201eprovalu odu\u0161evljenja kakvu nitko nije o\u010dekivao\u201c. Popularnost rata dovela je do tada ne\u010duvene potrebu za vijestima, pa je neki ministar napisao: \u201e\u017de\u0111, strahovita \u017ee\u0111 za vijestima prema\u0161uje ljudsku mo\u0107 izra\u017eavanja\u201c.<\/p>\n\n\n\n<p><strong>\u201cLa\u017ene vijesti\u201d<\/strong><\/p>\n\n\n\n<p>Nepunih 170 godina poslije po\u010detka Krimskog rata, koji je izazvao \u201eprovalu odu\u0161evljenja\u201c u Velikoj Britaniji, oko anektiranog Krima opet bijesni rat. Umjesto odu\u0161evljenja koje je tada izbilo, a kakvo \u201enitko nije o\u010dekivao\u201c, danas vlada zaprepa\u0161tenje, nevjerica, strah i \u010du\u0111enje zbog rata koji tako\u0111er \u201enitko nije o\u010dekivao\u201c, iako ga je trebalo o\u010dekivati jer su brojne objektive procjene i analize govorile da je neizbje\u017ean. Ono \u0161to je ostalo isto, to je strahovita \u017ee\u0111 za vijestima, kao i \u010dinjenica da je istina prva \u017ertva rata. Desetoga dana ruske agresije na Ukrajinu Donji dom ruskog parlamenta donio je zakon koji predvi\u0111a zatvorsku kaznu u trajanju do 15 godina za \u0161irenje \u201ela\u017enih vijesti\u201c o ruskim oru\u017eanim snagama, a la\u017eno je sve \u0161to ne objavi ili potvrdi rusko Ministarstvo obrane. Ruske su vlasti blokirale i dru\u0161tvene mre\u017ee Facebook i Twiter. Blokadi je prethodila cenzura ruskih medija i vijesti. Uglavnom, ruske su vlasti odlu\u010dile \u0161iriti i \u0161tititi \u201eistinu\u201c silom, policijom, sigurnosnim slu\u017ebama, pa i vojskom kada zatreba. Zapad to radi puno suptilnije, ne zabranjuje ve\u0107 otkazuje, isklju\u010duje, deplatformira, ozna\u010dava, obilje\u017eava, \u017eigo\u0161e, a sve u ime istine, progresa, ljudskih prava i \u201ena\u0161ih vrijednosti\u201c. Oni uz silno oru\u017eje raspola\u017eu i mekom silom (Soft Power) kojom Rusi iz puno razloga jo\u0161 nisu ovladali.<\/p>\n\n\n\n<p><strong>Opravdavanje agresije<\/strong><\/p>\n\n\n\n<p>Onaj tko upravlja represivnim aparatom, tko kontrolira silu, odre\u0111uje i \u0161to je to istina te koje vrijednosti treba \u0161tititi. U ovom ratu i neposredno prije njega, rusku je \u201eistinu\u201c u nekoliko navrata cijelome svijetu predstavio predsjednik Ruske Federacije Vladimir Putin. On je na prigodnoj konferenciji za medije odr\u017eanoj 21. velja\u010de 2022., uz \u010ditav niz Zapadu neprihvatljivih ocjena i tvrdnji, rekao i slijede\u0107e: \u201eMolbe i zahtjevi ne poma\u017eu. Sve \u0161to ne odgovara vladaju\u0107oj dr\u017eavi, onima koji imaju mo\u0107, progla\u0161ava se arhai\u010dno, zastarjelo i beskorisno. Istodobno, sve \u0161to im se \u010dini korisnim predstavlja se kao kona\u010dna istina, progurana pod svaku cijenu, bezobrazno, svim sredstvima. Oni koji odbijaju udovoljiti podvrgnuti su taktici jake ruke.\u201c Da bi svijetu nametnuo svoju verziju istine, Putin je odlu\u010dio upotrijebiti silu i za po\u010detak \u201erazoru\u017eati i denacificirati\u201c susjednu Ukrajinu. Ovo nije mjesto za analizu rusko-ukrajinskih odnosa, geostrategije i uop\u0107e me\u0111unarodne politike. Umjesto toga, spomenut \u0107u samo \u010dinjenicu da je Putin koristio tipi\u010dnu komunisti\u010dku retoriku za opravdanje agresije. Gotovo iste rije\u010di koristili su Slobodan Milo\u0161evi\u0107, Veljko Kadijevi\u0107 ili Ratko Mladi\u0107 kada su pravdali ili obja\u0161njavali razloge napada na Hrvatsku 1991. godine. Oni su tako\u0111er htjeli samo \u201erazoru\u017eati paravojne fa\u0161isti\u010dke formacije\u201c i ukloniti \u201efa\u0161isti\u010dku vlast\u201c. Pri tome im nije bilo ni najmanje va\u017eno \u0161to je ta vlast bila izabrana na slobodnim i demokratskim izborima, ba\u0161 kao i ukrajinska. Optu\u017ebe politi\u010dkog protivnika za fa\u0161izam i njegovo nazivanje fa\u0161istom (nacistom) tipi\u010dna je komunisti\u010dka taktika.<\/p>\n\n\n\n<p><strong>Putina primjerenije uspore\u0111ivati sa Staljinom nego s Hitlerom<\/strong><\/p>\n\n\n\n<p>Putin i ve\u0107i dio ruske politike naslijedili su taj misaoni sklop i na\u010din pona\u0161anja. Pa i na zapadu radikalna prokomunisti\u010dka ljevica s istim ideolo\u0161kim naslje\u0111em koristi sli\u010dan obrazac za politiku \u201ecancel kulture\u201c odnosno otkazivanja, ukidanja i isklju\u010denja. I tamo su politi\u010dki protivnici \u201efa\u0161isti\u201c, a Putina ve\u0107 naveliko uspore\u0111uju s Hitlerom. Bilo bi puno primjerenije uspore\u0111ivati ga sa Staljinom, \u010diji lik i (ne)djelo i slu\u017ebeno \u0161titi. Naime, u Rusiji je donesen zakon \u0161to sankcionira vrije\u0111anje veterana Drugog svjetskog rata, odnosno Crvene armije, a time i Staljina.<\/p>\n\n\n\n<p>Ruska vojska ve\u0107 dva tjedna provodi \u201especijalnu vojnu operaciju demilitarizacije i denacifikacije\u201c Ukrajine tako \u0161to razara ukrajinske gradove i ubija ukrajinsko stanovni\u0161tvo. Ukrajinske vlasti su o\u010dajne i tra\u017ee pomo\u0107 Zapada, prije svega NATO-a. Zapad i NATO uvode sankcije protiv Rusije, ali ne mogu puno pomo\u0107i Ukrajini. Jesu li i prije znali da im ne\u0107e mo\u0107i puno pomo\u0107i ukoliko Rusija napadne? Jesu li zaboravili da Rusija ima nuklearno oru\u017eje kojim mo\u017ee uni\u0161titi planet? Ako su sve to znali za\u0161to su gurali Ukrajinu u sukob? Jesu li ba\u0161 svi iznena\u0111eni ratom? Ameri\u010dki predsjednik Joe Biden govorio je ovih dana u Kongresu gdje je opetovano osudio rusku agresiju i podr\u017eao Ukrajinu. Rekao je i da Putin \u201enikada ne\u0107e zadobiti srca i du\u0161e iranskog naroda\u201c. Otkud Iranci u govoru to za sada nitko ne zna. Jedan britanski ministar izjavio je da njegova zemlja \u0161alje zalihe balti\u010dkim saveznicima preko Crnog mora, \u0161to je izazvalo podsmijeh u Rusiji. Britanska ministrica vanjskih poslova Elizabeth Truss odlu\u010dno je u Moskvi ustvrdila da njezina zemlja nikada ne\u0107e priznati ruski suverenitet nad (ruskim) regijama Rostov i Voronje\u017e zamijeniv\u0161i ih s pobunjenim (ukrajinskim) regijama Doneckom i Luganskim. Britanski su mediji ipak u prvi plan stavili njezinu fotografiju s \u0161ubarom na glavi. Stajling je svakako va\u017eniji od geografije, ali valja podsjetiti i na onu narodnu izreku da \u010dizma glavu \u010duva, posebno vojni\u010dka, dok ju \u0161ubara kvari.<\/p>\n\n\n\n<p><strong>Infatilni tekstovi o ameri\u010dkim podzemnim labaratorijama<\/strong><\/p>\n\n\n\n<p>Kada govorim o znanju kojim (ne)raspola\u017eu dr\u017eavni du\u017enosnici velikih sila i va\u017enih zemalja onda mislim na onaj minimum znanja iz zemljopisa i povijesti te poznavanje osnovnih politolo\u0161kih i sociolo\u0161kih pojmova. Ne vjerujem da je puno njih \u010ditalo Oswalda Spenglera i da ne\u0161to zna o \u201edvostrukom licu Rusije\u201c, o prividnoj i stvarnoj Rusiji, o europskom i azijskom dijelu ruske du\u0161e, o sukobu mentaliteta \u0161to ga predstavljaju Moskva i Sankt Peterburg. Onaj tko je \u010ditao Spenglera i sli\u010dne pisce ili barem Tima Marshalla lak\u0161e \u0107e razumjeti izjavu glasnogovornika Kremlja Dmitrija Peskova da Amerika i Europa ne mogu izolirati zemlju koja je velika kao Rusija jer je \u201esvijet prevelik i u svijetu ima jo\u0161 mnogo zemalja\u201c. No koliko god i \u0161to god \u010ditali te\u0161ko je ostati miran na infantilne tekstove kakve ovih dana \u0161ire ruski mediji, a me\u0111u najlu\u0111im je svakako onaj o \u201edevet ameri\u010dkih podzemnih laboratorija za biolo\u0161ko oru\u017eje koje su Rusi tobo\u017ee uni\u0161tili u Ukrajini te o jo\u0161 sedam za \u010diji status se ne zna\u201c. Tu je i la\u017e o tobo\u017enjem ukrajinskom atomskom oru\u017eju koji je jedan od razloga ruske \u201especijalne vojne operacije\u201c. Ta pri\u010da o \u201eoru\u017eju za masovno uni\u0161tenje\u201c nam nekako zvu\u010di poznato? Ah, da Irak! To nas podsje\u0107a da ni Zapad nije imun na glupu i primitivnu propagandu. Ameri\u010dki ekspert Andy Weber izjavljuje da \u201epostoji bojazan\u201c kako bi u Ukrajini moglo biti iskori\u0161teno kemijsko ili biolo\u0161ko oru\u017eje. Nije li rat prepun bojazni?! O\u010dito je da je istina i u ovome ratu prva \u017ertva, koliko \u0107e jo\u0161 \u017ertava biti to \u0107emo tek vidjeti.<\/p>\n\n\n\n<p><strong>\u010cemu se nadaju Srbi, \u010demu Bo\u0161njaci, a \u010demu Hrvati?<\/strong><\/p>\n\n\n\n<p>Osim \u017ertava, u svakom ratu pojave se i profiteri, od trgovaca oru\u017ejem i vojnom opremom, \u0161pekulanata i trgovaca robom koju preprodaju po visokim cijenama, raznih eksperata, humanitaraca i \u201eboraca\u201c koji se otimaju o malo medijske slave, pa do onih koji poku\u0161aju politi\u010dki profitirati. U Bosni i Hercegovini nema jedinstvenog stajali\u0161ta ni oko \u010dega pa ga nema ni oko ruske agresije na Ukrajinu. Srbi se ne daju odvojiti od \u201ebra\u0107e Rusa\u201c. Do Banje Luke odjekuje pjesma iz Beograda \u201eSrbi, Rusi, Bjelorusi\u201c. Bo\u0161njaci \u2013 muslimani i Bo\u0161njaci \u2013 gra\u0111ani o\u010dekuju da \u0107e NATO, ako ve\u0107 nije u stanju pomo\u0107i Ukrajini, pomo\u0107i barem njima u borbi protiv ruskih saveznika (Srba) i uvijek sumnjivih Hrvata te \u0107e preurediti BiH po njihovim unitaristi\u010dkim i centralisti\u010dkim \u017eeljama. Bo\u0161nja\u010dki politi\u010dari i nacionalni djelatnici ne libe se, u poku\u0161aju politi\u010dke eliminacije Hrvata, optu\u017eiti hrvatsko politi\u010dko vodstvo u BiH za \u201eproruska stajali\u0161ta\u201c. Ni\u0161ta ne mijenja \u010dinjenica da su gotovo svi tamo\u0161nji hrvatski du\u017enosnici uklju\u010duju\u0107i i Hrvatski narodni sabor osudili rusku agresiju, podr\u017eali sankcije protiv Rusije i podr\u017eali ukrajinske vlasti i narod. Zaboravlja se i da je turski predsjednik Recep Tayyip Erdogan, Izetbegovi\u0107ev \u201ebrat\u201c, prijatelj, kum, onaj kome je njegov otac Alija ostavio Bosnu \u201eu amanet\u201c, odbio pridru\u017eiti se zemljama koje su uvele sankcije Rusiji. Biv\u0161i ratni \u010dlan Predsjedni\u0161tva BiH Ivo Kom\u0161i\u0107 histeri\u010dno upozorava da rat i u BiH samo \u0161to nije po\u010deo, mo\u017eda ga kooptiraju u neko novo ratno Predsjedni\u0161tvo. U \u0161irenju ratne histerije nije usamljen, mnogi mu poma\u017eu.<\/p>\n\n\n\n<p><strong>Podli medijski napadi na Hrvate<\/strong><\/p>\n\n\n\n<p>Podli medijski napadi na Hrvate u BiH i na njihovo kakvo takvo politi\u010dko vodstvo, dolaze i iz Hrvatske, pa i za vrijeme ukrajinske tragedije. Nekolicina novinara, uglavnom muslimanskih lobista, iz dana u dan pljuckaju po Hrvatima u BiH. Jedan od najglasnijih i najupornijih je \u017deljko Trkanjec koji se u nedavno objavljenom \u010dlanku dotaknuo i moga teksta iz pro\u0161loga broja Globusa. U prvoj re\u010denici predstavio me kao \u201ebiv\u0161eg obavje\u0161tajca u doba rata u BiH\u201c. To je omiljena \u201ekvalifikacija\u201c kojom me i njegovi bo\u0161nja\u010dki kolege poku\u0161avaju diskvalificirati odnosno isklju\u010diti iz javnoga \u017eivota. Jer, \u0161to ima opasnije od neprijateljskog obavje\u0161tajca, a to sam o\u010dito i za Trkanjca. On zatim navodi da sam i \u201ejedan od promotora navedene politike\u201c. Naime, radi se o politici koja po njemu ide u pravcu stvaranja tre\u0107eg entiteta, a nju je \u201einicirao biv\u0161i ministar Gojko \u0160u\u0161ak kojem je u putovnici pisalo \u0160iroki Brijeg Hrvatska, ka\u017ee legenda\u201c. Trkanjec o ministru \u0160u\u0161ku, ali svakako ne samo o \u0160u\u0161ku, pi\u0161e ono \u0161to \u201eka\u017ee legenda\u201c, a ne ono \u0161to je istina, a to je da je \u0160u\u0161ak u Zagreb stigao bez putovnice kao politi\u010dki emigrant. Trkanjca i ruski ministar obrane Sergej \u0160ojgu podsje\u0107a na Gojka \u0160u\u0161ka \u2013 ministra kojeg je Tu\u0111man \u201enajvi\u0161e volio, na \u0161tetu Hrvatske\u201c. Stvarno je za Hrvatsku bila \u0161teta \u0161to je \u0160u\u0161ak organizirao i opremio vojsku koja je obranila i oslobodila Hrvatsku. Da je bilo sre\u0107e mogli smo ostati u Jugoslaviji i danas \u010dekati Ruse.<\/p>\n\n\n\n<p><strong>Trkanjec \u2013 Izetbegovi\u0107ev trbuhozborac<\/strong><\/p>\n\n\n\n<p>Trkanjec pi\u0161e i da je moj tekst koji je objavljen u pro\u0161lom broju Globusa \u201epamflet protiv Bo\u0161njaka\u201c u kojem \u201eima to\u010dnih podataka, ali onda slijedi teza koja se poklapa s \u010covi\u0107evom\u201c. Pamflete nikada nisam pisao, a naro\u010dito ne protiv cijeloga naroda. Pisao sam o trojici Bo\u0161njaka koji su me napali u medijima jer sam u televizijskoj emisiji rekao ne\u0161to \u0161to im se nije svidjelo. No, prije nego \u0161to ne\u0161to vi\u0161e ka\u017eem o Trkanj\u010devim tezama o BiH i tamo\u0161njoj hrvatskoj politici, red je da ga predstavim \u010ditateljima, kao \u0161to je i on mene predstavio. Trkanjec je biv\u0161i savjetnik ministra vanjskih poslova Republike Hrvatske, koji se na tom poslu nije ba\u0161 proslavio. Njegov \u0161turi \u017eivotopis ne ukazuje na relevantnost po pitanju BiH, a njegovi tekstovi jo\u0161 manje. Osim ako se kao relevantnost ne uzima opsesivna mr\u017enja prema Hrvatima u BiH, pokojnom ministru \u0160u\u0161ku, predsjedniku Tu\u0111manu (\u010dijeg je ministra savjetovao) i gotovo svemu \u0161to s njima ima veze. Uglavnom, pi\u0161e i ponavlja Trkanjec da \u201eHrvati u BiH moraju shvatiti\u201c i pomiriti se sa sudbinom da \u0107e izgubiti politi\u010dki subjektivitet i identitet, postat \u0107e nacionalna manjina, a zatim \u0107e i fizi\u010dki nestati iz BiH. Upravo to od njih tra\u017ei \u201eme\u0111unarodna zajednica\u201c odnosno EU i SAD, a tako \u0107e, blago nama, i Republika Hrvatska biti sigurnija. Trkanjec kao kakav ovla\u0161teni tuma\u010d SAD i EU razla\u017ee njihove \u017eelje i \u201estavove\u201c, a njihov je stav da na putu od Daytona do Bruxellesa \u201emoraju otpasti nacionalizmi, izolacionizmi, konstitutivni narodi (uz za\u0161titu vitalnih nacionalnih interesa u Domovima naroda), ostaju \u201eOstali\u201c koje on po engleskom tekstu i uzoru (za koji ja eto nikad nisam \u010duo) pi\u0161e velikim slovom. Pi\u0161e ba\u0161 kao i Bakir Izetbegovi\u0107 s \u010dijim se tezama Trkanj\u010deve pisanije puno vi\u0161e poklapaju nego li moje teze s \u010covi\u0107evim.<\/p>\n\n\n\n<p>O Ustavu BiH, konstitutivnim narodima, ostalima i gra\u0111anima BiH puno je toga napisano, a puno sam toga i sam napisao. \u010citao sam mirovni sporazum iz Daytona i to sve njegove anekse i na hrvatskom i na engleskom jeziku. Ipak sam bio jedan od sudionika mirovnog procesa u Daytonu krajem te 1995. godine, skupa s Tu\u0111manovim ministrom kojeg je Trkanjec barem formalno savjetovao. Bili su tamo i profesori Ivan \u0160imonovi\u0107 i Sini\u0161a Petrovi\u0107, zatim Zoran Bo\u0161njak, Vladimir Matek i \u010ditav niz ljudi iz MVP-a, ali nigdje ne vidjeh Trkanjeca. O\u010dito, on tada nije bio va\u017ean, to je postao poslije, kada je rat zavr\u0161io, a sporazumi potpisani. Sada on, sa sigurne vremenske distance, i\u0161\u010ditava smjernice i direktive te dijeli lekcije. Problem je \u0161to je sa svojim skromnim znanjem te jalom i mr\u017enjom koja nedostatak znanja ne mo\u017ee nadoknaditi, zaglavio negdje oko 2000. godine. Ostao je u vremenu detu\u0111manizacije i satanizacije Hrvata u BiH, a u svojim tekstovima tek reciklira ofucane teze i dosjetke iz ratnog i poratnog razdoblja. Uglavnom se radi o materijalu iz arsenala ratne i politi\u010dke (protuhrvatske) propagande. Toliko o biv\u0161em diplomatu, bo\u0161nja\u010dkom lobistu i tuma\u010du smjernica \u201eme\u0111unarodne zajednice\u201c. Pitam sam sebe na kraju, ho\u0107u li mo\u017eda zbog svega napisanog, ili usprkos svemu napisanom, ba\u0161 kao i hrvatska politika u BiH, od Trkanjeca i sli\u010dnih smjerni\u010dara biti optu\u017een za proruska stajali\u0161ta. Mo\u017eda je najbolje da za svaki slu\u010daj \u010dlanak zavr\u0161im usklikom Slava Ukrajini! Ili da ipak ponovim kako je istina prva \u017ertva svakog, pa i ovog rata. Uz napomenu da ni istina o Domovinskom ratu, posebno o njegovoj bosansko-hercegova\u010dkoj dionici, unato\u010d znanstvenicima i njihovom radu, u \u0161iroj javnosti jo\u0161 nije za\u017eivjela. Trkanjec i sli\u010dni ne daju joj do\u0107i do daha.<\/p>\n\n\n\n<p>\/HMS\/<\/p>\n","protected":false},"excerpt":{"rendered":"<p>Da bi svijetu nametnuo svoju verziju istine, Putin je odlu\u010dio upotrijebiti silu i za po\u010detak \u201erazoru\u017eati i denacificirati\u201c susjednu Ukrajinu. Putin je koristio tipi\u010dnu komunisti\u010dku retoriku za opravdanje agresije. Gotovo iste rije\u010di koristili su Slobodan Milo\u0161evi\u0107, Veljko Kadijevi\u0107 ili Ratko Mladi\u0107 kada su pravdali ili obja\u0161njavali razloge napada na Hrvatsku 1991. godine. Oni su tako\u0111er [&hellip;]<\/p>\n","protected":false},"author":2,"featured_media":120182,"comment_status":"closed","ping_status":"closed","sticky":false,"template":"","format":"standard","meta":{"h5ap_radio_sources":[],"footnotes":""},"categories":[1],"tags":[],"class_list":["post-120181","post","type-post","status-publish","format-standard","has-post-thumbnail","hentry","category-bihiregija"],"yoast_head":"<!-- This site is optimized with the Yoast SEO plugin v27.5 - https:\/\/yoast.com\/product\/yoast-seo-wordpress\/ -->\n<title>Dr. Lu\u010di\u0107: Ruska agresija na Ukrajinu, milo\u0161evi\u0107evsko opravdavanje invazije i podli medijski napadi na Hrvate - RADIO LJUBU\u0160KI<\/title>\n<meta name=\"robots\" content=\"index, follow, max-snippet:-1, max-image-preview:large, max-video-preview:-1\" \/>\n<link rel=\"canonical\" href=\"https:\/\/radioljubuski.ba\/index.php\/2022\/03\/11\/dr-lucic-ruska-agresija-na-ukrajinu-milosevicevsko-opravdavanje-invazije-i-podli-medijski-napadi-na-hrvate\/\" \/>\n<meta property=\"og:locale\" content=\"hr_HR\" \/>\n<meta property=\"og:type\" content=\"article\" \/>\n<meta property=\"og:title\" content=\"Dr. Lu\u010di\u0107: Ruska agresija na Ukrajinu, milo\u0161evi\u0107evsko opravdavanje invazije i podli medijski napadi na Hrvate - RADIO LJUBU\u0160KI\" \/>\n<meta property=\"og:description\" content=\"Da bi svijetu nametnuo svoju verziju istine, Putin je odlu\u010dio upotrijebiti silu i za po\u010detak \u201erazoru\u017eati i denacificirati\u201c susjednu Ukrajinu. Putin je koristio tipi\u010dnu komunisti\u010dku retoriku za opravdanje agresije. Gotovo iste rije\u010di koristili su Slobodan Milo\u0161evi\u0107, Veljko Kadijevi\u0107 ili Ratko Mladi\u0107 kada su pravdali ili obja\u0161njavali razloge napada na Hrvatsku 1991. godine. Oni su tako\u0111er [&hellip;]\" \/>\n<meta property=\"og:url\" content=\"https:\/\/radioljubuski.ba\/index.php\/2022\/03\/11\/dr-lucic-ruska-agresija-na-ukrajinu-milosevicevsko-opravdavanje-invazije-i-podli-medijski-napadi-na-hrvate\/\" \/>\n<meta property=\"og:site_name\" content=\"RADIO LJUBU\u0160KI\" \/>\n<meta property=\"article:publisher\" content=\"https:\/\/www.facebook.com\/Radiio-Ljubuski-1490835324566332\" \/>\n<meta property=\"article:published_time\" content=\"2022-03-10T23:14:06+00:00\" \/>\n<meta property=\"article:modified_time\" content=\"2022-03-10T23:14:07+00:00\" \/>\n<meta property=\"og:image\" content=\"https:\/\/radioljubuski.ba\/wp-content\/uploads\/2022\/03\/lucic-e1559051659881.jpg\" \/>\n\t<meta property=\"og:image:width\" content=\"1016\" \/>\n\t<meta property=\"og:image:height\" content=\"514\" \/>\n\t<meta property=\"og:image:type\" content=\"image\/jpeg\" \/>\n<meta name=\"author\" content=\"Radio Ljubu\u0161ki\" \/>\n<meta name=\"twitter:card\" content=\"summary_large_image\" \/>\n<meta name=\"twitter:creator\" content=\"@radioljubuski\" \/>\n<meta name=\"twitter:site\" content=\"@radioljubuski\" \/>\n<meta name=\"twitter:label1\" content=\"Napisao\/la\" \/>\n\t<meta name=\"twitter:data1\" content=\"Radio Ljubu\u0161ki\" \/>\n\t<meta name=\"twitter:label2\" content=\"Procijenjeno vrijeme \u010ditanja\" \/>\n\t<meta name=\"twitter:data2\" content=\"11 minuta\" \/>\n<script type=\"application\/ld+json\" class=\"yoast-schema-graph\">{\"@context\":\"https:\\\/\\\/schema.org\",\"@graph\":[{\"@type\":\"Article\",\"@id\":\"https:\\\/\\\/radioljubuski.ba\\\/index.php\\\/2022\\\/03\\\/11\\\/dr-lucic-ruska-agresija-na-ukrajinu-milosevicevsko-opravdavanje-invazije-i-podli-medijski-napadi-na-hrvate\\\/#article\",\"isPartOf\":{\"@id\":\"https:\\\/\\\/radioljubuski.ba\\\/index.php\\\/2022\\\/03\\\/11\\\/dr-lucic-ruska-agresija-na-ukrajinu-milosevicevsko-opravdavanje-invazije-i-podli-medijski-napadi-na-hrvate\\\/\"},\"author\":{\"name\":\"Radio Ljubu\u0161ki\",\"@id\":\"https:\\\/\\\/radioljubuski.ba\\\/#\\\/schema\\\/person\\\/19fc700381a780f69665d7956c469e3b\"},\"headline\":\"Dr. Lu\u010di\u0107: Ruska agresija na Ukrajinu, milo\u0161evi\u0107evsko opravdavanje invazije i podli medijski napadi na Hrvate\",\"datePublished\":\"2022-03-10T23:14:06+00:00\",\"dateModified\":\"2022-03-10T23:14:07+00:00\",\"mainEntityOfPage\":{\"@id\":\"https:\\\/\\\/radioljubuski.ba\\\/index.php\\\/2022\\\/03\\\/11\\\/dr-lucic-ruska-agresija-na-ukrajinu-milosevicevsko-opravdavanje-invazije-i-podli-medijski-napadi-na-hrvate\\\/\"},\"wordCount\":2720,\"publisher\":{\"@id\":\"https:\\\/\\\/radioljubuski.ba\\\/#organization\"},\"image\":{\"@id\":\"https:\\\/\\\/radioljubuski.ba\\\/index.php\\\/2022\\\/03\\\/11\\\/dr-lucic-ruska-agresija-na-ukrajinu-milosevicevsko-opravdavanje-invazije-i-podli-medijski-napadi-na-hrvate\\\/#primaryimage\"},\"thumbnailUrl\":\"https:\\\/\\\/radioljubuski.ba\\\/wp-content\\\/uploads\\\/2022\\\/03\\\/lucic-e1559051659881.jpg\",\"articleSection\":[\"BIH i regija\"],\"inLanguage\":\"hr\"},{\"@type\":\"WebPage\",\"@id\":\"https:\\\/\\\/radioljubuski.ba\\\/index.php\\\/2022\\\/03\\\/11\\\/dr-lucic-ruska-agresija-na-ukrajinu-milosevicevsko-opravdavanje-invazije-i-podli-medijski-napadi-na-hrvate\\\/\",\"url\":\"https:\\\/\\\/radioljubuski.ba\\\/index.php\\\/2022\\\/03\\\/11\\\/dr-lucic-ruska-agresija-na-ukrajinu-milosevicevsko-opravdavanje-invazije-i-podli-medijski-napadi-na-hrvate\\\/\",\"name\":\"Dr. Lu\u010di\u0107: Ruska agresija na Ukrajinu, milo\u0161evi\u0107evsko opravdavanje invazije i podli medijski napadi na Hrvate - RADIO LJUBU\u0160KI\",\"isPartOf\":{\"@id\":\"https:\\\/\\\/radioljubuski.ba\\\/#website\"},\"primaryImageOfPage\":{\"@id\":\"https:\\\/\\\/radioljubuski.ba\\\/index.php\\\/2022\\\/03\\\/11\\\/dr-lucic-ruska-agresija-na-ukrajinu-milosevicevsko-opravdavanje-invazije-i-podli-medijski-napadi-na-hrvate\\\/#primaryimage\"},\"image\":{\"@id\":\"https:\\\/\\\/radioljubuski.ba\\\/index.php\\\/2022\\\/03\\\/11\\\/dr-lucic-ruska-agresija-na-ukrajinu-milosevicevsko-opravdavanje-invazije-i-podli-medijski-napadi-na-hrvate\\\/#primaryimage\"},\"thumbnailUrl\":\"https:\\\/\\\/radioljubuski.ba\\\/wp-content\\\/uploads\\\/2022\\\/03\\\/lucic-e1559051659881.jpg\",\"datePublished\":\"2022-03-10T23:14:06+00:00\",\"dateModified\":\"2022-03-10T23:14:07+00:00\",\"breadcrumb\":{\"@id\":\"https:\\\/\\\/radioljubuski.ba\\\/index.php\\\/2022\\\/03\\\/11\\\/dr-lucic-ruska-agresija-na-ukrajinu-milosevicevsko-opravdavanje-invazije-i-podli-medijski-napadi-na-hrvate\\\/#breadcrumb\"},\"inLanguage\":\"hr\",\"potentialAction\":[{\"@type\":\"ReadAction\",\"target\":[\"https:\\\/\\\/radioljubuski.ba\\\/index.php\\\/2022\\\/03\\\/11\\\/dr-lucic-ruska-agresija-na-ukrajinu-milosevicevsko-opravdavanje-invazije-i-podli-medijski-napadi-na-hrvate\\\/\"]}]},{\"@type\":\"ImageObject\",\"inLanguage\":\"hr\",\"@id\":\"https:\\\/\\\/radioljubuski.ba\\\/index.php\\\/2022\\\/03\\\/11\\\/dr-lucic-ruska-agresija-na-ukrajinu-milosevicevsko-opravdavanje-invazije-i-podli-medijski-napadi-na-hrvate\\\/#primaryimage\",\"url\":\"https:\\\/\\\/radioljubuski.ba\\\/wp-content\\\/uploads\\\/2022\\\/03\\\/lucic-e1559051659881.jpg\",\"contentUrl\":\"https:\\\/\\\/radioljubuski.ba\\\/wp-content\\\/uploads\\\/2022\\\/03\\\/lucic-e1559051659881.jpg\",\"width\":1016,\"height\":514},{\"@type\":\"BreadcrumbList\",\"@id\":\"https:\\\/\\\/radioljubuski.ba\\\/index.php\\\/2022\\\/03\\\/11\\\/dr-lucic-ruska-agresija-na-ukrajinu-milosevicevsko-opravdavanje-invazije-i-podli-medijski-napadi-na-hrvate\\\/#breadcrumb\",\"itemListElement\":[{\"@type\":\"ListItem\",\"position\":1,\"name\":\"Po\u010detna stranica\",\"item\":\"https:\\\/\\\/radioljubuski.ba\\\/\"},{\"@type\":\"ListItem\",\"position\":2,\"name\":\"Dr. Lu\u010di\u0107: Ruska agresija na Ukrajinu, milo\u0161evi\u0107evsko opravdavanje invazije i podli medijski napadi na Hrvate\"}]},{\"@type\":\"WebSite\",\"@id\":\"https:\\\/\\\/radioljubuski.ba\\\/#website\",\"url\":\"https:\\\/\\\/radioljubuski.ba\\\/\",\"name\":\"Radio Ljubu\u0161ki\",\"description\":\"Sun\u010dana frekvencija Hercegovine\",\"publisher\":{\"@id\":\"https:\\\/\\\/radioljubuski.ba\\\/#organization\"},\"potentialAction\":[{\"@type\":\"SearchAction\",\"target\":{\"@type\":\"EntryPoint\",\"urlTemplate\":\"https:\\\/\\\/radioljubuski.ba\\\/?s={search_term_string}\"},\"query-input\":{\"@type\":\"PropertyValueSpecification\",\"valueRequired\":true,\"valueName\":\"search_term_string\"}}],\"inLanguage\":\"hr\"},{\"@type\":\"Organization\",\"@id\":\"https:\\\/\\\/radioljubuski.ba\\\/#organization\",\"name\":\"Radio Ljubu\u0161ki\",\"url\":\"https:\\\/\\\/radioljubuski.ba\\\/\",\"logo\":{\"@type\":\"ImageObject\",\"inLanguage\":\"hr\",\"@id\":\"https:\\\/\\\/radioljubuski.ba\\\/#\\\/schema\\\/logo\\\/image\\\/\",\"url\":\"https:\\\/\\\/radioljubuski.ba\\\/wp-content\\\/uploads\\\/2021\\\/02\\\/cropped-Radio_Ljubuski_logo1.jpg\",\"contentUrl\":\"https:\\\/\\\/radioljubuski.ba\\\/wp-content\\\/uploads\\\/2021\\\/02\\\/cropped-Radio_Ljubuski_logo1.jpg\",\"width\":512,\"height\":512,\"caption\":\"Radio Ljubu\u0161ki\"},\"image\":{\"@id\":\"https:\\\/\\\/radioljubuski.ba\\\/#\\\/schema\\\/logo\\\/image\\\/\"},\"sameAs\":[\"https:\\\/\\\/www.facebook.com\\\/Radiio-Ljubuski-1490835324566332\",\"https:\\\/\\\/x.com\\\/radioljubuski\",\"https:\\\/\\\/hr.linkedin.com\\\/company\\\/radio-ljubuski\",\"https:\\\/\\\/www.youtube.com\\\/channel\\\/UCHYaeO_n0Db3tjNGudGpXyw\"]},{\"@type\":\"Person\",\"@id\":\"https:\\\/\\\/radioljubuski.ba\\\/#\\\/schema\\\/person\\\/19fc700381a780f69665d7956c469e3b\",\"name\":\"Radio Ljubu\u0161ki\"}]}<\/script>\n<!-- \/ Yoast SEO plugin. -->","yoast_head_json":{"title":"Dr. Lu\u010di\u0107: Ruska agresija na Ukrajinu, milo\u0161evi\u0107evsko opravdavanje invazije i podli medijski napadi na Hrvate - RADIO LJUBU\u0160KI","robots":{"index":"index","follow":"follow","max-snippet":"max-snippet:-1","max-image-preview":"max-image-preview:large","max-video-preview":"max-video-preview:-1"},"canonical":"https:\/\/radioljubuski.ba\/index.php\/2022\/03\/11\/dr-lucic-ruska-agresija-na-ukrajinu-milosevicevsko-opravdavanje-invazije-i-podli-medijski-napadi-na-hrvate\/","og_locale":"hr_HR","og_type":"article","og_title":"Dr. Lu\u010di\u0107: Ruska agresija na Ukrajinu, milo\u0161evi\u0107evsko opravdavanje invazije i podli medijski napadi na Hrvate - RADIO LJUBU\u0160KI","og_description":"Da bi svijetu nametnuo svoju verziju istine, Putin je odlu\u010dio upotrijebiti silu i za po\u010detak \u201erazoru\u017eati i denacificirati\u201c susjednu Ukrajinu. Putin je koristio tipi\u010dnu komunisti\u010dku retoriku za opravdanje agresije. Gotovo iste rije\u010di koristili su Slobodan Milo\u0161evi\u0107, Veljko Kadijevi\u0107 ili Ratko Mladi\u0107 kada su pravdali ili obja\u0161njavali razloge napada na Hrvatsku 1991. godine. Oni su tako\u0111er [&hellip;]","og_url":"https:\/\/radioljubuski.ba\/index.php\/2022\/03\/11\/dr-lucic-ruska-agresija-na-ukrajinu-milosevicevsko-opravdavanje-invazije-i-podli-medijski-napadi-na-hrvate\/","og_site_name":"RADIO LJUBU\u0160KI","article_publisher":"https:\/\/www.facebook.com\/Radiio-Ljubuski-1490835324566332","article_published_time":"2022-03-10T23:14:06+00:00","article_modified_time":"2022-03-10T23:14:07+00:00","og_image":[{"width":1016,"height":514,"url":"https:\/\/radioljubuski.ba\/wp-content\/uploads\/2022\/03\/lucic-e1559051659881.jpg","type":"image\/jpeg"}],"author":"Radio Ljubu\u0161ki","twitter_card":"summary_large_image","twitter_creator":"@radioljubuski","twitter_site":"@radioljubuski","twitter_misc":{"Napisao\/la":"Radio Ljubu\u0161ki","Procijenjeno vrijeme \u010ditanja":"11 minuta"},"schema":{"@context":"https:\/\/schema.org","@graph":[{"@type":"Article","@id":"https:\/\/radioljubuski.ba\/index.php\/2022\/03\/11\/dr-lucic-ruska-agresija-na-ukrajinu-milosevicevsko-opravdavanje-invazije-i-podli-medijski-napadi-na-hrvate\/#article","isPartOf":{"@id":"https:\/\/radioljubuski.ba\/index.php\/2022\/03\/11\/dr-lucic-ruska-agresija-na-ukrajinu-milosevicevsko-opravdavanje-invazije-i-podli-medijski-napadi-na-hrvate\/"},"author":{"name":"Radio Ljubu\u0161ki","@id":"https:\/\/radioljubuski.ba\/#\/schema\/person\/19fc700381a780f69665d7956c469e3b"},"headline":"Dr. Lu\u010di\u0107: Ruska agresija na Ukrajinu, milo\u0161evi\u0107evsko opravdavanje invazije i podli medijski napadi na Hrvate","datePublished":"2022-03-10T23:14:06+00:00","dateModified":"2022-03-10T23:14:07+00:00","mainEntityOfPage":{"@id":"https:\/\/radioljubuski.ba\/index.php\/2022\/03\/11\/dr-lucic-ruska-agresija-na-ukrajinu-milosevicevsko-opravdavanje-invazije-i-podli-medijski-napadi-na-hrvate\/"},"wordCount":2720,"publisher":{"@id":"https:\/\/radioljubuski.ba\/#organization"},"image":{"@id":"https:\/\/radioljubuski.ba\/index.php\/2022\/03\/11\/dr-lucic-ruska-agresija-na-ukrajinu-milosevicevsko-opravdavanje-invazije-i-podli-medijski-napadi-na-hrvate\/#primaryimage"},"thumbnailUrl":"https:\/\/radioljubuski.ba\/wp-content\/uploads\/2022\/03\/lucic-e1559051659881.jpg","articleSection":["BIH i regija"],"inLanguage":"hr"},{"@type":"WebPage","@id":"https:\/\/radioljubuski.ba\/index.php\/2022\/03\/11\/dr-lucic-ruska-agresija-na-ukrajinu-milosevicevsko-opravdavanje-invazije-i-podli-medijski-napadi-na-hrvate\/","url":"https:\/\/radioljubuski.ba\/index.php\/2022\/03\/11\/dr-lucic-ruska-agresija-na-ukrajinu-milosevicevsko-opravdavanje-invazije-i-podli-medijski-napadi-na-hrvate\/","name":"Dr. Lu\u010di\u0107: Ruska agresija na Ukrajinu, milo\u0161evi\u0107evsko opravdavanje invazije i podli medijski napadi na Hrvate - RADIO LJUBU\u0160KI","isPartOf":{"@id":"https:\/\/radioljubuski.ba\/#website"},"primaryImageOfPage":{"@id":"https:\/\/radioljubuski.ba\/index.php\/2022\/03\/11\/dr-lucic-ruska-agresija-na-ukrajinu-milosevicevsko-opravdavanje-invazije-i-podli-medijski-napadi-na-hrvate\/#primaryimage"},"image":{"@id":"https:\/\/radioljubuski.ba\/index.php\/2022\/03\/11\/dr-lucic-ruska-agresija-na-ukrajinu-milosevicevsko-opravdavanje-invazije-i-podli-medijski-napadi-na-hrvate\/#primaryimage"},"thumbnailUrl":"https:\/\/radioljubuski.ba\/wp-content\/uploads\/2022\/03\/lucic-e1559051659881.jpg","datePublished":"2022-03-10T23:14:06+00:00","dateModified":"2022-03-10T23:14:07+00:00","breadcrumb":{"@id":"https:\/\/radioljubuski.ba\/index.php\/2022\/03\/11\/dr-lucic-ruska-agresija-na-ukrajinu-milosevicevsko-opravdavanje-invazije-i-podli-medijski-napadi-na-hrvate\/#breadcrumb"},"inLanguage":"hr","potentialAction":[{"@type":"ReadAction","target":["https:\/\/radioljubuski.ba\/index.php\/2022\/03\/11\/dr-lucic-ruska-agresija-na-ukrajinu-milosevicevsko-opravdavanje-invazije-i-podli-medijski-napadi-na-hrvate\/"]}]},{"@type":"ImageObject","inLanguage":"hr","@id":"https:\/\/radioljubuski.ba\/index.php\/2022\/03\/11\/dr-lucic-ruska-agresija-na-ukrajinu-milosevicevsko-opravdavanje-invazije-i-podli-medijski-napadi-na-hrvate\/#primaryimage","url":"https:\/\/radioljubuski.ba\/wp-content\/uploads\/2022\/03\/lucic-e1559051659881.jpg","contentUrl":"https:\/\/radioljubuski.ba\/wp-content\/uploads\/2022\/03\/lucic-e1559051659881.jpg","width":1016,"height":514},{"@type":"BreadcrumbList","@id":"https:\/\/radioljubuski.ba\/index.php\/2022\/03\/11\/dr-lucic-ruska-agresija-na-ukrajinu-milosevicevsko-opravdavanje-invazije-i-podli-medijski-napadi-na-hrvate\/#breadcrumb","itemListElement":[{"@type":"ListItem","position":1,"name":"Po\u010detna stranica","item":"https:\/\/radioljubuski.ba\/"},{"@type":"ListItem","position":2,"name":"Dr. Lu\u010di\u0107: Ruska agresija na Ukrajinu, milo\u0161evi\u0107evsko opravdavanje invazije i podli medijski napadi na Hrvate"}]},{"@type":"WebSite","@id":"https:\/\/radioljubuski.ba\/#website","url":"https:\/\/radioljubuski.ba\/","name":"Radio Ljubu\u0161ki","description":"Sun\u010dana frekvencija Hercegovine","publisher":{"@id":"https:\/\/radioljubuski.ba\/#organization"},"potentialAction":[{"@type":"SearchAction","target":{"@type":"EntryPoint","urlTemplate":"https:\/\/radioljubuski.ba\/?s={search_term_string}"},"query-input":{"@type":"PropertyValueSpecification","valueRequired":true,"valueName":"search_term_string"}}],"inLanguage":"hr"},{"@type":"Organization","@id":"https:\/\/radioljubuski.ba\/#organization","name":"Radio Ljubu\u0161ki","url":"https:\/\/radioljubuski.ba\/","logo":{"@type":"ImageObject","inLanguage":"hr","@id":"https:\/\/radioljubuski.ba\/#\/schema\/logo\/image\/","url":"https:\/\/radioljubuski.ba\/wp-content\/uploads\/2021\/02\/cropped-Radio_Ljubuski_logo1.jpg","contentUrl":"https:\/\/radioljubuski.ba\/wp-content\/uploads\/2021\/02\/cropped-Radio_Ljubuski_logo1.jpg","width":512,"height":512,"caption":"Radio Ljubu\u0161ki"},"image":{"@id":"https:\/\/radioljubuski.ba\/#\/schema\/logo\/image\/"},"sameAs":["https:\/\/www.facebook.com\/Radiio-Ljubuski-1490835324566332","https:\/\/x.com\/radioljubuski","https:\/\/hr.linkedin.com\/company\/radio-ljubuski","https:\/\/www.youtube.com\/channel\/UCHYaeO_n0Db3tjNGudGpXyw"]},{"@type":"Person","@id":"https:\/\/radioljubuski.ba\/#\/schema\/person\/19fc700381a780f69665d7956c469e3b","name":"Radio Ljubu\u0161ki"}]}},"_links":{"self":[{"href":"https:\/\/radioljubuski.ba\/index.php\/wp-json\/wp\/v2\/posts\/120181","targetHints":{"allow":["GET"]}}],"collection":[{"href":"https:\/\/radioljubuski.ba\/index.php\/wp-json\/wp\/v2\/posts"}],"about":[{"href":"https:\/\/radioljubuski.ba\/index.php\/wp-json\/wp\/v2\/types\/post"}],"author":[{"embeddable":true,"href":"https:\/\/radioljubuski.ba\/index.php\/wp-json\/wp\/v2\/users\/2"}],"replies":[{"embeddable":true,"href":"https:\/\/radioljubuski.ba\/index.php\/wp-json\/wp\/v2\/comments?post=120181"}],"version-history":[{"count":1,"href":"https:\/\/radioljubuski.ba\/index.php\/wp-json\/wp\/v2\/posts\/120181\/revisions"}],"predecessor-version":[{"id":120183,"href":"https:\/\/radioljubuski.ba\/index.php\/wp-json\/wp\/v2\/posts\/120181\/revisions\/120183"}],"wp:featuredmedia":[{"embeddable":true,"href":"https:\/\/radioljubuski.ba\/index.php\/wp-json\/wp\/v2\/media\/120182"}],"wp:attachment":[{"href":"https:\/\/radioljubuski.ba\/index.php\/wp-json\/wp\/v2\/media?parent=120181"}],"wp:term":[{"taxonomy":"category","embeddable":true,"href":"https:\/\/radioljubuski.ba\/index.php\/wp-json\/wp\/v2\/categories?post=120181"},{"taxonomy":"post_tag","embeddable":true,"href":"https:\/\/radioljubuski.ba\/index.php\/wp-json\/wp\/v2\/tags?post=120181"}],"curies":[{"name":"wp","href":"https:\/\/api.w.org\/{rel}","templated":true}]}}