{"id":120186,"date":"2022-03-11T00:51:32","date_gmt":"2022-03-10T23:51:32","guid":{"rendered":"https:\/\/radioljubuski.ba\/?p=120186"},"modified":"2022-03-11T00:51:33","modified_gmt":"2022-03-10T23:51:33","slug":"sincic-sabor-je-odlukom-da-salje-nase-mladice-u-nato-akcije-u-madarsku-hrvatsku-oznacio-vojnom-metom-na-karti-svijeta","status":"publish","type":"post","link":"https:\/\/radioljubuski.ba\/index.php\/2022\/03\/11\/sincic-sabor-je-odlukom-da-salje-nase-mladice-u-nato-akcije-u-madarsku-hrvatsku-oznacio-vojnom-metom-na-karti-svijeta\/","title":{"rendered":"Sin\u010di\u0107: Sabor je odlukom da \u0161alje na\u0161e mladi\u0107e u NATO akcije u Ma\u0111arsku, Hrvatsku ozna\u010dio vojnom metom na karti svijeta"},"content":{"rendered":"\n<p><strong>Ivan Vilibor Sin\u010di\u0107, \u010delnik \u017divog zida i europarlamentarac, protivi se slanju hrvatskih vojnika u Ma\u0111arsku u sklopu NATO akcije.<\/strong><\/p>\n\n\n\n<p>\u201cMir nema alternative\u201d, naslov je Sin\u010di\u0107eve objave u kojoj proziva sabor te ka\u017ee da su bira\u010di na izborima izabrali stranke rata.<\/p>\n\n\n\n<p>\u201cHrvatski sabor dana\u0161njom odlukom da \u0161alje na\u0161e mladi\u0107e u NATO akcije u Ma\u0111arsku dodatno je Hrvatsku ozna\u010dio kao legitimnu vojnu metu na svjetskoj geopoliti\u010dkoj karti. Ja mislim da je to izrazito pogre\u0161na odluka i da bismo trebali graditi partnerstvo sa srodnim narodima i nacijama koje su malobrojne kao i mi, a velike ostaviti neka sami ravnaju svoje ra\u010dune.<\/p>\n\n\n\n<p>Slovenija je odbila slati oru\u017eje. \u017dao mi je \u0161to je velika ve\u0107ina bira\u010da u Hrvatskoj glasovala za stranke rata. Moj smo uvijek bili i uvijek \u0107emo biti stranka mira\u201d, pi\u0161e Ivan Sin\u010di\u0107 na svom Facebooku.<\/p>\n\n\n\n<p>\u201cKada veliki lupaju sankcije velikima, imaju nekoliko rezervnih planova za protusankcije. Koliko Hrvatska vlada i Hrvatski sabor za nas male imaju rezervnih planova?\u201d dodaje na kraju.<\/p>\n\n\n\n<iframe loading=\"lazy\" src=\"https:\/\/www.facebook.com\/plugins\/post.php?href=https%3A%2F%2Fwww.facebook.com%2Fivsincic%2Fposts%2F518359366323453&#038;show_text=true&#038;width=500\" width=\"500\" height=\"368\" style=\"border:none;overflow:hidden\" scrolling=\"no\" frameborder=\"0\" allowfullscreen=\"true\" allow=\"autoplay; clipboard-write; encrypted-media; picture-in-picture; web-share\"><\/iframe>\n\n\n\n<p>\/HMS\/<\/p>\n","protected":false},"excerpt":{"rendered":"<p>Ivan Vilibor Sin\u010di\u0107, \u010delnik \u017divog zida i europarlamentarac, protivi se slanju hrvatskih vojnika u Ma\u0111arsku u sklopu NATO akcije. \u201cMir nema alternative\u201d, naslov je Sin\u010di\u0107eve objave u kojoj proziva sabor te ka\u017ee da su bira\u010di na izborima izabrali stranke rata. \u201cHrvatski sabor dana\u0161njom odlukom da \u0161alje na\u0161e mladi\u0107e u NATO akcije u Ma\u0111arsku dodatno je [&hellip;]<\/p>\n","protected":false},"author":2,"featured_media":120187,"comment_status":"closed","ping_status":"closed","sticky":false,"template":"","format":"standard","meta":{"h5ap_radio_sources":[],"footnotes":""},"categories":[1],"tags":[],"class_list":["post-120186","post","type-post","status-publish","format-standard","has-post-thumbnail","hentry","category-bihiregija"],"yoast_head":"<!-- This site is optimized with the Yoast SEO plugin v27.5 - https:\/\/yoast.com\/product\/yoast-seo-wordpress\/ -->\n<title>Sin\u010di\u0107: Sabor je odlukom da \u0161alje na\u0161e mladi\u0107e u NATO akcije u Ma\u0111arsku, Hrvatsku ozna\u010dio vojnom metom na karti svijeta - RADIO LJUBU\u0160KI<\/title>\n<meta name=\"robots\" content=\"index, follow, max-snippet:-1, max-image-preview:large, max-video-preview:-1\" \/>\n<link rel=\"canonical\" href=\"https:\/\/radioljubuski.ba\/index.php\/2022\/03\/11\/sincic-sabor-je-odlukom-da-salje-nase-mladice-u-nato-akcije-u-madarsku-hrvatsku-oznacio-vojnom-metom-na-karti-svijeta\/\" \/>\n<meta property=\"og:locale\" content=\"hr_HR\" \/>\n<meta property=\"og:type\" content=\"article\" \/>\n<meta property=\"og:title\" content=\"Sin\u010di\u0107: Sabor je odlukom da \u0161alje na\u0161e mladi\u0107e u NATO akcije u Ma\u0111arsku, Hrvatsku ozna\u010dio vojnom metom na karti svijeta - RADIO LJUBU\u0160KI\" \/>\n<meta property=\"og:description\" content=\"Ivan Vilibor Sin\u010di\u0107, \u010delnik \u017divog zida i europarlamentarac, protivi se slanju hrvatskih vojnika u Ma\u0111arsku u sklopu NATO akcije. \u201cMir nema alternative\u201d, naslov je Sin\u010di\u0107eve objave u kojoj proziva sabor te ka\u017ee da su bira\u010di na izborima izabrali stranke rata. \u201cHrvatski sabor dana\u0161njom odlukom da \u0161alje na\u0161e mladi\u0107e u NATO akcije u Ma\u0111arsku dodatno je [&hellip;]\" \/>\n<meta property=\"og:url\" content=\"https:\/\/radioljubuski.ba\/index.php\/2022\/03\/11\/sincic-sabor-je-odlukom-da-salje-nase-mladice-u-nato-akcije-u-madarsku-hrvatsku-oznacio-vojnom-metom-na-karti-svijeta\/\" \/>\n<meta property=\"og:site_name\" content=\"RADIO LJUBU\u0160KI\" \/>\n<meta property=\"article:publisher\" content=\"https:\/\/www.facebook.com\/Radiio-Ljubuski-1490835324566332\" \/>\n<meta property=\"article:published_time\" content=\"2022-03-10T23:51:32+00:00\" \/>\n<meta property=\"article:modified_time\" content=\"2022-03-10T23:51:33+00:00\" \/>\n<meta property=\"og:image\" content=\"https:\/\/radioljubuski.ba\/wp-content\/uploads\/2022\/03\/sincic.jpg\" \/>\n\t<meta property=\"og:image:width\" content=\"950\" \/>\n\t<meta property=\"og:image:height\" content=\"527\" \/>\n\t<meta property=\"og:image:type\" content=\"image\/jpeg\" \/>\n<meta name=\"author\" content=\"Radio Ljubu\u0161ki\" \/>\n<meta name=\"twitter:card\" content=\"summary_large_image\" \/>\n<meta name=\"twitter:creator\" content=\"@radioljubuski\" \/>\n<meta name=\"twitter:site\" content=\"@radioljubuski\" \/>\n<meta name=\"twitter:label1\" content=\"Napisao\/la\" \/>\n\t<meta name=\"twitter:data1\" content=\"Radio Ljubu\u0161ki\" \/>\n\t<meta name=\"twitter:label2\" content=\"Procijenjeno vrijeme \u010ditanja\" \/>\n\t<meta name=\"twitter:data2\" content=\"1 minuta\" \/>\n<script type=\"application\/ld+json\" class=\"yoast-schema-graph\">{\"@context\":\"https:\\\/\\\/schema.org\",\"@graph\":[{\"@type\":\"Article\",\"@id\":\"https:\\\/\\\/radioljubuski.ba\\\/index.php\\\/2022\\\/03\\\/11\\\/sincic-sabor-je-odlukom-da-salje-nase-mladice-u-nato-akcije-u-madarsku-hrvatsku-oznacio-vojnom-metom-na-karti-svijeta\\\/#article\",\"isPartOf\":{\"@id\":\"https:\\\/\\\/radioljubuski.ba\\\/index.php\\\/2022\\\/03\\\/11\\\/sincic-sabor-je-odlukom-da-salje-nase-mladice-u-nato-akcije-u-madarsku-hrvatsku-oznacio-vojnom-metom-na-karti-svijeta\\\/\"},\"author\":{\"name\":\"Radio Ljubu\u0161ki\",\"@id\":\"https:\\\/\\\/radioljubuski.ba\\\/#\\\/schema\\\/person\\\/19fc700381a780f69665d7956c469e3b\"},\"headline\":\"Sin\u010di\u0107: Sabor je odlukom da \u0161alje na\u0161e mladi\u0107e u NATO akcije u Ma\u0111arsku, Hrvatsku ozna\u010dio vojnom metom na karti svijeta\",\"datePublished\":\"2022-03-10T23:51:32+00:00\",\"dateModified\":\"2022-03-10T23:51:33+00:00\",\"mainEntityOfPage\":{\"@id\":\"https:\\\/\\\/radioljubuski.ba\\\/index.php\\\/2022\\\/03\\\/11\\\/sincic-sabor-je-odlukom-da-salje-nase-mladice-u-nato-akcije-u-madarsku-hrvatsku-oznacio-vojnom-metom-na-karti-svijeta\\\/\"},\"wordCount\":204,\"publisher\":{\"@id\":\"https:\\\/\\\/radioljubuski.ba\\\/#organization\"},\"image\":{\"@id\":\"https:\\\/\\\/radioljubuski.ba\\\/index.php\\\/2022\\\/03\\\/11\\\/sincic-sabor-je-odlukom-da-salje-nase-mladice-u-nato-akcije-u-madarsku-hrvatsku-oznacio-vojnom-metom-na-karti-svijeta\\\/#primaryimage\"},\"thumbnailUrl\":\"https:\\\/\\\/radioljubuski.ba\\\/wp-content\\\/uploads\\\/2022\\\/03\\\/sincic.jpg\",\"articleSection\":[\"BIH i regija\"],\"inLanguage\":\"hr\"},{\"@type\":\"WebPage\",\"@id\":\"https:\\\/\\\/radioljubuski.ba\\\/index.php\\\/2022\\\/03\\\/11\\\/sincic-sabor-je-odlukom-da-salje-nase-mladice-u-nato-akcije-u-madarsku-hrvatsku-oznacio-vojnom-metom-na-karti-svijeta\\\/\",\"url\":\"https:\\\/\\\/radioljubuski.ba\\\/index.php\\\/2022\\\/03\\\/11\\\/sincic-sabor-je-odlukom-da-salje-nase-mladice-u-nato-akcije-u-madarsku-hrvatsku-oznacio-vojnom-metom-na-karti-svijeta\\\/\",\"name\":\"Sin\u010di\u0107: Sabor je odlukom da \u0161alje na\u0161e mladi\u0107e u NATO akcije u Ma\u0111arsku, Hrvatsku ozna\u010dio vojnom metom na karti svijeta - RADIO LJUBU\u0160KI\",\"isPartOf\":{\"@id\":\"https:\\\/\\\/radioljubuski.ba\\\/#website\"},\"primaryImageOfPage\":{\"@id\":\"https:\\\/\\\/radioljubuski.ba\\\/index.php\\\/2022\\\/03\\\/11\\\/sincic-sabor-je-odlukom-da-salje-nase-mladice-u-nato-akcije-u-madarsku-hrvatsku-oznacio-vojnom-metom-na-karti-svijeta\\\/#primaryimage\"},\"image\":{\"@id\":\"https:\\\/\\\/radioljubuski.ba\\\/index.php\\\/2022\\\/03\\\/11\\\/sincic-sabor-je-odlukom-da-salje-nase-mladice-u-nato-akcije-u-madarsku-hrvatsku-oznacio-vojnom-metom-na-karti-svijeta\\\/#primaryimage\"},\"thumbnailUrl\":\"https:\\\/\\\/radioljubuski.ba\\\/wp-content\\\/uploads\\\/2022\\\/03\\\/sincic.jpg\",\"datePublished\":\"2022-03-10T23:51:32+00:00\",\"dateModified\":\"2022-03-10T23:51:33+00:00\",\"breadcrumb\":{\"@id\":\"https:\\\/\\\/radioljubuski.ba\\\/index.php\\\/2022\\\/03\\\/11\\\/sincic-sabor-je-odlukom-da-salje-nase-mladice-u-nato-akcije-u-madarsku-hrvatsku-oznacio-vojnom-metom-na-karti-svijeta\\\/#breadcrumb\"},\"inLanguage\":\"hr\",\"potentialAction\":[{\"@type\":\"ReadAction\",\"target\":[\"https:\\\/\\\/radioljubuski.ba\\\/index.php\\\/2022\\\/03\\\/11\\\/sincic-sabor-je-odlukom-da-salje-nase-mladice-u-nato-akcije-u-madarsku-hrvatsku-oznacio-vojnom-metom-na-karti-svijeta\\\/\"]}]},{\"@type\":\"ImageObject\",\"inLanguage\":\"hr\",\"@id\":\"https:\\\/\\\/radioljubuski.ba\\\/index.php\\\/2022\\\/03\\\/11\\\/sincic-sabor-je-odlukom-da-salje-nase-mladice-u-nato-akcije-u-madarsku-hrvatsku-oznacio-vojnom-metom-na-karti-svijeta\\\/#primaryimage\",\"url\":\"https:\\\/\\\/radioljubuski.ba\\\/wp-content\\\/uploads\\\/2022\\\/03\\\/sincic.jpg\",\"contentUrl\":\"https:\\\/\\\/radioljubuski.ba\\\/wp-content\\\/uploads\\\/2022\\\/03\\\/sincic.jpg\",\"width\":950,\"height\":527},{\"@type\":\"BreadcrumbList\",\"@id\":\"https:\\\/\\\/radioljubuski.ba\\\/index.php\\\/2022\\\/03\\\/11\\\/sincic-sabor-je-odlukom-da-salje-nase-mladice-u-nato-akcije-u-madarsku-hrvatsku-oznacio-vojnom-metom-na-karti-svijeta\\\/#breadcrumb\",\"itemListElement\":[{\"@type\":\"ListItem\",\"position\":1,\"name\":\"Po\u010detna stranica\",\"item\":\"https:\\\/\\\/radioljubuski.ba\\\/\"},{\"@type\":\"ListItem\",\"position\":2,\"name\":\"Sin\u010di\u0107: Sabor je odlukom da \u0161alje na\u0161e mladi\u0107e u NATO akcije u Ma\u0111arsku, Hrvatsku ozna\u010dio vojnom metom na karti svijeta\"}]},{\"@type\":\"WebSite\",\"@id\":\"https:\\\/\\\/radioljubuski.ba\\\/#website\",\"url\":\"https:\\\/\\\/radioljubuski.ba\\\/\",\"name\":\"Radio Ljubu\u0161ki\",\"description\":\"Sun\u010dana frekvencija Hercegovine\",\"publisher\":{\"@id\":\"https:\\\/\\\/radioljubuski.ba\\\/#organization\"},\"potentialAction\":[{\"@type\":\"SearchAction\",\"target\":{\"@type\":\"EntryPoint\",\"urlTemplate\":\"https:\\\/\\\/radioljubuski.ba\\\/?s={search_term_string}\"},\"query-input\":{\"@type\":\"PropertyValueSpecification\",\"valueRequired\":true,\"valueName\":\"search_term_string\"}}],\"inLanguage\":\"hr\"},{\"@type\":\"Organization\",\"@id\":\"https:\\\/\\\/radioljubuski.ba\\\/#organization\",\"name\":\"Radio Ljubu\u0161ki\",\"url\":\"https:\\\/\\\/radioljubuski.ba\\\/\",\"logo\":{\"@type\":\"ImageObject\",\"inLanguage\":\"hr\",\"@id\":\"https:\\\/\\\/radioljubuski.ba\\\/#\\\/schema\\\/logo\\\/image\\\/\",\"url\":\"https:\\\/\\\/radioljubuski.ba\\\/wp-content\\\/uploads\\\/2021\\\/02\\\/cropped-Radio_Ljubuski_logo1.jpg\",\"contentUrl\":\"https:\\\/\\\/radioljubuski.ba\\\/wp-content\\\/uploads\\\/2021\\\/02\\\/cropped-Radio_Ljubuski_logo1.jpg\",\"width\":512,\"height\":512,\"caption\":\"Radio Ljubu\u0161ki\"},\"image\":{\"@id\":\"https:\\\/\\\/radioljubuski.ba\\\/#\\\/schema\\\/logo\\\/image\\\/\"},\"sameAs\":[\"https:\\\/\\\/www.facebook.com\\\/Radiio-Ljubuski-1490835324566332\",\"https:\\\/\\\/x.com\\\/radioljubuski\",\"https:\\\/\\\/hr.linkedin.com\\\/company\\\/radio-ljubuski\",\"https:\\\/\\\/www.youtube.com\\\/channel\\\/UCHYaeO_n0Db3tjNGudGpXyw\"]},{\"@type\":\"Person\",\"@id\":\"https:\\\/\\\/radioljubuski.ba\\\/#\\\/schema\\\/person\\\/19fc700381a780f69665d7956c469e3b\",\"name\":\"Radio Ljubu\u0161ki\"}]}<\/script>\n<!-- \/ Yoast SEO plugin. -->","yoast_head_json":{"title":"Sin\u010di\u0107: Sabor je odlukom da \u0161alje na\u0161e mladi\u0107e u NATO akcije u Ma\u0111arsku, Hrvatsku ozna\u010dio vojnom metom na karti svijeta - RADIO LJUBU\u0160KI","robots":{"index":"index","follow":"follow","max-snippet":"max-snippet:-1","max-image-preview":"max-image-preview:large","max-video-preview":"max-video-preview:-1"},"canonical":"https:\/\/radioljubuski.ba\/index.php\/2022\/03\/11\/sincic-sabor-je-odlukom-da-salje-nase-mladice-u-nato-akcije-u-madarsku-hrvatsku-oznacio-vojnom-metom-na-karti-svijeta\/","og_locale":"hr_HR","og_type":"article","og_title":"Sin\u010di\u0107: Sabor je odlukom da \u0161alje na\u0161e mladi\u0107e u NATO akcije u Ma\u0111arsku, Hrvatsku ozna\u010dio vojnom metom na karti svijeta - RADIO LJUBU\u0160KI","og_description":"Ivan Vilibor Sin\u010di\u0107, \u010delnik \u017divog zida i europarlamentarac, protivi se slanju hrvatskih vojnika u Ma\u0111arsku u sklopu NATO akcije. \u201cMir nema alternative\u201d, naslov je Sin\u010di\u0107eve objave u kojoj proziva sabor te ka\u017ee da su bira\u010di na izborima izabrali stranke rata. \u201cHrvatski sabor dana\u0161njom odlukom da \u0161alje na\u0161e mladi\u0107e u NATO akcije u Ma\u0111arsku dodatno je [&hellip;]","og_url":"https:\/\/radioljubuski.ba\/index.php\/2022\/03\/11\/sincic-sabor-je-odlukom-da-salje-nase-mladice-u-nato-akcije-u-madarsku-hrvatsku-oznacio-vojnom-metom-na-karti-svijeta\/","og_site_name":"RADIO LJUBU\u0160KI","article_publisher":"https:\/\/www.facebook.com\/Radiio-Ljubuski-1490835324566332","article_published_time":"2022-03-10T23:51:32+00:00","article_modified_time":"2022-03-10T23:51:33+00:00","og_image":[{"width":950,"height":527,"url":"https:\/\/radioljubuski.ba\/wp-content\/uploads\/2022\/03\/sincic.jpg","type":"image\/jpeg"}],"author":"Radio Ljubu\u0161ki","twitter_card":"summary_large_image","twitter_creator":"@radioljubuski","twitter_site":"@radioljubuski","twitter_misc":{"Napisao\/la":"Radio Ljubu\u0161ki","Procijenjeno vrijeme \u010ditanja":"1 minuta"},"schema":{"@context":"https:\/\/schema.org","@graph":[{"@type":"Article","@id":"https:\/\/radioljubuski.ba\/index.php\/2022\/03\/11\/sincic-sabor-je-odlukom-da-salje-nase-mladice-u-nato-akcije-u-madarsku-hrvatsku-oznacio-vojnom-metom-na-karti-svijeta\/#article","isPartOf":{"@id":"https:\/\/radioljubuski.ba\/index.php\/2022\/03\/11\/sincic-sabor-je-odlukom-da-salje-nase-mladice-u-nato-akcije-u-madarsku-hrvatsku-oznacio-vojnom-metom-na-karti-svijeta\/"},"author":{"name":"Radio Ljubu\u0161ki","@id":"https:\/\/radioljubuski.ba\/#\/schema\/person\/19fc700381a780f69665d7956c469e3b"},"headline":"Sin\u010di\u0107: Sabor je odlukom da \u0161alje na\u0161e mladi\u0107e u NATO akcije u Ma\u0111arsku, Hrvatsku ozna\u010dio vojnom metom na karti svijeta","datePublished":"2022-03-10T23:51:32+00:00","dateModified":"2022-03-10T23:51:33+00:00","mainEntityOfPage":{"@id":"https:\/\/radioljubuski.ba\/index.php\/2022\/03\/11\/sincic-sabor-je-odlukom-da-salje-nase-mladice-u-nato-akcije-u-madarsku-hrvatsku-oznacio-vojnom-metom-na-karti-svijeta\/"},"wordCount":204,"publisher":{"@id":"https:\/\/radioljubuski.ba\/#organization"},"image":{"@id":"https:\/\/radioljubuski.ba\/index.php\/2022\/03\/11\/sincic-sabor-je-odlukom-da-salje-nase-mladice-u-nato-akcije-u-madarsku-hrvatsku-oznacio-vojnom-metom-na-karti-svijeta\/#primaryimage"},"thumbnailUrl":"https:\/\/radioljubuski.ba\/wp-content\/uploads\/2022\/03\/sincic.jpg","articleSection":["BIH i regija"],"inLanguage":"hr"},{"@type":"WebPage","@id":"https:\/\/radioljubuski.ba\/index.php\/2022\/03\/11\/sincic-sabor-je-odlukom-da-salje-nase-mladice-u-nato-akcije-u-madarsku-hrvatsku-oznacio-vojnom-metom-na-karti-svijeta\/","url":"https:\/\/radioljubuski.ba\/index.php\/2022\/03\/11\/sincic-sabor-je-odlukom-da-salje-nase-mladice-u-nato-akcije-u-madarsku-hrvatsku-oznacio-vojnom-metom-na-karti-svijeta\/","name":"Sin\u010di\u0107: Sabor je odlukom da \u0161alje na\u0161e mladi\u0107e u NATO akcije u Ma\u0111arsku, Hrvatsku ozna\u010dio vojnom metom na karti svijeta - RADIO LJUBU\u0160KI","isPartOf":{"@id":"https:\/\/radioljubuski.ba\/#website"},"primaryImageOfPage":{"@id":"https:\/\/radioljubuski.ba\/index.php\/2022\/03\/11\/sincic-sabor-je-odlukom-da-salje-nase-mladice-u-nato-akcije-u-madarsku-hrvatsku-oznacio-vojnom-metom-na-karti-svijeta\/#primaryimage"},"image":{"@id":"https:\/\/radioljubuski.ba\/index.php\/2022\/03\/11\/sincic-sabor-je-odlukom-da-salje-nase-mladice-u-nato-akcije-u-madarsku-hrvatsku-oznacio-vojnom-metom-na-karti-svijeta\/#primaryimage"},"thumbnailUrl":"https:\/\/radioljubuski.ba\/wp-content\/uploads\/2022\/03\/sincic.jpg","datePublished":"2022-03-10T23:51:32+00:00","dateModified":"2022-03-10T23:51:33+00:00","breadcrumb":{"@id":"https:\/\/radioljubuski.ba\/index.php\/2022\/03\/11\/sincic-sabor-je-odlukom-da-salje-nase-mladice-u-nato-akcije-u-madarsku-hrvatsku-oznacio-vojnom-metom-na-karti-svijeta\/#breadcrumb"},"inLanguage":"hr","potentialAction":[{"@type":"ReadAction","target":["https:\/\/radioljubuski.ba\/index.php\/2022\/03\/11\/sincic-sabor-je-odlukom-da-salje-nase-mladice-u-nato-akcije-u-madarsku-hrvatsku-oznacio-vojnom-metom-na-karti-svijeta\/"]}]},{"@type":"ImageObject","inLanguage":"hr","@id":"https:\/\/radioljubuski.ba\/index.php\/2022\/03\/11\/sincic-sabor-je-odlukom-da-salje-nase-mladice-u-nato-akcije-u-madarsku-hrvatsku-oznacio-vojnom-metom-na-karti-svijeta\/#primaryimage","url":"https:\/\/radioljubuski.ba\/wp-content\/uploads\/2022\/03\/sincic.jpg","contentUrl":"https:\/\/radioljubuski.ba\/wp-content\/uploads\/2022\/03\/sincic.jpg","width":950,"height":527},{"@type":"BreadcrumbList","@id":"https:\/\/radioljubuski.ba\/index.php\/2022\/03\/11\/sincic-sabor-je-odlukom-da-salje-nase-mladice-u-nato-akcije-u-madarsku-hrvatsku-oznacio-vojnom-metom-na-karti-svijeta\/#breadcrumb","itemListElement":[{"@type":"ListItem","position":1,"name":"Po\u010detna stranica","item":"https:\/\/radioljubuski.ba\/"},{"@type":"ListItem","position":2,"name":"Sin\u010di\u0107: Sabor je odlukom da \u0161alje na\u0161e mladi\u0107e u NATO akcije u Ma\u0111arsku, Hrvatsku ozna\u010dio vojnom metom na karti svijeta"}]},{"@type":"WebSite","@id":"https:\/\/radioljubuski.ba\/#website","url":"https:\/\/radioljubuski.ba\/","name":"Radio Ljubu\u0161ki","description":"Sun\u010dana frekvencija Hercegovine","publisher":{"@id":"https:\/\/radioljubuski.ba\/#organization"},"potentialAction":[{"@type":"SearchAction","target":{"@type":"EntryPoint","urlTemplate":"https:\/\/radioljubuski.ba\/?s={search_term_string}"},"query-input":{"@type":"PropertyValueSpecification","valueRequired":true,"valueName":"search_term_string"}}],"inLanguage":"hr"},{"@type":"Organization","@id":"https:\/\/radioljubuski.ba\/#organization","name":"Radio Ljubu\u0161ki","url":"https:\/\/radioljubuski.ba\/","logo":{"@type":"ImageObject","inLanguage":"hr","@id":"https:\/\/radioljubuski.ba\/#\/schema\/logo\/image\/","url":"https:\/\/radioljubuski.ba\/wp-content\/uploads\/2021\/02\/cropped-Radio_Ljubuski_logo1.jpg","contentUrl":"https:\/\/radioljubuski.ba\/wp-content\/uploads\/2021\/02\/cropped-Radio_Ljubuski_logo1.jpg","width":512,"height":512,"caption":"Radio Ljubu\u0161ki"},"image":{"@id":"https:\/\/radioljubuski.ba\/#\/schema\/logo\/image\/"},"sameAs":["https:\/\/www.facebook.com\/Radiio-Ljubuski-1490835324566332","https:\/\/x.com\/radioljubuski","https:\/\/hr.linkedin.com\/company\/radio-ljubuski","https:\/\/www.youtube.com\/channel\/UCHYaeO_n0Db3tjNGudGpXyw"]},{"@type":"Person","@id":"https:\/\/radioljubuski.ba\/#\/schema\/person\/19fc700381a780f69665d7956c469e3b","name":"Radio Ljubu\u0161ki"}]}},"_links":{"self":[{"href":"https:\/\/radioljubuski.ba\/index.php\/wp-json\/wp\/v2\/posts\/120186","targetHints":{"allow":["GET"]}}],"collection":[{"href":"https:\/\/radioljubuski.ba\/index.php\/wp-json\/wp\/v2\/posts"}],"about":[{"href":"https:\/\/radioljubuski.ba\/index.php\/wp-json\/wp\/v2\/types\/post"}],"author":[{"embeddable":true,"href":"https:\/\/radioljubuski.ba\/index.php\/wp-json\/wp\/v2\/users\/2"}],"replies":[{"embeddable":true,"href":"https:\/\/radioljubuski.ba\/index.php\/wp-json\/wp\/v2\/comments?post=120186"}],"version-history":[{"count":1,"href":"https:\/\/radioljubuski.ba\/index.php\/wp-json\/wp\/v2\/posts\/120186\/revisions"}],"predecessor-version":[{"id":120188,"href":"https:\/\/radioljubuski.ba\/index.php\/wp-json\/wp\/v2\/posts\/120186\/revisions\/120188"}],"wp:featuredmedia":[{"embeddable":true,"href":"https:\/\/radioljubuski.ba\/index.php\/wp-json\/wp\/v2\/media\/120187"}],"wp:attachment":[{"href":"https:\/\/radioljubuski.ba\/index.php\/wp-json\/wp\/v2\/media?parent=120186"}],"wp:term":[{"taxonomy":"category","embeddable":true,"href":"https:\/\/radioljubuski.ba\/index.php\/wp-json\/wp\/v2\/categories?post=120186"},{"taxonomy":"post_tag","embeddable":true,"href":"https:\/\/radioljubuski.ba\/index.php\/wp-json\/wp\/v2\/tags?post=120186"}],"curies":[{"name":"wp","href":"https:\/\/api.w.org\/{rel}","templated":true}]}}