{"id":120189,"date":"2022-03-11T00:52:56","date_gmt":"2022-03-10T23:52:56","guid":{"rendered":"https:\/\/radioljubuski.ba\/?p=120189"},"modified":"2022-03-11T00:52:57","modified_gmt":"2022-03-10T23:52:57","slug":"kadirov-nahvalio-vucica-necemo-to-zaboraviti-braco","status":"publish","type":"post","link":"https:\/\/radioljubuski.ba\/index.php\/2022\/03\/11\/kadirov-nahvalio-vucica-necemo-to-zaboraviti-braco\/","title":{"rendered":"Kadirov nahvalio Vu\u010di\u0107a: Ne\u0107emo to zaboraviti, bra\u0107o"},"content":{"rendered":"\n<p><strong>\u010ce\u010denski vo\u0111a Ramzan Kadirov u intervjuu za Tanjug rekao je da Rusija i on nikada ne\u0107e zaboraviti da Srbija, jedina uz Bjelorusiju, nije uvela sankcije te je zahvalio predsjedniku Srbije Aleksandru Vu\u010di\u0107u na \u201cpolitici mira\u201d, prenosi portal b92. Kadirov ka\u017ee da je to \u201cbratski potez\u201d.<\/strong><\/p>\n\n\n\n<p>\u201cVu\u010di\u0107 i Luka\u0161enko primjer su nesebi\u010dnog slu\u017eenja svojoj domovini. Oni su nacionalni lideri i istinski patrioti svojih zemalja, koji se u svojoj unutra\u0161njoj i vanjskoj politici vode interesima naroda, a ne sankcijskom psihozom anglosaksonskog svijeta\u201d, ka\u017ee Ramzan.<\/p>\n\n\n\n<p>Vu\u010di\u0107a hvali jer nije uveo sankcije Rusiji te ga uspore\u0111uje s Luka\u0161enkom.<\/p>\n\n\n\n<p>\u201cNa\u0161e zemlje povezuju bratske veze. Veoma mi je drago da politika koju provode srpske i bjeloruske vlasti, ne obaziru\u0107i se na agresivni vanjski pritisak, doprinosi ja\u010danju mira i sloge izme\u0111u na\u0161ih dr\u017eava. Rusija ni u jednom trenutku nije zaboravljala dobra djela! Ne\u0107emo zaboraviti ni mi, bra\u0107o\u201d, dodaje.<\/p>\n\n\n\n<p><strong>Rusija nije agresor, ka\u017ee Ramzan<\/strong><\/p>\n\n\n\n<p>\u010ce\u010denski vo\u0111a ka\u017ee da Rusija nije agresor u Ukrajini i da njegova zemlja nikad nije po\u010dinjala ratove, nego ih je zavr\u0161avala \u201ckako bi dovela do mira\u201d.<\/p>\n\n\n\n<p>\u201cDanas, putem masovne antiruske informacijske histerije poku\u0161avaju predstaviti Rusiju kao agresora i diskreditiraju vlasti na\u0161e zemlje. Svjetskoj zajednici koja je u stanju adekvatno razmi\u0161ljati poznato je da su agresori zapravo SAD i NATO.<\/p>\n\n\n\n<p>Jasna potvrda toga su desetine zemalja koje su bombardirali i vi\u0161e od 11 milijuna civila koje su ubili. Rusija je predugo trpjela ovo maltretiranje\u201d, rekao je te dodao da Rusija \u201czaustavlja globalnu svjetsku katastrofu\u201d.<\/p>\n\n\n\n<p><strong>\u201cZelenskij je pateti\u010dna marioneta\u201d<\/strong><\/p>\n\n\n\n<p>Za ukrajinskog predsjednika Zelenskog ka\u017ee da je \u201cmarioneta\u201d.<\/p>\n\n\n\n<p>\u201cZelenskij je pateti\u010dna marioneta koju zapadni lutkari vrte kako \u017eele. Predla\u017eem Zelenskom da se ispri\u010da predsjedniku Ruske Federacije Putinu za neprijateljsku antirusku politiku i da se slo\u017ei sa svim uvjetima Rusije o demilitarizaciji i denacifikaciji Ukrajine. To \u0107e za njega i za cijelu Ukrajinu biti najbolji izlaz iz krize u koju je doveo, bezobzirno vjeruju\u0107i praznim obe\u0107anjima zapadnih zemalja\u201d, poru\u010duje Kadirov.<\/p>\n\n\n\n<p>\/HMS\/<\/p>\n","protected":false},"excerpt":{"rendered":"<p>\u010ce\u010denski vo\u0111a Ramzan Kadirov u intervjuu za Tanjug rekao je da Rusija i on nikada ne\u0107e zaboraviti da Srbija, jedina uz Bjelorusiju, nije uvela sankcije te je zahvalio predsjedniku Srbije Aleksandru Vu\u010di\u0107u na \u201cpolitici mira\u201d, prenosi portal b92. Kadirov ka\u017ee da je to \u201cbratski potez\u201d. \u201cVu\u010di\u0107 i Luka\u0161enko primjer su nesebi\u010dnog slu\u017eenja svojoj domovini. Oni [&hellip;]<\/p>\n","protected":false},"author":2,"featured_media":120190,"comment_status":"closed","ping_status":"closed","sticky":false,"template":"","format":"standard","meta":{"h5ap_radio_sources":[],"footnotes":""},"categories":[1],"tags":[],"class_list":["post-120189","post","type-post","status-publish","format-standard","has-post-thumbnail","hentry","category-bihiregija"],"yoast_head":"<!-- This site is optimized with the Yoast SEO plugin v27.5 - https:\/\/yoast.com\/product\/yoast-seo-wordpress\/ -->\n<title>Kadirov nahvalio Vu\u010di\u0107a: Ne\u0107emo to zaboraviti, bra\u0107o - RADIO LJUBU\u0160KI<\/title>\n<meta name=\"robots\" content=\"index, follow, max-snippet:-1, max-image-preview:large, max-video-preview:-1\" \/>\n<link rel=\"canonical\" href=\"https:\/\/radioljubuski.ba\/index.php\/2022\/03\/11\/kadirov-nahvalio-vucica-necemo-to-zaboraviti-braco\/\" \/>\n<meta property=\"og:locale\" content=\"hr_HR\" \/>\n<meta property=\"og:type\" content=\"article\" \/>\n<meta property=\"og:title\" content=\"Kadirov nahvalio Vu\u010di\u0107a: Ne\u0107emo to zaboraviti, bra\u0107o - RADIO LJUBU\u0160KI\" \/>\n<meta property=\"og:description\" content=\"\u010ce\u010denski vo\u0111a Ramzan Kadirov u intervjuu za Tanjug rekao je da Rusija i on nikada ne\u0107e zaboraviti da Srbija, jedina uz Bjelorusiju, nije uvela sankcije te je zahvalio predsjedniku Srbije Aleksandru Vu\u010di\u0107u na \u201cpolitici mira\u201d, prenosi portal b92. Kadirov ka\u017ee da je to \u201cbratski potez\u201d. \u201cVu\u010di\u0107 i Luka\u0161enko primjer su nesebi\u010dnog slu\u017eenja svojoj domovini. Oni [&hellip;]\" \/>\n<meta property=\"og:url\" content=\"https:\/\/radioljubuski.ba\/index.php\/2022\/03\/11\/kadirov-nahvalio-vucica-necemo-to-zaboraviti-braco\/\" \/>\n<meta property=\"og:site_name\" content=\"RADIO LJUBU\u0160KI\" \/>\n<meta property=\"article:publisher\" content=\"https:\/\/www.facebook.com\/Radiio-Ljubuski-1490835324566332\" \/>\n<meta property=\"article:published_time\" content=\"2022-03-10T23:52:56+00:00\" \/>\n<meta property=\"article:modified_time\" content=\"2022-03-10T23:52:57+00:00\" \/>\n<meta property=\"og:image\" content=\"https:\/\/radioljubuski.ba\/wp-content\/uploads\/2022\/03\/vucic-kadirov.png\" \/>\n\t<meta property=\"og:image:width\" content=\"660\" \/>\n\t<meta property=\"og:image:height\" content=\"450\" \/>\n\t<meta property=\"og:image:type\" content=\"image\/png\" \/>\n<meta name=\"author\" content=\"Radio Ljubu\u0161ki\" \/>\n<meta name=\"twitter:card\" content=\"summary_large_image\" \/>\n<meta name=\"twitter:creator\" content=\"@radioljubuski\" \/>\n<meta name=\"twitter:site\" content=\"@radioljubuski\" \/>\n<meta name=\"twitter:label1\" content=\"Napisao\/la\" \/>\n\t<meta name=\"twitter:data1\" content=\"Radio Ljubu\u0161ki\" \/>\n\t<meta name=\"twitter:label2\" content=\"Procijenjeno vrijeme \u010ditanja\" \/>\n\t<meta name=\"twitter:data2\" content=\"2 minute\" \/>\n<script type=\"application\/ld+json\" class=\"yoast-schema-graph\">{\"@context\":\"https:\\\/\\\/schema.org\",\"@graph\":[{\"@type\":\"Article\",\"@id\":\"https:\\\/\\\/radioljubuski.ba\\\/index.php\\\/2022\\\/03\\\/11\\\/kadirov-nahvalio-vucica-necemo-to-zaboraviti-braco\\\/#article\",\"isPartOf\":{\"@id\":\"https:\\\/\\\/radioljubuski.ba\\\/index.php\\\/2022\\\/03\\\/11\\\/kadirov-nahvalio-vucica-necemo-to-zaboraviti-braco\\\/\"},\"author\":{\"name\":\"Radio Ljubu\u0161ki\",\"@id\":\"https:\\\/\\\/radioljubuski.ba\\\/#\\\/schema\\\/person\\\/19fc700381a780f69665d7956c469e3b\"},\"headline\":\"Kadirov nahvalio Vu\u010di\u0107a: Ne\u0107emo to zaboraviti, bra\u0107o\",\"datePublished\":\"2022-03-10T23:52:56+00:00\",\"dateModified\":\"2022-03-10T23:52:57+00:00\",\"mainEntityOfPage\":{\"@id\":\"https:\\\/\\\/radioljubuski.ba\\\/index.php\\\/2022\\\/03\\\/11\\\/kadirov-nahvalio-vucica-necemo-to-zaboraviti-braco\\\/\"},\"wordCount\":366,\"publisher\":{\"@id\":\"https:\\\/\\\/radioljubuski.ba\\\/#organization\"},\"image\":{\"@id\":\"https:\\\/\\\/radioljubuski.ba\\\/index.php\\\/2022\\\/03\\\/11\\\/kadirov-nahvalio-vucica-necemo-to-zaboraviti-braco\\\/#primaryimage\"},\"thumbnailUrl\":\"https:\\\/\\\/radioljubuski.ba\\\/wp-content\\\/uploads\\\/2022\\\/03\\\/vucic-kadirov.png\",\"articleSection\":[\"BIH i regija\"],\"inLanguage\":\"hr\"},{\"@type\":\"WebPage\",\"@id\":\"https:\\\/\\\/radioljubuski.ba\\\/index.php\\\/2022\\\/03\\\/11\\\/kadirov-nahvalio-vucica-necemo-to-zaboraviti-braco\\\/\",\"url\":\"https:\\\/\\\/radioljubuski.ba\\\/index.php\\\/2022\\\/03\\\/11\\\/kadirov-nahvalio-vucica-necemo-to-zaboraviti-braco\\\/\",\"name\":\"Kadirov nahvalio Vu\u010di\u0107a: Ne\u0107emo to zaboraviti, bra\u0107o - RADIO LJUBU\u0160KI\",\"isPartOf\":{\"@id\":\"https:\\\/\\\/radioljubuski.ba\\\/#website\"},\"primaryImageOfPage\":{\"@id\":\"https:\\\/\\\/radioljubuski.ba\\\/index.php\\\/2022\\\/03\\\/11\\\/kadirov-nahvalio-vucica-necemo-to-zaboraviti-braco\\\/#primaryimage\"},\"image\":{\"@id\":\"https:\\\/\\\/radioljubuski.ba\\\/index.php\\\/2022\\\/03\\\/11\\\/kadirov-nahvalio-vucica-necemo-to-zaboraviti-braco\\\/#primaryimage\"},\"thumbnailUrl\":\"https:\\\/\\\/radioljubuski.ba\\\/wp-content\\\/uploads\\\/2022\\\/03\\\/vucic-kadirov.png\",\"datePublished\":\"2022-03-10T23:52:56+00:00\",\"dateModified\":\"2022-03-10T23:52:57+00:00\",\"breadcrumb\":{\"@id\":\"https:\\\/\\\/radioljubuski.ba\\\/index.php\\\/2022\\\/03\\\/11\\\/kadirov-nahvalio-vucica-necemo-to-zaboraviti-braco\\\/#breadcrumb\"},\"inLanguage\":\"hr\",\"potentialAction\":[{\"@type\":\"ReadAction\",\"target\":[\"https:\\\/\\\/radioljubuski.ba\\\/index.php\\\/2022\\\/03\\\/11\\\/kadirov-nahvalio-vucica-necemo-to-zaboraviti-braco\\\/\"]}]},{\"@type\":\"ImageObject\",\"inLanguage\":\"hr\",\"@id\":\"https:\\\/\\\/radioljubuski.ba\\\/index.php\\\/2022\\\/03\\\/11\\\/kadirov-nahvalio-vucica-necemo-to-zaboraviti-braco\\\/#primaryimage\",\"url\":\"https:\\\/\\\/radioljubuski.ba\\\/wp-content\\\/uploads\\\/2022\\\/03\\\/vucic-kadirov.png\",\"contentUrl\":\"https:\\\/\\\/radioljubuski.ba\\\/wp-content\\\/uploads\\\/2022\\\/03\\\/vucic-kadirov.png\",\"width\":660,\"height\":450},{\"@type\":\"BreadcrumbList\",\"@id\":\"https:\\\/\\\/radioljubuski.ba\\\/index.php\\\/2022\\\/03\\\/11\\\/kadirov-nahvalio-vucica-necemo-to-zaboraviti-braco\\\/#breadcrumb\",\"itemListElement\":[{\"@type\":\"ListItem\",\"position\":1,\"name\":\"Po\u010detna stranica\",\"item\":\"https:\\\/\\\/radioljubuski.ba\\\/\"},{\"@type\":\"ListItem\",\"position\":2,\"name\":\"Kadirov nahvalio Vu\u010di\u0107a: Ne\u0107emo to zaboraviti, bra\u0107o\"}]},{\"@type\":\"WebSite\",\"@id\":\"https:\\\/\\\/radioljubuski.ba\\\/#website\",\"url\":\"https:\\\/\\\/radioljubuski.ba\\\/\",\"name\":\"Radio Ljubu\u0161ki\",\"description\":\"Sun\u010dana frekvencija Hercegovine\",\"publisher\":{\"@id\":\"https:\\\/\\\/radioljubuski.ba\\\/#organization\"},\"potentialAction\":[{\"@type\":\"SearchAction\",\"target\":{\"@type\":\"EntryPoint\",\"urlTemplate\":\"https:\\\/\\\/radioljubuski.ba\\\/?s={search_term_string}\"},\"query-input\":{\"@type\":\"PropertyValueSpecification\",\"valueRequired\":true,\"valueName\":\"search_term_string\"}}],\"inLanguage\":\"hr\"},{\"@type\":\"Organization\",\"@id\":\"https:\\\/\\\/radioljubuski.ba\\\/#organization\",\"name\":\"Radio Ljubu\u0161ki\",\"url\":\"https:\\\/\\\/radioljubuski.ba\\\/\",\"logo\":{\"@type\":\"ImageObject\",\"inLanguage\":\"hr\",\"@id\":\"https:\\\/\\\/radioljubuski.ba\\\/#\\\/schema\\\/logo\\\/image\\\/\",\"url\":\"https:\\\/\\\/radioljubuski.ba\\\/wp-content\\\/uploads\\\/2021\\\/02\\\/cropped-Radio_Ljubuski_logo1.jpg\",\"contentUrl\":\"https:\\\/\\\/radioljubuski.ba\\\/wp-content\\\/uploads\\\/2021\\\/02\\\/cropped-Radio_Ljubuski_logo1.jpg\",\"width\":512,\"height\":512,\"caption\":\"Radio Ljubu\u0161ki\"},\"image\":{\"@id\":\"https:\\\/\\\/radioljubuski.ba\\\/#\\\/schema\\\/logo\\\/image\\\/\"},\"sameAs\":[\"https:\\\/\\\/www.facebook.com\\\/Radiio-Ljubuski-1490835324566332\",\"https:\\\/\\\/x.com\\\/radioljubuski\",\"https:\\\/\\\/hr.linkedin.com\\\/company\\\/radio-ljubuski\",\"https:\\\/\\\/www.youtube.com\\\/channel\\\/UCHYaeO_n0Db3tjNGudGpXyw\"]},{\"@type\":\"Person\",\"@id\":\"https:\\\/\\\/radioljubuski.ba\\\/#\\\/schema\\\/person\\\/19fc700381a780f69665d7956c469e3b\",\"name\":\"Radio Ljubu\u0161ki\"}]}<\/script>\n<!-- \/ Yoast SEO plugin. -->","yoast_head_json":{"title":"Kadirov nahvalio Vu\u010di\u0107a: Ne\u0107emo to zaboraviti, bra\u0107o - RADIO LJUBU\u0160KI","robots":{"index":"index","follow":"follow","max-snippet":"max-snippet:-1","max-image-preview":"max-image-preview:large","max-video-preview":"max-video-preview:-1"},"canonical":"https:\/\/radioljubuski.ba\/index.php\/2022\/03\/11\/kadirov-nahvalio-vucica-necemo-to-zaboraviti-braco\/","og_locale":"hr_HR","og_type":"article","og_title":"Kadirov nahvalio Vu\u010di\u0107a: Ne\u0107emo to zaboraviti, bra\u0107o - RADIO LJUBU\u0160KI","og_description":"\u010ce\u010denski vo\u0111a Ramzan Kadirov u intervjuu za Tanjug rekao je da Rusija i on nikada ne\u0107e zaboraviti da Srbija, jedina uz Bjelorusiju, nije uvela sankcije te je zahvalio predsjedniku Srbije Aleksandru Vu\u010di\u0107u na \u201cpolitici mira\u201d, prenosi portal b92. Kadirov ka\u017ee da je to \u201cbratski potez\u201d. \u201cVu\u010di\u0107 i Luka\u0161enko primjer su nesebi\u010dnog slu\u017eenja svojoj domovini. Oni [&hellip;]","og_url":"https:\/\/radioljubuski.ba\/index.php\/2022\/03\/11\/kadirov-nahvalio-vucica-necemo-to-zaboraviti-braco\/","og_site_name":"RADIO LJUBU\u0160KI","article_publisher":"https:\/\/www.facebook.com\/Radiio-Ljubuski-1490835324566332","article_published_time":"2022-03-10T23:52:56+00:00","article_modified_time":"2022-03-10T23:52:57+00:00","og_image":[{"width":660,"height":450,"url":"https:\/\/radioljubuski.ba\/wp-content\/uploads\/2022\/03\/vucic-kadirov.png","type":"image\/png"}],"author":"Radio Ljubu\u0161ki","twitter_card":"summary_large_image","twitter_creator":"@radioljubuski","twitter_site":"@radioljubuski","twitter_misc":{"Napisao\/la":"Radio Ljubu\u0161ki","Procijenjeno vrijeme \u010ditanja":"2 minute"},"schema":{"@context":"https:\/\/schema.org","@graph":[{"@type":"Article","@id":"https:\/\/radioljubuski.ba\/index.php\/2022\/03\/11\/kadirov-nahvalio-vucica-necemo-to-zaboraviti-braco\/#article","isPartOf":{"@id":"https:\/\/radioljubuski.ba\/index.php\/2022\/03\/11\/kadirov-nahvalio-vucica-necemo-to-zaboraviti-braco\/"},"author":{"name":"Radio Ljubu\u0161ki","@id":"https:\/\/radioljubuski.ba\/#\/schema\/person\/19fc700381a780f69665d7956c469e3b"},"headline":"Kadirov nahvalio Vu\u010di\u0107a: Ne\u0107emo to zaboraviti, bra\u0107o","datePublished":"2022-03-10T23:52:56+00:00","dateModified":"2022-03-10T23:52:57+00:00","mainEntityOfPage":{"@id":"https:\/\/radioljubuski.ba\/index.php\/2022\/03\/11\/kadirov-nahvalio-vucica-necemo-to-zaboraviti-braco\/"},"wordCount":366,"publisher":{"@id":"https:\/\/radioljubuski.ba\/#organization"},"image":{"@id":"https:\/\/radioljubuski.ba\/index.php\/2022\/03\/11\/kadirov-nahvalio-vucica-necemo-to-zaboraviti-braco\/#primaryimage"},"thumbnailUrl":"https:\/\/radioljubuski.ba\/wp-content\/uploads\/2022\/03\/vucic-kadirov.png","articleSection":["BIH i regija"],"inLanguage":"hr"},{"@type":"WebPage","@id":"https:\/\/radioljubuski.ba\/index.php\/2022\/03\/11\/kadirov-nahvalio-vucica-necemo-to-zaboraviti-braco\/","url":"https:\/\/radioljubuski.ba\/index.php\/2022\/03\/11\/kadirov-nahvalio-vucica-necemo-to-zaboraviti-braco\/","name":"Kadirov nahvalio Vu\u010di\u0107a: Ne\u0107emo to zaboraviti, bra\u0107o - RADIO LJUBU\u0160KI","isPartOf":{"@id":"https:\/\/radioljubuski.ba\/#website"},"primaryImageOfPage":{"@id":"https:\/\/radioljubuski.ba\/index.php\/2022\/03\/11\/kadirov-nahvalio-vucica-necemo-to-zaboraviti-braco\/#primaryimage"},"image":{"@id":"https:\/\/radioljubuski.ba\/index.php\/2022\/03\/11\/kadirov-nahvalio-vucica-necemo-to-zaboraviti-braco\/#primaryimage"},"thumbnailUrl":"https:\/\/radioljubuski.ba\/wp-content\/uploads\/2022\/03\/vucic-kadirov.png","datePublished":"2022-03-10T23:52:56+00:00","dateModified":"2022-03-10T23:52:57+00:00","breadcrumb":{"@id":"https:\/\/radioljubuski.ba\/index.php\/2022\/03\/11\/kadirov-nahvalio-vucica-necemo-to-zaboraviti-braco\/#breadcrumb"},"inLanguage":"hr","potentialAction":[{"@type":"ReadAction","target":["https:\/\/radioljubuski.ba\/index.php\/2022\/03\/11\/kadirov-nahvalio-vucica-necemo-to-zaboraviti-braco\/"]}]},{"@type":"ImageObject","inLanguage":"hr","@id":"https:\/\/radioljubuski.ba\/index.php\/2022\/03\/11\/kadirov-nahvalio-vucica-necemo-to-zaboraviti-braco\/#primaryimage","url":"https:\/\/radioljubuski.ba\/wp-content\/uploads\/2022\/03\/vucic-kadirov.png","contentUrl":"https:\/\/radioljubuski.ba\/wp-content\/uploads\/2022\/03\/vucic-kadirov.png","width":660,"height":450},{"@type":"BreadcrumbList","@id":"https:\/\/radioljubuski.ba\/index.php\/2022\/03\/11\/kadirov-nahvalio-vucica-necemo-to-zaboraviti-braco\/#breadcrumb","itemListElement":[{"@type":"ListItem","position":1,"name":"Po\u010detna stranica","item":"https:\/\/radioljubuski.ba\/"},{"@type":"ListItem","position":2,"name":"Kadirov nahvalio Vu\u010di\u0107a: Ne\u0107emo to zaboraviti, bra\u0107o"}]},{"@type":"WebSite","@id":"https:\/\/radioljubuski.ba\/#website","url":"https:\/\/radioljubuski.ba\/","name":"Radio Ljubu\u0161ki","description":"Sun\u010dana frekvencija Hercegovine","publisher":{"@id":"https:\/\/radioljubuski.ba\/#organization"},"potentialAction":[{"@type":"SearchAction","target":{"@type":"EntryPoint","urlTemplate":"https:\/\/radioljubuski.ba\/?s={search_term_string}"},"query-input":{"@type":"PropertyValueSpecification","valueRequired":true,"valueName":"search_term_string"}}],"inLanguage":"hr"},{"@type":"Organization","@id":"https:\/\/radioljubuski.ba\/#organization","name":"Radio Ljubu\u0161ki","url":"https:\/\/radioljubuski.ba\/","logo":{"@type":"ImageObject","inLanguage":"hr","@id":"https:\/\/radioljubuski.ba\/#\/schema\/logo\/image\/","url":"https:\/\/radioljubuski.ba\/wp-content\/uploads\/2021\/02\/cropped-Radio_Ljubuski_logo1.jpg","contentUrl":"https:\/\/radioljubuski.ba\/wp-content\/uploads\/2021\/02\/cropped-Radio_Ljubuski_logo1.jpg","width":512,"height":512,"caption":"Radio Ljubu\u0161ki"},"image":{"@id":"https:\/\/radioljubuski.ba\/#\/schema\/logo\/image\/"},"sameAs":["https:\/\/www.facebook.com\/Radiio-Ljubuski-1490835324566332","https:\/\/x.com\/radioljubuski","https:\/\/hr.linkedin.com\/company\/radio-ljubuski","https:\/\/www.youtube.com\/channel\/UCHYaeO_n0Db3tjNGudGpXyw"]},{"@type":"Person","@id":"https:\/\/radioljubuski.ba\/#\/schema\/person\/19fc700381a780f69665d7956c469e3b","name":"Radio Ljubu\u0161ki"}]}},"_links":{"self":[{"href":"https:\/\/radioljubuski.ba\/index.php\/wp-json\/wp\/v2\/posts\/120189","targetHints":{"allow":["GET"]}}],"collection":[{"href":"https:\/\/radioljubuski.ba\/index.php\/wp-json\/wp\/v2\/posts"}],"about":[{"href":"https:\/\/radioljubuski.ba\/index.php\/wp-json\/wp\/v2\/types\/post"}],"author":[{"embeddable":true,"href":"https:\/\/radioljubuski.ba\/index.php\/wp-json\/wp\/v2\/users\/2"}],"replies":[{"embeddable":true,"href":"https:\/\/radioljubuski.ba\/index.php\/wp-json\/wp\/v2\/comments?post=120189"}],"version-history":[{"count":1,"href":"https:\/\/radioljubuski.ba\/index.php\/wp-json\/wp\/v2\/posts\/120189\/revisions"}],"predecessor-version":[{"id":120191,"href":"https:\/\/radioljubuski.ba\/index.php\/wp-json\/wp\/v2\/posts\/120189\/revisions\/120191"}],"wp:featuredmedia":[{"embeddable":true,"href":"https:\/\/radioljubuski.ba\/index.php\/wp-json\/wp\/v2\/media\/120190"}],"wp:attachment":[{"href":"https:\/\/radioljubuski.ba\/index.php\/wp-json\/wp\/v2\/media?parent=120189"}],"wp:term":[{"taxonomy":"category","embeddable":true,"href":"https:\/\/radioljubuski.ba\/index.php\/wp-json\/wp\/v2\/categories?post=120189"},{"taxonomy":"post_tag","embeddable":true,"href":"https:\/\/radioljubuski.ba\/index.php\/wp-json\/wp\/v2\/tags?post=120189"}],"curies":[{"name":"wp","href":"https:\/\/api.w.org\/{rel}","templated":true}]}}