{"id":120192,"date":"2022-03-11T00:53:54","date_gmt":"2022-03-10T23:53:54","guid":{"rendered":"https:\/\/radioljubuski.ba\/?p=120192"},"modified":"2022-03-11T00:54:20","modified_gmt":"2022-03-10T23:54:20","slug":"eu-ce-prestati-koristiti-ruska-fosilna-goriva-do-2027","status":"publish","type":"post","link":"https:\/\/radioljubuski.ba\/index.php\/2022\/03\/11\/eu-ce-prestati-koristiti-ruska-fosilna-goriva-do-2027\/","title":{"rendered":"EU \u0107e prestati koristiti ruska fosilna goriva do 2027."},"content":{"rendered":"\n<p><strong>Europska unija bi trebalo prestati koristiti ruska fosilna goriva do 2027. godine, rekla je predsjednica Europske komisije Ursula fon der Leyen, dodaju\u0107i da \u0107e predlo\u017eiti plan za to sredinom svibnja.<\/strong><\/p>\n\n\n\n<p>\u2013 Prijedlog za plan RePoverEU za postupno ukidanje na\u0161e ovisnosti od ruskih fosilnih goriva do 2027. godine \u2013 napisala je na Twitteru dok su se lideri EU sastali u Versaju kako bi razgovarali o tom pitanju.<\/p>\n\n\n\n<blockquote class=\"twitter-tweet\"><p lang=\"en\" dir=\"ltr\">Discussing energy with EU leaders at the Versailles Summit.<br><br>We are too dependent on Russian fossil fuels and in particular, gas.<br><br>We need to diversify suppliers, notably by switching to LNG.<br><br>And we need to increase our share of renewables.<\/p>&mdash; Ursula von der Leyen (@vonderleyen) <a href=\"https:\/\/twitter.com\/vonderleyen\/status\/1502003342582628356?ref_src=twsrc%5Etfw\">March 10, 2022<\/a><\/blockquote> <script async src=\"https:\/\/platform.twitter.com\/widgets.js\" charset=\"utf-8\"><\/script>\n\n\n\n<p>\/HMS\/<\/p>\n","protected":false},"excerpt":{"rendered":"<p>Europska unija bi trebalo prestati koristiti ruska fosilna goriva do 2027. godine, rekla je predsjednica Europske komisije Ursula fon der Leyen, dodaju\u0107i da \u0107e predlo\u017eiti plan za to sredinom svibnja. \u2013 Prijedlog za plan RePoverEU za postupno ukidanje na\u0161e ovisnosti od ruskih fosilnih goriva do 2027. godine \u2013 napisala je na Twitteru dok su se [&hellip;]<\/p>\n","protected":false},"author":2,"featured_media":120193,"comment_status":"closed","ping_status":"closed","sticky":false,"template":"","format":"standard","meta":{"h5ap_radio_sources":[],"footnotes":""},"categories":[1],"tags":[],"class_list":["post-120192","post","type-post","status-publish","format-standard","has-post-thumbnail","hentry","category-bihiregija"],"yoast_head":"<!-- This site is optimized with the Yoast SEO plugin v27.5 - https:\/\/yoast.com\/product\/yoast-seo-wordpress\/ -->\n<title>EU \u0107e prestati koristiti ruska fosilna goriva do 2027. - RADIO LJUBU\u0160KI<\/title>\n<meta name=\"robots\" content=\"index, follow, max-snippet:-1, max-image-preview:large, max-video-preview:-1\" \/>\n<link rel=\"canonical\" href=\"https:\/\/radioljubuski.ba\/index.php\/2022\/03\/11\/eu-ce-prestati-koristiti-ruska-fosilna-goriva-do-2027\/\" \/>\n<meta property=\"og:locale\" content=\"hr_HR\" \/>\n<meta property=\"og:type\" content=\"article\" \/>\n<meta property=\"og:title\" content=\"EU \u0107e prestati koristiti ruska fosilna goriva do 2027. - RADIO LJUBU\u0160KI\" \/>\n<meta property=\"og:description\" content=\"Europska unija bi trebalo prestati koristiti ruska fosilna goriva do 2027. godine, rekla je predsjednica Europske komisije Ursula fon der Leyen, dodaju\u0107i da \u0107e predlo\u017eiti plan za to sredinom svibnja. \u2013 Prijedlog za plan RePoverEU za postupno ukidanje na\u0161e ovisnosti od ruskih fosilnih goriva do 2027. godine \u2013 napisala je na Twitteru dok su se [&hellip;]\" \/>\n<meta property=\"og:url\" content=\"https:\/\/radioljubuski.ba\/index.php\/2022\/03\/11\/eu-ce-prestati-koristiti-ruska-fosilna-goriva-do-2027\/\" \/>\n<meta property=\"og:site_name\" content=\"RADIO LJUBU\u0160KI\" \/>\n<meta property=\"article:publisher\" content=\"https:\/\/www.facebook.com\/Radiio-Ljubuski-1490835324566332\" \/>\n<meta property=\"article:published_time\" content=\"2022-03-10T23:53:54+00:00\" \/>\n<meta property=\"article:modified_time\" content=\"2022-03-10T23:54:20+00:00\" \/>\n<meta property=\"og:image\" content=\"https:\/\/radioljubuski.ba\/wp-content\/uploads\/2022\/03\/ursula_von_der_leyen-e1632494475169.jpg\" \/>\n\t<meta property=\"og:image:width\" content=\"622\" \/>\n\t<meta property=\"og:image:height\" content=\"354\" \/>\n\t<meta property=\"og:image:type\" content=\"image\/jpeg\" \/>\n<meta name=\"author\" content=\"Radio Ljubu\u0161ki\" \/>\n<meta name=\"twitter:card\" content=\"summary_large_image\" \/>\n<meta name=\"twitter:creator\" content=\"@radioljubuski\" \/>\n<meta name=\"twitter:site\" content=\"@radioljubuski\" \/>\n<meta name=\"twitter:label1\" content=\"Napisao\/la\" \/>\n\t<meta name=\"twitter:data1\" content=\"Radio Ljubu\u0161ki\" \/>\n\t<meta name=\"twitter:label2\" content=\"Procijenjeno vrijeme \u010ditanja\" \/>\n\t<meta name=\"twitter:data2\" content=\"1 minuta\" \/>\n<script type=\"application\/ld+json\" class=\"yoast-schema-graph\">{\"@context\":\"https:\\\/\\\/schema.org\",\"@graph\":[{\"@type\":\"Article\",\"@id\":\"https:\\\/\\\/radioljubuski.ba\\\/index.php\\\/2022\\\/03\\\/11\\\/eu-ce-prestati-koristiti-ruska-fosilna-goriva-do-2027\\\/#article\",\"isPartOf\":{\"@id\":\"https:\\\/\\\/radioljubuski.ba\\\/index.php\\\/2022\\\/03\\\/11\\\/eu-ce-prestati-koristiti-ruska-fosilna-goriva-do-2027\\\/\"},\"author\":{\"name\":\"Radio Ljubu\u0161ki\",\"@id\":\"https:\\\/\\\/radioljubuski.ba\\\/#\\\/schema\\\/person\\\/19fc700381a780f69665d7956c469e3b\"},\"headline\":\"EU \u0107e prestati koristiti ruska fosilna goriva do 2027.\",\"datePublished\":\"2022-03-10T23:53:54+00:00\",\"dateModified\":\"2022-03-10T23:54:20+00:00\",\"mainEntityOfPage\":{\"@id\":\"https:\\\/\\\/radioljubuski.ba\\\/index.php\\\/2022\\\/03\\\/11\\\/eu-ce-prestati-koristiti-ruska-fosilna-goriva-do-2027\\\/\"},\"wordCount\":121,\"publisher\":{\"@id\":\"https:\\\/\\\/radioljubuski.ba\\\/#organization\"},\"image\":{\"@id\":\"https:\\\/\\\/radioljubuski.ba\\\/index.php\\\/2022\\\/03\\\/11\\\/eu-ce-prestati-koristiti-ruska-fosilna-goriva-do-2027\\\/#primaryimage\"},\"thumbnailUrl\":\"https:\\\/\\\/radioljubuski.ba\\\/wp-content\\\/uploads\\\/2022\\\/03\\\/ursula_von_der_leyen-e1632494475169.jpg\",\"articleSection\":[\"BIH i regija\"],\"inLanguage\":\"hr\"},{\"@type\":\"WebPage\",\"@id\":\"https:\\\/\\\/radioljubuski.ba\\\/index.php\\\/2022\\\/03\\\/11\\\/eu-ce-prestati-koristiti-ruska-fosilna-goriva-do-2027\\\/\",\"url\":\"https:\\\/\\\/radioljubuski.ba\\\/index.php\\\/2022\\\/03\\\/11\\\/eu-ce-prestati-koristiti-ruska-fosilna-goriva-do-2027\\\/\",\"name\":\"EU \u0107e prestati koristiti ruska fosilna goriva do 2027. - RADIO LJUBU\u0160KI\",\"isPartOf\":{\"@id\":\"https:\\\/\\\/radioljubuski.ba\\\/#website\"},\"primaryImageOfPage\":{\"@id\":\"https:\\\/\\\/radioljubuski.ba\\\/index.php\\\/2022\\\/03\\\/11\\\/eu-ce-prestati-koristiti-ruska-fosilna-goriva-do-2027\\\/#primaryimage\"},\"image\":{\"@id\":\"https:\\\/\\\/radioljubuski.ba\\\/index.php\\\/2022\\\/03\\\/11\\\/eu-ce-prestati-koristiti-ruska-fosilna-goriva-do-2027\\\/#primaryimage\"},\"thumbnailUrl\":\"https:\\\/\\\/radioljubuski.ba\\\/wp-content\\\/uploads\\\/2022\\\/03\\\/ursula_von_der_leyen-e1632494475169.jpg\",\"datePublished\":\"2022-03-10T23:53:54+00:00\",\"dateModified\":\"2022-03-10T23:54:20+00:00\",\"breadcrumb\":{\"@id\":\"https:\\\/\\\/radioljubuski.ba\\\/index.php\\\/2022\\\/03\\\/11\\\/eu-ce-prestati-koristiti-ruska-fosilna-goriva-do-2027\\\/#breadcrumb\"},\"inLanguage\":\"hr\",\"potentialAction\":[{\"@type\":\"ReadAction\",\"target\":[\"https:\\\/\\\/radioljubuski.ba\\\/index.php\\\/2022\\\/03\\\/11\\\/eu-ce-prestati-koristiti-ruska-fosilna-goriva-do-2027\\\/\"]}]},{\"@type\":\"ImageObject\",\"inLanguage\":\"hr\",\"@id\":\"https:\\\/\\\/radioljubuski.ba\\\/index.php\\\/2022\\\/03\\\/11\\\/eu-ce-prestati-koristiti-ruska-fosilna-goriva-do-2027\\\/#primaryimage\",\"url\":\"https:\\\/\\\/radioljubuski.ba\\\/wp-content\\\/uploads\\\/2022\\\/03\\\/ursula_von_der_leyen-e1632494475169.jpg\",\"contentUrl\":\"https:\\\/\\\/radioljubuski.ba\\\/wp-content\\\/uploads\\\/2022\\\/03\\\/ursula_von_der_leyen-e1632494475169.jpg\",\"width\":622,\"height\":354},{\"@type\":\"BreadcrumbList\",\"@id\":\"https:\\\/\\\/radioljubuski.ba\\\/index.php\\\/2022\\\/03\\\/11\\\/eu-ce-prestati-koristiti-ruska-fosilna-goriva-do-2027\\\/#breadcrumb\",\"itemListElement\":[{\"@type\":\"ListItem\",\"position\":1,\"name\":\"Po\u010detna stranica\",\"item\":\"https:\\\/\\\/radioljubuski.ba\\\/\"},{\"@type\":\"ListItem\",\"position\":2,\"name\":\"EU \u0107e prestati koristiti ruska fosilna goriva do 2027.\"}]},{\"@type\":\"WebSite\",\"@id\":\"https:\\\/\\\/radioljubuski.ba\\\/#website\",\"url\":\"https:\\\/\\\/radioljubuski.ba\\\/\",\"name\":\"Radio Ljubu\u0161ki\",\"description\":\"Sun\u010dana frekvencija Hercegovine\",\"publisher\":{\"@id\":\"https:\\\/\\\/radioljubuski.ba\\\/#organization\"},\"potentialAction\":[{\"@type\":\"SearchAction\",\"target\":{\"@type\":\"EntryPoint\",\"urlTemplate\":\"https:\\\/\\\/radioljubuski.ba\\\/?s={search_term_string}\"},\"query-input\":{\"@type\":\"PropertyValueSpecification\",\"valueRequired\":true,\"valueName\":\"search_term_string\"}}],\"inLanguage\":\"hr\"},{\"@type\":\"Organization\",\"@id\":\"https:\\\/\\\/radioljubuski.ba\\\/#organization\",\"name\":\"Radio Ljubu\u0161ki\",\"url\":\"https:\\\/\\\/radioljubuski.ba\\\/\",\"logo\":{\"@type\":\"ImageObject\",\"inLanguage\":\"hr\",\"@id\":\"https:\\\/\\\/radioljubuski.ba\\\/#\\\/schema\\\/logo\\\/image\\\/\",\"url\":\"https:\\\/\\\/radioljubuski.ba\\\/wp-content\\\/uploads\\\/2021\\\/02\\\/cropped-Radio_Ljubuski_logo1.jpg\",\"contentUrl\":\"https:\\\/\\\/radioljubuski.ba\\\/wp-content\\\/uploads\\\/2021\\\/02\\\/cropped-Radio_Ljubuski_logo1.jpg\",\"width\":512,\"height\":512,\"caption\":\"Radio Ljubu\u0161ki\"},\"image\":{\"@id\":\"https:\\\/\\\/radioljubuski.ba\\\/#\\\/schema\\\/logo\\\/image\\\/\"},\"sameAs\":[\"https:\\\/\\\/www.facebook.com\\\/Radiio-Ljubuski-1490835324566332\",\"https:\\\/\\\/x.com\\\/radioljubuski\",\"https:\\\/\\\/hr.linkedin.com\\\/company\\\/radio-ljubuski\",\"https:\\\/\\\/www.youtube.com\\\/channel\\\/UCHYaeO_n0Db3tjNGudGpXyw\"]},{\"@type\":\"Person\",\"@id\":\"https:\\\/\\\/radioljubuski.ba\\\/#\\\/schema\\\/person\\\/19fc700381a780f69665d7956c469e3b\",\"name\":\"Radio Ljubu\u0161ki\"}]}<\/script>\n<!-- \/ Yoast SEO plugin. -->","yoast_head_json":{"title":"EU \u0107e prestati koristiti ruska fosilna goriva do 2027. - RADIO LJUBU\u0160KI","robots":{"index":"index","follow":"follow","max-snippet":"max-snippet:-1","max-image-preview":"max-image-preview:large","max-video-preview":"max-video-preview:-1"},"canonical":"https:\/\/radioljubuski.ba\/index.php\/2022\/03\/11\/eu-ce-prestati-koristiti-ruska-fosilna-goriva-do-2027\/","og_locale":"hr_HR","og_type":"article","og_title":"EU \u0107e prestati koristiti ruska fosilna goriva do 2027. - RADIO LJUBU\u0160KI","og_description":"Europska unija bi trebalo prestati koristiti ruska fosilna goriva do 2027. godine, rekla je predsjednica Europske komisije Ursula fon der Leyen, dodaju\u0107i da \u0107e predlo\u017eiti plan za to sredinom svibnja. \u2013 Prijedlog za plan RePoverEU za postupno ukidanje na\u0161e ovisnosti od ruskih fosilnih goriva do 2027. godine \u2013 napisala je na Twitteru dok su se [&hellip;]","og_url":"https:\/\/radioljubuski.ba\/index.php\/2022\/03\/11\/eu-ce-prestati-koristiti-ruska-fosilna-goriva-do-2027\/","og_site_name":"RADIO LJUBU\u0160KI","article_publisher":"https:\/\/www.facebook.com\/Radiio-Ljubuski-1490835324566332","article_published_time":"2022-03-10T23:53:54+00:00","article_modified_time":"2022-03-10T23:54:20+00:00","og_image":[{"width":622,"height":354,"url":"https:\/\/radioljubuski.ba\/wp-content\/uploads\/2022\/03\/ursula_von_der_leyen-e1632494475169.jpg","type":"image\/jpeg"}],"author":"Radio Ljubu\u0161ki","twitter_card":"summary_large_image","twitter_creator":"@radioljubuski","twitter_site":"@radioljubuski","twitter_misc":{"Napisao\/la":"Radio Ljubu\u0161ki","Procijenjeno vrijeme \u010ditanja":"1 minuta"},"schema":{"@context":"https:\/\/schema.org","@graph":[{"@type":"Article","@id":"https:\/\/radioljubuski.ba\/index.php\/2022\/03\/11\/eu-ce-prestati-koristiti-ruska-fosilna-goriva-do-2027\/#article","isPartOf":{"@id":"https:\/\/radioljubuski.ba\/index.php\/2022\/03\/11\/eu-ce-prestati-koristiti-ruska-fosilna-goriva-do-2027\/"},"author":{"name":"Radio Ljubu\u0161ki","@id":"https:\/\/radioljubuski.ba\/#\/schema\/person\/19fc700381a780f69665d7956c469e3b"},"headline":"EU \u0107e prestati koristiti ruska fosilna goriva do 2027.","datePublished":"2022-03-10T23:53:54+00:00","dateModified":"2022-03-10T23:54:20+00:00","mainEntityOfPage":{"@id":"https:\/\/radioljubuski.ba\/index.php\/2022\/03\/11\/eu-ce-prestati-koristiti-ruska-fosilna-goriva-do-2027\/"},"wordCount":121,"publisher":{"@id":"https:\/\/radioljubuski.ba\/#organization"},"image":{"@id":"https:\/\/radioljubuski.ba\/index.php\/2022\/03\/11\/eu-ce-prestati-koristiti-ruska-fosilna-goriva-do-2027\/#primaryimage"},"thumbnailUrl":"https:\/\/radioljubuski.ba\/wp-content\/uploads\/2022\/03\/ursula_von_der_leyen-e1632494475169.jpg","articleSection":["BIH i regija"],"inLanguage":"hr"},{"@type":"WebPage","@id":"https:\/\/radioljubuski.ba\/index.php\/2022\/03\/11\/eu-ce-prestati-koristiti-ruska-fosilna-goriva-do-2027\/","url":"https:\/\/radioljubuski.ba\/index.php\/2022\/03\/11\/eu-ce-prestati-koristiti-ruska-fosilna-goriva-do-2027\/","name":"EU \u0107e prestati koristiti ruska fosilna goriva do 2027. - RADIO LJUBU\u0160KI","isPartOf":{"@id":"https:\/\/radioljubuski.ba\/#website"},"primaryImageOfPage":{"@id":"https:\/\/radioljubuski.ba\/index.php\/2022\/03\/11\/eu-ce-prestati-koristiti-ruska-fosilna-goriva-do-2027\/#primaryimage"},"image":{"@id":"https:\/\/radioljubuski.ba\/index.php\/2022\/03\/11\/eu-ce-prestati-koristiti-ruska-fosilna-goriva-do-2027\/#primaryimage"},"thumbnailUrl":"https:\/\/radioljubuski.ba\/wp-content\/uploads\/2022\/03\/ursula_von_der_leyen-e1632494475169.jpg","datePublished":"2022-03-10T23:53:54+00:00","dateModified":"2022-03-10T23:54:20+00:00","breadcrumb":{"@id":"https:\/\/radioljubuski.ba\/index.php\/2022\/03\/11\/eu-ce-prestati-koristiti-ruska-fosilna-goriva-do-2027\/#breadcrumb"},"inLanguage":"hr","potentialAction":[{"@type":"ReadAction","target":["https:\/\/radioljubuski.ba\/index.php\/2022\/03\/11\/eu-ce-prestati-koristiti-ruska-fosilna-goriva-do-2027\/"]}]},{"@type":"ImageObject","inLanguage":"hr","@id":"https:\/\/radioljubuski.ba\/index.php\/2022\/03\/11\/eu-ce-prestati-koristiti-ruska-fosilna-goriva-do-2027\/#primaryimage","url":"https:\/\/radioljubuski.ba\/wp-content\/uploads\/2022\/03\/ursula_von_der_leyen-e1632494475169.jpg","contentUrl":"https:\/\/radioljubuski.ba\/wp-content\/uploads\/2022\/03\/ursula_von_der_leyen-e1632494475169.jpg","width":622,"height":354},{"@type":"BreadcrumbList","@id":"https:\/\/radioljubuski.ba\/index.php\/2022\/03\/11\/eu-ce-prestati-koristiti-ruska-fosilna-goriva-do-2027\/#breadcrumb","itemListElement":[{"@type":"ListItem","position":1,"name":"Po\u010detna stranica","item":"https:\/\/radioljubuski.ba\/"},{"@type":"ListItem","position":2,"name":"EU \u0107e prestati koristiti ruska fosilna goriva do 2027."}]},{"@type":"WebSite","@id":"https:\/\/radioljubuski.ba\/#website","url":"https:\/\/radioljubuski.ba\/","name":"Radio Ljubu\u0161ki","description":"Sun\u010dana frekvencija Hercegovine","publisher":{"@id":"https:\/\/radioljubuski.ba\/#organization"},"potentialAction":[{"@type":"SearchAction","target":{"@type":"EntryPoint","urlTemplate":"https:\/\/radioljubuski.ba\/?s={search_term_string}"},"query-input":{"@type":"PropertyValueSpecification","valueRequired":true,"valueName":"search_term_string"}}],"inLanguage":"hr"},{"@type":"Organization","@id":"https:\/\/radioljubuski.ba\/#organization","name":"Radio Ljubu\u0161ki","url":"https:\/\/radioljubuski.ba\/","logo":{"@type":"ImageObject","inLanguage":"hr","@id":"https:\/\/radioljubuski.ba\/#\/schema\/logo\/image\/","url":"https:\/\/radioljubuski.ba\/wp-content\/uploads\/2021\/02\/cropped-Radio_Ljubuski_logo1.jpg","contentUrl":"https:\/\/radioljubuski.ba\/wp-content\/uploads\/2021\/02\/cropped-Radio_Ljubuski_logo1.jpg","width":512,"height":512,"caption":"Radio Ljubu\u0161ki"},"image":{"@id":"https:\/\/radioljubuski.ba\/#\/schema\/logo\/image\/"},"sameAs":["https:\/\/www.facebook.com\/Radiio-Ljubuski-1490835324566332","https:\/\/x.com\/radioljubuski","https:\/\/hr.linkedin.com\/company\/radio-ljubuski","https:\/\/www.youtube.com\/channel\/UCHYaeO_n0Db3tjNGudGpXyw"]},{"@type":"Person","@id":"https:\/\/radioljubuski.ba\/#\/schema\/person\/19fc700381a780f69665d7956c469e3b","name":"Radio Ljubu\u0161ki"}]}},"_links":{"self":[{"href":"https:\/\/radioljubuski.ba\/index.php\/wp-json\/wp\/v2\/posts\/120192","targetHints":{"allow":["GET"]}}],"collection":[{"href":"https:\/\/radioljubuski.ba\/index.php\/wp-json\/wp\/v2\/posts"}],"about":[{"href":"https:\/\/radioljubuski.ba\/index.php\/wp-json\/wp\/v2\/types\/post"}],"author":[{"embeddable":true,"href":"https:\/\/radioljubuski.ba\/index.php\/wp-json\/wp\/v2\/users\/2"}],"replies":[{"embeddable":true,"href":"https:\/\/radioljubuski.ba\/index.php\/wp-json\/wp\/v2\/comments?post=120192"}],"version-history":[{"count":2,"href":"https:\/\/radioljubuski.ba\/index.php\/wp-json\/wp\/v2\/posts\/120192\/revisions"}],"predecessor-version":[{"id":120195,"href":"https:\/\/radioljubuski.ba\/index.php\/wp-json\/wp\/v2\/posts\/120192\/revisions\/120195"}],"wp:featuredmedia":[{"embeddable":true,"href":"https:\/\/radioljubuski.ba\/index.php\/wp-json\/wp\/v2\/media\/120193"}],"wp:attachment":[{"href":"https:\/\/radioljubuski.ba\/index.php\/wp-json\/wp\/v2\/media?parent=120192"}],"wp:term":[{"taxonomy":"category","embeddable":true,"href":"https:\/\/radioljubuski.ba\/index.php\/wp-json\/wp\/v2\/categories?post=120192"},{"taxonomy":"post_tag","embeddable":true,"href":"https:\/\/radioljubuski.ba\/index.php\/wp-json\/wp\/v2\/tags?post=120192"}],"curies":[{"name":"wp","href":"https:\/\/api.w.org\/{rel}","templated":true}]}}