{"id":120199,"date":"2022-03-11T00:57:41","date_gmt":"2022-03-10T23:57:41","guid":{"rendered":"https:\/\/radioljubuski.ba\/?p=120199"},"modified":"2022-03-11T00:57:42","modified_gmt":"2022-03-10T23:57:42","slug":"puna-vreca-zelja-danas-i-sutra-u-lutkarskom-kazalistu","status":"publish","type":"post","link":"https:\/\/radioljubuski.ba\/index.php\/2022\/03\/11\/puna-vreca-zelja-danas-i-sutra-u-lutkarskom-kazalistu\/","title":{"rendered":"\u201cPuna vre\u0107a \u017eelja\u201d danas i sutra u Lutkarskom kazali\u0161tu"},"content":{"rendered":"\n<p><strong>U Lutkarskom kazali\u0161tu Mostar ovoga tjedna publika \u0107e imati priliku pogledati<\/strong><br><strong>predstavu \u201ePuna vre\u0107a \u017eelja\u201c koju je po tekstu Mire Gavrana adaptirao i re\u017eirao Ivan<\/strong><br><strong>Kristijan Maji\u0107.<\/strong><\/p>\n\n\n\n<p>Predstava \u0107e se igrati u dva termina, u petak 11.3. u 18 sati i u subotu 12.3. u 11 sati.<br>Predstava je u okviru 27. SLUKA u Osijeku 2019. godine dobila povelju Odsjeka za<br>povijest hrvatskog kazali\u0161ta HAZU za promicanje hrvatske dramske knji\u017eevnosti na<br>lutkarskoj sceni.<\/p>\n\n\n\n<p>\u201cPuna vre\u0107a \u017eelja\u201d je nastala u u sklopu projekta \u201eIRENE: lnterregional Renewable &amp;<br>ENErgy efficiency network\u201d odobrenog iz Programa prekograni\u010dne suradnje Hrvatska \u2013<br>Bosna i Hercegovina \u2013 Crna Gora 2014.- 2020.<\/p>\n\n\n\n<p>Rije\u010d je o predstavi koja za cilj ima razvijanje svijesti o za\u0161titi okoli\u0161a i o\u010duvanju prirode<br>O predstavi: U \u0161umi, koja je dom \u017eivotinjama, sve je vi\u0161e sme\u0107a. Medo i Zeko navikli su<br>se ve\u0107 na \u017eivot u svome prljavom domu, pa su se \u010dak po\u010deli i veseliti smetlarskom<br>kamionu koji u \u0161umi istovara sme\u0107e \u2013 jer tamo lako pronalaze hranu, ostatke medenjaka i<br>mrkve! Njihova prijateljica, djevoj\u010dica Irena, dolazi u \u0161umu s pecaljkom u ruci, kako bi<br>ulovila zlatnu ribicu. I \u017eivotinje se uklju\u010duju u lov na ribicu, jer svatko za nju ima jednu<br>\u017eelju, koju bi htio da mu se obistini. Kako vrijeme odmi\u010de, \u017eelja je sve vi\u0161e, puno, puno<br>vi\u0161e od one poznate tri koliko za svoju slobodu ispunjava ribica. Umjesto pune vre\u0107e<br>ostvarenih \u017eelja Medo, Zeko i Irena otkrit \u0107e da nisu sve \u017eelje jednake i da se samo za<br>one prave isplati potruditi.<\/p>\n\n\n\n<p>U predstavi igraju: Anela Planini\u0107 \u0160kutor, Tibor Ore\u010d, Ivan Nevjesti\u0107.<br>Predstava je prigodna za djecu od 3 godine.<\/p>\n\n\n\n<p>Cijena ulaznice je 4 KM.<\/p>\n\n\n\n<p>Budu\u0107i da je broj posjetitelja ograni\u010den molimo vas da osigurate svoje mjesto<br>rezervacijom na broj telefona 036 314 893 svaki radni dan od 9 do 14 sati ili putem na\u0161e<br>slu\u017ebene facebook stranice tako\u0111er svaki radni dan od 9 do 14 sati.<br>Napomena: Va\u0161e rezervirane ulaznice molimo preuzmite najkasnije 15 minuta prije<br>po\u010detka predstave, jer u suprotnom rezervacija se poni\u0161tava. Posebno napominjemo<br>da nakon po\u010detka predstave nije mogu\u0107 ulazak u dvoranu.<\/p>\n\n\n\n<p>\/HMS\/<\/p>\n","protected":false},"excerpt":{"rendered":"<p>U Lutkarskom kazali\u0161tu Mostar ovoga tjedna publika \u0107e imati priliku pogledatipredstavu \u201ePuna vre\u0107a \u017eelja\u201c koju je po tekstu Mire Gavrana adaptirao i re\u017eirao IvanKristijan Maji\u0107. Predstava \u0107e se igrati u dva termina, u petak 11.3. u 18 sati i u subotu 12.3. u 11 sati.Predstava je u okviru 27. SLUKA u Osijeku 2019. godine dobila [&hellip;]<\/p>\n","protected":false},"author":2,"featured_media":120200,"comment_status":"closed","ping_status":"closed","sticky":false,"template":"","format":"standard","meta":{"h5ap_radio_sources":[],"footnotes":""},"categories":[1],"tags":[],"class_list":["post-120199","post","type-post","status-publish","format-standard","has-post-thumbnail","hentry","category-bihiregija"],"yoast_head":"<!-- This site is optimized with the Yoast SEO plugin v27.5 - https:\/\/yoast.com\/product\/yoast-seo-wordpress\/ -->\n<title>\u201cPuna vre\u0107a \u017eelja\u201d danas i sutra u Lutkarskom kazali\u0161tu - RADIO LJUBU\u0160KI<\/title>\n<meta name=\"robots\" content=\"index, follow, max-snippet:-1, max-image-preview:large, max-video-preview:-1\" \/>\n<link rel=\"canonical\" href=\"https:\/\/radioljubuski.ba\/index.php\/2022\/03\/11\/puna-vreca-zelja-danas-i-sutra-u-lutkarskom-kazalistu\/\" \/>\n<meta property=\"og:locale\" content=\"hr_HR\" \/>\n<meta property=\"og:type\" content=\"article\" \/>\n<meta property=\"og:title\" content=\"\u201cPuna vre\u0107a \u017eelja\u201d danas i sutra u Lutkarskom kazali\u0161tu - RADIO LJUBU\u0160KI\" \/>\n<meta property=\"og:description\" content=\"U Lutkarskom kazali\u0161tu Mostar ovoga tjedna publika \u0107e imati priliku pogledatipredstavu \u201ePuna vre\u0107a \u017eelja\u201c koju je po tekstu Mire Gavrana adaptirao i re\u017eirao IvanKristijan Maji\u0107. Predstava \u0107e se igrati u dva termina, u petak 11.3. u 18 sati i u subotu 12.3. u 11 sati.Predstava je u okviru 27. SLUKA u Osijeku 2019. godine dobila [&hellip;]\" \/>\n<meta property=\"og:url\" content=\"https:\/\/radioljubuski.ba\/index.php\/2022\/03\/11\/puna-vreca-zelja-danas-i-sutra-u-lutkarskom-kazalistu\/\" \/>\n<meta property=\"og:site_name\" content=\"RADIO LJUBU\u0160KI\" \/>\n<meta property=\"article:publisher\" content=\"https:\/\/www.facebook.com\/Radiio-Ljubuski-1490835324566332\" \/>\n<meta property=\"article:published_time\" content=\"2022-03-10T23:57:41+00:00\" \/>\n<meta property=\"article:modified_time\" content=\"2022-03-10T23:57:42+00:00\" \/>\n<meta property=\"og:image\" content=\"https:\/\/radioljubuski.ba\/wp-content\/uploads\/2022\/03\/fb-puna-vreca-zelja.jpg\" \/>\n\t<meta property=\"og:image:width\" content=\"900\" \/>\n\t<meta property=\"og:image:height\" content=\"660\" \/>\n\t<meta property=\"og:image:type\" content=\"image\/jpeg\" \/>\n<meta name=\"author\" content=\"Radio Ljubu\u0161ki\" \/>\n<meta name=\"twitter:card\" content=\"summary_large_image\" \/>\n<meta name=\"twitter:creator\" content=\"@radioljubuski\" \/>\n<meta name=\"twitter:site\" content=\"@radioljubuski\" \/>\n<meta name=\"twitter:label1\" content=\"Napisao\/la\" \/>\n\t<meta name=\"twitter:data1\" content=\"Radio Ljubu\u0161ki\" \/>\n\t<meta name=\"twitter:label2\" content=\"Procijenjeno vrijeme \u010ditanja\" \/>\n\t<meta name=\"twitter:data2\" content=\"2 minute\" \/>\n<script type=\"application\/ld+json\" class=\"yoast-schema-graph\">{\"@context\":\"https:\\\/\\\/schema.org\",\"@graph\":[{\"@type\":\"Article\",\"@id\":\"https:\\\/\\\/radioljubuski.ba\\\/index.php\\\/2022\\\/03\\\/11\\\/puna-vreca-zelja-danas-i-sutra-u-lutkarskom-kazalistu\\\/#article\",\"isPartOf\":{\"@id\":\"https:\\\/\\\/radioljubuski.ba\\\/index.php\\\/2022\\\/03\\\/11\\\/puna-vreca-zelja-danas-i-sutra-u-lutkarskom-kazalistu\\\/\"},\"author\":{\"name\":\"Radio Ljubu\u0161ki\",\"@id\":\"https:\\\/\\\/radioljubuski.ba\\\/#\\\/schema\\\/person\\\/19fc700381a780f69665d7956c469e3b\"},\"headline\":\"\u201cPuna vre\u0107a \u017eelja\u201d danas i sutra u Lutkarskom kazali\u0161tu\",\"datePublished\":\"2022-03-10T23:57:41+00:00\",\"dateModified\":\"2022-03-10T23:57:42+00:00\",\"mainEntityOfPage\":{\"@id\":\"https:\\\/\\\/radioljubuski.ba\\\/index.php\\\/2022\\\/03\\\/11\\\/puna-vreca-zelja-danas-i-sutra-u-lutkarskom-kazalistu\\\/\"},\"wordCount\":353,\"publisher\":{\"@id\":\"https:\\\/\\\/radioljubuski.ba\\\/#organization\"},\"image\":{\"@id\":\"https:\\\/\\\/radioljubuski.ba\\\/index.php\\\/2022\\\/03\\\/11\\\/puna-vreca-zelja-danas-i-sutra-u-lutkarskom-kazalistu\\\/#primaryimage\"},\"thumbnailUrl\":\"https:\\\/\\\/radioljubuski.ba\\\/wp-content\\\/uploads\\\/2022\\\/03\\\/fb-puna-vreca-zelja.jpg\",\"articleSection\":[\"BIH i regija\"],\"inLanguage\":\"hr\"},{\"@type\":\"WebPage\",\"@id\":\"https:\\\/\\\/radioljubuski.ba\\\/index.php\\\/2022\\\/03\\\/11\\\/puna-vreca-zelja-danas-i-sutra-u-lutkarskom-kazalistu\\\/\",\"url\":\"https:\\\/\\\/radioljubuski.ba\\\/index.php\\\/2022\\\/03\\\/11\\\/puna-vreca-zelja-danas-i-sutra-u-lutkarskom-kazalistu\\\/\",\"name\":\"\u201cPuna vre\u0107a \u017eelja\u201d danas i sutra u Lutkarskom kazali\u0161tu - RADIO LJUBU\u0160KI\",\"isPartOf\":{\"@id\":\"https:\\\/\\\/radioljubuski.ba\\\/#website\"},\"primaryImageOfPage\":{\"@id\":\"https:\\\/\\\/radioljubuski.ba\\\/index.php\\\/2022\\\/03\\\/11\\\/puna-vreca-zelja-danas-i-sutra-u-lutkarskom-kazalistu\\\/#primaryimage\"},\"image\":{\"@id\":\"https:\\\/\\\/radioljubuski.ba\\\/index.php\\\/2022\\\/03\\\/11\\\/puna-vreca-zelja-danas-i-sutra-u-lutkarskom-kazalistu\\\/#primaryimage\"},\"thumbnailUrl\":\"https:\\\/\\\/radioljubuski.ba\\\/wp-content\\\/uploads\\\/2022\\\/03\\\/fb-puna-vreca-zelja.jpg\",\"datePublished\":\"2022-03-10T23:57:41+00:00\",\"dateModified\":\"2022-03-10T23:57:42+00:00\",\"breadcrumb\":{\"@id\":\"https:\\\/\\\/radioljubuski.ba\\\/index.php\\\/2022\\\/03\\\/11\\\/puna-vreca-zelja-danas-i-sutra-u-lutkarskom-kazalistu\\\/#breadcrumb\"},\"inLanguage\":\"hr\",\"potentialAction\":[{\"@type\":\"ReadAction\",\"target\":[\"https:\\\/\\\/radioljubuski.ba\\\/index.php\\\/2022\\\/03\\\/11\\\/puna-vreca-zelja-danas-i-sutra-u-lutkarskom-kazalistu\\\/\"]}]},{\"@type\":\"ImageObject\",\"inLanguage\":\"hr\",\"@id\":\"https:\\\/\\\/radioljubuski.ba\\\/index.php\\\/2022\\\/03\\\/11\\\/puna-vreca-zelja-danas-i-sutra-u-lutkarskom-kazalistu\\\/#primaryimage\",\"url\":\"https:\\\/\\\/radioljubuski.ba\\\/wp-content\\\/uploads\\\/2022\\\/03\\\/fb-puna-vreca-zelja.jpg\",\"contentUrl\":\"https:\\\/\\\/radioljubuski.ba\\\/wp-content\\\/uploads\\\/2022\\\/03\\\/fb-puna-vreca-zelja.jpg\",\"width\":900,\"height\":660},{\"@type\":\"BreadcrumbList\",\"@id\":\"https:\\\/\\\/radioljubuski.ba\\\/index.php\\\/2022\\\/03\\\/11\\\/puna-vreca-zelja-danas-i-sutra-u-lutkarskom-kazalistu\\\/#breadcrumb\",\"itemListElement\":[{\"@type\":\"ListItem\",\"position\":1,\"name\":\"Po\u010detna stranica\",\"item\":\"https:\\\/\\\/radioljubuski.ba\\\/\"},{\"@type\":\"ListItem\",\"position\":2,\"name\":\"\u201cPuna vre\u0107a \u017eelja\u201d danas i sutra u Lutkarskom kazali\u0161tu\"}]},{\"@type\":\"WebSite\",\"@id\":\"https:\\\/\\\/radioljubuski.ba\\\/#website\",\"url\":\"https:\\\/\\\/radioljubuski.ba\\\/\",\"name\":\"Radio Ljubu\u0161ki\",\"description\":\"Sun\u010dana frekvencija Hercegovine\",\"publisher\":{\"@id\":\"https:\\\/\\\/radioljubuski.ba\\\/#organization\"},\"potentialAction\":[{\"@type\":\"SearchAction\",\"target\":{\"@type\":\"EntryPoint\",\"urlTemplate\":\"https:\\\/\\\/radioljubuski.ba\\\/?s={search_term_string}\"},\"query-input\":{\"@type\":\"PropertyValueSpecification\",\"valueRequired\":true,\"valueName\":\"search_term_string\"}}],\"inLanguage\":\"hr\"},{\"@type\":\"Organization\",\"@id\":\"https:\\\/\\\/radioljubuski.ba\\\/#organization\",\"name\":\"Radio Ljubu\u0161ki\",\"url\":\"https:\\\/\\\/radioljubuski.ba\\\/\",\"logo\":{\"@type\":\"ImageObject\",\"inLanguage\":\"hr\",\"@id\":\"https:\\\/\\\/radioljubuski.ba\\\/#\\\/schema\\\/logo\\\/image\\\/\",\"url\":\"https:\\\/\\\/radioljubuski.ba\\\/wp-content\\\/uploads\\\/2021\\\/02\\\/cropped-Radio_Ljubuski_logo1.jpg\",\"contentUrl\":\"https:\\\/\\\/radioljubuski.ba\\\/wp-content\\\/uploads\\\/2021\\\/02\\\/cropped-Radio_Ljubuski_logo1.jpg\",\"width\":512,\"height\":512,\"caption\":\"Radio Ljubu\u0161ki\"},\"image\":{\"@id\":\"https:\\\/\\\/radioljubuski.ba\\\/#\\\/schema\\\/logo\\\/image\\\/\"},\"sameAs\":[\"https:\\\/\\\/www.facebook.com\\\/Radiio-Ljubuski-1490835324566332\",\"https:\\\/\\\/x.com\\\/radioljubuski\",\"https:\\\/\\\/hr.linkedin.com\\\/company\\\/radio-ljubuski\",\"https:\\\/\\\/www.youtube.com\\\/channel\\\/UCHYaeO_n0Db3tjNGudGpXyw\"]},{\"@type\":\"Person\",\"@id\":\"https:\\\/\\\/radioljubuski.ba\\\/#\\\/schema\\\/person\\\/19fc700381a780f69665d7956c469e3b\",\"name\":\"Radio Ljubu\u0161ki\"}]}<\/script>\n<!-- \/ Yoast SEO plugin. -->","yoast_head_json":{"title":"\u201cPuna vre\u0107a \u017eelja\u201d danas i sutra u Lutkarskom kazali\u0161tu - RADIO LJUBU\u0160KI","robots":{"index":"index","follow":"follow","max-snippet":"max-snippet:-1","max-image-preview":"max-image-preview:large","max-video-preview":"max-video-preview:-1"},"canonical":"https:\/\/radioljubuski.ba\/index.php\/2022\/03\/11\/puna-vreca-zelja-danas-i-sutra-u-lutkarskom-kazalistu\/","og_locale":"hr_HR","og_type":"article","og_title":"\u201cPuna vre\u0107a \u017eelja\u201d danas i sutra u Lutkarskom kazali\u0161tu - RADIO LJUBU\u0160KI","og_description":"U Lutkarskom kazali\u0161tu Mostar ovoga tjedna publika \u0107e imati priliku pogledatipredstavu \u201ePuna vre\u0107a \u017eelja\u201c koju je po tekstu Mire Gavrana adaptirao i re\u017eirao IvanKristijan Maji\u0107. Predstava \u0107e se igrati u dva termina, u petak 11.3. u 18 sati i u subotu 12.3. u 11 sati.Predstava je u okviru 27. SLUKA u Osijeku 2019. godine dobila [&hellip;]","og_url":"https:\/\/radioljubuski.ba\/index.php\/2022\/03\/11\/puna-vreca-zelja-danas-i-sutra-u-lutkarskom-kazalistu\/","og_site_name":"RADIO LJUBU\u0160KI","article_publisher":"https:\/\/www.facebook.com\/Radiio-Ljubuski-1490835324566332","article_published_time":"2022-03-10T23:57:41+00:00","article_modified_time":"2022-03-10T23:57:42+00:00","og_image":[{"width":900,"height":660,"url":"https:\/\/radioljubuski.ba\/wp-content\/uploads\/2022\/03\/fb-puna-vreca-zelja.jpg","type":"image\/jpeg"}],"author":"Radio Ljubu\u0161ki","twitter_card":"summary_large_image","twitter_creator":"@radioljubuski","twitter_site":"@radioljubuski","twitter_misc":{"Napisao\/la":"Radio Ljubu\u0161ki","Procijenjeno vrijeme \u010ditanja":"2 minute"},"schema":{"@context":"https:\/\/schema.org","@graph":[{"@type":"Article","@id":"https:\/\/radioljubuski.ba\/index.php\/2022\/03\/11\/puna-vreca-zelja-danas-i-sutra-u-lutkarskom-kazalistu\/#article","isPartOf":{"@id":"https:\/\/radioljubuski.ba\/index.php\/2022\/03\/11\/puna-vreca-zelja-danas-i-sutra-u-lutkarskom-kazalistu\/"},"author":{"name":"Radio Ljubu\u0161ki","@id":"https:\/\/radioljubuski.ba\/#\/schema\/person\/19fc700381a780f69665d7956c469e3b"},"headline":"\u201cPuna vre\u0107a \u017eelja\u201d danas i sutra u Lutkarskom kazali\u0161tu","datePublished":"2022-03-10T23:57:41+00:00","dateModified":"2022-03-10T23:57:42+00:00","mainEntityOfPage":{"@id":"https:\/\/radioljubuski.ba\/index.php\/2022\/03\/11\/puna-vreca-zelja-danas-i-sutra-u-lutkarskom-kazalistu\/"},"wordCount":353,"publisher":{"@id":"https:\/\/radioljubuski.ba\/#organization"},"image":{"@id":"https:\/\/radioljubuski.ba\/index.php\/2022\/03\/11\/puna-vreca-zelja-danas-i-sutra-u-lutkarskom-kazalistu\/#primaryimage"},"thumbnailUrl":"https:\/\/radioljubuski.ba\/wp-content\/uploads\/2022\/03\/fb-puna-vreca-zelja.jpg","articleSection":["BIH i regija"],"inLanguage":"hr"},{"@type":"WebPage","@id":"https:\/\/radioljubuski.ba\/index.php\/2022\/03\/11\/puna-vreca-zelja-danas-i-sutra-u-lutkarskom-kazalistu\/","url":"https:\/\/radioljubuski.ba\/index.php\/2022\/03\/11\/puna-vreca-zelja-danas-i-sutra-u-lutkarskom-kazalistu\/","name":"\u201cPuna vre\u0107a \u017eelja\u201d danas i sutra u Lutkarskom kazali\u0161tu - RADIO LJUBU\u0160KI","isPartOf":{"@id":"https:\/\/radioljubuski.ba\/#website"},"primaryImageOfPage":{"@id":"https:\/\/radioljubuski.ba\/index.php\/2022\/03\/11\/puna-vreca-zelja-danas-i-sutra-u-lutkarskom-kazalistu\/#primaryimage"},"image":{"@id":"https:\/\/radioljubuski.ba\/index.php\/2022\/03\/11\/puna-vreca-zelja-danas-i-sutra-u-lutkarskom-kazalistu\/#primaryimage"},"thumbnailUrl":"https:\/\/radioljubuski.ba\/wp-content\/uploads\/2022\/03\/fb-puna-vreca-zelja.jpg","datePublished":"2022-03-10T23:57:41+00:00","dateModified":"2022-03-10T23:57:42+00:00","breadcrumb":{"@id":"https:\/\/radioljubuski.ba\/index.php\/2022\/03\/11\/puna-vreca-zelja-danas-i-sutra-u-lutkarskom-kazalistu\/#breadcrumb"},"inLanguage":"hr","potentialAction":[{"@type":"ReadAction","target":["https:\/\/radioljubuski.ba\/index.php\/2022\/03\/11\/puna-vreca-zelja-danas-i-sutra-u-lutkarskom-kazalistu\/"]}]},{"@type":"ImageObject","inLanguage":"hr","@id":"https:\/\/radioljubuski.ba\/index.php\/2022\/03\/11\/puna-vreca-zelja-danas-i-sutra-u-lutkarskom-kazalistu\/#primaryimage","url":"https:\/\/radioljubuski.ba\/wp-content\/uploads\/2022\/03\/fb-puna-vreca-zelja.jpg","contentUrl":"https:\/\/radioljubuski.ba\/wp-content\/uploads\/2022\/03\/fb-puna-vreca-zelja.jpg","width":900,"height":660},{"@type":"BreadcrumbList","@id":"https:\/\/radioljubuski.ba\/index.php\/2022\/03\/11\/puna-vreca-zelja-danas-i-sutra-u-lutkarskom-kazalistu\/#breadcrumb","itemListElement":[{"@type":"ListItem","position":1,"name":"Po\u010detna stranica","item":"https:\/\/radioljubuski.ba\/"},{"@type":"ListItem","position":2,"name":"\u201cPuna vre\u0107a \u017eelja\u201d danas i sutra u Lutkarskom kazali\u0161tu"}]},{"@type":"WebSite","@id":"https:\/\/radioljubuski.ba\/#website","url":"https:\/\/radioljubuski.ba\/","name":"Radio Ljubu\u0161ki","description":"Sun\u010dana frekvencija Hercegovine","publisher":{"@id":"https:\/\/radioljubuski.ba\/#organization"},"potentialAction":[{"@type":"SearchAction","target":{"@type":"EntryPoint","urlTemplate":"https:\/\/radioljubuski.ba\/?s={search_term_string}"},"query-input":{"@type":"PropertyValueSpecification","valueRequired":true,"valueName":"search_term_string"}}],"inLanguage":"hr"},{"@type":"Organization","@id":"https:\/\/radioljubuski.ba\/#organization","name":"Radio Ljubu\u0161ki","url":"https:\/\/radioljubuski.ba\/","logo":{"@type":"ImageObject","inLanguage":"hr","@id":"https:\/\/radioljubuski.ba\/#\/schema\/logo\/image\/","url":"https:\/\/radioljubuski.ba\/wp-content\/uploads\/2021\/02\/cropped-Radio_Ljubuski_logo1.jpg","contentUrl":"https:\/\/radioljubuski.ba\/wp-content\/uploads\/2021\/02\/cropped-Radio_Ljubuski_logo1.jpg","width":512,"height":512,"caption":"Radio Ljubu\u0161ki"},"image":{"@id":"https:\/\/radioljubuski.ba\/#\/schema\/logo\/image\/"},"sameAs":["https:\/\/www.facebook.com\/Radiio-Ljubuski-1490835324566332","https:\/\/x.com\/radioljubuski","https:\/\/hr.linkedin.com\/company\/radio-ljubuski","https:\/\/www.youtube.com\/channel\/UCHYaeO_n0Db3tjNGudGpXyw"]},{"@type":"Person","@id":"https:\/\/radioljubuski.ba\/#\/schema\/person\/19fc700381a780f69665d7956c469e3b","name":"Radio Ljubu\u0161ki"}]}},"_links":{"self":[{"href":"https:\/\/radioljubuski.ba\/index.php\/wp-json\/wp\/v2\/posts\/120199","targetHints":{"allow":["GET"]}}],"collection":[{"href":"https:\/\/radioljubuski.ba\/index.php\/wp-json\/wp\/v2\/posts"}],"about":[{"href":"https:\/\/radioljubuski.ba\/index.php\/wp-json\/wp\/v2\/types\/post"}],"author":[{"embeddable":true,"href":"https:\/\/radioljubuski.ba\/index.php\/wp-json\/wp\/v2\/users\/2"}],"replies":[{"embeddable":true,"href":"https:\/\/radioljubuski.ba\/index.php\/wp-json\/wp\/v2\/comments?post=120199"}],"version-history":[{"count":1,"href":"https:\/\/radioljubuski.ba\/index.php\/wp-json\/wp\/v2\/posts\/120199\/revisions"}],"predecessor-version":[{"id":120201,"href":"https:\/\/radioljubuski.ba\/index.php\/wp-json\/wp\/v2\/posts\/120199\/revisions\/120201"}],"wp:featuredmedia":[{"embeddable":true,"href":"https:\/\/radioljubuski.ba\/index.php\/wp-json\/wp\/v2\/media\/120200"}],"wp:attachment":[{"href":"https:\/\/radioljubuski.ba\/index.php\/wp-json\/wp\/v2\/media?parent=120199"}],"wp:term":[{"taxonomy":"category","embeddable":true,"href":"https:\/\/radioljubuski.ba\/index.php\/wp-json\/wp\/v2\/categories?post=120199"},{"taxonomy":"post_tag","embeddable":true,"href":"https:\/\/radioljubuski.ba\/index.php\/wp-json\/wp\/v2\/tags?post=120199"}],"curies":[{"name":"wp","href":"https:\/\/api.w.org\/{rel}","templated":true}]}}