{"id":120211,"date":"2022-03-11T01:05:35","date_gmt":"2022-03-11T00:05:35","guid":{"rendered":"https:\/\/radioljubuski.ba\/?p=120211"},"modified":"2022-03-11T01:05:36","modified_gmt":"2022-03-11T00:05:36","slug":"europska-sredisnja-banka-smatra-da-ce-inflacija-biti-puno-veca-nego-sto-se-ocekivalo","status":"publish","type":"post","link":"https:\/\/radioljubuski.ba\/index.php\/2022\/03\/11\/europska-sredisnja-banka-smatra-da-ce-inflacija-biti-puno-veca-nego-sto-se-ocekivalo\/","title":{"rendered":"Europska sredi\u0161nja banka smatra da \u0107e inflacija biti puno ve\u0107a nego \u0161to se o\u010dekivalo"},"content":{"rendered":"\n<p>Europska sredi\u0161nja banka (ECB) podigla je procjene inflacije u eurozoni i najavila da bi mogla ugasiti monetarne poticaje u tre\u0107em tromjese\u010dju, unato\u010d ocjeni da \u0107e rusko-ukrajinski sukob negativno utjecati na gospodarstvo.<\/p>\n\n\n\n<p>ECB sada procjenjuje da \u0107e inflacija u ovoj godini biti vi\u0161e nego dvostruko ve\u0107a od ciljanih dva posto, a trebala bi se zadr\u017eati iznad te razine i sljede\u0107e godine, rekla je predsjednica ECB-a Christine Lagarde na konferenciji za novinare.<\/p>\n\n\n\n<p>Za ovu godinu banka procjenjuje da \u0107e u prosjeku iznositi 5.1 posto, \u0161to je znatno vi\u0161e u usporedbi s projiciranih 3.2 posto na sjednici u prosincu. U 2023. bi trebala se spustiti na 2.1 posto i biti vi\u0161a za 0.3 postotna boda nego \u0161to su prognozirali u prosincu.<\/p>\n\n\n\n<p>Za 2024. projicirana stopa inflacije podignuta je za 0.1 postotni bod, na 1.9 posto.<\/p>\n\n\n\n<p>Rusko-ukrajinski rat &#8220;zna\u010dajno \u0107e utjecati na gospodarsku aktivnost i inflaciju kroz vi\u0161e cijene energije i robe, poreme\u0107aj u me\u0111unarodnoj trgovini i slabije povjerenje&#8221;, upozorila je Lagarde.<\/p>\n\n\n\n<p>Razmjeri tog utjecaja ovisit \u0107e o razvoju sukoba, u\u010dinku sada\u0161njih sankcija i mogu\u0107im daljnjim mjerama, dodala je.<\/p>\n\n\n\n<p>Poru\u010dila je, me\u0111utim, da upravno vije\u0107e ECB-a &#8220;smatra da su sve ve\u0107e \u0161anse da \u0107e se inflacija stabilizirati na ciljanih dva posto u srednjem roku&#8221;.<\/p>\n\n\n\n<p>Banka je danas snizila prognozu rasta gospodarstva eurozone u ovoj godini za pola postotnog boda, na 3.7 posto. Prognoza za idu\u0107u godinu sni\u017eena je za 0.1 postotni bod, na 2.8 posto, dok je ona za 2024. potvr\u0111ena na 1.6 posto.<\/p>\n\n\n\n<p><strong>Ga\u0161enje poticaja u jesen?<\/strong><\/p>\n\n\n\n<p>Ponovili su da \u0107e na kraju o\u017eujka ugasiti krizni pandemijski program kupnji obveznica (PEPP) ukupne vrijednosti 1.850 milijardi eura.<\/p>\n\n\n\n<p>Nagovijestili su i da bi mogli ubrzati ga\u0161enje redovnog programa kupnji obveznica (APP), koji su bili oformili kako bi poduprli gospodarstvo i potaknuli inflaciju nakon du\u017eni\u010dke krize prije vi\u0161e od desetak godina.<\/p>\n\n\n\n<p>U drugom \u0107e tromjese\u010dju intenzivirati kupnje u sklopu APP-a u odnosu na prva tri mjeseca i u travnju \u0107e kupiti obveznice u vrijednosti 40 milijardi eura, smanjiti vrijednost programa na 30 milijardi u svibnju i na 20 milijardi u lipnju, pokazalo je priop\u0107enje ECB-a.<\/p>\n\n\n\n<p>Dosada\u0161nji plan predvi\u0111ao je kupnju du\u017eni\u010dkih papira za 40 milijardi eura mjese\u010dno kroz cijeli drugi kvartal te za 30 milijardi mjese\u010dno tijekom tre\u0107eg kvartala i za po 20 milijardi eura mjese\u010dno od listopada.&nbsp;<\/p>\n\n\n\n<p>Kupnja u tre\u0107em kvartalu ovisit \u0107e o podacima, isti\u010du, dodav\u0161i da bi raspored mogao biti izmijenjen ako se promijene prognoze inflacije.<\/p>\n\n\n\n<p>Ako novi podaci potvrde o\u010dekivanja da se izgledi za inflaciju u srednjem roku ne\u0107e smanjiti ni nakon prekida neto kupnji vrijednosnih papira, upravno vije\u0107e ugasit \u0107e neto kupnje u sklopu APP\u2011a u tre\u0107em tromjese\u010dju, ka\u017ee se u priop\u0107enju.<\/p>\n\n\n\n<p><strong>&#8220;Ruska invazija je prekretnica za Europu&#8221;<\/strong><\/p>\n\n\n\n<p>Pove\u0107aju li se izgledi za inflaciju i uvjeti financiranja vi\u0161e ne budu u skladu s daljnjim pribli\u017eavanjem ciljanoj inflaciji od dva posto, spremni su prilagoditi vrijednost i razdoblje provedbe neto kupnji, napominju u ECB-u.<\/p>\n\n\n\n<p>Ruska invazija na Ukrajinu prekretnica je za Europu, istaknula je \u0161efica ECB-a, dodav\u0161i da \u0107e banka osigurati povoljne likvidnosne uvjete i provesti sankcije koje su dogovorile Europska unija i europske vlade.<\/p>\n\n\n\n<p>Ponovili su i da su spremni po potrebi prilagoditi sve svoje instrumente kako bi se inflacija ustalila na ciljanoj razini od dva posto u srednjoro\u010dnom razdoblju.<\/p>\n\n\n\n<p>Na dana\u0161njoj sjednici banka je zadr\u017eala kamatne stope na dosada\u0161njoj razini, uklju\u010duju\u0107i negativnu kamatnu stopu na depozite od minus 0.5 posto i klju\u010dnu kamatnu stopu od nula posto.<\/p>\n\n\n\n<p>Izvor:pogled.ba<\/p>\n","protected":false},"excerpt":{"rendered":"<p>Europska sredi\u0161nja banka (ECB) podigla je procjene inflacije u eurozoni i najavila da bi mogla ugasiti monetarne poticaje u tre\u0107em tromjese\u010dju, unato\u010d ocjeni da \u0107e rusko-ukrajinski sukob negativno utjecati na gospodarstvo. ECB sada procjenjuje da \u0107e inflacija u ovoj godini biti vi\u0161e nego dvostruko ve\u0107a od ciljanih dva posto, a trebala bi se zadr\u017eati iznad [&hellip;]<\/p>\n","protected":false},"author":2,"featured_media":120212,"comment_status":"closed","ping_status":"closed","sticky":false,"template":"","format":"standard","meta":{"h5ap_radio_sources":[],"footnotes":""},"categories":[1],"tags":[],"class_list":["post-120211","post","type-post","status-publish","format-standard","has-post-thumbnail","hentry","category-bihiregija"],"yoast_head":"<!-- This site is optimized with the Yoast SEO plugin v27.5 - https:\/\/yoast.com\/product\/yoast-seo-wordpress\/ -->\n<title>Europska sredi\u0161nja banka smatra da \u0107e inflacija biti puno ve\u0107a nego \u0161to se o\u010dekivalo - RADIO LJUBU\u0160KI<\/title>\n<meta name=\"robots\" content=\"index, follow, max-snippet:-1, max-image-preview:large, max-video-preview:-1\" \/>\n<link rel=\"canonical\" href=\"https:\/\/radioljubuski.ba\/index.php\/2022\/03\/11\/europska-sredisnja-banka-smatra-da-ce-inflacija-biti-puno-veca-nego-sto-se-ocekivalo\/\" \/>\n<meta property=\"og:locale\" content=\"hr_HR\" \/>\n<meta property=\"og:type\" content=\"article\" \/>\n<meta property=\"og:title\" content=\"Europska sredi\u0161nja banka smatra da \u0107e inflacija biti puno ve\u0107a nego \u0161to se o\u010dekivalo - RADIO LJUBU\u0160KI\" \/>\n<meta property=\"og:description\" content=\"Europska sredi\u0161nja banka (ECB) podigla je procjene inflacije u eurozoni i najavila da bi mogla ugasiti monetarne poticaje u tre\u0107em tromjese\u010dju, unato\u010d ocjeni da \u0107e rusko-ukrajinski sukob negativno utjecati na gospodarstvo. ECB sada procjenjuje da \u0107e inflacija u ovoj godini biti vi\u0161e nego dvostruko ve\u0107a od ciljanih dva posto, a trebala bi se zadr\u017eati iznad [&hellip;]\" \/>\n<meta property=\"og:url\" content=\"https:\/\/radioljubuski.ba\/index.php\/2022\/03\/11\/europska-sredisnja-banka-smatra-da-ce-inflacija-biti-puno-veca-nego-sto-se-ocekivalo\/\" \/>\n<meta property=\"og:site_name\" content=\"RADIO LJUBU\u0160KI\" \/>\n<meta property=\"article:publisher\" content=\"https:\/\/www.facebook.com\/Radiio-Ljubuski-1490835324566332\" \/>\n<meta property=\"article:published_time\" content=\"2022-03-11T00:05:35+00:00\" \/>\n<meta property=\"article:modified_time\" content=\"2022-03-11T00:05:36+00:00\" \/>\n<meta property=\"og:image\" content=\"https:\/\/radioljubuski.ba\/wp-content\/uploads\/2022\/03\/8-2021-10-08-14-10-59-euri-novac.jpg\" \/>\n\t<meta property=\"og:image:width\" content=\"1000\" \/>\n\t<meta property=\"og:image:height\" content=\"625\" \/>\n\t<meta property=\"og:image:type\" content=\"image\/jpeg\" \/>\n<meta name=\"author\" content=\"Radio Ljubu\u0161ki\" \/>\n<meta name=\"twitter:card\" content=\"summary_large_image\" \/>\n<meta name=\"twitter:creator\" content=\"@radioljubuski\" \/>\n<meta name=\"twitter:site\" content=\"@radioljubuski\" \/>\n<meta name=\"twitter:label1\" content=\"Napisao\/la\" \/>\n\t<meta name=\"twitter:data1\" content=\"Radio Ljubu\u0161ki\" \/>\n\t<meta name=\"twitter:label2\" content=\"Procijenjeno vrijeme \u010ditanja\" \/>\n\t<meta name=\"twitter:data2\" content=\"3 minute\" \/>\n<script type=\"application\/ld+json\" class=\"yoast-schema-graph\">{\"@context\":\"https:\\\/\\\/schema.org\",\"@graph\":[{\"@type\":\"Article\",\"@id\":\"https:\\\/\\\/radioljubuski.ba\\\/index.php\\\/2022\\\/03\\\/11\\\/europska-sredisnja-banka-smatra-da-ce-inflacija-biti-puno-veca-nego-sto-se-ocekivalo\\\/#article\",\"isPartOf\":{\"@id\":\"https:\\\/\\\/radioljubuski.ba\\\/index.php\\\/2022\\\/03\\\/11\\\/europska-sredisnja-banka-smatra-da-ce-inflacija-biti-puno-veca-nego-sto-se-ocekivalo\\\/\"},\"author\":{\"name\":\"Radio Ljubu\u0161ki\",\"@id\":\"https:\\\/\\\/radioljubuski.ba\\\/#\\\/schema\\\/person\\\/19fc700381a780f69665d7956c469e3b\"},\"headline\":\"Europska sredi\u0161nja banka smatra da \u0107e inflacija biti puno ve\u0107a nego \u0161to se o\u010dekivalo\",\"datePublished\":\"2022-03-11T00:05:35+00:00\",\"dateModified\":\"2022-03-11T00:05:36+00:00\",\"mainEntityOfPage\":{\"@id\":\"https:\\\/\\\/radioljubuski.ba\\\/index.php\\\/2022\\\/03\\\/11\\\/europska-sredisnja-banka-smatra-da-ce-inflacija-biti-puno-veca-nego-sto-se-ocekivalo\\\/\"},\"wordCount\":617,\"publisher\":{\"@id\":\"https:\\\/\\\/radioljubuski.ba\\\/#organization\"},\"image\":{\"@id\":\"https:\\\/\\\/radioljubuski.ba\\\/index.php\\\/2022\\\/03\\\/11\\\/europska-sredisnja-banka-smatra-da-ce-inflacija-biti-puno-veca-nego-sto-se-ocekivalo\\\/#primaryimage\"},\"thumbnailUrl\":\"https:\\\/\\\/radioljubuski.ba\\\/wp-content\\\/uploads\\\/2022\\\/03\\\/8-2021-10-08-14-10-59-euri-novac.jpg\",\"articleSection\":[\"BIH i regija\"],\"inLanguage\":\"hr\"},{\"@type\":\"WebPage\",\"@id\":\"https:\\\/\\\/radioljubuski.ba\\\/index.php\\\/2022\\\/03\\\/11\\\/europska-sredisnja-banka-smatra-da-ce-inflacija-biti-puno-veca-nego-sto-se-ocekivalo\\\/\",\"url\":\"https:\\\/\\\/radioljubuski.ba\\\/index.php\\\/2022\\\/03\\\/11\\\/europska-sredisnja-banka-smatra-da-ce-inflacija-biti-puno-veca-nego-sto-se-ocekivalo\\\/\",\"name\":\"Europska sredi\u0161nja banka smatra da \u0107e inflacija biti puno ve\u0107a nego \u0161to se o\u010dekivalo - RADIO LJUBU\u0160KI\",\"isPartOf\":{\"@id\":\"https:\\\/\\\/radioljubuski.ba\\\/#website\"},\"primaryImageOfPage\":{\"@id\":\"https:\\\/\\\/radioljubuski.ba\\\/index.php\\\/2022\\\/03\\\/11\\\/europska-sredisnja-banka-smatra-da-ce-inflacija-biti-puno-veca-nego-sto-se-ocekivalo\\\/#primaryimage\"},\"image\":{\"@id\":\"https:\\\/\\\/radioljubuski.ba\\\/index.php\\\/2022\\\/03\\\/11\\\/europska-sredisnja-banka-smatra-da-ce-inflacija-biti-puno-veca-nego-sto-se-ocekivalo\\\/#primaryimage\"},\"thumbnailUrl\":\"https:\\\/\\\/radioljubuski.ba\\\/wp-content\\\/uploads\\\/2022\\\/03\\\/8-2021-10-08-14-10-59-euri-novac.jpg\",\"datePublished\":\"2022-03-11T00:05:35+00:00\",\"dateModified\":\"2022-03-11T00:05:36+00:00\",\"breadcrumb\":{\"@id\":\"https:\\\/\\\/radioljubuski.ba\\\/index.php\\\/2022\\\/03\\\/11\\\/europska-sredisnja-banka-smatra-da-ce-inflacija-biti-puno-veca-nego-sto-se-ocekivalo\\\/#breadcrumb\"},\"inLanguage\":\"hr\",\"potentialAction\":[{\"@type\":\"ReadAction\",\"target\":[\"https:\\\/\\\/radioljubuski.ba\\\/index.php\\\/2022\\\/03\\\/11\\\/europska-sredisnja-banka-smatra-da-ce-inflacija-biti-puno-veca-nego-sto-se-ocekivalo\\\/\"]}]},{\"@type\":\"ImageObject\",\"inLanguage\":\"hr\",\"@id\":\"https:\\\/\\\/radioljubuski.ba\\\/index.php\\\/2022\\\/03\\\/11\\\/europska-sredisnja-banka-smatra-da-ce-inflacija-biti-puno-veca-nego-sto-se-ocekivalo\\\/#primaryimage\",\"url\":\"https:\\\/\\\/radioljubuski.ba\\\/wp-content\\\/uploads\\\/2022\\\/03\\\/8-2021-10-08-14-10-59-euri-novac.jpg\",\"contentUrl\":\"https:\\\/\\\/radioljubuski.ba\\\/wp-content\\\/uploads\\\/2022\\\/03\\\/8-2021-10-08-14-10-59-euri-novac.jpg\",\"width\":1000,\"height\":625},{\"@type\":\"BreadcrumbList\",\"@id\":\"https:\\\/\\\/radioljubuski.ba\\\/index.php\\\/2022\\\/03\\\/11\\\/europska-sredisnja-banka-smatra-da-ce-inflacija-biti-puno-veca-nego-sto-se-ocekivalo\\\/#breadcrumb\",\"itemListElement\":[{\"@type\":\"ListItem\",\"position\":1,\"name\":\"Po\u010detna stranica\",\"item\":\"https:\\\/\\\/radioljubuski.ba\\\/\"},{\"@type\":\"ListItem\",\"position\":2,\"name\":\"Europska sredi\u0161nja banka smatra da \u0107e inflacija biti puno ve\u0107a nego \u0161to se o\u010dekivalo\"}]},{\"@type\":\"WebSite\",\"@id\":\"https:\\\/\\\/radioljubuski.ba\\\/#website\",\"url\":\"https:\\\/\\\/radioljubuski.ba\\\/\",\"name\":\"Radio Ljubu\u0161ki\",\"description\":\"Sun\u010dana frekvencija Hercegovine\",\"publisher\":{\"@id\":\"https:\\\/\\\/radioljubuski.ba\\\/#organization\"},\"potentialAction\":[{\"@type\":\"SearchAction\",\"target\":{\"@type\":\"EntryPoint\",\"urlTemplate\":\"https:\\\/\\\/radioljubuski.ba\\\/?s={search_term_string}\"},\"query-input\":{\"@type\":\"PropertyValueSpecification\",\"valueRequired\":true,\"valueName\":\"search_term_string\"}}],\"inLanguage\":\"hr\"},{\"@type\":\"Organization\",\"@id\":\"https:\\\/\\\/radioljubuski.ba\\\/#organization\",\"name\":\"Radio Ljubu\u0161ki\",\"url\":\"https:\\\/\\\/radioljubuski.ba\\\/\",\"logo\":{\"@type\":\"ImageObject\",\"inLanguage\":\"hr\",\"@id\":\"https:\\\/\\\/radioljubuski.ba\\\/#\\\/schema\\\/logo\\\/image\\\/\",\"url\":\"https:\\\/\\\/radioljubuski.ba\\\/wp-content\\\/uploads\\\/2021\\\/02\\\/cropped-Radio_Ljubuski_logo1.jpg\",\"contentUrl\":\"https:\\\/\\\/radioljubuski.ba\\\/wp-content\\\/uploads\\\/2021\\\/02\\\/cropped-Radio_Ljubuski_logo1.jpg\",\"width\":512,\"height\":512,\"caption\":\"Radio Ljubu\u0161ki\"},\"image\":{\"@id\":\"https:\\\/\\\/radioljubuski.ba\\\/#\\\/schema\\\/logo\\\/image\\\/\"},\"sameAs\":[\"https:\\\/\\\/www.facebook.com\\\/Radiio-Ljubuski-1490835324566332\",\"https:\\\/\\\/x.com\\\/radioljubuski\",\"https:\\\/\\\/hr.linkedin.com\\\/company\\\/radio-ljubuski\",\"https:\\\/\\\/www.youtube.com\\\/channel\\\/UCHYaeO_n0Db3tjNGudGpXyw\"]},{\"@type\":\"Person\",\"@id\":\"https:\\\/\\\/radioljubuski.ba\\\/#\\\/schema\\\/person\\\/19fc700381a780f69665d7956c469e3b\",\"name\":\"Radio Ljubu\u0161ki\"}]}<\/script>\n<!-- \/ Yoast SEO plugin. -->","yoast_head_json":{"title":"Europska sredi\u0161nja banka smatra da \u0107e inflacija biti puno ve\u0107a nego \u0161to se o\u010dekivalo - RADIO LJUBU\u0160KI","robots":{"index":"index","follow":"follow","max-snippet":"max-snippet:-1","max-image-preview":"max-image-preview:large","max-video-preview":"max-video-preview:-1"},"canonical":"https:\/\/radioljubuski.ba\/index.php\/2022\/03\/11\/europska-sredisnja-banka-smatra-da-ce-inflacija-biti-puno-veca-nego-sto-se-ocekivalo\/","og_locale":"hr_HR","og_type":"article","og_title":"Europska sredi\u0161nja banka smatra da \u0107e inflacija biti puno ve\u0107a nego \u0161to se o\u010dekivalo - RADIO LJUBU\u0160KI","og_description":"Europska sredi\u0161nja banka (ECB) podigla je procjene inflacije u eurozoni i najavila da bi mogla ugasiti monetarne poticaje u tre\u0107em tromjese\u010dju, unato\u010d ocjeni da \u0107e rusko-ukrajinski sukob negativno utjecati na gospodarstvo. ECB sada procjenjuje da \u0107e inflacija u ovoj godini biti vi\u0161e nego dvostruko ve\u0107a od ciljanih dva posto, a trebala bi se zadr\u017eati iznad [&hellip;]","og_url":"https:\/\/radioljubuski.ba\/index.php\/2022\/03\/11\/europska-sredisnja-banka-smatra-da-ce-inflacija-biti-puno-veca-nego-sto-se-ocekivalo\/","og_site_name":"RADIO LJUBU\u0160KI","article_publisher":"https:\/\/www.facebook.com\/Radiio-Ljubuski-1490835324566332","article_published_time":"2022-03-11T00:05:35+00:00","article_modified_time":"2022-03-11T00:05:36+00:00","og_image":[{"width":1000,"height":625,"url":"https:\/\/radioljubuski.ba\/wp-content\/uploads\/2022\/03\/8-2021-10-08-14-10-59-euri-novac.jpg","type":"image\/jpeg"}],"author":"Radio Ljubu\u0161ki","twitter_card":"summary_large_image","twitter_creator":"@radioljubuski","twitter_site":"@radioljubuski","twitter_misc":{"Napisao\/la":"Radio Ljubu\u0161ki","Procijenjeno vrijeme \u010ditanja":"3 minute"},"schema":{"@context":"https:\/\/schema.org","@graph":[{"@type":"Article","@id":"https:\/\/radioljubuski.ba\/index.php\/2022\/03\/11\/europska-sredisnja-banka-smatra-da-ce-inflacija-biti-puno-veca-nego-sto-se-ocekivalo\/#article","isPartOf":{"@id":"https:\/\/radioljubuski.ba\/index.php\/2022\/03\/11\/europska-sredisnja-banka-smatra-da-ce-inflacija-biti-puno-veca-nego-sto-se-ocekivalo\/"},"author":{"name":"Radio Ljubu\u0161ki","@id":"https:\/\/radioljubuski.ba\/#\/schema\/person\/19fc700381a780f69665d7956c469e3b"},"headline":"Europska sredi\u0161nja banka smatra da \u0107e inflacija biti puno ve\u0107a nego \u0161to se o\u010dekivalo","datePublished":"2022-03-11T00:05:35+00:00","dateModified":"2022-03-11T00:05:36+00:00","mainEntityOfPage":{"@id":"https:\/\/radioljubuski.ba\/index.php\/2022\/03\/11\/europska-sredisnja-banka-smatra-da-ce-inflacija-biti-puno-veca-nego-sto-se-ocekivalo\/"},"wordCount":617,"publisher":{"@id":"https:\/\/radioljubuski.ba\/#organization"},"image":{"@id":"https:\/\/radioljubuski.ba\/index.php\/2022\/03\/11\/europska-sredisnja-banka-smatra-da-ce-inflacija-biti-puno-veca-nego-sto-se-ocekivalo\/#primaryimage"},"thumbnailUrl":"https:\/\/radioljubuski.ba\/wp-content\/uploads\/2022\/03\/8-2021-10-08-14-10-59-euri-novac.jpg","articleSection":["BIH i regija"],"inLanguage":"hr"},{"@type":"WebPage","@id":"https:\/\/radioljubuski.ba\/index.php\/2022\/03\/11\/europska-sredisnja-banka-smatra-da-ce-inflacija-biti-puno-veca-nego-sto-se-ocekivalo\/","url":"https:\/\/radioljubuski.ba\/index.php\/2022\/03\/11\/europska-sredisnja-banka-smatra-da-ce-inflacija-biti-puno-veca-nego-sto-se-ocekivalo\/","name":"Europska sredi\u0161nja banka smatra da \u0107e inflacija biti puno ve\u0107a nego \u0161to se o\u010dekivalo - RADIO LJUBU\u0160KI","isPartOf":{"@id":"https:\/\/radioljubuski.ba\/#website"},"primaryImageOfPage":{"@id":"https:\/\/radioljubuski.ba\/index.php\/2022\/03\/11\/europska-sredisnja-banka-smatra-da-ce-inflacija-biti-puno-veca-nego-sto-se-ocekivalo\/#primaryimage"},"image":{"@id":"https:\/\/radioljubuski.ba\/index.php\/2022\/03\/11\/europska-sredisnja-banka-smatra-da-ce-inflacija-biti-puno-veca-nego-sto-se-ocekivalo\/#primaryimage"},"thumbnailUrl":"https:\/\/radioljubuski.ba\/wp-content\/uploads\/2022\/03\/8-2021-10-08-14-10-59-euri-novac.jpg","datePublished":"2022-03-11T00:05:35+00:00","dateModified":"2022-03-11T00:05:36+00:00","breadcrumb":{"@id":"https:\/\/radioljubuski.ba\/index.php\/2022\/03\/11\/europska-sredisnja-banka-smatra-da-ce-inflacija-biti-puno-veca-nego-sto-se-ocekivalo\/#breadcrumb"},"inLanguage":"hr","potentialAction":[{"@type":"ReadAction","target":["https:\/\/radioljubuski.ba\/index.php\/2022\/03\/11\/europska-sredisnja-banka-smatra-da-ce-inflacija-biti-puno-veca-nego-sto-se-ocekivalo\/"]}]},{"@type":"ImageObject","inLanguage":"hr","@id":"https:\/\/radioljubuski.ba\/index.php\/2022\/03\/11\/europska-sredisnja-banka-smatra-da-ce-inflacija-biti-puno-veca-nego-sto-se-ocekivalo\/#primaryimage","url":"https:\/\/radioljubuski.ba\/wp-content\/uploads\/2022\/03\/8-2021-10-08-14-10-59-euri-novac.jpg","contentUrl":"https:\/\/radioljubuski.ba\/wp-content\/uploads\/2022\/03\/8-2021-10-08-14-10-59-euri-novac.jpg","width":1000,"height":625},{"@type":"BreadcrumbList","@id":"https:\/\/radioljubuski.ba\/index.php\/2022\/03\/11\/europska-sredisnja-banka-smatra-da-ce-inflacija-biti-puno-veca-nego-sto-se-ocekivalo\/#breadcrumb","itemListElement":[{"@type":"ListItem","position":1,"name":"Po\u010detna stranica","item":"https:\/\/radioljubuski.ba\/"},{"@type":"ListItem","position":2,"name":"Europska sredi\u0161nja banka smatra da \u0107e inflacija biti puno ve\u0107a nego \u0161to se o\u010dekivalo"}]},{"@type":"WebSite","@id":"https:\/\/radioljubuski.ba\/#website","url":"https:\/\/radioljubuski.ba\/","name":"Radio Ljubu\u0161ki","description":"Sun\u010dana frekvencija Hercegovine","publisher":{"@id":"https:\/\/radioljubuski.ba\/#organization"},"potentialAction":[{"@type":"SearchAction","target":{"@type":"EntryPoint","urlTemplate":"https:\/\/radioljubuski.ba\/?s={search_term_string}"},"query-input":{"@type":"PropertyValueSpecification","valueRequired":true,"valueName":"search_term_string"}}],"inLanguage":"hr"},{"@type":"Organization","@id":"https:\/\/radioljubuski.ba\/#organization","name":"Radio Ljubu\u0161ki","url":"https:\/\/radioljubuski.ba\/","logo":{"@type":"ImageObject","inLanguage":"hr","@id":"https:\/\/radioljubuski.ba\/#\/schema\/logo\/image\/","url":"https:\/\/radioljubuski.ba\/wp-content\/uploads\/2021\/02\/cropped-Radio_Ljubuski_logo1.jpg","contentUrl":"https:\/\/radioljubuski.ba\/wp-content\/uploads\/2021\/02\/cropped-Radio_Ljubuski_logo1.jpg","width":512,"height":512,"caption":"Radio Ljubu\u0161ki"},"image":{"@id":"https:\/\/radioljubuski.ba\/#\/schema\/logo\/image\/"},"sameAs":["https:\/\/www.facebook.com\/Radiio-Ljubuski-1490835324566332","https:\/\/x.com\/radioljubuski","https:\/\/hr.linkedin.com\/company\/radio-ljubuski","https:\/\/www.youtube.com\/channel\/UCHYaeO_n0Db3tjNGudGpXyw"]},{"@type":"Person","@id":"https:\/\/radioljubuski.ba\/#\/schema\/person\/19fc700381a780f69665d7956c469e3b","name":"Radio Ljubu\u0161ki"}]}},"_links":{"self":[{"href":"https:\/\/radioljubuski.ba\/index.php\/wp-json\/wp\/v2\/posts\/120211","targetHints":{"allow":["GET"]}}],"collection":[{"href":"https:\/\/radioljubuski.ba\/index.php\/wp-json\/wp\/v2\/posts"}],"about":[{"href":"https:\/\/radioljubuski.ba\/index.php\/wp-json\/wp\/v2\/types\/post"}],"author":[{"embeddable":true,"href":"https:\/\/radioljubuski.ba\/index.php\/wp-json\/wp\/v2\/users\/2"}],"replies":[{"embeddable":true,"href":"https:\/\/radioljubuski.ba\/index.php\/wp-json\/wp\/v2\/comments?post=120211"}],"version-history":[{"count":1,"href":"https:\/\/radioljubuski.ba\/index.php\/wp-json\/wp\/v2\/posts\/120211\/revisions"}],"predecessor-version":[{"id":120213,"href":"https:\/\/radioljubuski.ba\/index.php\/wp-json\/wp\/v2\/posts\/120211\/revisions\/120213"}],"wp:featuredmedia":[{"embeddable":true,"href":"https:\/\/radioljubuski.ba\/index.php\/wp-json\/wp\/v2\/media\/120212"}],"wp:attachment":[{"href":"https:\/\/radioljubuski.ba\/index.php\/wp-json\/wp\/v2\/media?parent=120211"}],"wp:term":[{"taxonomy":"category","embeddable":true,"href":"https:\/\/radioljubuski.ba\/index.php\/wp-json\/wp\/v2\/categories?post=120211"},{"taxonomy":"post_tag","embeddable":true,"href":"https:\/\/radioljubuski.ba\/index.php\/wp-json\/wp\/v2\/tags?post=120211"}],"curies":[{"name":"wp","href":"https:\/\/api.w.org\/{rel}","templated":true}]}}