{"id":120219,"date":"2022-03-11T01:09:00","date_gmt":"2022-03-11T00:09:00","guid":{"rendered":"https:\/\/radioljubuski.ba\/?p=120219"},"modified":"2022-03-11T01:09:01","modified_gmt":"2022-03-11T00:09:01","slug":"whatsapp-uvodi-jos-jedan-novitet-koji-ce-razljutiti-mnoge-korisnike","status":"publish","type":"post","link":"https:\/\/radioljubuski.ba\/index.php\/2022\/03\/11\/whatsapp-uvodi-jos-jedan-novitet-koji-ce-razljutiti-mnoge-korisnike\/","title":{"rendered":"WhatsApp uvodi jo\u0161 jedan novitet koji \u0107e razljutiti mnoge korisnike"},"content":{"rendered":"\n<p>WhatsApp ote\u017eava proslje\u0111ivanje poruka koje bi mogle sadr\u017eavati \u0161tetne ili obmanjuju\u0107e informacije. O\u010dekuje se da \u0107e u nadolaze\u0107oj nadogradnji ta popularna aplikacija za chat postaviti nova ograni\u010denja koliko puta korisnik mo\u017ee proslijediti poruku.<\/p>\n\n\n\n<p>Navedenu promjenu uo\u010dio je portal WABetaInfo, internetska stranica koja pretra\u017euje kod ranih verzija WhatsAppa prije nego \u0161to se te verzije pu\u0161taju na tr\u017ei\u0161te, pi\u0161e&nbsp;<a href=\"https:\/\/zimo.dnevnik.hr\/clanak\/whatsapp-uvodi-jos-jedan-novitet-koji-ce-razljutiti-mnoge-korisnike---699352.html?fbclid=IwAR1Zt-S9MfVObGOgCeQr_96mGR7W8npaFIrXoV5kWtnl_FAUElru3VpayNs\" target=\"_blank\" rel=\"noreferrer noopener\">Zimo<\/a>.<\/p>\n\n\n\n<p>U nedavnoj beta verziji za Androidovu verziju aplikacije, WhatsApp je blokirao korisnike da proslje\u0111uju poruku na vi\u0161e od jednog grupnog razgovora. Ako korisnik \u017eeli proslijediti tekst u drugi ili tre\u0107i razgovor, morat \u0107e ga odabrati i ponovno proslijediti, poja\u0161njavaju iz WABetaInfo.<\/p>\n\n\n\n<p>Kada je poruka ozna\u010dena kao proslije\u0111ena, vi\u0161e je nije mogu\u0107e proslijediti na vi\u0161e od jednog grupnog chata u isto vrijeme, pi\u0161u.<\/p>\n\n\n\n<p>Ipak, napominju da se novo ograni\u010denje trenutno primjenjuje samo na beta testere i da \u0107e biti omogu\u0107eno svima u sljede\u0107ih nekoliko dana. Me\u0111utim, ostaje nejasno za\u0161to WhatsApp uvodi nova ograni\u010denja.<\/p>\n\n\n\n<p>Prethodno je WhatsApp imao ograni\u010deno proslje\u0111ivanje kao na\u010din suzbijanja ina\u010de neprovjerenog \u0161irenja opasnih dezinformacija.<\/p>\n\n\n\n<p>Dok WhatsApp testira nove alate i postavke, nudi ih maloj skupini ljudi kao dio &#8220;beta&#8221; testova. Neke web-stranice, poput WABetaInfo, \u010dlanovi su legendarnog beta programa WhatsAppa i odmah dijele sve \u0161to prona\u0111u.<\/p>\n\n\n\n<p>To zna\u010di da korisnici mogu doznati o nadolaze\u0107im promjenama i nadogradnjama WhatsAppa puno prije nego \u0161to one zavr\u0161e na svim ure\u0111ajima. Isto tako treba imati na umu da zna\u010dajka koja se pojavljuje u beta verziji ne zna\u010di nu\u017eno da \u0107e biti i slu\u017ebeno pu\u0161tena.<\/p>\n\n\n\n<p>Ipak, rane verzije aplikacije op\u0107enito su dobar barometar za ono \u0161to korisnici mogu o\u010dekivati \u200b\u200bda \u0107e se pojaviti u aplikaciji u nadolaze\u0107im mjesecima.<\/p>\n\n\n\n<p>Isto tako, to nije prvi put da je WhatsApp ote\u017eavao proslje\u0111ivanje sadr\u017eaja u poku\u0161aju da iskorijeni prijevare. U o\u017eujku 2019. dodali su oznaku koja automatski ozna\u010dava je li poruka proslije\u0111ena.<\/p>\n\n\n\n<p>Godinu dana kasnije uvedeno je ograni\u010denje broja proslje\u0111ivanja poruke kako bi se zaustavio plimni val la\u017enih vijesti, koje su se \u0161irile aplikacijom u vrijeme izbijanja pandemije bolesti COVID-19. Tisu\u0107e korisnika \u010ditale su na\u0161iroko razotkrivene tvrdnje o uzroku smrtonosnog virusa i proslje\u0111ivale ih svojim kontaktima.<\/p>\n\n\n\n<p>Izvor:zimo.hr<\/p>\n","protected":false},"excerpt":{"rendered":"<p>WhatsApp ote\u017eava proslje\u0111ivanje poruka koje bi mogle sadr\u017eavati \u0161tetne ili obmanjuju\u0107e informacije. O\u010dekuje se da \u0107e u nadolaze\u0107oj nadogradnji ta popularna aplikacija za chat postaviti nova ograni\u010denja koliko puta korisnik mo\u017ee proslijediti poruku. Navedenu promjenu uo\u010dio je portal WABetaInfo, internetska stranica koja pretra\u017euje kod ranih verzija WhatsAppa prije nego \u0161to se te verzije pu\u0161taju na [&hellip;]<\/p>\n","protected":false},"author":2,"featured_media":8658,"comment_status":"closed","ping_status":"closed","sticky":false,"template":"","format":"standard","meta":{"h5ap_radio_sources":[],"footnotes":""},"categories":[1],"tags":[],"class_list":["post-120219","post","type-post","status-publish","format-standard","has-post-thumbnail","hentry","category-bihiregija"],"yoast_head":"<!-- This site is optimized with the Yoast SEO plugin v27.5 - https:\/\/yoast.com\/product\/yoast-seo-wordpress\/ -->\n<title>WhatsApp uvodi jo\u0161 jedan novitet koji \u0107e razljutiti mnoge korisnike - RADIO LJUBU\u0160KI<\/title>\n<meta name=\"robots\" content=\"index, follow, max-snippet:-1, max-image-preview:large, max-video-preview:-1\" \/>\n<link rel=\"canonical\" href=\"https:\/\/radioljubuski.ba\/index.php\/2022\/03\/11\/whatsapp-uvodi-jos-jedan-novitet-koji-ce-razljutiti-mnoge-korisnike\/\" \/>\n<meta property=\"og:locale\" content=\"hr_HR\" \/>\n<meta property=\"og:type\" content=\"article\" \/>\n<meta property=\"og:title\" content=\"WhatsApp uvodi jo\u0161 jedan novitet koji \u0107e razljutiti mnoge korisnike - RADIO LJUBU\u0160KI\" \/>\n<meta property=\"og:description\" content=\"WhatsApp ote\u017eava proslje\u0111ivanje poruka koje bi mogle sadr\u017eavati \u0161tetne ili obmanjuju\u0107e informacije. O\u010dekuje se da \u0107e u nadolaze\u0107oj nadogradnji ta popularna aplikacija za chat postaviti nova ograni\u010denja koliko puta korisnik mo\u017ee proslijediti poruku. Navedenu promjenu uo\u010dio je portal WABetaInfo, internetska stranica koja pretra\u017euje kod ranih verzija WhatsAppa prije nego \u0161to se te verzije pu\u0161taju na [&hellip;]\" \/>\n<meta property=\"og:url\" content=\"https:\/\/radioljubuski.ba\/index.php\/2022\/03\/11\/whatsapp-uvodi-jos-jedan-novitet-koji-ce-razljutiti-mnoge-korisnike\/\" \/>\n<meta property=\"og:site_name\" content=\"RADIO LJUBU\u0160KI\" \/>\n<meta property=\"article:publisher\" content=\"https:\/\/www.facebook.com\/Radiio-Ljubuski-1490835324566332\" \/>\n<meta property=\"article:published_time\" content=\"2022-03-11T00:09:00+00:00\" \/>\n<meta property=\"article:modified_time\" content=\"2022-03-11T00:09:01+00:00\" \/>\n<meta property=\"og:image\" content=\"https:\/\/radioljubuski.ba\/wp-content\/uploads\/2021\/04\/1MoWQgTJ_whatsapp_ip.jpg\" \/>\n\t<meta property=\"og:image:width\" content=\"1000\" \/>\n\t<meta property=\"og:image:height\" content=\"625\" \/>\n\t<meta property=\"og:image:type\" content=\"image\/jpeg\" \/>\n<meta name=\"author\" content=\"Radio Ljubu\u0161ki\" \/>\n<meta name=\"twitter:card\" content=\"summary_large_image\" \/>\n<meta name=\"twitter:creator\" content=\"@radioljubuski\" \/>\n<meta name=\"twitter:site\" content=\"@radioljubuski\" \/>\n<meta name=\"twitter:label1\" content=\"Napisao\/la\" \/>\n\t<meta name=\"twitter:data1\" content=\"Radio Ljubu\u0161ki\" \/>\n\t<meta name=\"twitter:label2\" content=\"Procijenjeno vrijeme \u010ditanja\" \/>\n\t<meta name=\"twitter:data2\" content=\"2 minute\" \/>\n<script type=\"application\/ld+json\" class=\"yoast-schema-graph\">{\"@context\":\"https:\\\/\\\/schema.org\",\"@graph\":[{\"@type\":\"Article\",\"@id\":\"https:\\\/\\\/radioljubuski.ba\\\/index.php\\\/2022\\\/03\\\/11\\\/whatsapp-uvodi-jos-jedan-novitet-koji-ce-razljutiti-mnoge-korisnike\\\/#article\",\"isPartOf\":{\"@id\":\"https:\\\/\\\/radioljubuski.ba\\\/index.php\\\/2022\\\/03\\\/11\\\/whatsapp-uvodi-jos-jedan-novitet-koji-ce-razljutiti-mnoge-korisnike\\\/\"},\"author\":{\"name\":\"Radio Ljubu\u0161ki\",\"@id\":\"https:\\\/\\\/radioljubuski.ba\\\/#\\\/schema\\\/person\\\/19fc700381a780f69665d7956c469e3b\"},\"headline\":\"WhatsApp uvodi jo\u0161 jedan novitet koji \u0107e razljutiti mnoge korisnike\",\"datePublished\":\"2022-03-11T00:09:00+00:00\",\"dateModified\":\"2022-03-11T00:09:01+00:00\",\"mainEntityOfPage\":{\"@id\":\"https:\\\/\\\/radioljubuski.ba\\\/index.php\\\/2022\\\/03\\\/11\\\/whatsapp-uvodi-jos-jedan-novitet-koji-ce-razljutiti-mnoge-korisnike\\\/\"},\"wordCount\":410,\"publisher\":{\"@id\":\"https:\\\/\\\/radioljubuski.ba\\\/#organization\"},\"image\":{\"@id\":\"https:\\\/\\\/radioljubuski.ba\\\/index.php\\\/2022\\\/03\\\/11\\\/whatsapp-uvodi-jos-jedan-novitet-koji-ce-razljutiti-mnoge-korisnike\\\/#primaryimage\"},\"thumbnailUrl\":\"https:\\\/\\\/radioljubuski.ba\\\/wp-content\\\/uploads\\\/2021\\\/04\\\/1MoWQgTJ_whatsapp_ip.jpg\",\"articleSection\":[\"BIH i regija\"],\"inLanguage\":\"hr\"},{\"@type\":\"WebPage\",\"@id\":\"https:\\\/\\\/radioljubuski.ba\\\/index.php\\\/2022\\\/03\\\/11\\\/whatsapp-uvodi-jos-jedan-novitet-koji-ce-razljutiti-mnoge-korisnike\\\/\",\"url\":\"https:\\\/\\\/radioljubuski.ba\\\/index.php\\\/2022\\\/03\\\/11\\\/whatsapp-uvodi-jos-jedan-novitet-koji-ce-razljutiti-mnoge-korisnike\\\/\",\"name\":\"WhatsApp uvodi jo\u0161 jedan novitet koji \u0107e razljutiti mnoge korisnike - RADIO LJUBU\u0160KI\",\"isPartOf\":{\"@id\":\"https:\\\/\\\/radioljubuski.ba\\\/#website\"},\"primaryImageOfPage\":{\"@id\":\"https:\\\/\\\/radioljubuski.ba\\\/index.php\\\/2022\\\/03\\\/11\\\/whatsapp-uvodi-jos-jedan-novitet-koji-ce-razljutiti-mnoge-korisnike\\\/#primaryimage\"},\"image\":{\"@id\":\"https:\\\/\\\/radioljubuski.ba\\\/index.php\\\/2022\\\/03\\\/11\\\/whatsapp-uvodi-jos-jedan-novitet-koji-ce-razljutiti-mnoge-korisnike\\\/#primaryimage\"},\"thumbnailUrl\":\"https:\\\/\\\/radioljubuski.ba\\\/wp-content\\\/uploads\\\/2021\\\/04\\\/1MoWQgTJ_whatsapp_ip.jpg\",\"datePublished\":\"2022-03-11T00:09:00+00:00\",\"dateModified\":\"2022-03-11T00:09:01+00:00\",\"breadcrumb\":{\"@id\":\"https:\\\/\\\/radioljubuski.ba\\\/index.php\\\/2022\\\/03\\\/11\\\/whatsapp-uvodi-jos-jedan-novitet-koji-ce-razljutiti-mnoge-korisnike\\\/#breadcrumb\"},\"inLanguage\":\"hr\",\"potentialAction\":[{\"@type\":\"ReadAction\",\"target\":[\"https:\\\/\\\/radioljubuski.ba\\\/index.php\\\/2022\\\/03\\\/11\\\/whatsapp-uvodi-jos-jedan-novitet-koji-ce-razljutiti-mnoge-korisnike\\\/\"]}]},{\"@type\":\"ImageObject\",\"inLanguage\":\"hr\",\"@id\":\"https:\\\/\\\/radioljubuski.ba\\\/index.php\\\/2022\\\/03\\\/11\\\/whatsapp-uvodi-jos-jedan-novitet-koji-ce-razljutiti-mnoge-korisnike\\\/#primaryimage\",\"url\":\"https:\\\/\\\/radioljubuski.ba\\\/wp-content\\\/uploads\\\/2021\\\/04\\\/1MoWQgTJ_whatsapp_ip.jpg\",\"contentUrl\":\"https:\\\/\\\/radioljubuski.ba\\\/wp-content\\\/uploads\\\/2021\\\/04\\\/1MoWQgTJ_whatsapp_ip.jpg\",\"width\":1000,\"height\":625},{\"@type\":\"BreadcrumbList\",\"@id\":\"https:\\\/\\\/radioljubuski.ba\\\/index.php\\\/2022\\\/03\\\/11\\\/whatsapp-uvodi-jos-jedan-novitet-koji-ce-razljutiti-mnoge-korisnike\\\/#breadcrumb\",\"itemListElement\":[{\"@type\":\"ListItem\",\"position\":1,\"name\":\"Po\u010detna stranica\",\"item\":\"https:\\\/\\\/radioljubuski.ba\\\/\"},{\"@type\":\"ListItem\",\"position\":2,\"name\":\"WhatsApp uvodi jo\u0161 jedan novitet koji \u0107e razljutiti mnoge korisnike\"}]},{\"@type\":\"WebSite\",\"@id\":\"https:\\\/\\\/radioljubuski.ba\\\/#website\",\"url\":\"https:\\\/\\\/radioljubuski.ba\\\/\",\"name\":\"Radio Ljubu\u0161ki\",\"description\":\"Sun\u010dana frekvencija Hercegovine\",\"publisher\":{\"@id\":\"https:\\\/\\\/radioljubuski.ba\\\/#organization\"},\"potentialAction\":[{\"@type\":\"SearchAction\",\"target\":{\"@type\":\"EntryPoint\",\"urlTemplate\":\"https:\\\/\\\/radioljubuski.ba\\\/?s={search_term_string}\"},\"query-input\":{\"@type\":\"PropertyValueSpecification\",\"valueRequired\":true,\"valueName\":\"search_term_string\"}}],\"inLanguage\":\"hr\"},{\"@type\":\"Organization\",\"@id\":\"https:\\\/\\\/radioljubuski.ba\\\/#organization\",\"name\":\"Radio Ljubu\u0161ki\",\"url\":\"https:\\\/\\\/radioljubuski.ba\\\/\",\"logo\":{\"@type\":\"ImageObject\",\"inLanguage\":\"hr\",\"@id\":\"https:\\\/\\\/radioljubuski.ba\\\/#\\\/schema\\\/logo\\\/image\\\/\",\"url\":\"https:\\\/\\\/radioljubuski.ba\\\/wp-content\\\/uploads\\\/2021\\\/02\\\/cropped-Radio_Ljubuski_logo1.jpg\",\"contentUrl\":\"https:\\\/\\\/radioljubuski.ba\\\/wp-content\\\/uploads\\\/2021\\\/02\\\/cropped-Radio_Ljubuski_logo1.jpg\",\"width\":512,\"height\":512,\"caption\":\"Radio Ljubu\u0161ki\"},\"image\":{\"@id\":\"https:\\\/\\\/radioljubuski.ba\\\/#\\\/schema\\\/logo\\\/image\\\/\"},\"sameAs\":[\"https:\\\/\\\/www.facebook.com\\\/Radiio-Ljubuski-1490835324566332\",\"https:\\\/\\\/x.com\\\/radioljubuski\",\"https:\\\/\\\/hr.linkedin.com\\\/company\\\/radio-ljubuski\",\"https:\\\/\\\/www.youtube.com\\\/channel\\\/UCHYaeO_n0Db3tjNGudGpXyw\"]},{\"@type\":\"Person\",\"@id\":\"https:\\\/\\\/radioljubuski.ba\\\/#\\\/schema\\\/person\\\/19fc700381a780f69665d7956c469e3b\",\"name\":\"Radio Ljubu\u0161ki\"}]}<\/script>\n<!-- \/ Yoast SEO plugin. -->","yoast_head_json":{"title":"WhatsApp uvodi jo\u0161 jedan novitet koji \u0107e razljutiti mnoge korisnike - RADIO LJUBU\u0160KI","robots":{"index":"index","follow":"follow","max-snippet":"max-snippet:-1","max-image-preview":"max-image-preview:large","max-video-preview":"max-video-preview:-1"},"canonical":"https:\/\/radioljubuski.ba\/index.php\/2022\/03\/11\/whatsapp-uvodi-jos-jedan-novitet-koji-ce-razljutiti-mnoge-korisnike\/","og_locale":"hr_HR","og_type":"article","og_title":"WhatsApp uvodi jo\u0161 jedan novitet koji \u0107e razljutiti mnoge korisnike - RADIO LJUBU\u0160KI","og_description":"WhatsApp ote\u017eava proslje\u0111ivanje poruka koje bi mogle sadr\u017eavati \u0161tetne ili obmanjuju\u0107e informacije. O\u010dekuje se da \u0107e u nadolaze\u0107oj nadogradnji ta popularna aplikacija za chat postaviti nova ograni\u010denja koliko puta korisnik mo\u017ee proslijediti poruku. Navedenu promjenu uo\u010dio je portal WABetaInfo, internetska stranica koja pretra\u017euje kod ranih verzija WhatsAppa prije nego \u0161to se te verzije pu\u0161taju na [&hellip;]","og_url":"https:\/\/radioljubuski.ba\/index.php\/2022\/03\/11\/whatsapp-uvodi-jos-jedan-novitet-koji-ce-razljutiti-mnoge-korisnike\/","og_site_name":"RADIO LJUBU\u0160KI","article_publisher":"https:\/\/www.facebook.com\/Radiio-Ljubuski-1490835324566332","article_published_time":"2022-03-11T00:09:00+00:00","article_modified_time":"2022-03-11T00:09:01+00:00","og_image":[{"width":1000,"height":625,"url":"https:\/\/radioljubuski.ba\/wp-content\/uploads\/2021\/04\/1MoWQgTJ_whatsapp_ip.jpg","type":"image\/jpeg"}],"author":"Radio Ljubu\u0161ki","twitter_card":"summary_large_image","twitter_creator":"@radioljubuski","twitter_site":"@radioljubuski","twitter_misc":{"Napisao\/la":"Radio Ljubu\u0161ki","Procijenjeno vrijeme \u010ditanja":"2 minute"},"schema":{"@context":"https:\/\/schema.org","@graph":[{"@type":"Article","@id":"https:\/\/radioljubuski.ba\/index.php\/2022\/03\/11\/whatsapp-uvodi-jos-jedan-novitet-koji-ce-razljutiti-mnoge-korisnike\/#article","isPartOf":{"@id":"https:\/\/radioljubuski.ba\/index.php\/2022\/03\/11\/whatsapp-uvodi-jos-jedan-novitet-koji-ce-razljutiti-mnoge-korisnike\/"},"author":{"name":"Radio Ljubu\u0161ki","@id":"https:\/\/radioljubuski.ba\/#\/schema\/person\/19fc700381a780f69665d7956c469e3b"},"headline":"WhatsApp uvodi jo\u0161 jedan novitet koji \u0107e razljutiti mnoge korisnike","datePublished":"2022-03-11T00:09:00+00:00","dateModified":"2022-03-11T00:09:01+00:00","mainEntityOfPage":{"@id":"https:\/\/radioljubuski.ba\/index.php\/2022\/03\/11\/whatsapp-uvodi-jos-jedan-novitet-koji-ce-razljutiti-mnoge-korisnike\/"},"wordCount":410,"publisher":{"@id":"https:\/\/radioljubuski.ba\/#organization"},"image":{"@id":"https:\/\/radioljubuski.ba\/index.php\/2022\/03\/11\/whatsapp-uvodi-jos-jedan-novitet-koji-ce-razljutiti-mnoge-korisnike\/#primaryimage"},"thumbnailUrl":"https:\/\/radioljubuski.ba\/wp-content\/uploads\/2021\/04\/1MoWQgTJ_whatsapp_ip.jpg","articleSection":["BIH i regija"],"inLanguage":"hr"},{"@type":"WebPage","@id":"https:\/\/radioljubuski.ba\/index.php\/2022\/03\/11\/whatsapp-uvodi-jos-jedan-novitet-koji-ce-razljutiti-mnoge-korisnike\/","url":"https:\/\/radioljubuski.ba\/index.php\/2022\/03\/11\/whatsapp-uvodi-jos-jedan-novitet-koji-ce-razljutiti-mnoge-korisnike\/","name":"WhatsApp uvodi jo\u0161 jedan novitet koji \u0107e razljutiti mnoge korisnike - RADIO LJUBU\u0160KI","isPartOf":{"@id":"https:\/\/radioljubuski.ba\/#website"},"primaryImageOfPage":{"@id":"https:\/\/radioljubuski.ba\/index.php\/2022\/03\/11\/whatsapp-uvodi-jos-jedan-novitet-koji-ce-razljutiti-mnoge-korisnike\/#primaryimage"},"image":{"@id":"https:\/\/radioljubuski.ba\/index.php\/2022\/03\/11\/whatsapp-uvodi-jos-jedan-novitet-koji-ce-razljutiti-mnoge-korisnike\/#primaryimage"},"thumbnailUrl":"https:\/\/radioljubuski.ba\/wp-content\/uploads\/2021\/04\/1MoWQgTJ_whatsapp_ip.jpg","datePublished":"2022-03-11T00:09:00+00:00","dateModified":"2022-03-11T00:09:01+00:00","breadcrumb":{"@id":"https:\/\/radioljubuski.ba\/index.php\/2022\/03\/11\/whatsapp-uvodi-jos-jedan-novitet-koji-ce-razljutiti-mnoge-korisnike\/#breadcrumb"},"inLanguage":"hr","potentialAction":[{"@type":"ReadAction","target":["https:\/\/radioljubuski.ba\/index.php\/2022\/03\/11\/whatsapp-uvodi-jos-jedan-novitet-koji-ce-razljutiti-mnoge-korisnike\/"]}]},{"@type":"ImageObject","inLanguage":"hr","@id":"https:\/\/radioljubuski.ba\/index.php\/2022\/03\/11\/whatsapp-uvodi-jos-jedan-novitet-koji-ce-razljutiti-mnoge-korisnike\/#primaryimage","url":"https:\/\/radioljubuski.ba\/wp-content\/uploads\/2021\/04\/1MoWQgTJ_whatsapp_ip.jpg","contentUrl":"https:\/\/radioljubuski.ba\/wp-content\/uploads\/2021\/04\/1MoWQgTJ_whatsapp_ip.jpg","width":1000,"height":625},{"@type":"BreadcrumbList","@id":"https:\/\/radioljubuski.ba\/index.php\/2022\/03\/11\/whatsapp-uvodi-jos-jedan-novitet-koji-ce-razljutiti-mnoge-korisnike\/#breadcrumb","itemListElement":[{"@type":"ListItem","position":1,"name":"Po\u010detna stranica","item":"https:\/\/radioljubuski.ba\/"},{"@type":"ListItem","position":2,"name":"WhatsApp uvodi jo\u0161 jedan novitet koji \u0107e razljutiti mnoge korisnike"}]},{"@type":"WebSite","@id":"https:\/\/radioljubuski.ba\/#website","url":"https:\/\/radioljubuski.ba\/","name":"Radio Ljubu\u0161ki","description":"Sun\u010dana frekvencija Hercegovine","publisher":{"@id":"https:\/\/radioljubuski.ba\/#organization"},"potentialAction":[{"@type":"SearchAction","target":{"@type":"EntryPoint","urlTemplate":"https:\/\/radioljubuski.ba\/?s={search_term_string}"},"query-input":{"@type":"PropertyValueSpecification","valueRequired":true,"valueName":"search_term_string"}}],"inLanguage":"hr"},{"@type":"Organization","@id":"https:\/\/radioljubuski.ba\/#organization","name":"Radio Ljubu\u0161ki","url":"https:\/\/radioljubuski.ba\/","logo":{"@type":"ImageObject","inLanguage":"hr","@id":"https:\/\/radioljubuski.ba\/#\/schema\/logo\/image\/","url":"https:\/\/radioljubuski.ba\/wp-content\/uploads\/2021\/02\/cropped-Radio_Ljubuski_logo1.jpg","contentUrl":"https:\/\/radioljubuski.ba\/wp-content\/uploads\/2021\/02\/cropped-Radio_Ljubuski_logo1.jpg","width":512,"height":512,"caption":"Radio Ljubu\u0161ki"},"image":{"@id":"https:\/\/radioljubuski.ba\/#\/schema\/logo\/image\/"},"sameAs":["https:\/\/www.facebook.com\/Radiio-Ljubuski-1490835324566332","https:\/\/x.com\/radioljubuski","https:\/\/hr.linkedin.com\/company\/radio-ljubuski","https:\/\/www.youtube.com\/channel\/UCHYaeO_n0Db3tjNGudGpXyw"]},{"@type":"Person","@id":"https:\/\/radioljubuski.ba\/#\/schema\/person\/19fc700381a780f69665d7956c469e3b","name":"Radio Ljubu\u0161ki"}]}},"_links":{"self":[{"href":"https:\/\/radioljubuski.ba\/index.php\/wp-json\/wp\/v2\/posts\/120219","targetHints":{"allow":["GET"]}}],"collection":[{"href":"https:\/\/radioljubuski.ba\/index.php\/wp-json\/wp\/v2\/posts"}],"about":[{"href":"https:\/\/radioljubuski.ba\/index.php\/wp-json\/wp\/v2\/types\/post"}],"author":[{"embeddable":true,"href":"https:\/\/radioljubuski.ba\/index.php\/wp-json\/wp\/v2\/users\/2"}],"replies":[{"embeddable":true,"href":"https:\/\/radioljubuski.ba\/index.php\/wp-json\/wp\/v2\/comments?post=120219"}],"version-history":[{"count":1,"href":"https:\/\/radioljubuski.ba\/index.php\/wp-json\/wp\/v2\/posts\/120219\/revisions"}],"predecessor-version":[{"id":120220,"href":"https:\/\/radioljubuski.ba\/index.php\/wp-json\/wp\/v2\/posts\/120219\/revisions\/120220"}],"wp:featuredmedia":[{"embeddable":true,"href":"https:\/\/radioljubuski.ba\/index.php\/wp-json\/wp\/v2\/media\/8658"}],"wp:attachment":[{"href":"https:\/\/radioljubuski.ba\/index.php\/wp-json\/wp\/v2\/media?parent=120219"}],"wp:term":[{"taxonomy":"category","embeddable":true,"href":"https:\/\/radioljubuski.ba\/index.php\/wp-json\/wp\/v2\/categories?post=120219"},{"taxonomy":"post_tag","embeddable":true,"href":"https:\/\/radioljubuski.ba\/index.php\/wp-json\/wp\/v2\/tags?post=120219"}],"curies":[{"name":"wp","href":"https:\/\/api.w.org\/{rel}","templated":true}]}}