{"id":120287,"date":"2022-03-11T01:52:26","date_gmt":"2022-03-11T00:52:26","guid":{"rendered":"https:\/\/radioljubuski.ba\/?p=120287"},"modified":"2022-03-11T01:52:27","modified_gmt":"2022-03-11T00:52:27","slug":"hrvati-u-svijetu-vladimir-spider-sabich","status":"publish","type":"post","link":"https:\/\/radioljubuski.ba\/index.php\/2022\/03\/11\/hrvati-u-svijetu-vladimir-spider-sabich\/","title":{"rendered":"Hrvati u svijetu: Vladimir \u201eSpider\u201c Sabich"},"content":{"rendered":"\n<p><em>Hrvati i njihovi potomci rasuti su po svijetu kao zvijezde po nebeskom svodu. Neki od njih vidljiviji su od drugih, kao i zvijezde, barem za neko vrijeme. Za vas sam prikupio crtice iz \u017eivota onih koje sam tako rekav\u0161i \u201eu hodu\u201c zapazio i o njima iz raznih izvora pone\u0161to zabilje\u017eio. Poneke sam od njih i poznavao. A ovdje ih vi mo\u017eete sve upoznati i vidjeti da u tom na\u0161em rodu i narodu ima stvarno nadarenih, radi\u0161nih i uspje\u0161nih pojedinaca diljem kugle zemaljske. Lijepo je (do)znati tko su ti na\u0161i sunarodnjaci i biti ponosan na njih. Svatko je od njih na svoj na\u010din obogatio svijet&#8230;<\/em><\/p>\n\n\n\n<p><em>Me\u0111u ovim kratkim \u017eivotopisima pro\u010ditat \u0107ete o ljudima vrlo razli\u010ditih zvanja i iz raznih krajeva svijeta. Ali sve ih povezuju hrvatski korijeni. Svi su bili ponosni na ono \u0161to su ponijeli iz domovine ili naslijedili od svojih roditelja, djedova i baka \u2013 od doma\u0107ih jela i obiteljskih tradicija do hrvatske kulture op\u0107enito. Ali ima i jo\u0161 ne\u0161to \u0161to oni imaju zajedni\u010dko: prepoznali su svoje talente i imali \u017eivotne ciljeve, te bili radi\u0161ni, strpljivi i uporni u njihovu ostvarenju. Znali su da prirodna nadarenost nije dovoljna za velika postignu\u0107a. To je samo temelj na kojemu treba graditi, ustrajno rade\u0107i, ono \u0161to \u017eelimo u \u017eivotu posti\u0107i. Bili oni znanstvenici, glumci, pjeva\u010di, \u0161porta\u0161i&#8230; njihova je zvijezda zasjala i postala vidljiva jer su \u201ebrusili\u201c sami sebe, i to uz velike napore i \u017ertve.<\/em><\/p>\n\n\n\n<p>Ante \u010cuvalo,&nbsp;<em>Hrvati u svijetu \u2013 101 \u017eivotopis za \u0161kolarce (i roditelje)<\/em>, CroLibertas Publishers, 2017.<\/p>\n\n\n\n<h1 class=\"wp-block-heading\"><strong>Vladimir \u201eSpider\u201c Sabich (1945. \u2013 1976.)<br>svjetska skija\u0161ka zvijezda<\/strong><\/h1>\n\n\n\n<p>Snijeg mu je donio svjetsku slavu. Njegova zvijezda zasja kao repatica na planinskom vedrom zimskom nebu, ali se i prebrzo ugasi kao da ju strijela obori s horizonta.<\/p>\n\n\n\n<p>Bio je to skija\u0161 Vladimir Sabich, zvani Spider, na hrvatskom Pauk. Na svjetskoj skija\u0161koj pozornici Vladimir je prvi put bio zapa\u017een 1968., kad je od jednu sekundu br\u017eeg Francuza Jeana Clauda Killyja izgubio zlatnu medalju. Ali od tada se njegova zvijezda naglo po\u010dela uzdizati, posebice kad je (1971.) postao profesionalni \u0161porta\u0161 i zatim dva puta svjetskim prvakom u alpskom skijanju. Poslije te\u017ee ozljede, 1973., ponovo se vra\u0107a me\u0111u vrhunske skija\u0161e te u sije\u010dnju 1974. pobje\u0111uje na presti\u017enom Benson and Hedges specijalnom slalomu. Njegov stil, prirodna elegantnost pokreta i pobjede nad najboljim skija\u0161ima svijeta zadivili su ljubitelje zimskih \u0161portova. Ka\u017eu da je mladi Sabich bio nadahnu\u0107e za film Roberta Redforda Downhill Racer (Alpski skija\u0161), osim \u0161to glavni glumac nije uspio prenijeti Sabichevu osobnost i \u0161armantnost; njegovu veselu, uvijek prijateljsku i optimisti\u010dnu narav.<\/p>\n\n\n\n<p>Ovom slavnom skija\u0161u pravo ime je Vladimir Peter Sabich Jr., ali svi su ga znali samo kao Spidera\/Pauka. Nadimak mu je dao njegov otac jer je Vladimir bio nedono\u0161\u010de i kad je ro\u0111en izgledao je kao da ima samo ruke i noge, pa je otac dobacio da mu sin izgleda kao pauk. I to mu ostade nadimak do smrti.<\/p>\n\n\n\n<p>Spider je ro\u0111en u hrvatskoj obitelji Vladimira i Franciske Sabich, godine 1945. u Sacramentu, Kalifornija. Otac mu je bio prometni policajac na kalifornijskim autocestama. Za vrijeme Drugog svjetskog rata prijavio se u ameri\u010dko zrakoplovstvo. Kao pilot bombardera bio je oboren u sjevernom Japanu i proveo je jedno vrijeme u sovjetskom logoru za ratne zarobljenike u Sibiru. Poslije povratka u Kaliforniju podu\u010davao je nove pilote, a nakon rata se ponovo vratio svom poslu prometnog policajaca. Obitelj je imala troje djece: Mary, Spidera i Stevea. Kad je Spideru bilo pet godina obitelj se preselila u mjesto Kyburz, u poznate planine Sierra Nevada. U tim planinama Sabicha su djeca u\u010dila skijati.<\/p>\n\n\n\n<p>Bila je to u svemu primjerna obitelj: puna obiteljske ljubavi i veselja, dobra ku\u0107nog odgoja, jake vjere u Boga i samopouzdanja da ustrajan rad i u\u010denje donose uspjehe i napredak. Spider i brat mu Steve bili su i ministranti u mjesnoj katoli\u010dkoj crkvici, kapelici Na\u0161e Gospe od Sierras. Mary je studirala medicinu i postala lije\u010dnica. Spider se ve\u0107 u srednjoj \u0161koli pokazao kao dobar skija\u0161 te mu je ponu\u0111ena stipendija na University of Colorado. Steve je zavr\u0161io srednju \u0161kolu i postao uspje\u0161an poduzetnik, graditelj ku\u0107a.<\/p>\n\n\n\n<p>Spiderove dvije uzastopne (1971. i 1972.) pobjede na svjetskom prvenstvu donijele su mu slavu u ameri\u010dkim medijima. Amerikanci su ponosno gledali kako njihov skija\u0161 pobje\u0111uje Europljane u \u0161portu koji su oni izumili i njime tradicionalno dominirali. Odjednom je njegovo ime postalo prepoznatljivo. Svojom veselom naravi, inteligencijom i lijepim izgledom postao je atrakcija za medije, a time su po\u010dele i bolje zarade, lijepa ku\u0107a, automobili. Nije to bila zarada kao \u0161to danas \u0161porta\u0161i zara\u0111uju, ali je Spider ipak po\u010deo udobno \u017eivjeti i kretati se u krugu slavnih imena, no ne napu\u0161taju\u0107i svoje stare prijatelje i rodbinu. Pobjede su se redale, slike po raznim \u010dasopisima su se blistale, \u010dinilo se da je to samo po\u010detak jednog uspje\u0161nog i slavnog \u017eivota. Ta svatko je znao tko je Spider Sabich.<\/p>\n\n\n\n<p>Ali odjednom sve se stumbalo, kao da je Sabich naglo skrenuo sa skija\u0161ke staze i oti\u0161ao u provaliju. A ta \u201eprovalija\u201c nije se dogodila na planinskim visinama, nego u njegovoj vlastitoj ku\u0107i. Bilo je to 21. o\u017eujka 1976. kad se Spider po povratku s dnevne skija\u0161ke vje\u017ebe susreo sa smr\u0107u. Ubila ga je njegova cura Claudine Longet, poznata francuska pjeva\u010dica i glumica. Ona je tvrdila da joj je Sabich pokazivao kako rabiti pi\u0161tolj i da ga je slu\u010dajno napucala. Provela je 30 dana u zatvoru i, \u0161to bismo mi rekli, \u201eujeo vuk magare\u201c! Vladimira Spidera Sabicha smrt je prekinula u najboljim godinama.<\/p>\n\n\n\n<p>dr.&nbsp;<strong>A<\/strong>nte&nbsp;<strong>\u010c<\/strong>uvalo<\/p>\n\n\n\n<p>izvor:hkv.hr<\/p>\n","protected":false},"excerpt":{"rendered":"<p>Hrvati i njihovi potomci rasuti su po svijetu kao zvijezde po nebeskom svodu. Neki od njih vidljiviji su od drugih, kao i zvijezde, barem za neko vrijeme. Za vas sam prikupio crtice iz \u017eivota onih koje sam tako rekav\u0161i \u201eu hodu\u201c zapazio i o njima iz raznih izvora pone\u0161to zabilje\u017eio. Poneke sam od njih i [&hellip;]<\/p>\n","protected":false},"author":2,"featured_media":120288,"comment_status":"closed","ping_status":"closed","sticky":false,"template":"","format":"standard","meta":{"h5ap_radio_sources":[],"footnotes":""},"categories":[1],"tags":[],"class_list":["post-120287","post","type-post","status-publish","format-standard","has-post-thumbnail","hentry","category-bihiregija"],"yoast_head":"<!-- This site is optimized with the Yoast SEO plugin v27.5 - https:\/\/yoast.com\/product\/yoast-seo-wordpress\/ -->\n<title>Hrvati u svijetu: Vladimir \u201eSpider\u201c Sabich - RADIO LJUBU\u0160KI<\/title>\n<meta name=\"robots\" content=\"index, follow, max-snippet:-1, max-image-preview:large, max-video-preview:-1\" \/>\n<link rel=\"canonical\" href=\"https:\/\/radioljubuski.ba\/index.php\/2022\/03\/11\/hrvati-u-svijetu-vladimir-spider-sabich\/\" \/>\n<meta property=\"og:locale\" content=\"hr_HR\" \/>\n<meta property=\"og:type\" content=\"article\" \/>\n<meta property=\"og:title\" content=\"Hrvati u svijetu: Vladimir \u201eSpider\u201c Sabich - RADIO LJUBU\u0160KI\" \/>\n<meta property=\"og:description\" content=\"Hrvati i njihovi potomci rasuti su po svijetu kao zvijezde po nebeskom svodu. Neki od njih vidljiviji su od drugih, kao i zvijezde, barem za neko vrijeme. Za vas sam prikupio crtice iz \u017eivota onih koje sam tako rekav\u0161i \u201eu hodu\u201c zapazio i o njima iz raznih izvora pone\u0161to zabilje\u017eio. Poneke sam od njih i [&hellip;]\" \/>\n<meta property=\"og:url\" content=\"https:\/\/radioljubuski.ba\/index.php\/2022\/03\/11\/hrvati-u-svijetu-vladimir-spider-sabich\/\" \/>\n<meta property=\"og:site_name\" content=\"RADIO LJUBU\u0160KI\" \/>\n<meta property=\"article:publisher\" content=\"https:\/\/www.facebook.com\/Radiio-Ljubuski-1490835324566332\" \/>\n<meta property=\"article:published_time\" content=\"2022-03-11T00:52:26+00:00\" \/>\n<meta property=\"article:modified_time\" content=\"2022-03-11T00:52:27+00:00\" \/>\n<meta property=\"og:image\" content=\"https:\/\/radioljubuski.ba\/wp-content\/uploads\/2022\/03\/spider_sabich.jpg\" \/>\n\t<meta property=\"og:image:width\" content=\"202\" \/>\n\t<meta property=\"og:image:height\" content=\"250\" \/>\n\t<meta property=\"og:image:type\" content=\"image\/jpeg\" \/>\n<meta name=\"author\" content=\"Radio Ljubu\u0161ki\" \/>\n<meta name=\"twitter:card\" content=\"summary_large_image\" \/>\n<meta name=\"twitter:creator\" content=\"@radioljubuski\" \/>\n<meta name=\"twitter:site\" content=\"@radioljubuski\" \/>\n<meta name=\"twitter:label1\" content=\"Napisao\/la\" \/>\n\t<meta name=\"twitter:data1\" content=\"Radio Ljubu\u0161ki\" \/>\n\t<meta name=\"twitter:label2\" content=\"Procijenjeno vrijeme \u010ditanja\" \/>\n\t<meta name=\"twitter:data2\" content=\"4 minute\" \/>\n<script type=\"application\/ld+json\" class=\"yoast-schema-graph\">{\"@context\":\"https:\\\/\\\/schema.org\",\"@graph\":[{\"@type\":\"Article\",\"@id\":\"https:\\\/\\\/radioljubuski.ba\\\/index.php\\\/2022\\\/03\\\/11\\\/hrvati-u-svijetu-vladimir-spider-sabich\\\/#article\",\"isPartOf\":{\"@id\":\"https:\\\/\\\/radioljubuski.ba\\\/index.php\\\/2022\\\/03\\\/11\\\/hrvati-u-svijetu-vladimir-spider-sabich\\\/\"},\"author\":{\"name\":\"Radio Ljubu\u0161ki\",\"@id\":\"https:\\\/\\\/radioljubuski.ba\\\/#\\\/schema\\\/person\\\/19fc700381a780f69665d7956c469e3b\"},\"headline\":\"Hrvati u svijetu: Vladimir \u201eSpider\u201c Sabich\",\"datePublished\":\"2022-03-11T00:52:26+00:00\",\"dateModified\":\"2022-03-11T00:52:27+00:00\",\"mainEntityOfPage\":{\"@id\":\"https:\\\/\\\/radioljubuski.ba\\\/index.php\\\/2022\\\/03\\\/11\\\/hrvati-u-svijetu-vladimir-spider-sabich\\\/\"},\"wordCount\":971,\"publisher\":{\"@id\":\"https:\\\/\\\/radioljubuski.ba\\\/#organization\"},\"image\":{\"@id\":\"https:\\\/\\\/radioljubuski.ba\\\/index.php\\\/2022\\\/03\\\/11\\\/hrvati-u-svijetu-vladimir-spider-sabich\\\/#primaryimage\"},\"thumbnailUrl\":\"https:\\\/\\\/radioljubuski.ba\\\/wp-content\\\/uploads\\\/2022\\\/03\\\/spider_sabich.jpg\",\"articleSection\":[\"BIH i regija\"],\"inLanguage\":\"hr\"},{\"@type\":\"WebPage\",\"@id\":\"https:\\\/\\\/radioljubuski.ba\\\/index.php\\\/2022\\\/03\\\/11\\\/hrvati-u-svijetu-vladimir-spider-sabich\\\/\",\"url\":\"https:\\\/\\\/radioljubuski.ba\\\/index.php\\\/2022\\\/03\\\/11\\\/hrvati-u-svijetu-vladimir-spider-sabich\\\/\",\"name\":\"Hrvati u svijetu: Vladimir \u201eSpider\u201c Sabich - RADIO LJUBU\u0160KI\",\"isPartOf\":{\"@id\":\"https:\\\/\\\/radioljubuski.ba\\\/#website\"},\"primaryImageOfPage\":{\"@id\":\"https:\\\/\\\/radioljubuski.ba\\\/index.php\\\/2022\\\/03\\\/11\\\/hrvati-u-svijetu-vladimir-spider-sabich\\\/#primaryimage\"},\"image\":{\"@id\":\"https:\\\/\\\/radioljubuski.ba\\\/index.php\\\/2022\\\/03\\\/11\\\/hrvati-u-svijetu-vladimir-spider-sabich\\\/#primaryimage\"},\"thumbnailUrl\":\"https:\\\/\\\/radioljubuski.ba\\\/wp-content\\\/uploads\\\/2022\\\/03\\\/spider_sabich.jpg\",\"datePublished\":\"2022-03-11T00:52:26+00:00\",\"dateModified\":\"2022-03-11T00:52:27+00:00\",\"breadcrumb\":{\"@id\":\"https:\\\/\\\/radioljubuski.ba\\\/index.php\\\/2022\\\/03\\\/11\\\/hrvati-u-svijetu-vladimir-spider-sabich\\\/#breadcrumb\"},\"inLanguage\":\"hr\",\"potentialAction\":[{\"@type\":\"ReadAction\",\"target\":[\"https:\\\/\\\/radioljubuski.ba\\\/index.php\\\/2022\\\/03\\\/11\\\/hrvati-u-svijetu-vladimir-spider-sabich\\\/\"]}]},{\"@type\":\"ImageObject\",\"inLanguage\":\"hr\",\"@id\":\"https:\\\/\\\/radioljubuski.ba\\\/index.php\\\/2022\\\/03\\\/11\\\/hrvati-u-svijetu-vladimir-spider-sabich\\\/#primaryimage\",\"url\":\"https:\\\/\\\/radioljubuski.ba\\\/wp-content\\\/uploads\\\/2022\\\/03\\\/spider_sabich.jpg\",\"contentUrl\":\"https:\\\/\\\/radioljubuski.ba\\\/wp-content\\\/uploads\\\/2022\\\/03\\\/spider_sabich.jpg\",\"width\":202,\"height\":250},{\"@type\":\"BreadcrumbList\",\"@id\":\"https:\\\/\\\/radioljubuski.ba\\\/index.php\\\/2022\\\/03\\\/11\\\/hrvati-u-svijetu-vladimir-spider-sabich\\\/#breadcrumb\",\"itemListElement\":[{\"@type\":\"ListItem\",\"position\":1,\"name\":\"Po\u010detna stranica\",\"item\":\"https:\\\/\\\/radioljubuski.ba\\\/\"},{\"@type\":\"ListItem\",\"position\":2,\"name\":\"Hrvati u svijetu: Vladimir \u201eSpider\u201c Sabich\"}]},{\"@type\":\"WebSite\",\"@id\":\"https:\\\/\\\/radioljubuski.ba\\\/#website\",\"url\":\"https:\\\/\\\/radioljubuski.ba\\\/\",\"name\":\"Radio Ljubu\u0161ki\",\"description\":\"Sun\u010dana frekvencija Hercegovine\",\"publisher\":{\"@id\":\"https:\\\/\\\/radioljubuski.ba\\\/#organization\"},\"potentialAction\":[{\"@type\":\"SearchAction\",\"target\":{\"@type\":\"EntryPoint\",\"urlTemplate\":\"https:\\\/\\\/radioljubuski.ba\\\/?s={search_term_string}\"},\"query-input\":{\"@type\":\"PropertyValueSpecification\",\"valueRequired\":true,\"valueName\":\"search_term_string\"}}],\"inLanguage\":\"hr\"},{\"@type\":\"Organization\",\"@id\":\"https:\\\/\\\/radioljubuski.ba\\\/#organization\",\"name\":\"Radio Ljubu\u0161ki\",\"url\":\"https:\\\/\\\/radioljubuski.ba\\\/\",\"logo\":{\"@type\":\"ImageObject\",\"inLanguage\":\"hr\",\"@id\":\"https:\\\/\\\/radioljubuski.ba\\\/#\\\/schema\\\/logo\\\/image\\\/\",\"url\":\"https:\\\/\\\/radioljubuski.ba\\\/wp-content\\\/uploads\\\/2021\\\/02\\\/cropped-Radio_Ljubuski_logo1.jpg\",\"contentUrl\":\"https:\\\/\\\/radioljubuski.ba\\\/wp-content\\\/uploads\\\/2021\\\/02\\\/cropped-Radio_Ljubuski_logo1.jpg\",\"width\":512,\"height\":512,\"caption\":\"Radio Ljubu\u0161ki\"},\"image\":{\"@id\":\"https:\\\/\\\/radioljubuski.ba\\\/#\\\/schema\\\/logo\\\/image\\\/\"},\"sameAs\":[\"https:\\\/\\\/www.facebook.com\\\/Radiio-Ljubuski-1490835324566332\",\"https:\\\/\\\/x.com\\\/radioljubuski\",\"https:\\\/\\\/hr.linkedin.com\\\/company\\\/radio-ljubuski\",\"https:\\\/\\\/www.youtube.com\\\/channel\\\/UCHYaeO_n0Db3tjNGudGpXyw\"]},{\"@type\":\"Person\",\"@id\":\"https:\\\/\\\/radioljubuski.ba\\\/#\\\/schema\\\/person\\\/19fc700381a780f69665d7956c469e3b\",\"name\":\"Radio Ljubu\u0161ki\"}]}<\/script>\n<!-- \/ Yoast SEO plugin. -->","yoast_head_json":{"title":"Hrvati u svijetu: Vladimir \u201eSpider\u201c Sabich - RADIO LJUBU\u0160KI","robots":{"index":"index","follow":"follow","max-snippet":"max-snippet:-1","max-image-preview":"max-image-preview:large","max-video-preview":"max-video-preview:-1"},"canonical":"https:\/\/radioljubuski.ba\/index.php\/2022\/03\/11\/hrvati-u-svijetu-vladimir-spider-sabich\/","og_locale":"hr_HR","og_type":"article","og_title":"Hrvati u svijetu: Vladimir \u201eSpider\u201c Sabich - RADIO LJUBU\u0160KI","og_description":"Hrvati i njihovi potomci rasuti su po svijetu kao zvijezde po nebeskom svodu. Neki od njih vidljiviji su od drugih, kao i zvijezde, barem za neko vrijeme. Za vas sam prikupio crtice iz \u017eivota onih koje sam tako rekav\u0161i \u201eu hodu\u201c zapazio i o njima iz raznih izvora pone\u0161to zabilje\u017eio. Poneke sam od njih i [&hellip;]","og_url":"https:\/\/radioljubuski.ba\/index.php\/2022\/03\/11\/hrvati-u-svijetu-vladimir-spider-sabich\/","og_site_name":"RADIO LJUBU\u0160KI","article_publisher":"https:\/\/www.facebook.com\/Radiio-Ljubuski-1490835324566332","article_published_time":"2022-03-11T00:52:26+00:00","article_modified_time":"2022-03-11T00:52:27+00:00","og_image":[{"width":202,"height":250,"url":"https:\/\/radioljubuski.ba\/wp-content\/uploads\/2022\/03\/spider_sabich.jpg","type":"image\/jpeg"}],"author":"Radio Ljubu\u0161ki","twitter_card":"summary_large_image","twitter_creator":"@radioljubuski","twitter_site":"@radioljubuski","twitter_misc":{"Napisao\/la":"Radio Ljubu\u0161ki","Procijenjeno vrijeme \u010ditanja":"4 minute"},"schema":{"@context":"https:\/\/schema.org","@graph":[{"@type":"Article","@id":"https:\/\/radioljubuski.ba\/index.php\/2022\/03\/11\/hrvati-u-svijetu-vladimir-spider-sabich\/#article","isPartOf":{"@id":"https:\/\/radioljubuski.ba\/index.php\/2022\/03\/11\/hrvati-u-svijetu-vladimir-spider-sabich\/"},"author":{"name":"Radio Ljubu\u0161ki","@id":"https:\/\/radioljubuski.ba\/#\/schema\/person\/19fc700381a780f69665d7956c469e3b"},"headline":"Hrvati u svijetu: Vladimir \u201eSpider\u201c Sabich","datePublished":"2022-03-11T00:52:26+00:00","dateModified":"2022-03-11T00:52:27+00:00","mainEntityOfPage":{"@id":"https:\/\/radioljubuski.ba\/index.php\/2022\/03\/11\/hrvati-u-svijetu-vladimir-spider-sabich\/"},"wordCount":971,"publisher":{"@id":"https:\/\/radioljubuski.ba\/#organization"},"image":{"@id":"https:\/\/radioljubuski.ba\/index.php\/2022\/03\/11\/hrvati-u-svijetu-vladimir-spider-sabich\/#primaryimage"},"thumbnailUrl":"https:\/\/radioljubuski.ba\/wp-content\/uploads\/2022\/03\/spider_sabich.jpg","articleSection":["BIH i regija"],"inLanguage":"hr"},{"@type":"WebPage","@id":"https:\/\/radioljubuski.ba\/index.php\/2022\/03\/11\/hrvati-u-svijetu-vladimir-spider-sabich\/","url":"https:\/\/radioljubuski.ba\/index.php\/2022\/03\/11\/hrvati-u-svijetu-vladimir-spider-sabich\/","name":"Hrvati u svijetu: Vladimir \u201eSpider\u201c Sabich - RADIO LJUBU\u0160KI","isPartOf":{"@id":"https:\/\/radioljubuski.ba\/#website"},"primaryImageOfPage":{"@id":"https:\/\/radioljubuski.ba\/index.php\/2022\/03\/11\/hrvati-u-svijetu-vladimir-spider-sabich\/#primaryimage"},"image":{"@id":"https:\/\/radioljubuski.ba\/index.php\/2022\/03\/11\/hrvati-u-svijetu-vladimir-spider-sabich\/#primaryimage"},"thumbnailUrl":"https:\/\/radioljubuski.ba\/wp-content\/uploads\/2022\/03\/spider_sabich.jpg","datePublished":"2022-03-11T00:52:26+00:00","dateModified":"2022-03-11T00:52:27+00:00","breadcrumb":{"@id":"https:\/\/radioljubuski.ba\/index.php\/2022\/03\/11\/hrvati-u-svijetu-vladimir-spider-sabich\/#breadcrumb"},"inLanguage":"hr","potentialAction":[{"@type":"ReadAction","target":["https:\/\/radioljubuski.ba\/index.php\/2022\/03\/11\/hrvati-u-svijetu-vladimir-spider-sabich\/"]}]},{"@type":"ImageObject","inLanguage":"hr","@id":"https:\/\/radioljubuski.ba\/index.php\/2022\/03\/11\/hrvati-u-svijetu-vladimir-spider-sabich\/#primaryimage","url":"https:\/\/radioljubuski.ba\/wp-content\/uploads\/2022\/03\/spider_sabich.jpg","contentUrl":"https:\/\/radioljubuski.ba\/wp-content\/uploads\/2022\/03\/spider_sabich.jpg","width":202,"height":250},{"@type":"BreadcrumbList","@id":"https:\/\/radioljubuski.ba\/index.php\/2022\/03\/11\/hrvati-u-svijetu-vladimir-spider-sabich\/#breadcrumb","itemListElement":[{"@type":"ListItem","position":1,"name":"Po\u010detna stranica","item":"https:\/\/radioljubuski.ba\/"},{"@type":"ListItem","position":2,"name":"Hrvati u svijetu: Vladimir \u201eSpider\u201c Sabich"}]},{"@type":"WebSite","@id":"https:\/\/radioljubuski.ba\/#website","url":"https:\/\/radioljubuski.ba\/","name":"Radio Ljubu\u0161ki","description":"Sun\u010dana frekvencija Hercegovine","publisher":{"@id":"https:\/\/radioljubuski.ba\/#organization"},"potentialAction":[{"@type":"SearchAction","target":{"@type":"EntryPoint","urlTemplate":"https:\/\/radioljubuski.ba\/?s={search_term_string}"},"query-input":{"@type":"PropertyValueSpecification","valueRequired":true,"valueName":"search_term_string"}}],"inLanguage":"hr"},{"@type":"Organization","@id":"https:\/\/radioljubuski.ba\/#organization","name":"Radio Ljubu\u0161ki","url":"https:\/\/radioljubuski.ba\/","logo":{"@type":"ImageObject","inLanguage":"hr","@id":"https:\/\/radioljubuski.ba\/#\/schema\/logo\/image\/","url":"https:\/\/radioljubuski.ba\/wp-content\/uploads\/2021\/02\/cropped-Radio_Ljubuski_logo1.jpg","contentUrl":"https:\/\/radioljubuski.ba\/wp-content\/uploads\/2021\/02\/cropped-Radio_Ljubuski_logo1.jpg","width":512,"height":512,"caption":"Radio Ljubu\u0161ki"},"image":{"@id":"https:\/\/radioljubuski.ba\/#\/schema\/logo\/image\/"},"sameAs":["https:\/\/www.facebook.com\/Radiio-Ljubuski-1490835324566332","https:\/\/x.com\/radioljubuski","https:\/\/hr.linkedin.com\/company\/radio-ljubuski","https:\/\/www.youtube.com\/channel\/UCHYaeO_n0Db3tjNGudGpXyw"]},{"@type":"Person","@id":"https:\/\/radioljubuski.ba\/#\/schema\/person\/19fc700381a780f69665d7956c469e3b","name":"Radio Ljubu\u0161ki"}]}},"_links":{"self":[{"href":"https:\/\/radioljubuski.ba\/index.php\/wp-json\/wp\/v2\/posts\/120287","targetHints":{"allow":["GET"]}}],"collection":[{"href":"https:\/\/radioljubuski.ba\/index.php\/wp-json\/wp\/v2\/posts"}],"about":[{"href":"https:\/\/radioljubuski.ba\/index.php\/wp-json\/wp\/v2\/types\/post"}],"author":[{"embeddable":true,"href":"https:\/\/radioljubuski.ba\/index.php\/wp-json\/wp\/v2\/users\/2"}],"replies":[{"embeddable":true,"href":"https:\/\/radioljubuski.ba\/index.php\/wp-json\/wp\/v2\/comments?post=120287"}],"version-history":[{"count":1,"href":"https:\/\/radioljubuski.ba\/index.php\/wp-json\/wp\/v2\/posts\/120287\/revisions"}],"predecessor-version":[{"id":120289,"href":"https:\/\/radioljubuski.ba\/index.php\/wp-json\/wp\/v2\/posts\/120287\/revisions\/120289"}],"wp:featuredmedia":[{"embeddable":true,"href":"https:\/\/radioljubuski.ba\/index.php\/wp-json\/wp\/v2\/media\/120288"}],"wp:attachment":[{"href":"https:\/\/radioljubuski.ba\/index.php\/wp-json\/wp\/v2\/media?parent=120287"}],"wp:term":[{"taxonomy":"category","embeddable":true,"href":"https:\/\/radioljubuski.ba\/index.php\/wp-json\/wp\/v2\/categories?post=120287"},{"taxonomy":"post_tag","embeddable":true,"href":"https:\/\/radioljubuski.ba\/index.php\/wp-json\/wp\/v2\/tags?post=120287"}],"curies":[{"name":"wp","href":"https:\/\/api.w.org\/{rel}","templated":true}]}}