{"id":120290,"date":"2022-03-11T01:54:08","date_gmt":"2022-03-11T00:54:08","guid":{"rendered":"https:\/\/radioljubuski.ba\/?p=120290"},"modified":"2022-03-11T01:54:08","modified_gmt":"2022-03-11T00:54:08","slug":"hrvati-u-svijetu-mirko-i-stjepan-seljan","status":"publish","type":"post","link":"https:\/\/radioljubuski.ba\/index.php\/2022\/03\/11\/hrvati-u-svijetu-mirko-i-stjepan-seljan\/","title":{"rendered":"Hrvati u svijetu: Mirko i Stjepan Seljan"},"content":{"rendered":"\n<p><em>Hrvati i njihovi potomci rasuti su po svijetu kao zvijezde po nebeskom svodu. Neki od njih vidljiviji su od drugih, kao i zvijezde, barem za neko vrijeme. Za vas sam prikupio crtice iz \u017eivota onih koje sam tako rekav\u0161i \u201eu hodu\u201c zapazio i o njima iz raznih izvora pone\u0161to zabilje\u017eio. Poneke sam od njih i poznavao. A ovdje ih vi mo\u017eete sve upoznati i vidjeti da u tom na\u0161em rodu i narodu ima stvarno nadarenih, radi\u0161nih i uspje\u0161nih pojedinaca diljem kugle zemaljske. Lijepo je (do)znati tko su ti na\u0161i sunarodnjaci i biti ponosan na njih. Svatko je od njih na svoj na\u010din obogatio svijet&#8230;<\/em><\/p>\n\n\n\n<p><em>Me\u0111u ovim kratkim \u017eivotopisima pro\u010ditat \u0107ete o ljudima vrlo razli\u010ditih zvanja i iz raznih krajeva svijeta. Ali sve ih povezuju hrvatski korijeni. Svi su bili ponosni na ono \u0161to su ponijeli iz domovine ili naslijedili od svojih roditelja, djedova i baka \u2013 od doma\u0107ih jela i obiteljskih tradicija do hrvatske kulture op\u0107enito. Ali ima i jo\u0161 ne\u0161to \u0161to oni imaju zajedni\u010dko: prepoznali su svoje talente i imali \u017eivotne ciljeve, te bili radi\u0161ni, strpljivi i uporni u njihovu ostvarenju. Znali su da prirodna nadarenost nije dovoljna za velika postignu\u0107a. To je samo temelj na kojemu treba graditi, ustrajno rade\u0107i, ono \u0161to \u017eelimo u \u017eivotu posti\u0107i. Bili oni znanstvenici, glumci, pjeva\u010di, \u0161porta\u0161i&#8230; njihova je zvijezda zasjala i postala vidljiva jer su \u201ebrusili\u201c sami sebe, i to uz velike napore i \u017ertve.<\/em><\/p>\n\n\n\n<p>Ante \u010cuvalo,&nbsp;<em>Hrvati u svijetu \u2013 101 \u017eivotopis za \u0161kolarce (i roditelje)<\/em>, CroLibertas Publishers, 2017.<\/p>\n\n\n\n<h1 class=\"wp-block-heading\"><strong>Mirko Seljan (1871. \u2013 1913.) i Stjepan Seljan (1876. \u2013 1936.)<br>istra\u017eiva\u010di<\/strong><\/h1>\n\n\n\n<p>Ovdje \u0107u vas upoznati s dvojicom bra\u0107e Seljan, Mirkom i Stjepanom, koji su bili \u017eeljni cijeli svijet vidjeti, istra\u017eivati, prou\u010davati i mijenjati ga. Htjeli su zadovoljiti svoje znati\u017eelje i re\u0107i drugima \u0161to su nau\u010dili na svojim putovanjima.<\/p>\n\n\n\n<p>Bra\u0107a su rodom iz Karlovca. Mirko je ro\u0111en 1871. a Stjepan\/Stevo 1876. godine. Mirko je po\u0161ao iz rodnog grada na odslu\u017eenje vojnog roka 1889. i vi\u0161e se nije smirivao. U vojsci se po\u010deo baviti mjerenjem zemlje i crtanjem karata. Taj ga je posao kasnije odveo u Budimpe\u0161tu, Be\u010d i Sankt-Peterburg. A godine 1898. za njegovo ime dozna cijeli svijet: iz Sankt-Peterburga je stigao pje\u0161ice u Pariz za samo 110 dana. Bio je to samo po\u010detak \u2013 njegov hod nastavio se do kraja \u017eivota.<\/p>\n\n\n\n<p>Godinu dana kasnije (1889.), Mirko i brat mu Stjepan kre\u0107u na put oko svijeta i sti\u017eu u Etiopiju. Tu su bili u slu\u017ebi cara Menelika II. Mirko postaje \u010dak guverner jedne provincije, a brat mu zamjenik. Ali nije njima bilo do vlasti i mo\u0107i, nego do prou\u010davanja zemlje, klime i tamo\u0161nje kulture. I jedno naselje dobilo je po njima ime \u2013 Seljanville.<\/p>\n\n\n\n<p>Godine 1903. bra\u0107a su nakratko do\u0161la doma i zatim po\u0161la u Ju\u017enu Ameriku. Svoja znanstvena istra\u017eivanja, pod imenom \u201cHrvatska znanstvena misija\u201d, otpo\u010deli su u Brazilu i obi\u0161li su gotovo sve zemlje Ju\u017ene i Centralne Amerike, \u017eedni novih spoznaja o zemljopisu i kulturama cijelog kontinenta. Njih je sve zanimalo, sve su prou\u010davali, sve zapisivali i objavljivali na raznim jezicima. Dolazili su i u hrvatske naseobine u Ju\u017enoj i Sjevernoj Americi, i svojim sunarodnjacima dr\u017eali su predavanja, izlo\u017ebe i glazbene koncerte. Svuda su bili sve\u010dano i rado do\u010dekani. Hrvati grada St. Louisa u SAD-u, na primjer, tiskali su im 1912. knjigu Kroz pra\u0161ume i pustinju. Gdje bi god do\u0161li, lokalne ameri\u010dke novine donosile su izvje\u0161\u0107a o njihovu posjetu. Bra\u0107a su objavila mnoga izvje\u0161\u0107a o svojim istra\u017eivanjima, a najpoznatija im je knjiga El salto del Guayr\u00e1 (ime slapa na rijeci Paran\u00e1) tiskana u Buenos Airesu 1905. godine. Izvorno je napisana na hrvatskom, a prevedena je na vi\u0161e jezika. Svoju etnografsku zbirku iz Afrike i Ju\u017ene Amerike darovali su Etnografskom muzeju u Zagrebu.<\/p>\n\n\n\n<p>Bra\u0107a Seljan spadaju me\u0111u najpoznatije Hrvate koji su pro\u0161li svijetom, prou\u010davali ga i dijelili svoja spoznaje sa svima koji su bili \u017eedni znanja i avantura, a nisu imali priliku ili hrabrosti krenuti u nepoznato.<\/p>\n\n\n\n<p>Mirko je 1913. poginuo u nepoznatim okolnostima tijekom jedne od mnogih istra\u017eiva\u010dkih ekspedicija u dr\u017eavi Peru. Poslije njegove smrti mla\u0111i brat Stjepan nastavio je lutati i istra\u017eivati po bespu\u0107ima Ju\u017ene Amerike dok se nije smirio 1917. u mjestu Ouro Preto, Brazil, gdje se o\u017eenio, dobio djecu i 1936. umro.<\/p>\n\n\n\n<p>dr.&nbsp;<strong>A<\/strong>nte&nbsp;<strong>\u010c<\/strong>uvalo<\/p>\n\n\n\n<p>izvor:hkv.hr<\/p>\n","protected":false},"excerpt":{"rendered":"<p>Hrvati i njihovi potomci rasuti su po svijetu kao zvijezde po nebeskom svodu. Neki od njih vidljiviji su od drugih, kao i zvijezde, barem za neko vrijeme. Za vas sam prikupio crtice iz \u017eivota onih koje sam tako rekav\u0161i \u201eu hodu\u201c zapazio i o njima iz raznih izvora pone\u0161to zabilje\u017eio. Poneke sam od njih i [&hellip;]<\/p>\n","protected":false},"author":2,"featured_media":120291,"comment_status":"closed","ping_status":"closed","sticky":false,"template":"","format":"standard","meta":{"h5ap_radio_sources":[],"footnotes":""},"categories":[1],"tags":[],"class_list":["post-120290","post","type-post","status-publish","format-standard","has-post-thumbnail","hentry","category-bihiregija"],"yoast_head":"<!-- This site is optimized with the Yoast SEO plugin v27.5 - https:\/\/yoast.com\/product\/yoast-seo-wordpress\/ -->\n<title>Hrvati u svijetu: Mirko i Stjepan Seljan - RADIO LJUBU\u0160KI<\/title>\n<meta name=\"robots\" content=\"index, follow, max-snippet:-1, max-image-preview:large, max-video-preview:-1\" \/>\n<link rel=\"canonical\" href=\"https:\/\/radioljubuski.ba\/index.php\/2022\/03\/11\/hrvati-u-svijetu-mirko-i-stjepan-seljan\/\" \/>\n<meta property=\"og:locale\" content=\"hr_HR\" \/>\n<meta property=\"og:type\" content=\"article\" \/>\n<meta property=\"og:title\" content=\"Hrvati u svijetu: Mirko i Stjepan Seljan - RADIO LJUBU\u0160KI\" \/>\n<meta property=\"og:description\" content=\"Hrvati i njihovi potomci rasuti su po svijetu kao zvijezde po nebeskom svodu. Neki od njih vidljiviji su od drugih, kao i zvijezde, barem za neko vrijeme. Za vas sam prikupio crtice iz \u017eivota onih koje sam tako rekav\u0161i \u201eu hodu\u201c zapazio i o njima iz raznih izvora pone\u0161to zabilje\u017eio. Poneke sam od njih i [&hellip;]\" \/>\n<meta property=\"og:url\" content=\"https:\/\/radioljubuski.ba\/index.php\/2022\/03\/11\/hrvati-u-svijetu-mirko-i-stjepan-seljan\/\" \/>\n<meta property=\"og:site_name\" content=\"RADIO LJUBU\u0160KI\" \/>\n<meta property=\"article:publisher\" content=\"https:\/\/www.facebook.com\/Radiio-Ljubuski-1490835324566332\" \/>\n<meta property=\"article:published_time\" content=\"2022-03-11T00:54:08+00:00\" \/>\n<meta property=\"og:image\" content=\"https:\/\/radioljubuski.ba\/wp-content\/uploads\/2022\/03\/Braca_Seljan.jpg\" \/>\n\t<meta property=\"og:image:width\" content=\"829\" \/>\n\t<meta property=\"og:image:height\" content=\"600\" \/>\n\t<meta property=\"og:image:type\" content=\"image\/jpeg\" \/>\n<meta name=\"author\" content=\"Radio Ljubu\u0161ki\" \/>\n<meta name=\"twitter:card\" content=\"summary_large_image\" \/>\n<meta name=\"twitter:creator\" content=\"@radioljubuski\" \/>\n<meta name=\"twitter:site\" content=\"@radioljubuski\" \/>\n<meta name=\"twitter:label1\" content=\"Napisao\/la\" \/>\n\t<meta name=\"twitter:data1\" content=\"Radio Ljubu\u0161ki\" \/>\n\t<meta name=\"twitter:label2\" content=\"Procijenjeno vrijeme \u010ditanja\" \/>\n\t<meta name=\"twitter:data2\" content=\"4 minute\" \/>\n<script type=\"application\/ld+json\" class=\"yoast-schema-graph\">{\"@context\":\"https:\\\/\\\/schema.org\",\"@graph\":[{\"@type\":\"Article\",\"@id\":\"https:\\\/\\\/radioljubuski.ba\\\/index.php\\\/2022\\\/03\\\/11\\\/hrvati-u-svijetu-mirko-i-stjepan-seljan\\\/#article\",\"isPartOf\":{\"@id\":\"https:\\\/\\\/radioljubuski.ba\\\/index.php\\\/2022\\\/03\\\/11\\\/hrvati-u-svijetu-mirko-i-stjepan-seljan\\\/\"},\"author\":{\"name\":\"Radio Ljubu\u0161ki\",\"@id\":\"https:\\\/\\\/radioljubuski.ba\\\/#\\\/schema\\\/person\\\/19fc700381a780f69665d7956c469e3b\"},\"headline\":\"Hrvati u svijetu: Mirko i Stjepan Seljan\",\"datePublished\":\"2022-03-11T00:54:08+00:00\",\"mainEntityOfPage\":{\"@id\":\"https:\\\/\\\/radioljubuski.ba\\\/index.php\\\/2022\\\/03\\\/11\\\/hrvati-u-svijetu-mirko-i-stjepan-seljan\\\/\"},\"wordCount\":768,\"publisher\":{\"@id\":\"https:\\\/\\\/radioljubuski.ba\\\/#organization\"},\"image\":{\"@id\":\"https:\\\/\\\/radioljubuski.ba\\\/index.php\\\/2022\\\/03\\\/11\\\/hrvati-u-svijetu-mirko-i-stjepan-seljan\\\/#primaryimage\"},\"thumbnailUrl\":\"https:\\\/\\\/radioljubuski.ba\\\/wp-content\\\/uploads\\\/2022\\\/03\\\/Braca_Seljan.jpg\",\"articleSection\":[\"BIH i regija\"],\"inLanguage\":\"hr\"},{\"@type\":\"WebPage\",\"@id\":\"https:\\\/\\\/radioljubuski.ba\\\/index.php\\\/2022\\\/03\\\/11\\\/hrvati-u-svijetu-mirko-i-stjepan-seljan\\\/\",\"url\":\"https:\\\/\\\/radioljubuski.ba\\\/index.php\\\/2022\\\/03\\\/11\\\/hrvati-u-svijetu-mirko-i-stjepan-seljan\\\/\",\"name\":\"Hrvati u svijetu: Mirko i Stjepan Seljan - RADIO LJUBU\u0160KI\",\"isPartOf\":{\"@id\":\"https:\\\/\\\/radioljubuski.ba\\\/#website\"},\"primaryImageOfPage\":{\"@id\":\"https:\\\/\\\/radioljubuski.ba\\\/index.php\\\/2022\\\/03\\\/11\\\/hrvati-u-svijetu-mirko-i-stjepan-seljan\\\/#primaryimage\"},\"image\":{\"@id\":\"https:\\\/\\\/radioljubuski.ba\\\/index.php\\\/2022\\\/03\\\/11\\\/hrvati-u-svijetu-mirko-i-stjepan-seljan\\\/#primaryimage\"},\"thumbnailUrl\":\"https:\\\/\\\/radioljubuski.ba\\\/wp-content\\\/uploads\\\/2022\\\/03\\\/Braca_Seljan.jpg\",\"datePublished\":\"2022-03-11T00:54:08+00:00\",\"breadcrumb\":{\"@id\":\"https:\\\/\\\/radioljubuski.ba\\\/index.php\\\/2022\\\/03\\\/11\\\/hrvati-u-svijetu-mirko-i-stjepan-seljan\\\/#breadcrumb\"},\"inLanguage\":\"hr\",\"potentialAction\":[{\"@type\":\"ReadAction\",\"target\":[\"https:\\\/\\\/radioljubuski.ba\\\/index.php\\\/2022\\\/03\\\/11\\\/hrvati-u-svijetu-mirko-i-stjepan-seljan\\\/\"]}]},{\"@type\":\"ImageObject\",\"inLanguage\":\"hr\",\"@id\":\"https:\\\/\\\/radioljubuski.ba\\\/index.php\\\/2022\\\/03\\\/11\\\/hrvati-u-svijetu-mirko-i-stjepan-seljan\\\/#primaryimage\",\"url\":\"https:\\\/\\\/radioljubuski.ba\\\/wp-content\\\/uploads\\\/2022\\\/03\\\/Braca_Seljan.jpg\",\"contentUrl\":\"https:\\\/\\\/radioljubuski.ba\\\/wp-content\\\/uploads\\\/2022\\\/03\\\/Braca_Seljan.jpg\",\"width\":829,\"height\":600,\"caption\":\"SELJAN, Stevo i Mirko\"},{\"@type\":\"BreadcrumbList\",\"@id\":\"https:\\\/\\\/radioljubuski.ba\\\/index.php\\\/2022\\\/03\\\/11\\\/hrvati-u-svijetu-mirko-i-stjepan-seljan\\\/#breadcrumb\",\"itemListElement\":[{\"@type\":\"ListItem\",\"position\":1,\"name\":\"Po\u010detna stranica\",\"item\":\"https:\\\/\\\/radioljubuski.ba\\\/\"},{\"@type\":\"ListItem\",\"position\":2,\"name\":\"Hrvati u svijetu: Mirko i Stjepan Seljan\"}]},{\"@type\":\"WebSite\",\"@id\":\"https:\\\/\\\/radioljubuski.ba\\\/#website\",\"url\":\"https:\\\/\\\/radioljubuski.ba\\\/\",\"name\":\"Radio Ljubu\u0161ki\",\"description\":\"Sun\u010dana frekvencija Hercegovine\",\"publisher\":{\"@id\":\"https:\\\/\\\/radioljubuski.ba\\\/#organization\"},\"potentialAction\":[{\"@type\":\"SearchAction\",\"target\":{\"@type\":\"EntryPoint\",\"urlTemplate\":\"https:\\\/\\\/radioljubuski.ba\\\/?s={search_term_string}\"},\"query-input\":{\"@type\":\"PropertyValueSpecification\",\"valueRequired\":true,\"valueName\":\"search_term_string\"}}],\"inLanguage\":\"hr\"},{\"@type\":\"Organization\",\"@id\":\"https:\\\/\\\/radioljubuski.ba\\\/#organization\",\"name\":\"Radio Ljubu\u0161ki\",\"url\":\"https:\\\/\\\/radioljubuski.ba\\\/\",\"logo\":{\"@type\":\"ImageObject\",\"inLanguage\":\"hr\",\"@id\":\"https:\\\/\\\/radioljubuski.ba\\\/#\\\/schema\\\/logo\\\/image\\\/\",\"url\":\"https:\\\/\\\/radioljubuski.ba\\\/wp-content\\\/uploads\\\/2021\\\/02\\\/cropped-Radio_Ljubuski_logo1.jpg\",\"contentUrl\":\"https:\\\/\\\/radioljubuski.ba\\\/wp-content\\\/uploads\\\/2021\\\/02\\\/cropped-Radio_Ljubuski_logo1.jpg\",\"width\":512,\"height\":512,\"caption\":\"Radio Ljubu\u0161ki\"},\"image\":{\"@id\":\"https:\\\/\\\/radioljubuski.ba\\\/#\\\/schema\\\/logo\\\/image\\\/\"},\"sameAs\":[\"https:\\\/\\\/www.facebook.com\\\/Radiio-Ljubuski-1490835324566332\",\"https:\\\/\\\/x.com\\\/radioljubuski\",\"https:\\\/\\\/hr.linkedin.com\\\/company\\\/radio-ljubuski\",\"https:\\\/\\\/www.youtube.com\\\/channel\\\/UCHYaeO_n0Db3tjNGudGpXyw\"]},{\"@type\":\"Person\",\"@id\":\"https:\\\/\\\/radioljubuski.ba\\\/#\\\/schema\\\/person\\\/19fc700381a780f69665d7956c469e3b\",\"name\":\"Radio Ljubu\u0161ki\"}]}<\/script>\n<!-- \/ Yoast SEO plugin. -->","yoast_head_json":{"title":"Hrvati u svijetu: Mirko i Stjepan Seljan - RADIO LJUBU\u0160KI","robots":{"index":"index","follow":"follow","max-snippet":"max-snippet:-1","max-image-preview":"max-image-preview:large","max-video-preview":"max-video-preview:-1"},"canonical":"https:\/\/radioljubuski.ba\/index.php\/2022\/03\/11\/hrvati-u-svijetu-mirko-i-stjepan-seljan\/","og_locale":"hr_HR","og_type":"article","og_title":"Hrvati u svijetu: Mirko i Stjepan Seljan - RADIO LJUBU\u0160KI","og_description":"Hrvati i njihovi potomci rasuti su po svijetu kao zvijezde po nebeskom svodu. Neki od njih vidljiviji su od drugih, kao i zvijezde, barem za neko vrijeme. Za vas sam prikupio crtice iz \u017eivota onih koje sam tako rekav\u0161i \u201eu hodu\u201c zapazio i o njima iz raznih izvora pone\u0161to zabilje\u017eio. Poneke sam od njih i [&hellip;]","og_url":"https:\/\/radioljubuski.ba\/index.php\/2022\/03\/11\/hrvati-u-svijetu-mirko-i-stjepan-seljan\/","og_site_name":"RADIO LJUBU\u0160KI","article_publisher":"https:\/\/www.facebook.com\/Radiio-Ljubuski-1490835324566332","article_published_time":"2022-03-11T00:54:08+00:00","og_image":[{"width":829,"height":600,"url":"https:\/\/radioljubuski.ba\/wp-content\/uploads\/2022\/03\/Braca_Seljan.jpg","type":"image\/jpeg"}],"author":"Radio Ljubu\u0161ki","twitter_card":"summary_large_image","twitter_creator":"@radioljubuski","twitter_site":"@radioljubuski","twitter_misc":{"Napisao\/la":"Radio Ljubu\u0161ki","Procijenjeno vrijeme \u010ditanja":"4 minute"},"schema":{"@context":"https:\/\/schema.org","@graph":[{"@type":"Article","@id":"https:\/\/radioljubuski.ba\/index.php\/2022\/03\/11\/hrvati-u-svijetu-mirko-i-stjepan-seljan\/#article","isPartOf":{"@id":"https:\/\/radioljubuski.ba\/index.php\/2022\/03\/11\/hrvati-u-svijetu-mirko-i-stjepan-seljan\/"},"author":{"name":"Radio Ljubu\u0161ki","@id":"https:\/\/radioljubuski.ba\/#\/schema\/person\/19fc700381a780f69665d7956c469e3b"},"headline":"Hrvati u svijetu: Mirko i Stjepan Seljan","datePublished":"2022-03-11T00:54:08+00:00","mainEntityOfPage":{"@id":"https:\/\/radioljubuski.ba\/index.php\/2022\/03\/11\/hrvati-u-svijetu-mirko-i-stjepan-seljan\/"},"wordCount":768,"publisher":{"@id":"https:\/\/radioljubuski.ba\/#organization"},"image":{"@id":"https:\/\/radioljubuski.ba\/index.php\/2022\/03\/11\/hrvati-u-svijetu-mirko-i-stjepan-seljan\/#primaryimage"},"thumbnailUrl":"https:\/\/radioljubuski.ba\/wp-content\/uploads\/2022\/03\/Braca_Seljan.jpg","articleSection":["BIH i regija"],"inLanguage":"hr"},{"@type":"WebPage","@id":"https:\/\/radioljubuski.ba\/index.php\/2022\/03\/11\/hrvati-u-svijetu-mirko-i-stjepan-seljan\/","url":"https:\/\/radioljubuski.ba\/index.php\/2022\/03\/11\/hrvati-u-svijetu-mirko-i-stjepan-seljan\/","name":"Hrvati u svijetu: Mirko i Stjepan Seljan - RADIO LJUBU\u0160KI","isPartOf":{"@id":"https:\/\/radioljubuski.ba\/#website"},"primaryImageOfPage":{"@id":"https:\/\/radioljubuski.ba\/index.php\/2022\/03\/11\/hrvati-u-svijetu-mirko-i-stjepan-seljan\/#primaryimage"},"image":{"@id":"https:\/\/radioljubuski.ba\/index.php\/2022\/03\/11\/hrvati-u-svijetu-mirko-i-stjepan-seljan\/#primaryimage"},"thumbnailUrl":"https:\/\/radioljubuski.ba\/wp-content\/uploads\/2022\/03\/Braca_Seljan.jpg","datePublished":"2022-03-11T00:54:08+00:00","breadcrumb":{"@id":"https:\/\/radioljubuski.ba\/index.php\/2022\/03\/11\/hrvati-u-svijetu-mirko-i-stjepan-seljan\/#breadcrumb"},"inLanguage":"hr","potentialAction":[{"@type":"ReadAction","target":["https:\/\/radioljubuski.ba\/index.php\/2022\/03\/11\/hrvati-u-svijetu-mirko-i-stjepan-seljan\/"]}]},{"@type":"ImageObject","inLanguage":"hr","@id":"https:\/\/radioljubuski.ba\/index.php\/2022\/03\/11\/hrvati-u-svijetu-mirko-i-stjepan-seljan\/#primaryimage","url":"https:\/\/radioljubuski.ba\/wp-content\/uploads\/2022\/03\/Braca_Seljan.jpg","contentUrl":"https:\/\/radioljubuski.ba\/wp-content\/uploads\/2022\/03\/Braca_Seljan.jpg","width":829,"height":600,"caption":"SELJAN, Stevo i Mirko"},{"@type":"BreadcrumbList","@id":"https:\/\/radioljubuski.ba\/index.php\/2022\/03\/11\/hrvati-u-svijetu-mirko-i-stjepan-seljan\/#breadcrumb","itemListElement":[{"@type":"ListItem","position":1,"name":"Po\u010detna stranica","item":"https:\/\/radioljubuski.ba\/"},{"@type":"ListItem","position":2,"name":"Hrvati u svijetu: Mirko i Stjepan Seljan"}]},{"@type":"WebSite","@id":"https:\/\/radioljubuski.ba\/#website","url":"https:\/\/radioljubuski.ba\/","name":"Radio Ljubu\u0161ki","description":"Sun\u010dana frekvencija Hercegovine","publisher":{"@id":"https:\/\/radioljubuski.ba\/#organization"},"potentialAction":[{"@type":"SearchAction","target":{"@type":"EntryPoint","urlTemplate":"https:\/\/radioljubuski.ba\/?s={search_term_string}"},"query-input":{"@type":"PropertyValueSpecification","valueRequired":true,"valueName":"search_term_string"}}],"inLanguage":"hr"},{"@type":"Organization","@id":"https:\/\/radioljubuski.ba\/#organization","name":"Radio Ljubu\u0161ki","url":"https:\/\/radioljubuski.ba\/","logo":{"@type":"ImageObject","inLanguage":"hr","@id":"https:\/\/radioljubuski.ba\/#\/schema\/logo\/image\/","url":"https:\/\/radioljubuski.ba\/wp-content\/uploads\/2021\/02\/cropped-Radio_Ljubuski_logo1.jpg","contentUrl":"https:\/\/radioljubuski.ba\/wp-content\/uploads\/2021\/02\/cropped-Radio_Ljubuski_logo1.jpg","width":512,"height":512,"caption":"Radio Ljubu\u0161ki"},"image":{"@id":"https:\/\/radioljubuski.ba\/#\/schema\/logo\/image\/"},"sameAs":["https:\/\/www.facebook.com\/Radiio-Ljubuski-1490835324566332","https:\/\/x.com\/radioljubuski","https:\/\/hr.linkedin.com\/company\/radio-ljubuski","https:\/\/www.youtube.com\/channel\/UCHYaeO_n0Db3tjNGudGpXyw"]},{"@type":"Person","@id":"https:\/\/radioljubuski.ba\/#\/schema\/person\/19fc700381a780f69665d7956c469e3b","name":"Radio Ljubu\u0161ki"}]}},"_links":{"self":[{"href":"https:\/\/radioljubuski.ba\/index.php\/wp-json\/wp\/v2\/posts\/120290","targetHints":{"allow":["GET"]}}],"collection":[{"href":"https:\/\/radioljubuski.ba\/index.php\/wp-json\/wp\/v2\/posts"}],"about":[{"href":"https:\/\/radioljubuski.ba\/index.php\/wp-json\/wp\/v2\/types\/post"}],"author":[{"embeddable":true,"href":"https:\/\/radioljubuski.ba\/index.php\/wp-json\/wp\/v2\/users\/2"}],"replies":[{"embeddable":true,"href":"https:\/\/radioljubuski.ba\/index.php\/wp-json\/wp\/v2\/comments?post=120290"}],"version-history":[{"count":1,"href":"https:\/\/radioljubuski.ba\/index.php\/wp-json\/wp\/v2\/posts\/120290\/revisions"}],"predecessor-version":[{"id":120292,"href":"https:\/\/radioljubuski.ba\/index.php\/wp-json\/wp\/v2\/posts\/120290\/revisions\/120292"}],"wp:featuredmedia":[{"embeddable":true,"href":"https:\/\/radioljubuski.ba\/index.php\/wp-json\/wp\/v2\/media\/120291"}],"wp:attachment":[{"href":"https:\/\/radioljubuski.ba\/index.php\/wp-json\/wp\/v2\/media?parent=120290"}],"wp:term":[{"taxonomy":"category","embeddable":true,"href":"https:\/\/radioljubuski.ba\/index.php\/wp-json\/wp\/v2\/categories?post=120290"},{"taxonomy":"post_tag","embeddable":true,"href":"https:\/\/radioljubuski.ba\/index.php\/wp-json\/wp\/v2\/tags?post=120290"}],"curies":[{"name":"wp","href":"https:\/\/api.w.org\/{rel}","templated":true}]}}