{"id":120296,"date":"2022-03-11T01:59:54","date_gmt":"2022-03-11T00:59:54","guid":{"rendered":"https:\/\/radioljubuski.ba\/?p=120296"},"modified":"2022-03-11T01:59:54","modified_gmt":"2022-03-11T00:59:54","slug":"hrvati-u-svijetu-henry-suzzallo","status":"publish","type":"post","link":"https:\/\/radioljubuski.ba\/index.php\/2022\/03\/11\/hrvati-u-svijetu-henry-suzzallo\/","title":{"rendered":"Hrvati u svijetu: Henry Suzzallo"},"content":{"rendered":"\n<p><em>Hrvati i njihovi potomci rasuti su po svijetu kao zvijezde po nebeskom svodu. Neki od njih vidljiviji su od drugih, kao i zvijezde, barem za neko vrijeme. Za vas sam prikupio crtice iz \u017eivota onih koje sam tako rekav\u0161i \u201eu hodu\u201c zapazio i o njima iz raznih izvora pone\u0161to zabilje\u017eio. Poneke sam od njih i poznavao. A ovdje ih vi mo\u017eete sve upoznati i vidjeti da u tom na\u0161em rodu i narodu ima stvarno nadarenih, radi\u0161nih i uspje\u0161nih pojedinaca diljem kugle zemaljske. Lijepo je (do)znati tko su ti na\u0161i sunarodnjaci i biti ponosan na njih. Svatko je od njih na svoj na\u010din obogatio svijet&#8230;<\/em><\/p>\n\n\n\n<p><em>Me\u0111u ovim kratkim \u017eivotopisima pro\u010ditat \u0107ete o ljudima vrlo razli\u010ditih zvanja i iz raznih krajeva svijeta. Ali sve ih povezuju hrvatski korijeni. Svi su bili ponosni na ono \u0161to su ponijeli iz domovine ili naslijedili od svojih roditelja, djedova i baka \u2013 od doma\u0107ih jela i obiteljskih tradicija do hrvatske kulture op\u0107enito. Ali ima i jo\u0161 ne\u0161to \u0161to oni imaju zajedni\u010dko: prepoznali su svoje talente i imali \u017eivotne ciljeve, te bili radi\u0161ni, strpljivi i uporni u njihovu ostvarenju. Znali su da prirodna nadarenost nije dovoljna za velika postignu\u0107a. To je samo temelj na kojemu treba graditi, ustrajno rade\u0107i, ono \u0161to \u017eelimo u \u017eivotu posti\u0107i. Bili oni znanstvenici, glumci, pjeva\u010di, \u0161porta\u0161i&#8230; njihova je zvijezda zasjala i postala vidljiva jer su \u201ebrusili\u201c sami sebe, i to uz velike napore i \u017ertve.<\/em><\/p>\n\n\n\n<p>Ante \u010cuvalo,&nbsp;<em>Hrvati u svijetu \u2013 101 \u017eivotopis za \u0161kolarce (i roditelje)<\/em>, CroLibertas Publishers, 2017.<\/p>\n\n\n\n<h1 class=\"wp-block-heading\"><strong>Henry Suzzallo (1875. \u2013 1993.)<br>reformator \u0161kolstva i pedagog<\/strong><\/h1>\n\n\n\n<p>Suzzallo?! Re\u0107i \u0107ete, a tko ti je taj! Ni \u010duli nismo za nekakva Hrvata i to podrijetlom iz Hercegovine, s takvim imenom i prezimenom. \u0160to \u0107ete, razi\u0161li smo se po svijetu i, vjerujte, ima nas u \u201eizdanjima\u201c svake vrste. Davala se i daju tu\u0111a imena i mijenjala se prezimena, iz potrebe i iz mode, ali ipak su to korijeni starog hrvatskog panja. Mo\u017eda nam to ne zna\u010di puno, ali eto, drago nam je da su ti uspje\u0161ni, pa i slavni ljudi ipak hrvatske gore list! Jedan od tih na\u0161ih po krvi sunarodnjaka s engleskim imenom i \u010dudnim prezimenom bio je Henry Suzzallo, jedan od najpoznatijih pedagoga svog vremena u Americi.<\/p>\n\n\n\n<p>Svojatanje slavnih ljudi i tu\u0111eg kulturnog bogatstva (a bome i zemlje) nama je, na\u017ealost, jako dobro poznato. Tako Talijani, pa i Srbi, svojataju na\u0161eg Henryja. Talijani valjda radi prezimena koje zvu\u010di talijansko. Interesantno je zamijetiti da je Suzzallo bio jedan od \u0161estorice ameri\u010dkih tada \u017eivu\u0107ih znanstvenika kojima je Mussolini dodijelio visoka odli\u010dja \u010dim je do\u0161ao na vlast. Naravno, htio ga je time potalijan\u010diti. A i danas u talijansko-ameri\u010dkim pri\u010dama stalno se ponavlja da je Suzzallo bio talijanskog podrijetla. I Srbi, po starom obi\u010daju, svojataju svakoga i sve, posebice kad se ti\u010de Hrvata. Suzzalla svojataju i zbog tog \u0161to je bio podrijetlom iz Hercegovine, kao i Ru\u0111era Bo\u0161kovi\u0107a.<\/p>\n\n\n\n<p>Ali zahvaljuju\u0107i hrvatskom novinaru Ivi Lu\u010di\u0107u, znamo da je Henry Suzzallo podrijetlom od plemena Zucalo iz Ravnog u Hercegovini. Njegov otac Petar Zucalo, ro\u0111en 1827., oti\u0161ao je u Ameriku polovicom 19. stolje\u0107a i kad mu je bilo 40 godina vratio se doma, o\u017eenio se i zatim sa suprugom Anom ponovo oti\u0161ao u Kaliforniju.<\/p>\n\n\n\n<p>Obitelj Zucalo imala je devetero djece, a jedno od njih postade u Americi slavni Henry Suzzallo. Henry je ro\u0111en u Kaliforniji 1875. godine. Kako je bio slabunjava zdravlja, roditelji su zaklju\u010dili da on nije za fizi\u010dki posao pa su ga poslali u \u0161kolu. Neka mali u\u010di pa valjda \u0107e ne\u0161to od njega biti! Tako je Henry bio jedino dijete u obitelji koje je zavr\u0161ilo vi\u0161e \u0161kole. Lako je po\u0107i u \u0161kolu, ali trebalo je i zavr\u0161iti, a to uzme volje, rada i samodiscipline. Tu je ono gdje mnogi \u0111aci i studenti zataje, dok se Henry dokazao kao uman, radi\u0161an, razborit i dosljedan mladi \u010dovjek.<\/p>\n\n\n\n<p>Slaba\u0161ni Henry postade odli\u010dan student, slavan znanstvenik, dobar administrator i veoma cijenjen \u010dovjek. Fakultet je zavr\u0161io na poznatom Stanford sveu\u010dili\u0161tu (Kalifornija), a magistrirao je i doktorirao na Columbia sveu\u010dili\u0161tu u New Yorku. Svoje studije posvetio je prou\u010davanju sociologije \u0161kolskog odgoja.<\/p>\n\n\n\n<p>Nakon zavr\u0161enih poslijediplomskih studija, kra\u0107e vrijeme bio je zamjenik predstojnika (deputy superintendent) \u0161kolstva u San Franciscu, zatim profesor na Stanfordu, te profesor na Columbia sveu\u010dili\u0161tu, a 1915. postade rektor Washington sveu\u010dili\u0161ta u gradu Seattleu, dr\u017eava Washington na zapadnoj obali Amerike. Henry je potom dobivao ponude od raznih sveu\u010dili\u0161ta i znanstvenih ustanova, nudili su mu i puno ve\u0107u pla\u0107u, ali on se posvetio poslu rektora. Za vrijeme njegove uprave sveu\u010dili\u0161te je naglo raslo u svemu: broj studenata, profesora, nove zgrade, novi fakulteti, bolje pla\u0107e za profesore. Henry je bio temeljit u svom radu i uspjesi nisu izostajali.<\/p>\n\n\n\n<p>Amerika je u\u0161la u Prvi svjetski rat (1917.), a Suzzalla su svi tra\u017eili da bude u raznim ratnim odborima. Postade on, me\u0111u ostalim, predsjedatelj i Dr\u017eavnog vije\u0107a za obranu, te je i predsjednik Wilson od njega primao savjete.<\/p>\n\n\n\n<p>U godini 1919. do\u0111e do velikog \u0161trajka radnika u dr\u017eavi Washington. Tko \u0107e posredovati i tra\u017eiti izlaza iz te krize nego Henry? Ali kad se \u010dovjek na\u0111e posrednikom izme\u0111u dva zara\u0107ena tabora, lako se jednom od njih zamjeri. Na\u0161 Henry podr\u017ea prava radnika i poslovni ljudi mu to ne oprosti\u0161e. Jedan od tih mo\u0107nih protivnika postade 1924. guverner dr\u017eave Washington te odmah zatra\u017ei da Suzzallo dadne ostavku. Budu\u0107i da Henry nije htio napravit taj korak, guverner je imenovao nove \u010dlanove sveu\u010dili\u0161nog vije\u0107a koji su ga dvije godine kasnije otpustili, naime umirovili. Studenti se organizira\u0161e i bili su voljni po\u0107i na \u0161trajk da bi i na taj drasti\u010dan na\u010din podr\u017eali svog omiljenog rektora, ali Suzzallo ih odgovori od tih namjera. On ih uvjeri da nije svijet propao ako ih on mora napustiti, nego da studiraju i rade svoje posao.<\/p>\n\n\n\n<p>Mnoge znanstvene ustanove nadale su se da \u0107e im se Henry pridru\u017eiti, ali on se odlu\u010di za poznatu Carnegie zakladu za napredak \u0161kolstva i nakon samo nekoliko godina (1930.) postade joj i predsjednik. Suzzallo, premda dobro ucijepljen u ameri\u010dki \u017eivot, imao je pone\u0161to kontakta i sa hrvatskim doseljenicima u gradu Seattleu. Godine 1928. posjetio je tada\u0161nju kraljevinu SHS i, me\u0111u ostalim, odr\u017eao je predavanje na zagreba\u010dkom sveu\u010dili\u0161tu o \u0161kolstvu u Americi.<\/p>\n\n\n\n<p>Na\u017ealost, ve\u0107 1933. Suzzallo je umro od sr\u010danog napada u Seattleu. Samo nekoliko dana potom, na zahtjev studenta i njegovih prijatelja, glavna sveu\u010dili\u0161na knji\u017enica u veli\u010danstvenoj goti\u010dkoj zgradi, kojoj je bila otpo\u010deta gradnja u vrijeme kad je on bio rektor, preimenovana je u \u201eKnji\u017enicu Henry Suzzalo\u201c. To ime nosi i danas. Ona je dostojan spomenik tom velikom ameri\u010dkom pedagogu, koji je potomak hercegova\u010dkog i hrvatskog kamenjara.<\/p>\n\n\n\n<p>dr.&nbsp;<strong>A<\/strong>nte&nbsp;<strong>\u010c<\/strong>uvalo<\/p>\n\n\n\n<p>izvor:hkv.hr<\/p>\n","protected":false},"excerpt":{"rendered":"<p>Hrvati i njihovi potomci rasuti su po svijetu kao zvijezde po nebeskom svodu. Neki od njih vidljiviji su od drugih, kao i zvijezde, barem za neko vrijeme. Za vas sam prikupio crtice iz \u017eivota onih koje sam tako rekav\u0161i \u201eu hodu\u201c zapazio i o njima iz raznih izvora pone\u0161to zabilje\u017eio. Poneke sam od njih i [&hellip;]<\/p>\n","protected":false},"author":2,"featured_media":120297,"comment_status":"closed","ping_status":"closed","sticky":false,"template":"","format":"standard","meta":{"h5ap_radio_sources":[],"footnotes":""},"categories":[1],"tags":[],"class_list":["post-120296","post","type-post","status-publish","format-standard","has-post-thumbnail","hentry","category-bihiregija"],"yoast_head":"<!-- This site is optimized with the Yoast SEO plugin v27.5 - https:\/\/yoast.com\/product\/yoast-seo-wordpress\/ -->\n<title>Hrvati u svijetu: Henry Suzzallo - RADIO LJUBU\u0160KI<\/title>\n<meta name=\"robots\" content=\"index, follow, max-snippet:-1, max-image-preview:large, max-video-preview:-1\" \/>\n<link rel=\"canonical\" href=\"https:\/\/radioljubuski.ba\/index.php\/2022\/03\/11\/hrvati-u-svijetu-henry-suzzallo\/\" \/>\n<meta property=\"og:locale\" content=\"hr_HR\" \/>\n<meta property=\"og:type\" content=\"article\" \/>\n<meta property=\"og:title\" content=\"Hrvati u svijetu: Henry Suzzallo - RADIO LJUBU\u0160KI\" \/>\n<meta property=\"og:description\" content=\"Hrvati i njihovi potomci rasuti su po svijetu kao zvijezde po nebeskom svodu. Neki od njih vidljiviji su od drugih, kao i zvijezde, barem za neko vrijeme. Za vas sam prikupio crtice iz \u017eivota onih koje sam tako rekav\u0161i \u201eu hodu\u201c zapazio i o njima iz raznih izvora pone\u0161to zabilje\u017eio. Poneke sam od njih i [&hellip;]\" \/>\n<meta property=\"og:url\" content=\"https:\/\/radioljubuski.ba\/index.php\/2022\/03\/11\/hrvati-u-svijetu-henry-suzzallo\/\" \/>\n<meta property=\"og:site_name\" content=\"RADIO LJUBU\u0160KI\" \/>\n<meta property=\"article:publisher\" content=\"https:\/\/www.facebook.com\/Radiio-Ljubuski-1490835324566332\" \/>\n<meta property=\"article:published_time\" content=\"2022-03-11T00:59:54+00:00\" \/>\n<meta property=\"og:image\" content=\"https:\/\/radioljubuski.ba\/wp-content\/uploads\/2022\/03\/HenrySuzzallo_1.jpg\" \/>\n\t<meta property=\"og:image:width\" content=\"260\" \/>\n\t<meta property=\"og:image:height\" content=\"348\" \/>\n\t<meta property=\"og:image:type\" content=\"image\/jpeg\" \/>\n<meta name=\"author\" content=\"Radio Ljubu\u0161ki\" \/>\n<meta name=\"twitter:card\" content=\"summary_large_image\" \/>\n<meta name=\"twitter:creator\" content=\"@radioljubuski\" \/>\n<meta name=\"twitter:site\" content=\"@radioljubuski\" \/>\n<meta name=\"twitter:label1\" content=\"Napisao\/la\" \/>\n\t<meta name=\"twitter:data1\" content=\"Radio Ljubu\u0161ki\" \/>\n\t<meta name=\"twitter:label2\" content=\"Procijenjeno vrijeme \u010ditanja\" \/>\n\t<meta name=\"twitter:data2\" content=\"5 minuta\" \/>\n<script type=\"application\/ld+json\" class=\"yoast-schema-graph\">{\"@context\":\"https:\\\/\\\/schema.org\",\"@graph\":[{\"@type\":\"Article\",\"@id\":\"https:\\\/\\\/radioljubuski.ba\\\/index.php\\\/2022\\\/03\\\/11\\\/hrvati-u-svijetu-henry-suzzallo\\\/#article\",\"isPartOf\":{\"@id\":\"https:\\\/\\\/radioljubuski.ba\\\/index.php\\\/2022\\\/03\\\/11\\\/hrvati-u-svijetu-henry-suzzallo\\\/\"},\"author\":{\"name\":\"Radio Ljubu\u0161ki\",\"@id\":\"https:\\\/\\\/radioljubuski.ba\\\/#\\\/schema\\\/person\\\/19fc700381a780f69665d7956c469e3b\"},\"headline\":\"Hrvati u svijetu: Henry Suzzallo\",\"datePublished\":\"2022-03-11T00:59:54+00:00\",\"mainEntityOfPage\":{\"@id\":\"https:\\\/\\\/radioljubuski.ba\\\/index.php\\\/2022\\\/03\\\/11\\\/hrvati-u-svijetu-henry-suzzallo\\\/\"},\"wordCount\":1208,\"publisher\":{\"@id\":\"https:\\\/\\\/radioljubuski.ba\\\/#organization\"},\"image\":{\"@id\":\"https:\\\/\\\/radioljubuski.ba\\\/index.php\\\/2022\\\/03\\\/11\\\/hrvati-u-svijetu-henry-suzzallo\\\/#primaryimage\"},\"thumbnailUrl\":\"https:\\\/\\\/radioljubuski.ba\\\/wp-content\\\/uploads\\\/2022\\\/03\\\/HenrySuzzallo_1.jpg\",\"articleSection\":[\"BIH i regija\"],\"inLanguage\":\"hr\"},{\"@type\":\"WebPage\",\"@id\":\"https:\\\/\\\/radioljubuski.ba\\\/index.php\\\/2022\\\/03\\\/11\\\/hrvati-u-svijetu-henry-suzzallo\\\/\",\"url\":\"https:\\\/\\\/radioljubuski.ba\\\/index.php\\\/2022\\\/03\\\/11\\\/hrvati-u-svijetu-henry-suzzallo\\\/\",\"name\":\"Hrvati u svijetu: Henry Suzzallo - RADIO LJUBU\u0160KI\",\"isPartOf\":{\"@id\":\"https:\\\/\\\/radioljubuski.ba\\\/#website\"},\"primaryImageOfPage\":{\"@id\":\"https:\\\/\\\/radioljubuski.ba\\\/index.php\\\/2022\\\/03\\\/11\\\/hrvati-u-svijetu-henry-suzzallo\\\/#primaryimage\"},\"image\":{\"@id\":\"https:\\\/\\\/radioljubuski.ba\\\/index.php\\\/2022\\\/03\\\/11\\\/hrvati-u-svijetu-henry-suzzallo\\\/#primaryimage\"},\"thumbnailUrl\":\"https:\\\/\\\/radioljubuski.ba\\\/wp-content\\\/uploads\\\/2022\\\/03\\\/HenrySuzzallo_1.jpg\",\"datePublished\":\"2022-03-11T00:59:54+00:00\",\"breadcrumb\":{\"@id\":\"https:\\\/\\\/radioljubuski.ba\\\/index.php\\\/2022\\\/03\\\/11\\\/hrvati-u-svijetu-henry-suzzallo\\\/#breadcrumb\"},\"inLanguage\":\"hr\",\"potentialAction\":[{\"@type\":\"ReadAction\",\"target\":[\"https:\\\/\\\/radioljubuski.ba\\\/index.php\\\/2022\\\/03\\\/11\\\/hrvati-u-svijetu-henry-suzzallo\\\/\"]}]},{\"@type\":\"ImageObject\",\"inLanguage\":\"hr\",\"@id\":\"https:\\\/\\\/radioljubuski.ba\\\/index.php\\\/2022\\\/03\\\/11\\\/hrvati-u-svijetu-henry-suzzallo\\\/#primaryimage\",\"url\":\"https:\\\/\\\/radioljubuski.ba\\\/wp-content\\\/uploads\\\/2022\\\/03\\\/HenrySuzzallo_1.jpg\",\"contentUrl\":\"https:\\\/\\\/radioljubuski.ba\\\/wp-content\\\/uploads\\\/2022\\\/03\\\/HenrySuzzallo_1.jpg\",\"width\":260,\"height\":348},{\"@type\":\"BreadcrumbList\",\"@id\":\"https:\\\/\\\/radioljubuski.ba\\\/index.php\\\/2022\\\/03\\\/11\\\/hrvati-u-svijetu-henry-suzzallo\\\/#breadcrumb\",\"itemListElement\":[{\"@type\":\"ListItem\",\"position\":1,\"name\":\"Po\u010detna stranica\",\"item\":\"https:\\\/\\\/radioljubuski.ba\\\/\"},{\"@type\":\"ListItem\",\"position\":2,\"name\":\"Hrvati u svijetu: Henry Suzzallo\"}]},{\"@type\":\"WebSite\",\"@id\":\"https:\\\/\\\/radioljubuski.ba\\\/#website\",\"url\":\"https:\\\/\\\/radioljubuski.ba\\\/\",\"name\":\"Radio Ljubu\u0161ki\",\"description\":\"Sun\u010dana frekvencija Hercegovine\",\"publisher\":{\"@id\":\"https:\\\/\\\/radioljubuski.ba\\\/#organization\"},\"potentialAction\":[{\"@type\":\"SearchAction\",\"target\":{\"@type\":\"EntryPoint\",\"urlTemplate\":\"https:\\\/\\\/radioljubuski.ba\\\/?s={search_term_string}\"},\"query-input\":{\"@type\":\"PropertyValueSpecification\",\"valueRequired\":true,\"valueName\":\"search_term_string\"}}],\"inLanguage\":\"hr\"},{\"@type\":\"Organization\",\"@id\":\"https:\\\/\\\/radioljubuski.ba\\\/#organization\",\"name\":\"Radio Ljubu\u0161ki\",\"url\":\"https:\\\/\\\/radioljubuski.ba\\\/\",\"logo\":{\"@type\":\"ImageObject\",\"inLanguage\":\"hr\",\"@id\":\"https:\\\/\\\/radioljubuski.ba\\\/#\\\/schema\\\/logo\\\/image\\\/\",\"url\":\"https:\\\/\\\/radioljubuski.ba\\\/wp-content\\\/uploads\\\/2021\\\/02\\\/cropped-Radio_Ljubuski_logo1.jpg\",\"contentUrl\":\"https:\\\/\\\/radioljubuski.ba\\\/wp-content\\\/uploads\\\/2021\\\/02\\\/cropped-Radio_Ljubuski_logo1.jpg\",\"width\":512,\"height\":512,\"caption\":\"Radio Ljubu\u0161ki\"},\"image\":{\"@id\":\"https:\\\/\\\/radioljubuski.ba\\\/#\\\/schema\\\/logo\\\/image\\\/\"},\"sameAs\":[\"https:\\\/\\\/www.facebook.com\\\/Radiio-Ljubuski-1490835324566332\",\"https:\\\/\\\/x.com\\\/radioljubuski\",\"https:\\\/\\\/hr.linkedin.com\\\/company\\\/radio-ljubuski\",\"https:\\\/\\\/www.youtube.com\\\/channel\\\/UCHYaeO_n0Db3tjNGudGpXyw\"]},{\"@type\":\"Person\",\"@id\":\"https:\\\/\\\/radioljubuski.ba\\\/#\\\/schema\\\/person\\\/19fc700381a780f69665d7956c469e3b\",\"name\":\"Radio Ljubu\u0161ki\"}]}<\/script>\n<!-- \/ Yoast SEO plugin. -->","yoast_head_json":{"title":"Hrvati u svijetu: Henry Suzzallo - RADIO LJUBU\u0160KI","robots":{"index":"index","follow":"follow","max-snippet":"max-snippet:-1","max-image-preview":"max-image-preview:large","max-video-preview":"max-video-preview:-1"},"canonical":"https:\/\/radioljubuski.ba\/index.php\/2022\/03\/11\/hrvati-u-svijetu-henry-suzzallo\/","og_locale":"hr_HR","og_type":"article","og_title":"Hrvati u svijetu: Henry Suzzallo - RADIO LJUBU\u0160KI","og_description":"Hrvati i njihovi potomci rasuti su po svijetu kao zvijezde po nebeskom svodu. Neki od njih vidljiviji su od drugih, kao i zvijezde, barem za neko vrijeme. Za vas sam prikupio crtice iz \u017eivota onih koje sam tako rekav\u0161i \u201eu hodu\u201c zapazio i o njima iz raznih izvora pone\u0161to zabilje\u017eio. Poneke sam od njih i [&hellip;]","og_url":"https:\/\/radioljubuski.ba\/index.php\/2022\/03\/11\/hrvati-u-svijetu-henry-suzzallo\/","og_site_name":"RADIO LJUBU\u0160KI","article_publisher":"https:\/\/www.facebook.com\/Radiio-Ljubuski-1490835324566332","article_published_time":"2022-03-11T00:59:54+00:00","og_image":[{"width":260,"height":348,"url":"https:\/\/radioljubuski.ba\/wp-content\/uploads\/2022\/03\/HenrySuzzallo_1.jpg","type":"image\/jpeg"}],"author":"Radio Ljubu\u0161ki","twitter_card":"summary_large_image","twitter_creator":"@radioljubuski","twitter_site":"@radioljubuski","twitter_misc":{"Napisao\/la":"Radio Ljubu\u0161ki","Procijenjeno vrijeme \u010ditanja":"5 minuta"},"schema":{"@context":"https:\/\/schema.org","@graph":[{"@type":"Article","@id":"https:\/\/radioljubuski.ba\/index.php\/2022\/03\/11\/hrvati-u-svijetu-henry-suzzallo\/#article","isPartOf":{"@id":"https:\/\/radioljubuski.ba\/index.php\/2022\/03\/11\/hrvati-u-svijetu-henry-suzzallo\/"},"author":{"name":"Radio Ljubu\u0161ki","@id":"https:\/\/radioljubuski.ba\/#\/schema\/person\/19fc700381a780f69665d7956c469e3b"},"headline":"Hrvati u svijetu: Henry Suzzallo","datePublished":"2022-03-11T00:59:54+00:00","mainEntityOfPage":{"@id":"https:\/\/radioljubuski.ba\/index.php\/2022\/03\/11\/hrvati-u-svijetu-henry-suzzallo\/"},"wordCount":1208,"publisher":{"@id":"https:\/\/radioljubuski.ba\/#organization"},"image":{"@id":"https:\/\/radioljubuski.ba\/index.php\/2022\/03\/11\/hrvati-u-svijetu-henry-suzzallo\/#primaryimage"},"thumbnailUrl":"https:\/\/radioljubuski.ba\/wp-content\/uploads\/2022\/03\/HenrySuzzallo_1.jpg","articleSection":["BIH i regija"],"inLanguage":"hr"},{"@type":"WebPage","@id":"https:\/\/radioljubuski.ba\/index.php\/2022\/03\/11\/hrvati-u-svijetu-henry-suzzallo\/","url":"https:\/\/radioljubuski.ba\/index.php\/2022\/03\/11\/hrvati-u-svijetu-henry-suzzallo\/","name":"Hrvati u svijetu: Henry Suzzallo - RADIO LJUBU\u0160KI","isPartOf":{"@id":"https:\/\/radioljubuski.ba\/#website"},"primaryImageOfPage":{"@id":"https:\/\/radioljubuski.ba\/index.php\/2022\/03\/11\/hrvati-u-svijetu-henry-suzzallo\/#primaryimage"},"image":{"@id":"https:\/\/radioljubuski.ba\/index.php\/2022\/03\/11\/hrvati-u-svijetu-henry-suzzallo\/#primaryimage"},"thumbnailUrl":"https:\/\/radioljubuski.ba\/wp-content\/uploads\/2022\/03\/HenrySuzzallo_1.jpg","datePublished":"2022-03-11T00:59:54+00:00","breadcrumb":{"@id":"https:\/\/radioljubuski.ba\/index.php\/2022\/03\/11\/hrvati-u-svijetu-henry-suzzallo\/#breadcrumb"},"inLanguage":"hr","potentialAction":[{"@type":"ReadAction","target":["https:\/\/radioljubuski.ba\/index.php\/2022\/03\/11\/hrvati-u-svijetu-henry-suzzallo\/"]}]},{"@type":"ImageObject","inLanguage":"hr","@id":"https:\/\/radioljubuski.ba\/index.php\/2022\/03\/11\/hrvati-u-svijetu-henry-suzzallo\/#primaryimage","url":"https:\/\/radioljubuski.ba\/wp-content\/uploads\/2022\/03\/HenrySuzzallo_1.jpg","contentUrl":"https:\/\/radioljubuski.ba\/wp-content\/uploads\/2022\/03\/HenrySuzzallo_1.jpg","width":260,"height":348},{"@type":"BreadcrumbList","@id":"https:\/\/radioljubuski.ba\/index.php\/2022\/03\/11\/hrvati-u-svijetu-henry-suzzallo\/#breadcrumb","itemListElement":[{"@type":"ListItem","position":1,"name":"Po\u010detna stranica","item":"https:\/\/radioljubuski.ba\/"},{"@type":"ListItem","position":2,"name":"Hrvati u svijetu: Henry Suzzallo"}]},{"@type":"WebSite","@id":"https:\/\/radioljubuski.ba\/#website","url":"https:\/\/radioljubuski.ba\/","name":"Radio Ljubu\u0161ki","description":"Sun\u010dana frekvencija Hercegovine","publisher":{"@id":"https:\/\/radioljubuski.ba\/#organization"},"potentialAction":[{"@type":"SearchAction","target":{"@type":"EntryPoint","urlTemplate":"https:\/\/radioljubuski.ba\/?s={search_term_string}"},"query-input":{"@type":"PropertyValueSpecification","valueRequired":true,"valueName":"search_term_string"}}],"inLanguage":"hr"},{"@type":"Organization","@id":"https:\/\/radioljubuski.ba\/#organization","name":"Radio Ljubu\u0161ki","url":"https:\/\/radioljubuski.ba\/","logo":{"@type":"ImageObject","inLanguage":"hr","@id":"https:\/\/radioljubuski.ba\/#\/schema\/logo\/image\/","url":"https:\/\/radioljubuski.ba\/wp-content\/uploads\/2021\/02\/cropped-Radio_Ljubuski_logo1.jpg","contentUrl":"https:\/\/radioljubuski.ba\/wp-content\/uploads\/2021\/02\/cropped-Radio_Ljubuski_logo1.jpg","width":512,"height":512,"caption":"Radio Ljubu\u0161ki"},"image":{"@id":"https:\/\/radioljubuski.ba\/#\/schema\/logo\/image\/"},"sameAs":["https:\/\/www.facebook.com\/Radiio-Ljubuski-1490835324566332","https:\/\/x.com\/radioljubuski","https:\/\/hr.linkedin.com\/company\/radio-ljubuski","https:\/\/www.youtube.com\/channel\/UCHYaeO_n0Db3tjNGudGpXyw"]},{"@type":"Person","@id":"https:\/\/radioljubuski.ba\/#\/schema\/person\/19fc700381a780f69665d7956c469e3b","name":"Radio Ljubu\u0161ki"}]}},"_links":{"self":[{"href":"https:\/\/radioljubuski.ba\/index.php\/wp-json\/wp\/v2\/posts\/120296","targetHints":{"allow":["GET"]}}],"collection":[{"href":"https:\/\/radioljubuski.ba\/index.php\/wp-json\/wp\/v2\/posts"}],"about":[{"href":"https:\/\/radioljubuski.ba\/index.php\/wp-json\/wp\/v2\/types\/post"}],"author":[{"embeddable":true,"href":"https:\/\/radioljubuski.ba\/index.php\/wp-json\/wp\/v2\/users\/2"}],"replies":[{"embeddable":true,"href":"https:\/\/radioljubuski.ba\/index.php\/wp-json\/wp\/v2\/comments?post=120296"}],"version-history":[{"count":1,"href":"https:\/\/radioljubuski.ba\/index.php\/wp-json\/wp\/v2\/posts\/120296\/revisions"}],"predecessor-version":[{"id":120298,"href":"https:\/\/radioljubuski.ba\/index.php\/wp-json\/wp\/v2\/posts\/120296\/revisions\/120298"}],"wp:featuredmedia":[{"embeddable":true,"href":"https:\/\/radioljubuski.ba\/index.php\/wp-json\/wp\/v2\/media\/120297"}],"wp:attachment":[{"href":"https:\/\/radioljubuski.ba\/index.php\/wp-json\/wp\/v2\/media?parent=120296"}],"wp:term":[{"taxonomy":"category","embeddable":true,"href":"https:\/\/radioljubuski.ba\/index.php\/wp-json\/wp\/v2\/categories?post=120296"},{"taxonomy":"post_tag","embeddable":true,"href":"https:\/\/radioljubuski.ba\/index.php\/wp-json\/wp\/v2\/tags?post=120296"}],"curies":[{"name":"wp","href":"https:\/\/api.w.org\/{rel}","templated":true}]}}