{"id":120315,"date":"2022-03-11T10:59:55","date_gmt":"2022-03-11T09:59:55","guid":{"rendered":"https:\/\/radioljubuski.ba\/?p=120315"},"modified":"2022-03-11T11:07:29","modified_gmt":"2022-03-11T10:07:29","slug":"besposadna-letjelica-stigla-iz-zracnog-prostora-madarske-brzinom-od-700km-h","status":"publish","type":"post","link":"https:\/\/radioljubuski.ba\/index.php\/2022\/03\/11\/besposadna-letjelica-stigla-iz-zracnog-prostora-madarske-brzinom-od-700km-h\/","title":{"rendered":"&#8220;Besposadna letjelica stigla iz zra\u010dnog prostora Ma\u0111arske, brzinom od 700km\/h&#8221;"},"content":{"rendered":"\n<p>Nevjerojatan doga\u0111aj no\u0107as u Zagrebu. Oko 23 sata na Jarunu kod Studentskog doma &#8220;Stjepan Radi\u0107&#8221; pala je letjelica. Nastao je velik krater, prona\u0111eni su i padobrani. Nevjerojatna je sre\u0107a da nema ozlije\u0111enih. U tijeku je policijski o\u010devid. <\/p>\n\n\n\n<iframe loading=\"lazy\" src=\"https:\/\/www.facebook.com\/plugins\/video.php?href=https%3A%2F%2Fwww.facebook.com%2FHRTvijesti%2Fvideos%2F5194800143892857%2F&#038;show_text=0&#038;width=476\" width=\"476\" height=\"476\" style=\"border:none;overflow:hidden\" scrolling=\"no\" frameborder=\"0\" allowfullscreen=\"true\" allow=\"autoplay; clipboard-write; encrypted-media; picture-in-picture; web-share\" allowFullScreen=\"true\"><\/iframe>\n\n\n\n<p>Predsjednik Republike i vrhovni zapovjednik <strong>Zoran Milanovi\u0107 <\/strong>sazvao je u petak ujutro hitan sastanak s \u010delnicima Oru\u017eanih snaga RH i sigurnosno obavje\u0161tajnih agencija zbog pada besposadne letjelice vojnog tipa na podru\u010dju Zagreba.<\/p>\n\n\n\n<p>Na\u010delnik Glavnog sto\u017eera OSRH admiral <strong>Robert Hranj<\/strong>, ravnatelj Sigurnosno-obavje\u0161tajne agencije <strong>Daniel Marki\u0107<\/strong> i ravnatelj Vojne sigurnosno-obavje\u0161tajne agencije <strong>Ivica Kinder <\/strong>informirali su predsjednika Milanovi\u0107a o dosada\u0161njim saznanjima i okolnostima pada besposadne letjelice vojnog tipa na podru\u010dju grada Zagreba, izvijestili su kratko iz Ureda predsjednika.<\/p>\n\n\n\n<p>Uz predsjednika Milanovi\u0107a, na sastanku su bili predstojnik Ureda predsjednika<strong> Orsat Miljeni\u0107<\/strong>, savjetnik Predsjednika Republike na obranu i nacionalnu sigurnost<strong> Dragan Lozan\u010di\u0107 <\/strong>i savjetnik Predsjednika Republike za europsku i vanjsku politiku <strong>Neven Pelicari\u0107<\/strong>.<\/p>\n\n\n\n<p>U Uredu Vije\u0107a za nacionalnu sigurnost odr\u017ean je sastanak nadle\u017enih tijela sigurnosno-obrambenog sustava.<\/p>\n\n\n\n<p>Njihovo priop\u0107enje prenosimo u cijelosti:<\/p>\n\n\n\n<p>&#8220;U Uredu Vije\u0107a za nacionalnu sigurnost odr\u017ean je sastanak nadle\u017enih tijela sigurnosno-obrambenog sustava na kojem su sudjelovali potpredsjednik Vlade RH nadle\u017ean za nacionalnu sigurnost i ministar hrvatskih branitelja g. Medved, potpredsjednik Vlade RH i ministar unutarnjih poslova g. Bo\u017einovi\u0107, ministar obrane g. Bano\u017ei\u0107, ravnatelj Sigurnosno-obavje\u0161tajne agencije g. Marki\u0107, ravnatelj Vojne sigurnosno-obavje\u0161tajne agencije general-bojnik Kinder i predstojnik Ureda Vije\u0107a za nacionalnu sigurnost g. Franji\u0107.<\/p>\n\n\n\n<p>Sve nadle\u017ene slu\u017ebe uklju\u010dene su odmah po uo\u010denju pada bezposadne letjelice vojnog tipa koja je, prema dosad prikupljenim podacima, u hrvatski zra\u010dni prostor u\u0161la iz smjera istoka prema zapadu, odnosno iz zra\u010dnog prostora Ma\u0111arske, brzinom od 700km\/h na visini od 1300m.<\/p>\n\n\n\n<p>U tijeku je kriminalisti\u010dko istra\u017eivanje u suradnji kriminalisti\u010dke policije i vojne policije, a u koordinaciji sigurnosno-obrambenog sustava poduzimaju se i druge mjere, uklju\u010duju\u0107i i me\u0111unarodnu suradnju, posebice s NATO savezom, kako bi se utvrdile sve okolnosti doga\u0111aja.&#8221;<\/p>\n\n\n\n<p>Zagreba\u010dki gradona\u010delnik <strong>Tomislav Toma\u0161evi\u0107 <\/strong>komentirao je vijest da je u Zagrebu sino\u0107 oko 23 sata odjeknula sna\u017ena eksplozija kojoj je prethodio pad objekta iz zraka.<\/p>\n\n\n\n<p>&#8211; Znate ve\u0107 da se radi o letjelici \u010diji su fragmenti prona\u0111eni na nekoliko lokacija u Zagrebu. Ono \u0161to je najbitnije, nitko nije stradao. Mislim da je to stvarno sre\u0107a u nesre\u0107i &#8211; rekao je, dodav\u0161i kako se radi o relativno velikoj letjelici i vi\u0161e fragmenata na vi\u0161e lokacija.<\/p>\n\n\n\n<p>S obzirom na vrijeme kada se sru\u0161ila, nevjerojatna sre\u0107a je da nitko nije stradao &#8211; dodao je.<\/p>\n\n\n\n<p>Nadle\u017eno ministarstvo \u0107e se uskoro obratiti javnosti a \u017dupanijsko dr\u017eavno odvjetni\u0161tvo radi o\u010devid.<\/p>\n\n\n\n<p>&#8211; Trebamo pri\u010dekati daljnje slu\u017ebene informacije &#8211; rekao je.<\/p>\n\n\n\n<p>&#8211; Me\u0111utim ono \u0161to je klju\u010dno jest da strahove odagnamo, da nema zasad nikakvih informacija ni o kakvim eksplozivnim napravama niti o nekakvoj namjeri. Me\u0111utim utvr\u0111uju se okolnosti koje su najbitnije &#8211; tko je upravljao letjelicom i od kuda je ona do\u0161la &#8211; poru\u010dio je me\u0111u ostalim.<\/p>\n\n\n\n<p>Grad nadle\u017enim slu\u017ebama daje sve potrebne informacije, primjerice eo cijevima koje se nalaze blizu mjesta gdje je letjelica pala. Promet \u0107e neko vrijeme biti ote\u017ean na lokacijama gdje se nalaze dijelovi letjelice dok se ne zavr\u0161e svi o\u010devidi.<\/p>\n\n\n\n<p>U vezi toga \u0107e se uskoro obratiti dr\u017eavne slu\u017ebe, poru\u010dio je.<\/p>\n\n\n\n<iframe src=\"https:\/\/api.hrt.hr\/media\/c8\/9f\/tomasevic-zg-20220311085923.mp4\" style=\"width: 100%; height: 400px;\"><\/iframe>\n\n\n\n\n<p><strong>Izvor: HRT<\/strong><\/p>\n","protected":false},"excerpt":{"rendered":"<p>Nevjerojatan doga\u0111aj no\u0107as u Zagrebu. Oko 23 sata na Jarunu kod Studentskog doma &#8220;Stjepan Radi\u0107&#8221; pala je letjelica. Nastao je velik krater, prona\u0111eni su i padobrani. Nevjerojatna je sre\u0107a da nema ozlije\u0111enih. U tijeku je policijski o\u010devid. Predsjednik Republike i vrhovni zapovjednik Zoran Milanovi\u0107 sazvao je u petak ujutro hitan sastanak s \u010delnicima Oru\u017eanih snaga [&hellip;]<\/p>\n","protected":false},"author":2,"featured_media":120316,"comment_status":"closed","ping_status":"closed","sticky":false,"template":"","format":"standard","meta":{"h5ap_radio_sources":[],"footnotes":""},"categories":[1],"tags":[],"class_list":["post-120315","post","type-post","status-publish","format-standard","has-post-thumbnail","hentry","category-bihiregija"],"yoast_head":"<!-- This site is optimized with the Yoast SEO plugin v27.5 - https:\/\/yoast.com\/product\/yoast-seo-wordpress\/ -->\n<title>&quot;Besposadna letjelica stigla iz zra\u010dnog prostora Ma\u0111arske, brzinom od 700km\/h&quot; - RADIO LJUBU\u0160KI<\/title>\n<meta name=\"robots\" content=\"index, follow, max-snippet:-1, max-image-preview:large, max-video-preview:-1\" \/>\n<link rel=\"canonical\" href=\"https:\/\/radioljubuski.ba\/index.php\/2022\/03\/11\/besposadna-letjelica-stigla-iz-zracnog-prostora-madarske-brzinom-od-700km-h\/\" \/>\n<meta property=\"og:locale\" content=\"hr_HR\" \/>\n<meta property=\"og:type\" content=\"article\" \/>\n<meta property=\"og:title\" content=\"&quot;Besposadna letjelica stigla iz zra\u010dnog prostora Ma\u0111arske, brzinom od 700km\/h&quot; - RADIO LJUBU\u0160KI\" \/>\n<meta property=\"og:description\" content=\"Nevjerojatan doga\u0111aj no\u0107as u Zagrebu. Oko 23 sata na Jarunu kod Studentskog doma &#8220;Stjepan Radi\u0107&#8221; pala je letjelica. Nastao je velik krater, prona\u0111eni su i padobrani. Nevjerojatna je sre\u0107a da nema ozlije\u0111enih. U tijeku je policijski o\u010devid. Predsjednik Republike i vrhovni zapovjednik Zoran Milanovi\u0107 sazvao je u petak ujutro hitan sastanak s \u010delnicima Oru\u017eanih snaga [&hellip;]\" \/>\n<meta property=\"og:url\" content=\"https:\/\/radioljubuski.ba\/index.php\/2022\/03\/11\/besposadna-letjelica-stigla-iz-zracnog-prostora-madarske-brzinom-od-700km-h\/\" \/>\n<meta property=\"og:site_name\" content=\"RADIO LJUBU\u0160KI\" \/>\n<meta property=\"article:publisher\" content=\"https:\/\/www.facebook.com\/Radiio-Ljubuski-1490835324566332\" \/>\n<meta property=\"article:published_time\" content=\"2022-03-11T09:59:55+00:00\" \/>\n<meta property=\"article:modified_time\" content=\"2022-03-11T10:07:29+00:00\" \/>\n<meta property=\"og:image\" content=\"https:\/\/radioljubuski.ba\/wp-content\/uploads\/2022\/03\/letjelica.jpg\" \/>\n\t<meta property=\"og:image:width\" content=\"897\" \/>\n\t<meta property=\"og:image:height\" content=\"517\" \/>\n\t<meta property=\"og:image:type\" content=\"image\/jpeg\" \/>\n<meta name=\"author\" content=\"Radio Ljubu\u0161ki\" \/>\n<meta name=\"twitter:card\" content=\"summary_large_image\" \/>\n<meta name=\"twitter:creator\" content=\"@radioljubuski\" \/>\n<meta name=\"twitter:site\" content=\"@radioljubuski\" \/>\n<meta name=\"twitter:label1\" content=\"Napisao\/la\" \/>\n\t<meta name=\"twitter:data1\" content=\"Radio Ljubu\u0161ki\" \/>\n\t<meta name=\"twitter:label2\" content=\"Procijenjeno vrijeme \u010ditanja\" \/>\n\t<meta name=\"twitter:data2\" content=\"3 minute\" \/>\n<script type=\"application\/ld+json\" class=\"yoast-schema-graph\">{\"@context\":\"https:\\\/\\\/schema.org\",\"@graph\":[{\"@type\":\"Article\",\"@id\":\"https:\\\/\\\/radioljubuski.ba\\\/index.php\\\/2022\\\/03\\\/11\\\/besposadna-letjelica-stigla-iz-zracnog-prostora-madarske-brzinom-od-700km-h\\\/#article\",\"isPartOf\":{\"@id\":\"https:\\\/\\\/radioljubuski.ba\\\/index.php\\\/2022\\\/03\\\/11\\\/besposadna-letjelica-stigla-iz-zracnog-prostora-madarske-brzinom-od-700km-h\\\/\"},\"author\":{\"name\":\"Radio Ljubu\u0161ki\",\"@id\":\"https:\\\/\\\/radioljubuski.ba\\\/#\\\/schema\\\/person\\\/19fc700381a780f69665d7956c469e3b\"},\"headline\":\"&#8220;Besposadna letjelica stigla iz zra\u010dnog prostora Ma\u0111arske, brzinom od 700km\\\/h&#8221;\",\"datePublished\":\"2022-03-11T09:59:55+00:00\",\"dateModified\":\"2022-03-11T10:07:29+00:00\",\"mainEntityOfPage\":{\"@id\":\"https:\\\/\\\/radioljubuski.ba\\\/index.php\\\/2022\\\/03\\\/11\\\/besposadna-letjelica-stigla-iz-zracnog-prostora-madarske-brzinom-od-700km-h\\\/\"},\"wordCount\":606,\"publisher\":{\"@id\":\"https:\\\/\\\/radioljubuski.ba\\\/#organization\"},\"image\":{\"@id\":\"https:\\\/\\\/radioljubuski.ba\\\/index.php\\\/2022\\\/03\\\/11\\\/besposadna-letjelica-stigla-iz-zracnog-prostora-madarske-brzinom-od-700km-h\\\/#primaryimage\"},\"thumbnailUrl\":\"https:\\\/\\\/radioljubuski.ba\\\/wp-content\\\/uploads\\\/2022\\\/03\\\/letjelica.jpg\",\"articleSection\":[\"BIH i regija\"],\"inLanguage\":\"hr\"},{\"@type\":\"WebPage\",\"@id\":\"https:\\\/\\\/radioljubuski.ba\\\/index.php\\\/2022\\\/03\\\/11\\\/besposadna-letjelica-stigla-iz-zracnog-prostora-madarske-brzinom-od-700km-h\\\/\",\"url\":\"https:\\\/\\\/radioljubuski.ba\\\/index.php\\\/2022\\\/03\\\/11\\\/besposadna-letjelica-stigla-iz-zracnog-prostora-madarske-brzinom-od-700km-h\\\/\",\"name\":\"\\\"Besposadna letjelica stigla iz zra\u010dnog prostora Ma\u0111arske, brzinom od 700km\\\/h\\\" - RADIO LJUBU\u0160KI\",\"isPartOf\":{\"@id\":\"https:\\\/\\\/radioljubuski.ba\\\/#website\"},\"primaryImageOfPage\":{\"@id\":\"https:\\\/\\\/radioljubuski.ba\\\/index.php\\\/2022\\\/03\\\/11\\\/besposadna-letjelica-stigla-iz-zracnog-prostora-madarske-brzinom-od-700km-h\\\/#primaryimage\"},\"image\":{\"@id\":\"https:\\\/\\\/radioljubuski.ba\\\/index.php\\\/2022\\\/03\\\/11\\\/besposadna-letjelica-stigla-iz-zracnog-prostora-madarske-brzinom-od-700km-h\\\/#primaryimage\"},\"thumbnailUrl\":\"https:\\\/\\\/radioljubuski.ba\\\/wp-content\\\/uploads\\\/2022\\\/03\\\/letjelica.jpg\",\"datePublished\":\"2022-03-11T09:59:55+00:00\",\"dateModified\":\"2022-03-11T10:07:29+00:00\",\"breadcrumb\":{\"@id\":\"https:\\\/\\\/radioljubuski.ba\\\/index.php\\\/2022\\\/03\\\/11\\\/besposadna-letjelica-stigla-iz-zracnog-prostora-madarske-brzinom-od-700km-h\\\/#breadcrumb\"},\"inLanguage\":\"hr\",\"potentialAction\":[{\"@type\":\"ReadAction\",\"target\":[\"https:\\\/\\\/radioljubuski.ba\\\/index.php\\\/2022\\\/03\\\/11\\\/besposadna-letjelica-stigla-iz-zracnog-prostora-madarske-brzinom-od-700km-h\\\/\"]}]},{\"@type\":\"ImageObject\",\"inLanguage\":\"hr\",\"@id\":\"https:\\\/\\\/radioljubuski.ba\\\/index.php\\\/2022\\\/03\\\/11\\\/besposadna-letjelica-stigla-iz-zracnog-prostora-madarske-brzinom-od-700km-h\\\/#primaryimage\",\"url\":\"https:\\\/\\\/radioljubuski.ba\\\/wp-content\\\/uploads\\\/2022\\\/03\\\/letjelica.jpg\",\"contentUrl\":\"https:\\\/\\\/radioljubuski.ba\\\/wp-content\\\/uploads\\\/2022\\\/03\\\/letjelica.jpg\",\"width\":897,\"height\":517},{\"@type\":\"BreadcrumbList\",\"@id\":\"https:\\\/\\\/radioljubuski.ba\\\/index.php\\\/2022\\\/03\\\/11\\\/besposadna-letjelica-stigla-iz-zracnog-prostora-madarske-brzinom-od-700km-h\\\/#breadcrumb\",\"itemListElement\":[{\"@type\":\"ListItem\",\"position\":1,\"name\":\"Po\u010detna stranica\",\"item\":\"https:\\\/\\\/radioljubuski.ba\\\/\"},{\"@type\":\"ListItem\",\"position\":2,\"name\":\"&#8220;Besposadna letjelica stigla iz zra\u010dnog prostora Ma\u0111arske, brzinom od 700km\\\/h&#8221;\"}]},{\"@type\":\"WebSite\",\"@id\":\"https:\\\/\\\/radioljubuski.ba\\\/#website\",\"url\":\"https:\\\/\\\/radioljubuski.ba\\\/\",\"name\":\"Radio Ljubu\u0161ki\",\"description\":\"Sun\u010dana frekvencija Hercegovine\",\"publisher\":{\"@id\":\"https:\\\/\\\/radioljubuski.ba\\\/#organization\"},\"potentialAction\":[{\"@type\":\"SearchAction\",\"target\":{\"@type\":\"EntryPoint\",\"urlTemplate\":\"https:\\\/\\\/radioljubuski.ba\\\/?s={search_term_string}\"},\"query-input\":{\"@type\":\"PropertyValueSpecification\",\"valueRequired\":true,\"valueName\":\"search_term_string\"}}],\"inLanguage\":\"hr\"},{\"@type\":\"Organization\",\"@id\":\"https:\\\/\\\/radioljubuski.ba\\\/#organization\",\"name\":\"Radio Ljubu\u0161ki\",\"url\":\"https:\\\/\\\/radioljubuski.ba\\\/\",\"logo\":{\"@type\":\"ImageObject\",\"inLanguage\":\"hr\",\"@id\":\"https:\\\/\\\/radioljubuski.ba\\\/#\\\/schema\\\/logo\\\/image\\\/\",\"url\":\"https:\\\/\\\/radioljubuski.ba\\\/wp-content\\\/uploads\\\/2021\\\/02\\\/cropped-Radio_Ljubuski_logo1.jpg\",\"contentUrl\":\"https:\\\/\\\/radioljubuski.ba\\\/wp-content\\\/uploads\\\/2021\\\/02\\\/cropped-Radio_Ljubuski_logo1.jpg\",\"width\":512,\"height\":512,\"caption\":\"Radio Ljubu\u0161ki\"},\"image\":{\"@id\":\"https:\\\/\\\/radioljubuski.ba\\\/#\\\/schema\\\/logo\\\/image\\\/\"},\"sameAs\":[\"https:\\\/\\\/www.facebook.com\\\/Radiio-Ljubuski-1490835324566332\",\"https:\\\/\\\/x.com\\\/radioljubuski\",\"https:\\\/\\\/hr.linkedin.com\\\/company\\\/radio-ljubuski\",\"https:\\\/\\\/www.youtube.com\\\/channel\\\/UCHYaeO_n0Db3tjNGudGpXyw\"]},{\"@type\":\"Person\",\"@id\":\"https:\\\/\\\/radioljubuski.ba\\\/#\\\/schema\\\/person\\\/19fc700381a780f69665d7956c469e3b\",\"name\":\"Radio Ljubu\u0161ki\"}]}<\/script>\n<!-- \/ Yoast SEO plugin. -->","yoast_head_json":{"title":"\"Besposadna letjelica stigla iz zra\u010dnog prostora Ma\u0111arske, brzinom od 700km\/h\" - RADIO LJUBU\u0160KI","robots":{"index":"index","follow":"follow","max-snippet":"max-snippet:-1","max-image-preview":"max-image-preview:large","max-video-preview":"max-video-preview:-1"},"canonical":"https:\/\/radioljubuski.ba\/index.php\/2022\/03\/11\/besposadna-letjelica-stigla-iz-zracnog-prostora-madarske-brzinom-od-700km-h\/","og_locale":"hr_HR","og_type":"article","og_title":"\"Besposadna letjelica stigla iz zra\u010dnog prostora Ma\u0111arske, brzinom od 700km\/h\" - RADIO LJUBU\u0160KI","og_description":"Nevjerojatan doga\u0111aj no\u0107as u Zagrebu. Oko 23 sata na Jarunu kod Studentskog doma &#8220;Stjepan Radi\u0107&#8221; pala je letjelica. Nastao je velik krater, prona\u0111eni su i padobrani. Nevjerojatna je sre\u0107a da nema ozlije\u0111enih. U tijeku je policijski o\u010devid. Predsjednik Republike i vrhovni zapovjednik Zoran Milanovi\u0107 sazvao je u petak ujutro hitan sastanak s \u010delnicima Oru\u017eanih snaga [&hellip;]","og_url":"https:\/\/radioljubuski.ba\/index.php\/2022\/03\/11\/besposadna-letjelica-stigla-iz-zracnog-prostora-madarske-brzinom-od-700km-h\/","og_site_name":"RADIO LJUBU\u0160KI","article_publisher":"https:\/\/www.facebook.com\/Radiio-Ljubuski-1490835324566332","article_published_time":"2022-03-11T09:59:55+00:00","article_modified_time":"2022-03-11T10:07:29+00:00","og_image":[{"width":897,"height":517,"url":"https:\/\/radioljubuski.ba\/wp-content\/uploads\/2022\/03\/letjelica.jpg","type":"image\/jpeg"}],"author":"Radio Ljubu\u0161ki","twitter_card":"summary_large_image","twitter_creator":"@radioljubuski","twitter_site":"@radioljubuski","twitter_misc":{"Napisao\/la":"Radio Ljubu\u0161ki","Procijenjeno vrijeme \u010ditanja":"3 minute"},"schema":{"@context":"https:\/\/schema.org","@graph":[{"@type":"Article","@id":"https:\/\/radioljubuski.ba\/index.php\/2022\/03\/11\/besposadna-letjelica-stigla-iz-zracnog-prostora-madarske-brzinom-od-700km-h\/#article","isPartOf":{"@id":"https:\/\/radioljubuski.ba\/index.php\/2022\/03\/11\/besposadna-letjelica-stigla-iz-zracnog-prostora-madarske-brzinom-od-700km-h\/"},"author":{"name":"Radio Ljubu\u0161ki","@id":"https:\/\/radioljubuski.ba\/#\/schema\/person\/19fc700381a780f69665d7956c469e3b"},"headline":"&#8220;Besposadna letjelica stigla iz zra\u010dnog prostora Ma\u0111arske, brzinom od 700km\/h&#8221;","datePublished":"2022-03-11T09:59:55+00:00","dateModified":"2022-03-11T10:07:29+00:00","mainEntityOfPage":{"@id":"https:\/\/radioljubuski.ba\/index.php\/2022\/03\/11\/besposadna-letjelica-stigla-iz-zracnog-prostora-madarske-brzinom-od-700km-h\/"},"wordCount":606,"publisher":{"@id":"https:\/\/radioljubuski.ba\/#organization"},"image":{"@id":"https:\/\/radioljubuski.ba\/index.php\/2022\/03\/11\/besposadna-letjelica-stigla-iz-zracnog-prostora-madarske-brzinom-od-700km-h\/#primaryimage"},"thumbnailUrl":"https:\/\/radioljubuski.ba\/wp-content\/uploads\/2022\/03\/letjelica.jpg","articleSection":["BIH i regija"],"inLanguage":"hr"},{"@type":"WebPage","@id":"https:\/\/radioljubuski.ba\/index.php\/2022\/03\/11\/besposadna-letjelica-stigla-iz-zracnog-prostora-madarske-brzinom-od-700km-h\/","url":"https:\/\/radioljubuski.ba\/index.php\/2022\/03\/11\/besposadna-letjelica-stigla-iz-zracnog-prostora-madarske-brzinom-od-700km-h\/","name":"\"Besposadna letjelica stigla iz zra\u010dnog prostora Ma\u0111arske, brzinom od 700km\/h\" - RADIO LJUBU\u0160KI","isPartOf":{"@id":"https:\/\/radioljubuski.ba\/#website"},"primaryImageOfPage":{"@id":"https:\/\/radioljubuski.ba\/index.php\/2022\/03\/11\/besposadna-letjelica-stigla-iz-zracnog-prostora-madarske-brzinom-od-700km-h\/#primaryimage"},"image":{"@id":"https:\/\/radioljubuski.ba\/index.php\/2022\/03\/11\/besposadna-letjelica-stigla-iz-zracnog-prostora-madarske-brzinom-od-700km-h\/#primaryimage"},"thumbnailUrl":"https:\/\/radioljubuski.ba\/wp-content\/uploads\/2022\/03\/letjelica.jpg","datePublished":"2022-03-11T09:59:55+00:00","dateModified":"2022-03-11T10:07:29+00:00","breadcrumb":{"@id":"https:\/\/radioljubuski.ba\/index.php\/2022\/03\/11\/besposadna-letjelica-stigla-iz-zracnog-prostora-madarske-brzinom-od-700km-h\/#breadcrumb"},"inLanguage":"hr","potentialAction":[{"@type":"ReadAction","target":["https:\/\/radioljubuski.ba\/index.php\/2022\/03\/11\/besposadna-letjelica-stigla-iz-zracnog-prostora-madarske-brzinom-od-700km-h\/"]}]},{"@type":"ImageObject","inLanguage":"hr","@id":"https:\/\/radioljubuski.ba\/index.php\/2022\/03\/11\/besposadna-letjelica-stigla-iz-zracnog-prostora-madarske-brzinom-od-700km-h\/#primaryimage","url":"https:\/\/radioljubuski.ba\/wp-content\/uploads\/2022\/03\/letjelica.jpg","contentUrl":"https:\/\/radioljubuski.ba\/wp-content\/uploads\/2022\/03\/letjelica.jpg","width":897,"height":517},{"@type":"BreadcrumbList","@id":"https:\/\/radioljubuski.ba\/index.php\/2022\/03\/11\/besposadna-letjelica-stigla-iz-zracnog-prostora-madarske-brzinom-od-700km-h\/#breadcrumb","itemListElement":[{"@type":"ListItem","position":1,"name":"Po\u010detna stranica","item":"https:\/\/radioljubuski.ba\/"},{"@type":"ListItem","position":2,"name":"&#8220;Besposadna letjelica stigla iz zra\u010dnog prostora Ma\u0111arske, brzinom od 700km\/h&#8221;"}]},{"@type":"WebSite","@id":"https:\/\/radioljubuski.ba\/#website","url":"https:\/\/radioljubuski.ba\/","name":"Radio Ljubu\u0161ki","description":"Sun\u010dana frekvencija Hercegovine","publisher":{"@id":"https:\/\/radioljubuski.ba\/#organization"},"potentialAction":[{"@type":"SearchAction","target":{"@type":"EntryPoint","urlTemplate":"https:\/\/radioljubuski.ba\/?s={search_term_string}"},"query-input":{"@type":"PropertyValueSpecification","valueRequired":true,"valueName":"search_term_string"}}],"inLanguage":"hr"},{"@type":"Organization","@id":"https:\/\/radioljubuski.ba\/#organization","name":"Radio Ljubu\u0161ki","url":"https:\/\/radioljubuski.ba\/","logo":{"@type":"ImageObject","inLanguage":"hr","@id":"https:\/\/radioljubuski.ba\/#\/schema\/logo\/image\/","url":"https:\/\/radioljubuski.ba\/wp-content\/uploads\/2021\/02\/cropped-Radio_Ljubuski_logo1.jpg","contentUrl":"https:\/\/radioljubuski.ba\/wp-content\/uploads\/2021\/02\/cropped-Radio_Ljubuski_logo1.jpg","width":512,"height":512,"caption":"Radio Ljubu\u0161ki"},"image":{"@id":"https:\/\/radioljubuski.ba\/#\/schema\/logo\/image\/"},"sameAs":["https:\/\/www.facebook.com\/Radiio-Ljubuski-1490835324566332","https:\/\/x.com\/radioljubuski","https:\/\/hr.linkedin.com\/company\/radio-ljubuski","https:\/\/www.youtube.com\/channel\/UCHYaeO_n0Db3tjNGudGpXyw"]},{"@type":"Person","@id":"https:\/\/radioljubuski.ba\/#\/schema\/person\/19fc700381a780f69665d7956c469e3b","name":"Radio Ljubu\u0161ki"}]}},"_links":{"self":[{"href":"https:\/\/radioljubuski.ba\/index.php\/wp-json\/wp\/v2\/posts\/120315","targetHints":{"allow":["GET"]}}],"collection":[{"href":"https:\/\/radioljubuski.ba\/index.php\/wp-json\/wp\/v2\/posts"}],"about":[{"href":"https:\/\/radioljubuski.ba\/index.php\/wp-json\/wp\/v2\/types\/post"}],"author":[{"embeddable":true,"href":"https:\/\/radioljubuski.ba\/index.php\/wp-json\/wp\/v2\/users\/2"}],"replies":[{"embeddable":true,"href":"https:\/\/radioljubuski.ba\/index.php\/wp-json\/wp\/v2\/comments?post=120315"}],"version-history":[{"count":2,"href":"https:\/\/radioljubuski.ba\/index.php\/wp-json\/wp\/v2\/posts\/120315\/revisions"}],"predecessor-version":[{"id":120318,"href":"https:\/\/radioljubuski.ba\/index.php\/wp-json\/wp\/v2\/posts\/120315\/revisions\/120318"}],"wp:featuredmedia":[{"embeddable":true,"href":"https:\/\/radioljubuski.ba\/index.php\/wp-json\/wp\/v2\/media\/120316"}],"wp:attachment":[{"href":"https:\/\/radioljubuski.ba\/index.php\/wp-json\/wp\/v2\/media?parent=120315"}],"wp:term":[{"taxonomy":"category","embeddable":true,"href":"https:\/\/radioljubuski.ba\/index.php\/wp-json\/wp\/v2\/categories?post=120315"},{"taxonomy":"post_tag","embeddable":true,"href":"https:\/\/radioljubuski.ba\/index.php\/wp-json\/wp\/v2\/tags?post=120315"}],"curies":[{"name":"wp","href":"https:\/\/api.w.org\/{rel}","templated":true}]}}