{"id":120325,"date":"2022-03-11T11:13:16","date_gmt":"2022-03-11T10:13:16","guid":{"rendered":"https:\/\/radioljubuski.ba\/?p=120325"},"modified":"2022-03-11T11:13:17","modified_gmt":"2022-03-11T10:13:17","slug":"gradani-medugorja-docekali-ukrajinske-izbjeglice-mi-znamo-kako-vam-je","status":"publish","type":"post","link":"https:\/\/radioljubuski.ba\/index.php\/2022\/03\/11\/gradani-medugorja-docekali-ukrajinske-izbjeglice-mi-znamo-kako-vam-je\/","title":{"rendered":"Gra\u0111ani Me\u0111ugorja do\u010dekali ukrajinske izbjeglice: Mi znamo kako vam je"},"content":{"rendered":"\n<p>Ukrajinka Mariana Sova od rata je pobjegla u Bosnu i Hercegovinu. Sada se nalazi u Me\u0111ugorju, gdje se moli da rat u njezinoj zemlji \u0161to prije zavr\u0161i.<\/p>\n\n\n\n<p>\u201cMolim se za svoju zemlju i svoj narod koji Rusija ubija. Samo \u017eelim da ovo prestane\u201d, ka\u017ee Sova. Suprug joj je ostao u Ukrajini kako bi pomogao u obrani.<\/p>\n\n\n\n<p>Ona dolazi iz zapadnog dijela Ukrajine, iz grada Ivano-Frankivska. Pobjegla je nakon \u0161to su ruske snage projektilima pogodile obli\u017enji aerodrom.<\/p>\n\n\n\n<p>Me\u0111ugorje svake godine posje\u0107uju tisu\u0107e Ukrajinaca. No, ovaj je put posjet sve samo ne turisti\u010dki.<\/p>\n\n\n\n<p>Sova i jo\u0161 oko 150 ukrajinskih \u017eena i djece koji su pobjegli od rata ondje ostaju do daljnjega.<\/p>\n\n\n\n<p>Dolazak izbjeglica iz Ukrajine u Bosnu i Hercegovinu posebno je emotivan, jer je i ova zemlja bila pogo\u0111ena ratnim strahotama. Po\u010detkom devedesetih iz BiH su izbjegla oko dva milijuna ljudi.&nbsp;<\/p>\n\n\n\n<p>\u201cMi znamo kako se ti ljudi osje\u0107aju\u201d, ka\u017eu u Me\u0111ugorju.<\/p>\n\n\n\n<p>U desetlje\u0107ima koja su uslijedila nakon zavr\u0161etka rata jo\u0161 su stotine tisu\u0107a napustile zemlju zbog te\u0161ke gospodarske situacije i dru\u0161tveno-politi\u010dkog kaosa.<\/p>\n\n\n\n<p>Oni koji su ostali spremno su otvorili svoja vrata izbjeglicama iz Ukrajine.<\/p>\n\n\n\n<p>\u201cNas nekoliko do sada je uspjelo primiti 150 ljudi\u201d, navodi predsjednik me\u0111ugorskog udru\u017eenja hotelijera Davor Ljubi\u0107, kako prenosi AFP.<\/p>\n\n\n\n<p>Dodaje da u idu\u0107im danima o\u010dekuju dolazak jo\u0161 nekoliko autobusa s ukupno oko 200 izbjeglica.<\/p>\n\n\n\n<p>\u201cPro\u0161li smo sli\u010dnu situaciju prije tridesetak godina i znamo kako se ovi ljudi sada osje\u0107aju\u201d, rekao je jedan od doma\u0107ina koji je u svom domu smjestio 12 ukrajinskih izbjeglica.&nbsp;<\/p>\n\n\n\n<p>\u017delio je ostati anoniman. Ka\u017ee da su Ukrajinci do\u010dekani \u201cs puno ljubavi\u201d i da \u201cmogu ostati koliko \u017eele\u201d.&nbsp;<\/p>\n\n\n\n<p>Me\u0111ugorje je neko\u0107 bio siroma\u0161an grad uz granicu s Hrvatskom, a onda se zahvaljuju\u0107i pri\u010di o ukazanju Djevice Marije, koja je aktualna od 1981., razvio u jedno od najpoznatijih hodo\u010dasni\u010dkih sredi\u0161ta u ovom dijelu svijeta.<\/p>\n\n\n\n<p>Izbjegli\u010dka kriza<\/p>\n\n\n\n<p>Od kada je zapo\u010dela ruska invazija na Ukrajinu, iz zemlje je pobjeglo vi\u0161e od dva milijuna ljudi, izvijestio je UN ovaj tjedan. Toliko izbjeglih u tako kratkom vremenu nije bilo od Drugog svjetskog rata.<\/p>\n\n\n\n<p>\u201cIza te neumoljive statistike kriju se dva milijuna pri\u010da o rastancima, patnji i gubitku\u201d, rekao je \u0161ef UN-ove agencije za izbjeglice Filippo Grandi.<\/p>\n\n\n\n<p>Vlada Bosne i Hercegovine priop\u0107ila je da se priprema za prijem jo\u0161 izbjeglica i to na dvije lokacije na kojima bi ukupno moglo biti smje\u0161teno oko 500 ljudi.<\/p>\n\n\n\n<p>Deseci tisu\u0107a ljudi bje\u017ee iz Ukrajine svaki dan, no neki se od njih planiraju vratiti u zemlju kako bi pomogli u evakuaciji \u0161to ve\u0107eg broja ljudi.&nbsp;<\/p>\n\n\n\n<p>Vitalij, voza\u010d jedne ukrajinske putni\u010dke agencije koja je nudila redovite ture u Me\u0111ugorje, ka\u017ee da \u0107e se uskoro vratiti ku\u0107i. Njegova je obitelj tamo pru\u017eila smje\u0161taj grupi od desetak ljudi koji su pobjegli iz Harkiva na istoku.<\/p>\n\n\n\n<p>Za ve\u0107inu ostalih njegovih protjeranih sunarodnjaka, njihovi \u0107e domovi ostati daleko sve dok bude rata.&nbsp;<\/p>\n\n\n\n<p>\u201cSanjamo samo to, da se vratimo ku\u0107i i nastavimo sa svojim \u017eivotima\u201d, ka\u017ee Ukrajinka s po\u010detka pri\u010de.<\/p>\n\n\n\n<p>Izvor.pogled.ba<\/p>\n","protected":false},"excerpt":{"rendered":"<p>Ukrajinka Mariana Sova od rata je pobjegla u Bosnu i Hercegovinu. Sada se nalazi u Me\u0111ugorju, gdje se moli da rat u njezinoj zemlji \u0161to prije zavr\u0161i. \u201cMolim se za svoju zemlju i svoj narod koji Rusija ubija. Samo \u017eelim da ovo prestane\u201d, ka\u017ee Sova. Suprug joj je ostao u Ukrajini kako bi pomogao u [&hellip;]<\/p>\n","protected":false},"author":2,"featured_media":120326,"comment_status":"closed","ping_status":"closed","sticky":false,"template":"","format":"standard","meta":{"h5ap_radio_sources":[],"footnotes":""},"categories":[1],"tags":[],"class_list":["post-120325","post","type-post","status-publish","format-standard","has-post-thumbnail","hentry","category-bihiregija"],"yoast_head":"<!-- This site is optimized with the Yoast SEO plugin v27.5 - https:\/\/yoast.com\/product\/yoast-seo-wordpress\/ -->\n<title>Gra\u0111ani Me\u0111ugorja do\u010dekali ukrajinske izbjeglice: Mi znamo kako vam je - RADIO LJUBU\u0160KI<\/title>\n<meta name=\"robots\" content=\"index, follow, max-snippet:-1, max-image-preview:large, max-video-preview:-1\" \/>\n<link rel=\"canonical\" href=\"https:\/\/radioljubuski.ba\/index.php\/2022\/03\/11\/gradani-medugorja-docekali-ukrajinske-izbjeglice-mi-znamo-kako-vam-je\/\" \/>\n<meta property=\"og:locale\" content=\"hr_HR\" \/>\n<meta property=\"og:type\" content=\"article\" \/>\n<meta property=\"og:title\" content=\"Gra\u0111ani Me\u0111ugorja do\u010dekali ukrajinske izbjeglice: Mi znamo kako vam je - RADIO LJUBU\u0160KI\" \/>\n<meta property=\"og:description\" content=\"Ukrajinka Mariana Sova od rata je pobjegla u Bosnu i Hercegovinu. Sada se nalazi u Me\u0111ugorju, gdje se moli da rat u njezinoj zemlji \u0161to prije zavr\u0161i. \u201cMolim se za svoju zemlju i svoj narod koji Rusija ubija. Samo \u017eelim da ovo prestane\u201d, ka\u017ee Sova. Suprug joj je ostao u Ukrajini kako bi pomogao u [&hellip;]\" \/>\n<meta property=\"og:url\" content=\"https:\/\/radioljubuski.ba\/index.php\/2022\/03\/11\/gradani-medugorja-docekali-ukrajinske-izbjeglice-mi-znamo-kako-vam-je\/\" \/>\n<meta property=\"og:site_name\" content=\"RADIO LJUBU\u0160KI\" \/>\n<meta property=\"article:publisher\" content=\"https:\/\/www.facebook.com\/Radiio-Ljubuski-1490835324566332\" \/>\n<meta property=\"article:published_time\" content=\"2022-03-11T10:13:16+00:00\" \/>\n<meta property=\"article:modified_time\" content=\"2022-03-11T10:13:17+00:00\" \/>\n<meta property=\"og:image\" content=\"https:\/\/radioljubuski.ba\/wp-content\/uploads\/2022\/03\/2-2021-04-12-07-30-00-medugorje.png\" \/>\n\t<meta property=\"og:image:width\" content=\"1000\" \/>\n\t<meta property=\"og:image:height\" content=\"625\" \/>\n\t<meta property=\"og:image:type\" content=\"image\/png\" \/>\n<meta name=\"author\" content=\"Radio Ljubu\u0161ki\" \/>\n<meta name=\"twitter:card\" content=\"summary_large_image\" \/>\n<meta name=\"twitter:creator\" content=\"@radioljubuski\" \/>\n<meta name=\"twitter:site\" content=\"@radioljubuski\" \/>\n<meta name=\"twitter:label1\" content=\"Napisao\/la\" \/>\n\t<meta name=\"twitter:data1\" content=\"Radio Ljubu\u0161ki\" \/>\n\t<meta name=\"twitter:label2\" content=\"Procijenjeno vrijeme \u010ditanja\" \/>\n\t<meta name=\"twitter:data2\" content=\"3 minute\" \/>\n<script type=\"application\/ld+json\" class=\"yoast-schema-graph\">{\"@context\":\"https:\\\/\\\/schema.org\",\"@graph\":[{\"@type\":\"Article\",\"@id\":\"https:\\\/\\\/radioljubuski.ba\\\/index.php\\\/2022\\\/03\\\/11\\\/gradani-medugorja-docekali-ukrajinske-izbjeglice-mi-znamo-kako-vam-je\\\/#article\",\"isPartOf\":{\"@id\":\"https:\\\/\\\/radioljubuski.ba\\\/index.php\\\/2022\\\/03\\\/11\\\/gradani-medugorja-docekali-ukrajinske-izbjeglice-mi-znamo-kako-vam-je\\\/\"},\"author\":{\"name\":\"Radio Ljubu\u0161ki\",\"@id\":\"https:\\\/\\\/radioljubuski.ba\\\/#\\\/schema\\\/person\\\/19fc700381a780f69665d7956c469e3b\"},\"headline\":\"Gra\u0111ani Me\u0111ugorja do\u010dekali ukrajinske izbjeglice: Mi znamo kako vam je\",\"datePublished\":\"2022-03-11T10:13:16+00:00\",\"dateModified\":\"2022-03-11T10:13:17+00:00\",\"mainEntityOfPage\":{\"@id\":\"https:\\\/\\\/radioljubuski.ba\\\/index.php\\\/2022\\\/03\\\/11\\\/gradani-medugorja-docekali-ukrajinske-izbjeglice-mi-znamo-kako-vam-je\\\/\"},\"wordCount\":551,\"publisher\":{\"@id\":\"https:\\\/\\\/radioljubuski.ba\\\/#organization\"},\"image\":{\"@id\":\"https:\\\/\\\/radioljubuski.ba\\\/index.php\\\/2022\\\/03\\\/11\\\/gradani-medugorja-docekali-ukrajinske-izbjeglice-mi-znamo-kako-vam-je\\\/#primaryimage\"},\"thumbnailUrl\":\"https:\\\/\\\/radioljubuski.ba\\\/wp-content\\\/uploads\\\/2022\\\/03\\\/2-2021-04-12-07-30-00-medugorje.png\",\"articleSection\":[\"BIH i regija\"],\"inLanguage\":\"hr\"},{\"@type\":\"WebPage\",\"@id\":\"https:\\\/\\\/radioljubuski.ba\\\/index.php\\\/2022\\\/03\\\/11\\\/gradani-medugorja-docekali-ukrajinske-izbjeglice-mi-znamo-kako-vam-je\\\/\",\"url\":\"https:\\\/\\\/radioljubuski.ba\\\/index.php\\\/2022\\\/03\\\/11\\\/gradani-medugorja-docekali-ukrajinske-izbjeglice-mi-znamo-kako-vam-je\\\/\",\"name\":\"Gra\u0111ani Me\u0111ugorja do\u010dekali ukrajinske izbjeglice: Mi znamo kako vam je - RADIO LJUBU\u0160KI\",\"isPartOf\":{\"@id\":\"https:\\\/\\\/radioljubuski.ba\\\/#website\"},\"primaryImageOfPage\":{\"@id\":\"https:\\\/\\\/radioljubuski.ba\\\/index.php\\\/2022\\\/03\\\/11\\\/gradani-medugorja-docekali-ukrajinske-izbjeglice-mi-znamo-kako-vam-je\\\/#primaryimage\"},\"image\":{\"@id\":\"https:\\\/\\\/radioljubuski.ba\\\/index.php\\\/2022\\\/03\\\/11\\\/gradani-medugorja-docekali-ukrajinske-izbjeglice-mi-znamo-kako-vam-je\\\/#primaryimage\"},\"thumbnailUrl\":\"https:\\\/\\\/radioljubuski.ba\\\/wp-content\\\/uploads\\\/2022\\\/03\\\/2-2021-04-12-07-30-00-medugorje.png\",\"datePublished\":\"2022-03-11T10:13:16+00:00\",\"dateModified\":\"2022-03-11T10:13:17+00:00\",\"breadcrumb\":{\"@id\":\"https:\\\/\\\/radioljubuski.ba\\\/index.php\\\/2022\\\/03\\\/11\\\/gradani-medugorja-docekali-ukrajinske-izbjeglice-mi-znamo-kako-vam-je\\\/#breadcrumb\"},\"inLanguage\":\"hr\",\"potentialAction\":[{\"@type\":\"ReadAction\",\"target\":[\"https:\\\/\\\/radioljubuski.ba\\\/index.php\\\/2022\\\/03\\\/11\\\/gradani-medugorja-docekali-ukrajinske-izbjeglice-mi-znamo-kako-vam-je\\\/\"]}]},{\"@type\":\"ImageObject\",\"inLanguage\":\"hr\",\"@id\":\"https:\\\/\\\/radioljubuski.ba\\\/index.php\\\/2022\\\/03\\\/11\\\/gradani-medugorja-docekali-ukrajinske-izbjeglice-mi-znamo-kako-vam-je\\\/#primaryimage\",\"url\":\"https:\\\/\\\/radioljubuski.ba\\\/wp-content\\\/uploads\\\/2022\\\/03\\\/2-2021-04-12-07-30-00-medugorje.png\",\"contentUrl\":\"https:\\\/\\\/radioljubuski.ba\\\/wp-content\\\/uploads\\\/2022\\\/03\\\/2-2021-04-12-07-30-00-medugorje.png\",\"width\":1000,\"height\":625},{\"@type\":\"BreadcrumbList\",\"@id\":\"https:\\\/\\\/radioljubuski.ba\\\/index.php\\\/2022\\\/03\\\/11\\\/gradani-medugorja-docekali-ukrajinske-izbjeglice-mi-znamo-kako-vam-je\\\/#breadcrumb\",\"itemListElement\":[{\"@type\":\"ListItem\",\"position\":1,\"name\":\"Po\u010detna stranica\",\"item\":\"https:\\\/\\\/radioljubuski.ba\\\/\"},{\"@type\":\"ListItem\",\"position\":2,\"name\":\"Gra\u0111ani Me\u0111ugorja do\u010dekali ukrajinske izbjeglice: Mi znamo kako vam je\"}]},{\"@type\":\"WebSite\",\"@id\":\"https:\\\/\\\/radioljubuski.ba\\\/#website\",\"url\":\"https:\\\/\\\/radioljubuski.ba\\\/\",\"name\":\"Radio Ljubu\u0161ki\",\"description\":\"Sun\u010dana frekvencija Hercegovine\",\"publisher\":{\"@id\":\"https:\\\/\\\/radioljubuski.ba\\\/#organization\"},\"potentialAction\":[{\"@type\":\"SearchAction\",\"target\":{\"@type\":\"EntryPoint\",\"urlTemplate\":\"https:\\\/\\\/radioljubuski.ba\\\/?s={search_term_string}\"},\"query-input\":{\"@type\":\"PropertyValueSpecification\",\"valueRequired\":true,\"valueName\":\"search_term_string\"}}],\"inLanguage\":\"hr\"},{\"@type\":\"Organization\",\"@id\":\"https:\\\/\\\/radioljubuski.ba\\\/#organization\",\"name\":\"Radio Ljubu\u0161ki\",\"url\":\"https:\\\/\\\/radioljubuski.ba\\\/\",\"logo\":{\"@type\":\"ImageObject\",\"inLanguage\":\"hr\",\"@id\":\"https:\\\/\\\/radioljubuski.ba\\\/#\\\/schema\\\/logo\\\/image\\\/\",\"url\":\"https:\\\/\\\/radioljubuski.ba\\\/wp-content\\\/uploads\\\/2021\\\/02\\\/cropped-Radio_Ljubuski_logo1.jpg\",\"contentUrl\":\"https:\\\/\\\/radioljubuski.ba\\\/wp-content\\\/uploads\\\/2021\\\/02\\\/cropped-Radio_Ljubuski_logo1.jpg\",\"width\":512,\"height\":512,\"caption\":\"Radio Ljubu\u0161ki\"},\"image\":{\"@id\":\"https:\\\/\\\/radioljubuski.ba\\\/#\\\/schema\\\/logo\\\/image\\\/\"},\"sameAs\":[\"https:\\\/\\\/www.facebook.com\\\/Radiio-Ljubuski-1490835324566332\",\"https:\\\/\\\/x.com\\\/radioljubuski\",\"https:\\\/\\\/hr.linkedin.com\\\/company\\\/radio-ljubuski\",\"https:\\\/\\\/www.youtube.com\\\/channel\\\/UCHYaeO_n0Db3tjNGudGpXyw\"]},{\"@type\":\"Person\",\"@id\":\"https:\\\/\\\/radioljubuski.ba\\\/#\\\/schema\\\/person\\\/19fc700381a780f69665d7956c469e3b\",\"name\":\"Radio Ljubu\u0161ki\"}]}<\/script>\n<!-- \/ Yoast SEO plugin. -->","yoast_head_json":{"title":"Gra\u0111ani Me\u0111ugorja do\u010dekali ukrajinske izbjeglice: Mi znamo kako vam je - RADIO LJUBU\u0160KI","robots":{"index":"index","follow":"follow","max-snippet":"max-snippet:-1","max-image-preview":"max-image-preview:large","max-video-preview":"max-video-preview:-1"},"canonical":"https:\/\/radioljubuski.ba\/index.php\/2022\/03\/11\/gradani-medugorja-docekali-ukrajinske-izbjeglice-mi-znamo-kako-vam-je\/","og_locale":"hr_HR","og_type":"article","og_title":"Gra\u0111ani Me\u0111ugorja do\u010dekali ukrajinske izbjeglice: Mi znamo kako vam je - RADIO LJUBU\u0160KI","og_description":"Ukrajinka Mariana Sova od rata je pobjegla u Bosnu i Hercegovinu. Sada se nalazi u Me\u0111ugorju, gdje se moli da rat u njezinoj zemlji \u0161to prije zavr\u0161i. \u201cMolim se za svoju zemlju i svoj narod koji Rusija ubija. Samo \u017eelim da ovo prestane\u201d, ka\u017ee Sova. Suprug joj je ostao u Ukrajini kako bi pomogao u [&hellip;]","og_url":"https:\/\/radioljubuski.ba\/index.php\/2022\/03\/11\/gradani-medugorja-docekali-ukrajinske-izbjeglice-mi-znamo-kako-vam-je\/","og_site_name":"RADIO LJUBU\u0160KI","article_publisher":"https:\/\/www.facebook.com\/Radiio-Ljubuski-1490835324566332","article_published_time":"2022-03-11T10:13:16+00:00","article_modified_time":"2022-03-11T10:13:17+00:00","og_image":[{"width":1000,"height":625,"url":"https:\/\/radioljubuski.ba\/wp-content\/uploads\/2022\/03\/2-2021-04-12-07-30-00-medugorje.png","type":"image\/png"}],"author":"Radio Ljubu\u0161ki","twitter_card":"summary_large_image","twitter_creator":"@radioljubuski","twitter_site":"@radioljubuski","twitter_misc":{"Napisao\/la":"Radio Ljubu\u0161ki","Procijenjeno vrijeme \u010ditanja":"3 minute"},"schema":{"@context":"https:\/\/schema.org","@graph":[{"@type":"Article","@id":"https:\/\/radioljubuski.ba\/index.php\/2022\/03\/11\/gradani-medugorja-docekali-ukrajinske-izbjeglice-mi-znamo-kako-vam-je\/#article","isPartOf":{"@id":"https:\/\/radioljubuski.ba\/index.php\/2022\/03\/11\/gradani-medugorja-docekali-ukrajinske-izbjeglice-mi-znamo-kako-vam-je\/"},"author":{"name":"Radio Ljubu\u0161ki","@id":"https:\/\/radioljubuski.ba\/#\/schema\/person\/19fc700381a780f69665d7956c469e3b"},"headline":"Gra\u0111ani Me\u0111ugorja do\u010dekali ukrajinske izbjeglice: Mi znamo kako vam je","datePublished":"2022-03-11T10:13:16+00:00","dateModified":"2022-03-11T10:13:17+00:00","mainEntityOfPage":{"@id":"https:\/\/radioljubuski.ba\/index.php\/2022\/03\/11\/gradani-medugorja-docekali-ukrajinske-izbjeglice-mi-znamo-kako-vam-je\/"},"wordCount":551,"publisher":{"@id":"https:\/\/radioljubuski.ba\/#organization"},"image":{"@id":"https:\/\/radioljubuski.ba\/index.php\/2022\/03\/11\/gradani-medugorja-docekali-ukrajinske-izbjeglice-mi-znamo-kako-vam-je\/#primaryimage"},"thumbnailUrl":"https:\/\/radioljubuski.ba\/wp-content\/uploads\/2022\/03\/2-2021-04-12-07-30-00-medugorje.png","articleSection":["BIH i regija"],"inLanguage":"hr"},{"@type":"WebPage","@id":"https:\/\/radioljubuski.ba\/index.php\/2022\/03\/11\/gradani-medugorja-docekali-ukrajinske-izbjeglice-mi-znamo-kako-vam-je\/","url":"https:\/\/radioljubuski.ba\/index.php\/2022\/03\/11\/gradani-medugorja-docekali-ukrajinske-izbjeglice-mi-znamo-kako-vam-je\/","name":"Gra\u0111ani Me\u0111ugorja do\u010dekali ukrajinske izbjeglice: Mi znamo kako vam je - RADIO LJUBU\u0160KI","isPartOf":{"@id":"https:\/\/radioljubuski.ba\/#website"},"primaryImageOfPage":{"@id":"https:\/\/radioljubuski.ba\/index.php\/2022\/03\/11\/gradani-medugorja-docekali-ukrajinske-izbjeglice-mi-znamo-kako-vam-je\/#primaryimage"},"image":{"@id":"https:\/\/radioljubuski.ba\/index.php\/2022\/03\/11\/gradani-medugorja-docekali-ukrajinske-izbjeglice-mi-znamo-kako-vam-je\/#primaryimage"},"thumbnailUrl":"https:\/\/radioljubuski.ba\/wp-content\/uploads\/2022\/03\/2-2021-04-12-07-30-00-medugorje.png","datePublished":"2022-03-11T10:13:16+00:00","dateModified":"2022-03-11T10:13:17+00:00","breadcrumb":{"@id":"https:\/\/radioljubuski.ba\/index.php\/2022\/03\/11\/gradani-medugorja-docekali-ukrajinske-izbjeglice-mi-znamo-kako-vam-je\/#breadcrumb"},"inLanguage":"hr","potentialAction":[{"@type":"ReadAction","target":["https:\/\/radioljubuski.ba\/index.php\/2022\/03\/11\/gradani-medugorja-docekali-ukrajinske-izbjeglice-mi-znamo-kako-vam-je\/"]}]},{"@type":"ImageObject","inLanguage":"hr","@id":"https:\/\/radioljubuski.ba\/index.php\/2022\/03\/11\/gradani-medugorja-docekali-ukrajinske-izbjeglice-mi-znamo-kako-vam-je\/#primaryimage","url":"https:\/\/radioljubuski.ba\/wp-content\/uploads\/2022\/03\/2-2021-04-12-07-30-00-medugorje.png","contentUrl":"https:\/\/radioljubuski.ba\/wp-content\/uploads\/2022\/03\/2-2021-04-12-07-30-00-medugorje.png","width":1000,"height":625},{"@type":"BreadcrumbList","@id":"https:\/\/radioljubuski.ba\/index.php\/2022\/03\/11\/gradani-medugorja-docekali-ukrajinske-izbjeglice-mi-znamo-kako-vam-je\/#breadcrumb","itemListElement":[{"@type":"ListItem","position":1,"name":"Po\u010detna stranica","item":"https:\/\/radioljubuski.ba\/"},{"@type":"ListItem","position":2,"name":"Gra\u0111ani Me\u0111ugorja do\u010dekali ukrajinske izbjeglice: Mi znamo kako vam je"}]},{"@type":"WebSite","@id":"https:\/\/radioljubuski.ba\/#website","url":"https:\/\/radioljubuski.ba\/","name":"Radio Ljubu\u0161ki","description":"Sun\u010dana frekvencija Hercegovine","publisher":{"@id":"https:\/\/radioljubuski.ba\/#organization"},"potentialAction":[{"@type":"SearchAction","target":{"@type":"EntryPoint","urlTemplate":"https:\/\/radioljubuski.ba\/?s={search_term_string}"},"query-input":{"@type":"PropertyValueSpecification","valueRequired":true,"valueName":"search_term_string"}}],"inLanguage":"hr"},{"@type":"Organization","@id":"https:\/\/radioljubuski.ba\/#organization","name":"Radio Ljubu\u0161ki","url":"https:\/\/radioljubuski.ba\/","logo":{"@type":"ImageObject","inLanguage":"hr","@id":"https:\/\/radioljubuski.ba\/#\/schema\/logo\/image\/","url":"https:\/\/radioljubuski.ba\/wp-content\/uploads\/2021\/02\/cropped-Radio_Ljubuski_logo1.jpg","contentUrl":"https:\/\/radioljubuski.ba\/wp-content\/uploads\/2021\/02\/cropped-Radio_Ljubuski_logo1.jpg","width":512,"height":512,"caption":"Radio Ljubu\u0161ki"},"image":{"@id":"https:\/\/radioljubuski.ba\/#\/schema\/logo\/image\/"},"sameAs":["https:\/\/www.facebook.com\/Radiio-Ljubuski-1490835324566332","https:\/\/x.com\/radioljubuski","https:\/\/hr.linkedin.com\/company\/radio-ljubuski","https:\/\/www.youtube.com\/channel\/UCHYaeO_n0Db3tjNGudGpXyw"]},{"@type":"Person","@id":"https:\/\/radioljubuski.ba\/#\/schema\/person\/19fc700381a780f69665d7956c469e3b","name":"Radio Ljubu\u0161ki"}]}},"_links":{"self":[{"href":"https:\/\/radioljubuski.ba\/index.php\/wp-json\/wp\/v2\/posts\/120325","targetHints":{"allow":["GET"]}}],"collection":[{"href":"https:\/\/radioljubuski.ba\/index.php\/wp-json\/wp\/v2\/posts"}],"about":[{"href":"https:\/\/radioljubuski.ba\/index.php\/wp-json\/wp\/v2\/types\/post"}],"author":[{"embeddable":true,"href":"https:\/\/radioljubuski.ba\/index.php\/wp-json\/wp\/v2\/users\/2"}],"replies":[{"embeddable":true,"href":"https:\/\/radioljubuski.ba\/index.php\/wp-json\/wp\/v2\/comments?post=120325"}],"version-history":[{"count":1,"href":"https:\/\/radioljubuski.ba\/index.php\/wp-json\/wp\/v2\/posts\/120325\/revisions"}],"predecessor-version":[{"id":120327,"href":"https:\/\/radioljubuski.ba\/index.php\/wp-json\/wp\/v2\/posts\/120325\/revisions\/120327"}],"wp:featuredmedia":[{"embeddable":true,"href":"https:\/\/radioljubuski.ba\/index.php\/wp-json\/wp\/v2\/media\/120326"}],"wp:attachment":[{"href":"https:\/\/radioljubuski.ba\/index.php\/wp-json\/wp\/v2\/media?parent=120325"}],"wp:term":[{"taxonomy":"category","embeddable":true,"href":"https:\/\/radioljubuski.ba\/index.php\/wp-json\/wp\/v2\/categories?post=120325"},{"taxonomy":"post_tag","embeddable":true,"href":"https:\/\/radioljubuski.ba\/index.php\/wp-json\/wp\/v2\/tags?post=120325"}],"curies":[{"name":"wp","href":"https:\/\/api.w.org\/{rel}","templated":true}]}}