{"id":120332,"date":"2022-03-11T11:17:31","date_gmt":"2022-03-11T10:17:31","guid":{"rendered":"https:\/\/radioljubuski.ba\/?p=120332"},"modified":"2022-03-11T11:17:33","modified_gmt":"2022-03-11T10:17:33","slug":"svjedoci-pada-letjelice-eksplodiralo-je-2-metra-od-mene-hvala-bogu-sto-sam-ziva","status":"publish","type":"post","link":"https:\/\/radioljubuski.ba\/index.php\/2022\/03\/11\/svjedoci-pada-letjelice-eksplodiralo-je-2-metra-od-mene-hvala-bogu-sto-sam-ziva\/","title":{"rendered":"Svjedoci pada letjelice: &#8220;Eksplodiralo je 2 metra od mene. Hvala bogu \u0161to sam \u017eiva&#8221;"},"content":{"rendered":"\n<p>U djelu Zagreba ju\u010der ne\u0161to iza 23 sata \u010duo se glasan prasak. Na Jarunskoj cesti su policija i vatrogasci. U tlu je ostala velika rupa, po svemu sude\u0107i ne\u0161to je udarilo u zemlju i eksplodiralo. Prema prvim informacijama radi se o bespilotnoj letjelici.<\/p>\n\n\n\n<p>O\u010devici su rekli kako je ne\u0161to s neba palo u zemlju, a te dojave su oko 3 sata iza pono\u0107i potvrdili iz policije.&nbsp;<\/p>\n\n\n\n<p>&#8220;Bio sam u sobi, \u010duo sam eksploziju. Prvo sam mislio da je bomba pala. Prvi sam paviljon do toga, bio je ogroman dim koji se \u0161irio. Ljudi su bje\u017eali i vri\u0161tali. U\u017easno je grunulo, tako da sam mislio da bombe padaju. Iza\u0161li smo, bojali smo se da nije netko stradao&#8221;, ispri\u010dao je jedan student za Index.<\/p>\n\n\n\n<p>Kazao je kako se u zraku odmah osje\u0107ao jak neugodan miris.&nbsp;<\/p>\n\n\n\n<p>&#8220;Nisam nikada osjetio takav smrad, \u010dovjek koji je bio u vojsci je rekao da je to smrad zapaljenog kerozina&#8221;, rekao je za Index student koji je nakon praska do\u0161ao na mjesto eksplozije iz Studetskog doma koji se nalazi nekoliko stotina metara dalje.<\/p>\n\n\n\n<p>Indexov reporter razgovarao je s jo\u0161 jednim svjedokom.&nbsp;<\/p>\n\n\n\n<p>Svjedok je rekao &nbsp;kako se prvo \u010dulo kako ne\u0161to dolije\u0107e velikom brzinom. Zatim je grunula eksplozija, a potom se, ka\u017ee o\u010devidac, digao oblak dima, zemlje i zrakom se pro\u0161irio jak smrad.<\/p>\n\n\n\n<p>&#8220;Hvala bogu da sam \u017eiva&#8221;<br>U Facebook grupi &#8220;SD Stjepan Radi\u0107&#8221; svjedoci opisuju svoja iskustva. &#8220;Ka\u017eu da je avion pao i da je vi\u0111en jedan padobranac. Ni\u0161ta potvr\u0111eno zasad. Nema ni ozlije\u0111enih koliko se zna&#8221;, napisao je jedan svjedok.<\/p>\n\n\n\n<p>&#8220;Ne znam \u0161to je bilo, ali eksplodiralo je dva metra od mene. Hvala Bogu \u0161to sam \u017eiva&#8221;, napisala je jedna studentica.<\/p>\n\n\n\n<p>I\u0161li smo prema domu kad smo vidjeli da ne\u0161to pada, rekao je student za HRT.<\/p>\n\n\n\n<p>Izvor:pogled.ba<\/p>\n","protected":false},"excerpt":{"rendered":"<p>U djelu Zagreba ju\u010der ne\u0161to iza 23 sata \u010duo se glasan prasak. Na Jarunskoj cesti su policija i vatrogasci. U tlu je ostala velika rupa, po svemu sude\u0107i ne\u0161to je udarilo u zemlju i eksplodiralo. Prema prvim informacijama radi se o bespilotnoj letjelici. O\u010devici su rekli kako je ne\u0161to s neba palo u zemlju, a [&hellip;]<\/p>\n","protected":false},"author":2,"featured_media":120333,"comment_status":"closed","ping_status":"closed","sticky":false,"template":"","format":"standard","meta":{"h5ap_radio_sources":[],"footnotes":""},"categories":[1],"tags":[],"class_list":["post-120332","post","type-post","status-publish","format-standard","has-post-thumbnail","hentry","category-bihiregija"],"yoast_head":"<!-- This site is optimized with the Yoast SEO plugin v27.5 - https:\/\/yoast.com\/product\/yoast-seo-wordpress\/ -->\n<title>Svjedoci pada letjelice: &quot;Eksplodiralo je 2 metra od mene. Hvala bogu \u0161to sam \u017eiva&quot; - RADIO LJUBU\u0160KI<\/title>\n<meta name=\"robots\" content=\"index, follow, max-snippet:-1, max-image-preview:large, max-video-preview:-1\" \/>\n<link rel=\"canonical\" href=\"https:\/\/radioljubuski.ba\/index.php\/2022\/03\/11\/svjedoci-pada-letjelice-eksplodiralo-je-2-metra-od-mene-hvala-bogu-sto-sam-ziva\/\" \/>\n<meta property=\"og:locale\" content=\"hr_HR\" \/>\n<meta property=\"og:type\" content=\"article\" \/>\n<meta property=\"og:title\" content=\"Svjedoci pada letjelice: &quot;Eksplodiralo je 2 metra od mene. Hvala bogu \u0161to sam \u017eiva&quot; - RADIO LJUBU\u0160KI\" \/>\n<meta property=\"og:description\" content=\"U djelu Zagreba ju\u010der ne\u0161to iza 23 sata \u010duo se glasan prasak. Na Jarunskoj cesti su policija i vatrogasci. U tlu je ostala velika rupa, po svemu sude\u0107i ne\u0161to je udarilo u zemlju i eksplodiralo. Prema prvim informacijama radi se o bespilotnoj letjelici. O\u010devici su rekli kako je ne\u0161to s neba palo u zemlju, a [&hellip;]\" \/>\n<meta property=\"og:url\" content=\"https:\/\/radioljubuski.ba\/index.php\/2022\/03\/11\/svjedoci-pada-letjelice-eksplodiralo-je-2-metra-od-mene-hvala-bogu-sto-sam-ziva\/\" \/>\n<meta property=\"og:site_name\" content=\"RADIO LJUBU\u0160KI\" \/>\n<meta property=\"article:publisher\" content=\"https:\/\/www.facebook.com\/Radiio-Ljubuski-1490835324566332\" \/>\n<meta property=\"article:published_time\" content=\"2022-03-11T10:17:31+00:00\" \/>\n<meta property=\"article:modified_time\" content=\"2022-03-11T10:17:33+00:00\" \/>\n<meta property=\"og:image\" content=\"https:\/\/radioljubuski.ba\/wp-content\/uploads\/2022\/03\/2-2022-03-11-07-57-49-zg.png\" \/>\n\t<meta property=\"og:image:width\" content=\"1000\" \/>\n\t<meta property=\"og:image:height\" content=\"625\" \/>\n\t<meta property=\"og:image:type\" content=\"image\/png\" \/>\n<meta name=\"author\" content=\"Radio Ljubu\u0161ki\" \/>\n<meta name=\"twitter:card\" content=\"summary_large_image\" \/>\n<meta name=\"twitter:creator\" content=\"@radioljubuski\" \/>\n<meta name=\"twitter:site\" content=\"@radioljubuski\" \/>\n<meta name=\"twitter:label1\" content=\"Napisao\/la\" \/>\n\t<meta name=\"twitter:data1\" content=\"Radio Ljubu\u0161ki\" \/>\n\t<meta name=\"twitter:label2\" content=\"Procijenjeno vrijeme \u010ditanja\" \/>\n\t<meta name=\"twitter:data2\" content=\"2 minute\" \/>\n<script type=\"application\/ld+json\" class=\"yoast-schema-graph\">{\"@context\":\"https:\\\/\\\/schema.org\",\"@graph\":[{\"@type\":\"Article\",\"@id\":\"https:\\\/\\\/radioljubuski.ba\\\/index.php\\\/2022\\\/03\\\/11\\\/svjedoci-pada-letjelice-eksplodiralo-je-2-metra-od-mene-hvala-bogu-sto-sam-ziva\\\/#article\",\"isPartOf\":{\"@id\":\"https:\\\/\\\/radioljubuski.ba\\\/index.php\\\/2022\\\/03\\\/11\\\/svjedoci-pada-letjelice-eksplodiralo-je-2-metra-od-mene-hvala-bogu-sto-sam-ziva\\\/\"},\"author\":{\"name\":\"Radio Ljubu\u0161ki\",\"@id\":\"https:\\\/\\\/radioljubuski.ba\\\/#\\\/schema\\\/person\\\/19fc700381a780f69665d7956c469e3b\"},\"headline\":\"Svjedoci pada letjelice: &#8220;Eksplodiralo je 2 metra od mene. Hvala bogu \u0161to sam \u017eiva&#8221;\",\"datePublished\":\"2022-03-11T10:17:31+00:00\",\"dateModified\":\"2022-03-11T10:17:33+00:00\",\"mainEntityOfPage\":{\"@id\":\"https:\\\/\\\/radioljubuski.ba\\\/index.php\\\/2022\\\/03\\\/11\\\/svjedoci-pada-letjelice-eksplodiralo-je-2-metra-od-mene-hvala-bogu-sto-sam-ziva\\\/\"},\"wordCount\":333,\"publisher\":{\"@id\":\"https:\\\/\\\/radioljubuski.ba\\\/#organization\"},\"image\":{\"@id\":\"https:\\\/\\\/radioljubuski.ba\\\/index.php\\\/2022\\\/03\\\/11\\\/svjedoci-pada-letjelice-eksplodiralo-je-2-metra-od-mene-hvala-bogu-sto-sam-ziva\\\/#primaryimage\"},\"thumbnailUrl\":\"https:\\\/\\\/radioljubuski.ba\\\/wp-content\\\/uploads\\\/2022\\\/03\\\/2-2022-03-11-07-57-49-zg.png\",\"articleSection\":[\"BIH i regija\"],\"inLanguage\":\"hr\"},{\"@type\":\"WebPage\",\"@id\":\"https:\\\/\\\/radioljubuski.ba\\\/index.php\\\/2022\\\/03\\\/11\\\/svjedoci-pada-letjelice-eksplodiralo-je-2-metra-od-mene-hvala-bogu-sto-sam-ziva\\\/\",\"url\":\"https:\\\/\\\/radioljubuski.ba\\\/index.php\\\/2022\\\/03\\\/11\\\/svjedoci-pada-letjelice-eksplodiralo-je-2-metra-od-mene-hvala-bogu-sto-sam-ziva\\\/\",\"name\":\"Svjedoci pada letjelice: \\\"Eksplodiralo je 2 metra od mene. Hvala bogu \u0161to sam \u017eiva\\\" - RADIO LJUBU\u0160KI\",\"isPartOf\":{\"@id\":\"https:\\\/\\\/radioljubuski.ba\\\/#website\"},\"primaryImageOfPage\":{\"@id\":\"https:\\\/\\\/radioljubuski.ba\\\/index.php\\\/2022\\\/03\\\/11\\\/svjedoci-pada-letjelice-eksplodiralo-je-2-metra-od-mene-hvala-bogu-sto-sam-ziva\\\/#primaryimage\"},\"image\":{\"@id\":\"https:\\\/\\\/radioljubuski.ba\\\/index.php\\\/2022\\\/03\\\/11\\\/svjedoci-pada-letjelice-eksplodiralo-je-2-metra-od-mene-hvala-bogu-sto-sam-ziva\\\/#primaryimage\"},\"thumbnailUrl\":\"https:\\\/\\\/radioljubuski.ba\\\/wp-content\\\/uploads\\\/2022\\\/03\\\/2-2022-03-11-07-57-49-zg.png\",\"datePublished\":\"2022-03-11T10:17:31+00:00\",\"dateModified\":\"2022-03-11T10:17:33+00:00\",\"breadcrumb\":{\"@id\":\"https:\\\/\\\/radioljubuski.ba\\\/index.php\\\/2022\\\/03\\\/11\\\/svjedoci-pada-letjelice-eksplodiralo-je-2-metra-od-mene-hvala-bogu-sto-sam-ziva\\\/#breadcrumb\"},\"inLanguage\":\"hr\",\"potentialAction\":[{\"@type\":\"ReadAction\",\"target\":[\"https:\\\/\\\/radioljubuski.ba\\\/index.php\\\/2022\\\/03\\\/11\\\/svjedoci-pada-letjelice-eksplodiralo-je-2-metra-od-mene-hvala-bogu-sto-sam-ziva\\\/\"]}]},{\"@type\":\"ImageObject\",\"inLanguage\":\"hr\",\"@id\":\"https:\\\/\\\/radioljubuski.ba\\\/index.php\\\/2022\\\/03\\\/11\\\/svjedoci-pada-letjelice-eksplodiralo-je-2-metra-od-mene-hvala-bogu-sto-sam-ziva\\\/#primaryimage\",\"url\":\"https:\\\/\\\/radioljubuski.ba\\\/wp-content\\\/uploads\\\/2022\\\/03\\\/2-2022-03-11-07-57-49-zg.png\",\"contentUrl\":\"https:\\\/\\\/radioljubuski.ba\\\/wp-content\\\/uploads\\\/2022\\\/03\\\/2-2022-03-11-07-57-49-zg.png\",\"width\":1000,\"height\":625},{\"@type\":\"BreadcrumbList\",\"@id\":\"https:\\\/\\\/radioljubuski.ba\\\/index.php\\\/2022\\\/03\\\/11\\\/svjedoci-pada-letjelice-eksplodiralo-je-2-metra-od-mene-hvala-bogu-sto-sam-ziva\\\/#breadcrumb\",\"itemListElement\":[{\"@type\":\"ListItem\",\"position\":1,\"name\":\"Po\u010detna stranica\",\"item\":\"https:\\\/\\\/radioljubuski.ba\\\/\"},{\"@type\":\"ListItem\",\"position\":2,\"name\":\"Svjedoci pada letjelice: &#8220;Eksplodiralo je 2 metra od mene. Hvala bogu \u0161to sam \u017eiva&#8221;\"}]},{\"@type\":\"WebSite\",\"@id\":\"https:\\\/\\\/radioljubuski.ba\\\/#website\",\"url\":\"https:\\\/\\\/radioljubuski.ba\\\/\",\"name\":\"Radio Ljubu\u0161ki\",\"description\":\"Sun\u010dana frekvencija Hercegovine\",\"publisher\":{\"@id\":\"https:\\\/\\\/radioljubuski.ba\\\/#organization\"},\"potentialAction\":[{\"@type\":\"SearchAction\",\"target\":{\"@type\":\"EntryPoint\",\"urlTemplate\":\"https:\\\/\\\/radioljubuski.ba\\\/?s={search_term_string}\"},\"query-input\":{\"@type\":\"PropertyValueSpecification\",\"valueRequired\":true,\"valueName\":\"search_term_string\"}}],\"inLanguage\":\"hr\"},{\"@type\":\"Organization\",\"@id\":\"https:\\\/\\\/radioljubuski.ba\\\/#organization\",\"name\":\"Radio Ljubu\u0161ki\",\"url\":\"https:\\\/\\\/radioljubuski.ba\\\/\",\"logo\":{\"@type\":\"ImageObject\",\"inLanguage\":\"hr\",\"@id\":\"https:\\\/\\\/radioljubuski.ba\\\/#\\\/schema\\\/logo\\\/image\\\/\",\"url\":\"https:\\\/\\\/radioljubuski.ba\\\/wp-content\\\/uploads\\\/2021\\\/02\\\/cropped-Radio_Ljubuski_logo1.jpg\",\"contentUrl\":\"https:\\\/\\\/radioljubuski.ba\\\/wp-content\\\/uploads\\\/2021\\\/02\\\/cropped-Radio_Ljubuski_logo1.jpg\",\"width\":512,\"height\":512,\"caption\":\"Radio Ljubu\u0161ki\"},\"image\":{\"@id\":\"https:\\\/\\\/radioljubuski.ba\\\/#\\\/schema\\\/logo\\\/image\\\/\"},\"sameAs\":[\"https:\\\/\\\/www.facebook.com\\\/Radiio-Ljubuski-1490835324566332\",\"https:\\\/\\\/x.com\\\/radioljubuski\",\"https:\\\/\\\/hr.linkedin.com\\\/company\\\/radio-ljubuski\",\"https:\\\/\\\/www.youtube.com\\\/channel\\\/UCHYaeO_n0Db3tjNGudGpXyw\"]},{\"@type\":\"Person\",\"@id\":\"https:\\\/\\\/radioljubuski.ba\\\/#\\\/schema\\\/person\\\/19fc700381a780f69665d7956c469e3b\",\"name\":\"Radio Ljubu\u0161ki\"}]}<\/script>\n<!-- \/ Yoast SEO plugin. -->","yoast_head_json":{"title":"Svjedoci pada letjelice: \"Eksplodiralo je 2 metra od mene. Hvala bogu \u0161to sam \u017eiva\" - RADIO LJUBU\u0160KI","robots":{"index":"index","follow":"follow","max-snippet":"max-snippet:-1","max-image-preview":"max-image-preview:large","max-video-preview":"max-video-preview:-1"},"canonical":"https:\/\/radioljubuski.ba\/index.php\/2022\/03\/11\/svjedoci-pada-letjelice-eksplodiralo-je-2-metra-od-mene-hvala-bogu-sto-sam-ziva\/","og_locale":"hr_HR","og_type":"article","og_title":"Svjedoci pada letjelice: \"Eksplodiralo je 2 metra od mene. Hvala bogu \u0161to sam \u017eiva\" - RADIO LJUBU\u0160KI","og_description":"U djelu Zagreba ju\u010der ne\u0161to iza 23 sata \u010duo se glasan prasak. Na Jarunskoj cesti su policija i vatrogasci. U tlu je ostala velika rupa, po svemu sude\u0107i ne\u0161to je udarilo u zemlju i eksplodiralo. Prema prvim informacijama radi se o bespilotnoj letjelici. O\u010devici su rekli kako je ne\u0161to s neba palo u zemlju, a [&hellip;]","og_url":"https:\/\/radioljubuski.ba\/index.php\/2022\/03\/11\/svjedoci-pada-letjelice-eksplodiralo-je-2-metra-od-mene-hvala-bogu-sto-sam-ziva\/","og_site_name":"RADIO LJUBU\u0160KI","article_publisher":"https:\/\/www.facebook.com\/Radiio-Ljubuski-1490835324566332","article_published_time":"2022-03-11T10:17:31+00:00","article_modified_time":"2022-03-11T10:17:33+00:00","og_image":[{"width":1000,"height":625,"url":"https:\/\/radioljubuski.ba\/wp-content\/uploads\/2022\/03\/2-2022-03-11-07-57-49-zg.png","type":"image\/png"}],"author":"Radio Ljubu\u0161ki","twitter_card":"summary_large_image","twitter_creator":"@radioljubuski","twitter_site":"@radioljubuski","twitter_misc":{"Napisao\/la":"Radio Ljubu\u0161ki","Procijenjeno vrijeme \u010ditanja":"2 minute"},"schema":{"@context":"https:\/\/schema.org","@graph":[{"@type":"Article","@id":"https:\/\/radioljubuski.ba\/index.php\/2022\/03\/11\/svjedoci-pada-letjelice-eksplodiralo-je-2-metra-od-mene-hvala-bogu-sto-sam-ziva\/#article","isPartOf":{"@id":"https:\/\/radioljubuski.ba\/index.php\/2022\/03\/11\/svjedoci-pada-letjelice-eksplodiralo-je-2-metra-od-mene-hvala-bogu-sto-sam-ziva\/"},"author":{"name":"Radio Ljubu\u0161ki","@id":"https:\/\/radioljubuski.ba\/#\/schema\/person\/19fc700381a780f69665d7956c469e3b"},"headline":"Svjedoci pada letjelice: &#8220;Eksplodiralo je 2 metra od mene. Hvala bogu \u0161to sam \u017eiva&#8221;","datePublished":"2022-03-11T10:17:31+00:00","dateModified":"2022-03-11T10:17:33+00:00","mainEntityOfPage":{"@id":"https:\/\/radioljubuski.ba\/index.php\/2022\/03\/11\/svjedoci-pada-letjelice-eksplodiralo-je-2-metra-od-mene-hvala-bogu-sto-sam-ziva\/"},"wordCount":333,"publisher":{"@id":"https:\/\/radioljubuski.ba\/#organization"},"image":{"@id":"https:\/\/radioljubuski.ba\/index.php\/2022\/03\/11\/svjedoci-pada-letjelice-eksplodiralo-je-2-metra-od-mene-hvala-bogu-sto-sam-ziva\/#primaryimage"},"thumbnailUrl":"https:\/\/radioljubuski.ba\/wp-content\/uploads\/2022\/03\/2-2022-03-11-07-57-49-zg.png","articleSection":["BIH i regija"],"inLanguage":"hr"},{"@type":"WebPage","@id":"https:\/\/radioljubuski.ba\/index.php\/2022\/03\/11\/svjedoci-pada-letjelice-eksplodiralo-je-2-metra-od-mene-hvala-bogu-sto-sam-ziva\/","url":"https:\/\/radioljubuski.ba\/index.php\/2022\/03\/11\/svjedoci-pada-letjelice-eksplodiralo-je-2-metra-od-mene-hvala-bogu-sto-sam-ziva\/","name":"Svjedoci pada letjelice: \"Eksplodiralo je 2 metra od mene. Hvala bogu \u0161to sam \u017eiva\" - RADIO LJUBU\u0160KI","isPartOf":{"@id":"https:\/\/radioljubuski.ba\/#website"},"primaryImageOfPage":{"@id":"https:\/\/radioljubuski.ba\/index.php\/2022\/03\/11\/svjedoci-pada-letjelice-eksplodiralo-je-2-metra-od-mene-hvala-bogu-sto-sam-ziva\/#primaryimage"},"image":{"@id":"https:\/\/radioljubuski.ba\/index.php\/2022\/03\/11\/svjedoci-pada-letjelice-eksplodiralo-je-2-metra-od-mene-hvala-bogu-sto-sam-ziva\/#primaryimage"},"thumbnailUrl":"https:\/\/radioljubuski.ba\/wp-content\/uploads\/2022\/03\/2-2022-03-11-07-57-49-zg.png","datePublished":"2022-03-11T10:17:31+00:00","dateModified":"2022-03-11T10:17:33+00:00","breadcrumb":{"@id":"https:\/\/radioljubuski.ba\/index.php\/2022\/03\/11\/svjedoci-pada-letjelice-eksplodiralo-je-2-metra-od-mene-hvala-bogu-sto-sam-ziva\/#breadcrumb"},"inLanguage":"hr","potentialAction":[{"@type":"ReadAction","target":["https:\/\/radioljubuski.ba\/index.php\/2022\/03\/11\/svjedoci-pada-letjelice-eksplodiralo-je-2-metra-od-mene-hvala-bogu-sto-sam-ziva\/"]}]},{"@type":"ImageObject","inLanguage":"hr","@id":"https:\/\/radioljubuski.ba\/index.php\/2022\/03\/11\/svjedoci-pada-letjelice-eksplodiralo-je-2-metra-od-mene-hvala-bogu-sto-sam-ziva\/#primaryimage","url":"https:\/\/radioljubuski.ba\/wp-content\/uploads\/2022\/03\/2-2022-03-11-07-57-49-zg.png","contentUrl":"https:\/\/radioljubuski.ba\/wp-content\/uploads\/2022\/03\/2-2022-03-11-07-57-49-zg.png","width":1000,"height":625},{"@type":"BreadcrumbList","@id":"https:\/\/radioljubuski.ba\/index.php\/2022\/03\/11\/svjedoci-pada-letjelice-eksplodiralo-je-2-metra-od-mene-hvala-bogu-sto-sam-ziva\/#breadcrumb","itemListElement":[{"@type":"ListItem","position":1,"name":"Po\u010detna stranica","item":"https:\/\/radioljubuski.ba\/"},{"@type":"ListItem","position":2,"name":"Svjedoci pada letjelice: &#8220;Eksplodiralo je 2 metra od mene. Hvala bogu \u0161to sam \u017eiva&#8221;"}]},{"@type":"WebSite","@id":"https:\/\/radioljubuski.ba\/#website","url":"https:\/\/radioljubuski.ba\/","name":"Radio Ljubu\u0161ki","description":"Sun\u010dana frekvencija Hercegovine","publisher":{"@id":"https:\/\/radioljubuski.ba\/#organization"},"potentialAction":[{"@type":"SearchAction","target":{"@type":"EntryPoint","urlTemplate":"https:\/\/radioljubuski.ba\/?s={search_term_string}"},"query-input":{"@type":"PropertyValueSpecification","valueRequired":true,"valueName":"search_term_string"}}],"inLanguage":"hr"},{"@type":"Organization","@id":"https:\/\/radioljubuski.ba\/#organization","name":"Radio Ljubu\u0161ki","url":"https:\/\/radioljubuski.ba\/","logo":{"@type":"ImageObject","inLanguage":"hr","@id":"https:\/\/radioljubuski.ba\/#\/schema\/logo\/image\/","url":"https:\/\/radioljubuski.ba\/wp-content\/uploads\/2021\/02\/cropped-Radio_Ljubuski_logo1.jpg","contentUrl":"https:\/\/radioljubuski.ba\/wp-content\/uploads\/2021\/02\/cropped-Radio_Ljubuski_logo1.jpg","width":512,"height":512,"caption":"Radio Ljubu\u0161ki"},"image":{"@id":"https:\/\/radioljubuski.ba\/#\/schema\/logo\/image\/"},"sameAs":["https:\/\/www.facebook.com\/Radiio-Ljubuski-1490835324566332","https:\/\/x.com\/radioljubuski","https:\/\/hr.linkedin.com\/company\/radio-ljubuski","https:\/\/www.youtube.com\/channel\/UCHYaeO_n0Db3tjNGudGpXyw"]},{"@type":"Person","@id":"https:\/\/radioljubuski.ba\/#\/schema\/person\/19fc700381a780f69665d7956c469e3b","name":"Radio Ljubu\u0161ki"}]}},"_links":{"self":[{"href":"https:\/\/radioljubuski.ba\/index.php\/wp-json\/wp\/v2\/posts\/120332","targetHints":{"allow":["GET"]}}],"collection":[{"href":"https:\/\/radioljubuski.ba\/index.php\/wp-json\/wp\/v2\/posts"}],"about":[{"href":"https:\/\/radioljubuski.ba\/index.php\/wp-json\/wp\/v2\/types\/post"}],"author":[{"embeddable":true,"href":"https:\/\/radioljubuski.ba\/index.php\/wp-json\/wp\/v2\/users\/2"}],"replies":[{"embeddable":true,"href":"https:\/\/radioljubuski.ba\/index.php\/wp-json\/wp\/v2\/comments?post=120332"}],"version-history":[{"count":1,"href":"https:\/\/radioljubuski.ba\/index.php\/wp-json\/wp\/v2\/posts\/120332\/revisions"}],"predecessor-version":[{"id":120334,"href":"https:\/\/radioljubuski.ba\/index.php\/wp-json\/wp\/v2\/posts\/120332\/revisions\/120334"}],"wp:featuredmedia":[{"embeddable":true,"href":"https:\/\/radioljubuski.ba\/index.php\/wp-json\/wp\/v2\/media\/120333"}],"wp:attachment":[{"href":"https:\/\/radioljubuski.ba\/index.php\/wp-json\/wp\/v2\/media?parent=120332"}],"wp:term":[{"taxonomy":"category","embeddable":true,"href":"https:\/\/radioljubuski.ba\/index.php\/wp-json\/wp\/v2\/categories?post=120332"},{"taxonomy":"post_tag","embeddable":true,"href":"https:\/\/radioljubuski.ba\/index.php\/wp-json\/wp\/v2\/tags?post=120332"}],"curies":[{"name":"wp","href":"https:\/\/api.w.org\/{rel}","templated":true}]}}