{"id":120335,"date":"2022-03-11T11:18:39","date_gmt":"2022-03-11T10:18:39","guid":{"rendered":"https:\/\/radioljubuski.ba\/?p=120335"},"modified":"2022-03-11T18:46:06","modified_gmt":"2022-03-11T17:46:06","slug":"nekontroliranom-rastu-cijena-goriva-bi-se-ubrzo-trebalo-stati-u-kraj","status":"publish","type":"post","link":"https:\/\/radioljubuski.ba\/index.php\/2022\/03\/11\/nekontroliranom-rastu-cijena-goriva-bi-se-ubrzo-trebalo-stati-u-kraj\/","title":{"rendered":"Nekontroliranom rastu cijena goriva bi se ubrzo trebalo stati u kraj"},"content":{"rendered":"\n<p>Tra\u017eit \u0107e se glasovi iz entiteta Republika Srpska za kona\u010dnu potvrdu nekoliko zakonskih rje\u0161enja koja su ju\u010der usvojena u Zastupni\u010dkom domu Parlamenta Bosne i Hercegovine. Onih europskih, ali i ekonomskih. A bili su vrijedni zastupnici i radili &#8211; tvrde &#8211; isklju\u010divo u interesu gra\u0111ana. Usvojeno je privremeno ukidanje akciza na gorivo, smanjena stopa PDV-a i napravljen korak ka statusu kandidata.&nbsp;<\/p>\n\n\n\n<p>Cijene goriva rastu, gra\u0111ani nervozno rove d\u017eepove, oni drugi zadovoljno trljaju ruke. Tome bi se ubrzo trebalo stati u kraj, barem privremeno. Prijedlog ukidanja akciza na gorivo ju\u010der je pre\u0161ao prvi prag. Interesi &#8211; gra\u0111anski i politi\u010dki.<\/p>\n\n\n\n<p>&#8220;Evo i mi bismo malo pomogli gra\u0111anima, kako vole ovdje re\u0107i. Da i mi budemo u javnosti prepoznati kao oni koji misle o gra\u0111anima&#8221;, komentirao je Nikola Lovrinovi\u0107, predsjedavaju\u0107i Kluba HDZ-a BiH u Zastupni\u010dkom domu PSBiH.<\/p>\n\n\n\n<p>Ali posao je takav, pa uvijek neko gubi. Ovaj put na udaru su prora\u010duni jer bi priliv novca bio mnogo manji. Pa po prioritetima.<\/p>\n\n\n\n<p>&#8220;Taj novac nije nijedan politi\u010dar donio od ku\u0107e pa uplatio u prora\u010dun. To je novac gra\u0111ana koji je prikupljen od PDV-a. Za\u0161to je toliko PDV-a &#8211; zato \u0161to su cijene sko\u010dile. Mi ve\u0107 sada govorimo o suficitima bud\u017eeta&#8221;, istakao je Sa\u0161a Magazinovi\u0107, predsjedavaju\u0107i Kluba SDP-a u Zastupni\u010dkom domu BiH.&nbsp;<\/p>\n\n\n\n<p>&#8220;Vidjeli smo da prilikom predlaganja ovog zakona, koji je predlo\u017een 24. velja\u010de, do danas ve\u0107 imamo pove\u0107anje cijena nafte i derivata koje prelazi akcize od 35 feninga&#8221;, naveo je Adil Osmanovi\u0107, predsjedavaju\u0107i Kluba SDA u Zastupni\u010dkom domu BiH.<\/p>\n\n\n\n<p>Pomo\u0107 gra\u0111anima stigla je i kroz prijedloge iz RS-a, njih dva: diferencirana stopa i sni\u017een postotak PDV-a. Prvi iz SNSD-a, drugi iz opozicione SDS. Ovaj drugi, ka\u017eu zastupnici, socijalno je osjetljiviji, pa je i dobio podr\u0161ku.<\/p>\n\n\n\n<p>&#8220;Podr\u017eali su zakon koji je bilo te\u0161ko odbiti i to je su\u0161tina. Tako \u0107emo i ubudu\u0107e raditi&#8221;, kazao je Mirko \u0160arovi\u0107, predsjedavaju\u0107i Kluba SDS-a u Zastupni\u010dkom domu BiH.<\/p>\n\n\n\n<p>Zakon u proceduri, primjena upitna. Iz Uprave za indirektno oporezivanje BiH poru\u010duju, da bez usvojenog bud\u017eeta, novca za neophodnu zamjenu softvera nemaju. A i kada ga dobiju, trebat \u0107e im vremena. Dakle hitno &#8211; ne i brzo.<\/p>\n\n\n\n<p>Glasnogovornik UIOBiH Ratko Kova\u010devi\u0107 ka\u017ee: &#8220;I porezni obveznici na koje \u0107e se taj zakon odnositi morat \u0107e mijenjati svoja softverska rje\u0161enja &#8211; kako u maloprodaji tako i knjigovodstvu, tako da je i za to potrebno vrijeme, a i oni \u0107e morati izdvojiti odre\u0111ena finansijska sredstva kako bi zamijenili softvere.&#8221;<\/p>\n\n\n\n<p>Vrijedni su bili ju\u010der, pa je Zastupni\u010dki dom usvojio i dva zakona neophodna za evropski put BiH: Zakon o sukobu interesa i Zakon o VSTV-u. Uz onaj o javnim nabavkama, koji je zapeo u Domu naroda, bili bismo korak do kandidatskog statusa. Ako volje bude.&nbsp;<\/p>\n\n\n\n<p>&#8220;Europska unija nije vi\u0161e pitanje ukusa. U momentu u kojem \u017eivimo pristup EU je sigurnosno pitanje za BiH&#8221;, smatra Predrag Kojovi\u0107, predsjedavaju\u0107i Kluba Na\u0161e stranke u Zastupni\u010dkom domu BiH.<\/p>\n\n\n\n<p>&#8220;S ova tri zakona smo zadovoljili zahtjeve EU za dobijanje kandidatskog statusa. Glasanje na Domu naroda \u0107e predstavljati pravu razdjelnicu izme\u0111u politi\u010dkih opcija koje su proevropske orijentisane, koje vide BiH kao dio Europe, i onih politika koje \u017eele konflikte&#8221;, naglasio je Denis Zvizdi\u0107, predsjedavaju\u0107i Zastupni\u010dkog doma BiH.<\/p>\n\n\n\n<p>Razdjelnica najkasnije \u0107e biti 24. marta za kada je zakazana sjednica Doma naroda na kojoj bi &nbsp;trebali raspravljati o svim ovim prijedlozima. Ako ne i ranije. Jer potpise za hitnu sjednicu skupljaju, gra\u0111ani \u010dekaju, a cijene i dalje nekontrolisano rastu.<\/p>\n\n\n\n<p>Izvor:federalna.ba<\/p>\n","protected":false},"excerpt":{"rendered":"<p>Tra\u017eit \u0107e se glasovi iz entiteta Republika Srpska za kona\u010dnu potvrdu nekoliko zakonskih rje\u0161enja koja su ju\u010der usvojena u Zastupni\u010dkom domu Parlamenta Bosne i Hercegovine. Onih europskih, ali i ekonomskih. A bili su vrijedni zastupnici i radili &#8211; tvrde &#8211; isklju\u010divo u interesu gra\u0111ana. Usvojeno je privremeno ukidanje akciza na gorivo, smanjena stopa PDV-a i [&hellip;]<\/p>\n","protected":false},"author":2,"featured_media":0,"comment_status":"closed","ping_status":"closed","sticky":false,"template":"","format":"standard","meta":{"h5ap_radio_sources":[],"footnotes":""},"categories":[1],"tags":[],"class_list":["post-120335","post","type-post","status-publish","format-standard","hentry","category-bihiregija"],"yoast_head":"<!-- This site is optimized with the Yoast SEO plugin v27.5 - https:\/\/yoast.com\/product\/yoast-seo-wordpress\/ -->\n<title>Nekontroliranom rastu cijena goriva bi se ubrzo trebalo stati u kraj - RADIO LJUBU\u0160KI<\/title>\n<meta name=\"robots\" content=\"index, follow, max-snippet:-1, max-image-preview:large, max-video-preview:-1\" \/>\n<link rel=\"canonical\" href=\"https:\/\/radioljubuski.ba\/index.php\/2022\/03\/11\/nekontroliranom-rastu-cijena-goriva-bi-se-ubrzo-trebalo-stati-u-kraj\/\" \/>\n<meta property=\"og:locale\" content=\"hr_HR\" \/>\n<meta property=\"og:type\" content=\"article\" \/>\n<meta property=\"og:title\" content=\"Nekontroliranom rastu cijena goriva bi se ubrzo trebalo stati u kraj - RADIO LJUBU\u0160KI\" \/>\n<meta property=\"og:description\" content=\"Tra\u017eit \u0107e se glasovi iz entiteta Republika Srpska za kona\u010dnu potvrdu nekoliko zakonskih rje\u0161enja koja su ju\u010der usvojena u Zastupni\u010dkom domu Parlamenta Bosne i Hercegovine. Onih europskih, ali i ekonomskih. A bili su vrijedni zastupnici i radili &#8211; tvrde &#8211; isklju\u010divo u interesu gra\u0111ana. Usvojeno je privremeno ukidanje akciza na gorivo, smanjena stopa PDV-a i [&hellip;]\" \/>\n<meta property=\"og:url\" content=\"https:\/\/radioljubuski.ba\/index.php\/2022\/03\/11\/nekontroliranom-rastu-cijena-goriva-bi-se-ubrzo-trebalo-stati-u-kraj\/\" \/>\n<meta property=\"og:site_name\" content=\"RADIO LJUBU\u0160KI\" \/>\n<meta property=\"article:publisher\" content=\"https:\/\/www.facebook.com\/Radiio-Ljubuski-1490835324566332\" \/>\n<meta property=\"article:published_time\" content=\"2022-03-11T10:18:39+00:00\" \/>\n<meta property=\"article:modified_time\" content=\"2022-03-11T17:46:06+00:00\" \/>\n<meta property=\"og:image\" content=\"https:\/\/radioljubuski.ba\/wp-content\/uploads\/2021\/08\/benzin-gorivo-b9932213e540aac11c9454f05eb49da6_view_article_new.jpg\" \/>\n\t<meta property=\"og:image:width\" content=\"860\" \/>\n\t<meta property=\"og:image:height\" content=\"430\" \/>\n\t<meta property=\"og:image:type\" content=\"image\/jpeg\" \/>\n<meta name=\"author\" content=\"Radio Ljubu\u0161ki\" \/>\n<meta name=\"twitter:card\" content=\"summary_large_image\" \/>\n<meta name=\"twitter:creator\" content=\"@radioljubuski\" \/>\n<meta name=\"twitter:site\" content=\"@radioljubuski\" \/>\n<meta name=\"twitter:label1\" content=\"Napisao\/la\" \/>\n\t<meta name=\"twitter:data1\" content=\"Radio Ljubu\u0161ki\" \/>\n\t<meta name=\"twitter:label2\" content=\"Procijenjeno vrijeme \u010ditanja\" \/>\n\t<meta name=\"twitter:data2\" content=\"3 minute\" \/>\n<script type=\"application\/ld+json\" class=\"yoast-schema-graph\">{\"@context\":\"https:\\\/\\\/schema.org\",\"@graph\":[{\"@type\":\"Article\",\"@id\":\"https:\\\/\\\/radioljubuski.ba\\\/index.php\\\/2022\\\/03\\\/11\\\/nekontroliranom-rastu-cijena-goriva-bi-se-ubrzo-trebalo-stati-u-kraj\\\/#article\",\"isPartOf\":{\"@id\":\"https:\\\/\\\/radioljubuski.ba\\\/index.php\\\/2022\\\/03\\\/11\\\/nekontroliranom-rastu-cijena-goriva-bi-se-ubrzo-trebalo-stati-u-kraj\\\/\"},\"author\":{\"name\":\"Radio Ljubu\u0161ki\",\"@id\":\"https:\\\/\\\/radioljubuski.ba\\\/#\\\/schema\\\/person\\\/19fc700381a780f69665d7956c469e3b\"},\"headline\":\"Nekontroliranom rastu cijena goriva bi se ubrzo trebalo stati u kraj\",\"datePublished\":\"2022-03-11T10:18:39+00:00\",\"dateModified\":\"2022-03-11T17:46:06+00:00\",\"mainEntityOfPage\":{\"@id\":\"https:\\\/\\\/radioljubuski.ba\\\/index.php\\\/2022\\\/03\\\/11\\\/nekontroliranom-rastu-cijena-goriva-bi-se-ubrzo-trebalo-stati-u-kraj\\\/\"},\"wordCount\":631,\"publisher\":{\"@id\":\"https:\\\/\\\/radioljubuski.ba\\\/#organization\"},\"articleSection\":[\"BIH i regija\"],\"inLanguage\":\"hr\"},{\"@type\":\"WebPage\",\"@id\":\"https:\\\/\\\/radioljubuski.ba\\\/index.php\\\/2022\\\/03\\\/11\\\/nekontroliranom-rastu-cijena-goriva-bi-se-ubrzo-trebalo-stati-u-kraj\\\/\",\"url\":\"https:\\\/\\\/radioljubuski.ba\\\/index.php\\\/2022\\\/03\\\/11\\\/nekontroliranom-rastu-cijena-goriva-bi-se-ubrzo-trebalo-stati-u-kraj\\\/\",\"name\":\"Nekontroliranom rastu cijena goriva bi se ubrzo trebalo stati u kraj - RADIO LJUBU\u0160KI\",\"isPartOf\":{\"@id\":\"https:\\\/\\\/radioljubuski.ba\\\/#website\"},\"datePublished\":\"2022-03-11T10:18:39+00:00\",\"dateModified\":\"2022-03-11T17:46:06+00:00\",\"breadcrumb\":{\"@id\":\"https:\\\/\\\/radioljubuski.ba\\\/index.php\\\/2022\\\/03\\\/11\\\/nekontroliranom-rastu-cijena-goriva-bi-se-ubrzo-trebalo-stati-u-kraj\\\/#breadcrumb\"},\"inLanguage\":\"hr\",\"potentialAction\":[{\"@type\":\"ReadAction\",\"target\":[\"https:\\\/\\\/radioljubuski.ba\\\/index.php\\\/2022\\\/03\\\/11\\\/nekontroliranom-rastu-cijena-goriva-bi-se-ubrzo-trebalo-stati-u-kraj\\\/\"]}]},{\"@type\":\"BreadcrumbList\",\"@id\":\"https:\\\/\\\/radioljubuski.ba\\\/index.php\\\/2022\\\/03\\\/11\\\/nekontroliranom-rastu-cijena-goriva-bi-se-ubrzo-trebalo-stati-u-kraj\\\/#breadcrumb\",\"itemListElement\":[{\"@type\":\"ListItem\",\"position\":1,\"name\":\"Po\u010detna stranica\",\"item\":\"https:\\\/\\\/radioljubuski.ba\\\/\"},{\"@type\":\"ListItem\",\"position\":2,\"name\":\"Nekontroliranom rastu cijena goriva bi se ubrzo trebalo stati u kraj\"}]},{\"@type\":\"WebSite\",\"@id\":\"https:\\\/\\\/radioljubuski.ba\\\/#website\",\"url\":\"https:\\\/\\\/radioljubuski.ba\\\/\",\"name\":\"Radio Ljubu\u0161ki\",\"description\":\"Sun\u010dana frekvencija Hercegovine\",\"publisher\":{\"@id\":\"https:\\\/\\\/radioljubuski.ba\\\/#organization\"},\"potentialAction\":[{\"@type\":\"SearchAction\",\"target\":{\"@type\":\"EntryPoint\",\"urlTemplate\":\"https:\\\/\\\/radioljubuski.ba\\\/?s={search_term_string}\"},\"query-input\":{\"@type\":\"PropertyValueSpecification\",\"valueRequired\":true,\"valueName\":\"search_term_string\"}}],\"inLanguage\":\"hr\"},{\"@type\":\"Organization\",\"@id\":\"https:\\\/\\\/radioljubuski.ba\\\/#organization\",\"name\":\"Radio Ljubu\u0161ki\",\"url\":\"https:\\\/\\\/radioljubuski.ba\\\/\",\"logo\":{\"@type\":\"ImageObject\",\"inLanguage\":\"hr\",\"@id\":\"https:\\\/\\\/radioljubuski.ba\\\/#\\\/schema\\\/logo\\\/image\\\/\",\"url\":\"https:\\\/\\\/radioljubuski.ba\\\/wp-content\\\/uploads\\\/2021\\\/02\\\/cropped-Radio_Ljubuski_logo1.jpg\",\"contentUrl\":\"https:\\\/\\\/radioljubuski.ba\\\/wp-content\\\/uploads\\\/2021\\\/02\\\/cropped-Radio_Ljubuski_logo1.jpg\",\"width\":512,\"height\":512,\"caption\":\"Radio Ljubu\u0161ki\"},\"image\":{\"@id\":\"https:\\\/\\\/radioljubuski.ba\\\/#\\\/schema\\\/logo\\\/image\\\/\"},\"sameAs\":[\"https:\\\/\\\/www.facebook.com\\\/Radiio-Ljubuski-1490835324566332\",\"https:\\\/\\\/x.com\\\/radioljubuski\",\"https:\\\/\\\/hr.linkedin.com\\\/company\\\/radio-ljubuski\",\"https:\\\/\\\/www.youtube.com\\\/channel\\\/UCHYaeO_n0Db3tjNGudGpXyw\"]},{\"@type\":\"Person\",\"@id\":\"https:\\\/\\\/radioljubuski.ba\\\/#\\\/schema\\\/person\\\/19fc700381a780f69665d7956c469e3b\",\"name\":\"Radio Ljubu\u0161ki\"}]}<\/script>\n<!-- \/ Yoast SEO plugin. -->","yoast_head_json":{"title":"Nekontroliranom rastu cijena goriva bi se ubrzo trebalo stati u kraj - RADIO LJUBU\u0160KI","robots":{"index":"index","follow":"follow","max-snippet":"max-snippet:-1","max-image-preview":"max-image-preview:large","max-video-preview":"max-video-preview:-1"},"canonical":"https:\/\/radioljubuski.ba\/index.php\/2022\/03\/11\/nekontroliranom-rastu-cijena-goriva-bi-se-ubrzo-trebalo-stati-u-kraj\/","og_locale":"hr_HR","og_type":"article","og_title":"Nekontroliranom rastu cijena goriva bi se ubrzo trebalo stati u kraj - RADIO LJUBU\u0160KI","og_description":"Tra\u017eit \u0107e se glasovi iz entiteta Republika Srpska za kona\u010dnu potvrdu nekoliko zakonskih rje\u0161enja koja su ju\u010der usvojena u Zastupni\u010dkom domu Parlamenta Bosne i Hercegovine. Onih europskih, ali i ekonomskih. A bili su vrijedni zastupnici i radili &#8211; tvrde &#8211; isklju\u010divo u interesu gra\u0111ana. Usvojeno je privremeno ukidanje akciza na gorivo, smanjena stopa PDV-a i [&hellip;]","og_url":"https:\/\/radioljubuski.ba\/index.php\/2022\/03\/11\/nekontroliranom-rastu-cijena-goriva-bi-se-ubrzo-trebalo-stati-u-kraj\/","og_site_name":"RADIO LJUBU\u0160KI","article_publisher":"https:\/\/www.facebook.com\/Radiio-Ljubuski-1490835324566332","article_published_time":"2022-03-11T10:18:39+00:00","article_modified_time":"2022-03-11T17:46:06+00:00","og_image":[{"width":860,"height":430,"url":"https:\/\/radioljubuski.ba\/wp-content\/uploads\/2021\/08\/benzin-gorivo-b9932213e540aac11c9454f05eb49da6_view_article_new.jpg","type":"image\/jpeg"}],"author":"Radio Ljubu\u0161ki","twitter_card":"summary_large_image","twitter_creator":"@radioljubuski","twitter_site":"@radioljubuski","twitter_misc":{"Napisao\/la":"Radio Ljubu\u0161ki","Procijenjeno vrijeme \u010ditanja":"3 minute"},"schema":{"@context":"https:\/\/schema.org","@graph":[{"@type":"Article","@id":"https:\/\/radioljubuski.ba\/index.php\/2022\/03\/11\/nekontroliranom-rastu-cijena-goriva-bi-se-ubrzo-trebalo-stati-u-kraj\/#article","isPartOf":{"@id":"https:\/\/radioljubuski.ba\/index.php\/2022\/03\/11\/nekontroliranom-rastu-cijena-goriva-bi-se-ubrzo-trebalo-stati-u-kraj\/"},"author":{"name":"Radio Ljubu\u0161ki","@id":"https:\/\/radioljubuski.ba\/#\/schema\/person\/19fc700381a780f69665d7956c469e3b"},"headline":"Nekontroliranom rastu cijena goriva bi se ubrzo trebalo stati u kraj","datePublished":"2022-03-11T10:18:39+00:00","dateModified":"2022-03-11T17:46:06+00:00","mainEntityOfPage":{"@id":"https:\/\/radioljubuski.ba\/index.php\/2022\/03\/11\/nekontroliranom-rastu-cijena-goriva-bi-se-ubrzo-trebalo-stati-u-kraj\/"},"wordCount":631,"publisher":{"@id":"https:\/\/radioljubuski.ba\/#organization"},"articleSection":["BIH i regija"],"inLanguage":"hr"},{"@type":"WebPage","@id":"https:\/\/radioljubuski.ba\/index.php\/2022\/03\/11\/nekontroliranom-rastu-cijena-goriva-bi-se-ubrzo-trebalo-stati-u-kraj\/","url":"https:\/\/radioljubuski.ba\/index.php\/2022\/03\/11\/nekontroliranom-rastu-cijena-goriva-bi-se-ubrzo-trebalo-stati-u-kraj\/","name":"Nekontroliranom rastu cijena goriva bi se ubrzo trebalo stati u kraj - RADIO LJUBU\u0160KI","isPartOf":{"@id":"https:\/\/radioljubuski.ba\/#website"},"datePublished":"2022-03-11T10:18:39+00:00","dateModified":"2022-03-11T17:46:06+00:00","breadcrumb":{"@id":"https:\/\/radioljubuski.ba\/index.php\/2022\/03\/11\/nekontroliranom-rastu-cijena-goriva-bi-se-ubrzo-trebalo-stati-u-kraj\/#breadcrumb"},"inLanguage":"hr","potentialAction":[{"@type":"ReadAction","target":["https:\/\/radioljubuski.ba\/index.php\/2022\/03\/11\/nekontroliranom-rastu-cijena-goriva-bi-se-ubrzo-trebalo-stati-u-kraj\/"]}]},{"@type":"BreadcrumbList","@id":"https:\/\/radioljubuski.ba\/index.php\/2022\/03\/11\/nekontroliranom-rastu-cijena-goriva-bi-se-ubrzo-trebalo-stati-u-kraj\/#breadcrumb","itemListElement":[{"@type":"ListItem","position":1,"name":"Po\u010detna stranica","item":"https:\/\/radioljubuski.ba\/"},{"@type":"ListItem","position":2,"name":"Nekontroliranom rastu cijena goriva bi se ubrzo trebalo stati u kraj"}]},{"@type":"WebSite","@id":"https:\/\/radioljubuski.ba\/#website","url":"https:\/\/radioljubuski.ba\/","name":"Radio Ljubu\u0161ki","description":"Sun\u010dana frekvencija Hercegovine","publisher":{"@id":"https:\/\/radioljubuski.ba\/#organization"},"potentialAction":[{"@type":"SearchAction","target":{"@type":"EntryPoint","urlTemplate":"https:\/\/radioljubuski.ba\/?s={search_term_string}"},"query-input":{"@type":"PropertyValueSpecification","valueRequired":true,"valueName":"search_term_string"}}],"inLanguage":"hr"},{"@type":"Organization","@id":"https:\/\/radioljubuski.ba\/#organization","name":"Radio Ljubu\u0161ki","url":"https:\/\/radioljubuski.ba\/","logo":{"@type":"ImageObject","inLanguage":"hr","@id":"https:\/\/radioljubuski.ba\/#\/schema\/logo\/image\/","url":"https:\/\/radioljubuski.ba\/wp-content\/uploads\/2021\/02\/cropped-Radio_Ljubuski_logo1.jpg","contentUrl":"https:\/\/radioljubuski.ba\/wp-content\/uploads\/2021\/02\/cropped-Radio_Ljubuski_logo1.jpg","width":512,"height":512,"caption":"Radio Ljubu\u0161ki"},"image":{"@id":"https:\/\/radioljubuski.ba\/#\/schema\/logo\/image\/"},"sameAs":["https:\/\/www.facebook.com\/Radiio-Ljubuski-1490835324566332","https:\/\/x.com\/radioljubuski","https:\/\/hr.linkedin.com\/company\/radio-ljubuski","https:\/\/www.youtube.com\/channel\/UCHYaeO_n0Db3tjNGudGpXyw"]},{"@type":"Person","@id":"https:\/\/radioljubuski.ba\/#\/schema\/person\/19fc700381a780f69665d7956c469e3b","name":"Radio Ljubu\u0161ki"}]}},"_links":{"self":[{"href":"https:\/\/radioljubuski.ba\/index.php\/wp-json\/wp\/v2\/posts\/120335","targetHints":{"allow":["GET"]}}],"collection":[{"href":"https:\/\/radioljubuski.ba\/index.php\/wp-json\/wp\/v2\/posts"}],"about":[{"href":"https:\/\/radioljubuski.ba\/index.php\/wp-json\/wp\/v2\/types\/post"}],"author":[{"embeddable":true,"href":"https:\/\/radioljubuski.ba\/index.php\/wp-json\/wp\/v2\/users\/2"}],"replies":[{"embeddable":true,"href":"https:\/\/radioljubuski.ba\/index.php\/wp-json\/wp\/v2\/comments?post=120335"}],"version-history":[{"count":1,"href":"https:\/\/radioljubuski.ba\/index.php\/wp-json\/wp\/v2\/posts\/120335\/revisions"}],"predecessor-version":[{"id":120336,"href":"https:\/\/radioljubuski.ba\/index.php\/wp-json\/wp\/v2\/posts\/120335\/revisions\/120336"}],"wp:attachment":[{"href":"https:\/\/radioljubuski.ba\/index.php\/wp-json\/wp\/v2\/media?parent=120335"}],"wp:term":[{"taxonomy":"category","embeddable":true,"href":"https:\/\/radioljubuski.ba\/index.php\/wp-json\/wp\/v2\/categories?post=120335"},{"taxonomy":"post_tag","embeddable":true,"href":"https:\/\/radioljubuski.ba\/index.php\/wp-json\/wp\/v2\/tags?post=120335"}],"curies":[{"name":"wp","href":"https:\/\/api.w.org\/{rel}","templated":true}]}}