{"id":12043,"date":"2021-04-12T11:55:20","date_gmt":"2021-04-12T10:55:20","guid":{"rendered":"https:\/\/radioljubuski.ba\/?p=12043"},"modified":"2021-04-12T11:55:20","modified_gmt":"2021-04-12T10:55:20","slug":"danas-422-nova-slucaja-zaraze-25-umrlih","status":"publish","type":"post","link":"https:\/\/radioljubuski.ba\/index.php\/2021\/04\/12\/danas-422-nova-slucaja-zaraze-25-umrlih\/","title":{"rendered":"Danas 422 nova slu\u010daja zaraze, 25 umrlih"},"content":{"rendered":"\n<p>U posljednja 24 sata zabilje\u017eena su 422 novozara\u017eena virusom SARS-CoV-2 te je aktivnih slu\u010dajeva u Hrvatskoj danas ukupno 11 844.&nbsp;Me\u0111u njima su 1953 pacijenta na bolni\u010dkom lije\u010denju, od kojih 191 na respiratoru. Preminulo je 25 osoba.<\/p>\n\n\n\n<p>Od 25. velja\u010de 2020., kada je zabilje\u017een prvi slu\u010daj zaraze u Hrvatskoj, do danas ukupno je zabilje\u017eeno 292 938 osoba zara\u017eenih novim koronavirusom, od kojih su 6333 preminule, ukupno se oporavila 274 761 osoba od toga 1794 u posljednja 24 sata. U samoizolaciji su trenuta\u010dno 26 303 osobe.<br><br>Do danas je ukupno testirano 1 642 311 osoba, od toga 3201 u protekla 24 sata.<br><br>Zaklju\u010dno s 11. travnja utro\u0161ene su 588 183 doze, a cijepljeno je 477 617 osoba. Prvom dozom cijepljene su 365 323 osobe, dok ih je drugom dozom cijepljeno 110 566. Za 1728 osoba nema podataka kojom dozom su cijepljenje.<\/p>\n\n\n\n<h4 class=\"wp-block-heading\">Dubrov\u010dani nakon gotovo pet mjeseci piju kavu na terasama kafi\u0107a<\/h4>\n\n\n\n<p>12:45<\/p>\n\n\n\n<p>Dok se u nekim \u017eupanijama mjere poo\u0161travaju, Dubrov\u010dani nakon gotovo pet mjeseci piju kavu na terasama kafi\u0107a i restorana. Otvaranje je pratila ekipa HRT-a. Novinarka <strong>Morana Bari\u010devi\u0107<\/strong> kazala je u podnevnom Dnevniku kako je u ovom trenutku u Dubrovniku vi\u0161e stanovnika nego turista.<br><br>Naglasila je da su Dubrov\u010dani sretni zbog otvaranja ugostiteljskih objekata, jer je za njih ispijanje kave u kafi\u0107ima poseban ritual. Bari\u010devi\u0107 je istaknula da se popu\u0161tanje mjera odnosi na Konavle pa do op\u0107ine Janjine na Pelje\u0161cu, a na ostale dijelove \u017eupanije mjere se ne odnose. Sli\u010dna je i situacije \u0161to se ti\u010de \u0161kolaraca, povratak u \u0161kolu na nastavu ovisi od grada do grada.<br><br>Brojevi zara\u017eenih u Dubrova\u010dko-neretvanskoj \u017eupaniji i dalje nisu dobri, udio pozitivnih me\u0111u testiranima je dvadesetak posto.&nbsp;<\/p>\n\n\n\n<h4 class=\"wp-block-heading\">Ugostitelji nezadovoljni novim mjerama<\/h4>\n\n\n\n<p>12:19<\/p>\n\n\n\n<p>Mnogi trgovci i ugostitelji u Primorsko-goranskoj \u017eupaniji zatvorili su svoja vrata na najmanje dva tjedna u nadi da \u0107e se tako obuzdati \u0161irenje zaraze i \u0161to je jo\u0161 va\u017enije &#8211; smanjiti pritisak na bolni\u010dki sustav. HTV-ova reporterka <strong>Iva \u010crnjar Ivan\u010dan <\/strong>kazala je za podnevni Dnevnik kako su mnogi ugostitelji nezadovoljni novim mjerama, \u0161to je bilo i za o\u010dekivati.<br><br>&#8211; Brojke hospitaliziranih i umrlih u ovom proteklom tjednu su za nas frapantne brojke, najve\u0107e do sada koje smo imali u jednom danu. Tako da je to sigurno glavni i isklju\u010divi razlog zbog \u010dega smo oti\u0161li u ove bolne mjere zatvaranja i svjesni smo posljedica i u zdravstvenom, socijalno-psiholo\u0161kom smislu, a o gospodarskom da ne govorimo, rekao je ravnatelj Zavoda za javno zdravstvo Primorsko-goranske \u017eupanije <strong>Vladimir Mi\u0107ovi\u0107<\/strong>.&nbsp;<\/p>\n\n\n\n<h4 class=\"wp-block-heading\">HDZ-ov kandidat za rije\u010dkog gradona\u010delnika Ostrogovi\u0107 pozitivan na koronavirus<\/h4>\n\n\n\n<p>10:48<\/p>\n\n\n\n<p>HDZ-ov kandidat za gradona\u010delnika Rijeke <strong>Josip Ostrogovi\u0107<\/strong> pozitivan je na koronavirus.&nbsp;<\/p>\n\n\n\n<h4 class=\"wp-block-heading\">Umirovljenicima COVID dodatak<\/h4>\n\n\n\n<p>10:32<\/p>\n\n\n\n<p>Predsjednik hrvatske Vlade <strong>Andrej Plenkovi\u0107<\/strong> obe\u0107ao je da \u0107e umirovljenicima isplatiti Covid dodatak.<br><br>&#8211; Do\u0161li smo do zaklju\u010dka da je potrebno donijeti odluku kojom bismo umirovljenicima isplatili jednokratno primanje. Rije\u010d je o nekoliko kategorija umirovljenika. Pa smo dogovorili da onima koji imaju do 1500 kuna da im se isplati 1200 kuna. Onima kojima je od 1500 do 2000, da se isplati jednokratno nov\u010dano primanje od 900 kuna. Oni koji imaju od 2000 do 3000 kuna, dobit \u0107e 600 kuna, i oni koji imaju izme\u0111u 3000 i 4000 kuna da im se isplati 400 kuna, rekao je.&nbsp;<\/p>\n\n\n\n<h4 class=\"wp-block-heading\">\u0106oru\u0161i\u0107: U Hrvatskoj se ne\u0107e dogoditi Bergamo<\/h4>\n\n\n\n<p>10:08<\/p>\n\n\n\n<p>&#8211; Dobro se nosimo s Covidom kao bolnica, ostali smo bez 300 postelja u potresu. Ali imamo svoj Covid odjel, na kojem imamo oko 150 zaposlenika koji rade isklju\u010divo s tim pacijentima, rekao je prof. dr. Ante \u0106oru\u0161i\u0107, ravnatelj KBC Zagreb u HTV-ovoj emisiji &#8220;Studio 4&#8221;.<br><br>Na pitanje da imamo eksponencijalan rast novozara\u017eenih, a raste i broj mladih koji se okupljaju u centru grada, ka\u017ee da je to na neki na\u010din rizi\u010dno pona\u0161anje.<br><br>&#8211; Ja razumijem mlade, i mogu razumjeti okupljanje na otvorenom ako se dr\u017ei distanca, ali ne mogu razumjeti pjevanje. To je problem u Hrvatskoj, ali i svijetu. Ljudi se te\u0161ko prilago\u0111avaju na neki oblik stege. Va\u017eno je dr\u017eati se epidemiolo\u0161ki propisanih mjera i stvar \u0107e biti pod kontrolom, kazao je.<\/p>\n\n\n\n<h4 class=\"wp-block-heading\">Luk\u0161i\u0107: Situacija bitno ozbiljnija nego prethodnih tjedana<\/h4>\n\n\n\n<p>09:28<\/p>\n\n\n\n<p>Ravnatelj Klini\u010dke bolnice Dubrava <strong>Ivica Luk\u0161i\u0107 <\/strong>rekao je u emisiji &#8220;Dobro jutro Hrvatska&#8221; kako broj hospitaliziranih raste iz dana u dan.<br><br>&#8211; Mi smo preko tristo bolesnika hospitalizirali, to su sve srednje te\u0161ki i te\u0161ko bolesni. Situacija je bitno ozbiljnija nego prethodnih tjedana, rekao je Luk\u0161i\u0107.<\/p>\n\n\n\n<h4 class=\"wp-block-heading\">Rije\u010dane \u010dekaju najstro\u017ee dvotjedne mjere<\/h4>\n\n\n\n<p>07:51<\/p>\n\n\n\n<p>Rije\u010dane \u010dekaju najstro\u017ee dvotjedne mjere u borbi s koronavirusom, koji se u tre\u0107em valu \u0161iri Hrvatskom. Na\u010delnik Sto\u017eera civilne za\u0161tite Primorsko-goranske \u017eupanije <strong>Mladen \u0160\u010dulac <\/strong>rekao je u emisiji &#8220;U mre\u017ei Prvog&#8221; kako su u Primorsko-goranskoj \u017eupaniji zatvorene trgovine odje\u0107om i obu\u0107om, zabranjena su javni doga\u0111aji i okupljanja, ograni\u010deno je radno vrijeme trgovina do 19 sati, dolazak u domove za starije je mogu\u0107 uz PCR ili antigenske testove.<br><br>Pro\u010delnik Zavoda za infektivne bolesti djece pri Klinici za infektivne bolesti &#8220;Dr .Fran Mihaljevi\u0107&#8221; <strong>Goran Te\u0161ovi\u0107<\/strong>&nbsp;naglasio je&nbsp; da u ovom trenutku imaju vi\u0161e hospitalizirane djece no \u0161to su imali ikada od po\u010detka pandemije.<\/p>\n\n\n\n<h4 class=\"wp-block-heading\">Danas se u\u010denici vra\u0107aju na nastavu, ve\u0107ina \u017eupanija na online<\/h4>\n\n\n\n<p>07:40<\/p>\n\n\n\n<p>Danas se u\u010denici vra\u0107aju na nastavu, no u samo pet \u017eupanija u \u0161kole se vra\u0107aju svi u\u010denici. Ve\u0107ina \u017eupanija odlu\u010dila se ipak za ponovni prelazak na nastavu na daljinu, no i tu je situacija \u0161arolika. U nekim \u017eupanijama u \u0161kolu ne\u0107e i\u0107i nitko, a negdje \u0107e i\u0107i samo u\u010denici razredne nastave i maturanti. <a href=\"https:\/\/vijesti.hrt.hr\/hrvatska\/vecina-zupanija-odlucila-se-za-ponovni-prelazak-na-online-nastavu-1421017\" target=\"_blank\" rel=\"noreferrer noopener\">Op\u0161irnije<\/a><\/p>\n\n\n\n<p><strong>Pristi\u017eu podaci po \u017eupanijama:<\/strong><strong><br><br>\u25cf <\/strong>Na podru\u010dju <strong>\u0160ibensko-kninske \u017eupanije <\/strong>18 osoba je oboljelo od COVID-19 infekcije. Jedna osoba preminula<br><br><strong>\u25cf <\/strong>Na podru\u010dju <strong>Osje\u010dko-baranjske \u017eupanije<\/strong> 56 osoba je pozitivno na koronavirus. Preminule su dvije osobe<br><br><strong>\u25cf<\/strong> Na podru\u010dju <strong>Me\u0111imurske \u017eupanije<\/strong> evidentirano je deset novozara\u017eenih osoba na SARS-CoV-2 virus, preminula jedna osoba&nbsp;<br><br><strong>\u25cf <\/strong>U <strong>Gradu Zagrebu <\/strong>101 je novooboljela osoba od koronavirusa<br><br><strong>\u25cf <\/strong>Na podru\u010dju <strong>Dubrova\u010dko-neretvanske \u017eupanije<\/strong> zabilje\u017eeno je pet novih slu\u010dajeva zaraze koronavirusom. Preminula jedna osoba.&nbsp;<br><br><strong>\u25cf <\/strong>Na podru\u010dju <strong>Vara\u017edinske \u017eupanije<\/strong> 88 je novih slu\u010dajeva zaraze. Dvije osobe su preminule<br><br><strong>\u25cf <\/strong>Na podru\u010dju <strong>Zadarske \u017eupanije <\/strong>108 je novooboljelih, jedna osoba preminula<br><br><strong>\u25cf <\/strong>Na podru\u010dju<strong> Zagreba\u010dke \u017eupanije <\/strong>47 osoba je novozara\u017eeno koronavirusom<br><br><strong>\u25cf <\/strong>Na podru\u010dju <strong>Koprivni\u010dko-kri\u017eeva\u010dke \u017eupanije<\/strong> potvr\u0111eno je devet novih slu\u010dajeva bolesti COVID-19, te je jedna osoba preminula<br><br><strong>\u25cf <\/strong>Na podru\u010dju <strong>Viroviti\u010dko-podravske \u017eupanije <\/strong>jedna osoba je novozara\u017eena, a tri osobe su preminule.<br><br><strong>\u25cf <\/strong>U <strong>Li\u010dko-senjsko \u017eupaniji <\/strong>\u0161est je novooboljelih osoba od koronavirusa&nbsp;<br><br><strong>\u25cf<\/strong> U <strong>Istarskoj \u017eupanij<\/strong>i zabilje\u017eena je jedna novozara\u017eena osoba, te je jedna osoba preminula<br><br><strong>\u25cf<\/strong> Na podru\u010dju <strong>Primorsko-goranske \u017eupanije<\/strong> danas su zabilje\u017eena 33 nova slu\u010daja zaraze Covidom-19. Preminula jedna osoba<br><br><strong>\u25cf <\/strong>Na podru\u010dju <strong>Vukovarsko-srijemske \u017eupanije<\/strong> potvr\u0111eno je 13 nova slu\u010daja zaraze koronavirusom&nbsp;<br><br><strong>\u25cf <\/strong>Na podru\u010dju <strong>Bjelovarsko-bilogorske \u017eupanije<\/strong> potvr\u0111eno je pet novih slu\u010daja zaraze koronavirusom&nbsp;<br><br><strong>\u25cf <\/strong>U <strong>Sisa\u010dko-moslava\u010dkoj \u017eupaniji<\/strong> \u010detiri su novooboljele osobe od zarazne bolesti COVID-19<br><br>\u25cf Na podru\u010dju<strong> Po\u017ee\u0161ko-slavonske \u017eupanije<\/strong> zabilje\u017eeno je pet novooboljelih od koronavirusa&nbsp;&nbsp;<\/p>\n\n\n\n<h4 class=\"wp-block-heading\">&#8220;Ne\u0107e do\u0107i do brzog uru\u0161avanja broja novih slu\u010dajeva&#8221;<\/h4>\n\n\n\n<p>07:00<\/p>\n\n\n\n<p>Situacija \u0107e se nastaviti razvijati ovom trajektorijom koja je sada prisutna, ne\u0107e do\u0107i do brzog uru\u0161avanja broja novih slu\u010dajeva, osim eventualno u Primorsko-goranskoj \u017eupaniji koja ide u lockdown, rekao je ju\u010der u sredi\u0161njem Dnevniku dr. Luka \u010ci\u010din-\u0160ain, virusni imunolog.<\/p>\n\n\n\n<h4 class=\"wp-block-heading\">Koronavirus u Hrvatskoj: \u0160to ka\u017eu brojevi?<\/h4>\n\n\n\n<p>06:59<\/p>\n\n\n\n<p>Od po\u010detka epidemije izazvane koronavirusom Sto\u017eer apelira na osobnu odgovornost pojedinca &#8211; da za\u0161titimo i sebe i druge od prijenosa zaraze. Zato je na snazi ograni\u010davanje okupljanja i preporuka gra\u0111anima da se suzdr\u017ee od dru\u017eenja s velikim brojem ljudi. S ukupno 6308 preminulih od po\u010detka pandemije na\u0161a zemlja zauzima 17 mjesto me\u0111u \u010dlanicama Europske unije.<br><br>Ako kao pokazatelj stanja epidemije uzmemo stopu slu\u010dajeva sa smrtnim ishodom, to nas stavlja na 12. mjesto u Europskoj uniji. U na\u0161oj zemlji ta je stopa 2,16 posto, \u0161to zna\u010di da od posljedica zaraze umre jedan od 46 zara\u017eenih.<br><br>Dnevni broj preminulih s COVID-om jedan je od najva\u017enijih pokazatelja stanja. Najve\u0107i dnevni broj umrlih o\u010dekuje se u drugoj polovini svibnja. No dobra je vijest \u0161to, ni prema najlo\u0161ijoj prognozi, ne bismo trebali dosednuti crni rekord iz prosinca, kada je u jednom danu preminulo 78 zara\u017eenih.<\/p>\n\n\n\n<p>Izvor:hrt.hr<\/p>\n","protected":false},"excerpt":{"rendered":"<p>U posljednja 24 sata zabilje\u017eena su 422 novozara\u017eena virusom SARS-CoV-2 te je aktivnih slu\u010dajeva u Hrvatskoj danas ukupno 11 844.&nbsp;Me\u0111u njima su 1953 pacijenta na bolni\u010dkom lije\u010denju, od kojih 191 na respiratoru. Preminulo je 25 osoba. Od 25. velja\u010de 2020., kada je zabilje\u017een prvi slu\u010daj zaraze u Hrvatskoj, do danas ukupno je zabilje\u017eeno 292 938 [&hellip;]<\/p>\n","protected":false},"author":2,"featured_media":12044,"comment_status":"closed","ping_status":"closed","sticky":false,"template":"","format":"standard","meta":{"h5ap_radio_sources":[],"footnotes":""},"categories":[1],"tags":[],"class_list":["post-12043","post","type-post","status-publish","format-standard","has-post-thumbnail","hentry","category-bihiregija"],"yoast_head":"<!-- This site is optimized with the Yoast SEO plugin v27.5 - https:\/\/yoast.com\/product\/yoast-seo-wordpress\/ -->\n<title>Danas 422 nova slu\u010daja zaraze, 25 umrlih - RADIO LJUBU\u0160KI<\/title>\n<meta name=\"robots\" content=\"index, follow, max-snippet:-1, max-image-preview:large, max-video-preview:-1\" \/>\n<link rel=\"canonical\" href=\"https:\/\/radioljubuski.ba\/index.php\/2021\/04\/12\/danas-422-nova-slucaja-zaraze-25-umrlih\/\" \/>\n<meta property=\"og:locale\" content=\"hr_HR\" \/>\n<meta property=\"og:type\" content=\"article\" \/>\n<meta property=\"og:title\" content=\"Danas 422 nova slu\u010daja zaraze, 25 umrlih - RADIO LJUBU\u0160KI\" \/>\n<meta property=\"og:description\" content=\"U posljednja 24 sata zabilje\u017eena su 422 novozara\u017eena virusom SARS-CoV-2 te je aktivnih slu\u010dajeva u Hrvatskoj danas ukupno 11 844.&nbsp;Me\u0111u njima su 1953 pacijenta na bolni\u010dkom lije\u010denju, od kojih 191 na respiratoru. Preminulo je 25 osoba. Od 25. velja\u010de 2020., kada je zabilje\u017een prvi slu\u010daj zaraze u Hrvatskoj, do danas ukupno je zabilje\u017eeno 292 938 [&hellip;]\" \/>\n<meta property=\"og:url\" content=\"https:\/\/radioljubuski.ba\/index.php\/2021\/04\/12\/danas-422-nova-slucaja-zaraze-25-umrlih\/\" \/>\n<meta property=\"og:site_name\" content=\"RADIO LJUBU\u0160KI\" \/>\n<meta property=\"article:publisher\" content=\"https:\/\/www.facebook.com\/Radiio-Ljubuski-1490835324566332\" \/>\n<meta property=\"article:published_time\" content=\"2021-04-12T10:55:20+00:00\" \/>\n<meta property=\"og:image\" content=\"https:\/\/radioljubuski.ba\/wp-content\/uploads\/2021\/04\/aaa-1.png\" \/>\n\t<meta property=\"og:image:width\" content=\"646\" \/>\n\t<meta property=\"og:image:height\" content=\"362\" \/>\n\t<meta property=\"og:image:type\" content=\"image\/png\" \/>\n<meta name=\"author\" content=\"Radio Ljubu\u0161ki\" \/>\n<meta name=\"twitter:card\" content=\"summary_large_image\" \/>\n<meta name=\"twitter:creator\" content=\"@radioljubuski\" \/>\n<meta name=\"twitter:site\" content=\"@radioljubuski\" \/>\n<meta name=\"twitter:label1\" content=\"Napisao\/la\" \/>\n\t<meta name=\"twitter:data1\" content=\"Radio Ljubu\u0161ki\" \/>\n\t<meta name=\"twitter:label2\" content=\"Procijenjeno vrijeme \u010ditanja\" \/>\n\t<meta name=\"twitter:data2\" content=\"7 minuta\" \/>\n<script type=\"application\/ld+json\" class=\"yoast-schema-graph\">{\"@context\":\"https:\\\/\\\/schema.org\",\"@graph\":[{\"@type\":\"Article\",\"@id\":\"https:\\\/\\\/radioljubuski.ba\\\/index.php\\\/2021\\\/04\\\/12\\\/danas-422-nova-slucaja-zaraze-25-umrlih\\\/#article\",\"isPartOf\":{\"@id\":\"https:\\\/\\\/radioljubuski.ba\\\/index.php\\\/2021\\\/04\\\/12\\\/danas-422-nova-slucaja-zaraze-25-umrlih\\\/\"},\"author\":{\"name\":\"Radio Ljubu\u0161ki\",\"@id\":\"https:\\\/\\\/radioljubuski.ba\\\/#\\\/schema\\\/person\\\/19fc700381a780f69665d7956c469e3b\"},\"headline\":\"Danas 422 nova slu\u010daja zaraze, 25 umrlih\",\"datePublished\":\"2021-04-12T10:55:20+00:00\",\"mainEntityOfPage\":{\"@id\":\"https:\\\/\\\/radioljubuski.ba\\\/index.php\\\/2021\\\/04\\\/12\\\/danas-422-nova-slucaja-zaraze-25-umrlih\\\/\"},\"wordCount\":1416,\"publisher\":{\"@id\":\"https:\\\/\\\/radioljubuski.ba\\\/#organization\"},\"image\":{\"@id\":\"https:\\\/\\\/radioljubuski.ba\\\/index.php\\\/2021\\\/04\\\/12\\\/danas-422-nova-slucaja-zaraze-25-umrlih\\\/#primaryimage\"},\"thumbnailUrl\":\"https:\\\/\\\/radioljubuski.ba\\\/wp-content\\\/uploads\\\/2021\\\/04\\\/aaa-1.png\",\"articleSection\":[\"BIH i regija\"],\"inLanguage\":\"hr\"},{\"@type\":\"WebPage\",\"@id\":\"https:\\\/\\\/radioljubuski.ba\\\/index.php\\\/2021\\\/04\\\/12\\\/danas-422-nova-slucaja-zaraze-25-umrlih\\\/\",\"url\":\"https:\\\/\\\/radioljubuski.ba\\\/index.php\\\/2021\\\/04\\\/12\\\/danas-422-nova-slucaja-zaraze-25-umrlih\\\/\",\"name\":\"Danas 422 nova slu\u010daja zaraze, 25 umrlih - RADIO LJUBU\u0160KI\",\"isPartOf\":{\"@id\":\"https:\\\/\\\/radioljubuski.ba\\\/#website\"},\"primaryImageOfPage\":{\"@id\":\"https:\\\/\\\/radioljubuski.ba\\\/index.php\\\/2021\\\/04\\\/12\\\/danas-422-nova-slucaja-zaraze-25-umrlih\\\/#primaryimage\"},\"image\":{\"@id\":\"https:\\\/\\\/radioljubuski.ba\\\/index.php\\\/2021\\\/04\\\/12\\\/danas-422-nova-slucaja-zaraze-25-umrlih\\\/#primaryimage\"},\"thumbnailUrl\":\"https:\\\/\\\/radioljubuski.ba\\\/wp-content\\\/uploads\\\/2021\\\/04\\\/aaa-1.png\",\"datePublished\":\"2021-04-12T10:55:20+00:00\",\"breadcrumb\":{\"@id\":\"https:\\\/\\\/radioljubuski.ba\\\/index.php\\\/2021\\\/04\\\/12\\\/danas-422-nova-slucaja-zaraze-25-umrlih\\\/#breadcrumb\"},\"inLanguage\":\"hr\",\"potentialAction\":[{\"@type\":\"ReadAction\",\"target\":[\"https:\\\/\\\/radioljubuski.ba\\\/index.php\\\/2021\\\/04\\\/12\\\/danas-422-nova-slucaja-zaraze-25-umrlih\\\/\"]}]},{\"@type\":\"ImageObject\",\"inLanguage\":\"hr\",\"@id\":\"https:\\\/\\\/radioljubuski.ba\\\/index.php\\\/2021\\\/04\\\/12\\\/danas-422-nova-slucaja-zaraze-25-umrlih\\\/#primaryimage\",\"url\":\"https:\\\/\\\/radioljubuski.ba\\\/wp-content\\\/uploads\\\/2021\\\/04\\\/aaa-1.png\",\"contentUrl\":\"https:\\\/\\\/radioljubuski.ba\\\/wp-content\\\/uploads\\\/2021\\\/04\\\/aaa-1.png\",\"width\":646,\"height\":362},{\"@type\":\"BreadcrumbList\",\"@id\":\"https:\\\/\\\/radioljubuski.ba\\\/index.php\\\/2021\\\/04\\\/12\\\/danas-422-nova-slucaja-zaraze-25-umrlih\\\/#breadcrumb\",\"itemListElement\":[{\"@type\":\"ListItem\",\"position\":1,\"name\":\"Po\u010detna stranica\",\"item\":\"https:\\\/\\\/radioljubuski.ba\\\/\"},{\"@type\":\"ListItem\",\"position\":2,\"name\":\"Danas 422 nova slu\u010daja zaraze, 25 umrlih\"}]},{\"@type\":\"WebSite\",\"@id\":\"https:\\\/\\\/radioljubuski.ba\\\/#website\",\"url\":\"https:\\\/\\\/radioljubuski.ba\\\/\",\"name\":\"Radio Ljubu\u0161ki\",\"description\":\"Sun\u010dana frekvencija Hercegovine\",\"publisher\":{\"@id\":\"https:\\\/\\\/radioljubuski.ba\\\/#organization\"},\"potentialAction\":[{\"@type\":\"SearchAction\",\"target\":{\"@type\":\"EntryPoint\",\"urlTemplate\":\"https:\\\/\\\/radioljubuski.ba\\\/?s={search_term_string}\"},\"query-input\":{\"@type\":\"PropertyValueSpecification\",\"valueRequired\":true,\"valueName\":\"search_term_string\"}}],\"inLanguage\":\"hr\"},{\"@type\":\"Organization\",\"@id\":\"https:\\\/\\\/radioljubuski.ba\\\/#organization\",\"name\":\"Radio Ljubu\u0161ki\",\"url\":\"https:\\\/\\\/radioljubuski.ba\\\/\",\"logo\":{\"@type\":\"ImageObject\",\"inLanguage\":\"hr\",\"@id\":\"https:\\\/\\\/radioljubuski.ba\\\/#\\\/schema\\\/logo\\\/image\\\/\",\"url\":\"https:\\\/\\\/radioljubuski.ba\\\/wp-content\\\/uploads\\\/2021\\\/02\\\/cropped-Radio_Ljubuski_logo1.jpg\",\"contentUrl\":\"https:\\\/\\\/radioljubuski.ba\\\/wp-content\\\/uploads\\\/2021\\\/02\\\/cropped-Radio_Ljubuski_logo1.jpg\",\"width\":512,\"height\":512,\"caption\":\"Radio Ljubu\u0161ki\"},\"image\":{\"@id\":\"https:\\\/\\\/radioljubuski.ba\\\/#\\\/schema\\\/logo\\\/image\\\/\"},\"sameAs\":[\"https:\\\/\\\/www.facebook.com\\\/Radiio-Ljubuski-1490835324566332\",\"https:\\\/\\\/x.com\\\/radioljubuski\",\"https:\\\/\\\/hr.linkedin.com\\\/company\\\/radio-ljubuski\",\"https:\\\/\\\/www.youtube.com\\\/channel\\\/UCHYaeO_n0Db3tjNGudGpXyw\"]},{\"@type\":\"Person\",\"@id\":\"https:\\\/\\\/radioljubuski.ba\\\/#\\\/schema\\\/person\\\/19fc700381a780f69665d7956c469e3b\",\"name\":\"Radio Ljubu\u0161ki\"}]}<\/script>\n<!-- \/ Yoast SEO plugin. -->","yoast_head_json":{"title":"Danas 422 nova slu\u010daja zaraze, 25 umrlih - RADIO LJUBU\u0160KI","robots":{"index":"index","follow":"follow","max-snippet":"max-snippet:-1","max-image-preview":"max-image-preview:large","max-video-preview":"max-video-preview:-1"},"canonical":"https:\/\/radioljubuski.ba\/index.php\/2021\/04\/12\/danas-422-nova-slucaja-zaraze-25-umrlih\/","og_locale":"hr_HR","og_type":"article","og_title":"Danas 422 nova slu\u010daja zaraze, 25 umrlih - RADIO LJUBU\u0160KI","og_description":"U posljednja 24 sata zabilje\u017eena su 422 novozara\u017eena virusom SARS-CoV-2 te je aktivnih slu\u010dajeva u Hrvatskoj danas ukupno 11 844.&nbsp;Me\u0111u njima su 1953 pacijenta na bolni\u010dkom lije\u010denju, od kojih 191 na respiratoru. Preminulo je 25 osoba. Od 25. velja\u010de 2020., kada je zabilje\u017een prvi slu\u010daj zaraze u Hrvatskoj, do danas ukupno je zabilje\u017eeno 292 938 [&hellip;]","og_url":"https:\/\/radioljubuski.ba\/index.php\/2021\/04\/12\/danas-422-nova-slucaja-zaraze-25-umrlih\/","og_site_name":"RADIO LJUBU\u0160KI","article_publisher":"https:\/\/www.facebook.com\/Radiio-Ljubuski-1490835324566332","article_published_time":"2021-04-12T10:55:20+00:00","og_image":[{"width":646,"height":362,"url":"https:\/\/radioljubuski.ba\/wp-content\/uploads\/2021\/04\/aaa-1.png","type":"image\/png"}],"author":"Radio Ljubu\u0161ki","twitter_card":"summary_large_image","twitter_creator":"@radioljubuski","twitter_site":"@radioljubuski","twitter_misc":{"Napisao\/la":"Radio Ljubu\u0161ki","Procijenjeno vrijeme \u010ditanja":"7 minuta"},"schema":{"@context":"https:\/\/schema.org","@graph":[{"@type":"Article","@id":"https:\/\/radioljubuski.ba\/index.php\/2021\/04\/12\/danas-422-nova-slucaja-zaraze-25-umrlih\/#article","isPartOf":{"@id":"https:\/\/radioljubuski.ba\/index.php\/2021\/04\/12\/danas-422-nova-slucaja-zaraze-25-umrlih\/"},"author":{"name":"Radio Ljubu\u0161ki","@id":"https:\/\/radioljubuski.ba\/#\/schema\/person\/19fc700381a780f69665d7956c469e3b"},"headline":"Danas 422 nova slu\u010daja zaraze, 25 umrlih","datePublished":"2021-04-12T10:55:20+00:00","mainEntityOfPage":{"@id":"https:\/\/radioljubuski.ba\/index.php\/2021\/04\/12\/danas-422-nova-slucaja-zaraze-25-umrlih\/"},"wordCount":1416,"publisher":{"@id":"https:\/\/radioljubuski.ba\/#organization"},"image":{"@id":"https:\/\/radioljubuski.ba\/index.php\/2021\/04\/12\/danas-422-nova-slucaja-zaraze-25-umrlih\/#primaryimage"},"thumbnailUrl":"https:\/\/radioljubuski.ba\/wp-content\/uploads\/2021\/04\/aaa-1.png","articleSection":["BIH i regija"],"inLanguage":"hr"},{"@type":"WebPage","@id":"https:\/\/radioljubuski.ba\/index.php\/2021\/04\/12\/danas-422-nova-slucaja-zaraze-25-umrlih\/","url":"https:\/\/radioljubuski.ba\/index.php\/2021\/04\/12\/danas-422-nova-slucaja-zaraze-25-umrlih\/","name":"Danas 422 nova slu\u010daja zaraze, 25 umrlih - RADIO LJUBU\u0160KI","isPartOf":{"@id":"https:\/\/radioljubuski.ba\/#website"},"primaryImageOfPage":{"@id":"https:\/\/radioljubuski.ba\/index.php\/2021\/04\/12\/danas-422-nova-slucaja-zaraze-25-umrlih\/#primaryimage"},"image":{"@id":"https:\/\/radioljubuski.ba\/index.php\/2021\/04\/12\/danas-422-nova-slucaja-zaraze-25-umrlih\/#primaryimage"},"thumbnailUrl":"https:\/\/radioljubuski.ba\/wp-content\/uploads\/2021\/04\/aaa-1.png","datePublished":"2021-04-12T10:55:20+00:00","breadcrumb":{"@id":"https:\/\/radioljubuski.ba\/index.php\/2021\/04\/12\/danas-422-nova-slucaja-zaraze-25-umrlih\/#breadcrumb"},"inLanguage":"hr","potentialAction":[{"@type":"ReadAction","target":["https:\/\/radioljubuski.ba\/index.php\/2021\/04\/12\/danas-422-nova-slucaja-zaraze-25-umrlih\/"]}]},{"@type":"ImageObject","inLanguage":"hr","@id":"https:\/\/radioljubuski.ba\/index.php\/2021\/04\/12\/danas-422-nova-slucaja-zaraze-25-umrlih\/#primaryimage","url":"https:\/\/radioljubuski.ba\/wp-content\/uploads\/2021\/04\/aaa-1.png","contentUrl":"https:\/\/radioljubuski.ba\/wp-content\/uploads\/2021\/04\/aaa-1.png","width":646,"height":362},{"@type":"BreadcrumbList","@id":"https:\/\/radioljubuski.ba\/index.php\/2021\/04\/12\/danas-422-nova-slucaja-zaraze-25-umrlih\/#breadcrumb","itemListElement":[{"@type":"ListItem","position":1,"name":"Po\u010detna stranica","item":"https:\/\/radioljubuski.ba\/"},{"@type":"ListItem","position":2,"name":"Danas 422 nova slu\u010daja zaraze, 25 umrlih"}]},{"@type":"WebSite","@id":"https:\/\/radioljubuski.ba\/#website","url":"https:\/\/radioljubuski.ba\/","name":"Radio Ljubu\u0161ki","description":"Sun\u010dana frekvencija Hercegovine","publisher":{"@id":"https:\/\/radioljubuski.ba\/#organization"},"potentialAction":[{"@type":"SearchAction","target":{"@type":"EntryPoint","urlTemplate":"https:\/\/radioljubuski.ba\/?s={search_term_string}"},"query-input":{"@type":"PropertyValueSpecification","valueRequired":true,"valueName":"search_term_string"}}],"inLanguage":"hr"},{"@type":"Organization","@id":"https:\/\/radioljubuski.ba\/#organization","name":"Radio Ljubu\u0161ki","url":"https:\/\/radioljubuski.ba\/","logo":{"@type":"ImageObject","inLanguage":"hr","@id":"https:\/\/radioljubuski.ba\/#\/schema\/logo\/image\/","url":"https:\/\/radioljubuski.ba\/wp-content\/uploads\/2021\/02\/cropped-Radio_Ljubuski_logo1.jpg","contentUrl":"https:\/\/radioljubuski.ba\/wp-content\/uploads\/2021\/02\/cropped-Radio_Ljubuski_logo1.jpg","width":512,"height":512,"caption":"Radio Ljubu\u0161ki"},"image":{"@id":"https:\/\/radioljubuski.ba\/#\/schema\/logo\/image\/"},"sameAs":["https:\/\/www.facebook.com\/Radiio-Ljubuski-1490835324566332","https:\/\/x.com\/radioljubuski","https:\/\/hr.linkedin.com\/company\/radio-ljubuski","https:\/\/www.youtube.com\/channel\/UCHYaeO_n0Db3tjNGudGpXyw"]},{"@type":"Person","@id":"https:\/\/radioljubuski.ba\/#\/schema\/person\/19fc700381a780f69665d7956c469e3b","name":"Radio Ljubu\u0161ki"}]}},"_links":{"self":[{"href":"https:\/\/radioljubuski.ba\/index.php\/wp-json\/wp\/v2\/posts\/12043","targetHints":{"allow":["GET"]}}],"collection":[{"href":"https:\/\/radioljubuski.ba\/index.php\/wp-json\/wp\/v2\/posts"}],"about":[{"href":"https:\/\/radioljubuski.ba\/index.php\/wp-json\/wp\/v2\/types\/post"}],"author":[{"embeddable":true,"href":"https:\/\/radioljubuski.ba\/index.php\/wp-json\/wp\/v2\/users\/2"}],"replies":[{"embeddable":true,"href":"https:\/\/radioljubuski.ba\/index.php\/wp-json\/wp\/v2\/comments?post=12043"}],"version-history":[{"count":1,"href":"https:\/\/radioljubuski.ba\/index.php\/wp-json\/wp\/v2\/posts\/12043\/revisions"}],"predecessor-version":[{"id":12045,"href":"https:\/\/radioljubuski.ba\/index.php\/wp-json\/wp\/v2\/posts\/12043\/revisions\/12045"}],"wp:featuredmedia":[{"embeddable":true,"href":"https:\/\/radioljubuski.ba\/index.php\/wp-json\/wp\/v2\/media\/12044"}],"wp:attachment":[{"href":"https:\/\/radioljubuski.ba\/index.php\/wp-json\/wp\/v2\/media?parent=12043"}],"wp:term":[{"taxonomy":"category","embeddable":true,"href":"https:\/\/radioljubuski.ba\/index.php\/wp-json\/wp\/v2\/categories?post=12043"},{"taxonomy":"post_tag","embeddable":true,"href":"https:\/\/radioljubuski.ba\/index.php\/wp-json\/wp\/v2\/tags?post=12043"}],"curies":[{"name":"wp","href":"https:\/\/api.w.org\/{rel}","templated":true}]}}