{"id":120459,"date":"2022-03-11T14:27:59","date_gmt":"2022-03-11T13:27:59","guid":{"rendered":"https:\/\/radioljubuski.ba\/?p=120459"},"modified":"2022-03-11T14:27:59","modified_gmt":"2022-03-11T13:27:59","slug":"doc-dr-goran-curic-treba-raditi-na-zamrzavanju-cijena-brasna-i-ostalih-esencijalnih-prehrambenih-proizvoda","status":"publish","type":"post","link":"https:\/\/radioljubuski.ba\/index.php\/2022\/03\/11\/doc-dr-goran-curic-treba-raditi-na-zamrzavanju-cijena-brasna-i-ostalih-esencijalnih-prehrambenih-proizvoda\/","title":{"rendered":"Doc. dr. Goran \u0106uri\u0107: Treba raditi na zamrzavanju cijena bra\u0161na i ostalih esencijalnih prehrambenih proizvoda"},"content":{"rendered":"\n<p>Ruska invazija na Ukrajinu i sankcije koje su uslijedile izazvat \u0107e posljedice na cijelu globalnu ekonomiju pa tako i na Bosnu i Hercegovinu kojoj je Rusija relativno va\u017eno tr\u017ei\u0161te, dok s Ukrajinom nema zna\u010dajniju ekonomsku suradnju, ocijenio je doc. dr. Goran \u0106uri\u0107, prodekan za nastavu Ekonomskog fakulteta Univerziteta &#8220;D\u017eemal Bijedi\u0107&#8221; u Mostaru.<\/p>\n\n\n\n<p>&#8211; Nesporno \u0107e do\u0107i do rasta cijena razli\u010ditih proizvoda, prvenstveno plina, nafte i naftnih derivata, elektri\u010dne energije, te prehrambenih proizvoda, posebno onih baziranih na bra\u0161nu i sli\u010dno &#8211; kazao je \u0106uri\u0107 u izjavi za Fenu, naglasiv\u0161i pritom kako je va\u017eno gra\u0111anima ukazati da nepotrebne kupovine i gomilanja zaliha same po sebi mogu generirati rast cijena i prouzrokovati nesta\u0161ice na registriranom tr\u017ei\u0161tu, \u0161to otvara prostor za \u0161pekulativne djelatnosti, rast &#8216;crnog tr\u017ei\u0161ta&#8217; i dodatni udar na standard, ionako relativno siroma\u0161nog stanovni\u0161tva u BiH.<\/p>\n\n\n\n<p>Ekonomski promatrano, navodi dalje, izolacija velike zemlje poput Rusije izazvat \u0107e negativne posljedice na cijelu globalnu ekonomiju pa tako i BiH jer tr\u017ei\u0161te samo te\u0161ko mo\u017ee optimalno alocirati potrebne resurse.<\/p>\n\n\n\n<p>Mi\u0161ljenja je kako se ti negativni efekti na Balkanu ne\u0107e osjetiti u istoj mjeri u svakoj zemlji. Srbija je veliki proizvo\u0111a\u010d \u017eitarica i hrane te ima mnogo bolju poziciju u ovoj oblasti u odnosu na BiH i druge zemlje Balkana koje u velikoj mjeri ovise o uvozu, dok je Hrvatska \u010dlanica EU i mo\u017ee ra\u010dunati na pomo\u0107 Unije i europske fondove za ubla\u017eavanje negativnih efekata sankcija i krize.<\/p>\n\n\n\n<p>Obje zemlje, isti\u010de, imaju i odre\u0111enu vlastitu proizvodnju i preradu nafte i plina kojom pokrivaju dio svojih potreba.<\/p>\n\n\n\n<p>S druge strane, ote\u017eavaju\u0107a okolnost za BiH je i politi\u010dka nestabilnost unutar zemlje, nesuglasnost o budu\u0107nosti dr\u017eave i njezinom kretanju ka EU i NATO-u pa&nbsp;nerijetko svoje odluke uskla\u0111ujemo prema drugima ili tu\u0111im, a ne vlastitim interesima, nagla\u0161ava \u0106uri\u0107 koji smatra kako i u me\u0111unarodnim odnosima treba voditi ra\u010duna o interesima vlastite dr\u017eave, njezine ekonomije i standardu gra\u0111ana.<\/p>\n\n\n\n<p>&#8211; Za sada nismo \u010dlanica EU niti NATO-a te se ne smijemo previ\u0161e oslanjati da \u0107e nam netko nadoknaditi politi\u010dke i ekonomske \u0161tete koje na\u0161e eventualne pogre\u0161ne odluke proizvedu, ve\u0107 treba voditi ra\u010duna da izbjegnemo sve mogu\u0107e negativne, a iskoristimo sve pozitivne efekte novonastalih odnosa u Europi i svijetu \u2013 isti\u010de.<\/p>\n\n\n\n<p>Dodaje kako je politi\u010dki i s aspekta geografske pozicije za BiH va\u017eno da prati EU, no s obzirom na to da nije \u010dlanica Unije, slijepo pra\u0107enje onog \u0161to radi Bruxelles, mo\u017ee ekonomski poljuljati ionako relativno slabu ekonomiju na\u0161e zemlje zbog \u010dega je veoma va\u017eno da se manje zemlje, oslone mnogo vi\u0161e na doma\u0107u proizvodnju i svoje ekonomske resurse.<\/p>\n\n\n\n<p>&#8211; Odricanje od ruskog tr\u017ei\u0161ta znatno bi umanjilo pa i sprije\u010dilo plasman na\u0161ih proizvoda na nama relativno va\u017eno tr\u017ei\u0161te. Rast cijena energenata i ograni\u010dena dostupnost izazvati \u0107e negativne posljedice na cijelu doma\u0107u ekonomiju (ve\u0107 se osjete), a ako rat s Ukrajinom potraje du\u017ee vremena opasnost je za BiH da \u0107e ruske kompanije i kompanije iz dr\u017eava koje nastave normalno poslovati s Ruskom Federacijom nadomjestiti dosada\u0161nje tr\u017ei\u0161no u\u010de\u0161\u0107e BiH, \u0161to bi zna\u010dilo mo\u017eda i trajni gubitak tog tr\u017ei\u0161ta za na\u0161e proizvode i posljedice bi bile znatno negativnije \u2013 ustvrdio je \u0106uri\u0107, dodav\u0161i kako s Ukrajinom konkretno BiH nema zna\u010dajniju ekonomsku suradnju.<\/p>\n\n\n\n<p>Po njegovom mi\u0161ljenju, BiH je imala pozitivne efekte jer je ostala neutralna kada su EU i Rusija uvele me\u0111usobne sankcije te pove\u0107ala svoj izvoz na rusko tr\u017ei\u0161te.<\/p>\n\n\n\n<p>&#8211; Ako i sada ostane po strani i ne bude drugih prepreka za trgovinu, mo\u017ee do\u0107i do pozitivnih efekata na izvoz i na povoljniji uvoz iz Rusije \u2013 nagla\u0161ava \u0106uri\u0107.<\/p>\n\n\n\n<p>Nadalje ocjenjuje da BiH mora ja\u010dati svoju ekonomiju kako bi \u0161to manje ovisila o uvozu za ve\u0107inu svojih potreba, posebno u kontekstu prehrambenih proizvoda i sl., ali i da ne bude veoma ovisna o samo malom broju tr\u017ei\u0161ta za izvoz.<\/p>\n\n\n\n<p>Kada je u pitanju ukidanje tro\u0161arina na naftu i naftne derivate, \u0106uri\u0107 isti\u010de kako je to neophodno kako bi se ograni\u010dio rast cijena ovog energenta, a zatim i poskupljenja svih ostalih roba i usluga.<\/p>\n\n\n\n<p>Usto, smatra kako treba raditi na zamrzavanju cijena bra\u0161na i ostalih esencijalnih prehrambenih proizvoda gdje je god mogu\u0107e i u periodima u kojim je to mogu\u0107e provoditi.<\/p>\n\n\n\n<p>&#8211; Tamo gdje se ustanovi da su trgovci zloupotrijebili nastalu krizu i nezakonito podizali cijene, kao u slu\u010daju prodaje naftnih derivata, bra\u0161na, ulja, \u0161e\u0107era, va\u017eno je o\u0161tro sankcionirati i u\u010diniti dostupnim javnosti tko su ti trgovci, kako bi ih gra\u0111ani napustili u narednom periodu. Tako\u0111er, vlasti trebaju subvencionirati doma\u0107e gospodarstvenije i kompanije koje su pogo\u0111ene najvi\u0161e zbog rasta cijena nafte i naftnih derivata, kako bi oni mogli nastaviti svoje poslovanje, proizvodnju, pru\u017eanje usluga transporta \u2013 zaklju\u010dio je doc. dr. Goran \u0106uri\u0107.<\/p>\n\n\n\n<p>Izvor:pogled.ba<\/p>\n","protected":false},"excerpt":{"rendered":"<p>Ruska invazija na Ukrajinu i sankcije koje su uslijedile izazvat \u0107e posljedice na cijelu globalnu ekonomiju pa tako i na Bosnu i Hercegovinu kojoj je Rusija relativno va\u017eno tr\u017ei\u0161te, dok s Ukrajinom nema zna\u010dajniju ekonomsku suradnju, ocijenio je doc. dr. Goran \u0106uri\u0107, prodekan za nastavu Ekonomskog fakulteta Univerziteta &#8220;D\u017eemal Bijedi\u0107&#8221; u Mostaru. &#8211; Nesporno \u0107e [&hellip;]<\/p>\n","protected":false},"author":2,"featured_media":120460,"comment_status":"closed","ping_status":"closed","sticky":false,"template":"","format":"standard","meta":{"h5ap_radio_sources":[],"footnotes":""},"categories":[1],"tags":[],"class_list":["post-120459","post","type-post","status-publish","format-standard","has-post-thumbnail","hentry","category-bihiregija"],"yoast_head":"<!-- This site is optimized with the Yoast SEO plugin v27.5 - https:\/\/yoast.com\/product\/yoast-seo-wordpress\/ -->\n<title>Doc. dr. Goran \u0106uri\u0107: Treba raditi na zamrzavanju cijena bra\u0161na i ostalih esencijalnih prehrambenih proizvoda - RADIO LJUBU\u0160KI<\/title>\n<meta name=\"robots\" content=\"index, follow, max-snippet:-1, max-image-preview:large, max-video-preview:-1\" \/>\n<link rel=\"canonical\" href=\"https:\/\/radioljubuski.ba\/index.php\/2022\/03\/11\/doc-dr-goran-curic-treba-raditi-na-zamrzavanju-cijena-brasna-i-ostalih-esencijalnih-prehrambenih-proizvoda\/\" \/>\n<meta property=\"og:locale\" content=\"hr_HR\" \/>\n<meta property=\"og:type\" content=\"article\" \/>\n<meta property=\"og:title\" content=\"Doc. dr. Goran \u0106uri\u0107: Treba raditi na zamrzavanju cijena bra\u0161na i ostalih esencijalnih prehrambenih proizvoda - RADIO LJUBU\u0160KI\" \/>\n<meta property=\"og:description\" content=\"Ruska invazija na Ukrajinu i sankcije koje su uslijedile izazvat \u0107e posljedice na cijelu globalnu ekonomiju pa tako i na Bosnu i Hercegovinu kojoj je Rusija relativno va\u017eno tr\u017ei\u0161te, dok s Ukrajinom nema zna\u010dajniju ekonomsku suradnju, ocijenio je doc. dr. Goran \u0106uri\u0107, prodekan za nastavu Ekonomskog fakulteta Univerziteta &#8220;D\u017eemal Bijedi\u0107&#8221; u Mostaru. &#8211; Nesporno \u0107e [&hellip;]\" \/>\n<meta property=\"og:url\" content=\"https:\/\/radioljubuski.ba\/index.php\/2022\/03\/11\/doc-dr-goran-curic-treba-raditi-na-zamrzavanju-cijena-brasna-i-ostalih-esencijalnih-prehrambenih-proizvoda\/\" \/>\n<meta property=\"og:site_name\" content=\"RADIO LJUBU\u0160KI\" \/>\n<meta property=\"article:publisher\" content=\"https:\/\/www.facebook.com\/Radiio-Ljubuski-1490835324566332\" \/>\n<meta property=\"article:published_time\" content=\"2022-03-11T13:27:59+00:00\" \/>\n<meta property=\"og:image\" content=\"https:\/\/radioljubuski.ba\/wp-content\/uploads\/2022\/03\/2-2022-03-11-11-47-48-l_6039eb171df99ed5c4562cbd3021c6d1.jpg\" \/>\n\t<meta property=\"og:image:width\" content=\"1000\" \/>\n\t<meta property=\"og:image:height\" content=\"625\" \/>\n\t<meta property=\"og:image:type\" content=\"image\/jpeg\" \/>\n<meta name=\"author\" content=\"Radio Ljubu\u0161ki\" \/>\n<meta name=\"twitter:card\" content=\"summary_large_image\" \/>\n<meta name=\"twitter:creator\" content=\"@radioljubuski\" \/>\n<meta name=\"twitter:site\" content=\"@radioljubuski\" \/>\n<meta name=\"twitter:label1\" content=\"Napisao\/la\" \/>\n\t<meta name=\"twitter:data1\" content=\"Radio Ljubu\u0161ki\" \/>\n\t<meta name=\"twitter:label2\" content=\"Procijenjeno vrijeme \u010ditanja\" \/>\n\t<meta name=\"twitter:data2\" content=\"4 minute\" \/>\n<script type=\"application\/ld+json\" class=\"yoast-schema-graph\">{\"@context\":\"https:\\\/\\\/schema.org\",\"@graph\":[{\"@type\":\"Article\",\"@id\":\"https:\\\/\\\/radioljubuski.ba\\\/index.php\\\/2022\\\/03\\\/11\\\/doc-dr-goran-curic-treba-raditi-na-zamrzavanju-cijena-brasna-i-ostalih-esencijalnih-prehrambenih-proizvoda\\\/#article\",\"isPartOf\":{\"@id\":\"https:\\\/\\\/radioljubuski.ba\\\/index.php\\\/2022\\\/03\\\/11\\\/doc-dr-goran-curic-treba-raditi-na-zamrzavanju-cijena-brasna-i-ostalih-esencijalnih-prehrambenih-proizvoda\\\/\"},\"author\":{\"name\":\"Radio Ljubu\u0161ki\",\"@id\":\"https:\\\/\\\/radioljubuski.ba\\\/#\\\/schema\\\/person\\\/19fc700381a780f69665d7956c469e3b\"},\"headline\":\"Doc. dr. Goran \u0106uri\u0107: Treba raditi na zamrzavanju cijena bra\u0161na i ostalih esencijalnih prehrambenih proizvoda\",\"datePublished\":\"2022-03-11T13:27:59+00:00\",\"mainEntityOfPage\":{\"@id\":\"https:\\\/\\\/radioljubuski.ba\\\/index.php\\\/2022\\\/03\\\/11\\\/doc-dr-goran-curic-treba-raditi-na-zamrzavanju-cijena-brasna-i-ostalih-esencijalnih-prehrambenih-proizvoda\\\/\"},\"wordCount\":884,\"publisher\":{\"@id\":\"https:\\\/\\\/radioljubuski.ba\\\/#organization\"},\"image\":{\"@id\":\"https:\\\/\\\/radioljubuski.ba\\\/index.php\\\/2022\\\/03\\\/11\\\/doc-dr-goran-curic-treba-raditi-na-zamrzavanju-cijena-brasna-i-ostalih-esencijalnih-prehrambenih-proizvoda\\\/#primaryimage\"},\"thumbnailUrl\":\"https:\\\/\\\/radioljubuski.ba\\\/wp-content\\\/uploads\\\/2022\\\/03\\\/2-2022-03-11-11-47-48-l_6039eb171df99ed5c4562cbd3021c6d1.jpg\",\"articleSection\":[\"BIH i regija\"],\"inLanguage\":\"hr\"},{\"@type\":\"WebPage\",\"@id\":\"https:\\\/\\\/radioljubuski.ba\\\/index.php\\\/2022\\\/03\\\/11\\\/doc-dr-goran-curic-treba-raditi-na-zamrzavanju-cijena-brasna-i-ostalih-esencijalnih-prehrambenih-proizvoda\\\/\",\"url\":\"https:\\\/\\\/radioljubuski.ba\\\/index.php\\\/2022\\\/03\\\/11\\\/doc-dr-goran-curic-treba-raditi-na-zamrzavanju-cijena-brasna-i-ostalih-esencijalnih-prehrambenih-proizvoda\\\/\",\"name\":\"Doc. dr. Goran \u0106uri\u0107: Treba raditi na zamrzavanju cijena bra\u0161na i ostalih esencijalnih prehrambenih proizvoda - RADIO LJUBU\u0160KI\",\"isPartOf\":{\"@id\":\"https:\\\/\\\/radioljubuski.ba\\\/#website\"},\"primaryImageOfPage\":{\"@id\":\"https:\\\/\\\/radioljubuski.ba\\\/index.php\\\/2022\\\/03\\\/11\\\/doc-dr-goran-curic-treba-raditi-na-zamrzavanju-cijena-brasna-i-ostalih-esencijalnih-prehrambenih-proizvoda\\\/#primaryimage\"},\"image\":{\"@id\":\"https:\\\/\\\/radioljubuski.ba\\\/index.php\\\/2022\\\/03\\\/11\\\/doc-dr-goran-curic-treba-raditi-na-zamrzavanju-cijena-brasna-i-ostalih-esencijalnih-prehrambenih-proizvoda\\\/#primaryimage\"},\"thumbnailUrl\":\"https:\\\/\\\/radioljubuski.ba\\\/wp-content\\\/uploads\\\/2022\\\/03\\\/2-2022-03-11-11-47-48-l_6039eb171df99ed5c4562cbd3021c6d1.jpg\",\"datePublished\":\"2022-03-11T13:27:59+00:00\",\"breadcrumb\":{\"@id\":\"https:\\\/\\\/radioljubuski.ba\\\/index.php\\\/2022\\\/03\\\/11\\\/doc-dr-goran-curic-treba-raditi-na-zamrzavanju-cijena-brasna-i-ostalih-esencijalnih-prehrambenih-proizvoda\\\/#breadcrumb\"},\"inLanguage\":\"hr\",\"potentialAction\":[{\"@type\":\"ReadAction\",\"target\":[\"https:\\\/\\\/radioljubuski.ba\\\/index.php\\\/2022\\\/03\\\/11\\\/doc-dr-goran-curic-treba-raditi-na-zamrzavanju-cijena-brasna-i-ostalih-esencijalnih-prehrambenih-proizvoda\\\/\"]}]},{\"@type\":\"ImageObject\",\"inLanguage\":\"hr\",\"@id\":\"https:\\\/\\\/radioljubuski.ba\\\/index.php\\\/2022\\\/03\\\/11\\\/doc-dr-goran-curic-treba-raditi-na-zamrzavanju-cijena-brasna-i-ostalih-esencijalnih-prehrambenih-proizvoda\\\/#primaryimage\",\"url\":\"https:\\\/\\\/radioljubuski.ba\\\/wp-content\\\/uploads\\\/2022\\\/03\\\/2-2022-03-11-11-47-48-l_6039eb171df99ed5c4562cbd3021c6d1.jpg\",\"contentUrl\":\"https:\\\/\\\/radioljubuski.ba\\\/wp-content\\\/uploads\\\/2022\\\/03\\\/2-2022-03-11-11-47-48-l_6039eb171df99ed5c4562cbd3021c6d1.jpg\",\"width\":1000,\"height\":625},{\"@type\":\"BreadcrumbList\",\"@id\":\"https:\\\/\\\/radioljubuski.ba\\\/index.php\\\/2022\\\/03\\\/11\\\/doc-dr-goran-curic-treba-raditi-na-zamrzavanju-cijena-brasna-i-ostalih-esencijalnih-prehrambenih-proizvoda\\\/#breadcrumb\",\"itemListElement\":[{\"@type\":\"ListItem\",\"position\":1,\"name\":\"Po\u010detna stranica\",\"item\":\"https:\\\/\\\/radioljubuski.ba\\\/\"},{\"@type\":\"ListItem\",\"position\":2,\"name\":\"Doc. dr. Goran \u0106uri\u0107: Treba raditi na zamrzavanju cijena bra\u0161na i ostalih esencijalnih prehrambenih proizvoda\"}]},{\"@type\":\"WebSite\",\"@id\":\"https:\\\/\\\/radioljubuski.ba\\\/#website\",\"url\":\"https:\\\/\\\/radioljubuski.ba\\\/\",\"name\":\"Radio Ljubu\u0161ki\",\"description\":\"Sun\u010dana frekvencija Hercegovine\",\"publisher\":{\"@id\":\"https:\\\/\\\/radioljubuski.ba\\\/#organization\"},\"potentialAction\":[{\"@type\":\"SearchAction\",\"target\":{\"@type\":\"EntryPoint\",\"urlTemplate\":\"https:\\\/\\\/radioljubuski.ba\\\/?s={search_term_string}\"},\"query-input\":{\"@type\":\"PropertyValueSpecification\",\"valueRequired\":true,\"valueName\":\"search_term_string\"}}],\"inLanguage\":\"hr\"},{\"@type\":\"Organization\",\"@id\":\"https:\\\/\\\/radioljubuski.ba\\\/#organization\",\"name\":\"Radio Ljubu\u0161ki\",\"url\":\"https:\\\/\\\/radioljubuski.ba\\\/\",\"logo\":{\"@type\":\"ImageObject\",\"inLanguage\":\"hr\",\"@id\":\"https:\\\/\\\/radioljubuski.ba\\\/#\\\/schema\\\/logo\\\/image\\\/\",\"url\":\"https:\\\/\\\/radioljubuski.ba\\\/wp-content\\\/uploads\\\/2021\\\/02\\\/cropped-Radio_Ljubuski_logo1.jpg\",\"contentUrl\":\"https:\\\/\\\/radioljubuski.ba\\\/wp-content\\\/uploads\\\/2021\\\/02\\\/cropped-Radio_Ljubuski_logo1.jpg\",\"width\":512,\"height\":512,\"caption\":\"Radio Ljubu\u0161ki\"},\"image\":{\"@id\":\"https:\\\/\\\/radioljubuski.ba\\\/#\\\/schema\\\/logo\\\/image\\\/\"},\"sameAs\":[\"https:\\\/\\\/www.facebook.com\\\/Radiio-Ljubuski-1490835324566332\",\"https:\\\/\\\/x.com\\\/radioljubuski\",\"https:\\\/\\\/hr.linkedin.com\\\/company\\\/radio-ljubuski\",\"https:\\\/\\\/www.youtube.com\\\/channel\\\/UCHYaeO_n0Db3tjNGudGpXyw\"]},{\"@type\":\"Person\",\"@id\":\"https:\\\/\\\/radioljubuski.ba\\\/#\\\/schema\\\/person\\\/19fc700381a780f69665d7956c469e3b\",\"name\":\"Radio Ljubu\u0161ki\"}]}<\/script>\n<!-- \/ Yoast SEO plugin. -->","yoast_head_json":{"title":"Doc. dr. Goran \u0106uri\u0107: Treba raditi na zamrzavanju cijena bra\u0161na i ostalih esencijalnih prehrambenih proizvoda - RADIO LJUBU\u0160KI","robots":{"index":"index","follow":"follow","max-snippet":"max-snippet:-1","max-image-preview":"max-image-preview:large","max-video-preview":"max-video-preview:-1"},"canonical":"https:\/\/radioljubuski.ba\/index.php\/2022\/03\/11\/doc-dr-goran-curic-treba-raditi-na-zamrzavanju-cijena-brasna-i-ostalih-esencijalnih-prehrambenih-proizvoda\/","og_locale":"hr_HR","og_type":"article","og_title":"Doc. dr. Goran \u0106uri\u0107: Treba raditi na zamrzavanju cijena bra\u0161na i ostalih esencijalnih prehrambenih proizvoda - RADIO LJUBU\u0160KI","og_description":"Ruska invazija na Ukrajinu i sankcije koje su uslijedile izazvat \u0107e posljedice na cijelu globalnu ekonomiju pa tako i na Bosnu i Hercegovinu kojoj je Rusija relativno va\u017eno tr\u017ei\u0161te, dok s Ukrajinom nema zna\u010dajniju ekonomsku suradnju, ocijenio je doc. dr. Goran \u0106uri\u0107, prodekan za nastavu Ekonomskog fakulteta Univerziteta &#8220;D\u017eemal Bijedi\u0107&#8221; u Mostaru. &#8211; Nesporno \u0107e [&hellip;]","og_url":"https:\/\/radioljubuski.ba\/index.php\/2022\/03\/11\/doc-dr-goran-curic-treba-raditi-na-zamrzavanju-cijena-brasna-i-ostalih-esencijalnih-prehrambenih-proizvoda\/","og_site_name":"RADIO LJUBU\u0160KI","article_publisher":"https:\/\/www.facebook.com\/Radiio-Ljubuski-1490835324566332","article_published_time":"2022-03-11T13:27:59+00:00","og_image":[{"width":1000,"height":625,"url":"https:\/\/radioljubuski.ba\/wp-content\/uploads\/2022\/03\/2-2022-03-11-11-47-48-l_6039eb171df99ed5c4562cbd3021c6d1.jpg","type":"image\/jpeg"}],"author":"Radio Ljubu\u0161ki","twitter_card":"summary_large_image","twitter_creator":"@radioljubuski","twitter_site":"@radioljubuski","twitter_misc":{"Napisao\/la":"Radio Ljubu\u0161ki","Procijenjeno vrijeme \u010ditanja":"4 minute"},"schema":{"@context":"https:\/\/schema.org","@graph":[{"@type":"Article","@id":"https:\/\/radioljubuski.ba\/index.php\/2022\/03\/11\/doc-dr-goran-curic-treba-raditi-na-zamrzavanju-cijena-brasna-i-ostalih-esencijalnih-prehrambenih-proizvoda\/#article","isPartOf":{"@id":"https:\/\/radioljubuski.ba\/index.php\/2022\/03\/11\/doc-dr-goran-curic-treba-raditi-na-zamrzavanju-cijena-brasna-i-ostalih-esencijalnih-prehrambenih-proizvoda\/"},"author":{"name":"Radio Ljubu\u0161ki","@id":"https:\/\/radioljubuski.ba\/#\/schema\/person\/19fc700381a780f69665d7956c469e3b"},"headline":"Doc. dr. Goran \u0106uri\u0107: Treba raditi na zamrzavanju cijena bra\u0161na i ostalih esencijalnih prehrambenih proizvoda","datePublished":"2022-03-11T13:27:59+00:00","mainEntityOfPage":{"@id":"https:\/\/radioljubuski.ba\/index.php\/2022\/03\/11\/doc-dr-goran-curic-treba-raditi-na-zamrzavanju-cijena-brasna-i-ostalih-esencijalnih-prehrambenih-proizvoda\/"},"wordCount":884,"publisher":{"@id":"https:\/\/radioljubuski.ba\/#organization"},"image":{"@id":"https:\/\/radioljubuski.ba\/index.php\/2022\/03\/11\/doc-dr-goran-curic-treba-raditi-na-zamrzavanju-cijena-brasna-i-ostalih-esencijalnih-prehrambenih-proizvoda\/#primaryimage"},"thumbnailUrl":"https:\/\/radioljubuski.ba\/wp-content\/uploads\/2022\/03\/2-2022-03-11-11-47-48-l_6039eb171df99ed5c4562cbd3021c6d1.jpg","articleSection":["BIH i regija"],"inLanguage":"hr"},{"@type":"WebPage","@id":"https:\/\/radioljubuski.ba\/index.php\/2022\/03\/11\/doc-dr-goran-curic-treba-raditi-na-zamrzavanju-cijena-brasna-i-ostalih-esencijalnih-prehrambenih-proizvoda\/","url":"https:\/\/radioljubuski.ba\/index.php\/2022\/03\/11\/doc-dr-goran-curic-treba-raditi-na-zamrzavanju-cijena-brasna-i-ostalih-esencijalnih-prehrambenih-proizvoda\/","name":"Doc. dr. Goran \u0106uri\u0107: Treba raditi na zamrzavanju cijena bra\u0161na i ostalih esencijalnih prehrambenih proizvoda - RADIO LJUBU\u0160KI","isPartOf":{"@id":"https:\/\/radioljubuski.ba\/#website"},"primaryImageOfPage":{"@id":"https:\/\/radioljubuski.ba\/index.php\/2022\/03\/11\/doc-dr-goran-curic-treba-raditi-na-zamrzavanju-cijena-brasna-i-ostalih-esencijalnih-prehrambenih-proizvoda\/#primaryimage"},"image":{"@id":"https:\/\/radioljubuski.ba\/index.php\/2022\/03\/11\/doc-dr-goran-curic-treba-raditi-na-zamrzavanju-cijena-brasna-i-ostalih-esencijalnih-prehrambenih-proizvoda\/#primaryimage"},"thumbnailUrl":"https:\/\/radioljubuski.ba\/wp-content\/uploads\/2022\/03\/2-2022-03-11-11-47-48-l_6039eb171df99ed5c4562cbd3021c6d1.jpg","datePublished":"2022-03-11T13:27:59+00:00","breadcrumb":{"@id":"https:\/\/radioljubuski.ba\/index.php\/2022\/03\/11\/doc-dr-goran-curic-treba-raditi-na-zamrzavanju-cijena-brasna-i-ostalih-esencijalnih-prehrambenih-proizvoda\/#breadcrumb"},"inLanguage":"hr","potentialAction":[{"@type":"ReadAction","target":["https:\/\/radioljubuski.ba\/index.php\/2022\/03\/11\/doc-dr-goran-curic-treba-raditi-na-zamrzavanju-cijena-brasna-i-ostalih-esencijalnih-prehrambenih-proizvoda\/"]}]},{"@type":"ImageObject","inLanguage":"hr","@id":"https:\/\/radioljubuski.ba\/index.php\/2022\/03\/11\/doc-dr-goran-curic-treba-raditi-na-zamrzavanju-cijena-brasna-i-ostalih-esencijalnih-prehrambenih-proizvoda\/#primaryimage","url":"https:\/\/radioljubuski.ba\/wp-content\/uploads\/2022\/03\/2-2022-03-11-11-47-48-l_6039eb171df99ed5c4562cbd3021c6d1.jpg","contentUrl":"https:\/\/radioljubuski.ba\/wp-content\/uploads\/2022\/03\/2-2022-03-11-11-47-48-l_6039eb171df99ed5c4562cbd3021c6d1.jpg","width":1000,"height":625},{"@type":"BreadcrumbList","@id":"https:\/\/radioljubuski.ba\/index.php\/2022\/03\/11\/doc-dr-goran-curic-treba-raditi-na-zamrzavanju-cijena-brasna-i-ostalih-esencijalnih-prehrambenih-proizvoda\/#breadcrumb","itemListElement":[{"@type":"ListItem","position":1,"name":"Po\u010detna stranica","item":"https:\/\/radioljubuski.ba\/"},{"@type":"ListItem","position":2,"name":"Doc. dr. Goran \u0106uri\u0107: Treba raditi na zamrzavanju cijena bra\u0161na i ostalih esencijalnih prehrambenih proizvoda"}]},{"@type":"WebSite","@id":"https:\/\/radioljubuski.ba\/#website","url":"https:\/\/radioljubuski.ba\/","name":"Radio Ljubu\u0161ki","description":"Sun\u010dana frekvencija Hercegovine","publisher":{"@id":"https:\/\/radioljubuski.ba\/#organization"},"potentialAction":[{"@type":"SearchAction","target":{"@type":"EntryPoint","urlTemplate":"https:\/\/radioljubuski.ba\/?s={search_term_string}"},"query-input":{"@type":"PropertyValueSpecification","valueRequired":true,"valueName":"search_term_string"}}],"inLanguage":"hr"},{"@type":"Organization","@id":"https:\/\/radioljubuski.ba\/#organization","name":"Radio Ljubu\u0161ki","url":"https:\/\/radioljubuski.ba\/","logo":{"@type":"ImageObject","inLanguage":"hr","@id":"https:\/\/radioljubuski.ba\/#\/schema\/logo\/image\/","url":"https:\/\/radioljubuski.ba\/wp-content\/uploads\/2021\/02\/cropped-Radio_Ljubuski_logo1.jpg","contentUrl":"https:\/\/radioljubuski.ba\/wp-content\/uploads\/2021\/02\/cropped-Radio_Ljubuski_logo1.jpg","width":512,"height":512,"caption":"Radio Ljubu\u0161ki"},"image":{"@id":"https:\/\/radioljubuski.ba\/#\/schema\/logo\/image\/"},"sameAs":["https:\/\/www.facebook.com\/Radiio-Ljubuski-1490835324566332","https:\/\/x.com\/radioljubuski","https:\/\/hr.linkedin.com\/company\/radio-ljubuski","https:\/\/www.youtube.com\/channel\/UCHYaeO_n0Db3tjNGudGpXyw"]},{"@type":"Person","@id":"https:\/\/radioljubuski.ba\/#\/schema\/person\/19fc700381a780f69665d7956c469e3b","name":"Radio Ljubu\u0161ki"}]}},"_links":{"self":[{"href":"https:\/\/radioljubuski.ba\/index.php\/wp-json\/wp\/v2\/posts\/120459","targetHints":{"allow":["GET"]}}],"collection":[{"href":"https:\/\/radioljubuski.ba\/index.php\/wp-json\/wp\/v2\/posts"}],"about":[{"href":"https:\/\/radioljubuski.ba\/index.php\/wp-json\/wp\/v2\/types\/post"}],"author":[{"embeddable":true,"href":"https:\/\/radioljubuski.ba\/index.php\/wp-json\/wp\/v2\/users\/2"}],"replies":[{"embeddable":true,"href":"https:\/\/radioljubuski.ba\/index.php\/wp-json\/wp\/v2\/comments?post=120459"}],"version-history":[{"count":1,"href":"https:\/\/radioljubuski.ba\/index.php\/wp-json\/wp\/v2\/posts\/120459\/revisions"}],"predecessor-version":[{"id":120461,"href":"https:\/\/radioljubuski.ba\/index.php\/wp-json\/wp\/v2\/posts\/120459\/revisions\/120461"}],"wp:featuredmedia":[{"embeddable":true,"href":"https:\/\/radioljubuski.ba\/index.php\/wp-json\/wp\/v2\/media\/120460"}],"wp:attachment":[{"href":"https:\/\/radioljubuski.ba\/index.php\/wp-json\/wp\/v2\/media?parent=120459"}],"wp:term":[{"taxonomy":"category","embeddable":true,"href":"https:\/\/radioljubuski.ba\/index.php\/wp-json\/wp\/v2\/categories?post=120459"},{"taxonomy":"post_tag","embeddable":true,"href":"https:\/\/radioljubuski.ba\/index.php\/wp-json\/wp\/v2\/tags?post=120459"}],"curies":[{"name":"wp","href":"https:\/\/api.w.org\/{rel}","templated":true}]}}