{"id":12046,"date":"2021-04-12T11:58:40","date_gmt":"2021-04-12T10:58:40","guid":{"rendered":"https:\/\/radioljubuski.ba\/?p=12046"},"modified":"2021-04-12T11:58:41","modified_gmt":"2021-04-12T10:58:41","slug":"luksic-situacija-bitno-ozbiljnija-nego-prethodnih-tjedana","status":"publish","type":"post","link":"https:\/\/radioljubuski.ba\/index.php\/2021\/04\/12\/luksic-situacija-bitno-ozbiljnija-nego-prethodnih-tjedana\/","title":{"rendered":"Luk\u0161i\u0107: Situacija bitno ozbiljnija nego prethodnih tjedana"},"content":{"rendered":"\n<p>Ravnatelj Klini\u010dke bolnice Dubrava Ivica Luk\u0161i\u0107 rekao je u emisiji &#8220;Dobro jutro Hrvatska&#8221; kako broj hospitaliziranih raste iz dana u dan.&nbsp;<\/p>\n\n\n\n<p>&#8211; Mi smo preko tristo bolesnika hospitalizirali, to su sve srednje te\u0161ki i te\u0161ko bolesni. Situacija je bitno ozbiljnija nego prethodnih tjedana, rekao je Luk\u0161i\u0107.<\/p>\n\n\n\n<p><strong>&#8220;Sada hospitalizirane mla\u0111e osobe&#8221;<br><br><\/strong>Luk\u0161i\u0107 je naglasio kako su u odnosu na epidemiju tijekom zime, sada hospitalizirane mla\u0111e osobe. Dodao je da su tada bili hospitalizirani ljudi 70, 80 godina i stariji, a danas su to sve mla\u0111e osobe s jednako te\u0161kim klini\u010dkim slikama.<br><br>&#8211; Zna\u010di ljude u 40-tim, 50-tim, 60-tim godinama, a i mla\u0111e, poru\u010dio je.<\/p>\n\n\n\n<p><strong>&#8220;Mladi se br\u017ee oporave, pa je smrtnost manja&#8221;<\/strong><br><br>Luk\u0161i\u0107 je rekao i da su njihove smetnje odnosno klini\u010dke slike zna\u010dajno br\u017ee pogor\u0161avaju te da za kra\u0107a vrijeme zavr\u0161e u bolnici i na respiratoru.<br><br>Istaknuo je kako sre\u0107om zbog njihove dobi oni se br\u017ee oporave pa je smrtnost manja nego \u0161to je bila zimi.<\/p>\n\n\n\n<p><strong>Luk\u0161i\u0107: Dobro je da su se cijepili prvo stariji<br><\/strong><br>Ravnatelj KB Dubrava naglasio je da se u vi\u0161e od sedamdeset posto slu\u010dajeva radi o britansko soju, koji i nije vi\u0161e tako nov, a koji bi starijima nanio veliku \u0161tetu.<br><br>Luk\u0161i\u0107 je naglasio kako je bila dobra odluka da se prvo procijepe starije osobe.<br><br>Ravnatelj Klini\u010dke bolnice Dubrava rekao je da treba vjerovati cjepivu, te da \u0107e se ono s vremenom i pobolj\u0161avati.&nbsp;<\/p>\n\n\n\n<p><strong>Mi\u0107ovi\u0107: Mjere su uvedene, jer je broj zara\u017eenih i umrlih visok<\/strong><br>Ravnatelj Zavoda za javno zdravstvo Primorsko-goranske \u017eupanije <strong>Vladimir Mi\u0107ovi\u0107<\/strong> kazao je u HTV-ovoj emisiji &#8220;Studio 4&#8221; kako dana\u0161nje brojke nisu reprezentativne, jer se nedjeljom ne testira veliki broj osoba. Dodao je kako je danas zabilje\u017eeno 33 novooboljelih.<br><br>Mi\u0107ovi\u0107 je istaknuo kako su to osobe koje su testirane na hitnom prijemu u bolnici. Ravnatelj Zavoda za javno zdravstvo Primorsko-goranske \u017eupanije rekao je kako su brojevi u drugom tjednu travnja jo\u0161 uvijek visoki, ali udio je do\u0161ao na dvadeset posto kao \u0161to je bio i sredinom o\u017eujka.<br><br>Dodao je kako se nada da se situacija ipak pomalo smiruje, jer je udio bio i vi\u0161e od trideset posto. Mi\u0107ovi\u0107 je kazao kako je velik broj bolesnika u bolnici, te u jedinici intenzivnog lije\u010denja.<br><br>Istaknuo je da se pove\u0107ao i broj umrlih u Primorsko-goranskoj \u017eupaniji, ali zbog toga su i uvedene stro\u017ee mjere uz koje se nada da \u0107e smanjiti broj novozara\u017eenih osoba.&nbsp;<\/p>\n\n\n\n<p><strong>Kolari\u0107: Trebamo se pridr\u017eavati mjera da suzbijemo tre\u0107i val<\/strong><br><br>Epidemiolog i \u010dlan Znanstvenog savjeta Vlade <strong>Branko Kolari\u0107<\/strong> istaknuo je kako je zadnja sjednica Znanstvenog savjeta Vlada bila prije dva mjeseca, te je za \u010detvrtak najavljen novi sastanak. Dodao je kako \u010dlanovi Znanstvenog savjeta izme\u0111u sastanaka komuniciraju e-mailom, te tako prate epidemiolo\u0161ku situaciju i konzultiraju se me\u0111usobno.<br><br>Kolari\u0107 je rekao da se neke mjere mogu efikasno lokalno donositi, ali da time mogu utjecati i na lokalnu politiku. Epidemiolog i \u010dlan Znanstvenog savjeta Vlade naglasio je da nam se doga\u0111a tre\u0107i val i da je dosta ozbiljan.<br><br>Dodao je da su veliki brojevi novozara\u017eenih osoba, a pogotovo broj umrlih. Kazao je kako su uvedene mjere, i da nas \u010deka jo\u0161 mjesec dana stro\u017eih mjera kako bi suzbili tre\u0107i val pandemije.&nbsp;<\/p>\n\n\n\n<p><strong>&#8220;Ljudi su ve\u0107 umorni, ali ulazimo u povoljniju situaciju&#8221;<\/strong><br><br>Mi\u0107ovi\u0107 je naglasio kako se novi soj virusa br\u017ee \u0161iri, te br\u017ee ulazi u organizam, a samim time je i inkubacija virusa kra\u0107a.<br><br>Ravnatelj Zavoda za javno zdravstvo Primorsko-goranske \u017eupanije istaknuo je da je svjestan toga da su ljudi u Hrvatskoj umorni od cijele situacije s pandemijom, ali velika ve\u0107ina ljudi ipak shva\u0107a da ulazimo u povoljnu situaciju, jer \u0107e procjepljivanje ipak u\u010diniti svoje i ljudi se ne\u0107e u tolikom broju vi\u0161e zara\u017eavati.&nbsp;<\/p>\n\n\n\n<p><strong>&#8220;Treba procijepiti \u0161to ve\u0107i broj osoba&#8221;<\/strong><br><br>Epidemiolog i \u010dlan Znanstvenog savjeta Vlade Kolari\u0107 rekao je kako u Hrvatskoj cijepljenje nije obavezno i da se cijepe samo one osobe koje to \u017eele. Naglasio je kako je on mi\u0161ljenja da bi cijepljenje trebalo biti obavezno, kao i u Italiji za osobe koje rade u zdravstvenom sustavu.<br><br>Dodao je da vjeruje kako \u0107e uskoro krenuti i tre\u0107a faza cijepljenja, jer je druga faza cijepljenja za starije osobe i kroni\u010dne bolesnike pri kraju.<br><br>Kolari\u0107 je rekao kako u Hrvatskoj treba procijepiti \u0161to ve\u0107i broj osoba, te da se u kampanju uklju\u010dila i prva dama prof. dr. sc. <strong>Sanja Musi\u0107 Milanovi\u0107<\/strong>. Dodao je da su i politi\u010dari pomogli u kampanji cijepljenja.&nbsp;<\/p>\n\n\n\n<p><strong>Kolari\u0107: Bilo je nelogi\u010dnosti u odlukama Sto\u017eera<\/strong><br><br>Kolari\u0107 je istaknuo kako je bilo nelogi\u010dnosti u odlukama Sto\u017eera te je naglasio kako i dalje treba izbjegavati okupljanja i proslave.<br><br>&#8211; Ljudi koji imaju simptome trebaju ostati kod ku\u0107e i javiti se svom lije\u010dniku, dodao je.<br><br>Mi\u0107ovi\u0107 je rekao da nas zdravstvena sigurnost jo\u0161 uvijek mo\u017ee zavarati. Istaknuo je da su mjere vrlo u\u010dinkovite, ali ih se mora pridr\u017eavati. Dodao je da je cijepljenje klju\u010dno u suzbijanju pandemije.<br><br>Kolari\u0107 je kazao da o\u010dekuje da \u0107e u idu\u0107a dva do tri tjedna situacije biti povoljnija, ako \u0107e se ljudi pridr\u017eavati mjera.&nbsp; &nbsp;&nbsp;<\/p>\n\n\n\n<p>Izvor:hrt.hr<\/p>\n","protected":false},"excerpt":{"rendered":"<p>Ravnatelj Klini\u010dke bolnice Dubrava Ivica Luk\u0161i\u0107 rekao je u emisiji &#8220;Dobro jutro Hrvatska&#8221; kako broj hospitaliziranih raste iz dana u dan.&nbsp; &#8211; Mi smo preko tristo bolesnika hospitalizirali, to su sve srednje te\u0161ki i te\u0161ko bolesni. Situacija je bitno ozbiljnija nego prethodnih tjedana, rekao je Luk\u0161i\u0107. &#8220;Sada hospitalizirane mla\u0111e osobe&#8221; Luk\u0161i\u0107 je naglasio kako su [&hellip;]<\/p>\n","protected":false},"author":2,"featured_media":12047,"comment_status":"closed","ping_status":"closed","sticky":false,"template":"","format":"standard","meta":{"h5ap_radio_sources":[],"footnotes":""},"categories":[1],"tags":[],"class_list":["post-12046","post","type-post","status-publish","format-standard","has-post-thumbnail","hentry","category-bihiregija"],"yoast_head":"<!-- This site is optimized with the Yoast SEO plugin v27.5 - https:\/\/yoast.com\/product\/yoast-seo-wordpress\/ -->\n<title>Luk\u0161i\u0107: Situacija bitno ozbiljnija nego prethodnih tjedana - RADIO LJUBU\u0160KI<\/title>\n<meta name=\"robots\" content=\"index, follow, max-snippet:-1, max-image-preview:large, max-video-preview:-1\" \/>\n<link rel=\"canonical\" href=\"https:\/\/radioljubuski.ba\/index.php\/2021\/04\/12\/luksic-situacija-bitno-ozbiljnija-nego-prethodnih-tjedana\/\" \/>\n<meta property=\"og:locale\" content=\"hr_HR\" \/>\n<meta property=\"og:type\" content=\"article\" \/>\n<meta property=\"og:title\" content=\"Luk\u0161i\u0107: Situacija bitno ozbiljnija nego prethodnih tjedana - RADIO LJUBU\u0160KI\" \/>\n<meta property=\"og:description\" content=\"Ravnatelj Klini\u010dke bolnice Dubrava Ivica Luk\u0161i\u0107 rekao je u emisiji &#8220;Dobro jutro Hrvatska&#8221; kako broj hospitaliziranih raste iz dana u dan.&nbsp; &#8211; Mi smo preko tristo bolesnika hospitalizirali, to su sve srednje te\u0161ki i te\u0161ko bolesni. Situacija je bitno ozbiljnija nego prethodnih tjedana, rekao je Luk\u0161i\u0107. &#8220;Sada hospitalizirane mla\u0111e osobe&#8221; Luk\u0161i\u0107 je naglasio kako su [&hellip;]\" \/>\n<meta property=\"og:url\" content=\"https:\/\/radioljubuski.ba\/index.php\/2021\/04\/12\/luksic-situacija-bitno-ozbiljnija-nego-prethodnih-tjedana\/\" \/>\n<meta property=\"og:site_name\" content=\"RADIO LJUBU\u0160KI\" \/>\n<meta property=\"article:publisher\" content=\"https:\/\/www.facebook.com\/Radiio-Ljubuski-1490835324566332\" \/>\n<meta property=\"article:published_time\" content=\"2021-04-12T10:58:40+00:00\" \/>\n<meta property=\"article:modified_time\" content=\"2021-04-12T10:58:41+00:00\" \/>\n<meta property=\"og:image\" content=\"https:\/\/radioljubuski.ba\/wp-content\/uploads\/2021\/04\/cc-1.png\" \/>\n\t<meta property=\"og:image:width\" content=\"646\" \/>\n\t<meta property=\"og:image:height\" content=\"364\" \/>\n\t<meta property=\"og:image:type\" content=\"image\/png\" \/>\n<meta name=\"author\" content=\"Radio Ljubu\u0161ki\" \/>\n<meta name=\"twitter:card\" content=\"summary_large_image\" \/>\n<meta name=\"twitter:creator\" content=\"@radioljubuski\" \/>\n<meta name=\"twitter:site\" content=\"@radioljubuski\" \/>\n<meta name=\"twitter:label1\" content=\"Napisao\/la\" \/>\n\t<meta name=\"twitter:data1\" content=\"Radio Ljubu\u0161ki\" \/>\n\t<meta name=\"twitter:label2\" content=\"Procijenjeno vrijeme \u010ditanja\" \/>\n\t<meta name=\"twitter:data2\" content=\"4 minute\" \/>\n<script type=\"application\/ld+json\" class=\"yoast-schema-graph\">{\"@context\":\"https:\\\/\\\/schema.org\",\"@graph\":[{\"@type\":\"Article\",\"@id\":\"https:\\\/\\\/radioljubuski.ba\\\/index.php\\\/2021\\\/04\\\/12\\\/luksic-situacija-bitno-ozbiljnija-nego-prethodnih-tjedana\\\/#article\",\"isPartOf\":{\"@id\":\"https:\\\/\\\/radioljubuski.ba\\\/index.php\\\/2021\\\/04\\\/12\\\/luksic-situacija-bitno-ozbiljnija-nego-prethodnih-tjedana\\\/\"},\"author\":{\"name\":\"Radio Ljubu\u0161ki\",\"@id\":\"https:\\\/\\\/radioljubuski.ba\\\/#\\\/schema\\\/person\\\/19fc700381a780f69665d7956c469e3b\"},\"headline\":\"Luk\u0161i\u0107: Situacija bitno ozbiljnija nego prethodnih tjedana\",\"datePublished\":\"2021-04-12T10:58:40+00:00\",\"dateModified\":\"2021-04-12T10:58:41+00:00\",\"mainEntityOfPage\":{\"@id\":\"https:\\\/\\\/radioljubuski.ba\\\/index.php\\\/2021\\\/04\\\/12\\\/luksic-situacija-bitno-ozbiljnija-nego-prethodnih-tjedana\\\/\"},\"wordCount\":914,\"publisher\":{\"@id\":\"https:\\\/\\\/radioljubuski.ba\\\/#organization\"},\"image\":{\"@id\":\"https:\\\/\\\/radioljubuski.ba\\\/index.php\\\/2021\\\/04\\\/12\\\/luksic-situacija-bitno-ozbiljnija-nego-prethodnih-tjedana\\\/#primaryimage\"},\"thumbnailUrl\":\"https:\\\/\\\/radioljubuski.ba\\\/wp-content\\\/uploads\\\/2021\\\/04\\\/cc-1.png\",\"articleSection\":[\"BIH i regija\"],\"inLanguage\":\"hr\"},{\"@type\":\"WebPage\",\"@id\":\"https:\\\/\\\/radioljubuski.ba\\\/index.php\\\/2021\\\/04\\\/12\\\/luksic-situacija-bitno-ozbiljnija-nego-prethodnih-tjedana\\\/\",\"url\":\"https:\\\/\\\/radioljubuski.ba\\\/index.php\\\/2021\\\/04\\\/12\\\/luksic-situacija-bitno-ozbiljnija-nego-prethodnih-tjedana\\\/\",\"name\":\"Luk\u0161i\u0107: Situacija bitno ozbiljnija nego prethodnih tjedana - RADIO LJUBU\u0160KI\",\"isPartOf\":{\"@id\":\"https:\\\/\\\/radioljubuski.ba\\\/#website\"},\"primaryImageOfPage\":{\"@id\":\"https:\\\/\\\/radioljubuski.ba\\\/index.php\\\/2021\\\/04\\\/12\\\/luksic-situacija-bitno-ozbiljnija-nego-prethodnih-tjedana\\\/#primaryimage\"},\"image\":{\"@id\":\"https:\\\/\\\/radioljubuski.ba\\\/index.php\\\/2021\\\/04\\\/12\\\/luksic-situacija-bitno-ozbiljnija-nego-prethodnih-tjedana\\\/#primaryimage\"},\"thumbnailUrl\":\"https:\\\/\\\/radioljubuski.ba\\\/wp-content\\\/uploads\\\/2021\\\/04\\\/cc-1.png\",\"datePublished\":\"2021-04-12T10:58:40+00:00\",\"dateModified\":\"2021-04-12T10:58:41+00:00\",\"breadcrumb\":{\"@id\":\"https:\\\/\\\/radioljubuski.ba\\\/index.php\\\/2021\\\/04\\\/12\\\/luksic-situacija-bitno-ozbiljnija-nego-prethodnih-tjedana\\\/#breadcrumb\"},\"inLanguage\":\"hr\",\"potentialAction\":[{\"@type\":\"ReadAction\",\"target\":[\"https:\\\/\\\/radioljubuski.ba\\\/index.php\\\/2021\\\/04\\\/12\\\/luksic-situacija-bitno-ozbiljnija-nego-prethodnih-tjedana\\\/\"]}]},{\"@type\":\"ImageObject\",\"inLanguage\":\"hr\",\"@id\":\"https:\\\/\\\/radioljubuski.ba\\\/index.php\\\/2021\\\/04\\\/12\\\/luksic-situacija-bitno-ozbiljnija-nego-prethodnih-tjedana\\\/#primaryimage\",\"url\":\"https:\\\/\\\/radioljubuski.ba\\\/wp-content\\\/uploads\\\/2021\\\/04\\\/cc-1.png\",\"contentUrl\":\"https:\\\/\\\/radioljubuski.ba\\\/wp-content\\\/uploads\\\/2021\\\/04\\\/cc-1.png\",\"width\":646,\"height\":364},{\"@type\":\"BreadcrumbList\",\"@id\":\"https:\\\/\\\/radioljubuski.ba\\\/index.php\\\/2021\\\/04\\\/12\\\/luksic-situacija-bitno-ozbiljnija-nego-prethodnih-tjedana\\\/#breadcrumb\",\"itemListElement\":[{\"@type\":\"ListItem\",\"position\":1,\"name\":\"Po\u010detna stranica\",\"item\":\"https:\\\/\\\/radioljubuski.ba\\\/\"},{\"@type\":\"ListItem\",\"position\":2,\"name\":\"Luk\u0161i\u0107: Situacija bitno ozbiljnija nego prethodnih tjedana\"}]},{\"@type\":\"WebSite\",\"@id\":\"https:\\\/\\\/radioljubuski.ba\\\/#website\",\"url\":\"https:\\\/\\\/radioljubuski.ba\\\/\",\"name\":\"Radio Ljubu\u0161ki\",\"description\":\"Sun\u010dana frekvencija Hercegovine\",\"publisher\":{\"@id\":\"https:\\\/\\\/radioljubuski.ba\\\/#organization\"},\"potentialAction\":[{\"@type\":\"SearchAction\",\"target\":{\"@type\":\"EntryPoint\",\"urlTemplate\":\"https:\\\/\\\/radioljubuski.ba\\\/?s={search_term_string}\"},\"query-input\":{\"@type\":\"PropertyValueSpecification\",\"valueRequired\":true,\"valueName\":\"search_term_string\"}}],\"inLanguage\":\"hr\"},{\"@type\":\"Organization\",\"@id\":\"https:\\\/\\\/radioljubuski.ba\\\/#organization\",\"name\":\"Radio Ljubu\u0161ki\",\"url\":\"https:\\\/\\\/radioljubuski.ba\\\/\",\"logo\":{\"@type\":\"ImageObject\",\"inLanguage\":\"hr\",\"@id\":\"https:\\\/\\\/radioljubuski.ba\\\/#\\\/schema\\\/logo\\\/image\\\/\",\"url\":\"https:\\\/\\\/radioljubuski.ba\\\/wp-content\\\/uploads\\\/2021\\\/02\\\/cropped-Radio_Ljubuski_logo1.jpg\",\"contentUrl\":\"https:\\\/\\\/radioljubuski.ba\\\/wp-content\\\/uploads\\\/2021\\\/02\\\/cropped-Radio_Ljubuski_logo1.jpg\",\"width\":512,\"height\":512,\"caption\":\"Radio Ljubu\u0161ki\"},\"image\":{\"@id\":\"https:\\\/\\\/radioljubuski.ba\\\/#\\\/schema\\\/logo\\\/image\\\/\"},\"sameAs\":[\"https:\\\/\\\/www.facebook.com\\\/Radiio-Ljubuski-1490835324566332\",\"https:\\\/\\\/x.com\\\/radioljubuski\",\"https:\\\/\\\/hr.linkedin.com\\\/company\\\/radio-ljubuski\",\"https:\\\/\\\/www.youtube.com\\\/channel\\\/UCHYaeO_n0Db3tjNGudGpXyw\"]},{\"@type\":\"Person\",\"@id\":\"https:\\\/\\\/radioljubuski.ba\\\/#\\\/schema\\\/person\\\/19fc700381a780f69665d7956c469e3b\",\"name\":\"Radio Ljubu\u0161ki\"}]}<\/script>\n<!-- \/ Yoast SEO plugin. -->","yoast_head_json":{"title":"Luk\u0161i\u0107: Situacija bitno ozbiljnija nego prethodnih tjedana - RADIO LJUBU\u0160KI","robots":{"index":"index","follow":"follow","max-snippet":"max-snippet:-1","max-image-preview":"max-image-preview:large","max-video-preview":"max-video-preview:-1"},"canonical":"https:\/\/radioljubuski.ba\/index.php\/2021\/04\/12\/luksic-situacija-bitno-ozbiljnija-nego-prethodnih-tjedana\/","og_locale":"hr_HR","og_type":"article","og_title":"Luk\u0161i\u0107: Situacija bitno ozbiljnija nego prethodnih tjedana - RADIO LJUBU\u0160KI","og_description":"Ravnatelj Klini\u010dke bolnice Dubrava Ivica Luk\u0161i\u0107 rekao je u emisiji &#8220;Dobro jutro Hrvatska&#8221; kako broj hospitaliziranih raste iz dana u dan.&nbsp; &#8211; Mi smo preko tristo bolesnika hospitalizirali, to su sve srednje te\u0161ki i te\u0161ko bolesni. Situacija je bitno ozbiljnija nego prethodnih tjedana, rekao je Luk\u0161i\u0107. &#8220;Sada hospitalizirane mla\u0111e osobe&#8221; Luk\u0161i\u0107 je naglasio kako su [&hellip;]","og_url":"https:\/\/radioljubuski.ba\/index.php\/2021\/04\/12\/luksic-situacija-bitno-ozbiljnija-nego-prethodnih-tjedana\/","og_site_name":"RADIO LJUBU\u0160KI","article_publisher":"https:\/\/www.facebook.com\/Radiio-Ljubuski-1490835324566332","article_published_time":"2021-04-12T10:58:40+00:00","article_modified_time":"2021-04-12T10:58:41+00:00","og_image":[{"width":646,"height":364,"url":"https:\/\/radioljubuski.ba\/wp-content\/uploads\/2021\/04\/cc-1.png","type":"image\/png"}],"author":"Radio Ljubu\u0161ki","twitter_card":"summary_large_image","twitter_creator":"@radioljubuski","twitter_site":"@radioljubuski","twitter_misc":{"Napisao\/la":"Radio Ljubu\u0161ki","Procijenjeno vrijeme \u010ditanja":"4 minute"},"schema":{"@context":"https:\/\/schema.org","@graph":[{"@type":"Article","@id":"https:\/\/radioljubuski.ba\/index.php\/2021\/04\/12\/luksic-situacija-bitno-ozbiljnija-nego-prethodnih-tjedana\/#article","isPartOf":{"@id":"https:\/\/radioljubuski.ba\/index.php\/2021\/04\/12\/luksic-situacija-bitno-ozbiljnija-nego-prethodnih-tjedana\/"},"author":{"name":"Radio Ljubu\u0161ki","@id":"https:\/\/radioljubuski.ba\/#\/schema\/person\/19fc700381a780f69665d7956c469e3b"},"headline":"Luk\u0161i\u0107: Situacija bitno ozbiljnija nego prethodnih tjedana","datePublished":"2021-04-12T10:58:40+00:00","dateModified":"2021-04-12T10:58:41+00:00","mainEntityOfPage":{"@id":"https:\/\/radioljubuski.ba\/index.php\/2021\/04\/12\/luksic-situacija-bitno-ozbiljnija-nego-prethodnih-tjedana\/"},"wordCount":914,"publisher":{"@id":"https:\/\/radioljubuski.ba\/#organization"},"image":{"@id":"https:\/\/radioljubuski.ba\/index.php\/2021\/04\/12\/luksic-situacija-bitno-ozbiljnija-nego-prethodnih-tjedana\/#primaryimage"},"thumbnailUrl":"https:\/\/radioljubuski.ba\/wp-content\/uploads\/2021\/04\/cc-1.png","articleSection":["BIH i regija"],"inLanguage":"hr"},{"@type":"WebPage","@id":"https:\/\/radioljubuski.ba\/index.php\/2021\/04\/12\/luksic-situacija-bitno-ozbiljnija-nego-prethodnih-tjedana\/","url":"https:\/\/radioljubuski.ba\/index.php\/2021\/04\/12\/luksic-situacija-bitno-ozbiljnija-nego-prethodnih-tjedana\/","name":"Luk\u0161i\u0107: Situacija bitno ozbiljnija nego prethodnih tjedana - RADIO LJUBU\u0160KI","isPartOf":{"@id":"https:\/\/radioljubuski.ba\/#website"},"primaryImageOfPage":{"@id":"https:\/\/radioljubuski.ba\/index.php\/2021\/04\/12\/luksic-situacija-bitno-ozbiljnija-nego-prethodnih-tjedana\/#primaryimage"},"image":{"@id":"https:\/\/radioljubuski.ba\/index.php\/2021\/04\/12\/luksic-situacija-bitno-ozbiljnija-nego-prethodnih-tjedana\/#primaryimage"},"thumbnailUrl":"https:\/\/radioljubuski.ba\/wp-content\/uploads\/2021\/04\/cc-1.png","datePublished":"2021-04-12T10:58:40+00:00","dateModified":"2021-04-12T10:58:41+00:00","breadcrumb":{"@id":"https:\/\/radioljubuski.ba\/index.php\/2021\/04\/12\/luksic-situacija-bitno-ozbiljnija-nego-prethodnih-tjedana\/#breadcrumb"},"inLanguage":"hr","potentialAction":[{"@type":"ReadAction","target":["https:\/\/radioljubuski.ba\/index.php\/2021\/04\/12\/luksic-situacija-bitno-ozbiljnija-nego-prethodnih-tjedana\/"]}]},{"@type":"ImageObject","inLanguage":"hr","@id":"https:\/\/radioljubuski.ba\/index.php\/2021\/04\/12\/luksic-situacija-bitno-ozbiljnija-nego-prethodnih-tjedana\/#primaryimage","url":"https:\/\/radioljubuski.ba\/wp-content\/uploads\/2021\/04\/cc-1.png","contentUrl":"https:\/\/radioljubuski.ba\/wp-content\/uploads\/2021\/04\/cc-1.png","width":646,"height":364},{"@type":"BreadcrumbList","@id":"https:\/\/radioljubuski.ba\/index.php\/2021\/04\/12\/luksic-situacija-bitno-ozbiljnija-nego-prethodnih-tjedana\/#breadcrumb","itemListElement":[{"@type":"ListItem","position":1,"name":"Po\u010detna stranica","item":"https:\/\/radioljubuski.ba\/"},{"@type":"ListItem","position":2,"name":"Luk\u0161i\u0107: Situacija bitno ozbiljnija nego prethodnih tjedana"}]},{"@type":"WebSite","@id":"https:\/\/radioljubuski.ba\/#website","url":"https:\/\/radioljubuski.ba\/","name":"Radio Ljubu\u0161ki","description":"Sun\u010dana frekvencija Hercegovine","publisher":{"@id":"https:\/\/radioljubuski.ba\/#organization"},"potentialAction":[{"@type":"SearchAction","target":{"@type":"EntryPoint","urlTemplate":"https:\/\/radioljubuski.ba\/?s={search_term_string}"},"query-input":{"@type":"PropertyValueSpecification","valueRequired":true,"valueName":"search_term_string"}}],"inLanguage":"hr"},{"@type":"Organization","@id":"https:\/\/radioljubuski.ba\/#organization","name":"Radio Ljubu\u0161ki","url":"https:\/\/radioljubuski.ba\/","logo":{"@type":"ImageObject","inLanguage":"hr","@id":"https:\/\/radioljubuski.ba\/#\/schema\/logo\/image\/","url":"https:\/\/radioljubuski.ba\/wp-content\/uploads\/2021\/02\/cropped-Radio_Ljubuski_logo1.jpg","contentUrl":"https:\/\/radioljubuski.ba\/wp-content\/uploads\/2021\/02\/cropped-Radio_Ljubuski_logo1.jpg","width":512,"height":512,"caption":"Radio Ljubu\u0161ki"},"image":{"@id":"https:\/\/radioljubuski.ba\/#\/schema\/logo\/image\/"},"sameAs":["https:\/\/www.facebook.com\/Radiio-Ljubuski-1490835324566332","https:\/\/x.com\/radioljubuski","https:\/\/hr.linkedin.com\/company\/radio-ljubuski","https:\/\/www.youtube.com\/channel\/UCHYaeO_n0Db3tjNGudGpXyw"]},{"@type":"Person","@id":"https:\/\/radioljubuski.ba\/#\/schema\/person\/19fc700381a780f69665d7956c469e3b","name":"Radio Ljubu\u0161ki"}]}},"_links":{"self":[{"href":"https:\/\/radioljubuski.ba\/index.php\/wp-json\/wp\/v2\/posts\/12046","targetHints":{"allow":["GET"]}}],"collection":[{"href":"https:\/\/radioljubuski.ba\/index.php\/wp-json\/wp\/v2\/posts"}],"about":[{"href":"https:\/\/radioljubuski.ba\/index.php\/wp-json\/wp\/v2\/types\/post"}],"author":[{"embeddable":true,"href":"https:\/\/radioljubuski.ba\/index.php\/wp-json\/wp\/v2\/users\/2"}],"replies":[{"embeddable":true,"href":"https:\/\/radioljubuski.ba\/index.php\/wp-json\/wp\/v2\/comments?post=12046"}],"version-history":[{"count":1,"href":"https:\/\/radioljubuski.ba\/index.php\/wp-json\/wp\/v2\/posts\/12046\/revisions"}],"predecessor-version":[{"id":12048,"href":"https:\/\/radioljubuski.ba\/index.php\/wp-json\/wp\/v2\/posts\/12046\/revisions\/12048"}],"wp:featuredmedia":[{"embeddable":true,"href":"https:\/\/radioljubuski.ba\/index.php\/wp-json\/wp\/v2\/media\/12047"}],"wp:attachment":[{"href":"https:\/\/radioljubuski.ba\/index.php\/wp-json\/wp\/v2\/media?parent=12046"}],"wp:term":[{"taxonomy":"category","embeddable":true,"href":"https:\/\/radioljubuski.ba\/index.php\/wp-json\/wp\/v2\/categories?post=12046"},{"taxonomy":"post_tag","embeddable":true,"href":"https:\/\/radioljubuski.ba\/index.php\/wp-json\/wp\/v2\/tags?post=12046"}],"curies":[{"name":"wp","href":"https:\/\/api.w.org\/{rel}","templated":true}]}}