{"id":120781,"date":"2022-03-12T14:47:49","date_gmt":"2022-03-12T13:47:49","guid":{"rendered":"https:\/\/radioljubuski.ba\/?p=120781"},"modified":"2022-03-12T14:47:50","modified_gmt":"2022-03-12T13:47:50","slug":"zubak-ma-kakvo-snimanje-terena-nije-ova-letjelica-za-to-sposobna-ovo-je-bila-opomena-a-znam-i-ciji-je-to-potpis","status":"publish","type":"post","link":"https:\/\/radioljubuski.ba\/index.php\/2022\/03\/12\/zubak-ma-kakvo-snimanje-terena-nije-ova-letjelica-za-to-sposobna-ovo-je-bila-opomena-a-znam-i-ciji-je-to-potpis\/","title":{"rendered":"Zubak: Ma, kakvo snimanje terena, nije ova letjelica za to sposobna. Ovo je bila opomena, a znam i \u010diji je to potpis!"},"content":{"rendered":"\n<p>Nekada\u0161nji trgovac oru\u017ejem Zvonko Zubak gostovao je na N1 televiziji.<\/p>\n\n\n\n<p>Zubak ka\u017ee da je letjelica koja se sru\u0161ila u Zagrebu sama po sebi bezopasna, ali da je mogla napraviti puno \u0161tete da je situacija bila druga\u010dija ili da je pala na drugo mjesto.<\/p>\n\n\n\n<p>-Ona je mogla napraviti veliku \u0161tetu da je pala na zgradu ili studentski dom. Sigurno bi bilo puno \u017ertava. Ona kao ona, ne mo\u017ee napraviti nikakvu \u0161tetu ako se nije zabila u ne\u0161to. To je stara letjelica koju su Rusi poku\u0161avali nadograditi, ali nisu uspjeli. Uistinu me \u010dudi za\u0161to su je poslali. Ona je potpuno bezopasna, ali na njoj je mogla biti neka mala bojeva glava, neka bomba\u2026 Treba sve ispitati i vidjeti &#8211; ka\u017ee Zubak.<\/p>\n\n\n\n<p>-I\u0161la je ba\u0161 brzo, ona za to nije sposobna. To je opomena &#8211; ka\u017ee.<\/p>\n\n\n\n<p>-Rusi rade dobru propagandu na koju nitko ne smije nasjesti. Imali smo sli\u010dno u na\u0161em ratu, to su radili Srbi. To je ba\u0161 njihov potpis. To \u0161to oni pri\u010daju da su to poslali Ukrajici, to je potpuna la\u017e &#8211; smatra Zubak.<\/p>\n\n\n\n<p>Zubak ka\u017ee kako se, hvala Bogu, nije dogodilo ni\u0161ta, ali da je poslana letjelica koja je jako sli\u010dna borbenom zrakoplovu.<\/p>\n\n\n\n<p>-Ma\u0111arska se nije dobro sna\u0161la misle\u0107i da je to NATO-ov zrakoplov koji ide u bazu. \u010cudi me da nisu podigli lovce, radar ju je registrirao. \u010cudi me kako su imali tako lo\u0161u komunikaciju. Morali su odmah podi\u0107i dva svoja Gripena. Oni su napravili veliku gre\u0161ku, morali i nama javiti &#8211; mi\u0161ljenja je Zubak.<\/p>\n\n\n\n<p>Na pitanje je li sedam minuta dovoljno za reakciju ka\u017ee: &#8211; Ako se ne pripremate, onda je sedam minuta prekratko. Ona je samo u\u0161la i u sedam minuta je pala. Da je du\u017ee letjela, onda bi se digli na\u0161i MiG-ovi i presreli je &#8211; obja\u0161njava.<\/p>\n\n\n\n<p>-Ovo je slu\u010daj u kojemu ne bismo smjeli odmah napadati NATO. Savez je pokazao koliko je sna\u017ean. Rusija je postala lav od kartona &#8211; tvrdi.<\/p>\n\n\n\n<p>-Putin je u Siriji radio vojne vje\u017ebe, to nije bio njegov rat. On se tamo pripremao za ovo \u0161to sada radi, ali o\u010dito da Sirija nije ista kao ovo izvan te dr\u017eave &#8211; govori Zubak o ruskom predsjedniku Vladimiru Putinu dodaju\u0107i da je poznavao ruske vojne zapovjednike te da su oni govorili kako nisu za rat.<\/p>\n\n\n\n<p>-Putin sam sebi puca u noge ako ovo radi. On rat dobiti ne mo\u017ee. Mi smo imali sli\u010dan rat, gotovo istu silu, to je potpuno blizu. Rusija \u0107e izgubiti rat bez NATO-a, bez ikakvog njihovog uklju\u010denja. Moraju vidjeti \u0161to \u0107e s tim Luka\u0161enkom, njemu se moraju uvesti druga\u010dije sankcije. On je bio gotov i prije ovoga, a sad je potpuno gotov. Ukrajina mora biti potpuno hladne glave. Bit \u0107e puno \u017ertava, ali oni moraju sami vratiti ono \u0161to su prije imali &#8211; govori Zubak koji smatra i kako se NATO nikako ne bi smio dati uvu\u0107i u ovaj rat jer je on za Rusiju unaprijed izgubljen. Nerealnom smatra i nuklearnu prijetnju.<\/p>\n\n\n\n<p>-Da nije Amerike iza nas, Putin bi ve\u0107 pucao po europskim gradovima. Dok god EU ne postane dr\u017eava, bit \u0107emo mali, sitni. Bojim se da se nakon ove tragedije, to ne dogodi. EU mora postati dr\u017eava &#8211; ka\u017ee Zubak.<\/p>\n\n\n\n<p>Dodaje i kako ve\u0107 20 godina govori da EU mora imati svoju vojsku.<\/p>\n\n\n\n<p>-Nitko, pa ni EU, nema zajam\u010denu trajnu slobodu. Mi moramo biti sposobni \u010duvati svoje vlastite prostore &#8211; ka\u017ee.<\/p>\n\n\n\n<p>-Amerikanci znaju gdje Putin sada pije kavu. On ima tehniku, ali grubu. Ono za \u0161to bi morao dobiti dijelove od Zapada, on to sada \u010duva jer kasnije to ne\u0107e mo\u0107i dobiti &#8211; zaklju\u010duje Zubak za N1.<\/p>\n\n\n\n<p>Izvor:pogled.ba\/hrt.hr<\/p>\n","protected":false},"excerpt":{"rendered":"<p>Nekada\u0161nji trgovac oru\u017ejem Zvonko Zubak gostovao je na N1 televiziji. Zubak ka\u017ee da je letjelica koja se sru\u0161ila u Zagrebu sama po sebi bezopasna, ali da je mogla napraviti puno \u0161tete da je situacija bila druga\u010dija ili da je pala na drugo mjesto. -Ona je mogla napraviti veliku \u0161tetu da je pala na zgradu ili [&hellip;]<\/p>\n","protected":false},"author":2,"featured_media":120782,"comment_status":"closed","ping_status":"closed","sticky":false,"template":"","format":"standard","meta":{"h5ap_radio_sources":[],"footnotes":""},"categories":[1],"tags":[],"class_list":["post-120781","post","type-post","status-publish","format-standard","has-post-thumbnail","hentry","category-bihiregija"],"yoast_head":"<!-- This site is optimized with the Yoast SEO plugin v27.5 - https:\/\/yoast.com\/product\/yoast-seo-wordpress\/ -->\n<title>Zubak: Ma, kakvo snimanje terena, nije ova letjelica za to sposobna. Ovo je bila opomena, a znam i \u010diji je to potpis! - RADIO LJUBU\u0160KI<\/title>\n<meta name=\"robots\" content=\"index, follow, max-snippet:-1, max-image-preview:large, max-video-preview:-1\" \/>\n<link rel=\"canonical\" href=\"https:\/\/radioljubuski.ba\/index.php\/2022\/03\/12\/zubak-ma-kakvo-snimanje-terena-nije-ova-letjelica-za-to-sposobna-ovo-je-bila-opomena-a-znam-i-ciji-je-to-potpis\/\" \/>\n<meta property=\"og:locale\" content=\"hr_HR\" \/>\n<meta property=\"og:type\" content=\"article\" \/>\n<meta property=\"og:title\" content=\"Zubak: Ma, kakvo snimanje terena, nije ova letjelica za to sposobna. Ovo je bila opomena, a znam i \u010diji je to potpis! - RADIO LJUBU\u0160KI\" \/>\n<meta property=\"og:description\" content=\"Nekada\u0161nji trgovac oru\u017ejem Zvonko Zubak gostovao je na N1 televiziji. Zubak ka\u017ee da je letjelica koja se sru\u0161ila u Zagrebu sama po sebi bezopasna, ali da je mogla napraviti puno \u0161tete da je situacija bila druga\u010dija ili da je pala na drugo mjesto. -Ona je mogla napraviti veliku \u0161tetu da je pala na zgradu ili [&hellip;]\" \/>\n<meta property=\"og:url\" content=\"https:\/\/radioljubuski.ba\/index.php\/2022\/03\/12\/zubak-ma-kakvo-snimanje-terena-nije-ova-letjelica-za-to-sposobna-ovo-je-bila-opomena-a-znam-i-ciji-je-to-potpis\/\" \/>\n<meta property=\"og:site_name\" content=\"RADIO LJUBU\u0160KI\" \/>\n<meta property=\"article:publisher\" content=\"https:\/\/www.facebook.com\/Radiio-Ljubuski-1490835324566332\" \/>\n<meta property=\"article:published_time\" content=\"2022-03-12T13:47:49+00:00\" \/>\n<meta property=\"article:modified_time\" content=\"2022-03-12T13:47:50+00:00\" \/>\n<meta property=\"og:image\" content=\"https:\/\/radioljubuski.ba\/wp-content\/uploads\/2022\/03\/2-2022-02-14-11-26-58-Zubak.jpg\" \/>\n\t<meta property=\"og:image:width\" content=\"1000\" \/>\n\t<meta property=\"og:image:height\" content=\"625\" \/>\n\t<meta property=\"og:image:type\" content=\"image\/jpeg\" \/>\n<meta name=\"author\" content=\"Radio Ljubu\u0161ki\" \/>\n<meta name=\"twitter:card\" content=\"summary_large_image\" \/>\n<meta name=\"twitter:creator\" content=\"@radioljubuski\" \/>\n<meta name=\"twitter:site\" content=\"@radioljubuski\" \/>\n<meta name=\"twitter:label1\" content=\"Napisao\/la\" \/>\n\t<meta name=\"twitter:data1\" content=\"Radio Ljubu\u0161ki\" \/>\n\t<meta name=\"twitter:label2\" content=\"Procijenjeno vrijeme \u010ditanja\" \/>\n\t<meta name=\"twitter:data2\" content=\"3 minute\" \/>\n<script type=\"application\/ld+json\" class=\"yoast-schema-graph\">{\"@context\":\"https:\\\/\\\/schema.org\",\"@graph\":[{\"@type\":\"Article\",\"@id\":\"https:\\\/\\\/radioljubuski.ba\\\/index.php\\\/2022\\\/03\\\/12\\\/zubak-ma-kakvo-snimanje-terena-nije-ova-letjelica-za-to-sposobna-ovo-je-bila-opomena-a-znam-i-ciji-je-to-potpis\\\/#article\",\"isPartOf\":{\"@id\":\"https:\\\/\\\/radioljubuski.ba\\\/index.php\\\/2022\\\/03\\\/12\\\/zubak-ma-kakvo-snimanje-terena-nije-ova-letjelica-za-to-sposobna-ovo-je-bila-opomena-a-znam-i-ciji-je-to-potpis\\\/\"},\"author\":{\"name\":\"Radio Ljubu\u0161ki\",\"@id\":\"https:\\\/\\\/radioljubuski.ba\\\/#\\\/schema\\\/person\\\/19fc700381a780f69665d7956c469e3b\"},\"headline\":\"Zubak: Ma, kakvo snimanje terena, nije ova letjelica za to sposobna. Ovo je bila opomena, a znam i \u010diji je to potpis!\",\"datePublished\":\"2022-03-12T13:47:49+00:00\",\"dateModified\":\"2022-03-12T13:47:50+00:00\",\"mainEntityOfPage\":{\"@id\":\"https:\\\/\\\/radioljubuski.ba\\\/index.php\\\/2022\\\/03\\\/12\\\/zubak-ma-kakvo-snimanje-terena-nije-ova-letjelica-za-to-sposobna-ovo-je-bila-opomena-a-znam-i-ciji-je-to-potpis\\\/\"},\"wordCount\":666,\"publisher\":{\"@id\":\"https:\\\/\\\/radioljubuski.ba\\\/#organization\"},\"image\":{\"@id\":\"https:\\\/\\\/radioljubuski.ba\\\/index.php\\\/2022\\\/03\\\/12\\\/zubak-ma-kakvo-snimanje-terena-nije-ova-letjelica-za-to-sposobna-ovo-je-bila-opomena-a-znam-i-ciji-je-to-potpis\\\/#primaryimage\"},\"thumbnailUrl\":\"https:\\\/\\\/radioljubuski.ba\\\/wp-content\\\/uploads\\\/2022\\\/03\\\/2-2022-02-14-11-26-58-Zubak.jpg\",\"articleSection\":[\"BIH i regija\"],\"inLanguage\":\"hr\"},{\"@type\":\"WebPage\",\"@id\":\"https:\\\/\\\/radioljubuski.ba\\\/index.php\\\/2022\\\/03\\\/12\\\/zubak-ma-kakvo-snimanje-terena-nije-ova-letjelica-za-to-sposobna-ovo-je-bila-opomena-a-znam-i-ciji-je-to-potpis\\\/\",\"url\":\"https:\\\/\\\/radioljubuski.ba\\\/index.php\\\/2022\\\/03\\\/12\\\/zubak-ma-kakvo-snimanje-terena-nije-ova-letjelica-za-to-sposobna-ovo-je-bila-opomena-a-znam-i-ciji-je-to-potpis\\\/\",\"name\":\"Zubak: Ma, kakvo snimanje terena, nije ova letjelica za to sposobna. Ovo je bila opomena, a znam i \u010diji je to potpis! - RADIO LJUBU\u0160KI\",\"isPartOf\":{\"@id\":\"https:\\\/\\\/radioljubuski.ba\\\/#website\"},\"primaryImageOfPage\":{\"@id\":\"https:\\\/\\\/radioljubuski.ba\\\/index.php\\\/2022\\\/03\\\/12\\\/zubak-ma-kakvo-snimanje-terena-nije-ova-letjelica-za-to-sposobna-ovo-je-bila-opomena-a-znam-i-ciji-je-to-potpis\\\/#primaryimage\"},\"image\":{\"@id\":\"https:\\\/\\\/radioljubuski.ba\\\/index.php\\\/2022\\\/03\\\/12\\\/zubak-ma-kakvo-snimanje-terena-nije-ova-letjelica-za-to-sposobna-ovo-je-bila-opomena-a-znam-i-ciji-je-to-potpis\\\/#primaryimage\"},\"thumbnailUrl\":\"https:\\\/\\\/radioljubuski.ba\\\/wp-content\\\/uploads\\\/2022\\\/03\\\/2-2022-02-14-11-26-58-Zubak.jpg\",\"datePublished\":\"2022-03-12T13:47:49+00:00\",\"dateModified\":\"2022-03-12T13:47:50+00:00\",\"breadcrumb\":{\"@id\":\"https:\\\/\\\/radioljubuski.ba\\\/index.php\\\/2022\\\/03\\\/12\\\/zubak-ma-kakvo-snimanje-terena-nije-ova-letjelica-za-to-sposobna-ovo-je-bila-opomena-a-znam-i-ciji-je-to-potpis\\\/#breadcrumb\"},\"inLanguage\":\"hr\",\"potentialAction\":[{\"@type\":\"ReadAction\",\"target\":[\"https:\\\/\\\/radioljubuski.ba\\\/index.php\\\/2022\\\/03\\\/12\\\/zubak-ma-kakvo-snimanje-terena-nije-ova-letjelica-za-to-sposobna-ovo-je-bila-opomena-a-znam-i-ciji-je-to-potpis\\\/\"]}]},{\"@type\":\"ImageObject\",\"inLanguage\":\"hr\",\"@id\":\"https:\\\/\\\/radioljubuski.ba\\\/index.php\\\/2022\\\/03\\\/12\\\/zubak-ma-kakvo-snimanje-terena-nije-ova-letjelica-za-to-sposobna-ovo-je-bila-opomena-a-znam-i-ciji-je-to-potpis\\\/#primaryimage\",\"url\":\"https:\\\/\\\/radioljubuski.ba\\\/wp-content\\\/uploads\\\/2022\\\/03\\\/2-2022-02-14-11-26-58-Zubak.jpg\",\"contentUrl\":\"https:\\\/\\\/radioljubuski.ba\\\/wp-content\\\/uploads\\\/2022\\\/03\\\/2-2022-02-14-11-26-58-Zubak.jpg\",\"width\":1000,\"height\":625},{\"@type\":\"BreadcrumbList\",\"@id\":\"https:\\\/\\\/radioljubuski.ba\\\/index.php\\\/2022\\\/03\\\/12\\\/zubak-ma-kakvo-snimanje-terena-nije-ova-letjelica-za-to-sposobna-ovo-je-bila-opomena-a-znam-i-ciji-je-to-potpis\\\/#breadcrumb\",\"itemListElement\":[{\"@type\":\"ListItem\",\"position\":1,\"name\":\"Po\u010detna stranica\",\"item\":\"https:\\\/\\\/radioljubuski.ba\\\/\"},{\"@type\":\"ListItem\",\"position\":2,\"name\":\"Zubak: Ma, kakvo snimanje terena, nije ova letjelica za to sposobna. Ovo je bila opomena, a znam i \u010diji je to potpis!\"}]},{\"@type\":\"WebSite\",\"@id\":\"https:\\\/\\\/radioljubuski.ba\\\/#website\",\"url\":\"https:\\\/\\\/radioljubuski.ba\\\/\",\"name\":\"Radio Ljubu\u0161ki\",\"description\":\"Sun\u010dana frekvencija Hercegovine\",\"publisher\":{\"@id\":\"https:\\\/\\\/radioljubuski.ba\\\/#organization\"},\"potentialAction\":[{\"@type\":\"SearchAction\",\"target\":{\"@type\":\"EntryPoint\",\"urlTemplate\":\"https:\\\/\\\/radioljubuski.ba\\\/?s={search_term_string}\"},\"query-input\":{\"@type\":\"PropertyValueSpecification\",\"valueRequired\":true,\"valueName\":\"search_term_string\"}}],\"inLanguage\":\"hr\"},{\"@type\":\"Organization\",\"@id\":\"https:\\\/\\\/radioljubuski.ba\\\/#organization\",\"name\":\"Radio Ljubu\u0161ki\",\"url\":\"https:\\\/\\\/radioljubuski.ba\\\/\",\"logo\":{\"@type\":\"ImageObject\",\"inLanguage\":\"hr\",\"@id\":\"https:\\\/\\\/radioljubuski.ba\\\/#\\\/schema\\\/logo\\\/image\\\/\",\"url\":\"https:\\\/\\\/radioljubuski.ba\\\/wp-content\\\/uploads\\\/2021\\\/02\\\/cropped-Radio_Ljubuski_logo1.jpg\",\"contentUrl\":\"https:\\\/\\\/radioljubuski.ba\\\/wp-content\\\/uploads\\\/2021\\\/02\\\/cropped-Radio_Ljubuski_logo1.jpg\",\"width\":512,\"height\":512,\"caption\":\"Radio Ljubu\u0161ki\"},\"image\":{\"@id\":\"https:\\\/\\\/radioljubuski.ba\\\/#\\\/schema\\\/logo\\\/image\\\/\"},\"sameAs\":[\"https:\\\/\\\/www.facebook.com\\\/Radiio-Ljubuski-1490835324566332\",\"https:\\\/\\\/x.com\\\/radioljubuski\",\"https:\\\/\\\/hr.linkedin.com\\\/company\\\/radio-ljubuski\",\"https:\\\/\\\/www.youtube.com\\\/channel\\\/UCHYaeO_n0Db3tjNGudGpXyw\"]},{\"@type\":\"Person\",\"@id\":\"https:\\\/\\\/radioljubuski.ba\\\/#\\\/schema\\\/person\\\/19fc700381a780f69665d7956c469e3b\",\"name\":\"Radio Ljubu\u0161ki\"}]}<\/script>\n<!-- \/ Yoast SEO plugin. -->","yoast_head_json":{"title":"Zubak: Ma, kakvo snimanje terena, nije ova letjelica za to sposobna. Ovo je bila opomena, a znam i \u010diji je to potpis! - RADIO LJUBU\u0160KI","robots":{"index":"index","follow":"follow","max-snippet":"max-snippet:-1","max-image-preview":"max-image-preview:large","max-video-preview":"max-video-preview:-1"},"canonical":"https:\/\/radioljubuski.ba\/index.php\/2022\/03\/12\/zubak-ma-kakvo-snimanje-terena-nije-ova-letjelica-za-to-sposobna-ovo-je-bila-opomena-a-znam-i-ciji-je-to-potpis\/","og_locale":"hr_HR","og_type":"article","og_title":"Zubak: Ma, kakvo snimanje terena, nije ova letjelica za to sposobna. Ovo je bila opomena, a znam i \u010diji je to potpis! - RADIO LJUBU\u0160KI","og_description":"Nekada\u0161nji trgovac oru\u017ejem Zvonko Zubak gostovao je na N1 televiziji. Zubak ka\u017ee da je letjelica koja se sru\u0161ila u Zagrebu sama po sebi bezopasna, ali da je mogla napraviti puno \u0161tete da je situacija bila druga\u010dija ili da je pala na drugo mjesto. -Ona je mogla napraviti veliku \u0161tetu da je pala na zgradu ili [&hellip;]","og_url":"https:\/\/radioljubuski.ba\/index.php\/2022\/03\/12\/zubak-ma-kakvo-snimanje-terena-nije-ova-letjelica-za-to-sposobna-ovo-je-bila-opomena-a-znam-i-ciji-je-to-potpis\/","og_site_name":"RADIO LJUBU\u0160KI","article_publisher":"https:\/\/www.facebook.com\/Radiio-Ljubuski-1490835324566332","article_published_time":"2022-03-12T13:47:49+00:00","article_modified_time":"2022-03-12T13:47:50+00:00","og_image":[{"width":1000,"height":625,"url":"https:\/\/radioljubuski.ba\/wp-content\/uploads\/2022\/03\/2-2022-02-14-11-26-58-Zubak.jpg","type":"image\/jpeg"}],"author":"Radio Ljubu\u0161ki","twitter_card":"summary_large_image","twitter_creator":"@radioljubuski","twitter_site":"@radioljubuski","twitter_misc":{"Napisao\/la":"Radio Ljubu\u0161ki","Procijenjeno vrijeme \u010ditanja":"3 minute"},"schema":{"@context":"https:\/\/schema.org","@graph":[{"@type":"Article","@id":"https:\/\/radioljubuski.ba\/index.php\/2022\/03\/12\/zubak-ma-kakvo-snimanje-terena-nije-ova-letjelica-za-to-sposobna-ovo-je-bila-opomena-a-znam-i-ciji-je-to-potpis\/#article","isPartOf":{"@id":"https:\/\/radioljubuski.ba\/index.php\/2022\/03\/12\/zubak-ma-kakvo-snimanje-terena-nije-ova-letjelica-za-to-sposobna-ovo-je-bila-opomena-a-znam-i-ciji-je-to-potpis\/"},"author":{"name":"Radio Ljubu\u0161ki","@id":"https:\/\/radioljubuski.ba\/#\/schema\/person\/19fc700381a780f69665d7956c469e3b"},"headline":"Zubak: Ma, kakvo snimanje terena, nije ova letjelica za to sposobna. Ovo je bila opomena, a znam i \u010diji je to potpis!","datePublished":"2022-03-12T13:47:49+00:00","dateModified":"2022-03-12T13:47:50+00:00","mainEntityOfPage":{"@id":"https:\/\/radioljubuski.ba\/index.php\/2022\/03\/12\/zubak-ma-kakvo-snimanje-terena-nije-ova-letjelica-za-to-sposobna-ovo-je-bila-opomena-a-znam-i-ciji-je-to-potpis\/"},"wordCount":666,"publisher":{"@id":"https:\/\/radioljubuski.ba\/#organization"},"image":{"@id":"https:\/\/radioljubuski.ba\/index.php\/2022\/03\/12\/zubak-ma-kakvo-snimanje-terena-nije-ova-letjelica-za-to-sposobna-ovo-je-bila-opomena-a-znam-i-ciji-je-to-potpis\/#primaryimage"},"thumbnailUrl":"https:\/\/radioljubuski.ba\/wp-content\/uploads\/2022\/03\/2-2022-02-14-11-26-58-Zubak.jpg","articleSection":["BIH i regija"],"inLanguage":"hr"},{"@type":"WebPage","@id":"https:\/\/radioljubuski.ba\/index.php\/2022\/03\/12\/zubak-ma-kakvo-snimanje-terena-nije-ova-letjelica-za-to-sposobna-ovo-je-bila-opomena-a-znam-i-ciji-je-to-potpis\/","url":"https:\/\/radioljubuski.ba\/index.php\/2022\/03\/12\/zubak-ma-kakvo-snimanje-terena-nije-ova-letjelica-za-to-sposobna-ovo-je-bila-opomena-a-znam-i-ciji-je-to-potpis\/","name":"Zubak: Ma, kakvo snimanje terena, nije ova letjelica za to sposobna. Ovo je bila opomena, a znam i \u010diji je to potpis! - RADIO LJUBU\u0160KI","isPartOf":{"@id":"https:\/\/radioljubuski.ba\/#website"},"primaryImageOfPage":{"@id":"https:\/\/radioljubuski.ba\/index.php\/2022\/03\/12\/zubak-ma-kakvo-snimanje-terena-nije-ova-letjelica-za-to-sposobna-ovo-je-bila-opomena-a-znam-i-ciji-je-to-potpis\/#primaryimage"},"image":{"@id":"https:\/\/radioljubuski.ba\/index.php\/2022\/03\/12\/zubak-ma-kakvo-snimanje-terena-nije-ova-letjelica-za-to-sposobna-ovo-je-bila-opomena-a-znam-i-ciji-je-to-potpis\/#primaryimage"},"thumbnailUrl":"https:\/\/radioljubuski.ba\/wp-content\/uploads\/2022\/03\/2-2022-02-14-11-26-58-Zubak.jpg","datePublished":"2022-03-12T13:47:49+00:00","dateModified":"2022-03-12T13:47:50+00:00","breadcrumb":{"@id":"https:\/\/radioljubuski.ba\/index.php\/2022\/03\/12\/zubak-ma-kakvo-snimanje-terena-nije-ova-letjelica-za-to-sposobna-ovo-je-bila-opomena-a-znam-i-ciji-je-to-potpis\/#breadcrumb"},"inLanguage":"hr","potentialAction":[{"@type":"ReadAction","target":["https:\/\/radioljubuski.ba\/index.php\/2022\/03\/12\/zubak-ma-kakvo-snimanje-terena-nije-ova-letjelica-za-to-sposobna-ovo-je-bila-opomena-a-znam-i-ciji-je-to-potpis\/"]}]},{"@type":"ImageObject","inLanguage":"hr","@id":"https:\/\/radioljubuski.ba\/index.php\/2022\/03\/12\/zubak-ma-kakvo-snimanje-terena-nije-ova-letjelica-za-to-sposobna-ovo-je-bila-opomena-a-znam-i-ciji-je-to-potpis\/#primaryimage","url":"https:\/\/radioljubuski.ba\/wp-content\/uploads\/2022\/03\/2-2022-02-14-11-26-58-Zubak.jpg","contentUrl":"https:\/\/radioljubuski.ba\/wp-content\/uploads\/2022\/03\/2-2022-02-14-11-26-58-Zubak.jpg","width":1000,"height":625},{"@type":"BreadcrumbList","@id":"https:\/\/radioljubuski.ba\/index.php\/2022\/03\/12\/zubak-ma-kakvo-snimanje-terena-nije-ova-letjelica-za-to-sposobna-ovo-je-bila-opomena-a-znam-i-ciji-je-to-potpis\/#breadcrumb","itemListElement":[{"@type":"ListItem","position":1,"name":"Po\u010detna stranica","item":"https:\/\/radioljubuski.ba\/"},{"@type":"ListItem","position":2,"name":"Zubak: Ma, kakvo snimanje terena, nije ova letjelica za to sposobna. Ovo je bila opomena, a znam i \u010diji je to potpis!"}]},{"@type":"WebSite","@id":"https:\/\/radioljubuski.ba\/#website","url":"https:\/\/radioljubuski.ba\/","name":"Radio Ljubu\u0161ki","description":"Sun\u010dana frekvencija Hercegovine","publisher":{"@id":"https:\/\/radioljubuski.ba\/#organization"},"potentialAction":[{"@type":"SearchAction","target":{"@type":"EntryPoint","urlTemplate":"https:\/\/radioljubuski.ba\/?s={search_term_string}"},"query-input":{"@type":"PropertyValueSpecification","valueRequired":true,"valueName":"search_term_string"}}],"inLanguage":"hr"},{"@type":"Organization","@id":"https:\/\/radioljubuski.ba\/#organization","name":"Radio Ljubu\u0161ki","url":"https:\/\/radioljubuski.ba\/","logo":{"@type":"ImageObject","inLanguage":"hr","@id":"https:\/\/radioljubuski.ba\/#\/schema\/logo\/image\/","url":"https:\/\/radioljubuski.ba\/wp-content\/uploads\/2021\/02\/cropped-Radio_Ljubuski_logo1.jpg","contentUrl":"https:\/\/radioljubuski.ba\/wp-content\/uploads\/2021\/02\/cropped-Radio_Ljubuski_logo1.jpg","width":512,"height":512,"caption":"Radio Ljubu\u0161ki"},"image":{"@id":"https:\/\/radioljubuski.ba\/#\/schema\/logo\/image\/"},"sameAs":["https:\/\/www.facebook.com\/Radiio-Ljubuski-1490835324566332","https:\/\/x.com\/radioljubuski","https:\/\/hr.linkedin.com\/company\/radio-ljubuski","https:\/\/www.youtube.com\/channel\/UCHYaeO_n0Db3tjNGudGpXyw"]},{"@type":"Person","@id":"https:\/\/radioljubuski.ba\/#\/schema\/person\/19fc700381a780f69665d7956c469e3b","name":"Radio Ljubu\u0161ki"}]}},"_links":{"self":[{"href":"https:\/\/radioljubuski.ba\/index.php\/wp-json\/wp\/v2\/posts\/120781","targetHints":{"allow":["GET"]}}],"collection":[{"href":"https:\/\/radioljubuski.ba\/index.php\/wp-json\/wp\/v2\/posts"}],"about":[{"href":"https:\/\/radioljubuski.ba\/index.php\/wp-json\/wp\/v2\/types\/post"}],"author":[{"embeddable":true,"href":"https:\/\/radioljubuski.ba\/index.php\/wp-json\/wp\/v2\/users\/2"}],"replies":[{"embeddable":true,"href":"https:\/\/radioljubuski.ba\/index.php\/wp-json\/wp\/v2\/comments?post=120781"}],"version-history":[{"count":1,"href":"https:\/\/radioljubuski.ba\/index.php\/wp-json\/wp\/v2\/posts\/120781\/revisions"}],"predecessor-version":[{"id":120783,"href":"https:\/\/radioljubuski.ba\/index.php\/wp-json\/wp\/v2\/posts\/120781\/revisions\/120783"}],"wp:featuredmedia":[{"embeddable":true,"href":"https:\/\/radioljubuski.ba\/index.php\/wp-json\/wp\/v2\/media\/120782"}],"wp:attachment":[{"href":"https:\/\/radioljubuski.ba\/index.php\/wp-json\/wp\/v2\/media?parent=120781"}],"wp:term":[{"taxonomy":"category","embeddable":true,"href":"https:\/\/radioljubuski.ba\/index.php\/wp-json\/wp\/v2\/categories?post=120781"},{"taxonomy":"post_tag","embeddable":true,"href":"https:\/\/radioljubuski.ba\/index.php\/wp-json\/wp\/v2\/tags?post=120781"}],"curies":[{"name":"wp","href":"https:\/\/api.w.org\/{rel}","templated":true}]}}